{"id":26007,"date":"2024-08-25T11:14:09","date_gmt":"2024-08-25T09:14:09","guid":{"rendered":"https:\/\/radioleinewelle.de\/?p=26007"},"modified":"2024-08-25T11:14:10","modified_gmt":"2024-08-25T09:14:10","slug":"grosses-programm-beim-diesjaehrigen-groner-kirmes","status":"publish","type":"post","link":"https:\/\/radioleinewelle.de\/index.php\/2024\/08\/25\/grosses-programm-beim-diesjaehrigen-groner-kirmes\/","title":{"rendered":"Grosses Programm beim diesj\u00e4hrigen Groner Kirmes"},"content":{"rendered":"\n<p>Eine der letzten gro\u00dfen Kirmesveranstaltungen im G\u00f6ttinger Stadtgebiet j\u00e4hrt sich in diesem Jahr zu 151. Mal und die Groner Kirmes ARGE (bestehend aus den Vereinen \u201eWir f\u00fcr Grone\u201c und dem \u201eFeuerwehrverein Grone e.V.) haben wieder ein buntes Fest-Programm auf die Beine gestellt. An alle 4 Kirmestagen wird Gro\u00df und Klein so einiges geboten. Ein sch\u00f6n gestalteter Festplatz, verschiedene Fahrgesch\u00e4fte, Speis und Trank laden zu Verweilen in Grone ein.<\/p>\n\n\n\n<p>Gestartet wird am <strong>Kirmes-Freitag<\/strong> (30.08.24) um 19.00 Uhr mit dem Fackel- und Lampionumzug durch das Groner Altdorf. Leuchtende Kinderaugen mit teils selbstgebastelten Laternen werden begleitet durch den Spielmannszug Dransfeld. Gegen 22.00 Uhr tritt dann das Feuertheater \u201eSalto Luminale\u201c auf dem Festplatz auf. Der Festplatz ist ab ca. 16.30 h ge\u00f6ffnet<\/p>\n\n\n\n<p>Der <strong>Kirmes-Samstag<\/strong> (31.08.2024) startet um 14.00 Uhr mit dem gro\u00dfen Kinder- und Familien-Nachmittag. Der Allgemeine Rettungsverband Niedersachsen S\u00fcd (ARV) gestaltet das Kinder-Programm gemeinsam mit dem Team des Kinder- und Jugend Hospiz \u201eSternenlichter\u201c. Beide Organisationen halten so manche \u00dcberraschung f\u00fcr die Besucher bereit. Der Festplatz ist ebenfalls ge\u00f6ffnet.<\/p>\n\n\n\n<p>H\u00f6hepunkt am Abend ist dann das \u201eGroner Oktoberfest \u201emit der \u201eM\u00fcnchener Zwietrach \u2013 der popul\u00e4rsten Oktoberfestband der Welt\u201c, welche erstmals in G\u00f6ttingen auftritt und eine gro\u00dfe Fangemeinschaft f\u00fcr sich verzeichnen kann. Einlass ist ab 19 Uhr, Beginn 21.00 Uhr. Karten sind ab dem 07.08.2024 im Vorverkauf (Treffpunkt Andreas\u201c, Martin-Luther-Str. 8 in G\u00f6ttingen-Grone) f\u00fcr 19,- \u20ac zu erwerben oder Restkarten f\u00fcr 22,- \u20ac an der Abendkasse. Unmittelbar bevor die M\u00fcnchener Zwietracht das Festzelt rockt, wird die Groner Kirmes mit dem Fassbier-Anstich und der Proklamation des K\u00f6nigshauses er\u00f6ffnet. Auf der Aftershow-Party k\u00f6nnen dann die letzten Kraftreserven auf der Tanzfl\u00e4che ausgelebt werden.<\/p>\n\n\n\n<p>Der <strong>Kirmes-Sonntag <\/strong>(01.09.2024) beginnt um 11.00 Uhr mit dem \u201e\u00d6kumenischen Gottesdienst im Festzelt\u201c. Schon ab 13.00 Uhr treffen die ersten Teilnehmer des \u201eGro\u00dfen Groner Kirmes Umzug\u201c an der Martin-Luther-Stra\u00dfe ein, um ihren Platz im Umzug zu beziehen. Begleitet vom \u201eSpielmannszug Dransfeld\u201c, dem \u201eFanfarenzug Lindau\u201c, der \u201eSteel Grey 64 Pep and Marching Band\u201c, dem \u201eFanfarenzug Barbis\u201c, dem \u201eSchalmeienzug Osterhagen\u201c und den \u201eRed Stars Drum &amp; Bugle Corps\u201c starten wieder mehrere hundert Akteure von Groner Vereinen, Schule, Kinderg\u00e4rten und weiteren Institutionen durch die von zahlreichen Besuchern ges\u00e4umten Stra\u00dfen des Groner Altdorfes. Jede teilnehmende Gruppe hofft dabei darauf, einen der begehrten Preise f\u00fcr die beste Fu\u00df- oder Wagengruppe vom Ortsrat Grone zu erlangen. Gegen 15.30 Uhr spielen dann nochmal alle Musikz\u00fcge beim Festkonzert im Festzelt auf. Festplatz ist ge\u00f6ffnet.<br><\/p>\n\n\n\n\n\n<p>Mit dem \u201eTraditionellem Kirmesfr\u00fchst\u00fcck\u201c am <strong>Kirmes-Montag<\/strong> (02.09.2024) ist dann der vierte und zugleich letzte Veranstaltungstag angebrochen. Ab 10.00 Uhr k\u00f6nnen die Besucher beim gem\u00fctlichen Fr\u00fchst\u00fcck, einigen Redebeitr\u00e4ge auch der Pr\u00e4mierung der besten \u201eFu\u00df- und Wagengruppen\u201c des gestrigen Kirmes-Umzuges beiwohnen. Weiter werden an diesem Vormittag auch die Schie\u00dfpreise vom Groner Preisschie\u00dfen an die Teilnehmer ausgegeben. Im Verlauf des sp\u00e4ten Nachmittags endet dann die 151. \u201eGroner Kirmes 2024\u201c. Das diesj\u00e4hrige Preisschie\u00dfen, im Vorfeld der Groner Kirmes, geht in diesem Jahr neue Wege. Erstmals wird das K\u00f6nigshaus mit dem Luftgewehr ausgeschossen.\u00a0<\/p>\n\n\n\n<p>Ausrichter ist die Kyffh\u00e4user Kameradschaft G\u00f6ttingen 1872\/1994 e.V. mit Sitz in der Herbert-Quandt-Stra\u00dfe 20 in G\u00f6ttingen-Grone.<\/p>\n\n\n\n<p><strong>Fotos:<\/strong> Groner Kirmes ARGE<\/p>\n","protected":false},"excerpt":{"rendered":"<p>Eine der letzten gro\u00dfen Kirmesveranstaltungen im G\u00f6ttinger Stadtgebiet j\u00e4hrt sich in diesem Jahr zu 151. Mal und die Groner Kirmes ARGE (bestehend aus den Vereinen \u201eWir f\u00fcr Grone\u201c und dem \u201eFeuerwehrverein Grone e.V.) haben wieder ein buntes Fest-Programm auf die Beine gestellt. An alle 4 Kirmestagen wird Gro\u00df und Klein so einiges geboten. Ein sch\u00f6n [&hellip;]<\/p>\n","protected":false},"author":1,"featured_media":26010,"comment_status":"open","ping_status":"open","sticky":true,"template":"","format":"standard","meta":{"saved_in_kubio":false,"footnotes":""},"categories":[3255,52,41],"tags":[],"class_list":["post-26007","post","type-post","status-publish","format-standard","has-post-thumbnail","hentry","category-ehrenamtliches-engagement","category-freizeit","category-veranstaltungen"],"yoast_head":"<!-- This site is optimized with the Yoast SEO plugin v27.5 - https:\/\/yoast.com\/product\/yoast-seo-wordpress\/ -->\n<title>Grosses Programm beim diesj\u00e4hrigen Groner Kirmes - Radio Leinewelle<\/title>\n<meta name=\"robots\" content=\"index, follow, max-snippet:-1, max-image-preview:large, max-video-preview:-1\" \/>\n<link rel=\"canonical\" href=\"https:\/\/radioleinewelle.de\/index.php\/2024\/08\/25\/grosses-programm-beim-diesjaehrigen-groner-kirmes\/\" \/>\n<meta property=\"og:locale\" content=\"de_DE\" \/>\n<meta property=\"og:type\" content=\"article\" \/>\n<meta property=\"og:title\" content=\"Grosses Programm beim diesj\u00e4hrigen Groner Kirmes - Radio Leinewelle\" \/>\n<meta property=\"og:description\" content=\"Eine der letzten gro\u00dfen Kirmesveranstaltungen im G\u00f6ttinger Stadtgebiet j\u00e4hrt sich in diesem Jahr zu 151. Mal und die Groner Kirmes ARGE (bestehend aus den Vereinen \u201eWir f\u00fcr Grone\u201c und dem \u201eFeuerwehrverein Grone e.V.) haben wieder ein buntes Fest-Programm auf die Beine gestellt. An alle 4 Kirmestagen wird Gro\u00df und Klein so einiges geboten. Ein sch\u00f6n [&hellip;]\" \/>\n<meta property=\"og:url\" content=\"https:\/\/radioleinewelle.de\/index.php\/2024\/08\/25\/grosses-programm-beim-diesjaehrigen-groner-kirmes\/\" \/>\n<meta property=\"og:site_name\" content=\"Radio Leinewelle\" \/>\n<meta property=\"article:publisher\" content=\"https:\/\/www.facebook.com\/radioleinewelle\" \/>\n<meta property=\"article:author\" content=\"https:\/\/www.facebook.com\/radioleinewelle\" \/>\n<meta property=\"article:published_time\" content=\"2024-08-25T09:14:09+00:00\" \/>\n<meta property=\"article:modified_time\" content=\"2024-08-25T09:14:10+00:00\" \/>\n<meta property=\"og:image\" content=\"https:\/\/radioleinewelle.de\/wp-content\/uploads\/2024\/08\/Groner-Kirmes-Zelt-1-.jpg\" \/>\n\t<meta property=\"og:image:width\" content=\"1600\" \/>\n\t<meta property=\"og:image:height\" content=\"1200\" \/>\n\t<meta property=\"og:image:type\" content=\"image\/jpeg\" \/>\n<meta name=\"author\" content=\"Leinewelle\" \/>\n<meta name=\"twitter:card\" content=\"summary_large_image\" \/>\n<meta name=\"twitter:creator\" content=\"@https:\/\/twitter.com\/RLeinewelle?ref_src=twsrcgoogletwcampserptwgrauthor\" \/>\n<meta name=\"twitter:site\" content=\"@RLeinewelle\" \/>\n<meta name=\"twitter:label1\" content=\"Verfasst von\" \/>\n\t<meta name=\"twitter:data1\" content=\"Leinewelle\" \/>\n\t<meta name=\"twitter:label2\" content=\"Gesch\u00e4tzte Lesezeit\" \/>\n\t<meta name=\"twitter:data2\" content=\"3\u00a0Minuten\" \/>\n<script type=\"application\/ld+json\" class=\"yoast-schema-graph\">{\"@context\":\"https:\\\/\\\/schema.org\",\"@graph\":[{\"@type\":\"Article\",\"@id\":\"https:\\\/\\\/radioleinewelle.de\\\/index.php\\\/2024\\\/08\\\/25\\\/grosses-programm-beim-diesjaehrigen-groner-kirmes\\\/#article\",\"isPartOf\":{\"@id\":\"https:\\\/\\\/radioleinewelle.de\\\/index.php\\\/2024\\\/08\\\/25\\\/grosses-programm-beim-diesjaehrigen-groner-kirmes\\\/\"},\"author\":{\"name\":\"Leinewelle\",\"@id\":\"https:\\\/\\\/radioleinewelle.de\\\/#\\\/schema\\\/person\\\/45606f348637df637192dc1b68399a63\"},\"headline\":\"Grosses Programm beim diesj\u00e4hrigen Groner Kirmes\",\"datePublished\":\"2024-08-25T09:14:09+00:00\",\"dateModified\":\"2024-08-25T09:14:10+00:00\",\"mainEntityOfPage\":{\"@id\":\"https:\\\/\\\/radioleinewelle.de\\\/index.php\\\/2024\\\/08\\\/25\\\/grosses-programm-beim-diesjaehrigen-groner-kirmes\\\/\"},\"wordCount\":534,\"commentCount\":0,\"publisher\":{\"@id\":\"https:\\\/\\\/radioleinewelle.de\\\/#organization\"},\"image\":{\"@id\":\"https:\\\/\\\/radioleinewelle.de\\\/index.php\\\/2024\\\/08\\\/25\\\/grosses-programm-beim-diesjaehrigen-groner-kirmes\\\/#primaryimage\"},\"thumbnailUrl\":\"https:\\\/\\\/radioleinewelle.de\\\/wp-content\\\/uploads\\\/2024\\\/08\\\/Groner-Kirmes-Zelt-1-.jpg\",\"articleSection\":[\"Ehrenamtliches Engagement\",\"Freizeit\",\"Veranstaltungen\"],\"inLanguage\":\"de\",\"potentialAction\":[{\"@type\":\"CommentAction\",\"name\":\"Comment\",\"target\":[\"https:\\\/\\\/radioleinewelle.de\\\/index.php\\\/2024\\\/08\\\/25\\\/grosses-programm-beim-diesjaehrigen-groner-kirmes\\\/#respond\"]}]},{\"@type\":\"WebPage\",\"@id\":\"https:\\\/\\\/radioleinewelle.de\\\/index.php\\\/2024\\\/08\\\/25\\\/grosses-programm-beim-diesjaehrigen-groner-kirmes\\\/\",\"url\":\"https:\\\/\\\/radioleinewelle.de\\\/index.php\\\/2024\\\/08\\\/25\\\/grosses-programm-beim-diesjaehrigen-groner-kirmes\\\/\",\"name\":\"Grosses Programm beim diesj\u00e4hrigen Groner Kirmes - Radio Leinewelle\",\"isPartOf\":{\"@id\":\"https:\\\/\\\/radioleinewelle.de\\\/#website\"},\"primaryImageOfPage\":{\"@id\":\"https:\\\/\\\/radioleinewelle.de\\\/index.php\\\/2024\\\/08\\\/25\\\/grosses-programm-beim-diesjaehrigen-groner-kirmes\\\/#primaryimage\"},\"image\":{\"@id\":\"https:\\\/\\\/radioleinewelle.de\\\/index.php\\\/2024\\\/08\\\/25\\\/grosses-programm-beim-diesjaehrigen-groner-kirmes\\\/#primaryimage\"},\"thumbnailUrl\":\"https:\\\/\\\/radioleinewelle.de\\\/wp-content\\\/uploads\\\/2024\\\/08\\\/Groner-Kirmes-Zelt-1-.jpg\",\"datePublished\":\"2024-08-25T09:14:09+00:00\",\"dateModified\":\"2024-08-25T09:14:10+00:00\",\"breadcrumb\":{\"@id\":\"https:\\\/\\\/radioleinewelle.de\\\/index.php\\\/2024\\\/08\\\/25\\\/grosses-programm-beim-diesjaehrigen-groner-kirmes\\\/#breadcrumb\"},\"inLanguage\":\"de\",\"potentialAction\":[{\"@type\":\"ReadAction\",\"target\":[\"https:\\\/\\\/radioleinewelle.de\\\/index.php\\\/2024\\\/08\\\/25\\\/grosses-programm-beim-diesjaehrigen-groner-kirmes\\\/\"]}]},{\"@type\":\"ImageObject\",\"inLanguage\":\"de\",\"@id\":\"https:\\\/\\\/radioleinewelle.de\\\/index.php\\\/2024\\\/08\\\/25\\\/grosses-programm-beim-diesjaehrigen-groner-kirmes\\\/#primaryimage\",\"url\":\"https:\\\/\\\/radioleinewelle.de\\\/wp-content\\\/uploads\\\/2024\\\/08\\\/Groner-Kirmes-Zelt-1-.jpg\",\"contentUrl\":\"https:\\\/\\\/radioleinewelle.de\\\/wp-content\\\/uploads\\\/2024\\\/08\\\/Groner-Kirmes-Zelt-1-.jpg\",\"width\":1600,\"height\":1200},{\"@type\":\"BreadcrumbList\",\"@id\":\"https:\\\/\\\/radioleinewelle.de\\\/index.php\\\/2024\\\/08\\\/25\\\/grosses-programm-beim-diesjaehrigen-groner-kirmes\\\/#breadcrumb\",\"itemListElement\":[{\"@type\":\"ListItem\",\"position\":1,\"name\":\"Startseite\",\"item\":\"https:\\\/\\\/radioleinewelle.de\\\/\"},{\"@type\":\"ListItem\",\"position\":2,\"name\":\"Grosses Programm beim diesj\u00e4hrigen Groner Kirmes\"}]},{\"@type\":\"WebSite\",\"@id\":\"https:\\\/\\\/radioleinewelle.de\\\/#website\",\"url\":\"https:\\\/\\\/radioleinewelle.de\\\/\",\"name\":\"Radio Leinewelle\",\"description\":\"\",\"publisher\":{\"@id\":\"https:\\\/\\\/radioleinewelle.de\\\/#organization\"},\"potentialAction\":[{\"@type\":\"SearchAction\",\"target\":{\"@type\":\"EntryPoint\",\"urlTemplate\":\"https:\\\/\\\/radioleinewelle.de\\\/?s={search_term_string}\"},\"query-input\":{\"@type\":\"PropertyValueSpecification\",\"valueRequired\":true,\"valueName\":\"search_term_string\"}}],\"inLanguage\":\"de\"},{\"@type\":\"Organization\",\"@id\":\"https:\\\/\\\/radioleinewelle.de\\\/#organization\",\"name\":\"Radio Leinewelle\",\"alternateName\":\"Mein Radio f\u00fcr S\u00fcdniedersachsen\",\"url\":\"https:\\\/\\\/radioleinewelle.de\\\/\",\"logo\":{\"@type\":\"ImageObject\",\"inLanguage\":\"de\",\"@id\":\"https:\\\/\\\/radioleinewelle.de\\\/#\\\/schema\\\/logo\\\/image\\\/\",\"url\":\"https:\\\/\\\/radioleinewelle.de\\\/wp-content\\\/uploads\\\/2023\\\/11\\\/cropped-Leinewelle_Logo_weiss.png\",\"contentUrl\":\"https:\\\/\\\/radioleinewelle.de\\\/wp-content\\\/uploads\\\/2023\\\/11\\\/cropped-Leinewelle_Logo_weiss.png\",\"width\":854,\"height\":260,\"caption\":\"Radio Leinewelle\"},\"image\":{\"@id\":\"https:\\\/\\\/radioleinewelle.de\\\/#\\\/schema\\\/logo\\\/image\\\/\"},\"sameAs\":[\"https:\\\/\\\/www.facebook.com\\\/radioleinewelle\",\"https:\\\/\\\/x.com\\\/RLeinewelle\",\"https:\\\/\\\/www.instagram.com\\\/radioleinewelle\\\/?hl=de\"]},{\"@type\":\"Person\",\"@id\":\"https:\\\/\\\/radioleinewelle.de\\\/#\\\/schema\\\/person\\\/45606f348637df637192dc1b68399a63\",\"name\":\"Leinewelle\",\"image\":{\"@type\":\"ImageObject\",\"inLanguage\":\"de\",\"@id\":\"https:\\\/\\\/secure.gravatar.com\\\/avatar\\\/05c9a17bc973052ee5d91549bd32fb4dd0dc85b7b85ae94b2e2b4943476bbea5?s=96&d=blank&r=g\",\"url\":\"https:\\\/\\\/secure.gravatar.com\\\/avatar\\\/05c9a17bc973052ee5d91549bd32fb4dd0dc85b7b85ae94b2e2b4943476bbea5?s=96&d=blank&r=g\",\"contentUrl\":\"https:\\\/\\\/secure.gravatar.com\\\/avatar\\\/05c9a17bc973052ee5d91549bd32fb4dd0dc85b7b85ae94b2e2b4943476bbea5?s=96&d=blank&r=g\",\"caption\":\"Leinewelle\"},\"sameAs\":[\"http:\\\/\\\/localhost\\\/radio%20leinewelle\\\/wordpress\",\"https:\\\/\\\/www.facebook.com\\\/radioleinewelle\",\"https:\\\/\\\/www.instagram.com\\\/radioleinewelle\",\"https:\\\/\\\/x.com\\\/https:\\\/\\\/twitter.com\\\/RLeinewelle?ref_src=twsrcgoogletwcampserptwgrauthor\",\"https:\\\/\\\/soundcloud.com\\\/foerderverein-lokalradio?utm_source=clipboard&utm_medium=text&utm_campaign=social_sharing\"],\"url\":\"https:\\\/\\\/radioleinewelle.de\\\/index.php\\\/author\\\/leinewelle\\\/\"}]}<\/script>\n<!-- \/ Yoast SEO plugin. -->","yoast_head_json":{"title":"Grosses Programm beim diesj\u00e4hrigen Groner Kirmes - Radio Leinewelle","robots":{"index":"index","follow":"follow","max-snippet":"max-snippet:-1","max-image-preview":"max-image-preview:large","max-video-preview":"max-video-preview:-1"},"canonical":"https:\/\/radioleinewelle.de\/index.php\/2024\/08\/25\/grosses-programm-beim-diesjaehrigen-groner-kirmes\/","og_locale":"de_DE","og_type":"article","og_title":"Grosses Programm beim diesj\u00e4hrigen Groner Kirmes - Radio Leinewelle","og_description":"Eine der letzten gro\u00dfen Kirmesveranstaltungen im G\u00f6ttinger Stadtgebiet j\u00e4hrt sich in diesem Jahr zu 151. Mal und die Groner Kirmes ARGE (bestehend aus den Vereinen \u201eWir f\u00fcr Grone\u201c und dem \u201eFeuerwehrverein Grone e.V.) haben wieder ein buntes Fest-Programm auf die Beine gestellt. An alle 4 Kirmestagen wird Gro\u00df und Klein so einiges geboten. Ein sch\u00f6n [&hellip;]","og_url":"https:\/\/radioleinewelle.de\/index.php\/2024\/08\/25\/grosses-programm-beim-diesjaehrigen-groner-kirmes\/","og_site_name":"Radio Leinewelle","article_publisher":"https:\/\/www.facebook.com\/radioleinewelle","article_author":"https:\/\/www.facebook.com\/radioleinewelle","article_published_time":"2024-08-25T09:14:09+00:00","article_modified_time":"2024-08-25T09:14:10+00:00","og_image":[{"width":1600,"height":1200,"url":"https:\/\/radioleinewelle.de\/wp-content\/uploads\/2024\/08\/Groner-Kirmes-Zelt-1-.jpg","type":"image\/jpeg"}],"author":"Leinewelle","twitter_card":"summary_large_image","twitter_creator":"@https:\/\/twitter.com\/RLeinewelle?ref_src=twsrcgoogletwcampserptwgrauthor","twitter_site":"@RLeinewelle","twitter_misc":{"Verfasst von":"Leinewelle","Gesch\u00e4tzte Lesezeit":"3\u00a0Minuten"},"schema":{"@context":"https:\/\/schema.org","@graph":[{"@type":"Article","@id":"https:\/\/radioleinewelle.de\/index.php\/2024\/08\/25\/grosses-programm-beim-diesjaehrigen-groner-kirmes\/#article","isPartOf":{"@id":"https:\/\/radioleinewelle.de\/index.php\/2024\/08\/25\/grosses-programm-beim-diesjaehrigen-groner-kirmes\/"},"author":{"name":"Leinewelle","@id":"https:\/\/radioleinewelle.de\/#\/schema\/person\/45606f348637df637192dc1b68399a63"},"headline":"Grosses Programm beim diesj\u00e4hrigen Groner Kirmes","datePublished":"2024-08-25T09:14:09+00:00","dateModified":"2024-08-25T09:14:10+00:00","mainEntityOfPage":{"@id":"https:\/\/radioleinewelle.de\/index.php\/2024\/08\/25\/grosses-programm-beim-diesjaehrigen-groner-kirmes\/"},"wordCount":534,"commentCount":0,"publisher":{"@id":"https:\/\/radioleinewelle.de\/#organization"},"image":{"@id":"https:\/\/radioleinewelle.de\/index.php\/2024\/08\/25\/grosses-programm-beim-diesjaehrigen-groner-kirmes\/#primaryimage"},"thumbnailUrl":"https:\/\/radioleinewelle.de\/wp-content\/uploads\/2024\/08\/Groner-Kirmes-Zelt-1-.jpg","articleSection":["Ehrenamtliches Engagement","Freizeit","Veranstaltungen"],"inLanguage":"de","potentialAction":[{"@type":"CommentAction","name":"Comment","target":["https:\/\/radioleinewelle.de\/index.php\/2024\/08\/25\/grosses-programm-beim-diesjaehrigen-groner-kirmes\/#respond"]}]},{"@type":"WebPage","@id":"https:\/\/radioleinewelle.de\/index.php\/2024\/08\/25\/grosses-programm-beim-diesjaehrigen-groner-kirmes\/","url":"https:\/\/radioleinewelle.de\/index.php\/2024\/08\/25\/grosses-programm-beim-diesjaehrigen-groner-kirmes\/","name":"Grosses Programm beim diesj\u00e4hrigen Groner Kirmes - Radio Leinewelle","isPartOf":{"@id":"https:\/\/radioleinewelle.de\/#website"},"primaryImageOfPage":{"@id":"https:\/\/radioleinewelle.de\/index.php\/2024\/08\/25\/grosses-programm-beim-diesjaehrigen-groner-kirmes\/#primaryimage"},"image":{"@id":"https:\/\/radioleinewelle.de\/index.php\/2024\/08\/25\/grosses-programm-beim-diesjaehrigen-groner-kirmes\/#primaryimage"},"thumbnailUrl":"https:\/\/radioleinewelle.de\/wp-content\/uploads\/2024\/08\/Groner-Kirmes-Zelt-1-.jpg","datePublished":"2024-08-25T09:14:09+00:00","dateModified":"2024-08-25T09:14:10+00:00","breadcrumb":{"@id":"https:\/\/radioleinewelle.de\/index.php\/2024\/08\/25\/grosses-programm-beim-diesjaehrigen-groner-kirmes\/#breadcrumb"},"inLanguage":"de","potentialAction":[{"@type":"ReadAction","target":["https:\/\/radioleinewelle.de\/index.php\/2024\/08\/25\/grosses-programm-beim-diesjaehrigen-groner-kirmes\/"]}]},{"@type":"ImageObject","inLanguage":"de","@id":"https:\/\/radioleinewelle.de\/index.php\/2024\/08\/25\/grosses-programm-beim-diesjaehrigen-groner-kirmes\/#primaryimage","url":"https:\/\/radioleinewelle.de\/wp-content\/uploads\/2024\/08\/Groner-Kirmes-Zelt-1-.jpg","contentUrl":"https:\/\/radioleinewelle.de\/wp-content\/uploads\/2024\/08\/Groner-Kirmes-Zelt-1-.jpg","width":1600,"height":1200},{"@type":"BreadcrumbList","@id":"https:\/\/radioleinewelle.de\/index.php\/2024\/08\/25\/grosses-programm-beim-diesjaehrigen-groner-kirmes\/#breadcrumb","itemListElement":[{"@type":"ListItem","position":1,"name":"Startseite","item":"https:\/\/radioleinewelle.de\/"},{"@type":"ListItem","position":2,"name":"Grosses Programm beim diesj\u00e4hrigen Groner Kirmes"}]},{"@type":"WebSite","@id":"https:\/\/radioleinewelle.de\/#website","url":"https:\/\/radioleinewelle.de\/","name":"Radio Leinewelle","description":"","publisher":{"@id":"https:\/\/radioleinewelle.de\/#organization"},"potentialAction":[{"@type":"SearchAction","target":{"@type":"EntryPoint","urlTemplate":"https:\/\/radioleinewelle.de\/?s={search_term_string}"},"query-input":{"@type":"PropertyValueSpecification","valueRequired":true,"valueName":"search_term_string"}}],"inLanguage":"de"},{"@type":"Organization","@id":"https:\/\/radioleinewelle.de\/#organization","name":"Radio Leinewelle","alternateName":"Mein Radio f\u00fcr S\u00fcdniedersachsen","url":"https:\/\/radioleinewelle.de\/","logo":{"@type":"ImageObject","inLanguage":"de","@id":"https:\/\/radioleinewelle.de\/#\/schema\/logo\/image\/","url":"https:\/\/radioleinewelle.de\/wp-content\/uploads\/2023\/11\/cropped-Leinewelle_Logo_weiss.png","contentUrl":"https:\/\/radioleinewelle.de\/wp-content\/uploads\/2023\/11\/cropped-Leinewelle_Logo_weiss.png","width":854,"height":260,"caption":"Radio Leinewelle"},"image":{"@id":"https:\/\/radioleinewelle.de\/#\/schema\/logo\/image\/"},"sameAs":["https:\/\/www.facebook.com\/radioleinewelle","https:\/\/x.com\/RLeinewelle","https:\/\/www.instagram.com\/radioleinewelle\/?hl=de"]},{"@type":"Person","@id":"https:\/\/radioleinewelle.de\/#\/schema\/person\/45606f348637df637192dc1b68399a63","name":"Leinewelle","image":{"@type":"ImageObject","inLanguage":"de","@id":"https:\/\/secure.gravatar.com\/avatar\/05c9a17bc973052ee5d91549bd32fb4dd0dc85b7b85ae94b2e2b4943476bbea5?s=96&d=blank&r=g","url":"https:\/\/secure.gravatar.com\/avatar\/05c9a17bc973052ee5d91549bd32fb4dd0dc85b7b85ae94b2e2b4943476bbea5?s=96&d=blank&r=g","contentUrl":"https:\/\/secure.gravatar.com\/avatar\/05c9a17bc973052ee5d91549bd32fb4dd0dc85b7b85ae94b2e2b4943476bbea5?s=96&d=blank&r=g","caption":"Leinewelle"},"sameAs":["http:\/\/localhost\/radio%20leinewelle\/wordpress","https:\/\/www.facebook.com\/radioleinewelle","https:\/\/www.instagram.com\/radioleinewelle","https:\/\/x.com\/https:\/\/twitter.com\/RLeinewelle?ref_src=twsrcgoogletwcampserptwgrauthor","https:\/\/soundcloud.com\/foerderverein-lokalradio?utm_source=clipboard&utm_medium=text&utm_campaign=social_sharing"],"url":"https:\/\/radioleinewelle.de\/index.php\/author\/leinewelle\/"}]}},"_links":{"self":[{"href":"https:\/\/radioleinewelle.de\/index.php\/wp-json\/wp\/v2\/posts\/26007","targetHints":{"allow":["GET"]}}],"collection":[{"href":"https:\/\/radioleinewelle.de\/index.php\/wp-json\/wp\/v2\/posts"}],"about":[{"href":"https:\/\/radioleinewelle.de\/index.php\/wp-json\/wp\/v2\/types\/post"}],"author":[{"embeddable":true,"href":"https:\/\/radioleinewelle.de\/index.php\/wp-json\/wp\/v2\/users\/1"}],"replies":[{"embeddable":true,"href":"https:\/\/radioleinewelle.de\/index.php\/wp-json\/wp\/v2\/comments?post=26007"}],"version-history":[{"count":5,"href":"https:\/\/radioleinewelle.de\/index.php\/wp-json\/wp\/v2\/posts\/26007\/revisions"}],"predecessor-version":[{"id":26014,"href":"https:\/\/radioleinewelle.de\/index.php\/wp-json\/wp\/v2\/posts\/26007\/revisions\/26014"}],"wp:featuredmedia":[{"embeddable":true,"href":"https:\/\/radioleinewelle.de\/index.php\/wp-json\/wp\/v2\/media\/26010"}],"wp:attachment":[{"href":"https:\/\/radioleinewelle.de\/index.php\/wp-json\/wp\/v2\/media?parent=26007"}],"wp:term":[{"taxonomy":"category","embeddable":true,"href":"https:\/\/radioleinewelle.de\/index.php\/wp-json\/wp\/v2\/categories?post=26007"},{"taxonomy":"post_tag","embeddable":true,"href":"https:\/\/radioleinewelle.de\/index.php\/wp-json\/wp\/v2\/tags?post=26007"}],"curies":[{"name":"wp","href":"https:\/\/api.w.org\/{rel}","templated":true}]}}