{"id":26031,"date":"2024-08-26T08:11:15","date_gmt":"2024-08-26T06:11:15","guid":{"rendered":"https:\/\/radioleinewelle.de\/?p=26031"},"modified":"2024-08-26T08:14:58","modified_gmt":"2024-08-26T06:14:58","slug":"mira-der-mitmachraum-goettinger-initiativen-eroeffnet-heute-in-der-innnenstadt","status":"publish","type":"post","link":"https:\/\/radioleinewelle.de\/index.php\/2024\/08\/26\/mira-der-mitmachraum-goettinger-initiativen-eroeffnet-heute-in-der-innnenstadt\/","title":{"rendered":"Mira! &#8211; der &#8222;Mitmachraum&#8220; G\u00f6ttinger Initiativen  er\u00f6ffnet heute in der Innnenstadt"},"content":{"rendered":"\n<p> Es tut sich was am Nabel\u2026 Das\u00a0<strong>Entwicklungspolitische Informationszentrum (EPIZ) und das Kommunikations- und Aktionszentrum (KAZ e.V.)<\/strong>\u00a0er\u00f6ffnen am\u00a0<strong>26.08. um 17 Uhr mira!<\/strong>, einen Mitmachraum f\u00fcr nachhaltigen Konsum, globale Gerechtigkeit und Engagement in der Weender Stra\u00dfe 56. Bis zum 01.10. stehen die 17 weltweiten Nachhaltigkeitsziele, Demokratie und Begegnung im Mittelpunkt des ehemaligen\u00a0<a href=\"http:\/\/hut.de\/\">hut.de<\/a>-Ladens.\u00a0<\/p>\n\n\n\n<p>\u201eWir m\u00f6chten gesellschaftlich wichtige Themen in die Innenstadt bringen und&nbsp;<strong>Menschen zum Dialog einladen<\/strong>, quasi im Vorbeigehen\u201c, sagt Anja Belz vom EPIZ. \u201eWie k\u00f6nnen wir nachhaltiger konsumieren? Was steckt in unseren Konsumg\u00fctern? Was bedeutet Demokratie f\u00fcr uns? Wo und wie k\u00f6nnen wir uns engagieren? Und wie k\u00f6nnen wir Br\u00fccken bauen und miteinander ins Gespr\u00e4ch kommen? Dies ist unser Anliegen, mit dem wir neue Zielgruppen in der Innenstadt erreichen m\u00f6chten.\u201c<br><\/p>\n\n\n\n<p>Mira! geh\u00f6rt zum Projekt&nbsp;<strong>&#8222;Sustainable jetzt! 17 Ziele f\u00fcr ein gutes Leben&#8220; des EPIZ G\u00f6ttingen<\/strong>&nbsp;und wird in&nbsp;<strong>Kooperation mit dem KAZ e.V.<\/strong>&nbsp;durchgef\u00fchrt. Andere Initiativen und Vereine wie das Weltladencaf\u00e9, das Migrationszentrum f\u00fcr Stadt und Landkreis G\u00f6ttingen, die Freiwilligenagentur G\u00f6ttingen, der Caritasverband, Amnesty International, das boat people projekt, das BLAB und der Stadtsportbund sind als Nutzer*innen mit Veranstaltungen und Aktionen dabei.<\/p>\n\n\n\n<p>\u201eWir haben viele engagierte Gruppen eingeladen, sich und ihre Themen im mira! zu pr\u00e4sentieren. Dadurch sind&nbsp;<strong>neue Netzwerke<\/strong>&nbsp;entstanden, Kr\u00e4fte werden geb\u00fcndelt. Das Programm spiegelt die Vielfalt der Mitstreiter*innen wider und spannt einen weiten Themenbogen, der viele Menschen ansprechen soll\u201c, erg\u00e4nzt Anne Moldenhauer vom KAZ e.V..<\/p>\n\n\n\n<p>Das Projekt m\u00f6chte Erfahrungen sammeln mit einer&nbsp;<strong>alternativen Nutzung von leerstehenden Ladenlokalen<\/strong>&nbsp;in der Innenstadt. \u201eIn anderen St\u00e4dten gibt es bereits \u00e4hnliche Initiativen. Wir brauchen neue Nutzungsideen f\u00fcr Leerst\u00e4nde in Innenst\u00e4dten jenseits von Konsumangeboten\u201c, erl\u00e4utert Regina Begander vom EPIZ. F\u00fcr die vor\u00fcbergehende Nutzung des Ladens konnten EPIZ und KAZ e.V. Projektf\u00f6rderungen einwerben.&nbsp;<\/p>\n\n\n\n<p>Mira! ist&nbsp;<strong>montags bis freitags von 15 bis 18 Uhr und samstags von 11 bis 14 Uhr<\/strong>&nbsp;sowie zu weiteren Veranstaltungszeiten (s. Kalender&nbsp;<a href=\"https:\/\/sustainable-jetzt.de\/mira.html\">https:\/\/sustainable-jetzt.de\/mira.html<\/a>) ge\u00f6ffnet. Alle Angebote sind kostenfrei.<\/p>\n\n\n\n<p>Das Programm beginnt mit der&nbsp;<strong>Er\u00f6ffnung am Montag, 26.08. um 17 Uhr<\/strong>&nbsp;mit Musik und Texten von Mauricio Soto und dem Weltverteilungsspiel mit einer Bildungsreferentin f\u00fcr Globales Lernen.<\/p>\n\n\n\n<p><strong>Fragen zu nachhaltigem Konsum<\/strong>&nbsp;werden an ausgew\u00e4hlten Beispielen vom Projekt \u201eSustainable jetzt!\u201c diskutiert: am&nbsp;Donnerstag, 29.08. geht es um Naturkosmetik ohne Plastik, am Freitag, 6.9. um \u201eGlimmer -alles gut was gl\u00e4nzt\u201c und am Samstag, 14.09. um nachhaltigen Kakaokonsum, Siegel und Fairen Handel mit Kakao. Das BLAB l\u00e4dt am Mittwoch, 11.9. zu einer Entdeckertour im Einkaufskorb ein.<\/p>\n\n\n\n<p>\u201eWir beteiligen uns am Montag, 02.09. mit einem Filmgespr\u00e4ch und zeigen&nbsp;<strong>Green Border<\/strong>, einen Film, der die Situation Gefl\u00fcchteter an der polnisch-belarussischen Grenze beschreibt\u201c, sagt Indira Khalikova vom Migrationszentrum f\u00fcr Stadt und Landkreis G\u00f6ttingen. \u201eUnd am Freitag, 30.08. sind wir mit dem interkulturellen Frauentreff zu Gast im mira! und zeigen einander, wie wir Kinderkleidung reparieren k\u00f6nnen statt sie wegzuwerfen.\u201c<\/p>\n\n\n\n<p>Junge Menschen \u00fcber verschiedene&nbsp;<strong>Freiwilligendienste<\/strong>&nbsp;(FSJ, F\u00d6J, F\u00d6J im Sport und weltw\u00e4rts) zu informieren, ist das Ziel der Freiwilligenagentur am Dienstag, 3.9.. Zusammen mit dem Stadtsportbund als Tr\u00e4ger von Freiwilligendiensten werden die Programme vorgestellt. \u201eDas Freiwillige Jahr ist bei vielen jungen Leuten noch gar nicht bekannt, wir m\u00f6chten daher Sch\u00fcler*innen \u00fcber diese M\u00f6glichkeit des Engagements nach der Schule informieren\u201c, sagt Dagmar Pairan von der Freiwilligen-Agentur.<\/p>\n\n\n\n<p>KAZ e.V. beteiligt sich mit zahlreichen Kunst-, Foto- und Mitmachaktionen und stellt das Thema&nbsp;<strong>Demokratie und Engagement<\/strong>&nbsp;in den Mittelpunkt. Demokratie im Fokus ist eine Fotoaktion am 9.9. bei der sich Passant*innen zum Thema Demokratie in Szene setzen k\u00f6nnen. Am 10. und 17. 9. kann in der Kreativwerkstatt Demokratie k\u00fcnstlerisch dargestellt werden. Dar\u00fcber hinaus laden KAZ Gruppen mit Tanzen und Singen zum Mitmachen ein. After Work Workshops zu Themen Begegnung und Spekulieren \u2013 Reflektieren stehen ebenfalls auf dem Programm.<\/p>\n\n\n\n<p>Am 21.09. zeigt das Projekt \u201eSustainable jetzt!\u201c eine&nbsp;<strong>Tanzperformance&nbsp;<\/strong>zum Thema Wasser. Bereits am Mittwoch, 28.08. ist das&nbsp;<strong>Objekttheaterst\u00fcck \u201eSTELL DIR VOR &#8211; Auf der Suche nach dem Frieden\u201c<\/strong>&nbsp;des boat people projekts zu sehen, hierf\u00fcr ist wegen begrenzter Pl\u00e4tze eine Anmeldung bei&nbsp;<a href=\"mailto:belz@epiz-goettingen.de\">belz@epiz-goettingen.de<\/a>&nbsp;erforderlich.&nbsp;<\/p>\n\n\n\n<p>Ein weiteres Highlight sind die&nbsp;<strong>G\u00e4ste aus der Dominkanischen Republik<\/strong>, die zur Er\u00f6ffnung der Fairen Woche in G\u00f6ttingen sein werden. Rossy Then Tejada und Marisol Villar Batista von der&nbsp;<strong>Kakaokooperative COOPROAGRO<\/strong>&nbsp;berichten vom 13. \u2013 15.9. in Vortr\u00e4gen, Diskussionen und direkten Gespr\u00e4chen \u00fcber den Kakaoanbau in ihrem Land und die Auswirkungen des Klimawandels auf Produktion und Vermarktung.&nbsp;<\/p>\n\n\n\n<p>Den&nbsp;<strong>vollst\u00e4ndigen Veranstaltungsk<\/strong><\/p>\n","protected":false},"excerpt":{"rendered":"<p>Es tut sich was am Nabel\u2026 Das\u00a0Entwicklungspolitische Informationszentrum (EPIZ) und das Kommunikations- und Aktionszentrum (KAZ e.V.)\u00a0er\u00f6ffnen am\u00a026.08. um 17 Uhr mira!, einen Mitmachraum f\u00fcr nachhaltigen Konsum, globale Gerechtigkeit und Engagement in der Weender Stra\u00dfe 56. Bis zum 01.10. stehen die 17 weltweiten Nachhaltigkeitsziele, Demokratie und Begegnung im Mittelpunkt des ehemaligen\u00a0hut.de-Ladens.\u00a0 \u201eWir m\u00f6chten gesellschaftlich wichtige Themen [&hellip;]<\/p>\n","protected":false},"author":1,"featured_media":26034,"comment_status":"open","ping_status":"open","sticky":true,"template":"","format":"standard","meta":{"saved_in_kubio":false,"footnotes":""},"categories":[1],"tags":[],"class_list":["post-26031","post","type-post","status-publish","format-standard","has-post-thumbnail","hentry","category-allgemein"],"yoast_head":"<!-- This site is optimized with the Yoast SEO plugin v27.5 - https:\/\/yoast.com\/product\/yoast-seo-wordpress\/ -->\n<title>Mira! - der &quot;Mitmachraum&quot; G\u00f6ttinger Initiativen er\u00f6ffnet heute in der Innnenstadt - Radio Leinewelle<\/title>\n<meta name=\"robots\" content=\"index, follow, max-snippet:-1, max-image-preview:large, max-video-preview:-1\" \/>\n<link rel=\"canonical\" href=\"https:\/\/radioleinewelle.de\/index.php\/2024\/08\/26\/mira-der-mitmachraum-goettinger-initiativen-eroeffnet-heute-in-der-innnenstadt\/\" \/>\n<meta property=\"og:locale\" content=\"de_DE\" \/>\n<meta property=\"og:type\" content=\"article\" \/>\n<meta property=\"og:title\" content=\"Mira! - der &quot;Mitmachraum&quot; G\u00f6ttinger Initiativen er\u00f6ffnet heute in der Innnenstadt - Radio Leinewelle\" \/>\n<meta property=\"og:description\" content=\"Es tut sich was am Nabel\u2026 Das\u00a0Entwicklungspolitische Informationszentrum (EPIZ) und das Kommunikations- und Aktionszentrum (KAZ e.V.)\u00a0er\u00f6ffnen am\u00a026.08. um 17 Uhr mira!, einen Mitmachraum f\u00fcr nachhaltigen Konsum, globale Gerechtigkeit und Engagement in der Weender Stra\u00dfe 56. Bis zum 01.10. stehen die 17 weltweiten Nachhaltigkeitsziele, Demokratie und Begegnung im Mittelpunkt des ehemaligen\u00a0hut.de-Ladens.\u00a0 \u201eWir m\u00f6chten gesellschaftlich wichtige Themen [&hellip;]\" \/>\n<meta property=\"og:url\" content=\"https:\/\/radioleinewelle.de\/index.php\/2024\/08\/26\/mira-der-mitmachraum-goettinger-initiativen-eroeffnet-heute-in-der-innnenstadt\/\" \/>\n<meta property=\"og:site_name\" content=\"Radio Leinewelle\" \/>\n<meta property=\"article:publisher\" content=\"https:\/\/www.facebook.com\/radioleinewelle\" \/>\n<meta property=\"article:author\" content=\"https:\/\/www.facebook.com\/radioleinewelle\" \/>\n<meta property=\"article:published_time\" content=\"2024-08-26T06:11:15+00:00\" \/>\n<meta property=\"article:modified_time\" content=\"2024-08-26T06:14:58+00:00\" \/>\n<meta property=\"og:image\" content=\"https:\/\/radioleinewelle.de\/wp-content\/uploads\/2024\/08\/Mira-Team-e1724652748625.jpg\" \/>\n\t<meta property=\"og:image:width\" content=\"1000\" \/>\n\t<meta property=\"og:image:height\" content=\"630\" \/>\n\t<meta property=\"og:image:type\" content=\"image\/jpeg\" \/>\n<meta name=\"author\" content=\"Leinewelle\" \/>\n<meta name=\"twitter:card\" content=\"summary_large_image\" \/>\n<meta name=\"twitter:creator\" content=\"@https:\/\/twitter.com\/RLeinewelle?ref_src=twsrcgoogletwcampserptwgrauthor\" \/>\n<meta name=\"twitter:site\" content=\"@RLeinewelle\" \/>\n<meta name=\"twitter:label1\" content=\"Verfasst von\" \/>\n\t<meta name=\"twitter:data1\" content=\"Leinewelle\" \/>\n\t<meta name=\"twitter:label2\" content=\"Gesch\u00e4tzte Lesezeit\" \/>\n\t<meta name=\"twitter:data2\" content=\"5\u00a0Minuten\" \/>\n<script type=\"application\/ld+json\" class=\"yoast-schema-graph\">{\"@context\":\"https:\\\/\\\/schema.org\",\"@graph\":[{\"@type\":\"Article\",\"@id\":\"https:\\\/\\\/radioleinewelle.de\\\/index.php\\\/2024\\\/08\\\/26\\\/mira-der-mitmachraum-goettinger-initiativen-eroeffnet-heute-in-der-innnenstadt\\\/#article\",\"isPartOf\":{\"@id\":\"https:\\\/\\\/radioleinewelle.de\\\/index.php\\\/2024\\\/08\\\/26\\\/mira-der-mitmachraum-goettinger-initiativen-eroeffnet-heute-in-der-innnenstadt\\\/\"},\"author\":{\"name\":\"Leinewelle\",\"@id\":\"https:\\\/\\\/radioleinewelle.de\\\/#\\\/schema\\\/person\\\/45606f348637df637192dc1b68399a63\"},\"headline\":\"Mira! &#8211; der &#8222;Mitmachraum&#8220; G\u00f6ttinger Initiativen er\u00f6ffnet heute in der Innnenstadt\",\"datePublished\":\"2024-08-26T06:11:15+00:00\",\"dateModified\":\"2024-08-26T06:14:58+00:00\",\"mainEntityOfPage\":{\"@id\":\"https:\\\/\\\/radioleinewelle.de\\\/index.php\\\/2024\\\/08\\\/26\\\/mira-der-mitmachraum-goettinger-initiativen-eroeffnet-heute-in-der-innnenstadt\\\/\"},\"wordCount\":800,\"commentCount\":0,\"publisher\":{\"@id\":\"https:\\\/\\\/radioleinewelle.de\\\/#organization\"},\"image\":{\"@id\":\"https:\\\/\\\/radioleinewelle.de\\\/index.php\\\/2024\\\/08\\\/26\\\/mira-der-mitmachraum-goettinger-initiativen-eroeffnet-heute-in-der-innnenstadt\\\/#primaryimage\"},\"thumbnailUrl\":\"https:\\\/\\\/radioleinewelle.de\\\/wp-content\\\/uploads\\\/2024\\\/08\\\/Mira-Team-e1724652748625.jpg\",\"inLanguage\":\"de\",\"potentialAction\":[{\"@type\":\"CommentAction\",\"name\":\"Comment\",\"target\":[\"https:\\\/\\\/radioleinewelle.de\\\/index.php\\\/2024\\\/08\\\/26\\\/mira-der-mitmachraum-goettinger-initiativen-eroeffnet-heute-in-der-innnenstadt\\\/#respond\"]}]},{\"@type\":\"WebPage\",\"@id\":\"https:\\\/\\\/radioleinewelle.de\\\/index.php\\\/2024\\\/08\\\/26\\\/mira-der-mitmachraum-goettinger-initiativen-eroeffnet-heute-in-der-innnenstadt\\\/\",\"url\":\"https:\\\/\\\/radioleinewelle.de\\\/index.php\\\/2024\\\/08\\\/26\\\/mira-der-mitmachraum-goettinger-initiativen-eroeffnet-heute-in-der-innnenstadt\\\/\",\"name\":\"Mira! - der \\\"Mitmachraum\\\" G\u00f6ttinger Initiativen er\u00f6ffnet heute in der Innnenstadt - Radio Leinewelle\",\"isPartOf\":{\"@id\":\"https:\\\/\\\/radioleinewelle.de\\\/#website\"},\"primaryImageOfPage\":{\"@id\":\"https:\\\/\\\/radioleinewelle.de\\\/index.php\\\/2024\\\/08\\\/26\\\/mira-der-mitmachraum-goettinger-initiativen-eroeffnet-heute-in-der-innnenstadt\\\/#primaryimage\"},\"image\":{\"@id\":\"https:\\\/\\\/radioleinewelle.de\\\/index.php\\\/2024\\\/08\\\/26\\\/mira-der-mitmachraum-goettinger-initiativen-eroeffnet-heute-in-der-innnenstadt\\\/#primaryimage\"},\"thumbnailUrl\":\"https:\\\/\\\/radioleinewelle.de\\\/wp-content\\\/uploads\\\/2024\\\/08\\\/Mira-Team-e1724652748625.jpg\",\"datePublished\":\"2024-08-26T06:11:15+00:00\",\"dateModified\":\"2024-08-26T06:14:58+00:00\",\"breadcrumb\":{\"@id\":\"https:\\\/\\\/radioleinewelle.de\\\/index.php\\\/2024\\\/08\\\/26\\\/mira-der-mitmachraum-goettinger-initiativen-eroeffnet-heute-in-der-innnenstadt\\\/#breadcrumb\"},\"inLanguage\":\"de\",\"potentialAction\":[{\"@type\":\"ReadAction\",\"target\":[\"https:\\\/\\\/radioleinewelle.de\\\/index.php\\\/2024\\\/08\\\/26\\\/mira-der-mitmachraum-goettinger-initiativen-eroeffnet-heute-in-der-innnenstadt\\\/\"]}]},{\"@type\":\"ImageObject\",\"inLanguage\":\"de\",\"@id\":\"https:\\\/\\\/radioleinewelle.de\\\/index.php\\\/2024\\\/08\\\/26\\\/mira-der-mitmachraum-goettinger-initiativen-eroeffnet-heute-in-der-innnenstadt\\\/#primaryimage\",\"url\":\"https:\\\/\\\/radioleinewelle.de\\\/wp-content\\\/uploads\\\/2024\\\/08\\\/Mira-Team-e1724652748625.jpg\",\"contentUrl\":\"https:\\\/\\\/radioleinewelle.de\\\/wp-content\\\/uploads\\\/2024\\\/08\\\/Mira-Team-e1724652748625.jpg\",\"width\":1000,\"height\":630},{\"@type\":\"BreadcrumbList\",\"@id\":\"https:\\\/\\\/radioleinewelle.de\\\/index.php\\\/2024\\\/08\\\/26\\\/mira-der-mitmachraum-goettinger-initiativen-eroeffnet-heute-in-der-innnenstadt\\\/#breadcrumb\",\"itemListElement\":[{\"@type\":\"ListItem\",\"position\":1,\"name\":\"Startseite\",\"item\":\"https:\\\/\\\/radioleinewelle.de\\\/\"},{\"@type\":\"ListItem\",\"position\":2,\"name\":\"Mira! &#8211; der &#8220;Mitmachraum&#8221; G\u00f6ttinger Initiativen er\u00f6ffnet heute in der Innnenstadt\"}]},{\"@type\":\"WebSite\",\"@id\":\"https:\\\/\\\/radioleinewelle.de\\\/#website\",\"url\":\"https:\\\/\\\/radioleinewelle.de\\\/\",\"name\":\"Radio Leinewelle\",\"description\":\"\",\"publisher\":{\"@id\":\"https:\\\/\\\/radioleinewelle.de\\\/#organization\"},\"potentialAction\":[{\"@type\":\"SearchAction\",\"target\":{\"@type\":\"EntryPoint\",\"urlTemplate\":\"https:\\\/\\\/radioleinewelle.de\\\/?s={search_term_string}\"},\"query-input\":{\"@type\":\"PropertyValueSpecification\",\"valueRequired\":true,\"valueName\":\"search_term_string\"}}],\"inLanguage\":\"de\"},{\"@type\":\"Organization\",\"@id\":\"https:\\\/\\\/radioleinewelle.de\\\/#organization\",\"name\":\"Radio Leinewelle\",\"alternateName\":\"Mein Radio f\u00fcr S\u00fcdniedersachsen\",\"url\":\"https:\\\/\\\/radioleinewelle.de\\\/\",\"logo\":{\"@type\":\"ImageObject\",\"inLanguage\":\"de\",\"@id\":\"https:\\\/\\\/radioleinewelle.de\\\/#\\\/schema\\\/logo\\\/image\\\/\",\"url\":\"https:\\\/\\\/radioleinewelle.de\\\/wp-content\\\/uploads\\\/2023\\\/11\\\/cropped-Leinewelle_Logo_weiss.png\",\"contentUrl\":\"https:\\\/\\\/radioleinewelle.de\\\/wp-content\\\/uploads\\\/2023\\\/11\\\/cropped-Leinewelle_Logo_weiss.png\",\"width\":854,\"height\":260,\"caption\":\"Radio Leinewelle\"},\"image\":{\"@id\":\"https:\\\/\\\/radioleinewelle.de\\\/#\\\/schema\\\/logo\\\/image\\\/\"},\"sameAs\":[\"https:\\\/\\\/www.facebook.com\\\/radioleinewelle\",\"https:\\\/\\\/x.com\\\/RLeinewelle\",\"https:\\\/\\\/www.instagram.com\\\/radioleinewelle\\\/?hl=de\"]},{\"@type\":\"Person\",\"@id\":\"https:\\\/\\\/radioleinewelle.de\\\/#\\\/schema\\\/person\\\/45606f348637df637192dc1b68399a63\",\"name\":\"Leinewelle\",\"image\":{\"@type\":\"ImageObject\",\"inLanguage\":\"de\",\"@id\":\"https:\\\/\\\/secure.gravatar.com\\\/avatar\\\/05c9a17bc973052ee5d91549bd32fb4dd0dc85b7b85ae94b2e2b4943476bbea5?s=96&d=blank&r=g\",\"url\":\"https:\\\/\\\/secure.gravatar.com\\\/avatar\\\/05c9a17bc973052ee5d91549bd32fb4dd0dc85b7b85ae94b2e2b4943476bbea5?s=96&d=blank&r=g\",\"contentUrl\":\"https:\\\/\\\/secure.gravatar.com\\\/avatar\\\/05c9a17bc973052ee5d91549bd32fb4dd0dc85b7b85ae94b2e2b4943476bbea5?s=96&d=blank&r=g\",\"caption\":\"Leinewelle\"},\"sameAs\":[\"http:\\\/\\\/localhost\\\/radio%20leinewelle\\\/wordpress\",\"https:\\\/\\\/www.facebook.com\\\/radioleinewelle\",\"https:\\\/\\\/www.instagram.com\\\/radioleinewelle\",\"https:\\\/\\\/x.com\\\/https:\\\/\\\/twitter.com\\\/RLeinewelle?ref_src=twsrcgoogletwcampserptwgrauthor\",\"https:\\\/\\\/soundcloud.com\\\/foerderverein-lokalradio?utm_source=clipboard&utm_medium=text&utm_campaign=social_sharing\"],\"url\":\"https:\\\/\\\/radioleinewelle.de\\\/index.php\\\/author\\\/leinewelle\\\/\"}]}<\/script>\n<!-- \/ Yoast SEO plugin. -->","yoast_head_json":{"title":"Mira! - der \"Mitmachraum\" G\u00f6ttinger Initiativen er\u00f6ffnet heute in der Innnenstadt - Radio Leinewelle","robots":{"index":"index","follow":"follow","max-snippet":"max-snippet:-1","max-image-preview":"max-image-preview:large","max-video-preview":"max-video-preview:-1"},"canonical":"https:\/\/radioleinewelle.de\/index.php\/2024\/08\/26\/mira-der-mitmachraum-goettinger-initiativen-eroeffnet-heute-in-der-innnenstadt\/","og_locale":"de_DE","og_type":"article","og_title":"Mira! - der \"Mitmachraum\" G\u00f6ttinger Initiativen er\u00f6ffnet heute in der Innnenstadt - Radio Leinewelle","og_description":"Es tut sich was am Nabel\u2026 Das\u00a0Entwicklungspolitische Informationszentrum (EPIZ) und das Kommunikations- und Aktionszentrum (KAZ e.V.)\u00a0er\u00f6ffnen am\u00a026.08. um 17 Uhr mira!, einen Mitmachraum f\u00fcr nachhaltigen Konsum, globale Gerechtigkeit und Engagement in der Weender Stra\u00dfe 56. Bis zum 01.10. stehen die 17 weltweiten Nachhaltigkeitsziele, Demokratie und Begegnung im Mittelpunkt des ehemaligen\u00a0hut.de-Ladens.\u00a0 \u201eWir m\u00f6chten gesellschaftlich wichtige Themen [&hellip;]","og_url":"https:\/\/radioleinewelle.de\/index.php\/2024\/08\/26\/mira-der-mitmachraum-goettinger-initiativen-eroeffnet-heute-in-der-innnenstadt\/","og_site_name":"Radio Leinewelle","article_publisher":"https:\/\/www.facebook.com\/radioleinewelle","article_author":"https:\/\/www.facebook.com\/radioleinewelle","article_published_time":"2024-08-26T06:11:15+00:00","article_modified_time":"2024-08-26T06:14:58+00:00","og_image":[{"width":1000,"height":630,"url":"https:\/\/radioleinewelle.de\/wp-content\/uploads\/2024\/08\/Mira-Team-e1724652748625.jpg","type":"image\/jpeg"}],"author":"Leinewelle","twitter_card":"summary_large_image","twitter_creator":"@https:\/\/twitter.com\/RLeinewelle?ref_src=twsrcgoogletwcampserptwgrauthor","twitter_site":"@RLeinewelle","twitter_misc":{"Verfasst von":"Leinewelle","Gesch\u00e4tzte Lesezeit":"5\u00a0Minuten"},"schema":{"@context":"https:\/\/schema.org","@graph":[{"@type":"Article","@id":"https:\/\/radioleinewelle.de\/index.php\/2024\/08\/26\/mira-der-mitmachraum-goettinger-initiativen-eroeffnet-heute-in-der-innnenstadt\/#article","isPartOf":{"@id":"https:\/\/radioleinewelle.de\/index.php\/2024\/08\/26\/mira-der-mitmachraum-goettinger-initiativen-eroeffnet-heute-in-der-innnenstadt\/"},"author":{"name":"Leinewelle","@id":"https:\/\/radioleinewelle.de\/#\/schema\/person\/45606f348637df637192dc1b68399a63"},"headline":"Mira! &#8211; der &#8222;Mitmachraum&#8220; G\u00f6ttinger Initiativen er\u00f6ffnet heute in der Innnenstadt","datePublished":"2024-08-26T06:11:15+00:00","dateModified":"2024-08-26T06:14:58+00:00","mainEntityOfPage":{"@id":"https:\/\/radioleinewelle.de\/index.php\/2024\/08\/26\/mira-der-mitmachraum-goettinger-initiativen-eroeffnet-heute-in-der-innnenstadt\/"},"wordCount":800,"commentCount":0,"publisher":{"@id":"https:\/\/radioleinewelle.de\/#organization"},"image":{"@id":"https:\/\/radioleinewelle.de\/index.php\/2024\/08\/26\/mira-der-mitmachraum-goettinger-initiativen-eroeffnet-heute-in-der-innnenstadt\/#primaryimage"},"thumbnailUrl":"https:\/\/radioleinewelle.de\/wp-content\/uploads\/2024\/08\/Mira-Team-e1724652748625.jpg","inLanguage":"de","potentialAction":[{"@type":"CommentAction","name":"Comment","target":["https:\/\/radioleinewelle.de\/index.php\/2024\/08\/26\/mira-der-mitmachraum-goettinger-initiativen-eroeffnet-heute-in-der-innnenstadt\/#respond"]}]},{"@type":"WebPage","@id":"https:\/\/radioleinewelle.de\/index.php\/2024\/08\/26\/mira-der-mitmachraum-goettinger-initiativen-eroeffnet-heute-in-der-innnenstadt\/","url":"https:\/\/radioleinewelle.de\/index.php\/2024\/08\/26\/mira-der-mitmachraum-goettinger-initiativen-eroeffnet-heute-in-der-innnenstadt\/","name":"Mira! - der \"Mitmachraum\" G\u00f6ttinger Initiativen er\u00f6ffnet heute in der Innnenstadt - Radio Leinewelle","isPartOf":{"@id":"https:\/\/radioleinewelle.de\/#website"},"primaryImageOfPage":{"@id":"https:\/\/radioleinewelle.de\/index.php\/2024\/08\/26\/mira-der-mitmachraum-goettinger-initiativen-eroeffnet-heute-in-der-innnenstadt\/#primaryimage"},"image":{"@id":"https:\/\/radioleinewelle.de\/index.php\/2024\/08\/26\/mira-der-mitmachraum-goettinger-initiativen-eroeffnet-heute-in-der-innnenstadt\/#primaryimage"},"thumbnailUrl":"https:\/\/radioleinewelle.de\/wp-content\/uploads\/2024\/08\/Mira-Team-e1724652748625.jpg","datePublished":"2024-08-26T06:11:15+00:00","dateModified":"2024-08-26T06:14:58+00:00","breadcrumb":{"@id":"https:\/\/radioleinewelle.de\/index.php\/2024\/08\/26\/mira-der-mitmachraum-goettinger-initiativen-eroeffnet-heute-in-der-innnenstadt\/#breadcrumb"},"inLanguage":"de","potentialAction":[{"@type":"ReadAction","target":["https:\/\/radioleinewelle.de\/index.php\/2024\/08\/26\/mira-der-mitmachraum-goettinger-initiativen-eroeffnet-heute-in-der-innnenstadt\/"]}]},{"@type":"ImageObject","inLanguage":"de","@id":"https:\/\/radioleinewelle.de\/index.php\/2024\/08\/26\/mira-der-mitmachraum-goettinger-initiativen-eroeffnet-heute-in-der-innnenstadt\/#primaryimage","url":"https:\/\/radioleinewelle.de\/wp-content\/uploads\/2024\/08\/Mira-Team-e1724652748625.jpg","contentUrl":"https:\/\/radioleinewelle.de\/wp-content\/uploads\/2024\/08\/Mira-Team-e1724652748625.jpg","width":1000,"height":630},{"@type":"BreadcrumbList","@id":"https:\/\/radioleinewelle.de\/index.php\/2024\/08\/26\/mira-der-mitmachraum-goettinger-initiativen-eroeffnet-heute-in-der-innnenstadt\/#breadcrumb","itemListElement":[{"@type":"ListItem","position":1,"name":"Startseite","item":"https:\/\/radioleinewelle.de\/"},{"@type":"ListItem","position":2,"name":"Mira! &#8211; der &#8220;Mitmachraum&#8221; G\u00f6ttinger Initiativen er\u00f6ffnet heute in der Innnenstadt"}]},{"@type":"WebSite","@id":"https:\/\/radioleinewelle.de\/#website","url":"https:\/\/radioleinewelle.de\/","name":"Radio Leinewelle","description":"","publisher":{"@id":"https:\/\/radioleinewelle.de\/#organization"},"potentialAction":[{"@type":"SearchAction","target":{"@type":"EntryPoint","urlTemplate":"https:\/\/radioleinewelle.de\/?s={search_term_string}"},"query-input":{"@type":"PropertyValueSpecification","valueRequired":true,"valueName":"search_term_string"}}],"inLanguage":"de"},{"@type":"Organization","@id":"https:\/\/radioleinewelle.de\/#organization","name":"Radio Leinewelle","alternateName":"Mein Radio f\u00fcr S\u00fcdniedersachsen","url":"https:\/\/radioleinewelle.de\/","logo":{"@type":"ImageObject","inLanguage":"de","@id":"https:\/\/radioleinewelle.de\/#\/schema\/logo\/image\/","url":"https:\/\/radioleinewelle.de\/wp-content\/uploads\/2023\/11\/cropped-Leinewelle_Logo_weiss.png","contentUrl":"https:\/\/radioleinewelle.de\/wp-content\/uploads\/2023\/11\/cropped-Leinewelle_Logo_weiss.png","width":854,"height":260,"caption":"Radio Leinewelle"},"image":{"@id":"https:\/\/radioleinewelle.de\/#\/schema\/logo\/image\/"},"sameAs":["https:\/\/www.facebook.com\/radioleinewelle","https:\/\/x.com\/RLeinewelle","https:\/\/www.instagram.com\/radioleinewelle\/?hl=de"]},{"@type":"Person","@id":"https:\/\/radioleinewelle.de\/#\/schema\/person\/45606f348637df637192dc1b68399a63","name":"Leinewelle","image":{"@type":"ImageObject","inLanguage":"de","@id":"https:\/\/secure.gravatar.com\/avatar\/05c9a17bc973052ee5d91549bd32fb4dd0dc85b7b85ae94b2e2b4943476bbea5?s=96&d=blank&r=g","url":"https:\/\/secure.gravatar.com\/avatar\/05c9a17bc973052ee5d91549bd32fb4dd0dc85b7b85ae94b2e2b4943476bbea5?s=96&d=blank&r=g","contentUrl":"https:\/\/secure.gravatar.com\/avatar\/05c9a17bc973052ee5d91549bd32fb4dd0dc85b7b85ae94b2e2b4943476bbea5?s=96&d=blank&r=g","caption":"Leinewelle"},"sameAs":["http:\/\/localhost\/radio%20leinewelle\/wordpress","https:\/\/www.facebook.com\/radioleinewelle","https:\/\/www.instagram.com\/radioleinewelle","https:\/\/x.com\/https:\/\/twitter.com\/RLeinewelle?ref_src=twsrcgoogletwcampserptwgrauthor","https:\/\/soundcloud.com\/foerderverein-lokalradio?utm_source=clipboard&utm_medium=text&utm_campaign=social_sharing"],"url":"https:\/\/radioleinewelle.de\/index.php\/author\/leinewelle\/"}]}},"_links":{"self":[{"href":"https:\/\/radioleinewelle.de\/index.php\/wp-json\/wp\/v2\/posts\/26031","targetHints":{"allow":["GET"]}}],"collection":[{"href":"https:\/\/radioleinewelle.de\/index.php\/wp-json\/wp\/v2\/posts"}],"about":[{"href":"https:\/\/radioleinewelle.de\/index.php\/wp-json\/wp\/v2\/types\/post"}],"author":[{"embeddable":true,"href":"https:\/\/radioleinewelle.de\/index.php\/wp-json\/wp\/v2\/users\/1"}],"replies":[{"embeddable":true,"href":"https:\/\/radioleinewelle.de\/index.php\/wp-json\/wp\/v2\/comments?post=26031"}],"version-history":[{"count":3,"href":"https:\/\/radioleinewelle.de\/index.php\/wp-json\/wp\/v2\/posts\/26031\/revisions"}],"predecessor-version":[{"id":26035,"href":"https:\/\/radioleinewelle.de\/index.php\/wp-json\/wp\/v2\/posts\/26031\/revisions\/26035"}],"wp:featuredmedia":[{"embeddable":true,"href":"https:\/\/radioleinewelle.de\/index.php\/wp-json\/wp\/v2\/media\/26034"}],"wp:attachment":[{"href":"https:\/\/radioleinewelle.de\/index.php\/wp-json\/wp\/v2\/media?parent=26031"}],"wp:term":[{"taxonomy":"category","embeddable":true,"href":"https:\/\/radioleinewelle.de\/index.php\/wp-json\/wp\/v2\/categories?post=26031"},{"taxonomy":"post_tag","embeddable":true,"href":"https:\/\/radioleinewelle.de\/index.php\/wp-json\/wp\/v2\/tags?post=26031"}],"curies":[{"name":"wp","href":"https:\/\/api.w.org\/{rel}","templated":true}]}}