{"id":26043,"date":"2024-08-27T09:25:42","date_gmt":"2024-08-27T07:25:42","guid":{"rendered":"https:\/\/radioleinewelle.de\/?p=26043"},"modified":"2024-08-27T09:29:23","modified_gmt":"2024-08-27T07:29:23","slug":"inger-maria-mahlke-liest-aus-ihrem-generationenroman-unsereins","status":"publish","type":"post","link":"https:\/\/radioleinewelle.de\/index.php\/2024\/08\/27\/inger-maria-mahlke-liest-aus-ihrem-generationenroman-unsereins\/","title":{"rendered":"Inger-Maria Mahlke liest aus ihrem Generationenroman &#8222;Unsereins&#8220;"},"content":{"rendered":"\n<p><strong>Nachholtermin f\u00fcr die Veranstaltung mit Inger-Maria Mahlke steht fest. Die Buchpreistr\u00e4gerin liest am Freitag, den 13. September 2024 um 20 Uhr aus ihrem Roman \u00bbUnsereins\u00ab<\/strong><\/p>\n\n\n\n<p><strong>Inger-Maria Mahlke<\/strong>&nbsp;zeichnet in ihrem neuen Generationenroman&nbsp;<strong>\u00bbUnsereins\u00ab<\/strong>&nbsp;ein vielschichtiges Panorama der Gesellschaft im L\u00fcbeck des ausgehenden 19. Jahrhunderts.<\/p>\n\n\n\n<p>In der Hansestadt muss Familie Lindhorst \u2013 konservativ, protestantisch und kaisertreu \u2013 einsehen, dass sie f\u00fcr die antisemitische Stadtbev\u00f6lkerung immer noch \u201edie J\u00fcdischen\u201c sind. All jene, die in Thomas Manns \u00bbBuddenbrooks\u00ab nicht zu Wort gekommen sind, l\u00e4sst die Buchpreistr\u00e4gerin hier mit Humor und Ironie sprechen: die Weiblichen, Arbeitenden, Ausgegrenzten. Detailreich erz\u00e4hlt sie vom Leben der Dienstm\u00e4dchen, Gn\u00e4digen, Haust\u00f6chter und Schriftstellerinnen, von Klasse, Geschlecht und Zugeh\u00f6rigkeit.<\/p>\n\n\n\n<p>\u00dcber Identit\u00e4t und Machtverh\u00e4ltnisse spricht mit ihr der Literaturwissenschaftler&nbsp;<strong>Hartmut Hombrecher<\/strong>.<\/p>\n\n\n\n<p>Karten gibt es an allen bekannten Vorverkaufsstellen und online unter\u00a0<a class=\"\" href=\"http:\/\/www.literarisches-zentrum-goettingen.de\/\">www.literarisches-zentrum-goettingen.de<\/a>. VVK 7\/11 \u20ac, AK 8\/12 \u20ac, Studierende mit Kulturticket haben an der Abendkasse freien Eintritt. Tickets der ausgefallenen Termine behalten ihre G\u00fcltigkeit.<br><br><strong>Foto:<\/strong> Inger-Maria Mahlke \u00a9 Conny Friedrich-Meyer<\/p>\n","protected":false},"excerpt":{"rendered":"<p>Nachholtermin f\u00fcr die Veranstaltung mit Inger-Maria Mahlke steht fest. Die Buchpreistr\u00e4gerin liest am Freitag, den 13. September 2024 um 20 Uhr aus ihrem Roman \u00bbUnsereins\u00ab Inger-Maria Mahlke&nbsp;zeichnet in ihrem neuen Generationenroman&nbsp;\u00bbUnsereins\u00ab&nbsp;ein vielschichtiges Panorama der Gesellschaft im L\u00fcbeck des ausgehenden 19. Jahrhunderts. In der Hansestadt muss Familie Lindhorst \u2013 konservativ, protestantisch und kaisertreu \u2013 einsehen, dass [&hellip;]<\/p>\n","protected":false},"author":1,"featured_media":26044,"comment_status":"open","ping_status":"open","sticky":true,"template":"","format":"standard","meta":{"saved_in_kubio":false,"footnotes":""},"categories":[1],"tags":[],"class_list":["post-26043","post","type-post","status-publish","format-standard","has-post-thumbnail","hentry","category-allgemein"],"yoast_head":"<!-- This site is optimized with the Yoast SEO plugin v27.5 - https:\/\/yoast.com\/product\/yoast-seo-wordpress\/ -->\n<title>Inger-Maria Mahlke liest aus ihrem Generationenroman &quot;Unsereins&quot; - Radio Leinewelle<\/title>\n<meta name=\"robots\" content=\"index, follow, max-snippet:-1, max-image-preview:large, max-video-preview:-1\" \/>\n<link rel=\"canonical\" href=\"https:\/\/radioleinewelle.de\/index.php\/2024\/08\/27\/inger-maria-mahlke-liest-aus-ihrem-generationenroman-unsereins\/\" \/>\n<meta property=\"og:locale\" content=\"de_DE\" \/>\n<meta property=\"og:type\" content=\"article\" \/>\n<meta property=\"og:title\" content=\"Inger-Maria Mahlke liest aus ihrem Generationenroman &quot;Unsereins&quot; - Radio Leinewelle\" \/>\n<meta property=\"og:description\" content=\"Nachholtermin f\u00fcr die Veranstaltung mit Inger-Maria Mahlke steht fest. Die Buchpreistr\u00e4gerin liest am Freitag, den 13. September 2024 um 20 Uhr aus ihrem Roman \u00bbUnsereins\u00ab Inger-Maria Mahlke&nbsp;zeichnet in ihrem neuen Generationenroman&nbsp;\u00bbUnsereins\u00ab&nbsp;ein vielschichtiges Panorama der Gesellschaft im L\u00fcbeck des ausgehenden 19. Jahrhunderts. In der Hansestadt muss Familie Lindhorst \u2013 konservativ, protestantisch und kaisertreu \u2013 einsehen, dass [&hellip;]\" \/>\n<meta property=\"og:url\" content=\"https:\/\/radioleinewelle.de\/index.php\/2024\/08\/27\/inger-maria-mahlke-liest-aus-ihrem-generationenroman-unsereins\/\" \/>\n<meta property=\"og:site_name\" content=\"Radio Leinewelle\" \/>\n<meta property=\"article:publisher\" content=\"https:\/\/www.facebook.com\/radioleinewelle\" \/>\n<meta property=\"article:author\" content=\"https:\/\/www.facebook.com\/radioleinewelle\" \/>\n<meta property=\"article:published_time\" content=\"2024-08-27T07:25:42+00:00\" \/>\n<meta property=\"article:modified_time\" content=\"2024-08-27T07:29:23+00:00\" \/>\n<meta property=\"og:image\" content=\"https:\/\/radioleinewelle.de\/wp-content\/uploads\/2024\/08\/Foto-Inger-Maria-Mahlke-\u00a9-Conny-Friedrich-Meyer-scaled-e1724743408582.jpg\" \/>\n\t<meta property=\"og:image:width\" content=\"1000\" \/>\n\t<meta property=\"og:image:height\" content=\"691\" \/>\n\t<meta property=\"og:image:type\" content=\"image\/jpeg\" \/>\n<meta name=\"author\" content=\"Leinewelle\" \/>\n<meta name=\"twitter:card\" content=\"summary_large_image\" \/>\n<meta name=\"twitter:creator\" content=\"@https:\/\/twitter.com\/RLeinewelle?ref_src=twsrcgoogletwcampserptwgrauthor\" \/>\n<meta name=\"twitter:site\" content=\"@RLeinewelle\" \/>\n<meta name=\"twitter:label1\" content=\"Verfasst von\" \/>\n\t<meta name=\"twitter:data1\" content=\"Leinewelle\" \/>\n\t<meta name=\"twitter:label2\" content=\"Gesch\u00e4tzte Lesezeit\" \/>\n\t<meta name=\"twitter:data2\" content=\"2\u00a0Minuten\" \/>\n<script type=\"application\/ld+json\" class=\"yoast-schema-graph\">{\"@context\":\"https:\\\/\\\/schema.org\",\"@graph\":[{\"@type\":\"Article\",\"@id\":\"https:\\\/\\\/radioleinewelle.de\\\/index.php\\\/2024\\\/08\\\/27\\\/inger-maria-mahlke-liest-aus-ihrem-generationenroman-unsereins\\\/#article\",\"isPartOf\":{\"@id\":\"https:\\\/\\\/radioleinewelle.de\\\/index.php\\\/2024\\\/08\\\/27\\\/inger-maria-mahlke-liest-aus-ihrem-generationenroman-unsereins\\\/\"},\"author\":{\"name\":\"Leinewelle\",\"@id\":\"https:\\\/\\\/radioleinewelle.de\\\/#\\\/schema\\\/person\\\/45606f348637df637192dc1b68399a63\"},\"headline\":\"Inger-Maria Mahlke liest aus ihrem Generationenroman &#8222;Unsereins&#8220;\",\"datePublished\":\"2024-08-27T07:25:42+00:00\",\"dateModified\":\"2024-08-27T07:29:23+00:00\",\"mainEntityOfPage\":{\"@id\":\"https:\\\/\\\/radioleinewelle.de\\\/index.php\\\/2024\\\/08\\\/27\\\/inger-maria-mahlke-liest-aus-ihrem-generationenroman-unsereins\\\/\"},\"wordCount\":177,\"commentCount\":0,\"publisher\":{\"@id\":\"https:\\\/\\\/radioleinewelle.de\\\/#organization\"},\"image\":{\"@id\":\"https:\\\/\\\/radioleinewelle.de\\\/index.php\\\/2024\\\/08\\\/27\\\/inger-maria-mahlke-liest-aus-ihrem-generationenroman-unsereins\\\/#primaryimage\"},\"thumbnailUrl\":\"https:\\\/\\\/radioleinewelle.de\\\/wp-content\\\/uploads\\\/2024\\\/08\\\/Foto-Inger-Maria-Mahlke-\u00a9-Conny-Friedrich-Meyer-scaled-e1724743408582.jpg\",\"inLanguage\":\"de\",\"potentialAction\":[{\"@type\":\"CommentAction\",\"name\":\"Comment\",\"target\":[\"https:\\\/\\\/radioleinewelle.de\\\/index.php\\\/2024\\\/08\\\/27\\\/inger-maria-mahlke-liest-aus-ihrem-generationenroman-unsereins\\\/#respond\"]}]},{\"@type\":\"WebPage\",\"@id\":\"https:\\\/\\\/radioleinewelle.de\\\/index.php\\\/2024\\\/08\\\/27\\\/inger-maria-mahlke-liest-aus-ihrem-generationenroman-unsereins\\\/\",\"url\":\"https:\\\/\\\/radioleinewelle.de\\\/index.php\\\/2024\\\/08\\\/27\\\/inger-maria-mahlke-liest-aus-ihrem-generationenroman-unsereins\\\/\",\"name\":\"Inger-Maria Mahlke liest aus ihrem Generationenroman \\\"Unsereins\\\" - Radio Leinewelle\",\"isPartOf\":{\"@id\":\"https:\\\/\\\/radioleinewelle.de\\\/#website\"},\"primaryImageOfPage\":{\"@id\":\"https:\\\/\\\/radioleinewelle.de\\\/index.php\\\/2024\\\/08\\\/27\\\/inger-maria-mahlke-liest-aus-ihrem-generationenroman-unsereins\\\/#primaryimage\"},\"image\":{\"@id\":\"https:\\\/\\\/radioleinewelle.de\\\/index.php\\\/2024\\\/08\\\/27\\\/inger-maria-mahlke-liest-aus-ihrem-generationenroman-unsereins\\\/#primaryimage\"},\"thumbnailUrl\":\"https:\\\/\\\/radioleinewelle.de\\\/wp-content\\\/uploads\\\/2024\\\/08\\\/Foto-Inger-Maria-Mahlke-\u00a9-Conny-Friedrich-Meyer-scaled-e1724743408582.jpg\",\"datePublished\":\"2024-08-27T07:25:42+00:00\",\"dateModified\":\"2024-08-27T07:29:23+00:00\",\"breadcrumb\":{\"@id\":\"https:\\\/\\\/radioleinewelle.de\\\/index.php\\\/2024\\\/08\\\/27\\\/inger-maria-mahlke-liest-aus-ihrem-generationenroman-unsereins\\\/#breadcrumb\"},\"inLanguage\":\"de\",\"potentialAction\":[{\"@type\":\"ReadAction\",\"target\":[\"https:\\\/\\\/radioleinewelle.de\\\/index.php\\\/2024\\\/08\\\/27\\\/inger-maria-mahlke-liest-aus-ihrem-generationenroman-unsereins\\\/\"]}]},{\"@type\":\"ImageObject\",\"inLanguage\":\"de\",\"@id\":\"https:\\\/\\\/radioleinewelle.de\\\/index.php\\\/2024\\\/08\\\/27\\\/inger-maria-mahlke-liest-aus-ihrem-generationenroman-unsereins\\\/#primaryimage\",\"url\":\"https:\\\/\\\/radioleinewelle.de\\\/wp-content\\\/uploads\\\/2024\\\/08\\\/Foto-Inger-Maria-Mahlke-\u00a9-Conny-Friedrich-Meyer-scaled-e1724743408582.jpg\",\"contentUrl\":\"https:\\\/\\\/radioleinewelle.de\\\/wp-content\\\/uploads\\\/2024\\\/08\\\/Foto-Inger-Maria-Mahlke-\u00a9-Conny-Friedrich-Meyer-scaled-e1724743408582.jpg\",\"width\":1000,\"height\":691},{\"@type\":\"BreadcrumbList\",\"@id\":\"https:\\\/\\\/radioleinewelle.de\\\/index.php\\\/2024\\\/08\\\/27\\\/inger-maria-mahlke-liest-aus-ihrem-generationenroman-unsereins\\\/#breadcrumb\",\"itemListElement\":[{\"@type\":\"ListItem\",\"position\":1,\"name\":\"Startseite\",\"item\":\"https:\\\/\\\/radioleinewelle.de\\\/\"},{\"@type\":\"ListItem\",\"position\":2,\"name\":\"Inger-Maria Mahlke liest aus ihrem Generationenroman &#8220;Unsereins&#8221;\"}]},{\"@type\":\"WebSite\",\"@id\":\"https:\\\/\\\/radioleinewelle.de\\\/#website\",\"url\":\"https:\\\/\\\/radioleinewelle.de\\\/\",\"name\":\"Radio Leinewelle\",\"description\":\"\",\"publisher\":{\"@id\":\"https:\\\/\\\/radioleinewelle.de\\\/#organization\"},\"potentialAction\":[{\"@type\":\"SearchAction\",\"target\":{\"@type\":\"EntryPoint\",\"urlTemplate\":\"https:\\\/\\\/radioleinewelle.de\\\/?s={search_term_string}\"},\"query-input\":{\"@type\":\"PropertyValueSpecification\",\"valueRequired\":true,\"valueName\":\"search_term_string\"}}],\"inLanguage\":\"de\"},{\"@type\":\"Organization\",\"@id\":\"https:\\\/\\\/radioleinewelle.de\\\/#organization\",\"name\":\"Radio Leinewelle\",\"alternateName\":\"Mein Radio f\u00fcr S\u00fcdniedersachsen\",\"url\":\"https:\\\/\\\/radioleinewelle.de\\\/\",\"logo\":{\"@type\":\"ImageObject\",\"inLanguage\":\"de\",\"@id\":\"https:\\\/\\\/radioleinewelle.de\\\/#\\\/schema\\\/logo\\\/image\\\/\",\"url\":\"https:\\\/\\\/radioleinewelle.de\\\/wp-content\\\/uploads\\\/2023\\\/11\\\/cropped-Leinewelle_Logo_weiss.png\",\"contentUrl\":\"https:\\\/\\\/radioleinewelle.de\\\/wp-content\\\/uploads\\\/2023\\\/11\\\/cropped-Leinewelle_Logo_weiss.png\",\"width\":854,\"height\":260,\"caption\":\"Radio Leinewelle\"},\"image\":{\"@id\":\"https:\\\/\\\/radioleinewelle.de\\\/#\\\/schema\\\/logo\\\/image\\\/\"},\"sameAs\":[\"https:\\\/\\\/www.facebook.com\\\/radioleinewelle\",\"https:\\\/\\\/x.com\\\/RLeinewelle\",\"https:\\\/\\\/www.instagram.com\\\/radioleinewelle\\\/?hl=de\"]},{\"@type\":\"Person\",\"@id\":\"https:\\\/\\\/radioleinewelle.de\\\/#\\\/schema\\\/person\\\/45606f348637df637192dc1b68399a63\",\"name\":\"Leinewelle\",\"image\":{\"@type\":\"ImageObject\",\"inLanguage\":\"de\",\"@id\":\"https:\\\/\\\/secure.gravatar.com\\\/avatar\\\/05c9a17bc973052ee5d91549bd32fb4dd0dc85b7b85ae94b2e2b4943476bbea5?s=96&d=blank&r=g\",\"url\":\"https:\\\/\\\/secure.gravatar.com\\\/avatar\\\/05c9a17bc973052ee5d91549bd32fb4dd0dc85b7b85ae94b2e2b4943476bbea5?s=96&d=blank&r=g\",\"contentUrl\":\"https:\\\/\\\/secure.gravatar.com\\\/avatar\\\/05c9a17bc973052ee5d91549bd32fb4dd0dc85b7b85ae94b2e2b4943476bbea5?s=96&d=blank&r=g\",\"caption\":\"Leinewelle\"},\"sameAs\":[\"http:\\\/\\\/localhost\\\/radio%20leinewelle\\\/wordpress\",\"https:\\\/\\\/www.facebook.com\\\/radioleinewelle\",\"https:\\\/\\\/www.instagram.com\\\/radioleinewelle\",\"https:\\\/\\\/x.com\\\/https:\\\/\\\/twitter.com\\\/RLeinewelle?ref_src=twsrcgoogletwcampserptwgrauthor\",\"https:\\\/\\\/soundcloud.com\\\/foerderverein-lokalradio?utm_source=clipboard&utm_medium=text&utm_campaign=social_sharing\"],\"url\":\"https:\\\/\\\/radioleinewelle.de\\\/index.php\\\/author\\\/leinewelle\\\/\"}]}<\/script>\n<!-- \/ Yoast SEO plugin. -->","yoast_head_json":{"title":"Inger-Maria Mahlke liest aus ihrem Generationenroman \"Unsereins\" - Radio Leinewelle","robots":{"index":"index","follow":"follow","max-snippet":"max-snippet:-1","max-image-preview":"max-image-preview:large","max-video-preview":"max-video-preview:-1"},"canonical":"https:\/\/radioleinewelle.de\/index.php\/2024\/08\/27\/inger-maria-mahlke-liest-aus-ihrem-generationenroman-unsereins\/","og_locale":"de_DE","og_type":"article","og_title":"Inger-Maria Mahlke liest aus ihrem Generationenroman \"Unsereins\" - Radio Leinewelle","og_description":"Nachholtermin f\u00fcr die Veranstaltung mit Inger-Maria Mahlke steht fest. Die Buchpreistr\u00e4gerin liest am Freitag, den 13. September 2024 um 20 Uhr aus ihrem Roman \u00bbUnsereins\u00ab Inger-Maria Mahlke&nbsp;zeichnet in ihrem neuen Generationenroman&nbsp;\u00bbUnsereins\u00ab&nbsp;ein vielschichtiges Panorama der Gesellschaft im L\u00fcbeck des ausgehenden 19. Jahrhunderts. In der Hansestadt muss Familie Lindhorst \u2013 konservativ, protestantisch und kaisertreu \u2013 einsehen, dass [&hellip;]","og_url":"https:\/\/radioleinewelle.de\/index.php\/2024\/08\/27\/inger-maria-mahlke-liest-aus-ihrem-generationenroman-unsereins\/","og_site_name":"Radio Leinewelle","article_publisher":"https:\/\/www.facebook.com\/radioleinewelle","article_author":"https:\/\/www.facebook.com\/radioleinewelle","article_published_time":"2024-08-27T07:25:42+00:00","article_modified_time":"2024-08-27T07:29:23+00:00","og_image":[{"width":1000,"height":691,"url":"https:\/\/radioleinewelle.de\/wp-content\/uploads\/2024\/08\/Foto-Inger-Maria-Mahlke-\u00a9-Conny-Friedrich-Meyer-scaled-e1724743408582.jpg","type":"image\/jpeg"}],"author":"Leinewelle","twitter_card":"summary_large_image","twitter_creator":"@https:\/\/twitter.com\/RLeinewelle?ref_src=twsrcgoogletwcampserptwgrauthor","twitter_site":"@RLeinewelle","twitter_misc":{"Verfasst von":"Leinewelle","Gesch\u00e4tzte Lesezeit":"2\u00a0Minuten"},"schema":{"@context":"https:\/\/schema.org","@graph":[{"@type":"Article","@id":"https:\/\/radioleinewelle.de\/index.php\/2024\/08\/27\/inger-maria-mahlke-liest-aus-ihrem-generationenroman-unsereins\/#article","isPartOf":{"@id":"https:\/\/radioleinewelle.de\/index.php\/2024\/08\/27\/inger-maria-mahlke-liest-aus-ihrem-generationenroman-unsereins\/"},"author":{"name":"Leinewelle","@id":"https:\/\/radioleinewelle.de\/#\/schema\/person\/45606f348637df637192dc1b68399a63"},"headline":"Inger-Maria Mahlke liest aus ihrem Generationenroman &#8222;Unsereins&#8220;","datePublished":"2024-08-27T07:25:42+00:00","dateModified":"2024-08-27T07:29:23+00:00","mainEntityOfPage":{"@id":"https:\/\/radioleinewelle.de\/index.php\/2024\/08\/27\/inger-maria-mahlke-liest-aus-ihrem-generationenroman-unsereins\/"},"wordCount":177,"commentCount":0,"publisher":{"@id":"https:\/\/radioleinewelle.de\/#organization"},"image":{"@id":"https:\/\/radioleinewelle.de\/index.php\/2024\/08\/27\/inger-maria-mahlke-liest-aus-ihrem-generationenroman-unsereins\/#primaryimage"},"thumbnailUrl":"https:\/\/radioleinewelle.de\/wp-content\/uploads\/2024\/08\/Foto-Inger-Maria-Mahlke-\u00a9-Conny-Friedrich-Meyer-scaled-e1724743408582.jpg","inLanguage":"de","potentialAction":[{"@type":"CommentAction","name":"Comment","target":["https:\/\/radioleinewelle.de\/index.php\/2024\/08\/27\/inger-maria-mahlke-liest-aus-ihrem-generationenroman-unsereins\/#respond"]}]},{"@type":"WebPage","@id":"https:\/\/radioleinewelle.de\/index.php\/2024\/08\/27\/inger-maria-mahlke-liest-aus-ihrem-generationenroman-unsereins\/","url":"https:\/\/radioleinewelle.de\/index.php\/2024\/08\/27\/inger-maria-mahlke-liest-aus-ihrem-generationenroman-unsereins\/","name":"Inger-Maria Mahlke liest aus ihrem Generationenroman \"Unsereins\" - Radio Leinewelle","isPartOf":{"@id":"https:\/\/radioleinewelle.de\/#website"},"primaryImageOfPage":{"@id":"https:\/\/radioleinewelle.de\/index.php\/2024\/08\/27\/inger-maria-mahlke-liest-aus-ihrem-generationenroman-unsereins\/#primaryimage"},"image":{"@id":"https:\/\/radioleinewelle.de\/index.php\/2024\/08\/27\/inger-maria-mahlke-liest-aus-ihrem-generationenroman-unsereins\/#primaryimage"},"thumbnailUrl":"https:\/\/radioleinewelle.de\/wp-content\/uploads\/2024\/08\/Foto-Inger-Maria-Mahlke-\u00a9-Conny-Friedrich-Meyer-scaled-e1724743408582.jpg","datePublished":"2024-08-27T07:25:42+00:00","dateModified":"2024-08-27T07:29:23+00:00","breadcrumb":{"@id":"https:\/\/radioleinewelle.de\/index.php\/2024\/08\/27\/inger-maria-mahlke-liest-aus-ihrem-generationenroman-unsereins\/#breadcrumb"},"inLanguage":"de","potentialAction":[{"@type":"ReadAction","target":["https:\/\/radioleinewelle.de\/index.php\/2024\/08\/27\/inger-maria-mahlke-liest-aus-ihrem-generationenroman-unsereins\/"]}]},{"@type":"ImageObject","inLanguage":"de","@id":"https:\/\/radioleinewelle.de\/index.php\/2024\/08\/27\/inger-maria-mahlke-liest-aus-ihrem-generationenroman-unsereins\/#primaryimage","url":"https:\/\/radioleinewelle.de\/wp-content\/uploads\/2024\/08\/Foto-Inger-Maria-Mahlke-\u00a9-Conny-Friedrich-Meyer-scaled-e1724743408582.jpg","contentUrl":"https:\/\/radioleinewelle.de\/wp-content\/uploads\/2024\/08\/Foto-Inger-Maria-Mahlke-\u00a9-Conny-Friedrich-Meyer-scaled-e1724743408582.jpg","width":1000,"height":691},{"@type":"BreadcrumbList","@id":"https:\/\/radioleinewelle.de\/index.php\/2024\/08\/27\/inger-maria-mahlke-liest-aus-ihrem-generationenroman-unsereins\/#breadcrumb","itemListElement":[{"@type":"ListItem","position":1,"name":"Startseite","item":"https:\/\/radioleinewelle.de\/"},{"@type":"ListItem","position":2,"name":"Inger-Maria Mahlke liest aus ihrem Generationenroman &#8220;Unsereins&#8221;"}]},{"@type":"WebSite","@id":"https:\/\/radioleinewelle.de\/#website","url":"https:\/\/radioleinewelle.de\/","name":"Radio Leinewelle","description":"","publisher":{"@id":"https:\/\/radioleinewelle.de\/#organization"},"potentialAction":[{"@type":"SearchAction","target":{"@type":"EntryPoint","urlTemplate":"https:\/\/radioleinewelle.de\/?s={search_term_string}"},"query-input":{"@type":"PropertyValueSpecification","valueRequired":true,"valueName":"search_term_string"}}],"inLanguage":"de"},{"@type":"Organization","@id":"https:\/\/radioleinewelle.de\/#organization","name":"Radio Leinewelle","alternateName":"Mein Radio f\u00fcr S\u00fcdniedersachsen","url":"https:\/\/radioleinewelle.de\/","logo":{"@type":"ImageObject","inLanguage":"de","@id":"https:\/\/radioleinewelle.de\/#\/schema\/logo\/image\/","url":"https:\/\/radioleinewelle.de\/wp-content\/uploads\/2023\/11\/cropped-Leinewelle_Logo_weiss.png","contentUrl":"https:\/\/radioleinewelle.de\/wp-content\/uploads\/2023\/11\/cropped-Leinewelle_Logo_weiss.png","width":854,"height":260,"caption":"Radio Leinewelle"},"image":{"@id":"https:\/\/radioleinewelle.de\/#\/schema\/logo\/image\/"},"sameAs":["https:\/\/www.facebook.com\/radioleinewelle","https:\/\/x.com\/RLeinewelle","https:\/\/www.instagram.com\/radioleinewelle\/?hl=de"]},{"@type":"Person","@id":"https:\/\/radioleinewelle.de\/#\/schema\/person\/45606f348637df637192dc1b68399a63","name":"Leinewelle","image":{"@type":"ImageObject","inLanguage":"de","@id":"https:\/\/secure.gravatar.com\/avatar\/05c9a17bc973052ee5d91549bd32fb4dd0dc85b7b85ae94b2e2b4943476bbea5?s=96&d=blank&r=g","url":"https:\/\/secure.gravatar.com\/avatar\/05c9a17bc973052ee5d91549bd32fb4dd0dc85b7b85ae94b2e2b4943476bbea5?s=96&d=blank&r=g","contentUrl":"https:\/\/secure.gravatar.com\/avatar\/05c9a17bc973052ee5d91549bd32fb4dd0dc85b7b85ae94b2e2b4943476bbea5?s=96&d=blank&r=g","caption":"Leinewelle"},"sameAs":["http:\/\/localhost\/radio%20leinewelle\/wordpress","https:\/\/www.facebook.com\/radioleinewelle","https:\/\/www.instagram.com\/radioleinewelle","https:\/\/x.com\/https:\/\/twitter.com\/RLeinewelle?ref_src=twsrcgoogletwcampserptwgrauthor","https:\/\/soundcloud.com\/foerderverein-lokalradio?utm_source=clipboard&utm_medium=text&utm_campaign=social_sharing"],"url":"https:\/\/radioleinewelle.de\/index.php\/author\/leinewelle\/"}]}},"_links":{"self":[{"href":"https:\/\/radioleinewelle.de\/index.php\/wp-json\/wp\/v2\/posts\/26043","targetHints":{"allow":["GET"]}}],"collection":[{"href":"https:\/\/radioleinewelle.de\/index.php\/wp-json\/wp\/v2\/posts"}],"about":[{"href":"https:\/\/radioleinewelle.de\/index.php\/wp-json\/wp\/v2\/types\/post"}],"author":[{"embeddable":true,"href":"https:\/\/radioleinewelle.de\/index.php\/wp-json\/wp\/v2\/users\/1"}],"replies":[{"embeddable":true,"href":"https:\/\/radioleinewelle.de\/index.php\/wp-json\/wp\/v2\/comments?post=26043"}],"version-history":[{"count":3,"href":"https:\/\/radioleinewelle.de\/index.php\/wp-json\/wp\/v2\/posts\/26043\/revisions"}],"predecessor-version":[{"id":26049,"href":"https:\/\/radioleinewelle.de\/index.php\/wp-json\/wp\/v2\/posts\/26043\/revisions\/26049"}],"wp:featuredmedia":[{"embeddable":true,"href":"https:\/\/radioleinewelle.de\/index.php\/wp-json\/wp\/v2\/media\/26044"}],"wp:attachment":[{"href":"https:\/\/radioleinewelle.de\/index.php\/wp-json\/wp\/v2\/media?parent=26043"}],"wp:term":[{"taxonomy":"category","embeddable":true,"href":"https:\/\/radioleinewelle.de\/index.php\/wp-json\/wp\/v2\/categories?post=26043"},{"taxonomy":"post_tag","embeddable":true,"href":"https:\/\/radioleinewelle.de\/index.php\/wp-json\/wp\/v2\/tags?post=26043"}],"curies":[{"name":"wp","href":"https:\/\/api.w.org\/{rel}","templated":true}]}}