{"id":26051,"date":"2024-08-29T10:14:54","date_gmt":"2024-08-29T08:14:54","guid":{"rendered":"https:\/\/radioleinewelle.de\/?p=26051"},"modified":"2024-08-29T21:30:56","modified_gmt":"2024-08-29T19:30:56","slug":"amselsterben-in-suedniedersachsen","status":"publish","type":"post","link":"https:\/\/radioleinewelle.de\/index.php\/2024\/08\/29\/amselsterben-in-suedniedersachsen\/","title":{"rendered":"Amselsterben in S\u00fcdniedersachsen"},"content":{"rendered":"\n<p>Nach mehreren Jahren der Ruhe gibt es derzeit in Niedersachsen zunehmend mehr Meldungen \u00fcber vermutlich durch das Usutu-Virus get\u00f6tete Amseln. Auch das NABU-Artenschutzzentrum in Leiferde erreichten in den letzten Wochen zahlreiche Telefonanrufe, bei denen von toten bzw. orientierungslosen, taumelnden oder aufgeplusterten Amseln berichtet wurde. Die in der Station eingelieferten gestorbenen Amseln wurden an das Landesamt f\u00fcr Verbraucherschutz und Lebensmittelsicherheit (LAVES) eingeschickt, um den Verdacht zu best\u00e4tigen. \u201eLeider hat das Amt die Bef\u00fcrchtung best\u00e4tigt. Ein Drittel der toten Amseln war mit dem Usutu-Virus infiziert\u201c, berichtet B\u00e4rbel Rogoschik vom NABU-Artenschutzzentrum. \u201eMomentan befinden wir uns wahrscheinlich auf der Spitze des Krankheitsverlaufes, der sich in den n\u00e4chsten Wochen abschw\u00e4chen wird. Wir werden am Ende des Sommers weniger Amseln in unseren G\u00e4rten verzeichnen k\u00f6nnen. Umso wichtiger ist es, diesen und anderen Singv\u00f6geln ein naturnahes Refugium zur Verf\u00fcgung zu stellen, wo sie sich erholen und im n\u00e4chsten Jahr wieder fortpflanzen k\u00f6nnen\u201c.<\/p>\n\n\n\n<p>Durch das Virus verursachte Todesf\u00e4lle von V\u00f6geln treten jeweils w\u00e4hrend der Stechm\u00fcckensaison von Mai bis September auf. Fast immer sind es Amseln, bei denen diese Krankheit festgestellt wird, weshalb die Usutu-Epidemie auch als \u201eAmselsterben\u201c bekannt wurde. Allerdings werden auch andere Vogelarten von diesem Virus befallen und k\u00f6nnen daran sterben. Seit dem erstmaligen Auftreten dieses Vogelsterbens im Jahr 2011 breitet sich das besonders im Sp\u00e4tsommer von Stechm\u00fccken auf V\u00f6gel \u00fcbertragene Usutu-Virus zunehmend in Deutschland aus. Waren in den ersten Jahren lediglich w\u00e4rmebeg\u00fcnstigte Regionen entlang des Rheintals und am Untermain betroffen, konnte seit 2016 eine Ausbreitung nach Norden und Nordosten festgestellt werden. Die Stechm\u00fccken, die \u00dcbertr\u00e4ger des Virus sind, konnten sich in diesem Jahr wahrscheinlich vielerorts aufgrund der anhaltenden Feuchtigkeit gut entwickeln.<\/p>\n\n\n\n<p>Die Funddaten (Ort und Datum) und Beobachtungen zu den Symptomen der V\u00f6gel k\u00f6nnen online gemeldet werden:&nbsp;<a href=\"http:\/\/www.nabu.de\/usutu\">www.nabu.de\/usutu<\/a><\/p>\n\n\n\n<p>Die eingehenden Meldungen helfen dabei, die Gesamtsituation besser einzusch\u00e4tzen (genaue Anzahl, regionale Konzentration oder bundesweites Auftreten etc.). Aktuell gibt es deutlich mehr Meldungen als im Vorjahr.  B\u00fcrger*innen werden gebeten, weiterhin Verdachtsf\u00e4lle zu melden, um einen m\u00f6glichst guten \u00dcberblick \u00fcber das Virus und seine Verbreitung zu erhalten. Bei Fragen oder Hilfestellung beim digitalen Melden wenden Sie sich gerne an die NABU-Regionalgesch\u00e4ftsstelle S\u00fcdniedersachsen unter: 0551 291415 54.&#8220;<br>Bild von <a href=\"https:\/\/pixabay.com\/de\/users\/matteobaronti-1670529\/?utm_source=link-attribution&amp;utm_medium=referral&amp;utm_campaign=image&amp;utm_content=7855547\">Matteo Baronti<\/a> auf <a href=\"https:\/\/pixabay.com\/de\/\/?utm_source=link-attribution&amp;utm_medium=referral&amp;utm_campaign=image&amp;utm_content=7855547\">Pixabay<\/a><\/p>\n","protected":false},"excerpt":{"rendered":"<p>Nach mehreren Jahren der Ruhe gibt es derzeit in Niedersachsen zunehmend mehr Meldungen \u00fcber vermutlich durch das Usutu-Virus get\u00f6tete Amseln. Auch das NABU-Artenschutzzentrum in Leiferde erreichten in den letzten Wochen zahlreiche Telefonanrufe, bei denen von toten bzw. orientierungslosen, taumelnden oder aufgeplusterten Amseln berichtet wurde. Die in der Station eingelieferten gestorbenen Amseln wurden an das Landesamt [&hellip;]<\/p>\n","protected":false},"author":1,"featured_media":26053,"comment_status":"open","ping_status":"open","sticky":true,"template":"","format":"standard","meta":{"saved_in_kubio":false,"footnotes":""},"categories":[1],"tags":[],"class_list":["post-26051","post","type-post","status-publish","format-standard","has-post-thumbnail","hentry","category-allgemein"],"yoast_head":"<!-- This site is optimized with the Yoast SEO plugin v27.5 - https:\/\/yoast.com\/product\/yoast-seo-wordpress\/ -->\n<title>Amselsterben in S\u00fcdniedersachsen - Radio Leinewelle<\/title>\n<meta name=\"robots\" content=\"index, follow, max-snippet:-1, max-image-preview:large, max-video-preview:-1\" \/>\n<link rel=\"canonical\" href=\"https:\/\/radioleinewelle.de\/index.php\/2024\/08\/29\/amselsterben-in-suedniedersachsen\/\" \/>\n<meta property=\"og:locale\" content=\"de_DE\" \/>\n<meta property=\"og:type\" content=\"article\" \/>\n<meta property=\"og:title\" content=\"Amselsterben in S\u00fcdniedersachsen - Radio Leinewelle\" \/>\n<meta property=\"og:description\" content=\"Nach mehreren Jahren der Ruhe gibt es derzeit in Niedersachsen zunehmend mehr Meldungen \u00fcber vermutlich durch das Usutu-Virus get\u00f6tete Amseln. Auch das NABU-Artenschutzzentrum in Leiferde erreichten in den letzten Wochen zahlreiche Telefonanrufe, bei denen von toten bzw. orientierungslosen, taumelnden oder aufgeplusterten Amseln berichtet wurde. Die in der Station eingelieferten gestorbenen Amseln wurden an das Landesamt [&hellip;]\" \/>\n<meta property=\"og:url\" content=\"https:\/\/radioleinewelle.de\/index.php\/2024\/08\/29\/amselsterben-in-suedniedersachsen\/\" \/>\n<meta property=\"og:site_name\" content=\"Radio Leinewelle\" \/>\n<meta property=\"article:publisher\" content=\"https:\/\/www.facebook.com\/radioleinewelle\" \/>\n<meta property=\"article:author\" content=\"https:\/\/www.facebook.com\/radioleinewelle\" \/>\n<meta property=\"article:published_time\" content=\"2024-08-29T08:14:54+00:00\" \/>\n<meta property=\"article:modified_time\" content=\"2024-08-29T19:30:56+00:00\" \/>\n<meta property=\"og:image\" content=\"https:\/\/radioleinewelle.de\/wp-content\/uploads\/2024\/08\/blackbird-7855547_1280.jpg\" \/>\n\t<meta property=\"og:image:width\" content=\"1280\" \/>\n\t<meta property=\"og:image:height\" content=\"854\" \/>\n\t<meta property=\"og:image:type\" content=\"image\/jpeg\" \/>\n<meta name=\"author\" content=\"Leinewelle\" \/>\n<meta name=\"twitter:card\" content=\"summary_large_image\" \/>\n<meta name=\"twitter:creator\" content=\"@https:\/\/twitter.com\/RLeinewelle?ref_src=twsrcgoogletwcampserptwgrauthor\" \/>\n<meta name=\"twitter:site\" content=\"@RLeinewelle\" \/>\n<meta name=\"twitter:label1\" content=\"Verfasst von\" \/>\n\t<meta name=\"twitter:data1\" content=\"Leinewelle\" \/>\n\t<meta name=\"twitter:label2\" content=\"Gesch\u00e4tzte Lesezeit\" \/>\n\t<meta name=\"twitter:data2\" content=\"3\u00a0Minuten\" \/>\n<script type=\"application\/ld+json\" class=\"yoast-schema-graph\">{\"@context\":\"https:\\\/\\\/schema.org\",\"@graph\":[{\"@type\":\"Article\",\"@id\":\"https:\\\/\\\/radioleinewelle.de\\\/index.php\\\/2024\\\/08\\\/29\\\/amselsterben-in-suedniedersachsen\\\/#article\",\"isPartOf\":{\"@id\":\"https:\\\/\\\/radioleinewelle.de\\\/index.php\\\/2024\\\/08\\\/29\\\/amselsterben-in-suedniedersachsen\\\/\"},\"author\":{\"name\":\"Leinewelle\",\"@id\":\"https:\\\/\\\/radioleinewelle.de\\\/#\\\/schema\\\/person\\\/45606f348637df637192dc1b68399a63\"},\"headline\":\"Amselsterben in S\u00fcdniedersachsen\",\"datePublished\":\"2024-08-29T08:14:54+00:00\",\"dateModified\":\"2024-08-29T19:30:56+00:00\",\"mainEntityOfPage\":{\"@id\":\"https:\\\/\\\/radioleinewelle.de\\\/index.php\\\/2024\\\/08\\\/29\\\/amselsterben-in-suedniedersachsen\\\/\"},\"wordCount\":391,\"commentCount\":0,\"publisher\":{\"@id\":\"https:\\\/\\\/radioleinewelle.de\\\/#organization\"},\"image\":{\"@id\":\"https:\\\/\\\/radioleinewelle.de\\\/index.php\\\/2024\\\/08\\\/29\\\/amselsterben-in-suedniedersachsen\\\/#primaryimage\"},\"thumbnailUrl\":\"https:\\\/\\\/radioleinewelle.de\\\/wp-content\\\/uploads\\\/2024\\\/08\\\/blackbird-7855547_1280.jpg\",\"inLanguage\":\"de\",\"potentialAction\":[{\"@type\":\"CommentAction\",\"name\":\"Comment\",\"target\":[\"https:\\\/\\\/radioleinewelle.de\\\/index.php\\\/2024\\\/08\\\/29\\\/amselsterben-in-suedniedersachsen\\\/#respond\"]}]},{\"@type\":\"WebPage\",\"@id\":\"https:\\\/\\\/radioleinewelle.de\\\/index.php\\\/2024\\\/08\\\/29\\\/amselsterben-in-suedniedersachsen\\\/\",\"url\":\"https:\\\/\\\/radioleinewelle.de\\\/index.php\\\/2024\\\/08\\\/29\\\/amselsterben-in-suedniedersachsen\\\/\",\"name\":\"Amselsterben in S\u00fcdniedersachsen - Radio Leinewelle\",\"isPartOf\":{\"@id\":\"https:\\\/\\\/radioleinewelle.de\\\/#website\"},\"primaryImageOfPage\":{\"@id\":\"https:\\\/\\\/radioleinewelle.de\\\/index.php\\\/2024\\\/08\\\/29\\\/amselsterben-in-suedniedersachsen\\\/#primaryimage\"},\"image\":{\"@id\":\"https:\\\/\\\/radioleinewelle.de\\\/index.php\\\/2024\\\/08\\\/29\\\/amselsterben-in-suedniedersachsen\\\/#primaryimage\"},\"thumbnailUrl\":\"https:\\\/\\\/radioleinewelle.de\\\/wp-content\\\/uploads\\\/2024\\\/08\\\/blackbird-7855547_1280.jpg\",\"datePublished\":\"2024-08-29T08:14:54+00:00\",\"dateModified\":\"2024-08-29T19:30:56+00:00\",\"breadcrumb\":{\"@id\":\"https:\\\/\\\/radioleinewelle.de\\\/index.php\\\/2024\\\/08\\\/29\\\/amselsterben-in-suedniedersachsen\\\/#breadcrumb\"},\"inLanguage\":\"de\",\"potentialAction\":[{\"@type\":\"ReadAction\",\"target\":[\"https:\\\/\\\/radioleinewelle.de\\\/index.php\\\/2024\\\/08\\\/29\\\/amselsterben-in-suedniedersachsen\\\/\"]}]},{\"@type\":\"ImageObject\",\"inLanguage\":\"de\",\"@id\":\"https:\\\/\\\/radioleinewelle.de\\\/index.php\\\/2024\\\/08\\\/29\\\/amselsterben-in-suedniedersachsen\\\/#primaryimage\",\"url\":\"https:\\\/\\\/radioleinewelle.de\\\/wp-content\\\/uploads\\\/2024\\\/08\\\/blackbird-7855547_1280.jpg\",\"contentUrl\":\"https:\\\/\\\/radioleinewelle.de\\\/wp-content\\\/uploads\\\/2024\\\/08\\\/blackbird-7855547_1280.jpg\",\"width\":1280,\"height\":854},{\"@type\":\"BreadcrumbList\",\"@id\":\"https:\\\/\\\/radioleinewelle.de\\\/index.php\\\/2024\\\/08\\\/29\\\/amselsterben-in-suedniedersachsen\\\/#breadcrumb\",\"itemListElement\":[{\"@type\":\"ListItem\",\"position\":1,\"name\":\"Startseite\",\"item\":\"https:\\\/\\\/radioleinewelle.de\\\/\"},{\"@type\":\"ListItem\",\"position\":2,\"name\":\"Amselsterben in S\u00fcdniedersachsen\"}]},{\"@type\":\"WebSite\",\"@id\":\"https:\\\/\\\/radioleinewelle.de\\\/#website\",\"url\":\"https:\\\/\\\/radioleinewelle.de\\\/\",\"name\":\"Radio Leinewelle\",\"description\":\"\",\"publisher\":{\"@id\":\"https:\\\/\\\/radioleinewelle.de\\\/#organization\"},\"potentialAction\":[{\"@type\":\"SearchAction\",\"target\":{\"@type\":\"EntryPoint\",\"urlTemplate\":\"https:\\\/\\\/radioleinewelle.de\\\/?s={search_term_string}\"},\"query-input\":{\"@type\":\"PropertyValueSpecification\",\"valueRequired\":true,\"valueName\":\"search_term_string\"}}],\"inLanguage\":\"de\"},{\"@type\":\"Organization\",\"@id\":\"https:\\\/\\\/radioleinewelle.de\\\/#organization\",\"name\":\"Radio Leinewelle\",\"alternateName\":\"Mein Radio f\u00fcr S\u00fcdniedersachsen\",\"url\":\"https:\\\/\\\/radioleinewelle.de\\\/\",\"logo\":{\"@type\":\"ImageObject\",\"inLanguage\":\"de\",\"@id\":\"https:\\\/\\\/radioleinewelle.de\\\/#\\\/schema\\\/logo\\\/image\\\/\",\"url\":\"https:\\\/\\\/radioleinewelle.de\\\/wp-content\\\/uploads\\\/2023\\\/11\\\/cropped-Leinewelle_Logo_weiss.png\",\"contentUrl\":\"https:\\\/\\\/radioleinewelle.de\\\/wp-content\\\/uploads\\\/2023\\\/11\\\/cropped-Leinewelle_Logo_weiss.png\",\"width\":854,\"height\":260,\"caption\":\"Radio Leinewelle\"},\"image\":{\"@id\":\"https:\\\/\\\/radioleinewelle.de\\\/#\\\/schema\\\/logo\\\/image\\\/\"},\"sameAs\":[\"https:\\\/\\\/www.facebook.com\\\/radioleinewelle\",\"https:\\\/\\\/x.com\\\/RLeinewelle\",\"https:\\\/\\\/www.instagram.com\\\/radioleinewelle\\\/?hl=de\"]},{\"@type\":\"Person\",\"@id\":\"https:\\\/\\\/radioleinewelle.de\\\/#\\\/schema\\\/person\\\/45606f348637df637192dc1b68399a63\",\"name\":\"Leinewelle\",\"image\":{\"@type\":\"ImageObject\",\"inLanguage\":\"de\",\"@id\":\"https:\\\/\\\/secure.gravatar.com\\\/avatar\\\/05c9a17bc973052ee5d91549bd32fb4dd0dc85b7b85ae94b2e2b4943476bbea5?s=96&d=blank&r=g\",\"url\":\"https:\\\/\\\/secure.gravatar.com\\\/avatar\\\/05c9a17bc973052ee5d91549bd32fb4dd0dc85b7b85ae94b2e2b4943476bbea5?s=96&d=blank&r=g\",\"contentUrl\":\"https:\\\/\\\/secure.gravatar.com\\\/avatar\\\/05c9a17bc973052ee5d91549bd32fb4dd0dc85b7b85ae94b2e2b4943476bbea5?s=96&d=blank&r=g\",\"caption\":\"Leinewelle\"},\"sameAs\":[\"http:\\\/\\\/localhost\\\/radio%20leinewelle\\\/wordpress\",\"https:\\\/\\\/www.facebook.com\\\/radioleinewelle\",\"https:\\\/\\\/www.instagram.com\\\/radioleinewelle\",\"https:\\\/\\\/x.com\\\/https:\\\/\\\/twitter.com\\\/RLeinewelle?ref_src=twsrcgoogletwcampserptwgrauthor\",\"https:\\\/\\\/soundcloud.com\\\/foerderverein-lokalradio?utm_source=clipboard&utm_medium=text&utm_campaign=social_sharing\"],\"url\":\"https:\\\/\\\/radioleinewelle.de\\\/index.php\\\/author\\\/leinewelle\\\/\"}]}<\/script>\n<!-- \/ Yoast SEO plugin. -->","yoast_head_json":{"title":"Amselsterben in S\u00fcdniedersachsen - Radio Leinewelle","robots":{"index":"index","follow":"follow","max-snippet":"max-snippet:-1","max-image-preview":"max-image-preview:large","max-video-preview":"max-video-preview:-1"},"canonical":"https:\/\/radioleinewelle.de\/index.php\/2024\/08\/29\/amselsterben-in-suedniedersachsen\/","og_locale":"de_DE","og_type":"article","og_title":"Amselsterben in S\u00fcdniedersachsen - Radio Leinewelle","og_description":"Nach mehreren Jahren der Ruhe gibt es derzeit in Niedersachsen zunehmend mehr Meldungen \u00fcber vermutlich durch das Usutu-Virus get\u00f6tete Amseln. Auch das NABU-Artenschutzzentrum in Leiferde erreichten in den letzten Wochen zahlreiche Telefonanrufe, bei denen von toten bzw. orientierungslosen, taumelnden oder aufgeplusterten Amseln berichtet wurde. Die in der Station eingelieferten gestorbenen Amseln wurden an das Landesamt [&hellip;]","og_url":"https:\/\/radioleinewelle.de\/index.php\/2024\/08\/29\/amselsterben-in-suedniedersachsen\/","og_site_name":"Radio Leinewelle","article_publisher":"https:\/\/www.facebook.com\/radioleinewelle","article_author":"https:\/\/www.facebook.com\/radioleinewelle","article_published_time":"2024-08-29T08:14:54+00:00","article_modified_time":"2024-08-29T19:30:56+00:00","og_image":[{"width":1280,"height":854,"url":"https:\/\/radioleinewelle.de\/wp-content\/uploads\/2024\/08\/blackbird-7855547_1280.jpg","type":"image\/jpeg"}],"author":"Leinewelle","twitter_card":"summary_large_image","twitter_creator":"@https:\/\/twitter.com\/RLeinewelle?ref_src=twsrcgoogletwcampserptwgrauthor","twitter_site":"@RLeinewelle","twitter_misc":{"Verfasst von":"Leinewelle","Gesch\u00e4tzte Lesezeit":"3\u00a0Minuten"},"schema":{"@context":"https:\/\/schema.org","@graph":[{"@type":"Article","@id":"https:\/\/radioleinewelle.de\/index.php\/2024\/08\/29\/amselsterben-in-suedniedersachsen\/#article","isPartOf":{"@id":"https:\/\/radioleinewelle.de\/index.php\/2024\/08\/29\/amselsterben-in-suedniedersachsen\/"},"author":{"name":"Leinewelle","@id":"https:\/\/radioleinewelle.de\/#\/schema\/person\/45606f348637df637192dc1b68399a63"},"headline":"Amselsterben in S\u00fcdniedersachsen","datePublished":"2024-08-29T08:14:54+00:00","dateModified":"2024-08-29T19:30:56+00:00","mainEntityOfPage":{"@id":"https:\/\/radioleinewelle.de\/index.php\/2024\/08\/29\/amselsterben-in-suedniedersachsen\/"},"wordCount":391,"commentCount":0,"publisher":{"@id":"https:\/\/radioleinewelle.de\/#organization"},"image":{"@id":"https:\/\/radioleinewelle.de\/index.php\/2024\/08\/29\/amselsterben-in-suedniedersachsen\/#primaryimage"},"thumbnailUrl":"https:\/\/radioleinewelle.de\/wp-content\/uploads\/2024\/08\/blackbird-7855547_1280.jpg","inLanguage":"de","potentialAction":[{"@type":"CommentAction","name":"Comment","target":["https:\/\/radioleinewelle.de\/index.php\/2024\/08\/29\/amselsterben-in-suedniedersachsen\/#respond"]}]},{"@type":"WebPage","@id":"https:\/\/radioleinewelle.de\/index.php\/2024\/08\/29\/amselsterben-in-suedniedersachsen\/","url":"https:\/\/radioleinewelle.de\/index.php\/2024\/08\/29\/amselsterben-in-suedniedersachsen\/","name":"Amselsterben in S\u00fcdniedersachsen - Radio Leinewelle","isPartOf":{"@id":"https:\/\/radioleinewelle.de\/#website"},"primaryImageOfPage":{"@id":"https:\/\/radioleinewelle.de\/index.php\/2024\/08\/29\/amselsterben-in-suedniedersachsen\/#primaryimage"},"image":{"@id":"https:\/\/radioleinewelle.de\/index.php\/2024\/08\/29\/amselsterben-in-suedniedersachsen\/#primaryimage"},"thumbnailUrl":"https:\/\/radioleinewelle.de\/wp-content\/uploads\/2024\/08\/blackbird-7855547_1280.jpg","datePublished":"2024-08-29T08:14:54+00:00","dateModified":"2024-08-29T19:30:56+00:00","breadcrumb":{"@id":"https:\/\/radioleinewelle.de\/index.php\/2024\/08\/29\/amselsterben-in-suedniedersachsen\/#breadcrumb"},"inLanguage":"de","potentialAction":[{"@type":"ReadAction","target":["https:\/\/radioleinewelle.de\/index.php\/2024\/08\/29\/amselsterben-in-suedniedersachsen\/"]}]},{"@type":"ImageObject","inLanguage":"de","@id":"https:\/\/radioleinewelle.de\/index.php\/2024\/08\/29\/amselsterben-in-suedniedersachsen\/#primaryimage","url":"https:\/\/radioleinewelle.de\/wp-content\/uploads\/2024\/08\/blackbird-7855547_1280.jpg","contentUrl":"https:\/\/radioleinewelle.de\/wp-content\/uploads\/2024\/08\/blackbird-7855547_1280.jpg","width":1280,"height":854},{"@type":"BreadcrumbList","@id":"https:\/\/radioleinewelle.de\/index.php\/2024\/08\/29\/amselsterben-in-suedniedersachsen\/#breadcrumb","itemListElement":[{"@type":"ListItem","position":1,"name":"Startseite","item":"https:\/\/radioleinewelle.de\/"},{"@type":"ListItem","position":2,"name":"Amselsterben in S\u00fcdniedersachsen"}]},{"@type":"WebSite","@id":"https:\/\/radioleinewelle.de\/#website","url":"https:\/\/radioleinewelle.de\/","name":"Radio Leinewelle","description":"","publisher":{"@id":"https:\/\/radioleinewelle.de\/#organization"},"potentialAction":[{"@type":"SearchAction","target":{"@type":"EntryPoint","urlTemplate":"https:\/\/radioleinewelle.de\/?s={search_term_string}"},"query-input":{"@type":"PropertyValueSpecification","valueRequired":true,"valueName":"search_term_string"}}],"inLanguage":"de"},{"@type":"Organization","@id":"https:\/\/radioleinewelle.de\/#organization","name":"Radio Leinewelle","alternateName":"Mein Radio f\u00fcr S\u00fcdniedersachsen","url":"https:\/\/radioleinewelle.de\/","logo":{"@type":"ImageObject","inLanguage":"de","@id":"https:\/\/radioleinewelle.de\/#\/schema\/logo\/image\/","url":"https:\/\/radioleinewelle.de\/wp-content\/uploads\/2023\/11\/cropped-Leinewelle_Logo_weiss.png","contentUrl":"https:\/\/radioleinewelle.de\/wp-content\/uploads\/2023\/11\/cropped-Leinewelle_Logo_weiss.png","width":854,"height":260,"caption":"Radio Leinewelle"},"image":{"@id":"https:\/\/radioleinewelle.de\/#\/schema\/logo\/image\/"},"sameAs":["https:\/\/www.facebook.com\/radioleinewelle","https:\/\/x.com\/RLeinewelle","https:\/\/www.instagram.com\/radioleinewelle\/?hl=de"]},{"@type":"Person","@id":"https:\/\/radioleinewelle.de\/#\/schema\/person\/45606f348637df637192dc1b68399a63","name":"Leinewelle","image":{"@type":"ImageObject","inLanguage":"de","@id":"https:\/\/secure.gravatar.com\/avatar\/05c9a17bc973052ee5d91549bd32fb4dd0dc85b7b85ae94b2e2b4943476bbea5?s=96&d=blank&r=g","url":"https:\/\/secure.gravatar.com\/avatar\/05c9a17bc973052ee5d91549bd32fb4dd0dc85b7b85ae94b2e2b4943476bbea5?s=96&d=blank&r=g","contentUrl":"https:\/\/secure.gravatar.com\/avatar\/05c9a17bc973052ee5d91549bd32fb4dd0dc85b7b85ae94b2e2b4943476bbea5?s=96&d=blank&r=g","caption":"Leinewelle"},"sameAs":["http:\/\/localhost\/radio%20leinewelle\/wordpress","https:\/\/www.facebook.com\/radioleinewelle","https:\/\/www.instagram.com\/radioleinewelle","https:\/\/x.com\/https:\/\/twitter.com\/RLeinewelle?ref_src=twsrcgoogletwcampserptwgrauthor","https:\/\/soundcloud.com\/foerderverein-lokalradio?utm_source=clipboard&utm_medium=text&utm_campaign=social_sharing"],"url":"https:\/\/radioleinewelle.de\/index.php\/author\/leinewelle\/"}]}},"_links":{"self":[{"href":"https:\/\/radioleinewelle.de\/index.php\/wp-json\/wp\/v2\/posts\/26051","targetHints":{"allow":["GET"]}}],"collection":[{"href":"https:\/\/radioleinewelle.de\/index.php\/wp-json\/wp\/v2\/posts"}],"about":[{"href":"https:\/\/radioleinewelle.de\/index.php\/wp-json\/wp\/v2\/types\/post"}],"author":[{"embeddable":true,"href":"https:\/\/radioleinewelle.de\/index.php\/wp-json\/wp\/v2\/users\/1"}],"replies":[{"embeddable":true,"href":"https:\/\/radioleinewelle.de\/index.php\/wp-json\/wp\/v2\/comments?post=26051"}],"version-history":[{"count":2,"href":"https:\/\/radioleinewelle.de\/index.php\/wp-json\/wp\/v2\/posts\/26051\/revisions"}],"predecessor-version":[{"id":26054,"href":"https:\/\/radioleinewelle.de\/index.php\/wp-json\/wp\/v2\/posts\/26051\/revisions\/26054"}],"wp:featuredmedia":[{"embeddable":true,"href":"https:\/\/radioleinewelle.de\/index.php\/wp-json\/wp\/v2\/media\/26053"}],"wp:attachment":[{"href":"https:\/\/radioleinewelle.de\/index.php\/wp-json\/wp\/v2\/media?parent=26051"}],"wp:term":[{"taxonomy":"category","embeddable":true,"href":"https:\/\/radioleinewelle.de\/index.php\/wp-json\/wp\/v2\/categories?post=26051"},{"taxonomy":"post_tag","embeddable":true,"href":"https:\/\/radioleinewelle.de\/index.php\/wp-json\/wp\/v2\/tags?post=26051"}],"curies":[{"name":"wp","href":"https:\/\/api.w.org\/{rel}","templated":true}]}}