{"id":26082,"date":"2024-09-02T07:54:22","date_gmt":"2024-09-02T05:54:22","guid":{"rendered":"https:\/\/radioleinewelle.de\/?p=26082"},"modified":"2024-09-02T07:54:24","modified_gmt":"2024-09-02T05:54:24","slug":"viele-bewerbungen-um-den-diesjaehrigen-ndr-sachbuchpreis","status":"publish","type":"post","link":"https:\/\/radioleinewelle.de\/index.php\/2024\/09\/02\/viele-bewerbungen-um-den-diesjaehrigen-ndr-sachbuchpreis\/","title":{"rendered":"Viele Bewerbungen um den diesj\u00e4hrigen NDR Sachbuchpreis"},"content":{"rendered":"\n<p>Demokratie, Krisen und Kriege, Antisemitismus und Rechtsextremismus, K\u00fcnstliche Intelligenz und Klimafragen &#8211; das sind herausragende Themen der f\u00fcr den NDR Sachbuchpreis 2024 eingereichten B\u00fccher.&nbsp;<\/p>\n\n\n\n<p>Insgesamt 125 Titel gehen in diesem Jahr in den Wettbewerb um die mit 15.000 Euro dotierte Auszeichnung. Aus allen eingereichten B\u00fcchern w\u00e4hlt die NDR Sachbuchpreis Nominierungskommission auf Basis der definierten Wettbewerbskriterien Relevanz, Originalit\u00e4t, Lesbarkeit und nachhaltige Wirkung zehn besonders preisw\u00fcrdige Titel f\u00fcr die Longlist aus, die Ende September ver\u00f6ffentlicht wird.&nbsp;<\/p>\n\n\n\n<blockquote class=\"wp-block-quote is-layout-flow wp-block-quote-is-layout-flow\">\n<p><em> <\/em><strong><em>&#8222;Aus allen noch so ruppigen Meinungs\u00e4u\u00dferungen und absolut gesetzten Aussagen spricht doch ein Bed\u00fcrfnis &#8211; verstehen, was vor sich geht, in der Welt und im eigenen Leben. Verschw\u00f6rungstheorien und steile Thesen sind die denkbar untauglichsten Abk\u00fcrzungen bei dieser Verst\u00e4ndnissuche. Gute Sachb\u00fccher hingegen \u00f6ffnen Wege zum besseren Verst\u00e4ndnis. Wir sind also sehr gespannt, was uns an Wegweisendem erwartet.<\/em>&#8222;<\/strong><br>Leiter der Nominierungskommission von Dr. Ulrich K\u00fchn, Chef der Abteilung Kunst und Kulturjournalismus bei NDR Kultur<\/p>\n\n\n\n<p><\/p>\n<\/blockquote>\n\n\n\n<p><strong>\u00dcber den NDR Sachbuchpreis<\/strong><\/p>\n\n\n\n<p>Der NDR zeichnet mit seinem Preis Sachb\u00fccher aus, die sich zukunftsrelevanten Themen aus den Bereichen Kultur, Gesellschaft, Politik, Forschung und Wissen widmen. Der Siegertitel wird als herausragende Autor:innenleistung geehrt, die gesellschaftlich, kulturell oder wissenschaftlich relevante Themen f\u00fcr ein breites Publikum \u00f6ffnet und zum Diskurs anregt.&nbsp;<\/p>\n\n\n\n<p>Wie bereits in den Vorjahren sind der G\u00f6ttinger Literaturherbst und das G\u00f6ttinger Life-Science-Unternehmen Sartorius Partner bei der feierlichen Verleihung des NDR Sachbuchpreises am 7. November 2024 in G\u00f6ttingen. Sartorius vergibt im Rahmen der gemeinsamen Veranstaltung bereits zum vierten Mal den LifeScienceXplained &#8211; Sartorius-Preis f\u00fcr neue Kommunikation: Er ehrt junge Wissenschaftler:innen, die formatunabh\u00e4ngig komplexe Inhalte der Lebenswissenschaften einfach und gut begreiflich machen.&nbsp;<\/p>\n\n\n\n<p>Weitere Informationen gibt es online unter&nbsp;&nbsp;<a target=\"_blank\" rel=\"noreferrer noopener\" href=\"https:\/\/www.ndr.de\/kultur\/buch\/sachbuchpreis\/index.html\"><strong>ndr.de\/ndrsachbuchpreis<\/strong><\/a>&nbsp;sowie unter&nbsp;&nbsp;<a target=\"_blank\" rel=\"noreferrer noopener\" href=\"https:\/\/www.sartorius.com\/en\/company\/about-sartorius-ag\/lifesciencexplained\"><strong>sartorius.com\/lsx<\/strong><\/a><\/p>\n\n\n\n<p><strong>Foto:<\/strong> Verleihung Sachbuchpreis NDR 2023 \u00a9Radio Leinewelle (ue)<\/p>\n","protected":false},"excerpt":{"rendered":"<p>Demokratie, Krisen und Kriege, Antisemitismus und Rechtsextremismus, K\u00fcnstliche Intelligenz und Klimafragen &#8211; das sind herausragende Themen der f\u00fcr den NDR Sachbuchpreis 2024 eingereichten B\u00fccher.&nbsp; Insgesamt 125 Titel gehen in diesem Jahr in den Wettbewerb um die mit 15.000 Euro dotierte Auszeichnung. Aus allen eingereichten B\u00fcchern w\u00e4hlt die NDR Sachbuchpreis Nominierungskommission auf Basis der definierten Wettbewerbskriterien [&hellip;]<\/p>\n","protected":false},"author":1,"featured_media":26085,"comment_status":"open","ping_status":"open","sticky":true,"template":"","format":"standard","meta":{"saved_in_kubio":false,"footnotes":""},"categories":[45,54],"tags":[],"class_list":["post-26082","post","type-post","status-publish","format-standard","has-post-thumbnail","hentry","category-kultur","category-medien"],"yoast_head":"<!-- This site is optimized with the Yoast SEO plugin v27.5 - https:\/\/yoast.com\/product\/yoast-seo-wordpress\/ -->\n<title>Viele Bewerbungen um den diesj\u00e4hrigen NDR Sachbuchpreis - Radio Leinewelle<\/title>\n<meta name=\"robots\" content=\"index, follow, max-snippet:-1, max-image-preview:large, max-video-preview:-1\" \/>\n<link rel=\"canonical\" href=\"https:\/\/radioleinewelle.de\/index.php\/2024\/09\/02\/viele-bewerbungen-um-den-diesjaehrigen-ndr-sachbuchpreis\/\" \/>\n<meta property=\"og:locale\" content=\"de_DE\" \/>\n<meta property=\"og:type\" content=\"article\" \/>\n<meta property=\"og:title\" content=\"Viele Bewerbungen um den diesj\u00e4hrigen NDR Sachbuchpreis - Radio Leinewelle\" \/>\n<meta property=\"og:description\" content=\"Demokratie, Krisen und Kriege, Antisemitismus und Rechtsextremismus, K\u00fcnstliche Intelligenz und Klimafragen &#8211; das sind herausragende Themen der f\u00fcr den NDR Sachbuchpreis 2024 eingereichten B\u00fccher.&nbsp; Insgesamt 125 Titel gehen in diesem Jahr in den Wettbewerb um die mit 15.000 Euro dotierte Auszeichnung. Aus allen eingereichten B\u00fcchern w\u00e4hlt die NDR Sachbuchpreis Nominierungskommission auf Basis der definierten Wettbewerbskriterien [&hellip;]\" \/>\n<meta property=\"og:url\" content=\"https:\/\/radioleinewelle.de\/index.php\/2024\/09\/02\/viele-bewerbungen-um-den-diesjaehrigen-ndr-sachbuchpreis\/\" \/>\n<meta property=\"og:site_name\" content=\"Radio Leinewelle\" \/>\n<meta property=\"article:publisher\" content=\"https:\/\/www.facebook.com\/radioleinewelle\" \/>\n<meta property=\"article:author\" content=\"https:\/\/www.facebook.com\/radioleinewelle\" \/>\n<meta property=\"article:published_time\" content=\"2024-09-02T05:54:22+00:00\" \/>\n<meta property=\"article:modified_time\" content=\"2024-09-02T05:54:24+00:00\" \/>\n<meta property=\"og:image\" content=\"https:\/\/radioleinewelle.de\/wp-content\/uploads\/2024\/09\/NDR-Sachbuchpreis-2024-e1725256259530.jpg\" \/>\n\t<meta property=\"og:image:width\" content=\"1784\" \/>\n\t<meta property=\"og:image:height\" content=\"1068\" \/>\n\t<meta property=\"og:image:type\" content=\"image\/jpeg\" \/>\n<meta name=\"author\" content=\"Leinewelle\" \/>\n<meta name=\"twitter:card\" content=\"summary_large_image\" \/>\n<meta name=\"twitter:creator\" content=\"@https:\/\/twitter.com\/RLeinewelle?ref_src=twsrcgoogletwcampserptwgrauthor\" \/>\n<meta name=\"twitter:site\" content=\"@RLeinewelle\" \/>\n<meta name=\"twitter:label1\" content=\"Verfasst von\" \/>\n\t<meta name=\"twitter:data1\" content=\"Leinewelle\" \/>\n\t<meta name=\"twitter:label2\" content=\"Gesch\u00e4tzte Lesezeit\" \/>\n\t<meta name=\"twitter:data2\" content=\"2\u00a0Minuten\" \/>\n<script type=\"application\/ld+json\" class=\"yoast-schema-graph\">{\"@context\":\"https:\\\/\\\/schema.org\",\"@graph\":[{\"@type\":\"Article\",\"@id\":\"https:\\\/\\\/radioleinewelle.de\\\/index.php\\\/2024\\\/09\\\/02\\\/viele-bewerbungen-um-den-diesjaehrigen-ndr-sachbuchpreis\\\/#article\",\"isPartOf\":{\"@id\":\"https:\\\/\\\/radioleinewelle.de\\\/index.php\\\/2024\\\/09\\\/02\\\/viele-bewerbungen-um-den-diesjaehrigen-ndr-sachbuchpreis\\\/\"},\"author\":{\"name\":\"Leinewelle\",\"@id\":\"https:\\\/\\\/radioleinewelle.de\\\/#\\\/schema\\\/person\\\/45606f348637df637192dc1b68399a63\"},\"headline\":\"Viele Bewerbungen um den diesj\u00e4hrigen NDR Sachbuchpreis\",\"datePublished\":\"2024-09-02T05:54:22+00:00\",\"dateModified\":\"2024-09-02T05:54:24+00:00\",\"mainEntityOfPage\":{\"@id\":\"https:\\\/\\\/radioleinewelle.de\\\/index.php\\\/2024\\\/09\\\/02\\\/viele-bewerbungen-um-den-diesjaehrigen-ndr-sachbuchpreis\\\/\"},\"wordCount\":317,\"commentCount\":0,\"publisher\":{\"@id\":\"https:\\\/\\\/radioleinewelle.de\\\/#organization\"},\"image\":{\"@id\":\"https:\\\/\\\/radioleinewelle.de\\\/index.php\\\/2024\\\/09\\\/02\\\/viele-bewerbungen-um-den-diesjaehrigen-ndr-sachbuchpreis\\\/#primaryimage\"},\"thumbnailUrl\":\"https:\\\/\\\/radioleinewelle.de\\\/wp-content\\\/uploads\\\/2024\\\/09\\\/NDR-Sachbuchpreis-2024-e1725256259530.jpg\",\"articleSection\":[\"Kultur\",\"Medien\"],\"inLanguage\":\"de\",\"potentialAction\":[{\"@type\":\"CommentAction\",\"name\":\"Comment\",\"target\":[\"https:\\\/\\\/radioleinewelle.de\\\/index.php\\\/2024\\\/09\\\/02\\\/viele-bewerbungen-um-den-diesjaehrigen-ndr-sachbuchpreis\\\/#respond\"]}]},{\"@type\":\"WebPage\",\"@id\":\"https:\\\/\\\/radioleinewelle.de\\\/index.php\\\/2024\\\/09\\\/02\\\/viele-bewerbungen-um-den-diesjaehrigen-ndr-sachbuchpreis\\\/\",\"url\":\"https:\\\/\\\/radioleinewelle.de\\\/index.php\\\/2024\\\/09\\\/02\\\/viele-bewerbungen-um-den-diesjaehrigen-ndr-sachbuchpreis\\\/\",\"name\":\"Viele Bewerbungen um den diesj\u00e4hrigen NDR Sachbuchpreis - Radio Leinewelle\",\"isPartOf\":{\"@id\":\"https:\\\/\\\/radioleinewelle.de\\\/#website\"},\"primaryImageOfPage\":{\"@id\":\"https:\\\/\\\/radioleinewelle.de\\\/index.php\\\/2024\\\/09\\\/02\\\/viele-bewerbungen-um-den-diesjaehrigen-ndr-sachbuchpreis\\\/#primaryimage\"},\"image\":{\"@id\":\"https:\\\/\\\/radioleinewelle.de\\\/index.php\\\/2024\\\/09\\\/02\\\/viele-bewerbungen-um-den-diesjaehrigen-ndr-sachbuchpreis\\\/#primaryimage\"},\"thumbnailUrl\":\"https:\\\/\\\/radioleinewelle.de\\\/wp-content\\\/uploads\\\/2024\\\/09\\\/NDR-Sachbuchpreis-2024-e1725256259530.jpg\",\"datePublished\":\"2024-09-02T05:54:22+00:00\",\"dateModified\":\"2024-09-02T05:54:24+00:00\",\"breadcrumb\":{\"@id\":\"https:\\\/\\\/radioleinewelle.de\\\/index.php\\\/2024\\\/09\\\/02\\\/viele-bewerbungen-um-den-diesjaehrigen-ndr-sachbuchpreis\\\/#breadcrumb\"},\"inLanguage\":\"de\",\"potentialAction\":[{\"@type\":\"ReadAction\",\"target\":[\"https:\\\/\\\/radioleinewelle.de\\\/index.php\\\/2024\\\/09\\\/02\\\/viele-bewerbungen-um-den-diesjaehrigen-ndr-sachbuchpreis\\\/\"]}]},{\"@type\":\"ImageObject\",\"inLanguage\":\"de\",\"@id\":\"https:\\\/\\\/radioleinewelle.de\\\/index.php\\\/2024\\\/09\\\/02\\\/viele-bewerbungen-um-den-diesjaehrigen-ndr-sachbuchpreis\\\/#primaryimage\",\"url\":\"https:\\\/\\\/radioleinewelle.de\\\/wp-content\\\/uploads\\\/2024\\\/09\\\/NDR-Sachbuchpreis-2024-e1725256259530.jpg\",\"contentUrl\":\"https:\\\/\\\/radioleinewelle.de\\\/wp-content\\\/uploads\\\/2024\\\/09\\\/NDR-Sachbuchpreis-2024-e1725256259530.jpg\",\"width\":1784,\"height\":1068},{\"@type\":\"BreadcrumbList\",\"@id\":\"https:\\\/\\\/radioleinewelle.de\\\/index.php\\\/2024\\\/09\\\/02\\\/viele-bewerbungen-um-den-diesjaehrigen-ndr-sachbuchpreis\\\/#breadcrumb\",\"itemListElement\":[{\"@type\":\"ListItem\",\"position\":1,\"name\":\"Startseite\",\"item\":\"https:\\\/\\\/radioleinewelle.de\\\/\"},{\"@type\":\"ListItem\",\"position\":2,\"name\":\"Viele Bewerbungen um den diesj\u00e4hrigen NDR Sachbuchpreis\"}]},{\"@type\":\"WebSite\",\"@id\":\"https:\\\/\\\/radioleinewelle.de\\\/#website\",\"url\":\"https:\\\/\\\/radioleinewelle.de\\\/\",\"name\":\"Radio Leinewelle\",\"description\":\"\",\"publisher\":{\"@id\":\"https:\\\/\\\/radioleinewelle.de\\\/#organization\"},\"potentialAction\":[{\"@type\":\"SearchAction\",\"target\":{\"@type\":\"EntryPoint\",\"urlTemplate\":\"https:\\\/\\\/radioleinewelle.de\\\/?s={search_term_string}\"},\"query-input\":{\"@type\":\"PropertyValueSpecification\",\"valueRequired\":true,\"valueName\":\"search_term_string\"}}],\"inLanguage\":\"de\"},{\"@type\":\"Organization\",\"@id\":\"https:\\\/\\\/radioleinewelle.de\\\/#organization\",\"name\":\"Radio Leinewelle\",\"alternateName\":\"Mein Radio f\u00fcr S\u00fcdniedersachsen\",\"url\":\"https:\\\/\\\/radioleinewelle.de\\\/\",\"logo\":{\"@type\":\"ImageObject\",\"inLanguage\":\"de\",\"@id\":\"https:\\\/\\\/radioleinewelle.de\\\/#\\\/schema\\\/logo\\\/image\\\/\",\"url\":\"https:\\\/\\\/radioleinewelle.de\\\/wp-content\\\/uploads\\\/2023\\\/11\\\/cropped-Leinewelle_Logo_weiss.png\",\"contentUrl\":\"https:\\\/\\\/radioleinewelle.de\\\/wp-content\\\/uploads\\\/2023\\\/11\\\/cropped-Leinewelle_Logo_weiss.png\",\"width\":854,\"height\":260,\"caption\":\"Radio Leinewelle\"},\"image\":{\"@id\":\"https:\\\/\\\/radioleinewelle.de\\\/#\\\/schema\\\/logo\\\/image\\\/\"},\"sameAs\":[\"https:\\\/\\\/www.facebook.com\\\/radioleinewelle\",\"https:\\\/\\\/x.com\\\/RLeinewelle\",\"https:\\\/\\\/www.instagram.com\\\/radioleinewelle\\\/?hl=de\"]},{\"@type\":\"Person\",\"@id\":\"https:\\\/\\\/radioleinewelle.de\\\/#\\\/schema\\\/person\\\/45606f348637df637192dc1b68399a63\",\"name\":\"Leinewelle\",\"image\":{\"@type\":\"ImageObject\",\"inLanguage\":\"de\",\"@id\":\"https:\\\/\\\/secure.gravatar.com\\\/avatar\\\/05c9a17bc973052ee5d91549bd32fb4dd0dc85b7b85ae94b2e2b4943476bbea5?s=96&d=blank&r=g\",\"url\":\"https:\\\/\\\/secure.gravatar.com\\\/avatar\\\/05c9a17bc973052ee5d91549bd32fb4dd0dc85b7b85ae94b2e2b4943476bbea5?s=96&d=blank&r=g\",\"contentUrl\":\"https:\\\/\\\/secure.gravatar.com\\\/avatar\\\/05c9a17bc973052ee5d91549bd32fb4dd0dc85b7b85ae94b2e2b4943476bbea5?s=96&d=blank&r=g\",\"caption\":\"Leinewelle\"},\"sameAs\":[\"http:\\\/\\\/localhost\\\/radio%20leinewelle\\\/wordpress\",\"https:\\\/\\\/www.facebook.com\\\/radioleinewelle\",\"https:\\\/\\\/www.instagram.com\\\/radioleinewelle\",\"https:\\\/\\\/x.com\\\/https:\\\/\\\/twitter.com\\\/RLeinewelle?ref_src=twsrcgoogletwcampserptwgrauthor\",\"https:\\\/\\\/soundcloud.com\\\/foerderverein-lokalradio?utm_source=clipboard&utm_medium=text&utm_campaign=social_sharing\"],\"url\":\"https:\\\/\\\/radioleinewelle.de\\\/index.php\\\/author\\\/leinewelle\\\/\"}]}<\/script>\n<!-- \/ Yoast SEO plugin. -->","yoast_head_json":{"title":"Viele Bewerbungen um den diesj\u00e4hrigen NDR Sachbuchpreis - Radio Leinewelle","robots":{"index":"index","follow":"follow","max-snippet":"max-snippet:-1","max-image-preview":"max-image-preview:large","max-video-preview":"max-video-preview:-1"},"canonical":"https:\/\/radioleinewelle.de\/index.php\/2024\/09\/02\/viele-bewerbungen-um-den-diesjaehrigen-ndr-sachbuchpreis\/","og_locale":"de_DE","og_type":"article","og_title":"Viele Bewerbungen um den diesj\u00e4hrigen NDR Sachbuchpreis - Radio Leinewelle","og_description":"Demokratie, Krisen und Kriege, Antisemitismus und Rechtsextremismus, K\u00fcnstliche Intelligenz und Klimafragen &#8211; das sind herausragende Themen der f\u00fcr den NDR Sachbuchpreis 2024 eingereichten B\u00fccher.&nbsp; Insgesamt 125 Titel gehen in diesem Jahr in den Wettbewerb um die mit 15.000 Euro dotierte Auszeichnung. Aus allen eingereichten B\u00fcchern w\u00e4hlt die NDR Sachbuchpreis Nominierungskommission auf Basis der definierten Wettbewerbskriterien [&hellip;]","og_url":"https:\/\/radioleinewelle.de\/index.php\/2024\/09\/02\/viele-bewerbungen-um-den-diesjaehrigen-ndr-sachbuchpreis\/","og_site_name":"Radio Leinewelle","article_publisher":"https:\/\/www.facebook.com\/radioleinewelle","article_author":"https:\/\/www.facebook.com\/radioleinewelle","article_published_time":"2024-09-02T05:54:22+00:00","article_modified_time":"2024-09-02T05:54:24+00:00","og_image":[{"width":1784,"height":1068,"url":"https:\/\/radioleinewelle.de\/wp-content\/uploads\/2024\/09\/NDR-Sachbuchpreis-2024-e1725256259530.jpg","type":"image\/jpeg"}],"author":"Leinewelle","twitter_card":"summary_large_image","twitter_creator":"@https:\/\/twitter.com\/RLeinewelle?ref_src=twsrcgoogletwcampserptwgrauthor","twitter_site":"@RLeinewelle","twitter_misc":{"Verfasst von":"Leinewelle","Gesch\u00e4tzte Lesezeit":"2\u00a0Minuten"},"schema":{"@context":"https:\/\/schema.org","@graph":[{"@type":"Article","@id":"https:\/\/radioleinewelle.de\/index.php\/2024\/09\/02\/viele-bewerbungen-um-den-diesjaehrigen-ndr-sachbuchpreis\/#article","isPartOf":{"@id":"https:\/\/radioleinewelle.de\/index.php\/2024\/09\/02\/viele-bewerbungen-um-den-diesjaehrigen-ndr-sachbuchpreis\/"},"author":{"name":"Leinewelle","@id":"https:\/\/radioleinewelle.de\/#\/schema\/person\/45606f348637df637192dc1b68399a63"},"headline":"Viele Bewerbungen um den diesj\u00e4hrigen NDR Sachbuchpreis","datePublished":"2024-09-02T05:54:22+00:00","dateModified":"2024-09-02T05:54:24+00:00","mainEntityOfPage":{"@id":"https:\/\/radioleinewelle.de\/index.php\/2024\/09\/02\/viele-bewerbungen-um-den-diesjaehrigen-ndr-sachbuchpreis\/"},"wordCount":317,"commentCount":0,"publisher":{"@id":"https:\/\/radioleinewelle.de\/#organization"},"image":{"@id":"https:\/\/radioleinewelle.de\/index.php\/2024\/09\/02\/viele-bewerbungen-um-den-diesjaehrigen-ndr-sachbuchpreis\/#primaryimage"},"thumbnailUrl":"https:\/\/radioleinewelle.de\/wp-content\/uploads\/2024\/09\/NDR-Sachbuchpreis-2024-e1725256259530.jpg","articleSection":["Kultur","Medien"],"inLanguage":"de","potentialAction":[{"@type":"CommentAction","name":"Comment","target":["https:\/\/radioleinewelle.de\/index.php\/2024\/09\/02\/viele-bewerbungen-um-den-diesjaehrigen-ndr-sachbuchpreis\/#respond"]}]},{"@type":"WebPage","@id":"https:\/\/radioleinewelle.de\/index.php\/2024\/09\/02\/viele-bewerbungen-um-den-diesjaehrigen-ndr-sachbuchpreis\/","url":"https:\/\/radioleinewelle.de\/index.php\/2024\/09\/02\/viele-bewerbungen-um-den-diesjaehrigen-ndr-sachbuchpreis\/","name":"Viele Bewerbungen um den diesj\u00e4hrigen NDR Sachbuchpreis - Radio Leinewelle","isPartOf":{"@id":"https:\/\/radioleinewelle.de\/#website"},"primaryImageOfPage":{"@id":"https:\/\/radioleinewelle.de\/index.php\/2024\/09\/02\/viele-bewerbungen-um-den-diesjaehrigen-ndr-sachbuchpreis\/#primaryimage"},"image":{"@id":"https:\/\/radioleinewelle.de\/index.php\/2024\/09\/02\/viele-bewerbungen-um-den-diesjaehrigen-ndr-sachbuchpreis\/#primaryimage"},"thumbnailUrl":"https:\/\/radioleinewelle.de\/wp-content\/uploads\/2024\/09\/NDR-Sachbuchpreis-2024-e1725256259530.jpg","datePublished":"2024-09-02T05:54:22+00:00","dateModified":"2024-09-02T05:54:24+00:00","breadcrumb":{"@id":"https:\/\/radioleinewelle.de\/index.php\/2024\/09\/02\/viele-bewerbungen-um-den-diesjaehrigen-ndr-sachbuchpreis\/#breadcrumb"},"inLanguage":"de","potentialAction":[{"@type":"ReadAction","target":["https:\/\/radioleinewelle.de\/index.php\/2024\/09\/02\/viele-bewerbungen-um-den-diesjaehrigen-ndr-sachbuchpreis\/"]}]},{"@type":"ImageObject","inLanguage":"de","@id":"https:\/\/radioleinewelle.de\/index.php\/2024\/09\/02\/viele-bewerbungen-um-den-diesjaehrigen-ndr-sachbuchpreis\/#primaryimage","url":"https:\/\/radioleinewelle.de\/wp-content\/uploads\/2024\/09\/NDR-Sachbuchpreis-2024-e1725256259530.jpg","contentUrl":"https:\/\/radioleinewelle.de\/wp-content\/uploads\/2024\/09\/NDR-Sachbuchpreis-2024-e1725256259530.jpg","width":1784,"height":1068},{"@type":"BreadcrumbList","@id":"https:\/\/radioleinewelle.de\/index.php\/2024\/09\/02\/viele-bewerbungen-um-den-diesjaehrigen-ndr-sachbuchpreis\/#breadcrumb","itemListElement":[{"@type":"ListItem","position":1,"name":"Startseite","item":"https:\/\/radioleinewelle.de\/"},{"@type":"ListItem","position":2,"name":"Viele Bewerbungen um den diesj\u00e4hrigen NDR Sachbuchpreis"}]},{"@type":"WebSite","@id":"https:\/\/radioleinewelle.de\/#website","url":"https:\/\/radioleinewelle.de\/","name":"Radio Leinewelle","description":"","publisher":{"@id":"https:\/\/radioleinewelle.de\/#organization"},"potentialAction":[{"@type":"SearchAction","target":{"@type":"EntryPoint","urlTemplate":"https:\/\/radioleinewelle.de\/?s={search_term_string}"},"query-input":{"@type":"PropertyValueSpecification","valueRequired":true,"valueName":"search_term_string"}}],"inLanguage":"de"},{"@type":"Organization","@id":"https:\/\/radioleinewelle.de\/#organization","name":"Radio Leinewelle","alternateName":"Mein Radio f\u00fcr S\u00fcdniedersachsen","url":"https:\/\/radioleinewelle.de\/","logo":{"@type":"ImageObject","inLanguage":"de","@id":"https:\/\/radioleinewelle.de\/#\/schema\/logo\/image\/","url":"https:\/\/radioleinewelle.de\/wp-content\/uploads\/2023\/11\/cropped-Leinewelle_Logo_weiss.png","contentUrl":"https:\/\/radioleinewelle.de\/wp-content\/uploads\/2023\/11\/cropped-Leinewelle_Logo_weiss.png","width":854,"height":260,"caption":"Radio Leinewelle"},"image":{"@id":"https:\/\/radioleinewelle.de\/#\/schema\/logo\/image\/"},"sameAs":["https:\/\/www.facebook.com\/radioleinewelle","https:\/\/x.com\/RLeinewelle","https:\/\/www.instagram.com\/radioleinewelle\/?hl=de"]},{"@type":"Person","@id":"https:\/\/radioleinewelle.de\/#\/schema\/person\/45606f348637df637192dc1b68399a63","name":"Leinewelle","image":{"@type":"ImageObject","inLanguage":"de","@id":"https:\/\/secure.gravatar.com\/avatar\/05c9a17bc973052ee5d91549bd32fb4dd0dc85b7b85ae94b2e2b4943476bbea5?s=96&d=blank&r=g","url":"https:\/\/secure.gravatar.com\/avatar\/05c9a17bc973052ee5d91549bd32fb4dd0dc85b7b85ae94b2e2b4943476bbea5?s=96&d=blank&r=g","contentUrl":"https:\/\/secure.gravatar.com\/avatar\/05c9a17bc973052ee5d91549bd32fb4dd0dc85b7b85ae94b2e2b4943476bbea5?s=96&d=blank&r=g","caption":"Leinewelle"},"sameAs":["http:\/\/localhost\/radio%20leinewelle\/wordpress","https:\/\/www.facebook.com\/radioleinewelle","https:\/\/www.instagram.com\/radioleinewelle","https:\/\/x.com\/https:\/\/twitter.com\/RLeinewelle?ref_src=twsrcgoogletwcampserptwgrauthor","https:\/\/soundcloud.com\/foerderverein-lokalradio?utm_source=clipboard&utm_medium=text&utm_campaign=social_sharing"],"url":"https:\/\/radioleinewelle.de\/index.php\/author\/leinewelle\/"}]}},"_links":{"self":[{"href":"https:\/\/radioleinewelle.de\/index.php\/wp-json\/wp\/v2\/posts\/26082","targetHints":{"allow":["GET"]}}],"collection":[{"href":"https:\/\/radioleinewelle.de\/index.php\/wp-json\/wp\/v2\/posts"}],"about":[{"href":"https:\/\/radioleinewelle.de\/index.php\/wp-json\/wp\/v2\/types\/post"}],"author":[{"embeddable":true,"href":"https:\/\/radioleinewelle.de\/index.php\/wp-json\/wp\/v2\/users\/1"}],"replies":[{"embeddable":true,"href":"https:\/\/radioleinewelle.de\/index.php\/wp-json\/wp\/v2\/comments?post=26082"}],"version-history":[{"count":3,"href":"https:\/\/radioleinewelle.de\/index.php\/wp-json\/wp\/v2\/posts\/26082\/revisions"}],"predecessor-version":[{"id":26086,"href":"https:\/\/radioleinewelle.de\/index.php\/wp-json\/wp\/v2\/posts\/26082\/revisions\/26086"}],"wp:featuredmedia":[{"embeddable":true,"href":"https:\/\/radioleinewelle.de\/index.php\/wp-json\/wp\/v2\/media\/26085"}],"wp:attachment":[{"href":"https:\/\/radioleinewelle.de\/index.php\/wp-json\/wp\/v2\/media?parent=26082"}],"wp:term":[{"taxonomy":"category","embeddable":true,"href":"https:\/\/radioleinewelle.de\/index.php\/wp-json\/wp\/v2\/categories?post=26082"},{"taxonomy":"post_tag","embeddable":true,"href":"https:\/\/radioleinewelle.de\/index.php\/wp-json\/wp\/v2\/tags?post=26082"}],"curies":[{"name":"wp","href":"https:\/\/api.w.org\/{rel}","templated":true}]}}