{"id":26087,"date":"2024-09-02T08:24:06","date_gmt":"2024-09-02T06:24:06","guid":{"rendered":"https:\/\/radioleinewelle.de\/?p=26087"},"modified":"2024-09-02T08:24:07","modified_gmt":"2024-09-02T06:24:07","slug":"bosse-kommt-zum-ndr-2-springside-festival-in-der-lokhalle","status":"publish","type":"post","link":"https:\/\/radioleinewelle.de\/index.php\/2024\/09\/02\/bosse-kommt-zum-ndr-2-springside-festival-in-der-lokhalle\/","title":{"rendered":"Bosse kommt zum NDR 2 Springside Festival in der Lokhalle"},"content":{"rendered":"\n<p>Am Samstag, den 10. Mai 2025 feiert das NDR 2 Springside Festival in der LOKHALLE G\u00f6ttingen Premiere. Kaum ist der Vorverkauf gestartet, haben die Veranstalter den ersten Top-Act f\u00fcr das Mega-Event best\u00e4tigt. Nach seiner ausverkauften Stadthallen-Show \u201e\u00dcbers Tr\u00e4umen\u201c erobert BOSSE nun die B\u00fchne in der G\u00f6ttinger Lokhalle.<\/p>\n\n\n\n<p>BOSSE ist seit nunmehr \u00fcber 20 Jahren eine feste und gefeierte Musik-Gr\u00f6\u00dfe in Deutschland, \u00d6sterreich und der Schweiz. Mit seinen Alben \u201eEngtanz\u201c (2015) und \u201eAlles Ist Jetzt\u201c (2018) stieg er direkt auf Platz 1 in die deutschen Albumcharts ein. Die Vorg\u00e4nger \u201eWartesaal\u201c, \u201eKraniche\u201c, sowie die Hitsingles \u201eSch\u00f6nste Zeit\u201c und \u201eDer letzte Tanz\u201c sind mit GOLD dekoriert. In Zeiten schwindender Verk\u00e4ufe, zunehmender Schnelllebigkeit und Fokussierungauf \u201eSongs\u201c noch \u00fcber 100.000 Alben zu verkaufen: eine Seltenheit. Zu einem der etabliertesten und anerkanntesten K\u00fcnstler im LiveBusiness zu geh\u00f6ren: wohl die sch\u00f6nste Auszeichnung f\u00fcr Kontinuit\u00e4t und das gr\u00f6\u00dfte Geschenk, was einem das eigene Publikum machen kann. Vor mehreren hunderttausend Menschen zu spielen. Auf den gr\u00f6\u00dften Festivals, wie z.B. Rock am Ring\/Rock im Park, Hurricane\/Southside, Highfield oder Deichbrand. Auf eigenen Open Airs und ausverkauften Club- und Hallentourneen, BOSSE bleibt ein Magnet. Nicht nur musikalisch. Ein K\u00fcnstler mit Hits, Haltung, Verantwortung und kontinuierlichem sozialem Engagement. F\u00fcr zahlreiche NGOs, wie die Bundesarbeitsgemeinschaft \u201ePro Asyl\u201c, die Hilfsorganisation \u201eHanseatic Help\u201c oder die \u201eFridays for Future\u201c Bewegung. Ein K\u00fcnstler, der seine Tr\u00e4ume nie aufgegeben hat. Auch nicht den von einer besseren, gerechteren und solidarischeren Welt.<\/p>\n\n\n\n<p>Neben BOSSE werden aber noch weitere Acts beim NDR 2 Springside Festival mit dabei sein. Welche das sein werden, wird in den kommenden Wochen bekannt gegeben. Der Ansturm auf die Tickets hat allerdings schon l\u00e4ngst begonnen. Wer dabei sein m\u00f6chte, sollte sich also beeilen.<\/p>\n\n\n\n<p>Das NDR 2 Morgen-Team Elke Wiswedel und Jens Mahrhold moderieren die neue Show.<\/p>\n\n\n\n<p>Die LOKHALLE pr\u00e4sentiert das Mega-Event gemeinsam mit Medienpartner NDR 2 und Applaus Kulturproduktionen sowie exklusiven Sponsoren aus der Region.<\/p>\n\n\n\n<p>Weitere Informationen zum Festival unter <a href=\"http:\/\/Am Samstag, den 10. Mai 2025 feiert das NDR 2 Springside Festival in der LOKHALLE G\u00f6ttingen Premiere. Kaum ist der Vorverkauf gestartet, haben die Veranstalter den ersten Top-Act f\u00fcr das Mega-Event best\u00e4tigt. Nach seiner ausverkauften Stadthallen-Show \u201e\u00dcbers Tr\u00e4umen\u201c erobert BOSSE nun die B\u00fchne in der G\u00f6ttinger Lokhalle.  BOSSE ist seit nunmehr \u00fcber 20 Jahren eine feste und gefeierte Musik-Gr\u00f6\u00dfe in Deutschland, \u00d6sterreich und der Schweiz. Mit seinen Alben \u201eEngtanz\u201c (2015) und \u201eAlles Ist Jetzt\u201c (2018) stieg er direkt auf Platz 1 in die deutschen Albumcharts ein. Die Vorg\u00e4nger \u201eWartesaal\u201c, \u201eKraniche\u201c, sowie die Hitsingles \u201eSch\u00f6nste Zeit\u201c und \u201eDer letzte Tanz\u201c sind mit GOLD dekoriert. In Zeiten schwindender Verk\u00e4ufe, zunehmender Schnelllebigkeit und Fokussierungauf \u201eSongs\u201c noch \u00fcber 100.000 Alben zu verkaufen: eine Seltenheit. Zu einem der etabliertesten und anerkanntesten K\u00fcnstler im LiveBusiness zu geh\u00f6ren: wohl die sch\u00f6nste Auszeichnung f\u00fcr Kontinuit\u00e4t und das gr\u00f6\u00dfte Geschenk, was einem das eigene Publikum machen kann. Vor mehreren hunderttausend Menschen zu spielen. Auf den gr\u00f6\u00dften Festivals, wie z.B. Rock am Ring\/Rock im Park, Hurricane\/Southside, Highfield oder Deichbrand. Auf eigenen Open Airs und ausverkauften Club- und Hallentourneen, BOSSE bleibt ein Magnet. Nicht nur musikalisch. Ein K\u00fcnstler mit Hits, Haltung, Verantwortung und kontinuierlichem sozialem Engagement. F\u00fcr zahlreiche NGOs, wie die Bundesarbeitsgemeinschaft \u201ePro Asyl\u201c, die Hilfsorganisation \u201eHanseatic Help\u201c oder die \u201eFridays for Future\u201c Bewegung. Ein K\u00fcnstler, der seine Tr\u00e4ume nie aufgegeben hat. Auch nicht den von einer besseren, gerechteren und solidarischeren Welt.  Neben BOSSE werden aber noch weitere Acts beim NDR 2 Springside Festival mit dabei sein. Welche das sein werden, wird in den kommenden Wochen bekannt gegeben. Der Ansturm auf die Tickets hat allerdings schon l\u00e4ngst begonnen. Wer dabei sein m\u00f6chte, sollte sich also beeilen.  Das NDR 2 Morgen-Team Elke Wiswedel und Jens Mahrhold moderieren die neue Show.  Die LOKHALLE pr\u00e4sentiert das Mega-Event gemeinsam mit Medienpartner NDR 2 und Applaus Kulturproduktionen sowie exklusiven Sponsoren aus der Region.  Weitere Informationen zum Festival unter www.springside-festival.de.  Tickets sind an allen bekannten Vorverkaufsstellen erh\u00e4ltlich. Alle Stehplatz-Tickets kosten 59,00 \u20ac incl. Geb\u00fchren* (*je nach Art der Ticketbestellung - VVK-Stelle Telefon, Internet - k\u00f6nnen zus\u00e4tzliche Geb\u00fchren f\u00fcr Bearbeitung und Versand hinzukommen. Der Veranstalter hat hierauf keinen Einfluss).\">www.springside-festival.de<\/a>.<\/p>\n\n\n\n<p>Tickets sind an allen bekannten Vorverkaufsstellen erh\u00e4ltlich. Alle Stehplatz-Tickets kosten 59,00 \u20ac incl. Geb\u00fchren* (*je nach Art der Ticketbestellung &#8211; VVK-Stelle Telefon, Internet &#8211; k\u00f6nnen zus\u00e4tzliche Geb\u00fchren f\u00fcr Bearbeitung und Versand hinzukommen. Der Veranstalter hat hierauf keinen Einfluss).<\/p>\n\n\n\n<p><strong>Foto:<\/strong> \u00a9Sarah Storch<\/p>\n","protected":false},"excerpt":{"rendered":"<p>Am Samstag, den 10. Mai 2025 feiert das NDR 2 Springside Festival in der LOKHALLE G\u00f6ttingen Premiere. Kaum ist der Vorverkauf gestartet, haben die Veranstalter den ersten Top-Act f\u00fcr das Mega-Event best\u00e4tigt. Nach seiner ausverkauften Stadthallen-Show \u201e\u00dcbers Tr\u00e4umen\u201c erobert BOSSE nun die B\u00fchne in der G\u00f6ttinger Lokhalle. BOSSE ist seit nunmehr \u00fcber 20 Jahren eine [&hellip;]<\/p>\n","protected":false},"author":1,"featured_media":26089,"comment_status":"open","ping_status":"open","sticky":false,"template":"","format":"standard","meta":{"saved_in_kubio":false,"footnotes":""},"categories":[1],"tags":[],"class_list":["post-26087","post","type-post","status-publish","format-standard","has-post-thumbnail","hentry","category-allgemein"],"yoast_head":"<!-- This site is optimized with the Yoast SEO plugin v27.5 - https:\/\/yoast.com\/product\/yoast-seo-wordpress\/ -->\n<title>Bosse kommt zum NDR 2 Springside Festival in der Lokhalle - Radio Leinewelle<\/title>\n<meta name=\"robots\" content=\"index, follow, max-snippet:-1, max-image-preview:large, max-video-preview:-1\" \/>\n<link rel=\"canonical\" href=\"https:\/\/radioleinewelle.de\/index.php\/2024\/09\/02\/bosse-kommt-zum-ndr-2-springside-festival-in-der-lokhalle\/\" \/>\n<meta property=\"og:locale\" content=\"de_DE\" \/>\n<meta property=\"og:type\" content=\"article\" \/>\n<meta property=\"og:title\" content=\"Bosse kommt zum NDR 2 Springside Festival in der Lokhalle - Radio Leinewelle\" \/>\n<meta property=\"og:description\" content=\"Am Samstag, den 10. Mai 2025 feiert das NDR 2 Springside Festival in der LOKHALLE G\u00f6ttingen Premiere. Kaum ist der Vorverkauf gestartet, haben die Veranstalter den ersten Top-Act f\u00fcr das Mega-Event best\u00e4tigt. Nach seiner ausverkauften Stadthallen-Show \u201e\u00dcbers Tr\u00e4umen\u201c erobert BOSSE nun die B\u00fchne in der G\u00f6ttinger Lokhalle. BOSSE ist seit nunmehr \u00fcber 20 Jahren eine [&hellip;]\" \/>\n<meta property=\"og:url\" content=\"https:\/\/radioleinewelle.de\/index.php\/2024\/09\/02\/bosse-kommt-zum-ndr-2-springside-festival-in-der-lokhalle\/\" \/>\n<meta property=\"og:site_name\" content=\"Radio Leinewelle\" \/>\n<meta property=\"article:publisher\" content=\"https:\/\/www.facebook.com\/radioleinewelle\" \/>\n<meta property=\"article:author\" content=\"https:\/\/www.facebook.com\/radioleinewelle\" \/>\n<meta property=\"article:published_time\" content=\"2024-09-02T06:24:06+00:00\" \/>\n<meta property=\"article:modified_time\" content=\"2024-09-02T06:24:07+00:00\" \/>\n<meta property=\"og:image\" content=\"https:\/\/radioleinewelle.de\/wp-content\/uploads\/2024\/09\/Bosse-\u00a9-Sarah-Storch-scaled-e1725258166232.jpg\" \/>\n\t<meta property=\"og:image:width\" content=\"1000\" \/>\n\t<meta property=\"og:image:height\" content=\"668\" \/>\n\t<meta property=\"og:image:type\" content=\"image\/jpeg\" \/>\n<meta name=\"author\" content=\"Leinewelle\" \/>\n<meta name=\"twitter:card\" content=\"summary_large_image\" \/>\n<meta name=\"twitter:creator\" content=\"@https:\/\/twitter.com\/RLeinewelle?ref_src=twsrcgoogletwcampserptwgrauthor\" \/>\n<meta name=\"twitter:site\" content=\"@RLeinewelle\" \/>\n<meta name=\"twitter:label1\" content=\"Verfasst von\" \/>\n\t<meta name=\"twitter:data1\" content=\"Leinewelle\" \/>\n\t<meta name=\"twitter:label2\" content=\"Gesch\u00e4tzte Lesezeit\" \/>\n\t<meta name=\"twitter:data2\" content=\"3\u00a0Minuten\" \/>\n<script type=\"application\/ld+json\" class=\"yoast-schema-graph\">{\"@context\":\"https:\\\/\\\/schema.org\",\"@graph\":[{\"@type\":\"Article\",\"@id\":\"https:\\\/\\\/radioleinewelle.de\\\/index.php\\\/2024\\\/09\\\/02\\\/bosse-kommt-zum-ndr-2-springside-festival-in-der-lokhalle\\\/#article\",\"isPartOf\":{\"@id\":\"https:\\\/\\\/radioleinewelle.de\\\/index.php\\\/2024\\\/09\\\/02\\\/bosse-kommt-zum-ndr-2-springside-festival-in-der-lokhalle\\\/\"},\"author\":{\"name\":\"Leinewelle\",\"@id\":\"https:\\\/\\\/radioleinewelle.de\\\/#\\\/schema\\\/person\\\/45606f348637df637192dc1b68399a63\"},\"headline\":\"Bosse kommt zum NDR 2 Springside Festival in der Lokhalle\",\"datePublished\":\"2024-09-02T06:24:06+00:00\",\"dateModified\":\"2024-09-02T06:24:07+00:00\",\"mainEntityOfPage\":{\"@id\":\"https:\\\/\\\/radioleinewelle.de\\\/index.php\\\/2024\\\/09\\\/02\\\/bosse-kommt-zum-ndr-2-springside-festival-in-der-lokhalle\\\/\"},\"wordCount\":385,\"commentCount\":0,\"publisher\":{\"@id\":\"https:\\\/\\\/radioleinewelle.de\\\/#organization\"},\"image\":{\"@id\":\"https:\\\/\\\/radioleinewelle.de\\\/index.php\\\/2024\\\/09\\\/02\\\/bosse-kommt-zum-ndr-2-springside-festival-in-der-lokhalle\\\/#primaryimage\"},\"thumbnailUrl\":\"https:\\\/\\\/radioleinewelle.de\\\/wp-content\\\/uploads\\\/2024\\\/09\\\/Bosse-\u00a9-Sarah-Storch-scaled-e1725258166232.jpg\",\"inLanguage\":\"de\",\"potentialAction\":[{\"@type\":\"CommentAction\",\"name\":\"Comment\",\"target\":[\"https:\\\/\\\/radioleinewelle.de\\\/index.php\\\/2024\\\/09\\\/02\\\/bosse-kommt-zum-ndr-2-springside-festival-in-der-lokhalle\\\/#respond\"]}]},{\"@type\":\"WebPage\",\"@id\":\"https:\\\/\\\/radioleinewelle.de\\\/index.php\\\/2024\\\/09\\\/02\\\/bosse-kommt-zum-ndr-2-springside-festival-in-der-lokhalle\\\/\",\"url\":\"https:\\\/\\\/radioleinewelle.de\\\/index.php\\\/2024\\\/09\\\/02\\\/bosse-kommt-zum-ndr-2-springside-festival-in-der-lokhalle\\\/\",\"name\":\"Bosse kommt zum NDR 2 Springside Festival in der Lokhalle - Radio Leinewelle\",\"isPartOf\":{\"@id\":\"https:\\\/\\\/radioleinewelle.de\\\/#website\"},\"primaryImageOfPage\":{\"@id\":\"https:\\\/\\\/radioleinewelle.de\\\/index.php\\\/2024\\\/09\\\/02\\\/bosse-kommt-zum-ndr-2-springside-festival-in-der-lokhalle\\\/#primaryimage\"},\"image\":{\"@id\":\"https:\\\/\\\/radioleinewelle.de\\\/index.php\\\/2024\\\/09\\\/02\\\/bosse-kommt-zum-ndr-2-springside-festival-in-der-lokhalle\\\/#primaryimage\"},\"thumbnailUrl\":\"https:\\\/\\\/radioleinewelle.de\\\/wp-content\\\/uploads\\\/2024\\\/09\\\/Bosse-\u00a9-Sarah-Storch-scaled-e1725258166232.jpg\",\"datePublished\":\"2024-09-02T06:24:06+00:00\",\"dateModified\":\"2024-09-02T06:24:07+00:00\",\"breadcrumb\":{\"@id\":\"https:\\\/\\\/radioleinewelle.de\\\/index.php\\\/2024\\\/09\\\/02\\\/bosse-kommt-zum-ndr-2-springside-festival-in-der-lokhalle\\\/#breadcrumb\"},\"inLanguage\":\"de\",\"potentialAction\":[{\"@type\":\"ReadAction\",\"target\":[\"https:\\\/\\\/radioleinewelle.de\\\/index.php\\\/2024\\\/09\\\/02\\\/bosse-kommt-zum-ndr-2-springside-festival-in-der-lokhalle\\\/\"]}]},{\"@type\":\"ImageObject\",\"inLanguage\":\"de\",\"@id\":\"https:\\\/\\\/radioleinewelle.de\\\/index.php\\\/2024\\\/09\\\/02\\\/bosse-kommt-zum-ndr-2-springside-festival-in-der-lokhalle\\\/#primaryimage\",\"url\":\"https:\\\/\\\/radioleinewelle.de\\\/wp-content\\\/uploads\\\/2024\\\/09\\\/Bosse-\u00a9-Sarah-Storch-scaled-e1725258166232.jpg\",\"contentUrl\":\"https:\\\/\\\/radioleinewelle.de\\\/wp-content\\\/uploads\\\/2024\\\/09\\\/Bosse-\u00a9-Sarah-Storch-scaled-e1725258166232.jpg\",\"width\":1000,\"height\":668},{\"@type\":\"BreadcrumbList\",\"@id\":\"https:\\\/\\\/radioleinewelle.de\\\/index.php\\\/2024\\\/09\\\/02\\\/bosse-kommt-zum-ndr-2-springside-festival-in-der-lokhalle\\\/#breadcrumb\",\"itemListElement\":[{\"@type\":\"ListItem\",\"position\":1,\"name\":\"Startseite\",\"item\":\"https:\\\/\\\/radioleinewelle.de\\\/\"},{\"@type\":\"ListItem\",\"position\":2,\"name\":\"Bosse kommt zum NDR 2 Springside Festival in der Lokhalle\"}]},{\"@type\":\"WebSite\",\"@id\":\"https:\\\/\\\/radioleinewelle.de\\\/#website\",\"url\":\"https:\\\/\\\/radioleinewelle.de\\\/\",\"name\":\"Radio Leinewelle\",\"description\":\"\",\"publisher\":{\"@id\":\"https:\\\/\\\/radioleinewelle.de\\\/#organization\"},\"potentialAction\":[{\"@type\":\"SearchAction\",\"target\":{\"@type\":\"EntryPoint\",\"urlTemplate\":\"https:\\\/\\\/radioleinewelle.de\\\/?s={search_term_string}\"},\"query-input\":{\"@type\":\"PropertyValueSpecification\",\"valueRequired\":true,\"valueName\":\"search_term_string\"}}],\"inLanguage\":\"de\"},{\"@type\":\"Organization\",\"@id\":\"https:\\\/\\\/radioleinewelle.de\\\/#organization\",\"name\":\"Radio Leinewelle\",\"alternateName\":\"Mein Radio f\u00fcr S\u00fcdniedersachsen\",\"url\":\"https:\\\/\\\/radioleinewelle.de\\\/\",\"logo\":{\"@type\":\"ImageObject\",\"inLanguage\":\"de\",\"@id\":\"https:\\\/\\\/radioleinewelle.de\\\/#\\\/schema\\\/logo\\\/image\\\/\",\"url\":\"https:\\\/\\\/radioleinewelle.de\\\/wp-content\\\/uploads\\\/2023\\\/11\\\/cropped-Leinewelle_Logo_weiss.png\",\"contentUrl\":\"https:\\\/\\\/radioleinewelle.de\\\/wp-content\\\/uploads\\\/2023\\\/11\\\/cropped-Leinewelle_Logo_weiss.png\",\"width\":854,\"height\":260,\"caption\":\"Radio Leinewelle\"},\"image\":{\"@id\":\"https:\\\/\\\/radioleinewelle.de\\\/#\\\/schema\\\/logo\\\/image\\\/\"},\"sameAs\":[\"https:\\\/\\\/www.facebook.com\\\/radioleinewelle\",\"https:\\\/\\\/x.com\\\/RLeinewelle\",\"https:\\\/\\\/www.instagram.com\\\/radioleinewelle\\\/?hl=de\"]},{\"@type\":\"Person\",\"@id\":\"https:\\\/\\\/radioleinewelle.de\\\/#\\\/schema\\\/person\\\/45606f348637df637192dc1b68399a63\",\"name\":\"Leinewelle\",\"image\":{\"@type\":\"ImageObject\",\"inLanguage\":\"de\",\"@id\":\"https:\\\/\\\/secure.gravatar.com\\\/avatar\\\/05c9a17bc973052ee5d91549bd32fb4dd0dc85b7b85ae94b2e2b4943476bbea5?s=96&d=blank&r=g\",\"url\":\"https:\\\/\\\/secure.gravatar.com\\\/avatar\\\/05c9a17bc973052ee5d91549bd32fb4dd0dc85b7b85ae94b2e2b4943476bbea5?s=96&d=blank&r=g\",\"contentUrl\":\"https:\\\/\\\/secure.gravatar.com\\\/avatar\\\/05c9a17bc973052ee5d91549bd32fb4dd0dc85b7b85ae94b2e2b4943476bbea5?s=96&d=blank&r=g\",\"caption\":\"Leinewelle\"},\"sameAs\":[\"http:\\\/\\\/localhost\\\/radio%20leinewelle\\\/wordpress\",\"https:\\\/\\\/www.facebook.com\\\/radioleinewelle\",\"https:\\\/\\\/www.instagram.com\\\/radioleinewelle\",\"https:\\\/\\\/x.com\\\/https:\\\/\\\/twitter.com\\\/RLeinewelle?ref_src=twsrcgoogletwcampserptwgrauthor\",\"https:\\\/\\\/soundcloud.com\\\/foerderverein-lokalradio?utm_source=clipboard&utm_medium=text&utm_campaign=social_sharing\"],\"url\":\"https:\\\/\\\/radioleinewelle.de\\\/index.php\\\/author\\\/leinewelle\\\/\"}]}<\/script>\n<!-- \/ Yoast SEO plugin. -->","yoast_head_json":{"title":"Bosse kommt zum NDR 2 Springside Festival in der Lokhalle - Radio Leinewelle","robots":{"index":"index","follow":"follow","max-snippet":"max-snippet:-1","max-image-preview":"max-image-preview:large","max-video-preview":"max-video-preview:-1"},"canonical":"https:\/\/radioleinewelle.de\/index.php\/2024\/09\/02\/bosse-kommt-zum-ndr-2-springside-festival-in-der-lokhalle\/","og_locale":"de_DE","og_type":"article","og_title":"Bosse kommt zum NDR 2 Springside Festival in der Lokhalle - Radio Leinewelle","og_description":"Am Samstag, den 10. Mai 2025 feiert das NDR 2 Springside Festival in der LOKHALLE G\u00f6ttingen Premiere. Kaum ist der Vorverkauf gestartet, haben die Veranstalter den ersten Top-Act f\u00fcr das Mega-Event best\u00e4tigt. Nach seiner ausverkauften Stadthallen-Show \u201e\u00dcbers Tr\u00e4umen\u201c erobert BOSSE nun die B\u00fchne in der G\u00f6ttinger Lokhalle. BOSSE ist seit nunmehr \u00fcber 20 Jahren eine [&hellip;]","og_url":"https:\/\/radioleinewelle.de\/index.php\/2024\/09\/02\/bosse-kommt-zum-ndr-2-springside-festival-in-der-lokhalle\/","og_site_name":"Radio Leinewelle","article_publisher":"https:\/\/www.facebook.com\/radioleinewelle","article_author":"https:\/\/www.facebook.com\/radioleinewelle","article_published_time":"2024-09-02T06:24:06+00:00","article_modified_time":"2024-09-02T06:24:07+00:00","og_image":[{"width":1000,"height":668,"url":"https:\/\/radioleinewelle.de\/wp-content\/uploads\/2024\/09\/Bosse-\u00a9-Sarah-Storch-scaled-e1725258166232.jpg","type":"image\/jpeg"}],"author":"Leinewelle","twitter_card":"summary_large_image","twitter_creator":"@https:\/\/twitter.com\/RLeinewelle?ref_src=twsrcgoogletwcampserptwgrauthor","twitter_site":"@RLeinewelle","twitter_misc":{"Verfasst von":"Leinewelle","Gesch\u00e4tzte Lesezeit":"3\u00a0Minuten"},"schema":{"@context":"https:\/\/schema.org","@graph":[{"@type":"Article","@id":"https:\/\/radioleinewelle.de\/index.php\/2024\/09\/02\/bosse-kommt-zum-ndr-2-springside-festival-in-der-lokhalle\/#article","isPartOf":{"@id":"https:\/\/radioleinewelle.de\/index.php\/2024\/09\/02\/bosse-kommt-zum-ndr-2-springside-festival-in-der-lokhalle\/"},"author":{"name":"Leinewelle","@id":"https:\/\/radioleinewelle.de\/#\/schema\/person\/45606f348637df637192dc1b68399a63"},"headline":"Bosse kommt zum NDR 2 Springside Festival in der Lokhalle","datePublished":"2024-09-02T06:24:06+00:00","dateModified":"2024-09-02T06:24:07+00:00","mainEntityOfPage":{"@id":"https:\/\/radioleinewelle.de\/index.php\/2024\/09\/02\/bosse-kommt-zum-ndr-2-springside-festival-in-der-lokhalle\/"},"wordCount":385,"commentCount":0,"publisher":{"@id":"https:\/\/radioleinewelle.de\/#organization"},"image":{"@id":"https:\/\/radioleinewelle.de\/index.php\/2024\/09\/02\/bosse-kommt-zum-ndr-2-springside-festival-in-der-lokhalle\/#primaryimage"},"thumbnailUrl":"https:\/\/radioleinewelle.de\/wp-content\/uploads\/2024\/09\/Bosse-\u00a9-Sarah-Storch-scaled-e1725258166232.jpg","inLanguage":"de","potentialAction":[{"@type":"CommentAction","name":"Comment","target":["https:\/\/radioleinewelle.de\/index.php\/2024\/09\/02\/bosse-kommt-zum-ndr-2-springside-festival-in-der-lokhalle\/#respond"]}]},{"@type":"WebPage","@id":"https:\/\/radioleinewelle.de\/index.php\/2024\/09\/02\/bosse-kommt-zum-ndr-2-springside-festival-in-der-lokhalle\/","url":"https:\/\/radioleinewelle.de\/index.php\/2024\/09\/02\/bosse-kommt-zum-ndr-2-springside-festival-in-der-lokhalle\/","name":"Bosse kommt zum NDR 2 Springside Festival in der Lokhalle - Radio Leinewelle","isPartOf":{"@id":"https:\/\/radioleinewelle.de\/#website"},"primaryImageOfPage":{"@id":"https:\/\/radioleinewelle.de\/index.php\/2024\/09\/02\/bosse-kommt-zum-ndr-2-springside-festival-in-der-lokhalle\/#primaryimage"},"image":{"@id":"https:\/\/radioleinewelle.de\/index.php\/2024\/09\/02\/bosse-kommt-zum-ndr-2-springside-festival-in-der-lokhalle\/#primaryimage"},"thumbnailUrl":"https:\/\/radioleinewelle.de\/wp-content\/uploads\/2024\/09\/Bosse-\u00a9-Sarah-Storch-scaled-e1725258166232.jpg","datePublished":"2024-09-02T06:24:06+00:00","dateModified":"2024-09-02T06:24:07+00:00","breadcrumb":{"@id":"https:\/\/radioleinewelle.de\/index.php\/2024\/09\/02\/bosse-kommt-zum-ndr-2-springside-festival-in-der-lokhalle\/#breadcrumb"},"inLanguage":"de","potentialAction":[{"@type":"ReadAction","target":["https:\/\/radioleinewelle.de\/index.php\/2024\/09\/02\/bosse-kommt-zum-ndr-2-springside-festival-in-der-lokhalle\/"]}]},{"@type":"ImageObject","inLanguage":"de","@id":"https:\/\/radioleinewelle.de\/index.php\/2024\/09\/02\/bosse-kommt-zum-ndr-2-springside-festival-in-der-lokhalle\/#primaryimage","url":"https:\/\/radioleinewelle.de\/wp-content\/uploads\/2024\/09\/Bosse-\u00a9-Sarah-Storch-scaled-e1725258166232.jpg","contentUrl":"https:\/\/radioleinewelle.de\/wp-content\/uploads\/2024\/09\/Bosse-\u00a9-Sarah-Storch-scaled-e1725258166232.jpg","width":1000,"height":668},{"@type":"BreadcrumbList","@id":"https:\/\/radioleinewelle.de\/index.php\/2024\/09\/02\/bosse-kommt-zum-ndr-2-springside-festival-in-der-lokhalle\/#breadcrumb","itemListElement":[{"@type":"ListItem","position":1,"name":"Startseite","item":"https:\/\/radioleinewelle.de\/"},{"@type":"ListItem","position":2,"name":"Bosse kommt zum NDR 2 Springside Festival in der Lokhalle"}]},{"@type":"WebSite","@id":"https:\/\/radioleinewelle.de\/#website","url":"https:\/\/radioleinewelle.de\/","name":"Radio Leinewelle","description":"","publisher":{"@id":"https:\/\/radioleinewelle.de\/#organization"},"potentialAction":[{"@type":"SearchAction","target":{"@type":"EntryPoint","urlTemplate":"https:\/\/radioleinewelle.de\/?s={search_term_string}"},"query-input":{"@type":"PropertyValueSpecification","valueRequired":true,"valueName":"search_term_string"}}],"inLanguage":"de"},{"@type":"Organization","@id":"https:\/\/radioleinewelle.de\/#organization","name":"Radio Leinewelle","alternateName":"Mein Radio f\u00fcr S\u00fcdniedersachsen","url":"https:\/\/radioleinewelle.de\/","logo":{"@type":"ImageObject","inLanguage":"de","@id":"https:\/\/radioleinewelle.de\/#\/schema\/logo\/image\/","url":"https:\/\/radioleinewelle.de\/wp-content\/uploads\/2023\/11\/cropped-Leinewelle_Logo_weiss.png","contentUrl":"https:\/\/radioleinewelle.de\/wp-content\/uploads\/2023\/11\/cropped-Leinewelle_Logo_weiss.png","width":854,"height":260,"caption":"Radio Leinewelle"},"image":{"@id":"https:\/\/radioleinewelle.de\/#\/schema\/logo\/image\/"},"sameAs":["https:\/\/www.facebook.com\/radioleinewelle","https:\/\/x.com\/RLeinewelle","https:\/\/www.instagram.com\/radioleinewelle\/?hl=de"]},{"@type":"Person","@id":"https:\/\/radioleinewelle.de\/#\/schema\/person\/45606f348637df637192dc1b68399a63","name":"Leinewelle","image":{"@type":"ImageObject","inLanguage":"de","@id":"https:\/\/secure.gravatar.com\/avatar\/05c9a17bc973052ee5d91549bd32fb4dd0dc85b7b85ae94b2e2b4943476bbea5?s=96&d=blank&r=g","url":"https:\/\/secure.gravatar.com\/avatar\/05c9a17bc973052ee5d91549bd32fb4dd0dc85b7b85ae94b2e2b4943476bbea5?s=96&d=blank&r=g","contentUrl":"https:\/\/secure.gravatar.com\/avatar\/05c9a17bc973052ee5d91549bd32fb4dd0dc85b7b85ae94b2e2b4943476bbea5?s=96&d=blank&r=g","caption":"Leinewelle"},"sameAs":["http:\/\/localhost\/radio%20leinewelle\/wordpress","https:\/\/www.facebook.com\/radioleinewelle","https:\/\/www.instagram.com\/radioleinewelle","https:\/\/x.com\/https:\/\/twitter.com\/RLeinewelle?ref_src=twsrcgoogletwcampserptwgrauthor","https:\/\/soundcloud.com\/foerderverein-lokalradio?utm_source=clipboard&utm_medium=text&utm_campaign=social_sharing"],"url":"https:\/\/radioleinewelle.de\/index.php\/author\/leinewelle\/"}]}},"_links":{"self":[{"href":"https:\/\/radioleinewelle.de\/index.php\/wp-json\/wp\/v2\/posts\/26087","targetHints":{"allow":["GET"]}}],"collection":[{"href":"https:\/\/radioleinewelle.de\/index.php\/wp-json\/wp\/v2\/posts"}],"about":[{"href":"https:\/\/radioleinewelle.de\/index.php\/wp-json\/wp\/v2\/types\/post"}],"author":[{"embeddable":true,"href":"https:\/\/radioleinewelle.de\/index.php\/wp-json\/wp\/v2\/users\/1"}],"replies":[{"embeddable":true,"href":"https:\/\/radioleinewelle.de\/index.php\/wp-json\/wp\/v2\/comments?post=26087"}],"version-history":[{"count":2,"href":"https:\/\/radioleinewelle.de\/index.php\/wp-json\/wp\/v2\/posts\/26087\/revisions"}],"predecessor-version":[{"id":26090,"href":"https:\/\/radioleinewelle.de\/index.php\/wp-json\/wp\/v2\/posts\/26087\/revisions\/26090"}],"wp:featuredmedia":[{"embeddable":true,"href":"https:\/\/radioleinewelle.de\/index.php\/wp-json\/wp\/v2\/media\/26089"}],"wp:attachment":[{"href":"https:\/\/radioleinewelle.de\/index.php\/wp-json\/wp\/v2\/media?parent=26087"}],"wp:term":[{"taxonomy":"category","embeddable":true,"href":"https:\/\/radioleinewelle.de\/index.php\/wp-json\/wp\/v2\/categories?post=26087"},{"taxonomy":"post_tag","embeddable":true,"href":"https:\/\/radioleinewelle.de\/index.php\/wp-json\/wp\/v2\/tags?post=26087"}],"curies":[{"name":"wp","href":"https:\/\/api.w.org\/{rel}","templated":true}]}}