{"id":26113,"date":"2024-09-04T06:36:22","date_gmt":"2024-09-04T04:36:22","guid":{"rendered":"https:\/\/radioleinewelle.de\/?p=26113"},"modified":"2024-09-04T06:36:23","modified_gmt":"2024-09-04T04:36:23","slug":"neuer-infokanal-des-landeskriminalamts-auf-whatsapp","status":"publish","type":"post","link":"https:\/\/radioleinewelle.de\/index.php\/2024\/09\/04\/neuer-infokanal-des-landeskriminalamts-auf-whatsapp\/","title":{"rendered":"Neuer Infokanal des Landeskriminalamts auf WhatsApp"},"content":{"rendered":"\n<p>Das Landeskriminalamt (LKA) Niedersachsen nutzt seit letzter Woche die Funktion &#8222;Kan\u00e4le&#8220; des Instant-Messaging-Dienstes WhatsApp. Mit dieser Funktion k\u00f6nnen Interessierte Nachrichten und Informationen des LKA Niedersachsen abonnieren. Die Nutzerinnen und Nutzer erhalten regelm\u00e4\u00dfig w\u00f6chentlich Informationen zu kriminalpolizeilichen Themen und dar\u00fcber hinaus wichtige \u00d6ffentlichkeitsfahndungen nach Straft\u00e4tern und vermissten Personen f\u00fcr das Bundesland Niedersachsen.<\/p>\n\n\n\n<p>Mit der Funktion &#8222;Kan\u00e4le&#8220; des Messenger-Dienstes WhatsApp m\u00f6chte das LKA Niedersachsen das Informationsangebot zus\u00e4tzlich zu den bereits bestehenden Social-Media-Kan\u00e4len erweitern. Die Beh\u00f6rde verspricht sich davon, auch Menschen zu erreichen, die ihr bisher nicht in den sozialen Medien folgen. Mit WhatsApp wird ein f\u00fcr die Bev\u00f6lkerung wichtiger Kommunikationskanal erschlossen. Denn: Studien zeigen, dass zwei Drittel der deutschen Bev\u00f6lkerung den Messenger-Dienst t\u00e4glich nutzen, was die Wichtigkeit einer Pr\u00e4senz des LKA Niedersachsen mit den Themen der Kriminalpr\u00e4vention und Fahndung verdeutlicht.<\/p>\n\n\n\n<p>Der Kanal des LKA Niedersachsen kann in der Smartphone-App WhatsApp \u00fcber den Button &#8222;Entdecken&#8220; im Reiter &#8222;Aktuelles&#8220; gesucht werden. Die Beh\u00f6rde tr\u00e4gt den Kanalnamen &#8222;Landeskriminalamt Niedersachsen&#8220;. <\/p>\n\n\n\n<p>Gerade durch die Weiterleitung der Nachrichten des LKA Niedersachsen in der eigenen Kontaktliste der Nutzerinnen und Nutzer erhofft sich die Beh\u00f6rde eine Verbreitung wichtiger Pr\u00e4ventionsthemen und Fahndungen in Niedersachsen.<\/p>\n\n\n\n<p>Dies gilt auch f\u00fcr Fahndungsaufrufe der Polizei: Das Teilen in der eigenen Kontaktliste kann der Polizei Niedersachsen bei der Suche nach vermissten Personen oder gesuchten Straft\u00e4tern helfen. Bereits in der kommenden Woche wird das LKA Niedersachsen eine \u00d6ffentlichkeitsfahndung nach zwei gesuchten R\u00e4ubern mit neuem Video- und Bildmaterial \u00fcber den WhatsApp-Kanal verbreiten.<\/p>\n\n\n\n<p>Den WhatsApp-Channel des LKA Niedersachsen erreichen Sie \u00fcber den <a href=\"https:\/\/www.whatsapp.com\/channel\/0029Vame73z7DAWxwu0FpV2N\">folgenden Link<\/a><\/p>\n\n\n\n<p><strong>Hinweis:<\/strong> \u00dcber den WhatsApp-Channel des LKA Niedersachsen k\u00f6nnen keine Strafanzeigen erstattet werden. Hierf\u00fcr steht die Onlinewache der Polizeien in Deutschland zur Verf\u00fcgung:\u00a0<a href=\"https:\/\/portal.onlinewache.polizei.de\/\" target=\"_blank\" rel=\"noreferrer noopener\">https:\/\/portal.onlinewache.polizei.de<\/a><\/p>\n","protected":false},"excerpt":{"rendered":"<p>Das Landeskriminalamt (LKA) Niedersachsen nutzt seit letzter Woche die Funktion &#8222;Kan\u00e4le&#8220; des Instant-Messaging-Dienstes WhatsApp. Mit dieser Funktion k\u00f6nnen Interessierte Nachrichten und Informationen des LKA Niedersachsen abonnieren. Die Nutzerinnen und Nutzer erhalten regelm\u00e4\u00dfig w\u00f6chentlich Informationen zu kriminalpolizeilichen Themen und dar\u00fcber hinaus wichtige \u00d6ffentlichkeitsfahndungen nach Straft\u00e4tern und vermissten Personen f\u00fcr das Bundesland Niedersachsen. Mit der Funktion &#8222;Kan\u00e4le&#8220; [&hellip;]<\/p>\n","protected":false},"author":1,"featured_media":26116,"comment_status":"open","ping_status":"open","sticky":true,"template":"","format":"standard","meta":{"saved_in_kubio":false,"footnotes":""},"categories":[4186],"tags":[],"class_list":["post-26113","post","type-post","status-publish","format-standard","has-post-thumbnail","hentry","category-soziale-netze"],"yoast_head":"<!-- This site is optimized with the Yoast SEO plugin v27.5 - https:\/\/yoast.com\/product\/yoast-seo-wordpress\/ -->\n<title>Neuer Infokanal des Landeskriminalamts auf WhatsApp - Radio Leinewelle<\/title>\n<meta name=\"robots\" content=\"index, follow, max-snippet:-1, max-image-preview:large, max-video-preview:-1\" \/>\n<link rel=\"canonical\" href=\"https:\/\/radioleinewelle.de\/index.php\/2024\/09\/04\/neuer-infokanal-des-landeskriminalamts-auf-whatsapp\/\" \/>\n<meta property=\"og:locale\" content=\"de_DE\" \/>\n<meta property=\"og:type\" content=\"article\" \/>\n<meta property=\"og:title\" content=\"Neuer Infokanal des Landeskriminalamts auf WhatsApp - Radio Leinewelle\" \/>\n<meta property=\"og:description\" content=\"Das Landeskriminalamt (LKA) Niedersachsen nutzt seit letzter Woche die Funktion &#8222;Kan\u00e4le&#8220; des Instant-Messaging-Dienstes WhatsApp. Mit dieser Funktion k\u00f6nnen Interessierte Nachrichten und Informationen des LKA Niedersachsen abonnieren. Die Nutzerinnen und Nutzer erhalten regelm\u00e4\u00dfig w\u00f6chentlich Informationen zu kriminalpolizeilichen Themen und dar\u00fcber hinaus wichtige \u00d6ffentlichkeitsfahndungen nach Straft\u00e4tern und vermissten Personen f\u00fcr das Bundesland Niedersachsen. Mit der Funktion &#8222;Kan\u00e4le&#8220; [&hellip;]\" \/>\n<meta property=\"og:url\" content=\"https:\/\/radioleinewelle.de\/index.php\/2024\/09\/04\/neuer-infokanal-des-landeskriminalamts-auf-whatsapp\/\" \/>\n<meta property=\"og:site_name\" content=\"Radio Leinewelle\" \/>\n<meta property=\"article:publisher\" content=\"https:\/\/www.facebook.com\/radioleinewelle\" \/>\n<meta property=\"article:author\" content=\"https:\/\/www.facebook.com\/radioleinewelle\" \/>\n<meta property=\"article:published_time\" content=\"2024-09-04T04:36:22+00:00\" \/>\n<meta property=\"article:modified_time\" content=\"2024-09-04T04:36:23+00:00\" \/>\n<meta property=\"og:image\" content=\"https:\/\/radioleinewelle.de\/wp-content\/uploads\/2024\/09\/Presse-final-scaled-e1725424416731.jpg\" \/>\n\t<meta property=\"og:image:width\" content=\"1500\" \/>\n\t<meta property=\"og:image:height\" content=\"1000\" \/>\n\t<meta property=\"og:image:type\" content=\"image\/jpeg\" \/>\n<meta name=\"author\" content=\"Leinewelle\" \/>\n<meta name=\"twitter:card\" content=\"summary_large_image\" \/>\n<meta name=\"twitter:creator\" content=\"@https:\/\/twitter.com\/RLeinewelle?ref_src=twsrcgoogletwcampserptwgrauthor\" \/>\n<meta name=\"twitter:site\" content=\"@RLeinewelle\" \/>\n<meta name=\"twitter:label1\" content=\"Verfasst von\" \/>\n\t<meta name=\"twitter:data1\" content=\"Leinewelle\" \/>\n\t<meta name=\"twitter:label2\" content=\"Gesch\u00e4tzte Lesezeit\" \/>\n\t<meta name=\"twitter:data2\" content=\"2\u00a0Minuten\" \/>\n<script type=\"application\/ld+json\" class=\"yoast-schema-graph\">{\"@context\":\"https:\\\/\\\/schema.org\",\"@graph\":[{\"@type\":\"Article\",\"@id\":\"https:\\\/\\\/radioleinewelle.de\\\/index.php\\\/2024\\\/09\\\/04\\\/neuer-infokanal-des-landeskriminalamts-auf-whatsapp\\\/#article\",\"isPartOf\":{\"@id\":\"https:\\\/\\\/radioleinewelle.de\\\/index.php\\\/2024\\\/09\\\/04\\\/neuer-infokanal-des-landeskriminalamts-auf-whatsapp\\\/\"},\"author\":{\"name\":\"Leinewelle\",\"@id\":\"https:\\\/\\\/radioleinewelle.de\\\/#\\\/schema\\\/person\\\/45606f348637df637192dc1b68399a63\"},\"headline\":\"Neuer Infokanal des Landeskriminalamts auf WhatsApp\",\"datePublished\":\"2024-09-04T04:36:22+00:00\",\"dateModified\":\"2024-09-04T04:36:23+00:00\",\"mainEntityOfPage\":{\"@id\":\"https:\\\/\\\/radioleinewelle.de\\\/index.php\\\/2024\\\/09\\\/04\\\/neuer-infokanal-des-landeskriminalamts-auf-whatsapp\\\/\"},\"wordCount\":306,\"commentCount\":0,\"publisher\":{\"@id\":\"https:\\\/\\\/radioleinewelle.de\\\/#organization\"},\"image\":{\"@id\":\"https:\\\/\\\/radioleinewelle.de\\\/index.php\\\/2024\\\/09\\\/04\\\/neuer-infokanal-des-landeskriminalamts-auf-whatsapp\\\/#primaryimage\"},\"thumbnailUrl\":\"https:\\\/\\\/radioleinewelle.de\\\/wp-content\\\/uploads\\\/2024\\\/09\\\/Presse-final-scaled-e1725424416731.jpg\",\"articleSection\":[\"Soziale Netze\"],\"inLanguage\":\"de\",\"potentialAction\":[{\"@type\":\"CommentAction\",\"name\":\"Comment\",\"target\":[\"https:\\\/\\\/radioleinewelle.de\\\/index.php\\\/2024\\\/09\\\/04\\\/neuer-infokanal-des-landeskriminalamts-auf-whatsapp\\\/#respond\"]}]},{\"@type\":\"WebPage\",\"@id\":\"https:\\\/\\\/radioleinewelle.de\\\/index.php\\\/2024\\\/09\\\/04\\\/neuer-infokanal-des-landeskriminalamts-auf-whatsapp\\\/\",\"url\":\"https:\\\/\\\/radioleinewelle.de\\\/index.php\\\/2024\\\/09\\\/04\\\/neuer-infokanal-des-landeskriminalamts-auf-whatsapp\\\/\",\"name\":\"Neuer Infokanal des Landeskriminalamts auf WhatsApp - Radio Leinewelle\",\"isPartOf\":{\"@id\":\"https:\\\/\\\/radioleinewelle.de\\\/#website\"},\"primaryImageOfPage\":{\"@id\":\"https:\\\/\\\/radioleinewelle.de\\\/index.php\\\/2024\\\/09\\\/04\\\/neuer-infokanal-des-landeskriminalamts-auf-whatsapp\\\/#primaryimage\"},\"image\":{\"@id\":\"https:\\\/\\\/radioleinewelle.de\\\/index.php\\\/2024\\\/09\\\/04\\\/neuer-infokanal-des-landeskriminalamts-auf-whatsapp\\\/#primaryimage\"},\"thumbnailUrl\":\"https:\\\/\\\/radioleinewelle.de\\\/wp-content\\\/uploads\\\/2024\\\/09\\\/Presse-final-scaled-e1725424416731.jpg\",\"datePublished\":\"2024-09-04T04:36:22+00:00\",\"dateModified\":\"2024-09-04T04:36:23+00:00\",\"breadcrumb\":{\"@id\":\"https:\\\/\\\/radioleinewelle.de\\\/index.php\\\/2024\\\/09\\\/04\\\/neuer-infokanal-des-landeskriminalamts-auf-whatsapp\\\/#breadcrumb\"},\"inLanguage\":\"de\",\"potentialAction\":[{\"@type\":\"ReadAction\",\"target\":[\"https:\\\/\\\/radioleinewelle.de\\\/index.php\\\/2024\\\/09\\\/04\\\/neuer-infokanal-des-landeskriminalamts-auf-whatsapp\\\/\"]}]},{\"@type\":\"ImageObject\",\"inLanguage\":\"de\",\"@id\":\"https:\\\/\\\/radioleinewelle.de\\\/index.php\\\/2024\\\/09\\\/04\\\/neuer-infokanal-des-landeskriminalamts-auf-whatsapp\\\/#primaryimage\",\"url\":\"https:\\\/\\\/radioleinewelle.de\\\/wp-content\\\/uploads\\\/2024\\\/09\\\/Presse-final-scaled-e1725424416731.jpg\",\"contentUrl\":\"https:\\\/\\\/radioleinewelle.de\\\/wp-content\\\/uploads\\\/2024\\\/09\\\/Presse-final-scaled-e1725424416731.jpg\",\"width\":1500,\"height\":1000,\"caption\":\"WhatsApp-Kanal LKA NI\"},{\"@type\":\"BreadcrumbList\",\"@id\":\"https:\\\/\\\/radioleinewelle.de\\\/index.php\\\/2024\\\/09\\\/04\\\/neuer-infokanal-des-landeskriminalamts-auf-whatsapp\\\/#breadcrumb\",\"itemListElement\":[{\"@type\":\"ListItem\",\"position\":1,\"name\":\"Startseite\",\"item\":\"https:\\\/\\\/radioleinewelle.de\\\/\"},{\"@type\":\"ListItem\",\"position\":2,\"name\":\"Neuer Infokanal des Landeskriminalamts auf WhatsApp\"}]},{\"@type\":\"WebSite\",\"@id\":\"https:\\\/\\\/radioleinewelle.de\\\/#website\",\"url\":\"https:\\\/\\\/radioleinewelle.de\\\/\",\"name\":\"Radio Leinewelle\",\"description\":\"\",\"publisher\":{\"@id\":\"https:\\\/\\\/radioleinewelle.de\\\/#organization\"},\"potentialAction\":[{\"@type\":\"SearchAction\",\"target\":{\"@type\":\"EntryPoint\",\"urlTemplate\":\"https:\\\/\\\/radioleinewelle.de\\\/?s={search_term_string}\"},\"query-input\":{\"@type\":\"PropertyValueSpecification\",\"valueRequired\":true,\"valueName\":\"search_term_string\"}}],\"inLanguage\":\"de\"},{\"@type\":\"Organization\",\"@id\":\"https:\\\/\\\/radioleinewelle.de\\\/#organization\",\"name\":\"Radio Leinewelle\",\"alternateName\":\"Mein Radio f\u00fcr S\u00fcdniedersachsen\",\"url\":\"https:\\\/\\\/radioleinewelle.de\\\/\",\"logo\":{\"@type\":\"ImageObject\",\"inLanguage\":\"de\",\"@id\":\"https:\\\/\\\/radioleinewelle.de\\\/#\\\/schema\\\/logo\\\/image\\\/\",\"url\":\"https:\\\/\\\/radioleinewelle.de\\\/wp-content\\\/uploads\\\/2023\\\/11\\\/cropped-Leinewelle_Logo_weiss.png\",\"contentUrl\":\"https:\\\/\\\/radioleinewelle.de\\\/wp-content\\\/uploads\\\/2023\\\/11\\\/cropped-Leinewelle_Logo_weiss.png\",\"width\":854,\"height\":260,\"caption\":\"Radio Leinewelle\"},\"image\":{\"@id\":\"https:\\\/\\\/radioleinewelle.de\\\/#\\\/schema\\\/logo\\\/image\\\/\"},\"sameAs\":[\"https:\\\/\\\/www.facebook.com\\\/radioleinewelle\",\"https:\\\/\\\/x.com\\\/RLeinewelle\",\"https:\\\/\\\/www.instagram.com\\\/radioleinewelle\\\/?hl=de\"]},{\"@type\":\"Person\",\"@id\":\"https:\\\/\\\/radioleinewelle.de\\\/#\\\/schema\\\/person\\\/45606f348637df637192dc1b68399a63\",\"name\":\"Leinewelle\",\"image\":{\"@type\":\"ImageObject\",\"inLanguage\":\"de\",\"@id\":\"https:\\\/\\\/secure.gravatar.com\\\/avatar\\\/05c9a17bc973052ee5d91549bd32fb4dd0dc85b7b85ae94b2e2b4943476bbea5?s=96&d=blank&r=g\",\"url\":\"https:\\\/\\\/secure.gravatar.com\\\/avatar\\\/05c9a17bc973052ee5d91549bd32fb4dd0dc85b7b85ae94b2e2b4943476bbea5?s=96&d=blank&r=g\",\"contentUrl\":\"https:\\\/\\\/secure.gravatar.com\\\/avatar\\\/05c9a17bc973052ee5d91549bd32fb4dd0dc85b7b85ae94b2e2b4943476bbea5?s=96&d=blank&r=g\",\"caption\":\"Leinewelle\"},\"sameAs\":[\"http:\\\/\\\/localhost\\\/radio%20leinewelle\\\/wordpress\",\"https:\\\/\\\/www.facebook.com\\\/radioleinewelle\",\"https:\\\/\\\/www.instagram.com\\\/radioleinewelle\",\"https:\\\/\\\/x.com\\\/https:\\\/\\\/twitter.com\\\/RLeinewelle?ref_src=twsrcgoogletwcampserptwgrauthor\",\"https:\\\/\\\/soundcloud.com\\\/foerderverein-lokalradio?utm_source=clipboard&utm_medium=text&utm_campaign=social_sharing\"],\"url\":\"https:\\\/\\\/radioleinewelle.de\\\/index.php\\\/author\\\/leinewelle\\\/\"}]}<\/script>\n<!-- \/ Yoast SEO plugin. -->","yoast_head_json":{"title":"Neuer Infokanal des Landeskriminalamts auf WhatsApp - Radio Leinewelle","robots":{"index":"index","follow":"follow","max-snippet":"max-snippet:-1","max-image-preview":"max-image-preview:large","max-video-preview":"max-video-preview:-1"},"canonical":"https:\/\/radioleinewelle.de\/index.php\/2024\/09\/04\/neuer-infokanal-des-landeskriminalamts-auf-whatsapp\/","og_locale":"de_DE","og_type":"article","og_title":"Neuer Infokanal des Landeskriminalamts auf WhatsApp - Radio Leinewelle","og_description":"Das Landeskriminalamt (LKA) Niedersachsen nutzt seit letzter Woche die Funktion &#8222;Kan\u00e4le&#8220; des Instant-Messaging-Dienstes WhatsApp. Mit dieser Funktion k\u00f6nnen Interessierte Nachrichten und Informationen des LKA Niedersachsen abonnieren. Die Nutzerinnen und Nutzer erhalten regelm\u00e4\u00dfig w\u00f6chentlich Informationen zu kriminalpolizeilichen Themen und dar\u00fcber hinaus wichtige \u00d6ffentlichkeitsfahndungen nach Straft\u00e4tern und vermissten Personen f\u00fcr das Bundesland Niedersachsen. Mit der Funktion &#8222;Kan\u00e4le&#8220; [&hellip;]","og_url":"https:\/\/radioleinewelle.de\/index.php\/2024\/09\/04\/neuer-infokanal-des-landeskriminalamts-auf-whatsapp\/","og_site_name":"Radio Leinewelle","article_publisher":"https:\/\/www.facebook.com\/radioleinewelle","article_author":"https:\/\/www.facebook.com\/radioleinewelle","article_published_time":"2024-09-04T04:36:22+00:00","article_modified_time":"2024-09-04T04:36:23+00:00","og_image":[{"width":1500,"height":1000,"url":"https:\/\/radioleinewelle.de\/wp-content\/uploads\/2024\/09\/Presse-final-scaled-e1725424416731.jpg","type":"image\/jpeg"}],"author":"Leinewelle","twitter_card":"summary_large_image","twitter_creator":"@https:\/\/twitter.com\/RLeinewelle?ref_src=twsrcgoogletwcampserptwgrauthor","twitter_site":"@RLeinewelle","twitter_misc":{"Verfasst von":"Leinewelle","Gesch\u00e4tzte Lesezeit":"2\u00a0Minuten"},"schema":{"@context":"https:\/\/schema.org","@graph":[{"@type":"Article","@id":"https:\/\/radioleinewelle.de\/index.php\/2024\/09\/04\/neuer-infokanal-des-landeskriminalamts-auf-whatsapp\/#article","isPartOf":{"@id":"https:\/\/radioleinewelle.de\/index.php\/2024\/09\/04\/neuer-infokanal-des-landeskriminalamts-auf-whatsapp\/"},"author":{"name":"Leinewelle","@id":"https:\/\/radioleinewelle.de\/#\/schema\/person\/45606f348637df637192dc1b68399a63"},"headline":"Neuer Infokanal des Landeskriminalamts auf WhatsApp","datePublished":"2024-09-04T04:36:22+00:00","dateModified":"2024-09-04T04:36:23+00:00","mainEntityOfPage":{"@id":"https:\/\/radioleinewelle.de\/index.php\/2024\/09\/04\/neuer-infokanal-des-landeskriminalamts-auf-whatsapp\/"},"wordCount":306,"commentCount":0,"publisher":{"@id":"https:\/\/radioleinewelle.de\/#organization"},"image":{"@id":"https:\/\/radioleinewelle.de\/index.php\/2024\/09\/04\/neuer-infokanal-des-landeskriminalamts-auf-whatsapp\/#primaryimage"},"thumbnailUrl":"https:\/\/radioleinewelle.de\/wp-content\/uploads\/2024\/09\/Presse-final-scaled-e1725424416731.jpg","articleSection":["Soziale Netze"],"inLanguage":"de","potentialAction":[{"@type":"CommentAction","name":"Comment","target":["https:\/\/radioleinewelle.de\/index.php\/2024\/09\/04\/neuer-infokanal-des-landeskriminalamts-auf-whatsapp\/#respond"]}]},{"@type":"WebPage","@id":"https:\/\/radioleinewelle.de\/index.php\/2024\/09\/04\/neuer-infokanal-des-landeskriminalamts-auf-whatsapp\/","url":"https:\/\/radioleinewelle.de\/index.php\/2024\/09\/04\/neuer-infokanal-des-landeskriminalamts-auf-whatsapp\/","name":"Neuer Infokanal des Landeskriminalamts auf WhatsApp - Radio Leinewelle","isPartOf":{"@id":"https:\/\/radioleinewelle.de\/#website"},"primaryImageOfPage":{"@id":"https:\/\/radioleinewelle.de\/index.php\/2024\/09\/04\/neuer-infokanal-des-landeskriminalamts-auf-whatsapp\/#primaryimage"},"image":{"@id":"https:\/\/radioleinewelle.de\/index.php\/2024\/09\/04\/neuer-infokanal-des-landeskriminalamts-auf-whatsapp\/#primaryimage"},"thumbnailUrl":"https:\/\/radioleinewelle.de\/wp-content\/uploads\/2024\/09\/Presse-final-scaled-e1725424416731.jpg","datePublished":"2024-09-04T04:36:22+00:00","dateModified":"2024-09-04T04:36:23+00:00","breadcrumb":{"@id":"https:\/\/radioleinewelle.de\/index.php\/2024\/09\/04\/neuer-infokanal-des-landeskriminalamts-auf-whatsapp\/#breadcrumb"},"inLanguage":"de","potentialAction":[{"@type":"ReadAction","target":["https:\/\/radioleinewelle.de\/index.php\/2024\/09\/04\/neuer-infokanal-des-landeskriminalamts-auf-whatsapp\/"]}]},{"@type":"ImageObject","inLanguage":"de","@id":"https:\/\/radioleinewelle.de\/index.php\/2024\/09\/04\/neuer-infokanal-des-landeskriminalamts-auf-whatsapp\/#primaryimage","url":"https:\/\/radioleinewelle.de\/wp-content\/uploads\/2024\/09\/Presse-final-scaled-e1725424416731.jpg","contentUrl":"https:\/\/radioleinewelle.de\/wp-content\/uploads\/2024\/09\/Presse-final-scaled-e1725424416731.jpg","width":1500,"height":1000,"caption":"WhatsApp-Kanal LKA NI"},{"@type":"BreadcrumbList","@id":"https:\/\/radioleinewelle.de\/index.php\/2024\/09\/04\/neuer-infokanal-des-landeskriminalamts-auf-whatsapp\/#breadcrumb","itemListElement":[{"@type":"ListItem","position":1,"name":"Startseite","item":"https:\/\/radioleinewelle.de\/"},{"@type":"ListItem","position":2,"name":"Neuer Infokanal des Landeskriminalamts auf WhatsApp"}]},{"@type":"WebSite","@id":"https:\/\/radioleinewelle.de\/#website","url":"https:\/\/radioleinewelle.de\/","name":"Radio Leinewelle","description":"","publisher":{"@id":"https:\/\/radioleinewelle.de\/#organization"},"potentialAction":[{"@type":"SearchAction","target":{"@type":"EntryPoint","urlTemplate":"https:\/\/radioleinewelle.de\/?s={search_term_string}"},"query-input":{"@type":"PropertyValueSpecification","valueRequired":true,"valueName":"search_term_string"}}],"inLanguage":"de"},{"@type":"Organization","@id":"https:\/\/radioleinewelle.de\/#organization","name":"Radio Leinewelle","alternateName":"Mein Radio f\u00fcr S\u00fcdniedersachsen","url":"https:\/\/radioleinewelle.de\/","logo":{"@type":"ImageObject","inLanguage":"de","@id":"https:\/\/radioleinewelle.de\/#\/schema\/logo\/image\/","url":"https:\/\/radioleinewelle.de\/wp-content\/uploads\/2023\/11\/cropped-Leinewelle_Logo_weiss.png","contentUrl":"https:\/\/radioleinewelle.de\/wp-content\/uploads\/2023\/11\/cropped-Leinewelle_Logo_weiss.png","width":854,"height":260,"caption":"Radio Leinewelle"},"image":{"@id":"https:\/\/radioleinewelle.de\/#\/schema\/logo\/image\/"},"sameAs":["https:\/\/www.facebook.com\/radioleinewelle","https:\/\/x.com\/RLeinewelle","https:\/\/www.instagram.com\/radioleinewelle\/?hl=de"]},{"@type":"Person","@id":"https:\/\/radioleinewelle.de\/#\/schema\/person\/45606f348637df637192dc1b68399a63","name":"Leinewelle","image":{"@type":"ImageObject","inLanguage":"de","@id":"https:\/\/secure.gravatar.com\/avatar\/05c9a17bc973052ee5d91549bd32fb4dd0dc85b7b85ae94b2e2b4943476bbea5?s=96&d=blank&r=g","url":"https:\/\/secure.gravatar.com\/avatar\/05c9a17bc973052ee5d91549bd32fb4dd0dc85b7b85ae94b2e2b4943476bbea5?s=96&d=blank&r=g","contentUrl":"https:\/\/secure.gravatar.com\/avatar\/05c9a17bc973052ee5d91549bd32fb4dd0dc85b7b85ae94b2e2b4943476bbea5?s=96&d=blank&r=g","caption":"Leinewelle"},"sameAs":["http:\/\/localhost\/radio%20leinewelle\/wordpress","https:\/\/www.facebook.com\/radioleinewelle","https:\/\/www.instagram.com\/radioleinewelle","https:\/\/x.com\/https:\/\/twitter.com\/RLeinewelle?ref_src=twsrcgoogletwcampserptwgrauthor","https:\/\/soundcloud.com\/foerderverein-lokalradio?utm_source=clipboard&utm_medium=text&utm_campaign=social_sharing"],"url":"https:\/\/radioleinewelle.de\/index.php\/author\/leinewelle\/"}]}},"_links":{"self":[{"href":"https:\/\/radioleinewelle.de\/index.php\/wp-json\/wp\/v2\/posts\/26113","targetHints":{"allow":["GET"]}}],"collection":[{"href":"https:\/\/radioleinewelle.de\/index.php\/wp-json\/wp\/v2\/posts"}],"about":[{"href":"https:\/\/radioleinewelle.de\/index.php\/wp-json\/wp\/v2\/types\/post"}],"author":[{"embeddable":true,"href":"https:\/\/radioleinewelle.de\/index.php\/wp-json\/wp\/v2\/users\/1"}],"replies":[{"embeddable":true,"href":"https:\/\/radioleinewelle.de\/index.php\/wp-json\/wp\/v2\/comments?post=26113"}],"version-history":[{"count":3,"href":"https:\/\/radioleinewelle.de\/index.php\/wp-json\/wp\/v2\/posts\/26113\/revisions"}],"predecessor-version":[{"id":26117,"href":"https:\/\/radioleinewelle.de\/index.php\/wp-json\/wp\/v2\/posts\/26113\/revisions\/26117"}],"wp:featuredmedia":[{"embeddable":true,"href":"https:\/\/radioleinewelle.de\/index.php\/wp-json\/wp\/v2\/media\/26116"}],"wp:attachment":[{"href":"https:\/\/radioleinewelle.de\/index.php\/wp-json\/wp\/v2\/media?parent=26113"}],"wp:term":[{"taxonomy":"category","embeddable":true,"href":"https:\/\/radioleinewelle.de\/index.php\/wp-json\/wp\/v2\/categories?post=26113"},{"taxonomy":"post_tag","embeddable":true,"href":"https:\/\/radioleinewelle.de\/index.php\/wp-json\/wp\/v2\/tags?post=26113"}],"curies":[{"name":"wp","href":"https:\/\/api.w.org\/{rel}","templated":true}]}}