{"id":26121,"date":"2024-09-08T14:42:29","date_gmt":"2024-09-08T12:42:29","guid":{"rendered":"https:\/\/radioleinewelle.de\/?p=26121"},"modified":"2024-09-08T14:42:30","modified_gmt":"2024-09-08T12:42:30","slug":"viola-von-cramon-als-bundestagskandidatin-der-gruenen-fuer-den-wahlkreis-goettingen-gewaehlt","status":"publish","type":"post","link":"https:\/\/radioleinewelle.de\/index.php\/2024\/09\/08\/viola-von-cramon-als-bundestagskandidatin-der-gruenen-fuer-den-wahlkreis-goettingen-gewaehlt\/","title":{"rendered":"Viola von Cramon  als Bundestagskandidatin der Gr\u00fcnen f\u00fcr den Wahlkreis G\u00f6ttingen gew\u00e4hlt"},"content":{"rendered":"\n<p>Bei ihrer Mitgliederversammlung am Samstag im Jungen Theater haben 150 Mitglieder der Gr\u00fcnen ihre Vertreterin f\u00fcr den Wahlkreis G\u00f6ttingen bei der Bundestagswahl 2025 gew\u00e4hlt. Als Kandidatinnen traten Karo Otte und Viola von Cramon an und stellten sich nach ihren Vorstellungen den Fragen der Mitglieder. Von Cramon setzte sich im ersten Wahlgang mit 53 % der Stimmen durch und wurde damit als Wahlkreiskandidatin f\u00fcr den Wahlkreis 53 gew\u00e4hlt.<\/p>\n\n\n\n<blockquote class=\"wp-block-quote is-layout-flow wp-block-quote-is-layout-flow\">\n<p><strong><em><mark style=\"background-color:rgba(0, 0, 0, 0)\" class=\"has-inline-color has-kubio-color-2-color\">\u201eDas Erbe von J\u00fcrgen Trittin in G\u00f6ttingen anzutreten, ist eine besondere Ehre, geht aber auch mit einer starken politischen Verpflichtung einher. G\u00f6ttingen ist eine der Hochburgen von B90\/GR\u00dcNE in Niedersachsen. Ich freue mich sehr \u00fcber die Wahl zur Direktkandidatin in diesem besonderen Wahlkreis, der eine starke Uni-Stadt genauso umfasst wie den l\u00e4ndlichen Raum. Ich bin mir sicher, dass wir mit einem engagierten Wahlkampf ein exzellentes Erst- und Zweitstimmenergebnis im Wahlkreis 53 erzielen k\u00f6nnen.\u201c<\/mark><\/em><\/strong> Viola von Cramon<\/p>\n<\/blockquote>\n\n\n\n<p>Anfang des Jahres hatte J\u00fcrgen Trittin sein Mandat niedergelegt und bekannt gegeben, nicht noch einmal f\u00fcr den Bundestag zu kandidieren. Er hatte die G\u00f6ttinger Gr\u00fcnen dort \u00fcber 25 Jahre lang vertreten. Seitdem wurde der Wahlkreis G\u00f6ttingen von Karo Otte betreut, die seit 2021 f\u00fcr B\u00dcNDNIS 90\/DIE GR\u00dcNEN den Wahlkreis Goslar \u2013 Northeim \u2013 G\u00f6ttingen II im Bundestag vertritt.\u00a0<\/p>\n\n\n\n<p><\/p>\n\n\n\n<p><\/p>\n","protected":false},"excerpt":{"rendered":"<p>Bei ihrer Mitgliederversammlung am Samstag im Jungen Theater haben 150 Mitglieder der Gr\u00fcnen ihre Vertreterin f\u00fcr den Wahlkreis G\u00f6ttingen bei der Bundestagswahl 2025 gew\u00e4hlt. Als Kandidatinnen traten Karo Otte und Viola von Cramon an und stellten sich nach ihren Vorstellungen den Fragen der Mitglieder. Von Cramon setzte sich im ersten Wahlgang mit 53 % der [&hellip;]<\/p>\n","protected":false},"author":1,"featured_media":26124,"comment_status":"open","ping_status":"open","sticky":true,"template":"","format":"standard","meta":{"saved_in_kubio":false,"footnotes":""},"categories":[1],"tags":[4187],"class_list":["post-26121","post","type-post","status-publish","format-standard","has-post-thumbnail","hentry","category-allgemein","tag-viola-von-cramon"],"yoast_head":"<!-- This site is optimized with the Yoast SEO plugin v27.5 - https:\/\/yoast.com\/product\/yoast-seo-wordpress\/ -->\n<title>Viola von Cramon als Bundestagskandidatin der Gr\u00fcnen f\u00fcr den Wahlkreis G\u00f6ttingen gew\u00e4hlt - Radio Leinewelle<\/title>\n<meta name=\"robots\" content=\"index, follow, max-snippet:-1, max-image-preview:large, max-video-preview:-1\" \/>\n<link rel=\"canonical\" href=\"https:\/\/radioleinewelle.de\/index.php\/2024\/09\/08\/viola-von-cramon-als-bundestagskandidatin-der-gruenen-fuer-den-wahlkreis-goettingen-gewaehlt\/\" \/>\n<meta property=\"og:locale\" content=\"de_DE\" \/>\n<meta property=\"og:type\" content=\"article\" \/>\n<meta property=\"og:title\" content=\"Viola von Cramon als Bundestagskandidatin der Gr\u00fcnen f\u00fcr den Wahlkreis G\u00f6ttingen gew\u00e4hlt - Radio Leinewelle\" \/>\n<meta property=\"og:description\" content=\"Bei ihrer Mitgliederversammlung am Samstag im Jungen Theater haben 150 Mitglieder der Gr\u00fcnen ihre Vertreterin f\u00fcr den Wahlkreis G\u00f6ttingen bei der Bundestagswahl 2025 gew\u00e4hlt. Als Kandidatinnen traten Karo Otte und Viola von Cramon an und stellten sich nach ihren Vorstellungen den Fragen der Mitglieder. Von Cramon setzte sich im ersten Wahlgang mit 53 % der [&hellip;]\" \/>\n<meta property=\"og:url\" content=\"https:\/\/radioleinewelle.de\/index.php\/2024\/09\/08\/viola-von-cramon-als-bundestagskandidatin-der-gruenen-fuer-den-wahlkreis-goettingen-gewaehlt\/\" \/>\n<meta property=\"og:site_name\" content=\"Radio Leinewelle\" \/>\n<meta property=\"article:publisher\" content=\"https:\/\/www.facebook.com\/radioleinewelle\" \/>\n<meta property=\"article:author\" content=\"https:\/\/www.facebook.com\/radioleinewelle\" \/>\n<meta property=\"article:published_time\" content=\"2024-09-08T12:42:29+00:00\" \/>\n<meta property=\"article:modified_time\" content=\"2024-09-08T12:42:30+00:00\" \/>\n<meta property=\"og:image\" content=\"https:\/\/radioleinewelle.de\/wp-content\/uploads\/2024\/09\/Bundestagskandidatin-Viola-von-Cramon-scaled.jpg\" \/>\n\t<meta property=\"og:image:width\" content=\"1441\" \/>\n\t<meta property=\"og:image:height\" content=\"2560\" \/>\n\t<meta property=\"og:image:type\" content=\"image\/jpeg\" \/>\n<meta name=\"author\" content=\"Leinewelle\" \/>\n<meta name=\"twitter:card\" content=\"summary_large_image\" \/>\n<meta name=\"twitter:creator\" content=\"@https:\/\/twitter.com\/RLeinewelle?ref_src=twsrcgoogletwcampserptwgrauthor\" \/>\n<meta name=\"twitter:site\" content=\"@RLeinewelle\" \/>\n<meta name=\"twitter:label1\" content=\"Verfasst von\" \/>\n\t<meta name=\"twitter:data1\" content=\"Leinewelle\" \/>\n\t<meta name=\"twitter:label2\" content=\"Gesch\u00e4tzte Lesezeit\" \/>\n\t<meta name=\"twitter:data2\" content=\"1\u00a0Minute\" \/>\n<script type=\"application\/ld+json\" class=\"yoast-schema-graph\">{\"@context\":\"https:\\\/\\\/schema.org\",\"@graph\":[{\"@type\":\"Article\",\"@id\":\"https:\\\/\\\/radioleinewelle.de\\\/index.php\\\/2024\\\/09\\\/08\\\/viola-von-cramon-als-bundestagskandidatin-der-gruenen-fuer-den-wahlkreis-goettingen-gewaehlt\\\/#article\",\"isPartOf\":{\"@id\":\"https:\\\/\\\/radioleinewelle.de\\\/index.php\\\/2024\\\/09\\\/08\\\/viola-von-cramon-als-bundestagskandidatin-der-gruenen-fuer-den-wahlkreis-goettingen-gewaehlt\\\/\"},\"author\":{\"name\":\"Leinewelle\",\"@id\":\"https:\\\/\\\/radioleinewelle.de\\\/#\\\/schema\\\/person\\\/45606f348637df637192dc1b68399a63\"},\"headline\":\"Viola von Cramon als Bundestagskandidatin der Gr\u00fcnen f\u00fcr den Wahlkreis G\u00f6ttingen gew\u00e4hlt\",\"datePublished\":\"2024-09-08T12:42:29+00:00\",\"dateModified\":\"2024-09-08T12:42:30+00:00\",\"mainEntityOfPage\":{\"@id\":\"https:\\\/\\\/radioleinewelle.de\\\/index.php\\\/2024\\\/09\\\/08\\\/viola-von-cramon-als-bundestagskandidatin-der-gruenen-fuer-den-wahlkreis-goettingen-gewaehlt\\\/\"},\"wordCount\":229,\"commentCount\":0,\"publisher\":{\"@id\":\"https:\\\/\\\/radioleinewelle.de\\\/#organization\"},\"image\":{\"@id\":\"https:\\\/\\\/radioleinewelle.de\\\/index.php\\\/2024\\\/09\\\/08\\\/viola-von-cramon-als-bundestagskandidatin-der-gruenen-fuer-den-wahlkreis-goettingen-gewaehlt\\\/#primaryimage\"},\"thumbnailUrl\":\"https:\\\/\\\/radioleinewelle.de\\\/wp-content\\\/uploads\\\/2024\\\/09\\\/Bundestagskandidatin-Viola-von-Cramon-scaled.jpg\",\"keywords\":[\"Viola von Cramon\"],\"inLanguage\":\"de\",\"potentialAction\":[{\"@type\":\"CommentAction\",\"name\":\"Comment\",\"target\":[\"https:\\\/\\\/radioleinewelle.de\\\/index.php\\\/2024\\\/09\\\/08\\\/viola-von-cramon-als-bundestagskandidatin-der-gruenen-fuer-den-wahlkreis-goettingen-gewaehlt\\\/#respond\"]}]},{\"@type\":\"WebPage\",\"@id\":\"https:\\\/\\\/radioleinewelle.de\\\/index.php\\\/2024\\\/09\\\/08\\\/viola-von-cramon-als-bundestagskandidatin-der-gruenen-fuer-den-wahlkreis-goettingen-gewaehlt\\\/\",\"url\":\"https:\\\/\\\/radioleinewelle.de\\\/index.php\\\/2024\\\/09\\\/08\\\/viola-von-cramon-als-bundestagskandidatin-der-gruenen-fuer-den-wahlkreis-goettingen-gewaehlt\\\/\",\"name\":\"Viola von Cramon als Bundestagskandidatin der Gr\u00fcnen f\u00fcr den Wahlkreis G\u00f6ttingen gew\u00e4hlt - Radio Leinewelle\",\"isPartOf\":{\"@id\":\"https:\\\/\\\/radioleinewelle.de\\\/#website\"},\"primaryImageOfPage\":{\"@id\":\"https:\\\/\\\/radioleinewelle.de\\\/index.php\\\/2024\\\/09\\\/08\\\/viola-von-cramon-als-bundestagskandidatin-der-gruenen-fuer-den-wahlkreis-goettingen-gewaehlt\\\/#primaryimage\"},\"image\":{\"@id\":\"https:\\\/\\\/radioleinewelle.de\\\/index.php\\\/2024\\\/09\\\/08\\\/viola-von-cramon-als-bundestagskandidatin-der-gruenen-fuer-den-wahlkreis-goettingen-gewaehlt\\\/#primaryimage\"},\"thumbnailUrl\":\"https:\\\/\\\/radioleinewelle.de\\\/wp-content\\\/uploads\\\/2024\\\/09\\\/Bundestagskandidatin-Viola-von-Cramon-scaled.jpg\",\"datePublished\":\"2024-09-08T12:42:29+00:00\",\"dateModified\":\"2024-09-08T12:42:30+00:00\",\"breadcrumb\":{\"@id\":\"https:\\\/\\\/radioleinewelle.de\\\/index.php\\\/2024\\\/09\\\/08\\\/viola-von-cramon-als-bundestagskandidatin-der-gruenen-fuer-den-wahlkreis-goettingen-gewaehlt\\\/#breadcrumb\"},\"inLanguage\":\"de\",\"potentialAction\":[{\"@type\":\"ReadAction\",\"target\":[\"https:\\\/\\\/radioleinewelle.de\\\/index.php\\\/2024\\\/09\\\/08\\\/viola-von-cramon-als-bundestagskandidatin-der-gruenen-fuer-den-wahlkreis-goettingen-gewaehlt\\\/\"]}]},{\"@type\":\"ImageObject\",\"inLanguage\":\"de\",\"@id\":\"https:\\\/\\\/radioleinewelle.de\\\/index.php\\\/2024\\\/09\\\/08\\\/viola-von-cramon-als-bundestagskandidatin-der-gruenen-fuer-den-wahlkreis-goettingen-gewaehlt\\\/#primaryimage\",\"url\":\"https:\\\/\\\/radioleinewelle.de\\\/wp-content\\\/uploads\\\/2024\\\/09\\\/Bundestagskandidatin-Viola-von-Cramon-scaled.jpg\",\"contentUrl\":\"https:\\\/\\\/radioleinewelle.de\\\/wp-content\\\/uploads\\\/2024\\\/09\\\/Bundestagskandidatin-Viola-von-Cramon-scaled.jpg\",\"width\":1441,\"height\":2560},{\"@type\":\"BreadcrumbList\",\"@id\":\"https:\\\/\\\/radioleinewelle.de\\\/index.php\\\/2024\\\/09\\\/08\\\/viola-von-cramon-als-bundestagskandidatin-der-gruenen-fuer-den-wahlkreis-goettingen-gewaehlt\\\/#breadcrumb\",\"itemListElement\":[{\"@type\":\"ListItem\",\"position\":1,\"name\":\"Startseite\",\"item\":\"https:\\\/\\\/radioleinewelle.de\\\/\"},{\"@type\":\"ListItem\",\"position\":2,\"name\":\"Viola von Cramon als Bundestagskandidatin der Gr\u00fcnen f\u00fcr den Wahlkreis G\u00f6ttingen gew\u00e4hlt\"}]},{\"@type\":\"WebSite\",\"@id\":\"https:\\\/\\\/radioleinewelle.de\\\/#website\",\"url\":\"https:\\\/\\\/radioleinewelle.de\\\/\",\"name\":\"Radio Leinewelle\",\"description\":\"\",\"publisher\":{\"@id\":\"https:\\\/\\\/radioleinewelle.de\\\/#organization\"},\"potentialAction\":[{\"@type\":\"SearchAction\",\"target\":{\"@type\":\"EntryPoint\",\"urlTemplate\":\"https:\\\/\\\/radioleinewelle.de\\\/?s={search_term_string}\"},\"query-input\":{\"@type\":\"PropertyValueSpecification\",\"valueRequired\":true,\"valueName\":\"search_term_string\"}}],\"inLanguage\":\"de\"},{\"@type\":\"Organization\",\"@id\":\"https:\\\/\\\/radioleinewelle.de\\\/#organization\",\"name\":\"Radio Leinewelle\",\"alternateName\":\"Mein Radio f\u00fcr S\u00fcdniedersachsen\",\"url\":\"https:\\\/\\\/radioleinewelle.de\\\/\",\"logo\":{\"@type\":\"ImageObject\",\"inLanguage\":\"de\",\"@id\":\"https:\\\/\\\/radioleinewelle.de\\\/#\\\/schema\\\/logo\\\/image\\\/\",\"url\":\"https:\\\/\\\/radioleinewelle.de\\\/wp-content\\\/uploads\\\/2023\\\/11\\\/cropped-Leinewelle_Logo_weiss.png\",\"contentUrl\":\"https:\\\/\\\/radioleinewelle.de\\\/wp-content\\\/uploads\\\/2023\\\/11\\\/cropped-Leinewelle_Logo_weiss.png\",\"width\":854,\"height\":260,\"caption\":\"Radio Leinewelle\"},\"image\":{\"@id\":\"https:\\\/\\\/radioleinewelle.de\\\/#\\\/schema\\\/logo\\\/image\\\/\"},\"sameAs\":[\"https:\\\/\\\/www.facebook.com\\\/radioleinewelle\",\"https:\\\/\\\/x.com\\\/RLeinewelle\",\"https:\\\/\\\/www.instagram.com\\\/radioleinewelle\\\/?hl=de\"]},{\"@type\":\"Person\",\"@id\":\"https:\\\/\\\/radioleinewelle.de\\\/#\\\/schema\\\/person\\\/45606f348637df637192dc1b68399a63\",\"name\":\"Leinewelle\",\"image\":{\"@type\":\"ImageObject\",\"inLanguage\":\"de\",\"@id\":\"https:\\\/\\\/secure.gravatar.com\\\/avatar\\\/05c9a17bc973052ee5d91549bd32fb4dd0dc85b7b85ae94b2e2b4943476bbea5?s=96&d=blank&r=g\",\"url\":\"https:\\\/\\\/secure.gravatar.com\\\/avatar\\\/05c9a17bc973052ee5d91549bd32fb4dd0dc85b7b85ae94b2e2b4943476bbea5?s=96&d=blank&r=g\",\"contentUrl\":\"https:\\\/\\\/secure.gravatar.com\\\/avatar\\\/05c9a17bc973052ee5d91549bd32fb4dd0dc85b7b85ae94b2e2b4943476bbea5?s=96&d=blank&r=g\",\"caption\":\"Leinewelle\"},\"sameAs\":[\"http:\\\/\\\/localhost\\\/radio%20leinewelle\\\/wordpress\",\"https:\\\/\\\/www.facebook.com\\\/radioleinewelle\",\"https:\\\/\\\/www.instagram.com\\\/radioleinewelle\",\"https:\\\/\\\/x.com\\\/https:\\\/\\\/twitter.com\\\/RLeinewelle?ref_src=twsrcgoogletwcampserptwgrauthor\",\"https:\\\/\\\/soundcloud.com\\\/foerderverein-lokalradio?utm_source=clipboard&utm_medium=text&utm_campaign=social_sharing\"],\"url\":\"https:\\\/\\\/radioleinewelle.de\\\/index.php\\\/author\\\/leinewelle\\\/\"}]}<\/script>\n<!-- \/ Yoast SEO plugin. -->","yoast_head_json":{"title":"Viola von Cramon als Bundestagskandidatin der Gr\u00fcnen f\u00fcr den Wahlkreis G\u00f6ttingen gew\u00e4hlt - Radio Leinewelle","robots":{"index":"index","follow":"follow","max-snippet":"max-snippet:-1","max-image-preview":"max-image-preview:large","max-video-preview":"max-video-preview:-1"},"canonical":"https:\/\/radioleinewelle.de\/index.php\/2024\/09\/08\/viola-von-cramon-als-bundestagskandidatin-der-gruenen-fuer-den-wahlkreis-goettingen-gewaehlt\/","og_locale":"de_DE","og_type":"article","og_title":"Viola von Cramon als Bundestagskandidatin der Gr\u00fcnen f\u00fcr den Wahlkreis G\u00f6ttingen gew\u00e4hlt - Radio Leinewelle","og_description":"Bei ihrer Mitgliederversammlung am Samstag im Jungen Theater haben 150 Mitglieder der Gr\u00fcnen ihre Vertreterin f\u00fcr den Wahlkreis G\u00f6ttingen bei der Bundestagswahl 2025 gew\u00e4hlt. Als Kandidatinnen traten Karo Otte und Viola von Cramon an und stellten sich nach ihren Vorstellungen den Fragen der Mitglieder. Von Cramon setzte sich im ersten Wahlgang mit 53 % der [&hellip;]","og_url":"https:\/\/radioleinewelle.de\/index.php\/2024\/09\/08\/viola-von-cramon-als-bundestagskandidatin-der-gruenen-fuer-den-wahlkreis-goettingen-gewaehlt\/","og_site_name":"Radio Leinewelle","article_publisher":"https:\/\/www.facebook.com\/radioleinewelle","article_author":"https:\/\/www.facebook.com\/radioleinewelle","article_published_time":"2024-09-08T12:42:29+00:00","article_modified_time":"2024-09-08T12:42:30+00:00","og_image":[{"width":1441,"height":2560,"url":"https:\/\/radioleinewelle.de\/wp-content\/uploads\/2024\/09\/Bundestagskandidatin-Viola-von-Cramon-scaled.jpg","type":"image\/jpeg"}],"author":"Leinewelle","twitter_card":"summary_large_image","twitter_creator":"@https:\/\/twitter.com\/RLeinewelle?ref_src=twsrcgoogletwcampserptwgrauthor","twitter_site":"@RLeinewelle","twitter_misc":{"Verfasst von":"Leinewelle","Gesch\u00e4tzte Lesezeit":"1\u00a0Minute"},"schema":{"@context":"https:\/\/schema.org","@graph":[{"@type":"Article","@id":"https:\/\/radioleinewelle.de\/index.php\/2024\/09\/08\/viola-von-cramon-als-bundestagskandidatin-der-gruenen-fuer-den-wahlkreis-goettingen-gewaehlt\/#article","isPartOf":{"@id":"https:\/\/radioleinewelle.de\/index.php\/2024\/09\/08\/viola-von-cramon-als-bundestagskandidatin-der-gruenen-fuer-den-wahlkreis-goettingen-gewaehlt\/"},"author":{"name":"Leinewelle","@id":"https:\/\/radioleinewelle.de\/#\/schema\/person\/45606f348637df637192dc1b68399a63"},"headline":"Viola von Cramon als Bundestagskandidatin der Gr\u00fcnen f\u00fcr den Wahlkreis G\u00f6ttingen gew\u00e4hlt","datePublished":"2024-09-08T12:42:29+00:00","dateModified":"2024-09-08T12:42:30+00:00","mainEntityOfPage":{"@id":"https:\/\/radioleinewelle.de\/index.php\/2024\/09\/08\/viola-von-cramon-als-bundestagskandidatin-der-gruenen-fuer-den-wahlkreis-goettingen-gewaehlt\/"},"wordCount":229,"commentCount":0,"publisher":{"@id":"https:\/\/radioleinewelle.de\/#organization"},"image":{"@id":"https:\/\/radioleinewelle.de\/index.php\/2024\/09\/08\/viola-von-cramon-als-bundestagskandidatin-der-gruenen-fuer-den-wahlkreis-goettingen-gewaehlt\/#primaryimage"},"thumbnailUrl":"https:\/\/radioleinewelle.de\/wp-content\/uploads\/2024\/09\/Bundestagskandidatin-Viola-von-Cramon-scaled.jpg","keywords":["Viola von Cramon"],"inLanguage":"de","potentialAction":[{"@type":"CommentAction","name":"Comment","target":["https:\/\/radioleinewelle.de\/index.php\/2024\/09\/08\/viola-von-cramon-als-bundestagskandidatin-der-gruenen-fuer-den-wahlkreis-goettingen-gewaehlt\/#respond"]}]},{"@type":"WebPage","@id":"https:\/\/radioleinewelle.de\/index.php\/2024\/09\/08\/viola-von-cramon-als-bundestagskandidatin-der-gruenen-fuer-den-wahlkreis-goettingen-gewaehlt\/","url":"https:\/\/radioleinewelle.de\/index.php\/2024\/09\/08\/viola-von-cramon-als-bundestagskandidatin-der-gruenen-fuer-den-wahlkreis-goettingen-gewaehlt\/","name":"Viola von Cramon als Bundestagskandidatin der Gr\u00fcnen f\u00fcr den Wahlkreis G\u00f6ttingen gew\u00e4hlt - Radio Leinewelle","isPartOf":{"@id":"https:\/\/radioleinewelle.de\/#website"},"primaryImageOfPage":{"@id":"https:\/\/radioleinewelle.de\/index.php\/2024\/09\/08\/viola-von-cramon-als-bundestagskandidatin-der-gruenen-fuer-den-wahlkreis-goettingen-gewaehlt\/#primaryimage"},"image":{"@id":"https:\/\/radioleinewelle.de\/index.php\/2024\/09\/08\/viola-von-cramon-als-bundestagskandidatin-der-gruenen-fuer-den-wahlkreis-goettingen-gewaehlt\/#primaryimage"},"thumbnailUrl":"https:\/\/radioleinewelle.de\/wp-content\/uploads\/2024\/09\/Bundestagskandidatin-Viola-von-Cramon-scaled.jpg","datePublished":"2024-09-08T12:42:29+00:00","dateModified":"2024-09-08T12:42:30+00:00","breadcrumb":{"@id":"https:\/\/radioleinewelle.de\/index.php\/2024\/09\/08\/viola-von-cramon-als-bundestagskandidatin-der-gruenen-fuer-den-wahlkreis-goettingen-gewaehlt\/#breadcrumb"},"inLanguage":"de","potentialAction":[{"@type":"ReadAction","target":["https:\/\/radioleinewelle.de\/index.php\/2024\/09\/08\/viola-von-cramon-als-bundestagskandidatin-der-gruenen-fuer-den-wahlkreis-goettingen-gewaehlt\/"]}]},{"@type":"ImageObject","inLanguage":"de","@id":"https:\/\/radioleinewelle.de\/index.php\/2024\/09\/08\/viola-von-cramon-als-bundestagskandidatin-der-gruenen-fuer-den-wahlkreis-goettingen-gewaehlt\/#primaryimage","url":"https:\/\/radioleinewelle.de\/wp-content\/uploads\/2024\/09\/Bundestagskandidatin-Viola-von-Cramon-scaled.jpg","contentUrl":"https:\/\/radioleinewelle.de\/wp-content\/uploads\/2024\/09\/Bundestagskandidatin-Viola-von-Cramon-scaled.jpg","width":1441,"height":2560},{"@type":"BreadcrumbList","@id":"https:\/\/radioleinewelle.de\/index.php\/2024\/09\/08\/viola-von-cramon-als-bundestagskandidatin-der-gruenen-fuer-den-wahlkreis-goettingen-gewaehlt\/#breadcrumb","itemListElement":[{"@type":"ListItem","position":1,"name":"Startseite","item":"https:\/\/radioleinewelle.de\/"},{"@type":"ListItem","position":2,"name":"Viola von Cramon als Bundestagskandidatin der Gr\u00fcnen f\u00fcr den Wahlkreis G\u00f6ttingen gew\u00e4hlt"}]},{"@type":"WebSite","@id":"https:\/\/radioleinewelle.de\/#website","url":"https:\/\/radioleinewelle.de\/","name":"Radio Leinewelle","description":"","publisher":{"@id":"https:\/\/radioleinewelle.de\/#organization"},"potentialAction":[{"@type":"SearchAction","target":{"@type":"EntryPoint","urlTemplate":"https:\/\/radioleinewelle.de\/?s={search_term_string}"},"query-input":{"@type":"PropertyValueSpecification","valueRequired":true,"valueName":"search_term_string"}}],"inLanguage":"de"},{"@type":"Organization","@id":"https:\/\/radioleinewelle.de\/#organization","name":"Radio Leinewelle","alternateName":"Mein Radio f\u00fcr S\u00fcdniedersachsen","url":"https:\/\/radioleinewelle.de\/","logo":{"@type":"ImageObject","inLanguage":"de","@id":"https:\/\/radioleinewelle.de\/#\/schema\/logo\/image\/","url":"https:\/\/radioleinewelle.de\/wp-content\/uploads\/2023\/11\/cropped-Leinewelle_Logo_weiss.png","contentUrl":"https:\/\/radioleinewelle.de\/wp-content\/uploads\/2023\/11\/cropped-Leinewelle_Logo_weiss.png","width":854,"height":260,"caption":"Radio Leinewelle"},"image":{"@id":"https:\/\/radioleinewelle.de\/#\/schema\/logo\/image\/"},"sameAs":["https:\/\/www.facebook.com\/radioleinewelle","https:\/\/x.com\/RLeinewelle","https:\/\/www.instagram.com\/radioleinewelle\/?hl=de"]},{"@type":"Person","@id":"https:\/\/radioleinewelle.de\/#\/schema\/person\/45606f348637df637192dc1b68399a63","name":"Leinewelle","image":{"@type":"ImageObject","inLanguage":"de","@id":"https:\/\/secure.gravatar.com\/avatar\/05c9a17bc973052ee5d91549bd32fb4dd0dc85b7b85ae94b2e2b4943476bbea5?s=96&d=blank&r=g","url":"https:\/\/secure.gravatar.com\/avatar\/05c9a17bc973052ee5d91549bd32fb4dd0dc85b7b85ae94b2e2b4943476bbea5?s=96&d=blank&r=g","contentUrl":"https:\/\/secure.gravatar.com\/avatar\/05c9a17bc973052ee5d91549bd32fb4dd0dc85b7b85ae94b2e2b4943476bbea5?s=96&d=blank&r=g","caption":"Leinewelle"},"sameAs":["http:\/\/localhost\/radio%20leinewelle\/wordpress","https:\/\/www.facebook.com\/radioleinewelle","https:\/\/www.instagram.com\/radioleinewelle","https:\/\/x.com\/https:\/\/twitter.com\/RLeinewelle?ref_src=twsrcgoogletwcampserptwgrauthor","https:\/\/soundcloud.com\/foerderverein-lokalradio?utm_source=clipboard&utm_medium=text&utm_campaign=social_sharing"],"url":"https:\/\/radioleinewelle.de\/index.php\/author\/leinewelle\/"}]}},"_links":{"self":[{"href":"https:\/\/radioleinewelle.de\/index.php\/wp-json\/wp\/v2\/posts\/26121","targetHints":{"allow":["GET"]}}],"collection":[{"href":"https:\/\/radioleinewelle.de\/index.php\/wp-json\/wp\/v2\/posts"}],"about":[{"href":"https:\/\/radioleinewelle.de\/index.php\/wp-json\/wp\/v2\/types\/post"}],"author":[{"embeddable":true,"href":"https:\/\/radioleinewelle.de\/index.php\/wp-json\/wp\/v2\/users\/1"}],"replies":[{"embeddable":true,"href":"https:\/\/radioleinewelle.de\/index.php\/wp-json\/wp\/v2\/comments?post=26121"}],"version-history":[{"count":2,"href":"https:\/\/radioleinewelle.de\/index.php\/wp-json\/wp\/v2\/posts\/26121\/revisions"}],"predecessor-version":[{"id":26123,"href":"https:\/\/radioleinewelle.de\/index.php\/wp-json\/wp\/v2\/posts\/26121\/revisions\/26123"}],"wp:featuredmedia":[{"embeddable":true,"href":"https:\/\/radioleinewelle.de\/index.php\/wp-json\/wp\/v2\/media\/26124"}],"wp:attachment":[{"href":"https:\/\/radioleinewelle.de\/index.php\/wp-json\/wp\/v2\/media?parent=26121"}],"wp:term":[{"taxonomy":"category","embeddable":true,"href":"https:\/\/radioleinewelle.de\/index.php\/wp-json\/wp\/v2\/categories?post=26121"},{"taxonomy":"post_tag","embeddable":true,"href":"https:\/\/radioleinewelle.de\/index.php\/wp-json\/wp\/v2\/tags?post=26121"}],"curies":[{"name":"wp","href":"https:\/\/api.w.org\/{rel}","templated":true}]}}