{"id":2615,"date":"2020-10-27T05:38:16","date_gmt":"2020-10-27T04:38:16","guid":{"rendered":"https:\/\/radioleinewelle.de\/?p=2615"},"modified":"2020-10-27T05:38:16","modified_gmt":"2020-10-27T04:38:16","slug":"ausserordentliches-menschenrechtsengagement-von-thomas-oppermann-gewuerdigt","status":"publish","type":"post","link":"https:\/\/radioleinewelle.de\/index.php\/2020\/10\/27\/ausserordentliches-menschenrechtsengagement-von-thomas-oppermann-gewuerdigt\/","title":{"rendered":"Au\u00dferordentliches Menschenrechtsengagement von Thomas Oppermann gew\u00fcrdigt"},"content":{"rendered":"<p>Die in G\u00f6ttingen ans\u00e4ssige Menschenrechtsorganisation Gesellschaft f\u00fcr bedrohte V\u00f6lker (GfbV) hat das au\u00dferordentliche Menschenrechtsengagement des verstorbenen G\u00f6ttinger SPD-Bundestagsabgeordneten Thomas Oppermann gew\u00fcrdigt. \u201eOppermann begleitete und unterst\u00fctzte unsere Menschenrechtsarbeit jahrelang aktiv und engagiert. Er nahm an unz\u00e4hligen Veranstaltungen und Menschenrechtsaktionen von uns teil, empfing in seinem Abgeordnetenb\u00fcro Verfolgte aus aller Welt und setzte sich engagiert pers\u00f6nlich f\u00fcr die Freilassung politischer Gefangener ein. Auch als viel besch\u00e4ftigter Bundestagsvizepr\u00e4sident hatte er immer ein offenes Ohr f\u00fcr unsere Anliegen und setzte sich konsequent weltweit f\u00fcr Menschenrechte ein. Sein pl\u00f6tzlicher Tod rei\u00dft eine tiefe L\u00fccke in den Kreis derer im Bundestag, die sich f\u00fcr Menschenrechte engagieren\u201c, erkl\u00e4rte der GfbV-Direktor Ulrich Delius am Montag in G\u00f6ttingen.<\/p>\n<p>Unvergesslich sei sein Engagement f\u00fcr Menschenrechte in der T\u00fcrkei und im Nahen Osten. So setzte er sich pers\u00f6nlich f\u00fcr die Freilassung inhaftierter kurdischer politischer Gefangener ein. Er reiste zu ihren Gerichtsprozessen und besuchte sie in Haft. So suchte er den willk\u00fcrlich inhaftierten kurdischen Politiker und Vorsitzenden der oppositionellen HDP-Partei Selahattin Demirtas im Gef\u00e4ngnis auf. Auch setzte er sich daf\u00fcr ein, inhaftierte politische Gefangene in das Schutzprogramm des Deutschen Bundetages \u201eParlamentarier sch\u00fctzen Parlamentarier\u201c aufzunehmen.\u00a0Viele verfolgte Angeh\u00f6rige religi\u00f6ser und ethnischer Minderheiten aus dem Nahen Osten empfing er als Vizepr\u00e4sident des Bundestages und ermutigte sie, ihren Kampf f\u00fcr Menschenrechte fortzuf\u00fchren. \u201eSeine ermutigenden Worte und Taten haben vielen Verfolgten im Nahen Osten den R\u00fccken gest\u00e4rkt. Ihren Verfolgern signalisierte er, dass ihre Verbrechen im Deutschen Bundestag nicht unbemerkt bleiben\u201c, erkl\u00e4rte Delius.<\/p>\n<p>Foto: Thomas Oppermann bei einer Mahnwache f\u00fcr verschleppte Yezidinnenn in der G\u00f6ttinger Innenstadt, 4. Dezember 2019 &#8211; Quelle: Hanno Schedler, GfbV<\/p>\n","protected":false},"excerpt":{"rendered":"<p>Die in G\u00f6ttingen ans\u00e4ssige Menschenrechtsorganisation Gesellschaft f\u00fcr bedrohte V\u00f6lker (GfbV) hat das au\u00dferordentliche Menschenrechtsengagement des verstorbenen G\u00f6ttinger SPD-Bundestagsabgeordneten Thomas Oppermann gew\u00fcrdigt. \u201eOppermann begleitete und unterst\u00fctzte unsere Menschenrechtsarbeit jahrelang aktiv und engagiert. Er nahm an unz\u00e4hligen Veranstaltungen und Menschenrechtsaktionen von uns teil, empfing in seinem Abgeordnetenb\u00fcro Verfolgte aus aller Welt und setzte sich engagiert pers\u00f6nlich f\u00fcr [&hellip;]<\/p>\n","protected":false},"author":1,"featured_media":0,"comment_status":"closed","ping_status":"closed","sticky":false,"template":"","format":"standard","meta":{"saved_in_kubio":false,"footnotes":""},"categories":[24],"tags":[],"class_list":["post-2615","post","type-post","status-publish","format-standard","hentry","category-news"],"yoast_head":"<!-- This site is optimized with the Yoast SEO plugin v27.5 - https:\/\/yoast.com\/product\/yoast-seo-wordpress\/ -->\n<title>Au\u00dferordentliches Menschenrechtsengagement von Thomas Oppermann gew\u00fcrdigt - Radio Leinewelle<\/title>\n<meta name=\"robots\" content=\"index, follow, max-snippet:-1, max-image-preview:large, max-video-preview:-1\" \/>\n<link rel=\"canonical\" href=\"https:\/\/radioleinewelle.de\/index.php\/2020\/10\/27\/ausserordentliches-menschenrechtsengagement-von-thomas-oppermann-gewuerdigt\/\" \/>\n<meta property=\"og:locale\" content=\"de_DE\" \/>\n<meta property=\"og:type\" content=\"article\" \/>\n<meta property=\"og:title\" content=\"Au\u00dferordentliches Menschenrechtsengagement von Thomas Oppermann gew\u00fcrdigt - Radio Leinewelle\" \/>\n<meta property=\"og:description\" content=\"Die in G\u00f6ttingen ans\u00e4ssige Menschenrechtsorganisation Gesellschaft f\u00fcr bedrohte V\u00f6lker (GfbV) hat das au\u00dferordentliche Menschenrechtsengagement des verstorbenen G\u00f6ttinger SPD-Bundestagsabgeordneten Thomas Oppermann gew\u00fcrdigt. \u201eOppermann begleitete und unterst\u00fctzte unsere Menschenrechtsarbeit jahrelang aktiv und engagiert. Er nahm an unz\u00e4hligen Veranstaltungen und Menschenrechtsaktionen von uns teil, empfing in seinem Abgeordnetenb\u00fcro Verfolgte aus aller Welt und setzte sich engagiert pers\u00f6nlich f\u00fcr [&hellip;]\" \/>\n<meta property=\"og:url\" content=\"https:\/\/radioleinewelle.de\/index.php\/2020\/10\/27\/ausserordentliches-menschenrechtsengagement-von-thomas-oppermann-gewuerdigt\/\" \/>\n<meta property=\"og:site_name\" content=\"Radio Leinewelle\" \/>\n<meta property=\"article:publisher\" content=\"https:\/\/www.facebook.com\/radioleinewelle\" \/>\n<meta property=\"article:author\" content=\"https:\/\/www.facebook.com\/radioleinewelle\" \/>\n<meta property=\"article:published_time\" content=\"2020-10-27T04:38:16+00:00\" \/>\n<meta name=\"author\" content=\"Leinewelle\" \/>\n<meta name=\"twitter:card\" content=\"summary_large_image\" \/>\n<meta name=\"twitter:creator\" content=\"@https:\/\/twitter.com\/RLeinewelle?ref_src=twsrcgoogletwcampserptwgrauthor\" \/>\n<meta name=\"twitter:site\" content=\"@RLeinewelle\" \/>\n<meta name=\"twitter:label1\" content=\"Verfasst von\" \/>\n\t<meta name=\"twitter:data1\" content=\"Leinewelle\" \/>\n\t<meta name=\"twitter:label2\" content=\"Gesch\u00e4tzte Lesezeit\" \/>\n\t<meta name=\"twitter:data2\" content=\"1\u00a0Minute\" \/>\n<script type=\"application\/ld+json\" class=\"yoast-schema-graph\">{\"@context\":\"https:\\\/\\\/schema.org\",\"@graph\":[{\"@type\":\"Article\",\"@id\":\"https:\\\/\\\/radioleinewelle.de\\\/index.php\\\/2020\\\/10\\\/27\\\/ausserordentliches-menschenrechtsengagement-von-thomas-oppermann-gewuerdigt\\\/#article\",\"isPartOf\":{\"@id\":\"https:\\\/\\\/radioleinewelle.de\\\/index.php\\\/2020\\\/10\\\/27\\\/ausserordentliches-menschenrechtsengagement-von-thomas-oppermann-gewuerdigt\\\/\"},\"author\":{\"name\":\"Leinewelle\",\"@id\":\"https:\\\/\\\/radioleinewelle.de\\\/#\\\/schema\\\/person\\\/45606f348637df637192dc1b68399a63\"},\"headline\":\"Au\u00dferordentliches Menschenrechtsengagement von Thomas Oppermann gew\u00fcrdigt\",\"datePublished\":\"2020-10-27T04:38:16+00:00\",\"mainEntityOfPage\":{\"@id\":\"https:\\\/\\\/radioleinewelle.de\\\/index.php\\\/2020\\\/10\\\/27\\\/ausserordentliches-menschenrechtsengagement-von-thomas-oppermann-gewuerdigt\\\/\"},\"wordCount\":303,\"publisher\":{\"@id\":\"https:\\\/\\\/radioleinewelle.de\\\/#organization\"},\"articleSection\":[\"Aktuelle Nachrichten\"],\"inLanguage\":\"de\"},{\"@type\":\"WebPage\",\"@id\":\"https:\\\/\\\/radioleinewelle.de\\\/index.php\\\/2020\\\/10\\\/27\\\/ausserordentliches-menschenrechtsengagement-von-thomas-oppermann-gewuerdigt\\\/\",\"url\":\"https:\\\/\\\/radioleinewelle.de\\\/index.php\\\/2020\\\/10\\\/27\\\/ausserordentliches-menschenrechtsengagement-von-thomas-oppermann-gewuerdigt\\\/\",\"name\":\"Au\u00dferordentliches Menschenrechtsengagement von Thomas Oppermann gew\u00fcrdigt - Radio Leinewelle\",\"isPartOf\":{\"@id\":\"https:\\\/\\\/radioleinewelle.de\\\/#website\"},\"datePublished\":\"2020-10-27T04:38:16+00:00\",\"breadcrumb\":{\"@id\":\"https:\\\/\\\/radioleinewelle.de\\\/index.php\\\/2020\\\/10\\\/27\\\/ausserordentliches-menschenrechtsengagement-von-thomas-oppermann-gewuerdigt\\\/#breadcrumb\"},\"inLanguage\":\"de\",\"potentialAction\":[{\"@type\":\"ReadAction\",\"target\":[\"https:\\\/\\\/radioleinewelle.de\\\/index.php\\\/2020\\\/10\\\/27\\\/ausserordentliches-menschenrechtsengagement-von-thomas-oppermann-gewuerdigt\\\/\"]}]},{\"@type\":\"BreadcrumbList\",\"@id\":\"https:\\\/\\\/radioleinewelle.de\\\/index.php\\\/2020\\\/10\\\/27\\\/ausserordentliches-menschenrechtsengagement-von-thomas-oppermann-gewuerdigt\\\/#breadcrumb\",\"itemListElement\":[{\"@type\":\"ListItem\",\"position\":1,\"name\":\"Startseite\",\"item\":\"https:\\\/\\\/radioleinewelle.de\\\/\"},{\"@type\":\"ListItem\",\"position\":2,\"name\":\"Au\u00dferordentliches Menschenrechtsengagement von Thomas Oppermann gew\u00fcrdigt\"}]},{\"@type\":\"WebSite\",\"@id\":\"https:\\\/\\\/radioleinewelle.de\\\/#website\",\"url\":\"https:\\\/\\\/radioleinewelle.de\\\/\",\"name\":\"Radio Leinewelle\",\"description\":\"\",\"publisher\":{\"@id\":\"https:\\\/\\\/radioleinewelle.de\\\/#organization\"},\"potentialAction\":[{\"@type\":\"SearchAction\",\"target\":{\"@type\":\"EntryPoint\",\"urlTemplate\":\"https:\\\/\\\/radioleinewelle.de\\\/?s={search_term_string}\"},\"query-input\":{\"@type\":\"PropertyValueSpecification\",\"valueRequired\":true,\"valueName\":\"search_term_string\"}}],\"inLanguage\":\"de\"},{\"@type\":\"Organization\",\"@id\":\"https:\\\/\\\/radioleinewelle.de\\\/#organization\",\"name\":\"Radio Leinewelle\",\"alternateName\":\"Mein Radio f\u00fcr S\u00fcdniedersachsen\",\"url\":\"https:\\\/\\\/radioleinewelle.de\\\/\",\"logo\":{\"@type\":\"ImageObject\",\"inLanguage\":\"de\",\"@id\":\"https:\\\/\\\/radioleinewelle.de\\\/#\\\/schema\\\/logo\\\/image\\\/\",\"url\":\"https:\\\/\\\/radioleinewelle.de\\\/wp-content\\\/uploads\\\/2023\\\/11\\\/cropped-Leinewelle_Logo_weiss.png\",\"contentUrl\":\"https:\\\/\\\/radioleinewelle.de\\\/wp-content\\\/uploads\\\/2023\\\/11\\\/cropped-Leinewelle_Logo_weiss.png\",\"width\":854,\"height\":260,\"caption\":\"Radio Leinewelle\"},\"image\":{\"@id\":\"https:\\\/\\\/radioleinewelle.de\\\/#\\\/schema\\\/logo\\\/image\\\/\"},\"sameAs\":[\"https:\\\/\\\/www.facebook.com\\\/radioleinewelle\",\"https:\\\/\\\/x.com\\\/RLeinewelle\",\"https:\\\/\\\/www.instagram.com\\\/radioleinewelle\\\/?hl=de\"]},{\"@type\":\"Person\",\"@id\":\"https:\\\/\\\/radioleinewelle.de\\\/#\\\/schema\\\/person\\\/45606f348637df637192dc1b68399a63\",\"name\":\"Leinewelle\",\"image\":{\"@type\":\"ImageObject\",\"inLanguage\":\"de\",\"@id\":\"https:\\\/\\\/secure.gravatar.com\\\/avatar\\\/05c9a17bc973052ee5d91549bd32fb4dd0dc85b7b85ae94b2e2b4943476bbea5?s=96&d=blank&r=g\",\"url\":\"https:\\\/\\\/secure.gravatar.com\\\/avatar\\\/05c9a17bc973052ee5d91549bd32fb4dd0dc85b7b85ae94b2e2b4943476bbea5?s=96&d=blank&r=g\",\"contentUrl\":\"https:\\\/\\\/secure.gravatar.com\\\/avatar\\\/05c9a17bc973052ee5d91549bd32fb4dd0dc85b7b85ae94b2e2b4943476bbea5?s=96&d=blank&r=g\",\"caption\":\"Leinewelle\"},\"sameAs\":[\"http:\\\/\\\/localhost\\\/radio%20leinewelle\\\/wordpress\",\"https:\\\/\\\/www.facebook.com\\\/radioleinewelle\",\"https:\\\/\\\/www.instagram.com\\\/radioleinewelle\",\"https:\\\/\\\/x.com\\\/https:\\\/\\\/twitter.com\\\/RLeinewelle?ref_src=twsrcgoogletwcampserptwgrauthor\",\"https:\\\/\\\/soundcloud.com\\\/foerderverein-lokalradio?utm_source=clipboard&utm_medium=text&utm_campaign=social_sharing\"],\"url\":\"https:\\\/\\\/radioleinewelle.de\\\/index.php\\\/author\\\/leinewelle\\\/\"}]}<\/script>\n<!-- \/ Yoast SEO plugin. -->","yoast_head_json":{"title":"Au\u00dferordentliches Menschenrechtsengagement von Thomas Oppermann gew\u00fcrdigt - Radio Leinewelle","robots":{"index":"index","follow":"follow","max-snippet":"max-snippet:-1","max-image-preview":"max-image-preview:large","max-video-preview":"max-video-preview:-1"},"canonical":"https:\/\/radioleinewelle.de\/index.php\/2020\/10\/27\/ausserordentliches-menschenrechtsengagement-von-thomas-oppermann-gewuerdigt\/","og_locale":"de_DE","og_type":"article","og_title":"Au\u00dferordentliches Menschenrechtsengagement von Thomas Oppermann gew\u00fcrdigt - Radio Leinewelle","og_description":"Die in G\u00f6ttingen ans\u00e4ssige Menschenrechtsorganisation Gesellschaft f\u00fcr bedrohte V\u00f6lker (GfbV) hat das au\u00dferordentliche Menschenrechtsengagement des verstorbenen G\u00f6ttinger SPD-Bundestagsabgeordneten Thomas Oppermann gew\u00fcrdigt. \u201eOppermann begleitete und unterst\u00fctzte unsere Menschenrechtsarbeit jahrelang aktiv und engagiert. Er nahm an unz\u00e4hligen Veranstaltungen und Menschenrechtsaktionen von uns teil, empfing in seinem Abgeordnetenb\u00fcro Verfolgte aus aller Welt und setzte sich engagiert pers\u00f6nlich f\u00fcr [&hellip;]","og_url":"https:\/\/radioleinewelle.de\/index.php\/2020\/10\/27\/ausserordentliches-menschenrechtsengagement-von-thomas-oppermann-gewuerdigt\/","og_site_name":"Radio Leinewelle","article_publisher":"https:\/\/www.facebook.com\/radioleinewelle","article_author":"https:\/\/www.facebook.com\/radioleinewelle","article_published_time":"2020-10-27T04:38:16+00:00","author":"Leinewelle","twitter_card":"summary_large_image","twitter_creator":"@https:\/\/twitter.com\/RLeinewelle?ref_src=twsrcgoogletwcampserptwgrauthor","twitter_site":"@RLeinewelle","twitter_misc":{"Verfasst von":"Leinewelle","Gesch\u00e4tzte Lesezeit":"1\u00a0Minute"},"schema":{"@context":"https:\/\/schema.org","@graph":[{"@type":"Article","@id":"https:\/\/radioleinewelle.de\/index.php\/2020\/10\/27\/ausserordentliches-menschenrechtsengagement-von-thomas-oppermann-gewuerdigt\/#article","isPartOf":{"@id":"https:\/\/radioleinewelle.de\/index.php\/2020\/10\/27\/ausserordentliches-menschenrechtsengagement-von-thomas-oppermann-gewuerdigt\/"},"author":{"name":"Leinewelle","@id":"https:\/\/radioleinewelle.de\/#\/schema\/person\/45606f348637df637192dc1b68399a63"},"headline":"Au\u00dferordentliches Menschenrechtsengagement von Thomas Oppermann gew\u00fcrdigt","datePublished":"2020-10-27T04:38:16+00:00","mainEntityOfPage":{"@id":"https:\/\/radioleinewelle.de\/index.php\/2020\/10\/27\/ausserordentliches-menschenrechtsengagement-von-thomas-oppermann-gewuerdigt\/"},"wordCount":303,"publisher":{"@id":"https:\/\/radioleinewelle.de\/#organization"},"articleSection":["Aktuelle Nachrichten"],"inLanguage":"de"},{"@type":"WebPage","@id":"https:\/\/radioleinewelle.de\/index.php\/2020\/10\/27\/ausserordentliches-menschenrechtsengagement-von-thomas-oppermann-gewuerdigt\/","url":"https:\/\/radioleinewelle.de\/index.php\/2020\/10\/27\/ausserordentliches-menschenrechtsengagement-von-thomas-oppermann-gewuerdigt\/","name":"Au\u00dferordentliches Menschenrechtsengagement von Thomas Oppermann gew\u00fcrdigt - Radio Leinewelle","isPartOf":{"@id":"https:\/\/radioleinewelle.de\/#website"},"datePublished":"2020-10-27T04:38:16+00:00","breadcrumb":{"@id":"https:\/\/radioleinewelle.de\/index.php\/2020\/10\/27\/ausserordentliches-menschenrechtsengagement-von-thomas-oppermann-gewuerdigt\/#breadcrumb"},"inLanguage":"de","potentialAction":[{"@type":"ReadAction","target":["https:\/\/radioleinewelle.de\/index.php\/2020\/10\/27\/ausserordentliches-menschenrechtsengagement-von-thomas-oppermann-gewuerdigt\/"]}]},{"@type":"BreadcrumbList","@id":"https:\/\/radioleinewelle.de\/index.php\/2020\/10\/27\/ausserordentliches-menschenrechtsengagement-von-thomas-oppermann-gewuerdigt\/#breadcrumb","itemListElement":[{"@type":"ListItem","position":1,"name":"Startseite","item":"https:\/\/radioleinewelle.de\/"},{"@type":"ListItem","position":2,"name":"Au\u00dferordentliches Menschenrechtsengagement von Thomas Oppermann gew\u00fcrdigt"}]},{"@type":"WebSite","@id":"https:\/\/radioleinewelle.de\/#website","url":"https:\/\/radioleinewelle.de\/","name":"Radio Leinewelle","description":"","publisher":{"@id":"https:\/\/radioleinewelle.de\/#organization"},"potentialAction":[{"@type":"SearchAction","target":{"@type":"EntryPoint","urlTemplate":"https:\/\/radioleinewelle.de\/?s={search_term_string}"},"query-input":{"@type":"PropertyValueSpecification","valueRequired":true,"valueName":"search_term_string"}}],"inLanguage":"de"},{"@type":"Organization","@id":"https:\/\/radioleinewelle.de\/#organization","name":"Radio Leinewelle","alternateName":"Mein Radio f\u00fcr S\u00fcdniedersachsen","url":"https:\/\/radioleinewelle.de\/","logo":{"@type":"ImageObject","inLanguage":"de","@id":"https:\/\/radioleinewelle.de\/#\/schema\/logo\/image\/","url":"https:\/\/radioleinewelle.de\/wp-content\/uploads\/2023\/11\/cropped-Leinewelle_Logo_weiss.png","contentUrl":"https:\/\/radioleinewelle.de\/wp-content\/uploads\/2023\/11\/cropped-Leinewelle_Logo_weiss.png","width":854,"height":260,"caption":"Radio Leinewelle"},"image":{"@id":"https:\/\/radioleinewelle.de\/#\/schema\/logo\/image\/"},"sameAs":["https:\/\/www.facebook.com\/radioleinewelle","https:\/\/x.com\/RLeinewelle","https:\/\/www.instagram.com\/radioleinewelle\/?hl=de"]},{"@type":"Person","@id":"https:\/\/radioleinewelle.de\/#\/schema\/person\/45606f348637df637192dc1b68399a63","name":"Leinewelle","image":{"@type":"ImageObject","inLanguage":"de","@id":"https:\/\/secure.gravatar.com\/avatar\/05c9a17bc973052ee5d91549bd32fb4dd0dc85b7b85ae94b2e2b4943476bbea5?s=96&d=blank&r=g","url":"https:\/\/secure.gravatar.com\/avatar\/05c9a17bc973052ee5d91549bd32fb4dd0dc85b7b85ae94b2e2b4943476bbea5?s=96&d=blank&r=g","contentUrl":"https:\/\/secure.gravatar.com\/avatar\/05c9a17bc973052ee5d91549bd32fb4dd0dc85b7b85ae94b2e2b4943476bbea5?s=96&d=blank&r=g","caption":"Leinewelle"},"sameAs":["http:\/\/localhost\/radio%20leinewelle\/wordpress","https:\/\/www.facebook.com\/radioleinewelle","https:\/\/www.instagram.com\/radioleinewelle","https:\/\/x.com\/https:\/\/twitter.com\/RLeinewelle?ref_src=twsrcgoogletwcampserptwgrauthor","https:\/\/soundcloud.com\/foerderverein-lokalradio?utm_source=clipboard&utm_medium=text&utm_campaign=social_sharing"],"url":"https:\/\/radioleinewelle.de\/index.php\/author\/leinewelle\/"}]}},"_links":{"self":[{"href":"https:\/\/radioleinewelle.de\/index.php\/wp-json\/wp\/v2\/posts\/2615","targetHints":{"allow":["GET"]}}],"collection":[{"href":"https:\/\/radioleinewelle.de\/index.php\/wp-json\/wp\/v2\/posts"}],"about":[{"href":"https:\/\/radioleinewelle.de\/index.php\/wp-json\/wp\/v2\/types\/post"}],"author":[{"embeddable":true,"href":"https:\/\/radioleinewelle.de\/index.php\/wp-json\/wp\/v2\/users\/1"}],"replies":[{"embeddable":true,"href":"https:\/\/radioleinewelle.de\/index.php\/wp-json\/wp\/v2\/comments?post=2615"}],"version-history":[{"count":0,"href":"https:\/\/radioleinewelle.de\/index.php\/wp-json\/wp\/v2\/posts\/2615\/revisions"}],"wp:attachment":[{"href":"https:\/\/radioleinewelle.de\/index.php\/wp-json\/wp\/v2\/media?parent=2615"}],"wp:term":[{"taxonomy":"category","embeddable":true,"href":"https:\/\/radioleinewelle.de\/index.php\/wp-json\/wp\/v2\/categories?post=2615"},{"taxonomy":"post_tag","embeddable":true,"href":"https:\/\/radioleinewelle.de\/index.php\/wp-json\/wp\/v2\/tags?post=2615"}],"curies":[{"name":"wp","href":"https:\/\/api.w.org\/{rel}","templated":true}]}}