{"id":2625,"date":"2020-10-28T05:25:04","date_gmt":"2020-10-28T04:25:04","guid":{"rendered":"https:\/\/radioleinewelle.de\/?p=2625"},"modified":"2020-10-28T05:25:04","modified_gmt":"2020-10-28T04:25:04","slug":"goettingen-nimmt-gefluechtete-aus-moria-auf","status":"publish","type":"post","link":"https:\/\/radioleinewelle.de\/index.php\/2020\/10\/28\/goettingen-nimmt-gefluechtete-aus-moria-auf\/","title":{"rendered":"G\u00f6ttingen nimmt Gefl\u00fcchtete aus Moria auf"},"content":{"rendered":"<p>G\u00f6ttingen will mindestens 30 Gefl\u00fcchtete aus dem zerst\u00f6rten griechischen Fl\u00fcchtlingslager Moria aufnehmen. Das hat G\u00f6ttingens Oberb\u00fcrgermeister Rolf-Georg K\u00f6hler in einer Videokonferenz mit Bundeskanzlerin Angela Merkel bekr\u00e4ftigt. An der Videokonferenz haben weitere siebzehn aufnahmebereite Kommunen aus ganz Deutschland teilgenommen. \u201eUns alle eint, dass wir damit ein Zeichen der Menschlichkeit setzen. Wir wollen Verantwortung \u00fcbernehmen und aus humanit\u00e4ren Gr\u00fcnden Menschen in gr\u00f6\u00dfter Not helfen\u201c, betonte OB K\u00f6hler nach dem Gespr\u00e4ch. Allen Beteiligten sei es wichtig, dass das europ\u00e4ische Asylsystem dringend reformiert werden m\u00fcsse, um die Verteilung von Gefl\u00fcchteten in Europa fair durchf\u00fchren zu k\u00f6nnen. Im Gespr\u00e4ch mit der Bundeskanzlerin haben sich OB K\u00f6hler und die weiteren Verwaltungschefinnen und -chefs auf folgende Punkte geeinigt:<\/p>\n<div class=\"magazinetext\">\n<ul>\n<li>St\u00e4dte, die ihre besondere Aufnahmebereitschaft von Gefl\u00fcchteten aus Griechenland erkl\u00e4rt haben, sollen bei deren Verteilung auf Deutschland besonders ber\u00fccksichtigt werden.<\/li>\n<li>Das Bundeskanzleramt wird die aufnahmebereiten St\u00e4dte dabei unterst\u00fctzen und ihnen aktuelle Informationen \u00fcber die Voraussetzungen und Aufnahmem\u00f6glichkeiten im Rahmen von ResettlementProgrammen zukommen lassen. Das soll die Verfahren und die Praktikabilit\u00e4t verbessern.<\/li>\n<li>Die Bundeskanzlerin hat M\u00f6glichkeiten von Entwicklungspartnerschaften in den Herkunftsl\u00e4ndern der Gefl\u00fcchteten benannt. Ein gemeinsames Engagement vor Ort soll dazu beitragen, Fluchtursachen zu reduzieren.<\/li>\n<li>Die teils restriktive Linie der Familienzusammenf\u00fchrung des Bundes war von einigen Kommunen kritisiert worden. Hier zeigte sich das Bundeskanzleramt offen f\u00fcr kritikw\u00fcrdige Verfahren, zu denen die Kommunen Beispiele benennen sollen.<\/li>\n<\/ul>\n<p>Erste Gefl\u00fcchtete werden f\u00fcr diese Woche in G\u00f6ttingen erwartet. \u201eWir stehen bereit, sie in Empfang zu nehmen\u201c, betont K\u00f6hler.<\/p>\n<p>Symbobild von <a href=\"https:\/\/pixabay.com\/de\/users\/pakkalajuha-17885379\/?utm_source=link-attribution&amp;utm_medium=referral&amp;utm_campaign=image&amp;utm_content=5485845\">pakkalajuha<\/a> auf <a href=\"https:\/\/pixabay.com\/de\/?utm_source=link-attribution&amp;utm_medium=referral&amp;utm_campaign=image&amp;utm_content=5485845\">Pixabay<\/a><\/p>\n<div class=\"magazinetext\">\n<p>&nbsp;<\/p>\n<p>&nbsp;<\/p>\n<p>&nbsp;<\/p>\n<\/div>\n<p>&nbsp;<\/p>\n<\/div>\n","protected":false},"excerpt":{"rendered":"<p>G\u00f6ttingen will mindestens 30 Gefl\u00fcchtete aus dem zerst\u00f6rten griechischen Fl\u00fcchtlingslager Moria aufnehmen. Das hat G\u00f6ttingens Oberb\u00fcrgermeister Rolf-Georg K\u00f6hler in einer Videokonferenz mit Bundeskanzlerin Angela Merkel bekr\u00e4ftigt. An der Videokonferenz haben weitere siebzehn aufnahmebereite Kommunen aus ganz Deutschland teilgenommen. \u201eUns alle eint, dass wir damit ein Zeichen der Menschlichkeit setzen. Wir wollen Verantwortung \u00fcbernehmen und aus [&hellip;]<\/p>\n","protected":false},"author":1,"featured_media":2628,"comment_status":"closed","ping_status":"closed","sticky":false,"template":"","format":"standard","meta":{"saved_in_kubio":false,"footnotes":""},"categories":[24],"tags":[],"class_list":["post-2625","post","type-post","status-publish","format-standard","has-post-thumbnail","hentry","category-news"],"yoast_head":"<!-- This site is optimized with the Yoast SEO plugin v27.5 - https:\/\/yoast.com\/product\/yoast-seo-wordpress\/ -->\n<title>G\u00f6ttingen nimmt Gefl\u00fcchtete aus Moria auf - Radio Leinewelle<\/title>\n<meta name=\"robots\" content=\"index, follow, max-snippet:-1, max-image-preview:large, max-video-preview:-1\" \/>\n<link rel=\"canonical\" href=\"https:\/\/radioleinewelle.de\/index.php\/2020\/10\/28\/goettingen-nimmt-gefluechtete-aus-moria-auf\/\" \/>\n<meta property=\"og:locale\" content=\"de_DE\" \/>\n<meta property=\"og:type\" content=\"article\" \/>\n<meta property=\"og:title\" content=\"G\u00f6ttingen nimmt Gefl\u00fcchtete aus Moria auf - Radio Leinewelle\" \/>\n<meta property=\"og:description\" content=\"G\u00f6ttingen will mindestens 30 Gefl\u00fcchtete aus dem zerst\u00f6rten griechischen Fl\u00fcchtlingslager Moria aufnehmen. Das hat G\u00f6ttingens Oberb\u00fcrgermeister Rolf-Georg K\u00f6hler in einer Videokonferenz mit Bundeskanzlerin Angela Merkel bekr\u00e4ftigt. An der Videokonferenz haben weitere siebzehn aufnahmebereite Kommunen aus ganz Deutschland teilgenommen. \u201eUns alle eint, dass wir damit ein Zeichen der Menschlichkeit setzen. Wir wollen Verantwortung \u00fcbernehmen und aus [&hellip;]\" \/>\n<meta property=\"og:url\" content=\"https:\/\/radioleinewelle.de\/index.php\/2020\/10\/28\/goettingen-nimmt-gefluechtete-aus-moria-auf\/\" \/>\n<meta property=\"og:site_name\" content=\"Radio Leinewelle\" \/>\n<meta property=\"article:publisher\" content=\"https:\/\/www.facebook.com\/radioleinewelle\" \/>\n<meta property=\"article:author\" content=\"https:\/\/www.facebook.com\/radioleinewelle\" \/>\n<meta property=\"article:published_time\" content=\"2020-10-28T04:25:04+00:00\" \/>\n<meta property=\"og:image\" content=\"https:\/\/radioleinewelle.de\/wp-content\/uploads\/2020\/10\/tents-5485845_640.jpg\" \/>\n\t<meta property=\"og:image:width\" content=\"640\" \/>\n\t<meta property=\"og:image:height\" content=\"428\" \/>\n\t<meta property=\"og:image:type\" content=\"image\/jpeg\" \/>\n<meta name=\"author\" content=\"Leinewelle\" \/>\n<meta name=\"twitter:card\" content=\"summary_large_image\" \/>\n<meta name=\"twitter:creator\" content=\"@https:\/\/twitter.com\/RLeinewelle?ref_src=twsrcgoogletwcampserptwgrauthor\" \/>\n<meta name=\"twitter:site\" content=\"@RLeinewelle\" \/>\n<meta name=\"twitter:label1\" content=\"Verfasst von\" \/>\n\t<meta name=\"twitter:data1\" content=\"Leinewelle\" \/>\n\t<meta name=\"twitter:label2\" content=\"Gesch\u00e4tzte Lesezeit\" \/>\n\t<meta name=\"twitter:data2\" content=\"1\u00a0Minute\" \/>\n<script type=\"application\/ld+json\" class=\"yoast-schema-graph\">{\"@context\":\"https:\\\/\\\/schema.org\",\"@graph\":[{\"@type\":\"Article\",\"@id\":\"https:\\\/\\\/radioleinewelle.de\\\/index.php\\\/2020\\\/10\\\/28\\\/goettingen-nimmt-gefluechtete-aus-moria-auf\\\/#article\",\"isPartOf\":{\"@id\":\"https:\\\/\\\/radioleinewelle.de\\\/index.php\\\/2020\\\/10\\\/28\\\/goettingen-nimmt-gefluechtete-aus-moria-auf\\\/\"},\"author\":{\"name\":\"Leinewelle\",\"@id\":\"https:\\\/\\\/radioleinewelle.de\\\/#\\\/schema\\\/person\\\/45606f348637df637192dc1b68399a63\"},\"headline\":\"G\u00f6ttingen nimmt Gefl\u00fcchtete aus Moria auf\",\"datePublished\":\"2020-10-28T04:25:04+00:00\",\"mainEntityOfPage\":{\"@id\":\"https:\\\/\\\/radioleinewelle.de\\\/index.php\\\/2020\\\/10\\\/28\\\/goettingen-nimmt-gefluechtete-aus-moria-auf\\\/\"},\"wordCount\":288,\"publisher\":{\"@id\":\"https:\\\/\\\/radioleinewelle.de\\\/#organization\"},\"image\":{\"@id\":\"https:\\\/\\\/radioleinewelle.de\\\/index.php\\\/2020\\\/10\\\/28\\\/goettingen-nimmt-gefluechtete-aus-moria-auf\\\/#primaryimage\"},\"thumbnailUrl\":\"https:\\\/\\\/radioleinewelle.de\\\/wp-content\\\/uploads\\\/2020\\\/10\\\/tents-5485845_640.jpg\",\"articleSection\":[\"Aktuelle Nachrichten\"],\"inLanguage\":\"de\"},{\"@type\":\"WebPage\",\"@id\":\"https:\\\/\\\/radioleinewelle.de\\\/index.php\\\/2020\\\/10\\\/28\\\/goettingen-nimmt-gefluechtete-aus-moria-auf\\\/\",\"url\":\"https:\\\/\\\/radioleinewelle.de\\\/index.php\\\/2020\\\/10\\\/28\\\/goettingen-nimmt-gefluechtete-aus-moria-auf\\\/\",\"name\":\"G\u00f6ttingen nimmt Gefl\u00fcchtete aus Moria auf - Radio Leinewelle\",\"isPartOf\":{\"@id\":\"https:\\\/\\\/radioleinewelle.de\\\/#website\"},\"primaryImageOfPage\":{\"@id\":\"https:\\\/\\\/radioleinewelle.de\\\/index.php\\\/2020\\\/10\\\/28\\\/goettingen-nimmt-gefluechtete-aus-moria-auf\\\/#primaryimage\"},\"image\":{\"@id\":\"https:\\\/\\\/radioleinewelle.de\\\/index.php\\\/2020\\\/10\\\/28\\\/goettingen-nimmt-gefluechtete-aus-moria-auf\\\/#primaryimage\"},\"thumbnailUrl\":\"https:\\\/\\\/radioleinewelle.de\\\/wp-content\\\/uploads\\\/2020\\\/10\\\/tents-5485845_640.jpg\",\"datePublished\":\"2020-10-28T04:25:04+00:00\",\"breadcrumb\":{\"@id\":\"https:\\\/\\\/radioleinewelle.de\\\/index.php\\\/2020\\\/10\\\/28\\\/goettingen-nimmt-gefluechtete-aus-moria-auf\\\/#breadcrumb\"},\"inLanguage\":\"de\",\"potentialAction\":[{\"@type\":\"ReadAction\",\"target\":[\"https:\\\/\\\/radioleinewelle.de\\\/index.php\\\/2020\\\/10\\\/28\\\/goettingen-nimmt-gefluechtete-aus-moria-auf\\\/\"]}]},{\"@type\":\"ImageObject\",\"inLanguage\":\"de\",\"@id\":\"https:\\\/\\\/radioleinewelle.de\\\/index.php\\\/2020\\\/10\\\/28\\\/goettingen-nimmt-gefluechtete-aus-moria-auf\\\/#primaryimage\",\"url\":\"https:\\\/\\\/radioleinewelle.de\\\/wp-content\\\/uploads\\\/2020\\\/10\\\/tents-5485845_640.jpg\",\"contentUrl\":\"https:\\\/\\\/radioleinewelle.de\\\/wp-content\\\/uploads\\\/2020\\\/10\\\/tents-5485845_640.jpg\",\"width\":640,\"height\":428},{\"@type\":\"BreadcrumbList\",\"@id\":\"https:\\\/\\\/radioleinewelle.de\\\/index.php\\\/2020\\\/10\\\/28\\\/goettingen-nimmt-gefluechtete-aus-moria-auf\\\/#breadcrumb\",\"itemListElement\":[{\"@type\":\"ListItem\",\"position\":1,\"name\":\"Startseite\",\"item\":\"https:\\\/\\\/radioleinewelle.de\\\/\"},{\"@type\":\"ListItem\",\"position\":2,\"name\":\"G\u00f6ttingen nimmt Gefl\u00fcchtete aus Moria auf\"}]},{\"@type\":\"WebSite\",\"@id\":\"https:\\\/\\\/radioleinewelle.de\\\/#website\",\"url\":\"https:\\\/\\\/radioleinewelle.de\\\/\",\"name\":\"Radio Leinewelle\",\"description\":\"\",\"publisher\":{\"@id\":\"https:\\\/\\\/radioleinewelle.de\\\/#organization\"},\"potentialAction\":[{\"@type\":\"SearchAction\",\"target\":{\"@type\":\"EntryPoint\",\"urlTemplate\":\"https:\\\/\\\/radioleinewelle.de\\\/?s={search_term_string}\"},\"query-input\":{\"@type\":\"PropertyValueSpecification\",\"valueRequired\":true,\"valueName\":\"search_term_string\"}}],\"inLanguage\":\"de\"},{\"@type\":\"Organization\",\"@id\":\"https:\\\/\\\/radioleinewelle.de\\\/#organization\",\"name\":\"Radio Leinewelle\",\"alternateName\":\"Mein Radio f\u00fcr S\u00fcdniedersachsen\",\"url\":\"https:\\\/\\\/radioleinewelle.de\\\/\",\"logo\":{\"@type\":\"ImageObject\",\"inLanguage\":\"de\",\"@id\":\"https:\\\/\\\/radioleinewelle.de\\\/#\\\/schema\\\/logo\\\/image\\\/\",\"url\":\"https:\\\/\\\/radioleinewelle.de\\\/wp-content\\\/uploads\\\/2023\\\/11\\\/cropped-Leinewelle_Logo_weiss.png\",\"contentUrl\":\"https:\\\/\\\/radioleinewelle.de\\\/wp-content\\\/uploads\\\/2023\\\/11\\\/cropped-Leinewelle_Logo_weiss.png\",\"width\":854,\"height\":260,\"caption\":\"Radio Leinewelle\"},\"image\":{\"@id\":\"https:\\\/\\\/radioleinewelle.de\\\/#\\\/schema\\\/logo\\\/image\\\/\"},\"sameAs\":[\"https:\\\/\\\/www.facebook.com\\\/radioleinewelle\",\"https:\\\/\\\/x.com\\\/RLeinewelle\",\"https:\\\/\\\/www.instagram.com\\\/radioleinewelle\\\/?hl=de\"]},{\"@type\":\"Person\",\"@id\":\"https:\\\/\\\/radioleinewelle.de\\\/#\\\/schema\\\/person\\\/45606f348637df637192dc1b68399a63\",\"name\":\"Leinewelle\",\"image\":{\"@type\":\"ImageObject\",\"inLanguage\":\"de\",\"@id\":\"https:\\\/\\\/secure.gravatar.com\\\/avatar\\\/05c9a17bc973052ee5d91549bd32fb4dd0dc85b7b85ae94b2e2b4943476bbea5?s=96&d=blank&r=g\",\"url\":\"https:\\\/\\\/secure.gravatar.com\\\/avatar\\\/05c9a17bc973052ee5d91549bd32fb4dd0dc85b7b85ae94b2e2b4943476bbea5?s=96&d=blank&r=g\",\"contentUrl\":\"https:\\\/\\\/secure.gravatar.com\\\/avatar\\\/05c9a17bc973052ee5d91549bd32fb4dd0dc85b7b85ae94b2e2b4943476bbea5?s=96&d=blank&r=g\",\"caption\":\"Leinewelle\"},\"sameAs\":[\"http:\\\/\\\/localhost\\\/radio%20leinewelle\\\/wordpress\",\"https:\\\/\\\/www.facebook.com\\\/radioleinewelle\",\"https:\\\/\\\/www.instagram.com\\\/radioleinewelle\",\"https:\\\/\\\/x.com\\\/https:\\\/\\\/twitter.com\\\/RLeinewelle?ref_src=twsrcgoogletwcampserptwgrauthor\",\"https:\\\/\\\/soundcloud.com\\\/foerderverein-lokalradio?utm_source=clipboard&utm_medium=text&utm_campaign=social_sharing\"],\"url\":\"https:\\\/\\\/radioleinewelle.de\\\/index.php\\\/author\\\/leinewelle\\\/\"}]}<\/script>\n<!-- \/ Yoast SEO plugin. -->","yoast_head_json":{"title":"G\u00f6ttingen nimmt Gefl\u00fcchtete aus Moria auf - Radio Leinewelle","robots":{"index":"index","follow":"follow","max-snippet":"max-snippet:-1","max-image-preview":"max-image-preview:large","max-video-preview":"max-video-preview:-1"},"canonical":"https:\/\/radioleinewelle.de\/index.php\/2020\/10\/28\/goettingen-nimmt-gefluechtete-aus-moria-auf\/","og_locale":"de_DE","og_type":"article","og_title":"G\u00f6ttingen nimmt Gefl\u00fcchtete aus Moria auf - Radio Leinewelle","og_description":"G\u00f6ttingen will mindestens 30 Gefl\u00fcchtete aus dem zerst\u00f6rten griechischen Fl\u00fcchtlingslager Moria aufnehmen. Das hat G\u00f6ttingens Oberb\u00fcrgermeister Rolf-Georg K\u00f6hler in einer Videokonferenz mit Bundeskanzlerin Angela Merkel bekr\u00e4ftigt. An der Videokonferenz haben weitere siebzehn aufnahmebereite Kommunen aus ganz Deutschland teilgenommen. \u201eUns alle eint, dass wir damit ein Zeichen der Menschlichkeit setzen. Wir wollen Verantwortung \u00fcbernehmen und aus [&hellip;]","og_url":"https:\/\/radioleinewelle.de\/index.php\/2020\/10\/28\/goettingen-nimmt-gefluechtete-aus-moria-auf\/","og_site_name":"Radio Leinewelle","article_publisher":"https:\/\/www.facebook.com\/radioleinewelle","article_author":"https:\/\/www.facebook.com\/radioleinewelle","article_published_time":"2020-10-28T04:25:04+00:00","og_image":[{"width":640,"height":428,"url":"https:\/\/radioleinewelle.de\/wp-content\/uploads\/2020\/10\/tents-5485845_640.jpg","type":"image\/jpeg"}],"author":"Leinewelle","twitter_card":"summary_large_image","twitter_creator":"@https:\/\/twitter.com\/RLeinewelle?ref_src=twsrcgoogletwcampserptwgrauthor","twitter_site":"@RLeinewelle","twitter_misc":{"Verfasst von":"Leinewelle","Gesch\u00e4tzte Lesezeit":"1\u00a0Minute"},"schema":{"@context":"https:\/\/schema.org","@graph":[{"@type":"Article","@id":"https:\/\/radioleinewelle.de\/index.php\/2020\/10\/28\/goettingen-nimmt-gefluechtete-aus-moria-auf\/#article","isPartOf":{"@id":"https:\/\/radioleinewelle.de\/index.php\/2020\/10\/28\/goettingen-nimmt-gefluechtete-aus-moria-auf\/"},"author":{"name":"Leinewelle","@id":"https:\/\/radioleinewelle.de\/#\/schema\/person\/45606f348637df637192dc1b68399a63"},"headline":"G\u00f6ttingen nimmt Gefl\u00fcchtete aus Moria auf","datePublished":"2020-10-28T04:25:04+00:00","mainEntityOfPage":{"@id":"https:\/\/radioleinewelle.de\/index.php\/2020\/10\/28\/goettingen-nimmt-gefluechtete-aus-moria-auf\/"},"wordCount":288,"publisher":{"@id":"https:\/\/radioleinewelle.de\/#organization"},"image":{"@id":"https:\/\/radioleinewelle.de\/index.php\/2020\/10\/28\/goettingen-nimmt-gefluechtete-aus-moria-auf\/#primaryimage"},"thumbnailUrl":"https:\/\/radioleinewelle.de\/wp-content\/uploads\/2020\/10\/tents-5485845_640.jpg","articleSection":["Aktuelle Nachrichten"],"inLanguage":"de"},{"@type":"WebPage","@id":"https:\/\/radioleinewelle.de\/index.php\/2020\/10\/28\/goettingen-nimmt-gefluechtete-aus-moria-auf\/","url":"https:\/\/radioleinewelle.de\/index.php\/2020\/10\/28\/goettingen-nimmt-gefluechtete-aus-moria-auf\/","name":"G\u00f6ttingen nimmt Gefl\u00fcchtete aus Moria auf - Radio Leinewelle","isPartOf":{"@id":"https:\/\/radioleinewelle.de\/#website"},"primaryImageOfPage":{"@id":"https:\/\/radioleinewelle.de\/index.php\/2020\/10\/28\/goettingen-nimmt-gefluechtete-aus-moria-auf\/#primaryimage"},"image":{"@id":"https:\/\/radioleinewelle.de\/index.php\/2020\/10\/28\/goettingen-nimmt-gefluechtete-aus-moria-auf\/#primaryimage"},"thumbnailUrl":"https:\/\/radioleinewelle.de\/wp-content\/uploads\/2020\/10\/tents-5485845_640.jpg","datePublished":"2020-10-28T04:25:04+00:00","breadcrumb":{"@id":"https:\/\/radioleinewelle.de\/index.php\/2020\/10\/28\/goettingen-nimmt-gefluechtete-aus-moria-auf\/#breadcrumb"},"inLanguage":"de","potentialAction":[{"@type":"ReadAction","target":["https:\/\/radioleinewelle.de\/index.php\/2020\/10\/28\/goettingen-nimmt-gefluechtete-aus-moria-auf\/"]}]},{"@type":"ImageObject","inLanguage":"de","@id":"https:\/\/radioleinewelle.de\/index.php\/2020\/10\/28\/goettingen-nimmt-gefluechtete-aus-moria-auf\/#primaryimage","url":"https:\/\/radioleinewelle.de\/wp-content\/uploads\/2020\/10\/tents-5485845_640.jpg","contentUrl":"https:\/\/radioleinewelle.de\/wp-content\/uploads\/2020\/10\/tents-5485845_640.jpg","width":640,"height":428},{"@type":"BreadcrumbList","@id":"https:\/\/radioleinewelle.de\/index.php\/2020\/10\/28\/goettingen-nimmt-gefluechtete-aus-moria-auf\/#breadcrumb","itemListElement":[{"@type":"ListItem","position":1,"name":"Startseite","item":"https:\/\/radioleinewelle.de\/"},{"@type":"ListItem","position":2,"name":"G\u00f6ttingen nimmt Gefl\u00fcchtete aus Moria auf"}]},{"@type":"WebSite","@id":"https:\/\/radioleinewelle.de\/#website","url":"https:\/\/radioleinewelle.de\/","name":"Radio Leinewelle","description":"","publisher":{"@id":"https:\/\/radioleinewelle.de\/#organization"},"potentialAction":[{"@type":"SearchAction","target":{"@type":"EntryPoint","urlTemplate":"https:\/\/radioleinewelle.de\/?s={search_term_string}"},"query-input":{"@type":"PropertyValueSpecification","valueRequired":true,"valueName":"search_term_string"}}],"inLanguage":"de"},{"@type":"Organization","@id":"https:\/\/radioleinewelle.de\/#organization","name":"Radio Leinewelle","alternateName":"Mein Radio f\u00fcr S\u00fcdniedersachsen","url":"https:\/\/radioleinewelle.de\/","logo":{"@type":"ImageObject","inLanguage":"de","@id":"https:\/\/radioleinewelle.de\/#\/schema\/logo\/image\/","url":"https:\/\/radioleinewelle.de\/wp-content\/uploads\/2023\/11\/cropped-Leinewelle_Logo_weiss.png","contentUrl":"https:\/\/radioleinewelle.de\/wp-content\/uploads\/2023\/11\/cropped-Leinewelle_Logo_weiss.png","width":854,"height":260,"caption":"Radio Leinewelle"},"image":{"@id":"https:\/\/radioleinewelle.de\/#\/schema\/logo\/image\/"},"sameAs":["https:\/\/www.facebook.com\/radioleinewelle","https:\/\/x.com\/RLeinewelle","https:\/\/www.instagram.com\/radioleinewelle\/?hl=de"]},{"@type":"Person","@id":"https:\/\/radioleinewelle.de\/#\/schema\/person\/45606f348637df637192dc1b68399a63","name":"Leinewelle","image":{"@type":"ImageObject","inLanguage":"de","@id":"https:\/\/secure.gravatar.com\/avatar\/05c9a17bc973052ee5d91549bd32fb4dd0dc85b7b85ae94b2e2b4943476bbea5?s=96&d=blank&r=g","url":"https:\/\/secure.gravatar.com\/avatar\/05c9a17bc973052ee5d91549bd32fb4dd0dc85b7b85ae94b2e2b4943476bbea5?s=96&d=blank&r=g","contentUrl":"https:\/\/secure.gravatar.com\/avatar\/05c9a17bc973052ee5d91549bd32fb4dd0dc85b7b85ae94b2e2b4943476bbea5?s=96&d=blank&r=g","caption":"Leinewelle"},"sameAs":["http:\/\/localhost\/radio%20leinewelle\/wordpress","https:\/\/www.facebook.com\/radioleinewelle","https:\/\/www.instagram.com\/radioleinewelle","https:\/\/x.com\/https:\/\/twitter.com\/RLeinewelle?ref_src=twsrcgoogletwcampserptwgrauthor","https:\/\/soundcloud.com\/foerderverein-lokalradio?utm_source=clipboard&utm_medium=text&utm_campaign=social_sharing"],"url":"https:\/\/radioleinewelle.de\/index.php\/author\/leinewelle\/"}]}},"_links":{"self":[{"href":"https:\/\/radioleinewelle.de\/index.php\/wp-json\/wp\/v2\/posts\/2625","targetHints":{"allow":["GET"]}}],"collection":[{"href":"https:\/\/radioleinewelle.de\/index.php\/wp-json\/wp\/v2\/posts"}],"about":[{"href":"https:\/\/radioleinewelle.de\/index.php\/wp-json\/wp\/v2\/types\/post"}],"author":[{"embeddable":true,"href":"https:\/\/radioleinewelle.de\/index.php\/wp-json\/wp\/v2\/users\/1"}],"replies":[{"embeddable":true,"href":"https:\/\/radioleinewelle.de\/index.php\/wp-json\/wp\/v2\/comments?post=2625"}],"version-history":[{"count":0,"href":"https:\/\/radioleinewelle.de\/index.php\/wp-json\/wp\/v2\/posts\/2625\/revisions"}],"wp:featuredmedia":[{"embeddable":true,"href":"https:\/\/radioleinewelle.de\/index.php\/wp-json\/wp\/v2\/media\/2628"}],"wp:attachment":[{"href":"https:\/\/radioleinewelle.de\/index.php\/wp-json\/wp\/v2\/media?parent=2625"}],"wp:term":[{"taxonomy":"category","embeddable":true,"href":"https:\/\/radioleinewelle.de\/index.php\/wp-json\/wp\/v2\/categories?post=2625"},{"taxonomy":"post_tag","embeddable":true,"href":"https:\/\/radioleinewelle.de\/index.php\/wp-json\/wp\/v2\/tags?post=2625"}],"curies":[{"name":"wp","href":"https:\/\/api.w.org\/{rel}","templated":true}]}}