{"id":26258,"date":"2024-09-27T13:06:51","date_gmt":"2024-09-27T11:06:51","guid":{"rendered":"https:\/\/radioleinewelle.de\/?p=26258"},"modified":"2024-09-27T13:06:52","modified_gmt":"2024-09-27T11:06:52","slug":"dritter-bombenblindgaenger-auf-dem-goettinger-schuetzenplatz-bestaetigt","status":"publish","type":"post","link":"https:\/\/radioleinewelle.de\/index.php\/2024\/09\/27\/dritter-bombenblindgaenger-auf-dem-goettinger-schuetzenplatz-bestaetigt\/","title":{"rendered":"Dritter Bombenblindg\u00e4nger auf dem G\u00f6ttinger Sch\u00fctzenplatz best\u00e4tigt"},"content":{"rendered":"\n<p><strong>Die Kampfmittelsondierungen in der G\u00f6ttinger Weststadt wurden planm\u00e4\u00dfig fortgesetzt. Die Untersuchungen best\u00e4tigen nun, dass auch der dritte Verdachtspunkt positiv ist. Somit wurden insgesamt drei Bombenblindg\u00e4nger aus dem Zweiten Weltkrieg lokalisiert, die am 12. Oktober 2024 unsch\u00e4dlich gemacht werden m\u00fcssen.<\/strong><\/p>\n\n\n\n<p>Am dritten Punkt haben bereits die Arbeiten zur Errichtung einer Container-Burg begonnen. Da der zweite und dritte best\u00e4tigte Punkt sehr nahe beieinanderliegen, wird hier eine zusammenh\u00e4ngende Container-Burg errichtet \u2013 also eine neue Variation des bereits erprobten \u201eG\u00f6ttinger Modells\u201c.&nbsp; Die Aufbauarbeiten werden noch bis in die kommende Woche hinein andauern. Ab dem 7. Oktober werden die Container dann von der Berufsfeuerwehr G\u00f6ttingen mit Wasser bef\u00fcllt. Aus Sicherheitsgr\u00fcnden darf das abgesperrte Sondierungsgebiet rund um die Uhr nicht betreten werden.<\/p>\n\n\n\n<p>Um die sichere Entsch\u00e4rfung der Blindg\u00e4nger zu gew\u00e4hrleisten, werden derzeit weiterhin umfangreiche Grundwasserabsenkungsma\u00dfnahmen durch die Fa. Hoelscher-Wasserbau durchgef\u00fchrt. Nach erg\u00e4nzenden Ma\u00dfnahmen, die aufgrund der schwierigen Bodenverh\u00e4ltnisse vor Ort erforderlich wurden, konnte der Grundwasserpegel inzwischen erfolgreich abgesenkt werden.<\/p>\n\n\n\n<p><strong>Unterkunft f\u00fcr Evakuierte&nbsp;<\/strong><\/p>\n\n\n\n<p>Die Stadt G\u00f6ttingen appelliert an die Anwohner*innen des Evakuierungsgebietes, sich f\u00fcr die Dauer der Evakuierung um eine Unterkunft au\u00dferhalb des Sperrgebietes zu k\u00fcmmern. F\u00fcr alle, denen das nicht m\u00f6glich ist, bietet die Stadt wieder eine Notunterkunft im Felix-Klein-Gymnasium (FKG), B\u00f6ttingerstra\u00dfe 17, an. Wer die Notunterkunft in Anspruch nehmen muss, melde sich bis zum 9. Oktober bei der Hotline der Stadt G\u00f6ttingen unter Telefon 0551 400-5050. Pflegebed\u00fcrftige und Menschen mit Mobilit\u00e4tseinschr\u00e4nkungen werden ebenfalls gebeten, das Verlassen der Wohnung fr\u00fchzeitig zu planen und sich an die Hotline zu wenden, sofern nicht bereits Kontakt mit den darauf spezialisierten Einsatzkr\u00e4ften besteht. Die Hotline ist in der kommenden Woche vom 30. September bis 2. Oktober in der Zeit von 9.00 bis 16.00 Uhr zu erreichen.<\/p>\n\n\n\n<p><strong>Weitere Informationen<\/strong><\/p>\n\n\n\n<p>Antworten auf h\u00e4ufige Fragen zum aktuellen Stand finden G\u00f6ttinger*innen online in den \u201e<a href=\"https:\/\/www.goettingen.de\/portal\/meldungen\/fragen-und-antworten-zur-evakuierung-in-der-weststadt-900000221-25480.html?rubrik=900000003\">Fragen und Antworten zum Kampfmittelverdacht<\/a>\u201c. Im Liveblog&nbsp;&nbsp;<a href=\"https:\/\/www.goettingen.de\/portal\/meldungen\/aktuelle-infos-zum-kampfmittelverdacht-in-der-weststadt-900000220-25480.html?rubrik=900000003\">goe.de\/bombenverdacht<\/a>informiert die Stadt G\u00f6ttingen fortlaufend \u00fcber neue Entwicklungen.<\/p>\n\n\n\n<p><strong>Radio Leinewelle wird am 12.10.24 in bew\u00e4hrter Form Live On Air sowie in den sozialen Medien von der Evakuierung und der Bombenr\u00e4umung berichten.<\/strong><\/p>\n\n\n\n<p><strong>Foto:<\/strong> Vorbereitungen auf dem G\u00f6ttinger Sch\u00fctzenplatz \u00a9Radio Leinewelle (je)<\/p>\n","protected":false},"excerpt":{"rendered":"<p>Die Kampfmittelsondierungen in der G\u00f6ttinger Weststadt wurden planm\u00e4\u00dfig fortgesetzt. Die Untersuchungen best\u00e4tigen nun, dass auch der dritte Verdachtspunkt positiv ist. Somit wurden insgesamt drei Bombenblindg\u00e4nger aus dem Zweiten Weltkrieg lokalisiert, die am 12. Oktober 2024 unsch\u00e4dlich gemacht werden m\u00fcssen. Am dritten Punkt haben bereits die Arbeiten zur Errichtung einer Container-Burg begonnen. Da der zweite und [&hellip;]<\/p>\n","protected":false},"author":1,"featured_media":26260,"comment_status":"open","ping_status":"open","sticky":true,"template":"","format":"standard","meta":{"saved_in_kubio":false,"footnotes":""},"categories":[1],"tags":[],"class_list":["post-26258","post","type-post","status-publish","format-standard","has-post-thumbnail","hentry","category-allgemein"],"yoast_head":"<!-- This site is optimized with the Yoast SEO plugin v27.5 - https:\/\/yoast.com\/product\/yoast-seo-wordpress\/ -->\n<title>Dritter Bombenblindg\u00e4nger auf dem G\u00f6ttinger Sch\u00fctzenplatz best\u00e4tigt - Radio Leinewelle<\/title>\n<meta name=\"robots\" content=\"index, follow, max-snippet:-1, max-image-preview:large, max-video-preview:-1\" \/>\n<link rel=\"canonical\" href=\"https:\/\/radioleinewelle.de\/index.php\/2024\/09\/27\/dritter-bombenblindgaenger-auf-dem-goettinger-schuetzenplatz-bestaetigt\/\" \/>\n<meta property=\"og:locale\" content=\"de_DE\" \/>\n<meta property=\"og:type\" content=\"article\" \/>\n<meta property=\"og:title\" content=\"Dritter Bombenblindg\u00e4nger auf dem G\u00f6ttinger Sch\u00fctzenplatz best\u00e4tigt - Radio Leinewelle\" \/>\n<meta property=\"og:description\" content=\"Die Kampfmittelsondierungen in der G\u00f6ttinger Weststadt wurden planm\u00e4\u00dfig fortgesetzt. Die Untersuchungen best\u00e4tigen nun, dass auch der dritte Verdachtspunkt positiv ist. Somit wurden insgesamt drei Bombenblindg\u00e4nger aus dem Zweiten Weltkrieg lokalisiert, die am 12. Oktober 2024 unsch\u00e4dlich gemacht werden m\u00fcssen. Am dritten Punkt haben bereits die Arbeiten zur Errichtung einer Container-Burg begonnen. Da der zweite und [&hellip;]\" \/>\n<meta property=\"og:url\" content=\"https:\/\/radioleinewelle.de\/index.php\/2024\/09\/27\/dritter-bombenblindgaenger-auf-dem-goettinger-schuetzenplatz-bestaetigt\/\" \/>\n<meta property=\"og:site_name\" content=\"Radio Leinewelle\" \/>\n<meta property=\"article:publisher\" content=\"https:\/\/www.facebook.com\/radioleinewelle\" \/>\n<meta property=\"article:author\" content=\"https:\/\/www.facebook.com\/radioleinewelle\" \/>\n<meta property=\"article:published_time\" content=\"2024-09-27T11:06:51+00:00\" \/>\n<meta property=\"article:modified_time\" content=\"2024-09-27T11:06:52+00:00\" \/>\n<meta property=\"og:image\" content=\"https:\/\/radioleinewelle.de\/wp-content\/uploads\/2024\/09\/Bombenraeumung-09-08-24-e1727435149836.jpg\" \/>\n\t<meta property=\"og:image:width\" content=\"1000\" \/>\n\t<meta property=\"og:image:height\" content=\"750\" \/>\n\t<meta property=\"og:image:type\" content=\"image\/jpeg\" \/>\n<meta name=\"author\" content=\"Leinewelle\" \/>\n<meta name=\"twitter:card\" content=\"summary_large_image\" \/>\n<meta name=\"twitter:creator\" content=\"@https:\/\/twitter.com\/RLeinewelle?ref_src=twsrcgoogletwcampserptwgrauthor\" \/>\n<meta name=\"twitter:site\" content=\"@RLeinewelle\" \/>\n<meta name=\"twitter:label1\" content=\"Verfasst von\" \/>\n\t<meta name=\"twitter:data1\" content=\"Leinewelle\" \/>\n\t<meta name=\"twitter:label2\" content=\"Gesch\u00e4tzte Lesezeit\" \/>\n\t<meta name=\"twitter:data2\" content=\"3\u00a0Minuten\" \/>\n<script type=\"application\/ld+json\" class=\"yoast-schema-graph\">{\"@context\":\"https:\\\/\\\/schema.org\",\"@graph\":[{\"@type\":\"Article\",\"@id\":\"https:\\\/\\\/radioleinewelle.de\\\/index.php\\\/2024\\\/09\\\/27\\\/dritter-bombenblindgaenger-auf-dem-goettinger-schuetzenplatz-bestaetigt\\\/#article\",\"isPartOf\":{\"@id\":\"https:\\\/\\\/radioleinewelle.de\\\/index.php\\\/2024\\\/09\\\/27\\\/dritter-bombenblindgaenger-auf-dem-goettinger-schuetzenplatz-bestaetigt\\\/\"},\"author\":{\"name\":\"Leinewelle\",\"@id\":\"https:\\\/\\\/radioleinewelle.de\\\/#\\\/schema\\\/person\\\/45606f348637df637192dc1b68399a63\"},\"headline\":\"Dritter Bombenblindg\u00e4nger auf dem G\u00f6ttinger Sch\u00fctzenplatz best\u00e4tigt\",\"datePublished\":\"2024-09-27T11:06:51+00:00\",\"dateModified\":\"2024-09-27T11:06:52+00:00\",\"mainEntityOfPage\":{\"@id\":\"https:\\\/\\\/radioleinewelle.de\\\/index.php\\\/2024\\\/09\\\/27\\\/dritter-bombenblindgaenger-auf-dem-goettinger-schuetzenplatz-bestaetigt\\\/\"},\"wordCount\":386,\"commentCount\":0,\"publisher\":{\"@id\":\"https:\\\/\\\/radioleinewelle.de\\\/#organization\"},\"image\":{\"@id\":\"https:\\\/\\\/radioleinewelle.de\\\/index.php\\\/2024\\\/09\\\/27\\\/dritter-bombenblindgaenger-auf-dem-goettinger-schuetzenplatz-bestaetigt\\\/#primaryimage\"},\"thumbnailUrl\":\"https:\\\/\\\/radioleinewelle.de\\\/wp-content\\\/uploads\\\/2024\\\/09\\\/Bombenraeumung-09-08-24-e1727435149836.jpg\",\"inLanguage\":\"de\",\"potentialAction\":[{\"@type\":\"CommentAction\",\"name\":\"Comment\",\"target\":[\"https:\\\/\\\/radioleinewelle.de\\\/index.php\\\/2024\\\/09\\\/27\\\/dritter-bombenblindgaenger-auf-dem-goettinger-schuetzenplatz-bestaetigt\\\/#respond\"]}]},{\"@type\":\"WebPage\",\"@id\":\"https:\\\/\\\/radioleinewelle.de\\\/index.php\\\/2024\\\/09\\\/27\\\/dritter-bombenblindgaenger-auf-dem-goettinger-schuetzenplatz-bestaetigt\\\/\",\"url\":\"https:\\\/\\\/radioleinewelle.de\\\/index.php\\\/2024\\\/09\\\/27\\\/dritter-bombenblindgaenger-auf-dem-goettinger-schuetzenplatz-bestaetigt\\\/\",\"name\":\"Dritter Bombenblindg\u00e4nger auf dem G\u00f6ttinger Sch\u00fctzenplatz best\u00e4tigt - Radio Leinewelle\",\"isPartOf\":{\"@id\":\"https:\\\/\\\/radioleinewelle.de\\\/#website\"},\"primaryImageOfPage\":{\"@id\":\"https:\\\/\\\/radioleinewelle.de\\\/index.php\\\/2024\\\/09\\\/27\\\/dritter-bombenblindgaenger-auf-dem-goettinger-schuetzenplatz-bestaetigt\\\/#primaryimage\"},\"image\":{\"@id\":\"https:\\\/\\\/radioleinewelle.de\\\/index.php\\\/2024\\\/09\\\/27\\\/dritter-bombenblindgaenger-auf-dem-goettinger-schuetzenplatz-bestaetigt\\\/#primaryimage\"},\"thumbnailUrl\":\"https:\\\/\\\/radioleinewelle.de\\\/wp-content\\\/uploads\\\/2024\\\/09\\\/Bombenraeumung-09-08-24-e1727435149836.jpg\",\"datePublished\":\"2024-09-27T11:06:51+00:00\",\"dateModified\":\"2024-09-27T11:06:52+00:00\",\"breadcrumb\":{\"@id\":\"https:\\\/\\\/radioleinewelle.de\\\/index.php\\\/2024\\\/09\\\/27\\\/dritter-bombenblindgaenger-auf-dem-goettinger-schuetzenplatz-bestaetigt\\\/#breadcrumb\"},\"inLanguage\":\"de\",\"potentialAction\":[{\"@type\":\"ReadAction\",\"target\":[\"https:\\\/\\\/radioleinewelle.de\\\/index.php\\\/2024\\\/09\\\/27\\\/dritter-bombenblindgaenger-auf-dem-goettinger-schuetzenplatz-bestaetigt\\\/\"]}]},{\"@type\":\"ImageObject\",\"inLanguage\":\"de\",\"@id\":\"https:\\\/\\\/radioleinewelle.de\\\/index.php\\\/2024\\\/09\\\/27\\\/dritter-bombenblindgaenger-auf-dem-goettinger-schuetzenplatz-bestaetigt\\\/#primaryimage\",\"url\":\"https:\\\/\\\/radioleinewelle.de\\\/wp-content\\\/uploads\\\/2024\\\/09\\\/Bombenraeumung-09-08-24-e1727435149836.jpg\",\"contentUrl\":\"https:\\\/\\\/radioleinewelle.de\\\/wp-content\\\/uploads\\\/2024\\\/09\\\/Bombenraeumung-09-08-24-e1727435149836.jpg\",\"width\":1000,\"height\":750},{\"@type\":\"BreadcrumbList\",\"@id\":\"https:\\\/\\\/radioleinewelle.de\\\/index.php\\\/2024\\\/09\\\/27\\\/dritter-bombenblindgaenger-auf-dem-goettinger-schuetzenplatz-bestaetigt\\\/#breadcrumb\",\"itemListElement\":[{\"@type\":\"ListItem\",\"position\":1,\"name\":\"Startseite\",\"item\":\"https:\\\/\\\/radioleinewelle.de\\\/\"},{\"@type\":\"ListItem\",\"position\":2,\"name\":\"Dritter Bombenblindg\u00e4nger auf dem G\u00f6ttinger Sch\u00fctzenplatz best\u00e4tigt\"}]},{\"@type\":\"WebSite\",\"@id\":\"https:\\\/\\\/radioleinewelle.de\\\/#website\",\"url\":\"https:\\\/\\\/radioleinewelle.de\\\/\",\"name\":\"Radio Leinewelle\",\"description\":\"\",\"publisher\":{\"@id\":\"https:\\\/\\\/radioleinewelle.de\\\/#organization\"},\"potentialAction\":[{\"@type\":\"SearchAction\",\"target\":{\"@type\":\"EntryPoint\",\"urlTemplate\":\"https:\\\/\\\/radioleinewelle.de\\\/?s={search_term_string}\"},\"query-input\":{\"@type\":\"PropertyValueSpecification\",\"valueRequired\":true,\"valueName\":\"search_term_string\"}}],\"inLanguage\":\"de\"},{\"@type\":\"Organization\",\"@id\":\"https:\\\/\\\/radioleinewelle.de\\\/#organization\",\"name\":\"Radio Leinewelle\",\"alternateName\":\"Mein Radio f\u00fcr S\u00fcdniedersachsen\",\"url\":\"https:\\\/\\\/radioleinewelle.de\\\/\",\"logo\":{\"@type\":\"ImageObject\",\"inLanguage\":\"de\",\"@id\":\"https:\\\/\\\/radioleinewelle.de\\\/#\\\/schema\\\/logo\\\/image\\\/\",\"url\":\"https:\\\/\\\/radioleinewelle.de\\\/wp-content\\\/uploads\\\/2023\\\/11\\\/cropped-Leinewelle_Logo_weiss.png\",\"contentUrl\":\"https:\\\/\\\/radioleinewelle.de\\\/wp-content\\\/uploads\\\/2023\\\/11\\\/cropped-Leinewelle_Logo_weiss.png\",\"width\":854,\"height\":260,\"caption\":\"Radio Leinewelle\"},\"image\":{\"@id\":\"https:\\\/\\\/radioleinewelle.de\\\/#\\\/schema\\\/logo\\\/image\\\/\"},\"sameAs\":[\"https:\\\/\\\/www.facebook.com\\\/radioleinewelle\",\"https:\\\/\\\/x.com\\\/RLeinewelle\",\"https:\\\/\\\/www.instagram.com\\\/radioleinewelle\\\/?hl=de\"]},{\"@type\":\"Person\",\"@id\":\"https:\\\/\\\/radioleinewelle.de\\\/#\\\/schema\\\/person\\\/45606f348637df637192dc1b68399a63\",\"name\":\"Leinewelle\",\"image\":{\"@type\":\"ImageObject\",\"inLanguage\":\"de\",\"@id\":\"https:\\\/\\\/secure.gravatar.com\\\/avatar\\\/05c9a17bc973052ee5d91549bd32fb4dd0dc85b7b85ae94b2e2b4943476bbea5?s=96&d=blank&r=g\",\"url\":\"https:\\\/\\\/secure.gravatar.com\\\/avatar\\\/05c9a17bc973052ee5d91549bd32fb4dd0dc85b7b85ae94b2e2b4943476bbea5?s=96&d=blank&r=g\",\"contentUrl\":\"https:\\\/\\\/secure.gravatar.com\\\/avatar\\\/05c9a17bc973052ee5d91549bd32fb4dd0dc85b7b85ae94b2e2b4943476bbea5?s=96&d=blank&r=g\",\"caption\":\"Leinewelle\"},\"sameAs\":[\"http:\\\/\\\/localhost\\\/radio%20leinewelle\\\/wordpress\",\"https:\\\/\\\/www.facebook.com\\\/radioleinewelle\",\"https:\\\/\\\/www.instagram.com\\\/radioleinewelle\",\"https:\\\/\\\/x.com\\\/https:\\\/\\\/twitter.com\\\/RLeinewelle?ref_src=twsrcgoogletwcampserptwgrauthor\",\"https:\\\/\\\/soundcloud.com\\\/foerderverein-lokalradio?utm_source=clipboard&utm_medium=text&utm_campaign=social_sharing\"],\"url\":\"https:\\\/\\\/radioleinewelle.de\\\/index.php\\\/author\\\/leinewelle\\\/\"}]}<\/script>\n<!-- \/ Yoast SEO plugin. -->","yoast_head_json":{"title":"Dritter Bombenblindg\u00e4nger auf dem G\u00f6ttinger Sch\u00fctzenplatz best\u00e4tigt - Radio Leinewelle","robots":{"index":"index","follow":"follow","max-snippet":"max-snippet:-1","max-image-preview":"max-image-preview:large","max-video-preview":"max-video-preview:-1"},"canonical":"https:\/\/radioleinewelle.de\/index.php\/2024\/09\/27\/dritter-bombenblindgaenger-auf-dem-goettinger-schuetzenplatz-bestaetigt\/","og_locale":"de_DE","og_type":"article","og_title":"Dritter Bombenblindg\u00e4nger auf dem G\u00f6ttinger Sch\u00fctzenplatz best\u00e4tigt - Radio Leinewelle","og_description":"Die Kampfmittelsondierungen in der G\u00f6ttinger Weststadt wurden planm\u00e4\u00dfig fortgesetzt. Die Untersuchungen best\u00e4tigen nun, dass auch der dritte Verdachtspunkt positiv ist. Somit wurden insgesamt drei Bombenblindg\u00e4nger aus dem Zweiten Weltkrieg lokalisiert, die am 12. Oktober 2024 unsch\u00e4dlich gemacht werden m\u00fcssen. Am dritten Punkt haben bereits die Arbeiten zur Errichtung einer Container-Burg begonnen. Da der zweite und [&hellip;]","og_url":"https:\/\/radioleinewelle.de\/index.php\/2024\/09\/27\/dritter-bombenblindgaenger-auf-dem-goettinger-schuetzenplatz-bestaetigt\/","og_site_name":"Radio Leinewelle","article_publisher":"https:\/\/www.facebook.com\/radioleinewelle","article_author":"https:\/\/www.facebook.com\/radioleinewelle","article_published_time":"2024-09-27T11:06:51+00:00","article_modified_time":"2024-09-27T11:06:52+00:00","og_image":[{"width":1000,"height":750,"url":"https:\/\/radioleinewelle.de\/wp-content\/uploads\/2024\/09\/Bombenraeumung-09-08-24-e1727435149836.jpg","type":"image\/jpeg"}],"author":"Leinewelle","twitter_card":"summary_large_image","twitter_creator":"@https:\/\/twitter.com\/RLeinewelle?ref_src=twsrcgoogletwcampserptwgrauthor","twitter_site":"@RLeinewelle","twitter_misc":{"Verfasst von":"Leinewelle","Gesch\u00e4tzte Lesezeit":"3\u00a0Minuten"},"schema":{"@context":"https:\/\/schema.org","@graph":[{"@type":"Article","@id":"https:\/\/radioleinewelle.de\/index.php\/2024\/09\/27\/dritter-bombenblindgaenger-auf-dem-goettinger-schuetzenplatz-bestaetigt\/#article","isPartOf":{"@id":"https:\/\/radioleinewelle.de\/index.php\/2024\/09\/27\/dritter-bombenblindgaenger-auf-dem-goettinger-schuetzenplatz-bestaetigt\/"},"author":{"name":"Leinewelle","@id":"https:\/\/radioleinewelle.de\/#\/schema\/person\/45606f348637df637192dc1b68399a63"},"headline":"Dritter Bombenblindg\u00e4nger auf dem G\u00f6ttinger Sch\u00fctzenplatz best\u00e4tigt","datePublished":"2024-09-27T11:06:51+00:00","dateModified":"2024-09-27T11:06:52+00:00","mainEntityOfPage":{"@id":"https:\/\/radioleinewelle.de\/index.php\/2024\/09\/27\/dritter-bombenblindgaenger-auf-dem-goettinger-schuetzenplatz-bestaetigt\/"},"wordCount":386,"commentCount":0,"publisher":{"@id":"https:\/\/radioleinewelle.de\/#organization"},"image":{"@id":"https:\/\/radioleinewelle.de\/index.php\/2024\/09\/27\/dritter-bombenblindgaenger-auf-dem-goettinger-schuetzenplatz-bestaetigt\/#primaryimage"},"thumbnailUrl":"https:\/\/radioleinewelle.de\/wp-content\/uploads\/2024\/09\/Bombenraeumung-09-08-24-e1727435149836.jpg","inLanguage":"de","potentialAction":[{"@type":"CommentAction","name":"Comment","target":["https:\/\/radioleinewelle.de\/index.php\/2024\/09\/27\/dritter-bombenblindgaenger-auf-dem-goettinger-schuetzenplatz-bestaetigt\/#respond"]}]},{"@type":"WebPage","@id":"https:\/\/radioleinewelle.de\/index.php\/2024\/09\/27\/dritter-bombenblindgaenger-auf-dem-goettinger-schuetzenplatz-bestaetigt\/","url":"https:\/\/radioleinewelle.de\/index.php\/2024\/09\/27\/dritter-bombenblindgaenger-auf-dem-goettinger-schuetzenplatz-bestaetigt\/","name":"Dritter Bombenblindg\u00e4nger auf dem G\u00f6ttinger Sch\u00fctzenplatz best\u00e4tigt - Radio Leinewelle","isPartOf":{"@id":"https:\/\/radioleinewelle.de\/#website"},"primaryImageOfPage":{"@id":"https:\/\/radioleinewelle.de\/index.php\/2024\/09\/27\/dritter-bombenblindgaenger-auf-dem-goettinger-schuetzenplatz-bestaetigt\/#primaryimage"},"image":{"@id":"https:\/\/radioleinewelle.de\/index.php\/2024\/09\/27\/dritter-bombenblindgaenger-auf-dem-goettinger-schuetzenplatz-bestaetigt\/#primaryimage"},"thumbnailUrl":"https:\/\/radioleinewelle.de\/wp-content\/uploads\/2024\/09\/Bombenraeumung-09-08-24-e1727435149836.jpg","datePublished":"2024-09-27T11:06:51+00:00","dateModified":"2024-09-27T11:06:52+00:00","breadcrumb":{"@id":"https:\/\/radioleinewelle.de\/index.php\/2024\/09\/27\/dritter-bombenblindgaenger-auf-dem-goettinger-schuetzenplatz-bestaetigt\/#breadcrumb"},"inLanguage":"de","potentialAction":[{"@type":"ReadAction","target":["https:\/\/radioleinewelle.de\/index.php\/2024\/09\/27\/dritter-bombenblindgaenger-auf-dem-goettinger-schuetzenplatz-bestaetigt\/"]}]},{"@type":"ImageObject","inLanguage":"de","@id":"https:\/\/radioleinewelle.de\/index.php\/2024\/09\/27\/dritter-bombenblindgaenger-auf-dem-goettinger-schuetzenplatz-bestaetigt\/#primaryimage","url":"https:\/\/radioleinewelle.de\/wp-content\/uploads\/2024\/09\/Bombenraeumung-09-08-24-e1727435149836.jpg","contentUrl":"https:\/\/radioleinewelle.de\/wp-content\/uploads\/2024\/09\/Bombenraeumung-09-08-24-e1727435149836.jpg","width":1000,"height":750},{"@type":"BreadcrumbList","@id":"https:\/\/radioleinewelle.de\/index.php\/2024\/09\/27\/dritter-bombenblindgaenger-auf-dem-goettinger-schuetzenplatz-bestaetigt\/#breadcrumb","itemListElement":[{"@type":"ListItem","position":1,"name":"Startseite","item":"https:\/\/radioleinewelle.de\/"},{"@type":"ListItem","position":2,"name":"Dritter Bombenblindg\u00e4nger auf dem G\u00f6ttinger Sch\u00fctzenplatz best\u00e4tigt"}]},{"@type":"WebSite","@id":"https:\/\/radioleinewelle.de\/#website","url":"https:\/\/radioleinewelle.de\/","name":"Radio Leinewelle","description":"","publisher":{"@id":"https:\/\/radioleinewelle.de\/#organization"},"potentialAction":[{"@type":"SearchAction","target":{"@type":"EntryPoint","urlTemplate":"https:\/\/radioleinewelle.de\/?s={search_term_string}"},"query-input":{"@type":"PropertyValueSpecification","valueRequired":true,"valueName":"search_term_string"}}],"inLanguage":"de"},{"@type":"Organization","@id":"https:\/\/radioleinewelle.de\/#organization","name":"Radio Leinewelle","alternateName":"Mein Radio f\u00fcr S\u00fcdniedersachsen","url":"https:\/\/radioleinewelle.de\/","logo":{"@type":"ImageObject","inLanguage":"de","@id":"https:\/\/radioleinewelle.de\/#\/schema\/logo\/image\/","url":"https:\/\/radioleinewelle.de\/wp-content\/uploads\/2023\/11\/cropped-Leinewelle_Logo_weiss.png","contentUrl":"https:\/\/radioleinewelle.de\/wp-content\/uploads\/2023\/11\/cropped-Leinewelle_Logo_weiss.png","width":854,"height":260,"caption":"Radio Leinewelle"},"image":{"@id":"https:\/\/radioleinewelle.de\/#\/schema\/logo\/image\/"},"sameAs":["https:\/\/www.facebook.com\/radioleinewelle","https:\/\/x.com\/RLeinewelle","https:\/\/www.instagram.com\/radioleinewelle\/?hl=de"]},{"@type":"Person","@id":"https:\/\/radioleinewelle.de\/#\/schema\/person\/45606f348637df637192dc1b68399a63","name":"Leinewelle","image":{"@type":"ImageObject","inLanguage":"de","@id":"https:\/\/secure.gravatar.com\/avatar\/05c9a17bc973052ee5d91549bd32fb4dd0dc85b7b85ae94b2e2b4943476bbea5?s=96&d=blank&r=g","url":"https:\/\/secure.gravatar.com\/avatar\/05c9a17bc973052ee5d91549bd32fb4dd0dc85b7b85ae94b2e2b4943476bbea5?s=96&d=blank&r=g","contentUrl":"https:\/\/secure.gravatar.com\/avatar\/05c9a17bc973052ee5d91549bd32fb4dd0dc85b7b85ae94b2e2b4943476bbea5?s=96&d=blank&r=g","caption":"Leinewelle"},"sameAs":["http:\/\/localhost\/radio%20leinewelle\/wordpress","https:\/\/www.facebook.com\/radioleinewelle","https:\/\/www.instagram.com\/radioleinewelle","https:\/\/x.com\/https:\/\/twitter.com\/RLeinewelle?ref_src=twsrcgoogletwcampserptwgrauthor","https:\/\/soundcloud.com\/foerderverein-lokalradio?utm_source=clipboard&utm_medium=text&utm_campaign=social_sharing"],"url":"https:\/\/radioleinewelle.de\/index.php\/author\/leinewelle\/"}]}},"_links":{"self":[{"href":"https:\/\/radioleinewelle.de\/index.php\/wp-json\/wp\/v2\/posts\/26258","targetHints":{"allow":["GET"]}}],"collection":[{"href":"https:\/\/radioleinewelle.de\/index.php\/wp-json\/wp\/v2\/posts"}],"about":[{"href":"https:\/\/radioleinewelle.de\/index.php\/wp-json\/wp\/v2\/types\/post"}],"author":[{"embeddable":true,"href":"https:\/\/radioleinewelle.de\/index.php\/wp-json\/wp\/v2\/users\/1"}],"replies":[{"embeddable":true,"href":"https:\/\/radioleinewelle.de\/index.php\/wp-json\/wp\/v2\/comments?post=26258"}],"version-history":[{"count":2,"href":"https:\/\/radioleinewelle.de\/index.php\/wp-json\/wp\/v2\/posts\/26258\/revisions"}],"predecessor-version":[{"id":26261,"href":"https:\/\/radioleinewelle.de\/index.php\/wp-json\/wp\/v2\/posts\/26258\/revisions\/26261"}],"wp:featuredmedia":[{"embeddable":true,"href":"https:\/\/radioleinewelle.de\/index.php\/wp-json\/wp\/v2\/media\/26260"}],"wp:attachment":[{"href":"https:\/\/radioleinewelle.de\/index.php\/wp-json\/wp\/v2\/media?parent=26258"}],"wp:term":[{"taxonomy":"category","embeddable":true,"href":"https:\/\/radioleinewelle.de\/index.php\/wp-json\/wp\/v2\/categories?post=26258"},{"taxonomy":"post_tag","embeddable":true,"href":"https:\/\/radioleinewelle.de\/index.php\/wp-json\/wp\/v2\/tags?post=26258"}],"curies":[{"name":"wp","href":"https:\/\/api.w.org\/{rel}","templated":true}]}}