{"id":26263,"date":"2024-10-02T16:03:10","date_gmt":"2024-10-02T14:03:10","guid":{"rendered":"https:\/\/radioleinewelle.de\/?p=26263"},"modified":"2024-10-02T16:03:12","modified_gmt":"2024-10-02T14:03:12","slug":"von-sitzplatzreservierung-bis-zur-aufgehobenen-zugbindung-welche-rechte-habe-ich-als-fahrgast","status":"publish","type":"post","link":"https:\/\/radioleinewelle.de\/index.php\/2024\/10\/02\/von-sitzplatzreservierung-bis-zur-aufgehobenen-zugbindung-welche-rechte-habe-ich-als-fahrgast\/","title":{"rendered":"Von Sitzplatzreservierung bis zur aufgehobenen Zugbindung &#8211; welche Rechte habe ich als Fahrgast?"},"content":{"rendered":"\n<p><strong>Das lange Wochenende und die Herbstferien stehen vor der T\u00fcr und damit f\u00fcr viele auch eine Bahnreise. Unter Umst\u00e4nden sind dann starke Nerven gefragt, etwa wenn der Zug ausf\u00e4llt oder sich versp\u00e4tet.&nbsp;In diesen F\u00e4llen haben Reisende ein Recht auf Entsch\u00e4digungen oder Erstattungen.<\/strong>&nbsp;<strong>Doch wie sieht es mit der entfallenen Sitzplatzreservierung aus und wann gilt die Zugbindung als aufgehoben? Die Verbraucherzentrale Niedersachsen gibt Tipps, wie Reisende bei Ausf\u00e4llen und Versp\u00e4tungen von den Fahrgastrechten Gebrauch machen k\u00f6nnen.&nbsp;<\/strong><\/p>\n\n\n\n<p>Auf l\u00e4ngeren Bahnfahrten wegen \u00fcberf\u00fcllter Z\u00fcge stehen zu m\u00fcssen, ist nicht nur f\u00fcr Menschen mit k\u00f6rperlichen Einschr\u00e4nkungen unangenehm. Eine Sitzplatzreservierung schafft Abhilfe, bietet aber keine Garantie \u2013 etwa, wenn es zu Zugausf\u00e4llen oder Versp\u00e4tungen kommt. Trotzdem haben Reisende hier klare Rechte: \u201eWer seine Reservierung nicht in Anspruch nehmen kann, weil sie nicht zugeteilt oder zugeteilte Pl\u00e4tze nicht bereitgehalten werden k\u00f6nnen, kann eine R\u00fcckzahlung des Reservierungsentgelts fordern&#8220;, erkl\u00e4rt Markus Hagge, Rechtsexperte der Verbraucherzentrale Niedersachsen. Das gilt auch, wenn eine Zugversp\u00e4tung daf\u00fcr sorgt, dass die Reservierung gar nicht erst genutzt werden kann. \u201eIn diesen F\u00e4llen geht es letztlich um kleine Geldbetr\u00e4ge. Deren R\u00fcckzahlung ist aktuell jedoch unverh\u00e4ltnism\u00e4\u00dfig aufwendig, weshalb Reisende oftmals darauf verzichten&#8220;, konstatiert Hagge. Betroffene m\u00fcssen entweder einen Online-Antrag \u00fcber das pers\u00f6nliche Kundenkonto stellen oder sie wenden sich an das Servicecenter der Deutschen Bahn. Auch ein formloses Schreiben an das Servicecenter Fahrgastrechte ist m\u00f6glich. \u201eDas sollte vereinfacht werden. Sinnvoll w\u00e4re aus unserer Sicht eine automatische R\u00fcckzahlung des Reservierungsentgelts&#8220;, h\u00e4lt der Experte fest.&nbsp;<\/p>\n\n\n\n<p><strong>Zugbindung aufgehoben? Auf andere Z\u00fcge ausweichen<\/strong><br>F\u00fcr Reisende ist es zun\u00e4chst wichtig zu wissen, wann eine Zugbindung als aufgehoben gilt. Kommt der gebuchte Zug mehr als 20 Minuten zu sp\u00e4t, f\u00e4llt die gebuchte Verbindung ganz beziehungsweise nur ein Halt aus oder ist&nbsp;die Verbindung zwischen Start und Zielort abgebrochen, ist die Zugbindung aufgehoben.&nbsp;Reisende d\u00fcrfen dann andere Z\u00fcge der Deutschen Bahn nutzen, um ihr gebuchtes Ziel zu erreichen. \u201eDazu darf zudem ein h\u00f6herwertiger, nicht reservierungspflichtiger Zug genutzt werden\u201c, erkl\u00e4rt Hagge. Wer viel reist, wei\u00df auch, dass sich im Vorfeld der Reise \u00c4nderungen am Fahrplan ergeben k\u00f6nnen. In diesem Fall&nbsp;darf ebenfalls auf einen anderen Zug ausgewichen werden.&nbsp;<\/p>\n\n\n\n<p><strong>Was gilt, wenn der Zug \u00fcber eine Stunde sp\u00e4ter kommt?<\/strong><br>Erfahren Bahnreisende schon vor Fahrtantritt, dass der Zug \u00fcber 60 Minuten Versp\u00e4tung hat, k\u00f6nnen sie von der Reise zur\u00fccktreten. Den Fahrpreis d\u00fcrfen sie auch zur\u00fcckverlangen oder einen anderen Zug w\u00e4hlen.&nbsp;Reisende sollten sich zudem schon am Bahnhof oder beim Zugpersonal an Bord eine Best\u00e4tigung \u00fcber die Versp\u00e4tung oder den Ausfall des Zuges ausstellen lassen, r\u00e4t Hagge.&nbsp;<\/p>\n\n\n\n<p>Bei Fragen hilft die kostenlose&nbsp;<a href=\"https:\/\/www.verbraucherzentrale-niedersachsen.de\/beratung\">Beratung der Verbraucherzentrale Niedersachsen<\/a>&nbsp;\u2013 vor Ort, telefonisch und per Video.<\/p>\n\n\n\n<p>Symbolbild von <a href=\"https:\/\/pixabay.com\/de\/users\/hpgruesen-2204343\/?utm_source=link-attribution&amp;utm_medium=referral&amp;utm_campaign=image&amp;utm_content=1336354\">Erich Westendarp<\/a> auf <a href=\"https:\/\/pixabay.com\/de\/\/?utm_source=link-attribution&amp;utm_medium=referral&amp;utm_campaign=image&amp;utm_content=1336354\">Pixabay<\/a><\/p>\n","protected":false},"excerpt":{"rendered":"<p>Das lange Wochenende und die Herbstferien stehen vor der T\u00fcr und damit f\u00fcr viele auch eine Bahnreise. Unter Umst\u00e4nden sind dann starke Nerven gefragt, etwa wenn der Zug ausf\u00e4llt oder sich versp\u00e4tet.&nbsp;In diesen F\u00e4llen haben Reisende ein Recht auf Entsch\u00e4digungen oder Erstattungen.&nbsp;Doch wie sieht es mit der entfallenen Sitzplatzreservierung aus und wann gilt die Zugbindung [&hellip;]<\/p>\n","protected":false},"author":1,"featured_media":26266,"comment_status":"open","ping_status":"open","sticky":true,"template":"","format":"standard","meta":{"saved_in_kubio":false,"footnotes":""},"categories":[1],"tags":[],"class_list":["post-26263","post","type-post","status-publish","format-standard","has-post-thumbnail","hentry","category-allgemein"],"yoast_head":"<!-- This site is optimized with the Yoast SEO plugin v27.5 - https:\/\/yoast.com\/product\/yoast-seo-wordpress\/ -->\n<title>Von Sitzplatzreservierung bis zur aufgehobenen Zugbindung - welche Rechte habe ich als Fahrgast? - Radio Leinewelle<\/title>\n<meta name=\"robots\" content=\"index, follow, max-snippet:-1, max-image-preview:large, max-video-preview:-1\" \/>\n<link rel=\"canonical\" href=\"https:\/\/radioleinewelle.de\/index.php\/2024\/10\/02\/von-sitzplatzreservierung-bis-zur-aufgehobenen-zugbindung-welche-rechte-habe-ich-als-fahrgast\/\" \/>\n<meta property=\"og:locale\" content=\"de_DE\" \/>\n<meta property=\"og:type\" content=\"article\" \/>\n<meta property=\"og:title\" content=\"Von Sitzplatzreservierung bis zur aufgehobenen Zugbindung - welche Rechte habe ich als Fahrgast? - Radio Leinewelle\" \/>\n<meta property=\"og:description\" content=\"Das lange Wochenende und die Herbstferien stehen vor der T\u00fcr und damit f\u00fcr viele auch eine Bahnreise. Unter Umst\u00e4nden sind dann starke Nerven gefragt, etwa wenn der Zug ausf\u00e4llt oder sich versp\u00e4tet.&nbsp;In diesen F\u00e4llen haben Reisende ein Recht auf Entsch\u00e4digungen oder Erstattungen.&nbsp;Doch wie sieht es mit der entfallenen Sitzplatzreservierung aus und wann gilt die Zugbindung [&hellip;]\" \/>\n<meta property=\"og:url\" content=\"https:\/\/radioleinewelle.de\/index.php\/2024\/10\/02\/von-sitzplatzreservierung-bis-zur-aufgehobenen-zugbindung-welche-rechte-habe-ich-als-fahrgast\/\" \/>\n<meta property=\"og:site_name\" content=\"Radio Leinewelle\" \/>\n<meta property=\"article:publisher\" content=\"https:\/\/www.facebook.com\/radioleinewelle\" \/>\n<meta property=\"article:author\" content=\"https:\/\/www.facebook.com\/radioleinewelle\" \/>\n<meta property=\"article:published_time\" content=\"2024-10-02T14:03:10+00:00\" \/>\n<meta property=\"article:modified_time\" content=\"2024-10-02T14:03:12+00:00\" \/>\n<meta property=\"og:image\" content=\"https:\/\/radioleinewelle.de\/wp-content\/uploads\/2024\/10\/intercity-1979-1336354_1280.jpg\" \/>\n\t<meta property=\"og:image:width\" content=\"1280\" \/>\n\t<meta property=\"og:image:height\" content=\"885\" \/>\n\t<meta property=\"og:image:type\" content=\"image\/jpeg\" \/>\n<meta name=\"author\" content=\"Leinewelle\" \/>\n<meta name=\"twitter:card\" content=\"summary_large_image\" \/>\n<meta name=\"twitter:creator\" content=\"@https:\/\/twitter.com\/RLeinewelle?ref_src=twsrcgoogletwcampserptwgrauthor\" \/>\n<meta name=\"twitter:site\" content=\"@RLeinewelle\" \/>\n<meta name=\"twitter:label1\" content=\"Verfasst von\" \/>\n\t<meta name=\"twitter:data1\" content=\"Leinewelle\" \/>\n\t<meta name=\"twitter:label2\" content=\"Gesch\u00e4tzte Lesezeit\" \/>\n\t<meta name=\"twitter:data2\" content=\"3\u00a0Minuten\" \/>\n<script type=\"application\/ld+json\" class=\"yoast-schema-graph\">{\"@context\":\"https:\\\/\\\/schema.org\",\"@graph\":[{\"@type\":\"Article\",\"@id\":\"https:\\\/\\\/radioleinewelle.de\\\/index.php\\\/2024\\\/10\\\/02\\\/von-sitzplatzreservierung-bis-zur-aufgehobenen-zugbindung-welche-rechte-habe-ich-als-fahrgast\\\/#article\",\"isPartOf\":{\"@id\":\"https:\\\/\\\/radioleinewelle.de\\\/index.php\\\/2024\\\/10\\\/02\\\/von-sitzplatzreservierung-bis-zur-aufgehobenen-zugbindung-welche-rechte-habe-ich-als-fahrgast\\\/\"},\"author\":{\"name\":\"Leinewelle\",\"@id\":\"https:\\\/\\\/radioleinewelle.de\\\/#\\\/schema\\\/person\\\/45606f348637df637192dc1b68399a63\"},\"headline\":\"Von Sitzplatzreservierung bis zur aufgehobenen Zugbindung &#8211; welche Rechte habe ich als Fahrgast?\",\"datePublished\":\"2024-10-02T14:03:10+00:00\",\"dateModified\":\"2024-10-02T14:03:12+00:00\",\"mainEntityOfPage\":{\"@id\":\"https:\\\/\\\/radioleinewelle.de\\\/index.php\\\/2024\\\/10\\\/02\\\/von-sitzplatzreservierung-bis-zur-aufgehobenen-zugbindung-welche-rechte-habe-ich-als-fahrgast\\\/\"},\"wordCount\":509,\"commentCount\":0,\"publisher\":{\"@id\":\"https:\\\/\\\/radioleinewelle.de\\\/#organization\"},\"image\":{\"@id\":\"https:\\\/\\\/radioleinewelle.de\\\/index.php\\\/2024\\\/10\\\/02\\\/von-sitzplatzreservierung-bis-zur-aufgehobenen-zugbindung-welche-rechte-habe-ich-als-fahrgast\\\/#primaryimage\"},\"thumbnailUrl\":\"https:\\\/\\\/radioleinewelle.de\\\/wp-content\\\/uploads\\\/2024\\\/10\\\/intercity-1979-1336354_1280.jpg\",\"inLanguage\":\"de\",\"potentialAction\":[{\"@type\":\"CommentAction\",\"name\":\"Comment\",\"target\":[\"https:\\\/\\\/radioleinewelle.de\\\/index.php\\\/2024\\\/10\\\/02\\\/von-sitzplatzreservierung-bis-zur-aufgehobenen-zugbindung-welche-rechte-habe-ich-als-fahrgast\\\/#respond\"]}]},{\"@type\":\"WebPage\",\"@id\":\"https:\\\/\\\/radioleinewelle.de\\\/index.php\\\/2024\\\/10\\\/02\\\/von-sitzplatzreservierung-bis-zur-aufgehobenen-zugbindung-welche-rechte-habe-ich-als-fahrgast\\\/\",\"url\":\"https:\\\/\\\/radioleinewelle.de\\\/index.php\\\/2024\\\/10\\\/02\\\/von-sitzplatzreservierung-bis-zur-aufgehobenen-zugbindung-welche-rechte-habe-ich-als-fahrgast\\\/\",\"name\":\"Von Sitzplatzreservierung bis zur aufgehobenen Zugbindung - welche Rechte habe ich als Fahrgast? - Radio Leinewelle\",\"isPartOf\":{\"@id\":\"https:\\\/\\\/radioleinewelle.de\\\/#website\"},\"primaryImageOfPage\":{\"@id\":\"https:\\\/\\\/radioleinewelle.de\\\/index.php\\\/2024\\\/10\\\/02\\\/von-sitzplatzreservierung-bis-zur-aufgehobenen-zugbindung-welche-rechte-habe-ich-als-fahrgast\\\/#primaryimage\"},\"image\":{\"@id\":\"https:\\\/\\\/radioleinewelle.de\\\/index.php\\\/2024\\\/10\\\/02\\\/von-sitzplatzreservierung-bis-zur-aufgehobenen-zugbindung-welche-rechte-habe-ich-als-fahrgast\\\/#primaryimage\"},\"thumbnailUrl\":\"https:\\\/\\\/radioleinewelle.de\\\/wp-content\\\/uploads\\\/2024\\\/10\\\/intercity-1979-1336354_1280.jpg\",\"datePublished\":\"2024-10-02T14:03:10+00:00\",\"dateModified\":\"2024-10-02T14:03:12+00:00\",\"breadcrumb\":{\"@id\":\"https:\\\/\\\/radioleinewelle.de\\\/index.php\\\/2024\\\/10\\\/02\\\/von-sitzplatzreservierung-bis-zur-aufgehobenen-zugbindung-welche-rechte-habe-ich-als-fahrgast\\\/#breadcrumb\"},\"inLanguage\":\"de\",\"potentialAction\":[{\"@type\":\"ReadAction\",\"target\":[\"https:\\\/\\\/radioleinewelle.de\\\/index.php\\\/2024\\\/10\\\/02\\\/von-sitzplatzreservierung-bis-zur-aufgehobenen-zugbindung-welche-rechte-habe-ich-als-fahrgast\\\/\"]}]},{\"@type\":\"ImageObject\",\"inLanguage\":\"de\",\"@id\":\"https:\\\/\\\/radioleinewelle.de\\\/index.php\\\/2024\\\/10\\\/02\\\/von-sitzplatzreservierung-bis-zur-aufgehobenen-zugbindung-welche-rechte-habe-ich-als-fahrgast\\\/#primaryimage\",\"url\":\"https:\\\/\\\/radioleinewelle.de\\\/wp-content\\\/uploads\\\/2024\\\/10\\\/intercity-1979-1336354_1280.jpg\",\"contentUrl\":\"https:\\\/\\\/radioleinewelle.de\\\/wp-content\\\/uploads\\\/2024\\\/10\\\/intercity-1979-1336354_1280.jpg\",\"width\":1280,\"height\":885},{\"@type\":\"BreadcrumbList\",\"@id\":\"https:\\\/\\\/radioleinewelle.de\\\/index.php\\\/2024\\\/10\\\/02\\\/von-sitzplatzreservierung-bis-zur-aufgehobenen-zugbindung-welche-rechte-habe-ich-als-fahrgast\\\/#breadcrumb\",\"itemListElement\":[{\"@type\":\"ListItem\",\"position\":1,\"name\":\"Startseite\",\"item\":\"https:\\\/\\\/radioleinewelle.de\\\/\"},{\"@type\":\"ListItem\",\"position\":2,\"name\":\"Von Sitzplatzreservierung bis zur aufgehobenen Zugbindung &#8211; welche Rechte habe ich als Fahrgast?\"}]},{\"@type\":\"WebSite\",\"@id\":\"https:\\\/\\\/radioleinewelle.de\\\/#website\",\"url\":\"https:\\\/\\\/radioleinewelle.de\\\/\",\"name\":\"Radio Leinewelle\",\"description\":\"\",\"publisher\":{\"@id\":\"https:\\\/\\\/radioleinewelle.de\\\/#organization\"},\"potentialAction\":[{\"@type\":\"SearchAction\",\"target\":{\"@type\":\"EntryPoint\",\"urlTemplate\":\"https:\\\/\\\/radioleinewelle.de\\\/?s={search_term_string}\"},\"query-input\":{\"@type\":\"PropertyValueSpecification\",\"valueRequired\":true,\"valueName\":\"search_term_string\"}}],\"inLanguage\":\"de\"},{\"@type\":\"Organization\",\"@id\":\"https:\\\/\\\/radioleinewelle.de\\\/#organization\",\"name\":\"Radio Leinewelle\",\"alternateName\":\"Mein Radio f\u00fcr S\u00fcdniedersachsen\",\"url\":\"https:\\\/\\\/radioleinewelle.de\\\/\",\"logo\":{\"@type\":\"ImageObject\",\"inLanguage\":\"de\",\"@id\":\"https:\\\/\\\/radioleinewelle.de\\\/#\\\/schema\\\/logo\\\/image\\\/\",\"url\":\"https:\\\/\\\/radioleinewelle.de\\\/wp-content\\\/uploads\\\/2023\\\/11\\\/cropped-Leinewelle_Logo_weiss.png\",\"contentUrl\":\"https:\\\/\\\/radioleinewelle.de\\\/wp-content\\\/uploads\\\/2023\\\/11\\\/cropped-Leinewelle_Logo_weiss.png\",\"width\":854,\"height\":260,\"caption\":\"Radio Leinewelle\"},\"image\":{\"@id\":\"https:\\\/\\\/radioleinewelle.de\\\/#\\\/schema\\\/logo\\\/image\\\/\"},\"sameAs\":[\"https:\\\/\\\/www.facebook.com\\\/radioleinewelle\",\"https:\\\/\\\/x.com\\\/RLeinewelle\",\"https:\\\/\\\/www.instagram.com\\\/radioleinewelle\\\/?hl=de\"]},{\"@type\":\"Person\",\"@id\":\"https:\\\/\\\/radioleinewelle.de\\\/#\\\/schema\\\/person\\\/45606f348637df637192dc1b68399a63\",\"name\":\"Leinewelle\",\"image\":{\"@type\":\"ImageObject\",\"inLanguage\":\"de\",\"@id\":\"https:\\\/\\\/secure.gravatar.com\\\/avatar\\\/05c9a17bc973052ee5d91549bd32fb4dd0dc85b7b85ae94b2e2b4943476bbea5?s=96&d=blank&r=g\",\"url\":\"https:\\\/\\\/secure.gravatar.com\\\/avatar\\\/05c9a17bc973052ee5d91549bd32fb4dd0dc85b7b85ae94b2e2b4943476bbea5?s=96&d=blank&r=g\",\"contentUrl\":\"https:\\\/\\\/secure.gravatar.com\\\/avatar\\\/05c9a17bc973052ee5d91549bd32fb4dd0dc85b7b85ae94b2e2b4943476bbea5?s=96&d=blank&r=g\",\"caption\":\"Leinewelle\"},\"sameAs\":[\"http:\\\/\\\/localhost\\\/radio%20leinewelle\\\/wordpress\",\"https:\\\/\\\/www.facebook.com\\\/radioleinewelle\",\"https:\\\/\\\/www.instagram.com\\\/radioleinewelle\",\"https:\\\/\\\/x.com\\\/https:\\\/\\\/twitter.com\\\/RLeinewelle?ref_src=twsrcgoogletwcampserptwgrauthor\",\"https:\\\/\\\/soundcloud.com\\\/foerderverein-lokalradio?utm_source=clipboard&utm_medium=text&utm_campaign=social_sharing\"],\"url\":\"https:\\\/\\\/radioleinewelle.de\\\/index.php\\\/author\\\/leinewelle\\\/\"}]}<\/script>\n<!-- \/ Yoast SEO plugin. -->","yoast_head_json":{"title":"Von Sitzplatzreservierung bis zur aufgehobenen Zugbindung - welche Rechte habe ich als Fahrgast? - Radio Leinewelle","robots":{"index":"index","follow":"follow","max-snippet":"max-snippet:-1","max-image-preview":"max-image-preview:large","max-video-preview":"max-video-preview:-1"},"canonical":"https:\/\/radioleinewelle.de\/index.php\/2024\/10\/02\/von-sitzplatzreservierung-bis-zur-aufgehobenen-zugbindung-welche-rechte-habe-ich-als-fahrgast\/","og_locale":"de_DE","og_type":"article","og_title":"Von Sitzplatzreservierung bis zur aufgehobenen Zugbindung - welche Rechte habe ich als Fahrgast? - Radio Leinewelle","og_description":"Das lange Wochenende und die Herbstferien stehen vor der T\u00fcr und damit f\u00fcr viele auch eine Bahnreise. Unter Umst\u00e4nden sind dann starke Nerven gefragt, etwa wenn der Zug ausf\u00e4llt oder sich versp\u00e4tet.&nbsp;In diesen F\u00e4llen haben Reisende ein Recht auf Entsch\u00e4digungen oder Erstattungen.&nbsp;Doch wie sieht es mit der entfallenen Sitzplatzreservierung aus und wann gilt die Zugbindung [&hellip;]","og_url":"https:\/\/radioleinewelle.de\/index.php\/2024\/10\/02\/von-sitzplatzreservierung-bis-zur-aufgehobenen-zugbindung-welche-rechte-habe-ich-als-fahrgast\/","og_site_name":"Radio Leinewelle","article_publisher":"https:\/\/www.facebook.com\/radioleinewelle","article_author":"https:\/\/www.facebook.com\/radioleinewelle","article_published_time":"2024-10-02T14:03:10+00:00","article_modified_time":"2024-10-02T14:03:12+00:00","og_image":[{"width":1280,"height":885,"url":"https:\/\/radioleinewelle.de\/wp-content\/uploads\/2024\/10\/intercity-1979-1336354_1280.jpg","type":"image\/jpeg"}],"author":"Leinewelle","twitter_card":"summary_large_image","twitter_creator":"@https:\/\/twitter.com\/RLeinewelle?ref_src=twsrcgoogletwcampserptwgrauthor","twitter_site":"@RLeinewelle","twitter_misc":{"Verfasst von":"Leinewelle","Gesch\u00e4tzte Lesezeit":"3\u00a0Minuten"},"schema":{"@context":"https:\/\/schema.org","@graph":[{"@type":"Article","@id":"https:\/\/radioleinewelle.de\/index.php\/2024\/10\/02\/von-sitzplatzreservierung-bis-zur-aufgehobenen-zugbindung-welche-rechte-habe-ich-als-fahrgast\/#article","isPartOf":{"@id":"https:\/\/radioleinewelle.de\/index.php\/2024\/10\/02\/von-sitzplatzreservierung-bis-zur-aufgehobenen-zugbindung-welche-rechte-habe-ich-als-fahrgast\/"},"author":{"name":"Leinewelle","@id":"https:\/\/radioleinewelle.de\/#\/schema\/person\/45606f348637df637192dc1b68399a63"},"headline":"Von Sitzplatzreservierung bis zur aufgehobenen Zugbindung &#8211; welche Rechte habe ich als Fahrgast?","datePublished":"2024-10-02T14:03:10+00:00","dateModified":"2024-10-02T14:03:12+00:00","mainEntityOfPage":{"@id":"https:\/\/radioleinewelle.de\/index.php\/2024\/10\/02\/von-sitzplatzreservierung-bis-zur-aufgehobenen-zugbindung-welche-rechte-habe-ich-als-fahrgast\/"},"wordCount":509,"commentCount":0,"publisher":{"@id":"https:\/\/radioleinewelle.de\/#organization"},"image":{"@id":"https:\/\/radioleinewelle.de\/index.php\/2024\/10\/02\/von-sitzplatzreservierung-bis-zur-aufgehobenen-zugbindung-welche-rechte-habe-ich-als-fahrgast\/#primaryimage"},"thumbnailUrl":"https:\/\/radioleinewelle.de\/wp-content\/uploads\/2024\/10\/intercity-1979-1336354_1280.jpg","inLanguage":"de","potentialAction":[{"@type":"CommentAction","name":"Comment","target":["https:\/\/radioleinewelle.de\/index.php\/2024\/10\/02\/von-sitzplatzreservierung-bis-zur-aufgehobenen-zugbindung-welche-rechte-habe-ich-als-fahrgast\/#respond"]}]},{"@type":"WebPage","@id":"https:\/\/radioleinewelle.de\/index.php\/2024\/10\/02\/von-sitzplatzreservierung-bis-zur-aufgehobenen-zugbindung-welche-rechte-habe-ich-als-fahrgast\/","url":"https:\/\/radioleinewelle.de\/index.php\/2024\/10\/02\/von-sitzplatzreservierung-bis-zur-aufgehobenen-zugbindung-welche-rechte-habe-ich-als-fahrgast\/","name":"Von Sitzplatzreservierung bis zur aufgehobenen Zugbindung - welche Rechte habe ich als Fahrgast? - Radio Leinewelle","isPartOf":{"@id":"https:\/\/radioleinewelle.de\/#website"},"primaryImageOfPage":{"@id":"https:\/\/radioleinewelle.de\/index.php\/2024\/10\/02\/von-sitzplatzreservierung-bis-zur-aufgehobenen-zugbindung-welche-rechte-habe-ich-als-fahrgast\/#primaryimage"},"image":{"@id":"https:\/\/radioleinewelle.de\/index.php\/2024\/10\/02\/von-sitzplatzreservierung-bis-zur-aufgehobenen-zugbindung-welche-rechte-habe-ich-als-fahrgast\/#primaryimage"},"thumbnailUrl":"https:\/\/radioleinewelle.de\/wp-content\/uploads\/2024\/10\/intercity-1979-1336354_1280.jpg","datePublished":"2024-10-02T14:03:10+00:00","dateModified":"2024-10-02T14:03:12+00:00","breadcrumb":{"@id":"https:\/\/radioleinewelle.de\/index.php\/2024\/10\/02\/von-sitzplatzreservierung-bis-zur-aufgehobenen-zugbindung-welche-rechte-habe-ich-als-fahrgast\/#breadcrumb"},"inLanguage":"de","potentialAction":[{"@type":"ReadAction","target":["https:\/\/radioleinewelle.de\/index.php\/2024\/10\/02\/von-sitzplatzreservierung-bis-zur-aufgehobenen-zugbindung-welche-rechte-habe-ich-als-fahrgast\/"]}]},{"@type":"ImageObject","inLanguage":"de","@id":"https:\/\/radioleinewelle.de\/index.php\/2024\/10\/02\/von-sitzplatzreservierung-bis-zur-aufgehobenen-zugbindung-welche-rechte-habe-ich-als-fahrgast\/#primaryimage","url":"https:\/\/radioleinewelle.de\/wp-content\/uploads\/2024\/10\/intercity-1979-1336354_1280.jpg","contentUrl":"https:\/\/radioleinewelle.de\/wp-content\/uploads\/2024\/10\/intercity-1979-1336354_1280.jpg","width":1280,"height":885},{"@type":"BreadcrumbList","@id":"https:\/\/radioleinewelle.de\/index.php\/2024\/10\/02\/von-sitzplatzreservierung-bis-zur-aufgehobenen-zugbindung-welche-rechte-habe-ich-als-fahrgast\/#breadcrumb","itemListElement":[{"@type":"ListItem","position":1,"name":"Startseite","item":"https:\/\/radioleinewelle.de\/"},{"@type":"ListItem","position":2,"name":"Von Sitzplatzreservierung bis zur aufgehobenen Zugbindung &#8211; welche Rechte habe ich als Fahrgast?"}]},{"@type":"WebSite","@id":"https:\/\/radioleinewelle.de\/#website","url":"https:\/\/radioleinewelle.de\/","name":"Radio Leinewelle","description":"","publisher":{"@id":"https:\/\/radioleinewelle.de\/#organization"},"potentialAction":[{"@type":"SearchAction","target":{"@type":"EntryPoint","urlTemplate":"https:\/\/radioleinewelle.de\/?s={search_term_string}"},"query-input":{"@type":"PropertyValueSpecification","valueRequired":true,"valueName":"search_term_string"}}],"inLanguage":"de"},{"@type":"Organization","@id":"https:\/\/radioleinewelle.de\/#organization","name":"Radio Leinewelle","alternateName":"Mein Radio f\u00fcr S\u00fcdniedersachsen","url":"https:\/\/radioleinewelle.de\/","logo":{"@type":"ImageObject","inLanguage":"de","@id":"https:\/\/radioleinewelle.de\/#\/schema\/logo\/image\/","url":"https:\/\/radioleinewelle.de\/wp-content\/uploads\/2023\/11\/cropped-Leinewelle_Logo_weiss.png","contentUrl":"https:\/\/radioleinewelle.de\/wp-content\/uploads\/2023\/11\/cropped-Leinewelle_Logo_weiss.png","width":854,"height":260,"caption":"Radio Leinewelle"},"image":{"@id":"https:\/\/radioleinewelle.de\/#\/schema\/logo\/image\/"},"sameAs":["https:\/\/www.facebook.com\/radioleinewelle","https:\/\/x.com\/RLeinewelle","https:\/\/www.instagram.com\/radioleinewelle\/?hl=de"]},{"@type":"Person","@id":"https:\/\/radioleinewelle.de\/#\/schema\/person\/45606f348637df637192dc1b68399a63","name":"Leinewelle","image":{"@type":"ImageObject","inLanguage":"de","@id":"https:\/\/secure.gravatar.com\/avatar\/05c9a17bc973052ee5d91549bd32fb4dd0dc85b7b85ae94b2e2b4943476bbea5?s=96&d=blank&r=g","url":"https:\/\/secure.gravatar.com\/avatar\/05c9a17bc973052ee5d91549bd32fb4dd0dc85b7b85ae94b2e2b4943476bbea5?s=96&d=blank&r=g","contentUrl":"https:\/\/secure.gravatar.com\/avatar\/05c9a17bc973052ee5d91549bd32fb4dd0dc85b7b85ae94b2e2b4943476bbea5?s=96&d=blank&r=g","caption":"Leinewelle"},"sameAs":["http:\/\/localhost\/radio%20leinewelle\/wordpress","https:\/\/www.facebook.com\/radioleinewelle","https:\/\/www.instagram.com\/radioleinewelle","https:\/\/x.com\/https:\/\/twitter.com\/RLeinewelle?ref_src=twsrcgoogletwcampserptwgrauthor","https:\/\/soundcloud.com\/foerderverein-lokalradio?utm_source=clipboard&utm_medium=text&utm_campaign=social_sharing"],"url":"https:\/\/radioleinewelle.de\/index.php\/author\/leinewelle\/"}]}},"_links":{"self":[{"href":"https:\/\/radioleinewelle.de\/index.php\/wp-json\/wp\/v2\/posts\/26263","targetHints":{"allow":["GET"]}}],"collection":[{"href":"https:\/\/radioleinewelle.de\/index.php\/wp-json\/wp\/v2\/posts"}],"about":[{"href":"https:\/\/radioleinewelle.de\/index.php\/wp-json\/wp\/v2\/types\/post"}],"author":[{"embeddable":true,"href":"https:\/\/radioleinewelle.de\/index.php\/wp-json\/wp\/v2\/users\/1"}],"replies":[{"embeddable":true,"href":"https:\/\/radioleinewelle.de\/index.php\/wp-json\/wp\/v2\/comments?post=26263"}],"version-history":[{"count":2,"href":"https:\/\/radioleinewelle.de\/index.php\/wp-json\/wp\/v2\/posts\/26263\/revisions"}],"predecessor-version":[{"id":26265,"href":"https:\/\/radioleinewelle.de\/index.php\/wp-json\/wp\/v2\/posts\/26263\/revisions\/26265"}],"wp:featuredmedia":[{"embeddable":true,"href":"https:\/\/radioleinewelle.de\/index.php\/wp-json\/wp\/v2\/media\/26266"}],"wp:attachment":[{"href":"https:\/\/radioleinewelle.de\/index.php\/wp-json\/wp\/v2\/media?parent=26263"}],"wp:term":[{"taxonomy":"category","embeddable":true,"href":"https:\/\/radioleinewelle.de\/index.php\/wp-json\/wp\/v2\/categories?post=26263"},{"taxonomy":"post_tag","embeddable":true,"href":"https:\/\/radioleinewelle.de\/index.php\/wp-json\/wp\/v2\/tags?post=26263"}],"curies":[{"name":"wp","href":"https:\/\/api.w.org\/{rel}","templated":true}]}}