{"id":26267,"date":"2024-10-02T22:46:08","date_gmt":"2024-10-02T20:46:08","guid":{"rendered":"https:\/\/radioleinewelle.de\/?p=26267"},"modified":"2024-10-03T16:10:35","modified_gmt":"2024-10-03T14:10:35","slug":"praesident-der-goettinger-universitaet-durch-senatsantrag-abgewaehlt","status":"publish","type":"post","link":"https:\/\/radioleinewelle.de\/index.php\/2024\/10\/02\/praesident-der-goettinger-universitaet-durch-senatsantrag-abgewaehlt\/","title":{"rendered":"Pr\u00e4sident der G\u00f6ttinger Universit\u00e4t durch Senatsantrag abgew\u00e4hlt"},"content":{"rendered":"\n<blockquote class=\"wp-block-quote is-layout-flow wp-block-quote-is-layout-flow\">\n<p>Am 02.10.2024 wurde der Antrag auf Abwahl des Pr\u00e4sidenten, Prof. Dr. Metin Tolan, im Rahmen einer hochschul\u00f6ffentlichen Sondersitzung des Senats der Georg-August-Universit\u00e4t G\u00f6ttingen gestellt. Die anwesenden Senatorinnen und Senatoren haben mit der notwendigen Mehrheit dieser Abwahl zugestimmt.<\/p>\n\n\n\n<p><\/p>\n\n\n\n\n\n<p><span style=\"white-space: normal; caret-color: rgb(51, 51, 51); color: rgb(51, 51, 51); font-family: &quot;Lucida Grande&quot;, &quot;Lucida Sans Unicode&quot;, Helvetica, Arial, Verdana, sans-serif; font-size: 12px;\"><mark style=\"background-color:rgba(0, 0, 0, 0)\" class=\"has-inline-color has-kubio-color-2-color\"><strong><em>\u201eIch bedauere diesen Schritt des Senats sehr und insbesondere, dass sich der Senat nicht bereit gefunden hat, sich auf einen Prozess der Schlichtung einzulassen. Auch die pers\u00f6nlichen Angriffe haben mich verletzt und sollten im Nachhinein noch aufgearbeitet werden. Ich bedanke mich f\u00fcr die gro\u00dfe Unterst\u00fctzung, die ich in den letzten Wochen von unseren Aufsichtsgremien, dem Ministerium und in gro\u00dfer Zahl von Personen innerhalb und au\u00dferhalb der Universit\u00e4t erfahren habe.\u201c<\/em><\/strong>\u00a0<\/mark><\/span><br><strong>Prof. Dr. Metin Tolan<\/strong><\/p>\n\n\n\n\n\n<p>Der Vorschlag des Senats zur Abwahl w\u00fcrde erst dann wirksam, wenn er durch den Stiftungsausschuss Universit\u00e4t best\u00e4tigt werden sollte. F\u00fcr den Fall, dass dieser nicht zustimmt, m\u00fcssen der Senat und der Stiftungssauschuss Universit\u00e4t einen Einigungsversuch im Rahmen einer gemeinsamen Sitzung durchf\u00fchren. Wird dabei keine Einigung erzielt, entscheidet dann der Senat allein abschlie\u00dfend \u00fcber den Vorschlag. Die Grundordnung der Universit\u00e4t und das Hochschulgesetz sehen vor, dass der Pr\u00e4sident bis zu diesem Zeitpunkt im Amt bleibt.<br><br><strong>Foto:<\/strong> Prof. Dr. Metin Tolan \u00a9 Universit\u00e4t G\u00f6ttingen \/ Swen Pf\u00f6rtner<\/p>\n<\/blockquote>\n","protected":false},"excerpt":{"rendered":"<p>Am 02.10.2024 wurde der Antrag auf Abwahl des Pr\u00e4sidenten, Prof. Dr. Metin Tolan, im Rahmen einer hochschul\u00f6ffentlichen Sondersitzung des Senats der Georg-August-Universit\u00e4t G\u00f6ttingen gestellt. Die anwesenden Senatorinnen und Senatoren haben mit der notwendigen Mehrheit dieser Abwahl zugestimmt.<\/p>\n","protected":false},"author":1,"featured_media":26278,"comment_status":"open","ping_status":"open","sticky":true,"template":"","format":"standard","meta":{"saved_in_kubio":false,"footnotes":""},"categories":[35],"tags":[],"class_list":["post-26267","post","type-post","status-publish","format-standard","has-post-thumbnail","hentry","category-universitaet"],"yoast_head":"<!-- This site is optimized with the Yoast SEO plugin v27.5 - https:\/\/yoast.com\/product\/yoast-seo-wordpress\/ -->\n<title>Pr\u00e4sident der G\u00f6ttinger Universit\u00e4t durch Senatsantrag abgew\u00e4hlt - Radio Leinewelle<\/title>\n<meta name=\"robots\" content=\"index, follow, max-snippet:-1, max-image-preview:large, max-video-preview:-1\" \/>\n<link rel=\"canonical\" href=\"https:\/\/radioleinewelle.de\/index.php\/2024\/10\/02\/praesident-der-goettinger-universitaet-durch-senatsantrag-abgewaehlt\/\" \/>\n<meta property=\"og:locale\" content=\"de_DE\" \/>\n<meta property=\"og:type\" content=\"article\" \/>\n<meta property=\"og:title\" content=\"Pr\u00e4sident der G\u00f6ttinger Universit\u00e4t durch Senatsantrag abgew\u00e4hlt - Radio Leinewelle\" \/>\n<meta property=\"og:description\" content=\"Am 02.10.2024 wurde der Antrag auf Abwahl des Pr\u00e4sidenten, Prof. Dr. Metin Tolan, im Rahmen einer hochschul\u00f6ffentlichen Sondersitzung des Senats der Georg-August-Universit\u00e4t G\u00f6ttingen gestellt. Die anwesenden Senatorinnen und Senatoren haben mit der notwendigen Mehrheit dieser Abwahl zugestimmt.\" \/>\n<meta property=\"og:url\" content=\"https:\/\/radioleinewelle.de\/index.php\/2024\/10\/02\/praesident-der-goettinger-universitaet-durch-senatsantrag-abgewaehlt\/\" \/>\n<meta property=\"og:site_name\" content=\"Radio Leinewelle\" \/>\n<meta property=\"article:publisher\" content=\"https:\/\/www.facebook.com\/radioleinewelle\" \/>\n<meta property=\"article:author\" content=\"https:\/\/www.facebook.com\/radioleinewelle\" \/>\n<meta property=\"article:published_time\" content=\"2024-10-02T20:46:08+00:00\" \/>\n<meta property=\"article:modified_time\" content=\"2024-10-03T14:10:35+00:00\" \/>\n<meta property=\"og:image\" content=\"https:\/\/radioleinewelle.de\/wp-content\/uploads\/2024\/10\/Metin-Tolan.jpeg\" \/>\n\t<meta property=\"og:image:width\" content=\"1500\" \/>\n\t<meta property=\"og:image:height\" content=\"1001\" \/>\n\t<meta property=\"og:image:type\" content=\"image\/jpeg\" \/>\n<meta name=\"author\" content=\"Leinewelle\" \/>\n<meta name=\"twitter:card\" content=\"summary_large_image\" \/>\n<meta name=\"twitter:creator\" content=\"@https:\/\/twitter.com\/RLeinewelle?ref_src=twsrcgoogletwcampserptwgrauthor\" \/>\n<meta name=\"twitter:site\" content=\"@RLeinewelle\" \/>\n<meta name=\"twitter:label1\" content=\"Verfasst von\" \/>\n\t<meta name=\"twitter:data1\" content=\"Leinewelle\" \/>\n\t<meta name=\"twitter:label2\" content=\"Gesch\u00e4tzte Lesezeit\" \/>\n\t<meta name=\"twitter:data2\" content=\"1\u00a0Minute\" \/>\n<script type=\"application\/ld+json\" class=\"yoast-schema-graph\">{\"@context\":\"https:\\\/\\\/schema.org\",\"@graph\":[{\"@type\":\"Article\",\"@id\":\"https:\\\/\\\/radioleinewelle.de\\\/index.php\\\/2024\\\/10\\\/02\\\/praesident-der-goettinger-universitaet-durch-senatsantrag-abgewaehlt\\\/#article\",\"isPartOf\":{\"@id\":\"https:\\\/\\\/radioleinewelle.de\\\/index.php\\\/2024\\\/10\\\/02\\\/praesident-der-goettinger-universitaet-durch-senatsantrag-abgewaehlt\\\/\"},\"author\":{\"name\":\"Leinewelle\",\"@id\":\"https:\\\/\\\/radioleinewelle.de\\\/#\\\/schema\\\/person\\\/45606f348637df637192dc1b68399a63\"},\"headline\":\"Pr\u00e4sident der G\u00f6ttinger Universit\u00e4t durch Senatsantrag abgew\u00e4hlt\",\"datePublished\":\"2024-10-02T20:46:08+00:00\",\"dateModified\":\"2024-10-03T14:10:35+00:00\",\"mainEntityOfPage\":{\"@id\":\"https:\\\/\\\/radioleinewelle.de\\\/index.php\\\/2024\\\/10\\\/02\\\/praesident-der-goettinger-universitaet-durch-senatsantrag-abgewaehlt\\\/\"},\"wordCount\":227,\"commentCount\":0,\"publisher\":{\"@id\":\"https:\\\/\\\/radioleinewelle.de\\\/#organization\"},\"image\":{\"@id\":\"https:\\\/\\\/radioleinewelle.de\\\/index.php\\\/2024\\\/10\\\/02\\\/praesident-der-goettinger-universitaet-durch-senatsantrag-abgewaehlt\\\/#primaryimage\"},\"thumbnailUrl\":\"https:\\\/\\\/radioleinewelle.de\\\/wp-content\\\/uploads\\\/2024\\\/10\\\/Metin-Tolan.jpeg\",\"articleSection\":[\"Universit\u00e4t\"],\"inLanguage\":\"de\",\"potentialAction\":[{\"@type\":\"CommentAction\",\"name\":\"Comment\",\"target\":[\"https:\\\/\\\/radioleinewelle.de\\\/index.php\\\/2024\\\/10\\\/02\\\/praesident-der-goettinger-universitaet-durch-senatsantrag-abgewaehlt\\\/#respond\"]}]},{\"@type\":\"WebPage\",\"@id\":\"https:\\\/\\\/radioleinewelle.de\\\/index.php\\\/2024\\\/10\\\/02\\\/praesident-der-goettinger-universitaet-durch-senatsantrag-abgewaehlt\\\/\",\"url\":\"https:\\\/\\\/radioleinewelle.de\\\/index.php\\\/2024\\\/10\\\/02\\\/praesident-der-goettinger-universitaet-durch-senatsantrag-abgewaehlt\\\/\",\"name\":\"Pr\u00e4sident der G\u00f6ttinger Universit\u00e4t durch Senatsantrag abgew\u00e4hlt - Radio Leinewelle\",\"isPartOf\":{\"@id\":\"https:\\\/\\\/radioleinewelle.de\\\/#website\"},\"primaryImageOfPage\":{\"@id\":\"https:\\\/\\\/radioleinewelle.de\\\/index.php\\\/2024\\\/10\\\/02\\\/praesident-der-goettinger-universitaet-durch-senatsantrag-abgewaehlt\\\/#primaryimage\"},\"image\":{\"@id\":\"https:\\\/\\\/radioleinewelle.de\\\/index.php\\\/2024\\\/10\\\/02\\\/praesident-der-goettinger-universitaet-durch-senatsantrag-abgewaehlt\\\/#primaryimage\"},\"thumbnailUrl\":\"https:\\\/\\\/radioleinewelle.de\\\/wp-content\\\/uploads\\\/2024\\\/10\\\/Metin-Tolan.jpeg\",\"datePublished\":\"2024-10-02T20:46:08+00:00\",\"dateModified\":\"2024-10-03T14:10:35+00:00\",\"breadcrumb\":{\"@id\":\"https:\\\/\\\/radioleinewelle.de\\\/index.php\\\/2024\\\/10\\\/02\\\/praesident-der-goettinger-universitaet-durch-senatsantrag-abgewaehlt\\\/#breadcrumb\"},\"inLanguage\":\"de\",\"potentialAction\":[{\"@type\":\"ReadAction\",\"target\":[\"https:\\\/\\\/radioleinewelle.de\\\/index.php\\\/2024\\\/10\\\/02\\\/praesident-der-goettinger-universitaet-durch-senatsantrag-abgewaehlt\\\/\"]}]},{\"@type\":\"ImageObject\",\"inLanguage\":\"de\",\"@id\":\"https:\\\/\\\/radioleinewelle.de\\\/index.php\\\/2024\\\/10\\\/02\\\/praesident-der-goettinger-universitaet-durch-senatsantrag-abgewaehlt\\\/#primaryimage\",\"url\":\"https:\\\/\\\/radioleinewelle.de\\\/wp-content\\\/uploads\\\/2024\\\/10\\\/Metin-Tolan.jpeg\",\"contentUrl\":\"https:\\\/\\\/radioleinewelle.de\\\/wp-content\\\/uploads\\\/2024\\\/10\\\/Metin-Tolan.jpeg\",\"width\":1500,\"height\":1001,\"caption\":\"18.06.2021, G\u00f6ttingen. Foto: Swen Pf\u00f6rtner \\\/ swenpfoertner.oom\"},{\"@type\":\"BreadcrumbList\",\"@id\":\"https:\\\/\\\/radioleinewelle.de\\\/index.php\\\/2024\\\/10\\\/02\\\/praesident-der-goettinger-universitaet-durch-senatsantrag-abgewaehlt\\\/#breadcrumb\",\"itemListElement\":[{\"@type\":\"ListItem\",\"position\":1,\"name\":\"Startseite\",\"item\":\"https:\\\/\\\/radioleinewelle.de\\\/\"},{\"@type\":\"ListItem\",\"position\":2,\"name\":\"Pr\u00e4sident der G\u00f6ttinger Universit\u00e4t durch Senatsantrag abgew\u00e4hlt\"}]},{\"@type\":\"WebSite\",\"@id\":\"https:\\\/\\\/radioleinewelle.de\\\/#website\",\"url\":\"https:\\\/\\\/radioleinewelle.de\\\/\",\"name\":\"Radio Leinewelle\",\"description\":\"\",\"publisher\":{\"@id\":\"https:\\\/\\\/radioleinewelle.de\\\/#organization\"},\"potentialAction\":[{\"@type\":\"SearchAction\",\"target\":{\"@type\":\"EntryPoint\",\"urlTemplate\":\"https:\\\/\\\/radioleinewelle.de\\\/?s={search_term_string}\"},\"query-input\":{\"@type\":\"PropertyValueSpecification\",\"valueRequired\":true,\"valueName\":\"search_term_string\"}}],\"inLanguage\":\"de\"},{\"@type\":\"Organization\",\"@id\":\"https:\\\/\\\/radioleinewelle.de\\\/#organization\",\"name\":\"Radio Leinewelle\",\"alternateName\":\"Mein Radio f\u00fcr S\u00fcdniedersachsen\",\"url\":\"https:\\\/\\\/radioleinewelle.de\\\/\",\"logo\":{\"@type\":\"ImageObject\",\"inLanguage\":\"de\",\"@id\":\"https:\\\/\\\/radioleinewelle.de\\\/#\\\/schema\\\/logo\\\/image\\\/\",\"url\":\"https:\\\/\\\/radioleinewelle.de\\\/wp-content\\\/uploads\\\/2023\\\/11\\\/cropped-Leinewelle_Logo_weiss.png\",\"contentUrl\":\"https:\\\/\\\/radioleinewelle.de\\\/wp-content\\\/uploads\\\/2023\\\/11\\\/cropped-Leinewelle_Logo_weiss.png\",\"width\":854,\"height\":260,\"caption\":\"Radio Leinewelle\"},\"image\":{\"@id\":\"https:\\\/\\\/radioleinewelle.de\\\/#\\\/schema\\\/logo\\\/image\\\/\"},\"sameAs\":[\"https:\\\/\\\/www.facebook.com\\\/radioleinewelle\",\"https:\\\/\\\/x.com\\\/RLeinewelle\",\"https:\\\/\\\/www.instagram.com\\\/radioleinewelle\\\/?hl=de\"]},{\"@type\":\"Person\",\"@id\":\"https:\\\/\\\/radioleinewelle.de\\\/#\\\/schema\\\/person\\\/45606f348637df637192dc1b68399a63\",\"name\":\"Leinewelle\",\"image\":{\"@type\":\"ImageObject\",\"inLanguage\":\"de\",\"@id\":\"https:\\\/\\\/secure.gravatar.com\\\/avatar\\\/05c9a17bc973052ee5d91549bd32fb4dd0dc85b7b85ae94b2e2b4943476bbea5?s=96&d=blank&r=g\",\"url\":\"https:\\\/\\\/secure.gravatar.com\\\/avatar\\\/05c9a17bc973052ee5d91549bd32fb4dd0dc85b7b85ae94b2e2b4943476bbea5?s=96&d=blank&r=g\",\"contentUrl\":\"https:\\\/\\\/secure.gravatar.com\\\/avatar\\\/05c9a17bc973052ee5d91549bd32fb4dd0dc85b7b85ae94b2e2b4943476bbea5?s=96&d=blank&r=g\",\"caption\":\"Leinewelle\"},\"sameAs\":[\"http:\\\/\\\/localhost\\\/radio%20leinewelle\\\/wordpress\",\"https:\\\/\\\/www.facebook.com\\\/radioleinewelle\",\"https:\\\/\\\/www.instagram.com\\\/radioleinewelle\",\"https:\\\/\\\/x.com\\\/https:\\\/\\\/twitter.com\\\/RLeinewelle?ref_src=twsrcgoogletwcampserptwgrauthor\",\"https:\\\/\\\/soundcloud.com\\\/foerderverein-lokalradio?utm_source=clipboard&utm_medium=text&utm_campaign=social_sharing\"],\"url\":\"https:\\\/\\\/radioleinewelle.de\\\/index.php\\\/author\\\/leinewelle\\\/\"}]}<\/script>\n<!-- \/ Yoast SEO plugin. -->","yoast_head_json":{"title":"Pr\u00e4sident der G\u00f6ttinger Universit\u00e4t durch Senatsantrag abgew\u00e4hlt - Radio Leinewelle","robots":{"index":"index","follow":"follow","max-snippet":"max-snippet:-1","max-image-preview":"max-image-preview:large","max-video-preview":"max-video-preview:-1"},"canonical":"https:\/\/radioleinewelle.de\/index.php\/2024\/10\/02\/praesident-der-goettinger-universitaet-durch-senatsantrag-abgewaehlt\/","og_locale":"de_DE","og_type":"article","og_title":"Pr\u00e4sident der G\u00f6ttinger Universit\u00e4t durch Senatsantrag abgew\u00e4hlt - Radio Leinewelle","og_description":"Am 02.10.2024 wurde der Antrag auf Abwahl des Pr\u00e4sidenten, Prof. Dr. Metin Tolan, im Rahmen einer hochschul\u00f6ffentlichen Sondersitzung des Senats der Georg-August-Universit\u00e4t G\u00f6ttingen gestellt. Die anwesenden Senatorinnen und Senatoren haben mit der notwendigen Mehrheit dieser Abwahl zugestimmt.","og_url":"https:\/\/radioleinewelle.de\/index.php\/2024\/10\/02\/praesident-der-goettinger-universitaet-durch-senatsantrag-abgewaehlt\/","og_site_name":"Radio Leinewelle","article_publisher":"https:\/\/www.facebook.com\/radioleinewelle","article_author":"https:\/\/www.facebook.com\/radioleinewelle","article_published_time":"2024-10-02T20:46:08+00:00","article_modified_time":"2024-10-03T14:10:35+00:00","og_image":[{"width":1500,"height":1001,"url":"https:\/\/radioleinewelle.de\/wp-content\/uploads\/2024\/10\/Metin-Tolan.jpeg","type":"image\/jpeg"}],"author":"Leinewelle","twitter_card":"summary_large_image","twitter_creator":"@https:\/\/twitter.com\/RLeinewelle?ref_src=twsrcgoogletwcampserptwgrauthor","twitter_site":"@RLeinewelle","twitter_misc":{"Verfasst von":"Leinewelle","Gesch\u00e4tzte Lesezeit":"1\u00a0Minute"},"schema":{"@context":"https:\/\/schema.org","@graph":[{"@type":"Article","@id":"https:\/\/radioleinewelle.de\/index.php\/2024\/10\/02\/praesident-der-goettinger-universitaet-durch-senatsantrag-abgewaehlt\/#article","isPartOf":{"@id":"https:\/\/radioleinewelle.de\/index.php\/2024\/10\/02\/praesident-der-goettinger-universitaet-durch-senatsantrag-abgewaehlt\/"},"author":{"name":"Leinewelle","@id":"https:\/\/radioleinewelle.de\/#\/schema\/person\/45606f348637df637192dc1b68399a63"},"headline":"Pr\u00e4sident der G\u00f6ttinger Universit\u00e4t durch Senatsantrag abgew\u00e4hlt","datePublished":"2024-10-02T20:46:08+00:00","dateModified":"2024-10-03T14:10:35+00:00","mainEntityOfPage":{"@id":"https:\/\/radioleinewelle.de\/index.php\/2024\/10\/02\/praesident-der-goettinger-universitaet-durch-senatsantrag-abgewaehlt\/"},"wordCount":227,"commentCount":0,"publisher":{"@id":"https:\/\/radioleinewelle.de\/#organization"},"image":{"@id":"https:\/\/radioleinewelle.de\/index.php\/2024\/10\/02\/praesident-der-goettinger-universitaet-durch-senatsantrag-abgewaehlt\/#primaryimage"},"thumbnailUrl":"https:\/\/radioleinewelle.de\/wp-content\/uploads\/2024\/10\/Metin-Tolan.jpeg","articleSection":["Universit\u00e4t"],"inLanguage":"de","potentialAction":[{"@type":"CommentAction","name":"Comment","target":["https:\/\/radioleinewelle.de\/index.php\/2024\/10\/02\/praesident-der-goettinger-universitaet-durch-senatsantrag-abgewaehlt\/#respond"]}]},{"@type":"WebPage","@id":"https:\/\/radioleinewelle.de\/index.php\/2024\/10\/02\/praesident-der-goettinger-universitaet-durch-senatsantrag-abgewaehlt\/","url":"https:\/\/radioleinewelle.de\/index.php\/2024\/10\/02\/praesident-der-goettinger-universitaet-durch-senatsantrag-abgewaehlt\/","name":"Pr\u00e4sident der G\u00f6ttinger Universit\u00e4t durch Senatsantrag abgew\u00e4hlt - Radio Leinewelle","isPartOf":{"@id":"https:\/\/radioleinewelle.de\/#website"},"primaryImageOfPage":{"@id":"https:\/\/radioleinewelle.de\/index.php\/2024\/10\/02\/praesident-der-goettinger-universitaet-durch-senatsantrag-abgewaehlt\/#primaryimage"},"image":{"@id":"https:\/\/radioleinewelle.de\/index.php\/2024\/10\/02\/praesident-der-goettinger-universitaet-durch-senatsantrag-abgewaehlt\/#primaryimage"},"thumbnailUrl":"https:\/\/radioleinewelle.de\/wp-content\/uploads\/2024\/10\/Metin-Tolan.jpeg","datePublished":"2024-10-02T20:46:08+00:00","dateModified":"2024-10-03T14:10:35+00:00","breadcrumb":{"@id":"https:\/\/radioleinewelle.de\/index.php\/2024\/10\/02\/praesident-der-goettinger-universitaet-durch-senatsantrag-abgewaehlt\/#breadcrumb"},"inLanguage":"de","potentialAction":[{"@type":"ReadAction","target":["https:\/\/radioleinewelle.de\/index.php\/2024\/10\/02\/praesident-der-goettinger-universitaet-durch-senatsantrag-abgewaehlt\/"]}]},{"@type":"ImageObject","inLanguage":"de","@id":"https:\/\/radioleinewelle.de\/index.php\/2024\/10\/02\/praesident-der-goettinger-universitaet-durch-senatsantrag-abgewaehlt\/#primaryimage","url":"https:\/\/radioleinewelle.de\/wp-content\/uploads\/2024\/10\/Metin-Tolan.jpeg","contentUrl":"https:\/\/radioleinewelle.de\/wp-content\/uploads\/2024\/10\/Metin-Tolan.jpeg","width":1500,"height":1001,"caption":"18.06.2021, G\u00f6ttingen. Foto: Swen Pf\u00f6rtner \/ swenpfoertner.oom"},{"@type":"BreadcrumbList","@id":"https:\/\/radioleinewelle.de\/index.php\/2024\/10\/02\/praesident-der-goettinger-universitaet-durch-senatsantrag-abgewaehlt\/#breadcrumb","itemListElement":[{"@type":"ListItem","position":1,"name":"Startseite","item":"https:\/\/radioleinewelle.de\/"},{"@type":"ListItem","position":2,"name":"Pr\u00e4sident der G\u00f6ttinger Universit\u00e4t durch Senatsantrag abgew\u00e4hlt"}]},{"@type":"WebSite","@id":"https:\/\/radioleinewelle.de\/#website","url":"https:\/\/radioleinewelle.de\/","name":"Radio Leinewelle","description":"","publisher":{"@id":"https:\/\/radioleinewelle.de\/#organization"},"potentialAction":[{"@type":"SearchAction","target":{"@type":"EntryPoint","urlTemplate":"https:\/\/radioleinewelle.de\/?s={search_term_string}"},"query-input":{"@type":"PropertyValueSpecification","valueRequired":true,"valueName":"search_term_string"}}],"inLanguage":"de"},{"@type":"Organization","@id":"https:\/\/radioleinewelle.de\/#organization","name":"Radio Leinewelle","alternateName":"Mein Radio f\u00fcr S\u00fcdniedersachsen","url":"https:\/\/radioleinewelle.de\/","logo":{"@type":"ImageObject","inLanguage":"de","@id":"https:\/\/radioleinewelle.de\/#\/schema\/logo\/image\/","url":"https:\/\/radioleinewelle.de\/wp-content\/uploads\/2023\/11\/cropped-Leinewelle_Logo_weiss.png","contentUrl":"https:\/\/radioleinewelle.de\/wp-content\/uploads\/2023\/11\/cropped-Leinewelle_Logo_weiss.png","width":854,"height":260,"caption":"Radio Leinewelle"},"image":{"@id":"https:\/\/radioleinewelle.de\/#\/schema\/logo\/image\/"},"sameAs":["https:\/\/www.facebook.com\/radioleinewelle","https:\/\/x.com\/RLeinewelle","https:\/\/www.instagram.com\/radioleinewelle\/?hl=de"]},{"@type":"Person","@id":"https:\/\/radioleinewelle.de\/#\/schema\/person\/45606f348637df637192dc1b68399a63","name":"Leinewelle","image":{"@type":"ImageObject","inLanguage":"de","@id":"https:\/\/secure.gravatar.com\/avatar\/05c9a17bc973052ee5d91549bd32fb4dd0dc85b7b85ae94b2e2b4943476bbea5?s=96&d=blank&r=g","url":"https:\/\/secure.gravatar.com\/avatar\/05c9a17bc973052ee5d91549bd32fb4dd0dc85b7b85ae94b2e2b4943476bbea5?s=96&d=blank&r=g","contentUrl":"https:\/\/secure.gravatar.com\/avatar\/05c9a17bc973052ee5d91549bd32fb4dd0dc85b7b85ae94b2e2b4943476bbea5?s=96&d=blank&r=g","caption":"Leinewelle"},"sameAs":["http:\/\/localhost\/radio%20leinewelle\/wordpress","https:\/\/www.facebook.com\/radioleinewelle","https:\/\/www.instagram.com\/radioleinewelle","https:\/\/x.com\/https:\/\/twitter.com\/RLeinewelle?ref_src=twsrcgoogletwcampserptwgrauthor","https:\/\/soundcloud.com\/foerderverein-lokalradio?utm_source=clipboard&utm_medium=text&utm_campaign=social_sharing"],"url":"https:\/\/radioleinewelle.de\/index.php\/author\/leinewelle\/"}]}},"_links":{"self":[{"href":"https:\/\/radioleinewelle.de\/index.php\/wp-json\/wp\/v2\/posts\/26267","targetHints":{"allow":["GET"]}}],"collection":[{"href":"https:\/\/radioleinewelle.de\/index.php\/wp-json\/wp\/v2\/posts"}],"about":[{"href":"https:\/\/radioleinewelle.de\/index.php\/wp-json\/wp\/v2\/types\/post"}],"author":[{"embeddable":true,"href":"https:\/\/radioleinewelle.de\/index.php\/wp-json\/wp\/v2\/users\/1"}],"replies":[{"embeddable":true,"href":"https:\/\/radioleinewelle.de\/index.php\/wp-json\/wp\/v2\/comments?post=26267"}],"version-history":[{"count":14,"href":"https:\/\/radioleinewelle.de\/index.php\/wp-json\/wp\/v2\/posts\/26267\/revisions"}],"predecessor-version":[{"id":26286,"href":"https:\/\/radioleinewelle.de\/index.php\/wp-json\/wp\/v2\/posts\/26267\/revisions\/26286"}],"wp:featuredmedia":[{"embeddable":true,"href":"https:\/\/radioleinewelle.de\/index.php\/wp-json\/wp\/v2\/media\/26278"}],"wp:attachment":[{"href":"https:\/\/radioleinewelle.de\/index.php\/wp-json\/wp\/v2\/media?parent=26267"}],"wp:term":[{"taxonomy":"category","embeddable":true,"href":"https:\/\/radioleinewelle.de\/index.php\/wp-json\/wp\/v2\/categories?post=26267"},{"taxonomy":"post_tag","embeddable":true,"href":"https:\/\/radioleinewelle.de\/index.php\/wp-json\/wp\/v2\/tags?post=26267"}],"curies":[{"name":"wp","href":"https:\/\/api.w.org\/{rel}","templated":true}]}}