{"id":2629,"date":"2020-10-28T05:40:51","date_gmt":"2020-10-28T04:40:51","guid":{"rendered":"https:\/\/radioleinewelle.de\/?p=2629"},"modified":"2020-10-28T05:40:51","modified_gmt":"2020-10-28T04:40:51","slug":"extinction-rebellion-demonstriert-gegen-goettinger-klimapolitik","status":"publish","type":"post","link":"https:\/\/radioleinewelle.de\/index.php\/2020\/10\/28\/extinction-rebellion-demonstriert-gegen-goettinger-klimapolitik\/","title":{"rendered":"Extinction Rebellion demonstriert gegen G\u00f6ttinger Klimapolitik"},"content":{"rendered":"<p>Die Umwelt- und Klimatschutzbewegung &#8222;Extinction Rebellion&#8220; f\u00fchrte am gestrigen Nachmittag eine Kundgebung vor dem Neuen Rathaus durch. Anlass war die geplante Beratung des Umweltausschusses des Stadtrats G\u00f6ttingen zum &#8222;Klimaplan 2030&#8220;.\u00a0 Sprecher der Aktionsgruppe XR kritisierten die in ihren Augen unzureichende Klimapolitik der Stadt G\u00f6ttingen.<br \/>\nAm letzten\u00a0Freitagmittag wurde bekannt, dass die f\u00fcr Dienstag, 27.10. geplante Sitzung des G\u00f6ttinger Umweltausschusses auf unbestimmte Zeit vertagt wurde. \u00dcber die Gr\u00fcnde f\u00fcr die kurzfristige Vertagung ist bisher nichts bekannt. \u201eWir k\u00f6nnen nur spekulieren, ob manche Ausschussmitglieder vielleicht dem Protest aus dem Weg gehen wollen.\u201c, kommentiert Johannes Brachem von XR G\u00f6ttingen die Verschiebung. \u201eSo wird die Unt\u00e4tigkeit der Politik immerhin noch etwas besser sichtbar\u201c, so Brachem weiter. Die bisherige Klimapolitik der Stadt G\u00f6ttingen ist nach Sicht von XR krachend gescheitert. So ist der CO2-Aussto\u00df seit 2014 nicht weiter gesunken, und der Anteil erneuerbarer Energien am Energieverbrauch betr\u00e4gt magere 7 %. Damit nicht genug, entspricht auch das Ziel \u201eKlimaneutralit\u00e4t 2050\u201c nicht dem Stand der Wissenschaft: F\u00fcr eine 50 %-Chance auf Einhaltung des 1,5 Grad Ziels m\u00fcsste ganz Deutschland, und damit auch G\u00f6ttingen, im Jahr 2035 klimaneutral sein, f\u00fcr eine 66 %-Chance sogar schon 2026. \u201eWir erwarten, dass die politisch Verantwortlichen endlich anfangen, ernsthaft l\u00f6sungsorientiert zu arbeiten, anstatt immer weiter auszuweichen und leere Ank\u00fcndigungspolitik zu betreiben. Das Thema ist zu wichtig f\u00fcr solche Spielchen.\u201c, so Brachem.<\/p>\n<p>Foto \u00a9Radio Leinewelle (ue)<\/p>\n<p>&nbsp;<\/p>\n<p>&nbsp;<\/p>\n","protected":false},"excerpt":{"rendered":"<p>Die Umwelt- und Klimatschutzbewegung &#8222;Extinction Rebellion&#8220; f\u00fchrte am gestrigen Nachmittag eine Kundgebung vor dem Neuen Rathaus durch. Anlass war die geplante Beratung des Umweltausschusses des Stadtrats G\u00f6ttingen zum &#8222;Klimaplan 2030&#8220;.\u00a0 Sprecher der Aktionsgruppe XR kritisierten die in ihren Augen unzureichende Klimapolitik der Stadt G\u00f6ttingen. Am letzten\u00a0Freitagmittag wurde bekannt, dass die f\u00fcr Dienstag, 27.10. geplante Sitzung [&hellip;]<\/p>\n","protected":false},"author":1,"featured_media":0,"comment_status":"closed","ping_status":"closed","sticky":false,"template":"","format":"standard","meta":{"saved_in_kubio":false,"footnotes":""},"categories":[1],"tags":[],"class_list":["post-2629","post","type-post","status-publish","format-standard","hentry","category-allgemein"],"yoast_head":"<!-- This site is optimized with the Yoast SEO plugin v27.5 - https:\/\/yoast.com\/product\/yoast-seo-wordpress\/ -->\n<title>Extinction Rebellion demonstriert gegen G\u00f6ttinger Klimapolitik - Radio Leinewelle<\/title>\n<meta name=\"robots\" content=\"index, follow, max-snippet:-1, max-image-preview:large, max-video-preview:-1\" \/>\n<link rel=\"canonical\" href=\"https:\/\/radioleinewelle.de\/index.php\/2020\/10\/28\/extinction-rebellion-demonstriert-gegen-goettinger-klimapolitik\/\" \/>\n<meta property=\"og:locale\" content=\"de_DE\" \/>\n<meta property=\"og:type\" content=\"article\" \/>\n<meta property=\"og:title\" content=\"Extinction Rebellion demonstriert gegen G\u00f6ttinger Klimapolitik - Radio Leinewelle\" \/>\n<meta property=\"og:description\" content=\"Die Umwelt- und Klimatschutzbewegung &#8222;Extinction Rebellion&#8220; f\u00fchrte am gestrigen Nachmittag eine Kundgebung vor dem Neuen Rathaus durch. Anlass war die geplante Beratung des Umweltausschusses des Stadtrats G\u00f6ttingen zum &#8222;Klimaplan 2030&#8220;.\u00a0 Sprecher der Aktionsgruppe XR kritisierten die in ihren Augen unzureichende Klimapolitik der Stadt G\u00f6ttingen. Am letzten\u00a0Freitagmittag wurde bekannt, dass die f\u00fcr Dienstag, 27.10. geplante Sitzung [&hellip;]\" \/>\n<meta property=\"og:url\" content=\"https:\/\/radioleinewelle.de\/index.php\/2020\/10\/28\/extinction-rebellion-demonstriert-gegen-goettinger-klimapolitik\/\" \/>\n<meta property=\"og:site_name\" content=\"Radio Leinewelle\" \/>\n<meta property=\"article:publisher\" content=\"https:\/\/www.facebook.com\/radioleinewelle\" \/>\n<meta property=\"article:author\" content=\"https:\/\/www.facebook.com\/radioleinewelle\" \/>\n<meta property=\"article:published_time\" content=\"2020-10-28T04:40:51+00:00\" \/>\n<meta name=\"author\" content=\"Leinewelle\" \/>\n<meta name=\"twitter:card\" content=\"summary_large_image\" \/>\n<meta name=\"twitter:creator\" content=\"@https:\/\/twitter.com\/RLeinewelle?ref_src=twsrcgoogletwcampserptwgrauthor\" \/>\n<meta name=\"twitter:site\" content=\"@RLeinewelle\" \/>\n<meta name=\"twitter:label1\" content=\"Verfasst von\" \/>\n\t<meta name=\"twitter:data1\" content=\"Leinewelle\" \/>\n\t<meta name=\"twitter:label2\" content=\"Gesch\u00e4tzte Lesezeit\" \/>\n\t<meta name=\"twitter:data2\" content=\"1\u00a0Minute\" \/>\n<script type=\"application\/ld+json\" class=\"yoast-schema-graph\">{\"@context\":\"https:\\\/\\\/schema.org\",\"@graph\":[{\"@type\":\"Article\",\"@id\":\"https:\\\/\\\/radioleinewelle.de\\\/index.php\\\/2020\\\/10\\\/28\\\/extinction-rebellion-demonstriert-gegen-goettinger-klimapolitik\\\/#article\",\"isPartOf\":{\"@id\":\"https:\\\/\\\/radioleinewelle.de\\\/index.php\\\/2020\\\/10\\\/28\\\/extinction-rebellion-demonstriert-gegen-goettinger-klimapolitik\\\/\"},\"author\":{\"name\":\"Leinewelle\",\"@id\":\"https:\\\/\\\/radioleinewelle.de\\\/#\\\/schema\\\/person\\\/45606f348637df637192dc1b68399a63\"},\"headline\":\"Extinction Rebellion demonstriert gegen G\u00f6ttinger Klimapolitik\",\"datePublished\":\"2020-10-28T04:40:51+00:00\",\"mainEntityOfPage\":{\"@id\":\"https:\\\/\\\/radioleinewelle.de\\\/index.php\\\/2020\\\/10\\\/28\\\/extinction-rebellion-demonstriert-gegen-goettinger-klimapolitik\\\/\"},\"wordCount\":242,\"publisher\":{\"@id\":\"https:\\\/\\\/radioleinewelle.de\\\/#organization\"},\"inLanguage\":\"de\"},{\"@type\":\"WebPage\",\"@id\":\"https:\\\/\\\/radioleinewelle.de\\\/index.php\\\/2020\\\/10\\\/28\\\/extinction-rebellion-demonstriert-gegen-goettinger-klimapolitik\\\/\",\"url\":\"https:\\\/\\\/radioleinewelle.de\\\/index.php\\\/2020\\\/10\\\/28\\\/extinction-rebellion-demonstriert-gegen-goettinger-klimapolitik\\\/\",\"name\":\"Extinction Rebellion demonstriert gegen G\u00f6ttinger Klimapolitik - Radio Leinewelle\",\"isPartOf\":{\"@id\":\"https:\\\/\\\/radioleinewelle.de\\\/#website\"},\"datePublished\":\"2020-10-28T04:40:51+00:00\",\"breadcrumb\":{\"@id\":\"https:\\\/\\\/radioleinewelle.de\\\/index.php\\\/2020\\\/10\\\/28\\\/extinction-rebellion-demonstriert-gegen-goettinger-klimapolitik\\\/#breadcrumb\"},\"inLanguage\":\"de\",\"potentialAction\":[{\"@type\":\"ReadAction\",\"target\":[\"https:\\\/\\\/radioleinewelle.de\\\/index.php\\\/2020\\\/10\\\/28\\\/extinction-rebellion-demonstriert-gegen-goettinger-klimapolitik\\\/\"]}]},{\"@type\":\"BreadcrumbList\",\"@id\":\"https:\\\/\\\/radioleinewelle.de\\\/index.php\\\/2020\\\/10\\\/28\\\/extinction-rebellion-demonstriert-gegen-goettinger-klimapolitik\\\/#breadcrumb\",\"itemListElement\":[{\"@type\":\"ListItem\",\"position\":1,\"name\":\"Startseite\",\"item\":\"https:\\\/\\\/radioleinewelle.de\\\/\"},{\"@type\":\"ListItem\",\"position\":2,\"name\":\"Extinction Rebellion demonstriert gegen G\u00f6ttinger Klimapolitik\"}]},{\"@type\":\"WebSite\",\"@id\":\"https:\\\/\\\/radioleinewelle.de\\\/#website\",\"url\":\"https:\\\/\\\/radioleinewelle.de\\\/\",\"name\":\"Radio Leinewelle\",\"description\":\"\",\"publisher\":{\"@id\":\"https:\\\/\\\/radioleinewelle.de\\\/#organization\"},\"potentialAction\":[{\"@type\":\"SearchAction\",\"target\":{\"@type\":\"EntryPoint\",\"urlTemplate\":\"https:\\\/\\\/radioleinewelle.de\\\/?s={search_term_string}\"},\"query-input\":{\"@type\":\"PropertyValueSpecification\",\"valueRequired\":true,\"valueName\":\"search_term_string\"}}],\"inLanguage\":\"de\"},{\"@type\":\"Organization\",\"@id\":\"https:\\\/\\\/radioleinewelle.de\\\/#organization\",\"name\":\"Radio Leinewelle\",\"alternateName\":\"Mein Radio f\u00fcr S\u00fcdniedersachsen\",\"url\":\"https:\\\/\\\/radioleinewelle.de\\\/\",\"logo\":{\"@type\":\"ImageObject\",\"inLanguage\":\"de\",\"@id\":\"https:\\\/\\\/radioleinewelle.de\\\/#\\\/schema\\\/logo\\\/image\\\/\",\"url\":\"https:\\\/\\\/radioleinewelle.de\\\/wp-content\\\/uploads\\\/2023\\\/11\\\/cropped-Leinewelle_Logo_weiss.png\",\"contentUrl\":\"https:\\\/\\\/radioleinewelle.de\\\/wp-content\\\/uploads\\\/2023\\\/11\\\/cropped-Leinewelle_Logo_weiss.png\",\"width\":854,\"height\":260,\"caption\":\"Radio Leinewelle\"},\"image\":{\"@id\":\"https:\\\/\\\/radioleinewelle.de\\\/#\\\/schema\\\/logo\\\/image\\\/\"},\"sameAs\":[\"https:\\\/\\\/www.facebook.com\\\/radioleinewelle\",\"https:\\\/\\\/x.com\\\/RLeinewelle\",\"https:\\\/\\\/www.instagram.com\\\/radioleinewelle\\\/?hl=de\"]},{\"@type\":\"Person\",\"@id\":\"https:\\\/\\\/radioleinewelle.de\\\/#\\\/schema\\\/person\\\/45606f348637df637192dc1b68399a63\",\"name\":\"Leinewelle\",\"image\":{\"@type\":\"ImageObject\",\"inLanguage\":\"de\",\"@id\":\"https:\\\/\\\/secure.gravatar.com\\\/avatar\\\/05c9a17bc973052ee5d91549bd32fb4dd0dc85b7b85ae94b2e2b4943476bbea5?s=96&d=blank&r=g\",\"url\":\"https:\\\/\\\/secure.gravatar.com\\\/avatar\\\/05c9a17bc973052ee5d91549bd32fb4dd0dc85b7b85ae94b2e2b4943476bbea5?s=96&d=blank&r=g\",\"contentUrl\":\"https:\\\/\\\/secure.gravatar.com\\\/avatar\\\/05c9a17bc973052ee5d91549bd32fb4dd0dc85b7b85ae94b2e2b4943476bbea5?s=96&d=blank&r=g\",\"caption\":\"Leinewelle\"},\"sameAs\":[\"http:\\\/\\\/localhost\\\/radio%20leinewelle\\\/wordpress\",\"https:\\\/\\\/www.facebook.com\\\/radioleinewelle\",\"https:\\\/\\\/www.instagram.com\\\/radioleinewelle\",\"https:\\\/\\\/x.com\\\/https:\\\/\\\/twitter.com\\\/RLeinewelle?ref_src=twsrcgoogletwcampserptwgrauthor\",\"https:\\\/\\\/soundcloud.com\\\/foerderverein-lokalradio?utm_source=clipboard&utm_medium=text&utm_campaign=social_sharing\"],\"url\":\"https:\\\/\\\/radioleinewelle.de\\\/index.php\\\/author\\\/leinewelle\\\/\"}]}<\/script>\n<!-- \/ Yoast SEO plugin. -->","yoast_head_json":{"title":"Extinction Rebellion demonstriert gegen G\u00f6ttinger Klimapolitik - Radio Leinewelle","robots":{"index":"index","follow":"follow","max-snippet":"max-snippet:-1","max-image-preview":"max-image-preview:large","max-video-preview":"max-video-preview:-1"},"canonical":"https:\/\/radioleinewelle.de\/index.php\/2020\/10\/28\/extinction-rebellion-demonstriert-gegen-goettinger-klimapolitik\/","og_locale":"de_DE","og_type":"article","og_title":"Extinction Rebellion demonstriert gegen G\u00f6ttinger Klimapolitik - Radio Leinewelle","og_description":"Die Umwelt- und Klimatschutzbewegung &#8222;Extinction Rebellion&#8220; f\u00fchrte am gestrigen Nachmittag eine Kundgebung vor dem Neuen Rathaus durch. Anlass war die geplante Beratung des Umweltausschusses des Stadtrats G\u00f6ttingen zum &#8222;Klimaplan 2030&#8220;.\u00a0 Sprecher der Aktionsgruppe XR kritisierten die in ihren Augen unzureichende Klimapolitik der Stadt G\u00f6ttingen. Am letzten\u00a0Freitagmittag wurde bekannt, dass die f\u00fcr Dienstag, 27.10. geplante Sitzung [&hellip;]","og_url":"https:\/\/radioleinewelle.de\/index.php\/2020\/10\/28\/extinction-rebellion-demonstriert-gegen-goettinger-klimapolitik\/","og_site_name":"Radio Leinewelle","article_publisher":"https:\/\/www.facebook.com\/radioleinewelle","article_author":"https:\/\/www.facebook.com\/radioleinewelle","article_published_time":"2020-10-28T04:40:51+00:00","author":"Leinewelle","twitter_card":"summary_large_image","twitter_creator":"@https:\/\/twitter.com\/RLeinewelle?ref_src=twsrcgoogletwcampserptwgrauthor","twitter_site":"@RLeinewelle","twitter_misc":{"Verfasst von":"Leinewelle","Gesch\u00e4tzte Lesezeit":"1\u00a0Minute"},"schema":{"@context":"https:\/\/schema.org","@graph":[{"@type":"Article","@id":"https:\/\/radioleinewelle.de\/index.php\/2020\/10\/28\/extinction-rebellion-demonstriert-gegen-goettinger-klimapolitik\/#article","isPartOf":{"@id":"https:\/\/radioleinewelle.de\/index.php\/2020\/10\/28\/extinction-rebellion-demonstriert-gegen-goettinger-klimapolitik\/"},"author":{"name":"Leinewelle","@id":"https:\/\/radioleinewelle.de\/#\/schema\/person\/45606f348637df637192dc1b68399a63"},"headline":"Extinction Rebellion demonstriert gegen G\u00f6ttinger Klimapolitik","datePublished":"2020-10-28T04:40:51+00:00","mainEntityOfPage":{"@id":"https:\/\/radioleinewelle.de\/index.php\/2020\/10\/28\/extinction-rebellion-demonstriert-gegen-goettinger-klimapolitik\/"},"wordCount":242,"publisher":{"@id":"https:\/\/radioleinewelle.de\/#organization"},"inLanguage":"de"},{"@type":"WebPage","@id":"https:\/\/radioleinewelle.de\/index.php\/2020\/10\/28\/extinction-rebellion-demonstriert-gegen-goettinger-klimapolitik\/","url":"https:\/\/radioleinewelle.de\/index.php\/2020\/10\/28\/extinction-rebellion-demonstriert-gegen-goettinger-klimapolitik\/","name":"Extinction Rebellion demonstriert gegen G\u00f6ttinger Klimapolitik - Radio Leinewelle","isPartOf":{"@id":"https:\/\/radioleinewelle.de\/#website"},"datePublished":"2020-10-28T04:40:51+00:00","breadcrumb":{"@id":"https:\/\/radioleinewelle.de\/index.php\/2020\/10\/28\/extinction-rebellion-demonstriert-gegen-goettinger-klimapolitik\/#breadcrumb"},"inLanguage":"de","potentialAction":[{"@type":"ReadAction","target":["https:\/\/radioleinewelle.de\/index.php\/2020\/10\/28\/extinction-rebellion-demonstriert-gegen-goettinger-klimapolitik\/"]}]},{"@type":"BreadcrumbList","@id":"https:\/\/radioleinewelle.de\/index.php\/2020\/10\/28\/extinction-rebellion-demonstriert-gegen-goettinger-klimapolitik\/#breadcrumb","itemListElement":[{"@type":"ListItem","position":1,"name":"Startseite","item":"https:\/\/radioleinewelle.de\/"},{"@type":"ListItem","position":2,"name":"Extinction Rebellion demonstriert gegen G\u00f6ttinger Klimapolitik"}]},{"@type":"WebSite","@id":"https:\/\/radioleinewelle.de\/#website","url":"https:\/\/radioleinewelle.de\/","name":"Radio Leinewelle","description":"","publisher":{"@id":"https:\/\/radioleinewelle.de\/#organization"},"potentialAction":[{"@type":"SearchAction","target":{"@type":"EntryPoint","urlTemplate":"https:\/\/radioleinewelle.de\/?s={search_term_string}"},"query-input":{"@type":"PropertyValueSpecification","valueRequired":true,"valueName":"search_term_string"}}],"inLanguage":"de"},{"@type":"Organization","@id":"https:\/\/radioleinewelle.de\/#organization","name":"Radio Leinewelle","alternateName":"Mein Radio f\u00fcr S\u00fcdniedersachsen","url":"https:\/\/radioleinewelle.de\/","logo":{"@type":"ImageObject","inLanguage":"de","@id":"https:\/\/radioleinewelle.de\/#\/schema\/logo\/image\/","url":"https:\/\/radioleinewelle.de\/wp-content\/uploads\/2023\/11\/cropped-Leinewelle_Logo_weiss.png","contentUrl":"https:\/\/radioleinewelle.de\/wp-content\/uploads\/2023\/11\/cropped-Leinewelle_Logo_weiss.png","width":854,"height":260,"caption":"Radio Leinewelle"},"image":{"@id":"https:\/\/radioleinewelle.de\/#\/schema\/logo\/image\/"},"sameAs":["https:\/\/www.facebook.com\/radioleinewelle","https:\/\/x.com\/RLeinewelle","https:\/\/www.instagram.com\/radioleinewelle\/?hl=de"]},{"@type":"Person","@id":"https:\/\/radioleinewelle.de\/#\/schema\/person\/45606f348637df637192dc1b68399a63","name":"Leinewelle","image":{"@type":"ImageObject","inLanguage":"de","@id":"https:\/\/secure.gravatar.com\/avatar\/05c9a17bc973052ee5d91549bd32fb4dd0dc85b7b85ae94b2e2b4943476bbea5?s=96&d=blank&r=g","url":"https:\/\/secure.gravatar.com\/avatar\/05c9a17bc973052ee5d91549bd32fb4dd0dc85b7b85ae94b2e2b4943476bbea5?s=96&d=blank&r=g","contentUrl":"https:\/\/secure.gravatar.com\/avatar\/05c9a17bc973052ee5d91549bd32fb4dd0dc85b7b85ae94b2e2b4943476bbea5?s=96&d=blank&r=g","caption":"Leinewelle"},"sameAs":["http:\/\/localhost\/radio%20leinewelle\/wordpress","https:\/\/www.facebook.com\/radioleinewelle","https:\/\/www.instagram.com\/radioleinewelle","https:\/\/x.com\/https:\/\/twitter.com\/RLeinewelle?ref_src=twsrcgoogletwcampserptwgrauthor","https:\/\/soundcloud.com\/foerderverein-lokalradio?utm_source=clipboard&utm_medium=text&utm_campaign=social_sharing"],"url":"https:\/\/radioleinewelle.de\/index.php\/author\/leinewelle\/"}]}},"_links":{"self":[{"href":"https:\/\/radioleinewelle.de\/index.php\/wp-json\/wp\/v2\/posts\/2629","targetHints":{"allow":["GET"]}}],"collection":[{"href":"https:\/\/radioleinewelle.de\/index.php\/wp-json\/wp\/v2\/posts"}],"about":[{"href":"https:\/\/radioleinewelle.de\/index.php\/wp-json\/wp\/v2\/types\/post"}],"author":[{"embeddable":true,"href":"https:\/\/radioleinewelle.de\/index.php\/wp-json\/wp\/v2\/users\/1"}],"replies":[{"embeddable":true,"href":"https:\/\/radioleinewelle.de\/index.php\/wp-json\/wp\/v2\/comments?post=2629"}],"version-history":[{"count":0,"href":"https:\/\/radioleinewelle.de\/index.php\/wp-json\/wp\/v2\/posts\/2629\/revisions"}],"wp:attachment":[{"href":"https:\/\/radioleinewelle.de\/index.php\/wp-json\/wp\/v2\/media?parent=2629"}],"wp:term":[{"taxonomy":"category","embeddable":true,"href":"https:\/\/radioleinewelle.de\/index.php\/wp-json\/wp\/v2\/categories?post=2629"},{"taxonomy":"post_tag","embeddable":true,"href":"https:\/\/radioleinewelle.de\/index.php\/wp-json\/wp\/v2\/tags?post=2629"}],"curies":[{"name":"wp","href":"https:\/\/api.w.org\/{rel}","templated":true}]}}