{"id":26304,"date":"2024-10-04T06:45:10","date_gmt":"2024-10-04T04:45:10","guid":{"rendered":"https:\/\/radioleinewelle.de\/?p=26304"},"modified":"2024-10-04T06:45:11","modified_gmt":"2024-10-04T04:45:11","slug":"klimaaktivistinnen-fordern-schliessung-des-regionalflughafens-kassel-calden","status":"publish","type":"post","link":"https:\/\/radioleinewelle.de\/index.php\/2024\/10\/04\/klimaaktivistinnen-fordern-schliessung-des-regionalflughafens-kassel-calden\/","title":{"rendered":"Klimaaktivist*innen fordern Schlie\u00dfung des Regionalflughafens Kassel-Calden"},"content":{"rendered":"\n<p>Seit Tagen demonstrieren Klimaaktivist*innen auf und gegen den Regionalflughafen Kassel-Calden. Der Flughafen ist hoch defizit\u00e4r und wird mittels Steuergeldern am Leben gehalten. Die &#8222;Letzte Generation&#8220; und ihre Unterst\u00fctzer*innen kritisieren den klimasch\u00e4dlichen Regionalflugverkehr. <\/p>\n\n\n\n\n\n<p><mark style=\"background-color:rgba(0, 0, 0, 0)\" class=\"has-inline-color has-kubio-color-2-color\">\u201c<em>Nat\u00fcrlich ist es nicht leicht, sich gegen die Interessen einflussreicher Unternehmen zu behaupten und gesellschaftlichen Wandel anzusto\u00dfen, gegen den sich so viele vehement stemmen.Aber wenn wir als Gesellschaft \u00fcberleben wollen, gibt es keinen Weg darum herum, dieser Verantwortung muss sich die Politik stellen. Deshalb unterst\u00fctzen wir heute Oberb\u00fcrger Schoeller und setzen das Thema auf die Tagesordnung: Wir m\u00fcssen aus dem fossilen Millionengrab Flughafen Kassel-Calden aussteigen!<\/em>\u201d<\/mark><br><strong>Marion Fabian<\/strong>, Sprecherin der Letzten Generation <\/p>\n\n\n\n\n\n<p>Am vergangenen Mittwoch demonstrierten sie an verschiedenen Punkten in der Kassler Innenstadt und forderten den Kasseler Oberb\u00fcrgermeister dazu auf, aus der fossilen Subvention f\u00fcr den Regionalflughafen Kassel-Calden auszusteigen. OB Sch\u00f6ller (Gr\u00fcne) hat f\u00fcr heute ein Gespr\u00e4chsangebot der &#8222;Letzten Generation&#8220; zu diesem Thema angenommen.<\/p>\n\n\n\n<p><strong>Foto:<\/strong> \u00a9Letzte Generation<\/p>\n","protected":false},"excerpt":{"rendered":"<p>Seit Tagen demonstrieren Klimaaktivist*innen auf und gegen den Regionalflughafen Kassel-Calden. Der Flughafen ist hoch defizit\u00e4r und wird mittels Steuergeldern am Leben gehalten. Die &#8222;Letzte Generation&#8220; und ihre Unterst\u00fctzer*innen kritisieren den klimasch\u00e4dlichen Regionalflugverkehr. \u201cNat\u00fcrlich ist es nicht leicht, sich gegen die Interessen einflussreicher Unternehmen zu behaupten und gesellschaftlichen Wandel anzusto\u00dfen, gegen den sich so viele vehement [&hellip;]<\/p>\n","protected":false},"author":1,"featured_media":26307,"comment_status":"open","ping_status":"open","sticky":true,"template":"","format":"standard","meta":{"saved_in_kubio":false,"footnotes":""},"categories":[53,520],"tags":[4194,3857],"class_list":["post-26304","post","type-post","status-publish","format-standard","has-post-thumbnail","hentry","category-gesellschaft","category-klimawandel","tag-flughafen-kassel-calden","tag-letzte-generation"],"yoast_head":"<!-- This site is optimized with the Yoast SEO plugin v27.5 - https:\/\/yoast.com\/product\/yoast-seo-wordpress\/ -->\n<title>Klimaaktivist*innen fordern Schlie\u00dfung des Regionalflughafens Kassel-Calden - Radio Leinewelle<\/title>\n<meta name=\"robots\" content=\"index, follow, max-snippet:-1, max-image-preview:large, max-video-preview:-1\" \/>\n<link rel=\"canonical\" href=\"https:\/\/radioleinewelle.de\/index.php\/2024\/10\/04\/klimaaktivistinnen-fordern-schliessung-des-regionalflughafens-kassel-calden\/\" \/>\n<meta property=\"og:locale\" content=\"de_DE\" \/>\n<meta property=\"og:type\" content=\"article\" \/>\n<meta property=\"og:title\" content=\"Klimaaktivist*innen fordern Schlie\u00dfung des Regionalflughafens Kassel-Calden - Radio Leinewelle\" \/>\n<meta property=\"og:description\" content=\"Seit Tagen demonstrieren Klimaaktivist*innen auf und gegen den Regionalflughafen Kassel-Calden. Der Flughafen ist hoch defizit\u00e4r und wird mittels Steuergeldern am Leben gehalten. Die &#8222;Letzte Generation&#8220; und ihre Unterst\u00fctzer*innen kritisieren den klimasch\u00e4dlichen Regionalflugverkehr. \u201cNat\u00fcrlich ist es nicht leicht, sich gegen die Interessen einflussreicher Unternehmen zu behaupten und gesellschaftlichen Wandel anzusto\u00dfen, gegen den sich so viele vehement [&hellip;]\" \/>\n<meta property=\"og:url\" content=\"https:\/\/radioleinewelle.de\/index.php\/2024\/10\/04\/klimaaktivistinnen-fordern-schliessung-des-regionalflughafens-kassel-calden\/\" \/>\n<meta property=\"og:site_name\" content=\"Radio Leinewelle\" \/>\n<meta property=\"article:publisher\" content=\"https:\/\/www.facebook.com\/radioleinewelle\" \/>\n<meta property=\"article:author\" content=\"https:\/\/www.facebook.com\/radioleinewelle\" \/>\n<meta property=\"article:published_time\" content=\"2024-10-04T04:45:10+00:00\" \/>\n<meta property=\"article:modified_time\" content=\"2024-10-04T04:45:11+00:00\" \/>\n<meta property=\"og:image\" content=\"https:\/\/radioleinewelle.de\/wp-content\/uploads\/2024\/10\/5456127235531596112.jpg\" \/>\n\t<meta property=\"og:image:width\" content=\"1280\" \/>\n\t<meta property=\"og:image:height\" content=\"960\" \/>\n\t<meta property=\"og:image:type\" content=\"image\/jpeg\" \/>\n<meta name=\"author\" content=\"Leinewelle\" \/>\n<meta name=\"twitter:card\" content=\"summary_large_image\" \/>\n<meta name=\"twitter:creator\" content=\"@https:\/\/twitter.com\/RLeinewelle?ref_src=twsrcgoogletwcampserptwgrauthor\" \/>\n<meta name=\"twitter:site\" content=\"@RLeinewelle\" \/>\n<meta name=\"twitter:label1\" content=\"Verfasst von\" \/>\n\t<meta name=\"twitter:data1\" content=\"Leinewelle\" \/>\n\t<meta name=\"twitter:label2\" content=\"Gesch\u00e4tzte Lesezeit\" \/>\n\t<meta name=\"twitter:data2\" content=\"2\u00a0Minuten\" \/>\n<script type=\"application\/ld+json\" class=\"yoast-schema-graph\">{\"@context\":\"https:\\\/\\\/schema.org\",\"@graph\":[{\"@type\":\"Article\",\"@id\":\"https:\\\/\\\/radioleinewelle.de\\\/index.php\\\/2024\\\/10\\\/04\\\/klimaaktivistinnen-fordern-schliessung-des-regionalflughafens-kassel-calden\\\/#article\",\"isPartOf\":{\"@id\":\"https:\\\/\\\/radioleinewelle.de\\\/index.php\\\/2024\\\/10\\\/04\\\/klimaaktivistinnen-fordern-schliessung-des-regionalflughafens-kassel-calden\\\/\"},\"author\":{\"name\":\"Leinewelle\",\"@id\":\"https:\\\/\\\/radioleinewelle.de\\\/#\\\/schema\\\/person\\\/45606f348637df637192dc1b68399a63\"},\"headline\":\"Klimaaktivist*innen fordern Schlie\u00dfung des Regionalflughafens Kassel-Calden\",\"datePublished\":\"2024-10-04T04:45:10+00:00\",\"dateModified\":\"2024-10-04T04:45:11+00:00\",\"mainEntityOfPage\":{\"@id\":\"https:\\\/\\\/radioleinewelle.de\\\/index.php\\\/2024\\\/10\\\/04\\\/klimaaktivistinnen-fordern-schliessung-des-regionalflughafens-kassel-calden\\\/\"},\"wordCount\":174,\"commentCount\":0,\"publisher\":{\"@id\":\"https:\\\/\\\/radioleinewelle.de\\\/#organization\"},\"image\":{\"@id\":\"https:\\\/\\\/radioleinewelle.de\\\/index.php\\\/2024\\\/10\\\/04\\\/klimaaktivistinnen-fordern-schliessung-des-regionalflughafens-kassel-calden\\\/#primaryimage\"},\"thumbnailUrl\":\"https:\\\/\\\/radioleinewelle.de\\\/wp-content\\\/uploads\\\/2024\\\/10\\\/5456127235531596112.jpg\",\"keywords\":[\"Flughafen Kassel-Calden\",\"Letzte Generation\"],\"articleSection\":[\"Gesellschaft\",\"Klimawandel\"],\"inLanguage\":\"de\",\"potentialAction\":[{\"@type\":\"CommentAction\",\"name\":\"Comment\",\"target\":[\"https:\\\/\\\/radioleinewelle.de\\\/index.php\\\/2024\\\/10\\\/04\\\/klimaaktivistinnen-fordern-schliessung-des-regionalflughafens-kassel-calden\\\/#respond\"]}]},{\"@type\":\"WebPage\",\"@id\":\"https:\\\/\\\/radioleinewelle.de\\\/index.php\\\/2024\\\/10\\\/04\\\/klimaaktivistinnen-fordern-schliessung-des-regionalflughafens-kassel-calden\\\/\",\"url\":\"https:\\\/\\\/radioleinewelle.de\\\/index.php\\\/2024\\\/10\\\/04\\\/klimaaktivistinnen-fordern-schliessung-des-regionalflughafens-kassel-calden\\\/\",\"name\":\"Klimaaktivist*innen fordern Schlie\u00dfung des Regionalflughafens Kassel-Calden - Radio Leinewelle\",\"isPartOf\":{\"@id\":\"https:\\\/\\\/radioleinewelle.de\\\/#website\"},\"primaryImageOfPage\":{\"@id\":\"https:\\\/\\\/radioleinewelle.de\\\/index.php\\\/2024\\\/10\\\/04\\\/klimaaktivistinnen-fordern-schliessung-des-regionalflughafens-kassel-calden\\\/#primaryimage\"},\"image\":{\"@id\":\"https:\\\/\\\/radioleinewelle.de\\\/index.php\\\/2024\\\/10\\\/04\\\/klimaaktivistinnen-fordern-schliessung-des-regionalflughafens-kassel-calden\\\/#primaryimage\"},\"thumbnailUrl\":\"https:\\\/\\\/radioleinewelle.de\\\/wp-content\\\/uploads\\\/2024\\\/10\\\/5456127235531596112.jpg\",\"datePublished\":\"2024-10-04T04:45:10+00:00\",\"dateModified\":\"2024-10-04T04:45:11+00:00\",\"breadcrumb\":{\"@id\":\"https:\\\/\\\/radioleinewelle.de\\\/index.php\\\/2024\\\/10\\\/04\\\/klimaaktivistinnen-fordern-schliessung-des-regionalflughafens-kassel-calden\\\/#breadcrumb\"},\"inLanguage\":\"de\",\"potentialAction\":[{\"@type\":\"ReadAction\",\"target\":[\"https:\\\/\\\/radioleinewelle.de\\\/index.php\\\/2024\\\/10\\\/04\\\/klimaaktivistinnen-fordern-schliessung-des-regionalflughafens-kassel-calden\\\/\"]}]},{\"@type\":\"ImageObject\",\"inLanguage\":\"de\",\"@id\":\"https:\\\/\\\/radioleinewelle.de\\\/index.php\\\/2024\\\/10\\\/04\\\/klimaaktivistinnen-fordern-schliessung-des-regionalflughafens-kassel-calden\\\/#primaryimage\",\"url\":\"https:\\\/\\\/radioleinewelle.de\\\/wp-content\\\/uploads\\\/2024\\\/10\\\/5456127235531596112.jpg\",\"contentUrl\":\"https:\\\/\\\/radioleinewelle.de\\\/wp-content\\\/uploads\\\/2024\\\/10\\\/5456127235531596112.jpg\",\"width\":1280,\"height\":960},{\"@type\":\"BreadcrumbList\",\"@id\":\"https:\\\/\\\/radioleinewelle.de\\\/index.php\\\/2024\\\/10\\\/04\\\/klimaaktivistinnen-fordern-schliessung-des-regionalflughafens-kassel-calden\\\/#breadcrumb\",\"itemListElement\":[{\"@type\":\"ListItem\",\"position\":1,\"name\":\"Startseite\",\"item\":\"https:\\\/\\\/radioleinewelle.de\\\/\"},{\"@type\":\"ListItem\",\"position\":2,\"name\":\"Klimaaktivist*innen fordern Schlie\u00dfung des Regionalflughafens Kassel-Calden\"}]},{\"@type\":\"WebSite\",\"@id\":\"https:\\\/\\\/radioleinewelle.de\\\/#website\",\"url\":\"https:\\\/\\\/radioleinewelle.de\\\/\",\"name\":\"Radio Leinewelle\",\"description\":\"\",\"publisher\":{\"@id\":\"https:\\\/\\\/radioleinewelle.de\\\/#organization\"},\"potentialAction\":[{\"@type\":\"SearchAction\",\"target\":{\"@type\":\"EntryPoint\",\"urlTemplate\":\"https:\\\/\\\/radioleinewelle.de\\\/?s={search_term_string}\"},\"query-input\":{\"@type\":\"PropertyValueSpecification\",\"valueRequired\":true,\"valueName\":\"search_term_string\"}}],\"inLanguage\":\"de\"},{\"@type\":\"Organization\",\"@id\":\"https:\\\/\\\/radioleinewelle.de\\\/#organization\",\"name\":\"Radio Leinewelle\",\"alternateName\":\"Mein Radio f\u00fcr S\u00fcdniedersachsen\",\"url\":\"https:\\\/\\\/radioleinewelle.de\\\/\",\"logo\":{\"@type\":\"ImageObject\",\"inLanguage\":\"de\",\"@id\":\"https:\\\/\\\/radioleinewelle.de\\\/#\\\/schema\\\/logo\\\/image\\\/\",\"url\":\"https:\\\/\\\/radioleinewelle.de\\\/wp-content\\\/uploads\\\/2023\\\/11\\\/cropped-Leinewelle_Logo_weiss.png\",\"contentUrl\":\"https:\\\/\\\/radioleinewelle.de\\\/wp-content\\\/uploads\\\/2023\\\/11\\\/cropped-Leinewelle_Logo_weiss.png\",\"width\":854,\"height\":260,\"caption\":\"Radio Leinewelle\"},\"image\":{\"@id\":\"https:\\\/\\\/radioleinewelle.de\\\/#\\\/schema\\\/logo\\\/image\\\/\"},\"sameAs\":[\"https:\\\/\\\/www.facebook.com\\\/radioleinewelle\",\"https:\\\/\\\/x.com\\\/RLeinewelle\",\"https:\\\/\\\/www.instagram.com\\\/radioleinewelle\\\/?hl=de\"]},{\"@type\":\"Person\",\"@id\":\"https:\\\/\\\/radioleinewelle.de\\\/#\\\/schema\\\/person\\\/45606f348637df637192dc1b68399a63\",\"name\":\"Leinewelle\",\"image\":{\"@type\":\"ImageObject\",\"inLanguage\":\"de\",\"@id\":\"https:\\\/\\\/secure.gravatar.com\\\/avatar\\\/05c9a17bc973052ee5d91549bd32fb4dd0dc85b7b85ae94b2e2b4943476bbea5?s=96&d=blank&r=g\",\"url\":\"https:\\\/\\\/secure.gravatar.com\\\/avatar\\\/05c9a17bc973052ee5d91549bd32fb4dd0dc85b7b85ae94b2e2b4943476bbea5?s=96&d=blank&r=g\",\"contentUrl\":\"https:\\\/\\\/secure.gravatar.com\\\/avatar\\\/05c9a17bc973052ee5d91549bd32fb4dd0dc85b7b85ae94b2e2b4943476bbea5?s=96&d=blank&r=g\",\"caption\":\"Leinewelle\"},\"sameAs\":[\"http:\\\/\\\/localhost\\\/radio%20leinewelle\\\/wordpress\",\"https:\\\/\\\/www.facebook.com\\\/radioleinewelle\",\"https:\\\/\\\/www.instagram.com\\\/radioleinewelle\",\"https:\\\/\\\/x.com\\\/https:\\\/\\\/twitter.com\\\/RLeinewelle?ref_src=twsrcgoogletwcampserptwgrauthor\",\"https:\\\/\\\/soundcloud.com\\\/foerderverein-lokalradio?utm_source=clipboard&utm_medium=text&utm_campaign=social_sharing\"],\"url\":\"https:\\\/\\\/radioleinewelle.de\\\/index.php\\\/author\\\/leinewelle\\\/\"}]}<\/script>\n<!-- \/ Yoast SEO plugin. -->","yoast_head_json":{"title":"Klimaaktivist*innen fordern Schlie\u00dfung des Regionalflughafens Kassel-Calden - Radio Leinewelle","robots":{"index":"index","follow":"follow","max-snippet":"max-snippet:-1","max-image-preview":"max-image-preview:large","max-video-preview":"max-video-preview:-1"},"canonical":"https:\/\/radioleinewelle.de\/index.php\/2024\/10\/04\/klimaaktivistinnen-fordern-schliessung-des-regionalflughafens-kassel-calden\/","og_locale":"de_DE","og_type":"article","og_title":"Klimaaktivist*innen fordern Schlie\u00dfung des Regionalflughafens Kassel-Calden - Radio Leinewelle","og_description":"Seit Tagen demonstrieren Klimaaktivist*innen auf und gegen den Regionalflughafen Kassel-Calden. Der Flughafen ist hoch defizit\u00e4r und wird mittels Steuergeldern am Leben gehalten. Die &#8222;Letzte Generation&#8220; und ihre Unterst\u00fctzer*innen kritisieren den klimasch\u00e4dlichen Regionalflugverkehr. \u201cNat\u00fcrlich ist es nicht leicht, sich gegen die Interessen einflussreicher Unternehmen zu behaupten und gesellschaftlichen Wandel anzusto\u00dfen, gegen den sich so viele vehement [&hellip;]","og_url":"https:\/\/radioleinewelle.de\/index.php\/2024\/10\/04\/klimaaktivistinnen-fordern-schliessung-des-regionalflughafens-kassel-calden\/","og_site_name":"Radio Leinewelle","article_publisher":"https:\/\/www.facebook.com\/radioleinewelle","article_author":"https:\/\/www.facebook.com\/radioleinewelle","article_published_time":"2024-10-04T04:45:10+00:00","article_modified_time":"2024-10-04T04:45:11+00:00","og_image":[{"width":1280,"height":960,"url":"https:\/\/radioleinewelle.de\/wp-content\/uploads\/2024\/10\/5456127235531596112.jpg","type":"image\/jpeg"}],"author":"Leinewelle","twitter_card":"summary_large_image","twitter_creator":"@https:\/\/twitter.com\/RLeinewelle?ref_src=twsrcgoogletwcampserptwgrauthor","twitter_site":"@RLeinewelle","twitter_misc":{"Verfasst von":"Leinewelle","Gesch\u00e4tzte Lesezeit":"2\u00a0Minuten"},"schema":{"@context":"https:\/\/schema.org","@graph":[{"@type":"Article","@id":"https:\/\/radioleinewelle.de\/index.php\/2024\/10\/04\/klimaaktivistinnen-fordern-schliessung-des-regionalflughafens-kassel-calden\/#article","isPartOf":{"@id":"https:\/\/radioleinewelle.de\/index.php\/2024\/10\/04\/klimaaktivistinnen-fordern-schliessung-des-regionalflughafens-kassel-calden\/"},"author":{"name":"Leinewelle","@id":"https:\/\/radioleinewelle.de\/#\/schema\/person\/45606f348637df637192dc1b68399a63"},"headline":"Klimaaktivist*innen fordern Schlie\u00dfung des Regionalflughafens Kassel-Calden","datePublished":"2024-10-04T04:45:10+00:00","dateModified":"2024-10-04T04:45:11+00:00","mainEntityOfPage":{"@id":"https:\/\/radioleinewelle.de\/index.php\/2024\/10\/04\/klimaaktivistinnen-fordern-schliessung-des-regionalflughafens-kassel-calden\/"},"wordCount":174,"commentCount":0,"publisher":{"@id":"https:\/\/radioleinewelle.de\/#organization"},"image":{"@id":"https:\/\/radioleinewelle.de\/index.php\/2024\/10\/04\/klimaaktivistinnen-fordern-schliessung-des-regionalflughafens-kassel-calden\/#primaryimage"},"thumbnailUrl":"https:\/\/radioleinewelle.de\/wp-content\/uploads\/2024\/10\/5456127235531596112.jpg","keywords":["Flughafen Kassel-Calden","Letzte Generation"],"articleSection":["Gesellschaft","Klimawandel"],"inLanguage":"de","potentialAction":[{"@type":"CommentAction","name":"Comment","target":["https:\/\/radioleinewelle.de\/index.php\/2024\/10\/04\/klimaaktivistinnen-fordern-schliessung-des-regionalflughafens-kassel-calden\/#respond"]}]},{"@type":"WebPage","@id":"https:\/\/radioleinewelle.de\/index.php\/2024\/10\/04\/klimaaktivistinnen-fordern-schliessung-des-regionalflughafens-kassel-calden\/","url":"https:\/\/radioleinewelle.de\/index.php\/2024\/10\/04\/klimaaktivistinnen-fordern-schliessung-des-regionalflughafens-kassel-calden\/","name":"Klimaaktivist*innen fordern Schlie\u00dfung des Regionalflughafens Kassel-Calden - Radio Leinewelle","isPartOf":{"@id":"https:\/\/radioleinewelle.de\/#website"},"primaryImageOfPage":{"@id":"https:\/\/radioleinewelle.de\/index.php\/2024\/10\/04\/klimaaktivistinnen-fordern-schliessung-des-regionalflughafens-kassel-calden\/#primaryimage"},"image":{"@id":"https:\/\/radioleinewelle.de\/index.php\/2024\/10\/04\/klimaaktivistinnen-fordern-schliessung-des-regionalflughafens-kassel-calden\/#primaryimage"},"thumbnailUrl":"https:\/\/radioleinewelle.de\/wp-content\/uploads\/2024\/10\/5456127235531596112.jpg","datePublished":"2024-10-04T04:45:10+00:00","dateModified":"2024-10-04T04:45:11+00:00","breadcrumb":{"@id":"https:\/\/radioleinewelle.de\/index.php\/2024\/10\/04\/klimaaktivistinnen-fordern-schliessung-des-regionalflughafens-kassel-calden\/#breadcrumb"},"inLanguage":"de","potentialAction":[{"@type":"ReadAction","target":["https:\/\/radioleinewelle.de\/index.php\/2024\/10\/04\/klimaaktivistinnen-fordern-schliessung-des-regionalflughafens-kassel-calden\/"]}]},{"@type":"ImageObject","inLanguage":"de","@id":"https:\/\/radioleinewelle.de\/index.php\/2024\/10\/04\/klimaaktivistinnen-fordern-schliessung-des-regionalflughafens-kassel-calden\/#primaryimage","url":"https:\/\/radioleinewelle.de\/wp-content\/uploads\/2024\/10\/5456127235531596112.jpg","contentUrl":"https:\/\/radioleinewelle.de\/wp-content\/uploads\/2024\/10\/5456127235531596112.jpg","width":1280,"height":960},{"@type":"BreadcrumbList","@id":"https:\/\/radioleinewelle.de\/index.php\/2024\/10\/04\/klimaaktivistinnen-fordern-schliessung-des-regionalflughafens-kassel-calden\/#breadcrumb","itemListElement":[{"@type":"ListItem","position":1,"name":"Startseite","item":"https:\/\/radioleinewelle.de\/"},{"@type":"ListItem","position":2,"name":"Klimaaktivist*innen fordern Schlie\u00dfung des Regionalflughafens Kassel-Calden"}]},{"@type":"WebSite","@id":"https:\/\/radioleinewelle.de\/#website","url":"https:\/\/radioleinewelle.de\/","name":"Radio Leinewelle","description":"","publisher":{"@id":"https:\/\/radioleinewelle.de\/#organization"},"potentialAction":[{"@type":"SearchAction","target":{"@type":"EntryPoint","urlTemplate":"https:\/\/radioleinewelle.de\/?s={search_term_string}"},"query-input":{"@type":"PropertyValueSpecification","valueRequired":true,"valueName":"search_term_string"}}],"inLanguage":"de"},{"@type":"Organization","@id":"https:\/\/radioleinewelle.de\/#organization","name":"Radio Leinewelle","alternateName":"Mein Radio f\u00fcr S\u00fcdniedersachsen","url":"https:\/\/radioleinewelle.de\/","logo":{"@type":"ImageObject","inLanguage":"de","@id":"https:\/\/radioleinewelle.de\/#\/schema\/logo\/image\/","url":"https:\/\/radioleinewelle.de\/wp-content\/uploads\/2023\/11\/cropped-Leinewelle_Logo_weiss.png","contentUrl":"https:\/\/radioleinewelle.de\/wp-content\/uploads\/2023\/11\/cropped-Leinewelle_Logo_weiss.png","width":854,"height":260,"caption":"Radio Leinewelle"},"image":{"@id":"https:\/\/radioleinewelle.de\/#\/schema\/logo\/image\/"},"sameAs":["https:\/\/www.facebook.com\/radioleinewelle","https:\/\/x.com\/RLeinewelle","https:\/\/www.instagram.com\/radioleinewelle\/?hl=de"]},{"@type":"Person","@id":"https:\/\/radioleinewelle.de\/#\/schema\/person\/45606f348637df637192dc1b68399a63","name":"Leinewelle","image":{"@type":"ImageObject","inLanguage":"de","@id":"https:\/\/secure.gravatar.com\/avatar\/05c9a17bc973052ee5d91549bd32fb4dd0dc85b7b85ae94b2e2b4943476bbea5?s=96&d=blank&r=g","url":"https:\/\/secure.gravatar.com\/avatar\/05c9a17bc973052ee5d91549bd32fb4dd0dc85b7b85ae94b2e2b4943476bbea5?s=96&d=blank&r=g","contentUrl":"https:\/\/secure.gravatar.com\/avatar\/05c9a17bc973052ee5d91549bd32fb4dd0dc85b7b85ae94b2e2b4943476bbea5?s=96&d=blank&r=g","caption":"Leinewelle"},"sameAs":["http:\/\/localhost\/radio%20leinewelle\/wordpress","https:\/\/www.facebook.com\/radioleinewelle","https:\/\/www.instagram.com\/radioleinewelle","https:\/\/x.com\/https:\/\/twitter.com\/RLeinewelle?ref_src=twsrcgoogletwcampserptwgrauthor","https:\/\/soundcloud.com\/foerderverein-lokalradio?utm_source=clipboard&utm_medium=text&utm_campaign=social_sharing"],"url":"https:\/\/radioleinewelle.de\/index.php\/author\/leinewelle\/"}]}},"_links":{"self":[{"href":"https:\/\/radioleinewelle.de\/index.php\/wp-json\/wp\/v2\/posts\/26304","targetHints":{"allow":["GET"]}}],"collection":[{"href":"https:\/\/radioleinewelle.de\/index.php\/wp-json\/wp\/v2\/posts"}],"about":[{"href":"https:\/\/radioleinewelle.de\/index.php\/wp-json\/wp\/v2\/types\/post"}],"author":[{"embeddable":true,"href":"https:\/\/radioleinewelle.de\/index.php\/wp-json\/wp\/v2\/users\/1"}],"replies":[{"embeddable":true,"href":"https:\/\/radioleinewelle.de\/index.php\/wp-json\/wp\/v2\/comments?post=26304"}],"version-history":[{"count":3,"href":"https:\/\/radioleinewelle.de\/index.php\/wp-json\/wp\/v2\/posts\/26304\/revisions"}],"predecessor-version":[{"id":26308,"href":"https:\/\/radioleinewelle.de\/index.php\/wp-json\/wp\/v2\/posts\/26304\/revisions\/26308"}],"wp:featuredmedia":[{"embeddable":true,"href":"https:\/\/radioleinewelle.de\/index.php\/wp-json\/wp\/v2\/media\/26307"}],"wp:attachment":[{"href":"https:\/\/radioleinewelle.de\/index.php\/wp-json\/wp\/v2\/media?parent=26304"}],"wp:term":[{"taxonomy":"category","embeddable":true,"href":"https:\/\/radioleinewelle.de\/index.php\/wp-json\/wp\/v2\/categories?post=26304"},{"taxonomy":"post_tag","embeddable":true,"href":"https:\/\/radioleinewelle.de\/index.php\/wp-json\/wp\/v2\/tags?post=26304"}],"curies":[{"name":"wp","href":"https:\/\/api.w.org\/{rel}","templated":true}]}}