{"id":26311,"date":"2024-10-04T12:59:03","date_gmt":"2024-10-04T10:59:03","guid":{"rendered":"https:\/\/radioleinewelle.de\/?p=26311"},"modified":"2024-10-04T12:59:04","modified_gmt":"2024-10-04T10:59:04","slug":"reparieren-statt-wegwerfen-vortrag-ueber-den-aufbau-und-die-moeglichkeiten-von-reparier-cafes","status":"publish","type":"post","link":"https:\/\/radioleinewelle.de\/index.php\/2024\/10\/04\/reparieren-statt-wegwerfen-vortrag-ueber-den-aufbau-und-die-moeglichkeiten-von-reparier-cafes\/","title":{"rendered":"Reparieren statt Wegwerfen &#8211; Vortrag \u00fcber den Aufbau und die M\u00f6glichkeiten von Reparier-Caf\u00e9s\u00a0"},"content":{"rendered":"\n<p><strong>Landkreis Kassel. <\/strong>Mehr Nachhaltigkeit beim eigenen Konsumverhalten und Altes erhalten statt Neues zu kaufen: Vor allem in St\u00e4dten erfreuen sich Reparier-Caf\u00e9s wachsender Beliebtheit. So wurde in Kassel beispielsweise vor zehn Jahren das erste Reparier-Caf\u00e9 von Wolfgang Ehle gegr\u00fcndet. Von seinen Erfahrungen, den Zielen und M\u00f6glichkeiten berichtet er am Mittwoch, 9. Oktober, von 18 bis 20 Uhr im &#8222;M\u00fchlenplatz 7 \u2013 Haus der Demokratie&#8220; in Gieselwerder. Das Veranstaltungshaus w\u00e4re der ideale Ort f\u00fcr ein solches Projekt. <\/p>\n\n\n\n\n\n<p><em><mark style=\"background-color:rgba(0, 0, 0, 0)\" class=\"has-inline-color has-kubio-color-2-color\">&#8222;Reparier Caf\u00e9s laden dazu ein, sich miteinander auszutauschen, neue F\u00e4higkeiten zu erlernen und gemeinsam L\u00f6sungen zu finden. Sie sind damit Orte, an dem die Grundlagen f\u00fcr demokratische Prozesse geschaffen werden. Es w\u00e4re klasse, wenn es am M\u00fchlenplatz 7 ein Reparier Caf\u00e9 g\u00e4be! Platz haben wir hier genug&#8220;<\/mark><\/em><br><strong>Hanna Braun<\/strong>, Projektleiterin im &#8222;Haus der Demokratie&#8220; in Gieselwerder.\u00a0<\/p>\n\n\n\n\n\n<p>Bisher sind Reparier-Caf\u00e9s im l\u00e4ndlichen Raum kaum relevant, da oft eine eigene Werkbank vorhanden ist, oder Gro\u00dfeltern und Nachbarn das n\u00f6tige Wissen parat haben. Um dieses Wissen zu erhalten, entstehen aber auch in den D\u00f6rfern inzwischen erste Reparier-Caf\u00e9s. In seinem Vortrag m\u00f6chte Ehle andere Menschen ermutigen, \u00fcber das eigene Konsumverhalten nachzudenken. Er gibt Antworten auf die Fragen, welche Ger\u00e4te sich \u00fcberhaupt noch reparieren lassen und wie man anf\u00e4ngt, wenn man selbst ein Caf\u00e9 aufbauen m\u00f6chte.\u00a0<br>Die Teilnahme ist kostenfrei und ohne Anmeldung. Es stehen Getr\u00e4nke und Snacks bereit.<\/p>\n\n\n\n<p><strong>Symbolbild<\/strong> von <a href=\"https:\/\/pixabay.com\/de\/users\/maria_domnina-2013500\/?utm_source=link-attribution&amp;utm_medium=referral&amp;utm_campaign=image&amp;utm_content=2145775\">Maria_Domnina<\/a> auf <a href=\"https:\/\/pixabay.com\/de\/\/?utm_source=link-attribution&amp;utm_medium=referral&amp;utm_campaign=image&amp;utm_content=2145775\">Pixabay<\/a><\/p>\n","protected":false},"excerpt":{"rendered":"<p>Landkreis Kassel. Mehr Nachhaltigkeit beim eigenen Konsumverhalten und Altes erhalten statt Neues zu kaufen: Vor allem in St\u00e4dten erfreuen sich Reparier-Caf\u00e9s wachsender Beliebtheit. So wurde in Kassel beispielsweise vor zehn Jahren das erste Reparier-Caf\u00e9 von Wolfgang Ehle gegr\u00fcndet. Von seinen Erfahrungen, den Zielen und M\u00f6glichkeiten berichtet er am Mittwoch, 9. Oktober, von 18 bis 20 [&hellip;]<\/p>\n","protected":false},"author":1,"featured_media":26315,"comment_status":"open","ping_status":"open","sticky":true,"template":"","format":"standard","meta":{"saved_in_kubio":false,"footnotes":""},"categories":[4195],"tags":[],"class_list":["post-26311","post","type-post","status-publish","format-standard","has-post-thumbnail","hentry","category-nachhaltigkeit"],"yoast_head":"<!-- This site is optimized with the Yoast SEO plugin v27.5 - https:\/\/yoast.com\/product\/yoast-seo-wordpress\/ -->\n<title>Reparieren statt Wegwerfen - Vortrag \u00fcber den Aufbau und die M\u00f6glichkeiten von Reparier-Caf\u00e9s\u00a0 - Radio Leinewelle<\/title>\n<meta name=\"robots\" content=\"index, follow, max-snippet:-1, max-image-preview:large, max-video-preview:-1\" \/>\n<link rel=\"canonical\" href=\"https:\/\/radioleinewelle.de\/index.php\/2024\/10\/04\/reparieren-statt-wegwerfen-vortrag-ueber-den-aufbau-und-die-moeglichkeiten-von-reparier-cafes\/\" \/>\n<meta property=\"og:locale\" content=\"de_DE\" \/>\n<meta property=\"og:type\" content=\"article\" \/>\n<meta property=\"og:title\" content=\"Reparieren statt Wegwerfen - Vortrag \u00fcber den Aufbau und die M\u00f6glichkeiten von Reparier-Caf\u00e9s\u00a0 - Radio Leinewelle\" \/>\n<meta property=\"og:description\" content=\"Landkreis Kassel. Mehr Nachhaltigkeit beim eigenen Konsumverhalten und Altes erhalten statt Neues zu kaufen: Vor allem in St\u00e4dten erfreuen sich Reparier-Caf\u00e9s wachsender Beliebtheit. So wurde in Kassel beispielsweise vor zehn Jahren das erste Reparier-Caf\u00e9 von Wolfgang Ehle gegr\u00fcndet. Von seinen Erfahrungen, den Zielen und M\u00f6glichkeiten berichtet er am Mittwoch, 9. Oktober, von 18 bis 20 [&hellip;]\" \/>\n<meta property=\"og:url\" content=\"https:\/\/radioleinewelle.de\/index.php\/2024\/10\/04\/reparieren-statt-wegwerfen-vortrag-ueber-den-aufbau-und-die-moeglichkeiten-von-reparier-cafes\/\" \/>\n<meta property=\"og:site_name\" content=\"Radio Leinewelle\" \/>\n<meta property=\"article:publisher\" content=\"https:\/\/www.facebook.com\/radioleinewelle\" \/>\n<meta property=\"article:author\" content=\"https:\/\/www.facebook.com\/radioleinewelle\" \/>\n<meta property=\"article:published_time\" content=\"2024-10-04T10:59:03+00:00\" \/>\n<meta property=\"article:modified_time\" content=\"2024-10-04T10:59:04+00:00\" \/>\n<meta property=\"og:image\" content=\"https:\/\/radioleinewelle.de\/wp-content\/uploads\/2024\/10\/tools-2145775_1280.jpg\" \/>\n\t<meta property=\"og:image:width\" content=\"1280\" \/>\n\t<meta property=\"og:image:height\" content=\"1004\" \/>\n\t<meta property=\"og:image:type\" content=\"image\/jpeg\" \/>\n<meta name=\"author\" content=\"Leinewelle\" \/>\n<meta name=\"twitter:card\" content=\"summary_large_image\" \/>\n<meta name=\"twitter:creator\" content=\"@https:\/\/twitter.com\/RLeinewelle?ref_src=twsrcgoogletwcampserptwgrauthor\" \/>\n<meta name=\"twitter:site\" content=\"@RLeinewelle\" \/>\n<meta name=\"twitter:label1\" content=\"Verfasst von\" \/>\n\t<meta name=\"twitter:data1\" content=\"Leinewelle\" \/>\n\t<meta name=\"twitter:label2\" content=\"Gesch\u00e4tzte Lesezeit\" \/>\n\t<meta name=\"twitter:data2\" content=\"2\u00a0Minuten\" \/>\n<script type=\"application\/ld+json\" class=\"yoast-schema-graph\">{\"@context\":\"https:\\\/\\\/schema.org\",\"@graph\":[{\"@type\":\"Article\",\"@id\":\"https:\\\/\\\/radioleinewelle.de\\\/index.php\\\/2024\\\/10\\\/04\\\/reparieren-statt-wegwerfen-vortrag-ueber-den-aufbau-und-die-moeglichkeiten-von-reparier-cafes\\\/#article\",\"isPartOf\":{\"@id\":\"https:\\\/\\\/radioleinewelle.de\\\/index.php\\\/2024\\\/10\\\/04\\\/reparieren-statt-wegwerfen-vortrag-ueber-den-aufbau-und-die-moeglichkeiten-von-reparier-cafes\\\/\"},\"author\":{\"name\":\"Leinewelle\",\"@id\":\"https:\\\/\\\/radioleinewelle.de\\\/#\\\/schema\\\/person\\\/45606f348637df637192dc1b68399a63\"},\"headline\":\"Reparieren statt Wegwerfen &#8211; Vortrag \u00fcber den Aufbau und die M\u00f6glichkeiten von Reparier-Caf\u00e9s\u00a0\",\"datePublished\":\"2024-10-04T10:59:03+00:00\",\"dateModified\":\"2024-10-04T10:59:04+00:00\",\"mainEntityOfPage\":{\"@id\":\"https:\\\/\\\/radioleinewelle.de\\\/index.php\\\/2024\\\/10\\\/04\\\/reparieren-statt-wegwerfen-vortrag-ueber-den-aufbau-und-die-moeglichkeiten-von-reparier-cafes\\\/\"},\"wordCount\":259,\"commentCount\":0,\"publisher\":{\"@id\":\"https:\\\/\\\/radioleinewelle.de\\\/#organization\"},\"image\":{\"@id\":\"https:\\\/\\\/radioleinewelle.de\\\/index.php\\\/2024\\\/10\\\/04\\\/reparieren-statt-wegwerfen-vortrag-ueber-den-aufbau-und-die-moeglichkeiten-von-reparier-cafes\\\/#primaryimage\"},\"thumbnailUrl\":\"https:\\\/\\\/radioleinewelle.de\\\/wp-content\\\/uploads\\\/2024\\\/10\\\/tools-2145775_1280.jpg\",\"articleSection\":[\"Nachhaltigkeit\"],\"inLanguage\":\"de\",\"potentialAction\":[{\"@type\":\"CommentAction\",\"name\":\"Comment\",\"target\":[\"https:\\\/\\\/radioleinewelle.de\\\/index.php\\\/2024\\\/10\\\/04\\\/reparieren-statt-wegwerfen-vortrag-ueber-den-aufbau-und-die-moeglichkeiten-von-reparier-cafes\\\/#respond\"]}]},{\"@type\":\"WebPage\",\"@id\":\"https:\\\/\\\/radioleinewelle.de\\\/index.php\\\/2024\\\/10\\\/04\\\/reparieren-statt-wegwerfen-vortrag-ueber-den-aufbau-und-die-moeglichkeiten-von-reparier-cafes\\\/\",\"url\":\"https:\\\/\\\/radioleinewelle.de\\\/index.php\\\/2024\\\/10\\\/04\\\/reparieren-statt-wegwerfen-vortrag-ueber-den-aufbau-und-die-moeglichkeiten-von-reparier-cafes\\\/\",\"name\":\"Reparieren statt Wegwerfen - Vortrag \u00fcber den Aufbau und die M\u00f6glichkeiten von Reparier-Caf\u00e9s\u00a0 - Radio Leinewelle\",\"isPartOf\":{\"@id\":\"https:\\\/\\\/radioleinewelle.de\\\/#website\"},\"primaryImageOfPage\":{\"@id\":\"https:\\\/\\\/radioleinewelle.de\\\/index.php\\\/2024\\\/10\\\/04\\\/reparieren-statt-wegwerfen-vortrag-ueber-den-aufbau-und-die-moeglichkeiten-von-reparier-cafes\\\/#primaryimage\"},\"image\":{\"@id\":\"https:\\\/\\\/radioleinewelle.de\\\/index.php\\\/2024\\\/10\\\/04\\\/reparieren-statt-wegwerfen-vortrag-ueber-den-aufbau-und-die-moeglichkeiten-von-reparier-cafes\\\/#primaryimage\"},\"thumbnailUrl\":\"https:\\\/\\\/radioleinewelle.de\\\/wp-content\\\/uploads\\\/2024\\\/10\\\/tools-2145775_1280.jpg\",\"datePublished\":\"2024-10-04T10:59:03+00:00\",\"dateModified\":\"2024-10-04T10:59:04+00:00\",\"breadcrumb\":{\"@id\":\"https:\\\/\\\/radioleinewelle.de\\\/index.php\\\/2024\\\/10\\\/04\\\/reparieren-statt-wegwerfen-vortrag-ueber-den-aufbau-und-die-moeglichkeiten-von-reparier-cafes\\\/#breadcrumb\"},\"inLanguage\":\"de\",\"potentialAction\":[{\"@type\":\"ReadAction\",\"target\":[\"https:\\\/\\\/radioleinewelle.de\\\/index.php\\\/2024\\\/10\\\/04\\\/reparieren-statt-wegwerfen-vortrag-ueber-den-aufbau-und-die-moeglichkeiten-von-reparier-cafes\\\/\"]}]},{\"@type\":\"ImageObject\",\"inLanguage\":\"de\",\"@id\":\"https:\\\/\\\/radioleinewelle.de\\\/index.php\\\/2024\\\/10\\\/04\\\/reparieren-statt-wegwerfen-vortrag-ueber-den-aufbau-und-die-moeglichkeiten-von-reparier-cafes\\\/#primaryimage\",\"url\":\"https:\\\/\\\/radioleinewelle.de\\\/wp-content\\\/uploads\\\/2024\\\/10\\\/tools-2145775_1280.jpg\",\"contentUrl\":\"https:\\\/\\\/radioleinewelle.de\\\/wp-content\\\/uploads\\\/2024\\\/10\\\/tools-2145775_1280.jpg\",\"width\":1280,\"height\":1004},{\"@type\":\"BreadcrumbList\",\"@id\":\"https:\\\/\\\/radioleinewelle.de\\\/index.php\\\/2024\\\/10\\\/04\\\/reparieren-statt-wegwerfen-vortrag-ueber-den-aufbau-und-die-moeglichkeiten-von-reparier-cafes\\\/#breadcrumb\",\"itemListElement\":[{\"@type\":\"ListItem\",\"position\":1,\"name\":\"Startseite\",\"item\":\"https:\\\/\\\/radioleinewelle.de\\\/\"},{\"@type\":\"ListItem\",\"position\":2,\"name\":\"Reparieren statt Wegwerfen &#8211; Vortrag \u00fcber den Aufbau und die M\u00f6glichkeiten von Reparier-Caf\u00e9s\u00a0\"}]},{\"@type\":\"WebSite\",\"@id\":\"https:\\\/\\\/radioleinewelle.de\\\/#website\",\"url\":\"https:\\\/\\\/radioleinewelle.de\\\/\",\"name\":\"Radio Leinewelle\",\"description\":\"\",\"publisher\":{\"@id\":\"https:\\\/\\\/radioleinewelle.de\\\/#organization\"},\"potentialAction\":[{\"@type\":\"SearchAction\",\"target\":{\"@type\":\"EntryPoint\",\"urlTemplate\":\"https:\\\/\\\/radioleinewelle.de\\\/?s={search_term_string}\"},\"query-input\":{\"@type\":\"PropertyValueSpecification\",\"valueRequired\":true,\"valueName\":\"search_term_string\"}}],\"inLanguage\":\"de\"},{\"@type\":\"Organization\",\"@id\":\"https:\\\/\\\/radioleinewelle.de\\\/#organization\",\"name\":\"Radio Leinewelle\",\"alternateName\":\"Mein Radio f\u00fcr S\u00fcdniedersachsen\",\"url\":\"https:\\\/\\\/radioleinewelle.de\\\/\",\"logo\":{\"@type\":\"ImageObject\",\"inLanguage\":\"de\",\"@id\":\"https:\\\/\\\/radioleinewelle.de\\\/#\\\/schema\\\/logo\\\/image\\\/\",\"url\":\"https:\\\/\\\/radioleinewelle.de\\\/wp-content\\\/uploads\\\/2023\\\/11\\\/cropped-Leinewelle_Logo_weiss.png\",\"contentUrl\":\"https:\\\/\\\/radioleinewelle.de\\\/wp-content\\\/uploads\\\/2023\\\/11\\\/cropped-Leinewelle_Logo_weiss.png\",\"width\":854,\"height\":260,\"caption\":\"Radio Leinewelle\"},\"image\":{\"@id\":\"https:\\\/\\\/radioleinewelle.de\\\/#\\\/schema\\\/logo\\\/image\\\/\"},\"sameAs\":[\"https:\\\/\\\/www.facebook.com\\\/radioleinewelle\",\"https:\\\/\\\/x.com\\\/RLeinewelle\",\"https:\\\/\\\/www.instagram.com\\\/radioleinewelle\\\/?hl=de\"]},{\"@type\":\"Person\",\"@id\":\"https:\\\/\\\/radioleinewelle.de\\\/#\\\/schema\\\/person\\\/45606f348637df637192dc1b68399a63\",\"name\":\"Leinewelle\",\"image\":{\"@type\":\"ImageObject\",\"inLanguage\":\"de\",\"@id\":\"https:\\\/\\\/secure.gravatar.com\\\/avatar\\\/05c9a17bc973052ee5d91549bd32fb4dd0dc85b7b85ae94b2e2b4943476bbea5?s=96&d=blank&r=g\",\"url\":\"https:\\\/\\\/secure.gravatar.com\\\/avatar\\\/05c9a17bc973052ee5d91549bd32fb4dd0dc85b7b85ae94b2e2b4943476bbea5?s=96&d=blank&r=g\",\"contentUrl\":\"https:\\\/\\\/secure.gravatar.com\\\/avatar\\\/05c9a17bc973052ee5d91549bd32fb4dd0dc85b7b85ae94b2e2b4943476bbea5?s=96&d=blank&r=g\",\"caption\":\"Leinewelle\"},\"sameAs\":[\"http:\\\/\\\/localhost\\\/radio%20leinewelle\\\/wordpress\",\"https:\\\/\\\/www.facebook.com\\\/radioleinewelle\",\"https:\\\/\\\/www.instagram.com\\\/radioleinewelle\",\"https:\\\/\\\/x.com\\\/https:\\\/\\\/twitter.com\\\/RLeinewelle?ref_src=twsrcgoogletwcampserptwgrauthor\",\"https:\\\/\\\/soundcloud.com\\\/foerderverein-lokalradio?utm_source=clipboard&utm_medium=text&utm_campaign=social_sharing\"],\"url\":\"https:\\\/\\\/radioleinewelle.de\\\/index.php\\\/author\\\/leinewelle\\\/\"}]}<\/script>\n<!-- \/ Yoast SEO plugin. -->","yoast_head_json":{"title":"Reparieren statt Wegwerfen - Vortrag \u00fcber den Aufbau und die M\u00f6glichkeiten von Reparier-Caf\u00e9s\u00a0 - Radio Leinewelle","robots":{"index":"index","follow":"follow","max-snippet":"max-snippet:-1","max-image-preview":"max-image-preview:large","max-video-preview":"max-video-preview:-1"},"canonical":"https:\/\/radioleinewelle.de\/index.php\/2024\/10\/04\/reparieren-statt-wegwerfen-vortrag-ueber-den-aufbau-und-die-moeglichkeiten-von-reparier-cafes\/","og_locale":"de_DE","og_type":"article","og_title":"Reparieren statt Wegwerfen - Vortrag \u00fcber den Aufbau und die M\u00f6glichkeiten von Reparier-Caf\u00e9s\u00a0 - Radio Leinewelle","og_description":"Landkreis Kassel. Mehr Nachhaltigkeit beim eigenen Konsumverhalten und Altes erhalten statt Neues zu kaufen: Vor allem in St\u00e4dten erfreuen sich Reparier-Caf\u00e9s wachsender Beliebtheit. So wurde in Kassel beispielsweise vor zehn Jahren das erste Reparier-Caf\u00e9 von Wolfgang Ehle gegr\u00fcndet. Von seinen Erfahrungen, den Zielen und M\u00f6glichkeiten berichtet er am Mittwoch, 9. Oktober, von 18 bis 20 [&hellip;]","og_url":"https:\/\/radioleinewelle.de\/index.php\/2024\/10\/04\/reparieren-statt-wegwerfen-vortrag-ueber-den-aufbau-und-die-moeglichkeiten-von-reparier-cafes\/","og_site_name":"Radio Leinewelle","article_publisher":"https:\/\/www.facebook.com\/radioleinewelle","article_author":"https:\/\/www.facebook.com\/radioleinewelle","article_published_time":"2024-10-04T10:59:03+00:00","article_modified_time":"2024-10-04T10:59:04+00:00","og_image":[{"width":1280,"height":1004,"url":"https:\/\/radioleinewelle.de\/wp-content\/uploads\/2024\/10\/tools-2145775_1280.jpg","type":"image\/jpeg"}],"author":"Leinewelle","twitter_card":"summary_large_image","twitter_creator":"@https:\/\/twitter.com\/RLeinewelle?ref_src=twsrcgoogletwcampserptwgrauthor","twitter_site":"@RLeinewelle","twitter_misc":{"Verfasst von":"Leinewelle","Gesch\u00e4tzte Lesezeit":"2\u00a0Minuten"},"schema":{"@context":"https:\/\/schema.org","@graph":[{"@type":"Article","@id":"https:\/\/radioleinewelle.de\/index.php\/2024\/10\/04\/reparieren-statt-wegwerfen-vortrag-ueber-den-aufbau-und-die-moeglichkeiten-von-reparier-cafes\/#article","isPartOf":{"@id":"https:\/\/radioleinewelle.de\/index.php\/2024\/10\/04\/reparieren-statt-wegwerfen-vortrag-ueber-den-aufbau-und-die-moeglichkeiten-von-reparier-cafes\/"},"author":{"name":"Leinewelle","@id":"https:\/\/radioleinewelle.de\/#\/schema\/person\/45606f348637df637192dc1b68399a63"},"headline":"Reparieren statt Wegwerfen &#8211; Vortrag \u00fcber den Aufbau und die M\u00f6glichkeiten von Reparier-Caf\u00e9s\u00a0","datePublished":"2024-10-04T10:59:03+00:00","dateModified":"2024-10-04T10:59:04+00:00","mainEntityOfPage":{"@id":"https:\/\/radioleinewelle.de\/index.php\/2024\/10\/04\/reparieren-statt-wegwerfen-vortrag-ueber-den-aufbau-und-die-moeglichkeiten-von-reparier-cafes\/"},"wordCount":259,"commentCount":0,"publisher":{"@id":"https:\/\/radioleinewelle.de\/#organization"},"image":{"@id":"https:\/\/radioleinewelle.de\/index.php\/2024\/10\/04\/reparieren-statt-wegwerfen-vortrag-ueber-den-aufbau-und-die-moeglichkeiten-von-reparier-cafes\/#primaryimage"},"thumbnailUrl":"https:\/\/radioleinewelle.de\/wp-content\/uploads\/2024\/10\/tools-2145775_1280.jpg","articleSection":["Nachhaltigkeit"],"inLanguage":"de","potentialAction":[{"@type":"CommentAction","name":"Comment","target":["https:\/\/radioleinewelle.de\/index.php\/2024\/10\/04\/reparieren-statt-wegwerfen-vortrag-ueber-den-aufbau-und-die-moeglichkeiten-von-reparier-cafes\/#respond"]}]},{"@type":"WebPage","@id":"https:\/\/radioleinewelle.de\/index.php\/2024\/10\/04\/reparieren-statt-wegwerfen-vortrag-ueber-den-aufbau-und-die-moeglichkeiten-von-reparier-cafes\/","url":"https:\/\/radioleinewelle.de\/index.php\/2024\/10\/04\/reparieren-statt-wegwerfen-vortrag-ueber-den-aufbau-und-die-moeglichkeiten-von-reparier-cafes\/","name":"Reparieren statt Wegwerfen - Vortrag \u00fcber den Aufbau und die M\u00f6glichkeiten von Reparier-Caf\u00e9s\u00a0 - Radio Leinewelle","isPartOf":{"@id":"https:\/\/radioleinewelle.de\/#website"},"primaryImageOfPage":{"@id":"https:\/\/radioleinewelle.de\/index.php\/2024\/10\/04\/reparieren-statt-wegwerfen-vortrag-ueber-den-aufbau-und-die-moeglichkeiten-von-reparier-cafes\/#primaryimage"},"image":{"@id":"https:\/\/radioleinewelle.de\/index.php\/2024\/10\/04\/reparieren-statt-wegwerfen-vortrag-ueber-den-aufbau-und-die-moeglichkeiten-von-reparier-cafes\/#primaryimage"},"thumbnailUrl":"https:\/\/radioleinewelle.de\/wp-content\/uploads\/2024\/10\/tools-2145775_1280.jpg","datePublished":"2024-10-04T10:59:03+00:00","dateModified":"2024-10-04T10:59:04+00:00","breadcrumb":{"@id":"https:\/\/radioleinewelle.de\/index.php\/2024\/10\/04\/reparieren-statt-wegwerfen-vortrag-ueber-den-aufbau-und-die-moeglichkeiten-von-reparier-cafes\/#breadcrumb"},"inLanguage":"de","potentialAction":[{"@type":"ReadAction","target":["https:\/\/radioleinewelle.de\/index.php\/2024\/10\/04\/reparieren-statt-wegwerfen-vortrag-ueber-den-aufbau-und-die-moeglichkeiten-von-reparier-cafes\/"]}]},{"@type":"ImageObject","inLanguage":"de","@id":"https:\/\/radioleinewelle.de\/index.php\/2024\/10\/04\/reparieren-statt-wegwerfen-vortrag-ueber-den-aufbau-und-die-moeglichkeiten-von-reparier-cafes\/#primaryimage","url":"https:\/\/radioleinewelle.de\/wp-content\/uploads\/2024\/10\/tools-2145775_1280.jpg","contentUrl":"https:\/\/radioleinewelle.de\/wp-content\/uploads\/2024\/10\/tools-2145775_1280.jpg","width":1280,"height":1004},{"@type":"BreadcrumbList","@id":"https:\/\/radioleinewelle.de\/index.php\/2024\/10\/04\/reparieren-statt-wegwerfen-vortrag-ueber-den-aufbau-und-die-moeglichkeiten-von-reparier-cafes\/#breadcrumb","itemListElement":[{"@type":"ListItem","position":1,"name":"Startseite","item":"https:\/\/radioleinewelle.de\/"},{"@type":"ListItem","position":2,"name":"Reparieren statt Wegwerfen &#8211; Vortrag \u00fcber den Aufbau und die M\u00f6glichkeiten von Reparier-Caf\u00e9s\u00a0"}]},{"@type":"WebSite","@id":"https:\/\/radioleinewelle.de\/#website","url":"https:\/\/radioleinewelle.de\/","name":"Radio Leinewelle","description":"","publisher":{"@id":"https:\/\/radioleinewelle.de\/#organization"},"potentialAction":[{"@type":"SearchAction","target":{"@type":"EntryPoint","urlTemplate":"https:\/\/radioleinewelle.de\/?s={search_term_string}"},"query-input":{"@type":"PropertyValueSpecification","valueRequired":true,"valueName":"search_term_string"}}],"inLanguage":"de"},{"@type":"Organization","@id":"https:\/\/radioleinewelle.de\/#organization","name":"Radio Leinewelle","alternateName":"Mein Radio f\u00fcr S\u00fcdniedersachsen","url":"https:\/\/radioleinewelle.de\/","logo":{"@type":"ImageObject","inLanguage":"de","@id":"https:\/\/radioleinewelle.de\/#\/schema\/logo\/image\/","url":"https:\/\/radioleinewelle.de\/wp-content\/uploads\/2023\/11\/cropped-Leinewelle_Logo_weiss.png","contentUrl":"https:\/\/radioleinewelle.de\/wp-content\/uploads\/2023\/11\/cropped-Leinewelle_Logo_weiss.png","width":854,"height":260,"caption":"Radio Leinewelle"},"image":{"@id":"https:\/\/radioleinewelle.de\/#\/schema\/logo\/image\/"},"sameAs":["https:\/\/www.facebook.com\/radioleinewelle","https:\/\/x.com\/RLeinewelle","https:\/\/www.instagram.com\/radioleinewelle\/?hl=de"]},{"@type":"Person","@id":"https:\/\/radioleinewelle.de\/#\/schema\/person\/45606f348637df637192dc1b68399a63","name":"Leinewelle","image":{"@type":"ImageObject","inLanguage":"de","@id":"https:\/\/secure.gravatar.com\/avatar\/05c9a17bc973052ee5d91549bd32fb4dd0dc85b7b85ae94b2e2b4943476bbea5?s=96&d=blank&r=g","url":"https:\/\/secure.gravatar.com\/avatar\/05c9a17bc973052ee5d91549bd32fb4dd0dc85b7b85ae94b2e2b4943476bbea5?s=96&d=blank&r=g","contentUrl":"https:\/\/secure.gravatar.com\/avatar\/05c9a17bc973052ee5d91549bd32fb4dd0dc85b7b85ae94b2e2b4943476bbea5?s=96&d=blank&r=g","caption":"Leinewelle"},"sameAs":["http:\/\/localhost\/radio%20leinewelle\/wordpress","https:\/\/www.facebook.com\/radioleinewelle","https:\/\/www.instagram.com\/radioleinewelle","https:\/\/x.com\/https:\/\/twitter.com\/RLeinewelle?ref_src=twsrcgoogletwcampserptwgrauthor","https:\/\/soundcloud.com\/foerderverein-lokalradio?utm_source=clipboard&utm_medium=text&utm_campaign=social_sharing"],"url":"https:\/\/radioleinewelle.de\/index.php\/author\/leinewelle\/"}]}},"_links":{"self":[{"href":"https:\/\/radioleinewelle.de\/index.php\/wp-json\/wp\/v2\/posts\/26311","targetHints":{"allow":["GET"]}}],"collection":[{"href":"https:\/\/radioleinewelle.de\/index.php\/wp-json\/wp\/v2\/posts"}],"about":[{"href":"https:\/\/radioleinewelle.de\/index.php\/wp-json\/wp\/v2\/types\/post"}],"author":[{"embeddable":true,"href":"https:\/\/radioleinewelle.de\/index.php\/wp-json\/wp\/v2\/users\/1"}],"replies":[{"embeddable":true,"href":"https:\/\/radioleinewelle.de\/index.php\/wp-json\/wp\/v2\/comments?post=26311"}],"version-history":[{"count":6,"href":"https:\/\/radioleinewelle.de\/index.php\/wp-json\/wp\/v2\/posts\/26311\/revisions"}],"predecessor-version":[{"id":26321,"href":"https:\/\/radioleinewelle.de\/index.php\/wp-json\/wp\/v2\/posts\/26311\/revisions\/26321"}],"wp:featuredmedia":[{"embeddable":true,"href":"https:\/\/radioleinewelle.de\/index.php\/wp-json\/wp\/v2\/media\/26315"}],"wp:attachment":[{"href":"https:\/\/radioleinewelle.de\/index.php\/wp-json\/wp\/v2\/media?parent=26311"}],"wp:term":[{"taxonomy":"category","embeddable":true,"href":"https:\/\/radioleinewelle.de\/index.php\/wp-json\/wp\/v2\/categories?post=26311"},{"taxonomy":"post_tag","embeddable":true,"href":"https:\/\/radioleinewelle.de\/index.php\/wp-json\/wp\/v2\/tags?post=26311"}],"curies":[{"name":"wp","href":"https:\/\/api.w.org\/{rel}","templated":true}]}}