{"id":26351,"date":"2024-10-08T11:08:43","date_gmt":"2024-10-08T09:08:43","guid":{"rendered":"https:\/\/radioleinewelle.de\/?p=26351"},"modified":"2024-10-08T11:08:44","modified_gmt":"2024-10-08T09:08:44","slug":"kundgebung-zum-gedenken-an-die-opfer-des-07-oktober-in-israel","status":"publish","type":"post","link":"https:\/\/radioleinewelle.de\/index.php\/2024\/10\/08\/kundgebung-zum-gedenken-an-die-opfer-des-07-oktober-in-israel\/","title":{"rendered":"Kundgebung zum Gedenken an die Opfer des 07. Oktober in Israel"},"content":{"rendered":"\n<p>Am fr\u00fchen Morgen des 07. Oktober 2023 \u00fcberfielen Terrorgruppen der Hamas in Israel Kibuzzim, St\u00e4dte und das elektronische Musikfestival Nova. W\u00e4hrend der von der Hamas so bezeichneten &#8222;Al-Aksa-Flut&#8220; wurden wahllos mehr als 1.200 Israelis ermordet und \u00fcber 200 Geiseln genommen und in den Gaza Streifen verschleppt. Es handelt sich um das gr\u00f6\u00dfte Pogrom an Juden seit dem Holocaust. Auf dem Marktplatz vor dem Alten Rathaus gedachten gestern Abend ca. 350 G\u00f6ttinger*innen der Opfer und der immer noch verschleppten Geiseln. Er\u00f6ffnet wurde die Gedenkveranstaltung mit der israelischen Nationalhymne und dem Entz\u00fcnden von Kerzen f\u00fcr die Opfer. Mehrere Redner*innen bekundeten ihre Solidarit\u00e4t mit Israel und erinnerten an die besondere Verantwortung Deutschlands. <br><\/p>\n\n\n\n\n\n\n\n\n\n<p>Die Landtagsabgeordnete der Gr\u00fcnen Marie Kollenrott wies  auch auf das Kriegsleid der Pal\u00e4stinenser hin und forderte dazu auf, sich gegen jede Form von Hass zu engagieren. Nach dem &#8222;Kaddisch&#8220; Gebet endete die Veranstaltung. Am Rand des Rathausmarkts gab es stille Proteste von Gegendemonstranten die pal\u00e4stinensische und libanesische Flaggen schwenkten und Transparente hochhielten.\u00a0\u00a0Ausz\u00fcge aus den Reden und einen ausf\u00fchrlichen Bericht \u00fcber die Veranstaltung bringen wir am Freitag in unserer Sendung &#8222;Die Woche kompakt&#8220; um 17:35 Uhr.<\/p>\n\n\n\n<p><strong>Fotos:<\/strong> \u00a9Radio Leinewelle (ue)<br><\/p>\n\n\n\n<p><br><\/p>\n","protected":false},"excerpt":{"rendered":"<p>Am fr\u00fchen Morgen des 07. Oktober 2023 \u00fcberfielen Terrorgruppen der Hamas in Israel Kibuzzim, St\u00e4dte und das elektronische Musikfestival Nova. W\u00e4hrend der von der Hamas so bezeichneten &#8222;Al-Aksa-Flut&#8220; wurden wahllos mehr als 1.200 Israelis ermordet und \u00fcber 200 Geiseln genommen und in den Gaza Streifen verschleppt. Es handelt sich um das gr\u00f6\u00dfte Pogrom an Juden [&hellip;]<\/p>\n","protected":false},"author":1,"featured_media":26355,"comment_status":"open","ping_status":"open","sticky":true,"template":"","format":"standard","meta":{"saved_in_kubio":false,"footnotes":""},"categories":[2081,53],"tags":[],"class_list":["post-26351","post","type-post","status-publish","format-standard","has-post-thumbnail","hentry","category-geschichte-und-erinnerungskutur","category-gesellschaft"],"yoast_head":"<!-- This site is optimized with the Yoast SEO plugin v27.5 - https:\/\/yoast.com\/product\/yoast-seo-wordpress\/ -->\n<title>Kundgebung zum Gedenken an die Opfer des 07. Oktober in Israel - Radio Leinewelle<\/title>\n<meta name=\"robots\" content=\"index, follow, max-snippet:-1, max-image-preview:large, max-video-preview:-1\" \/>\n<link rel=\"canonical\" href=\"https:\/\/radioleinewelle.de\/index.php\/2024\/10\/08\/kundgebung-zum-gedenken-an-die-opfer-des-07-oktober-in-israel\/\" \/>\n<meta property=\"og:locale\" content=\"de_DE\" \/>\n<meta property=\"og:type\" content=\"article\" \/>\n<meta property=\"og:title\" content=\"Kundgebung zum Gedenken an die Opfer des 07. Oktober in Israel - Radio Leinewelle\" \/>\n<meta property=\"og:description\" content=\"Am fr\u00fchen Morgen des 07. Oktober 2023 \u00fcberfielen Terrorgruppen der Hamas in Israel Kibuzzim, St\u00e4dte und das elektronische Musikfestival Nova. W\u00e4hrend der von der Hamas so bezeichneten &#8222;Al-Aksa-Flut&#8220; wurden wahllos mehr als 1.200 Israelis ermordet und \u00fcber 200 Geiseln genommen und in den Gaza Streifen verschleppt. Es handelt sich um das gr\u00f6\u00dfte Pogrom an Juden [&hellip;]\" \/>\n<meta property=\"og:url\" content=\"https:\/\/radioleinewelle.de\/index.php\/2024\/10\/08\/kundgebung-zum-gedenken-an-die-opfer-des-07-oktober-in-israel\/\" \/>\n<meta property=\"og:site_name\" content=\"Radio Leinewelle\" \/>\n<meta property=\"article:publisher\" content=\"https:\/\/www.facebook.com\/radioleinewelle\" \/>\n<meta property=\"article:author\" content=\"https:\/\/www.facebook.com\/radioleinewelle\" \/>\n<meta property=\"article:published_time\" content=\"2024-10-08T09:08:43+00:00\" \/>\n<meta property=\"article:modified_time\" content=\"2024-10-08T09:08:44+00:00\" \/>\n<meta property=\"og:image\" content=\"https:\/\/radioleinewelle.de\/wp-content\/uploads\/2024\/10\/Gedenken-07.10.-II-1024x768.jpg\" \/>\n\t<meta property=\"og:image:width\" content=\"1024\" \/>\n\t<meta property=\"og:image:height\" content=\"768\" \/>\n\t<meta property=\"og:image:type\" content=\"image\/jpeg\" \/>\n<meta name=\"author\" content=\"Leinewelle\" \/>\n<meta name=\"twitter:card\" content=\"summary_large_image\" \/>\n<meta name=\"twitter:creator\" content=\"@https:\/\/twitter.com\/RLeinewelle?ref_src=twsrcgoogletwcampserptwgrauthor\" \/>\n<meta name=\"twitter:site\" content=\"@RLeinewelle\" \/>\n<meta name=\"twitter:label1\" content=\"Verfasst von\" \/>\n\t<meta name=\"twitter:data1\" content=\"Leinewelle\" \/>\n\t<meta name=\"twitter:label2\" content=\"Gesch\u00e4tzte Lesezeit\" \/>\n\t<meta name=\"twitter:data2\" content=\"2\u00a0Minuten\" \/>\n<script type=\"application\/ld+json\" class=\"yoast-schema-graph\">{\"@context\":\"https:\\\/\\\/schema.org\",\"@graph\":[{\"@type\":\"Article\",\"@id\":\"https:\\\/\\\/radioleinewelle.de\\\/index.php\\\/2024\\\/10\\\/08\\\/kundgebung-zum-gedenken-an-die-opfer-des-07-oktober-in-israel\\\/#article\",\"isPartOf\":{\"@id\":\"https:\\\/\\\/radioleinewelle.de\\\/index.php\\\/2024\\\/10\\\/08\\\/kundgebung-zum-gedenken-an-die-opfer-des-07-oktober-in-israel\\\/\"},\"author\":{\"name\":\"Leinewelle\",\"@id\":\"https:\\\/\\\/radioleinewelle.de\\\/#\\\/schema\\\/person\\\/45606f348637df637192dc1b68399a63\"},\"headline\":\"Kundgebung zum Gedenken an die Opfer des 07. Oktober in Israel\",\"datePublished\":\"2024-10-08T09:08:43+00:00\",\"dateModified\":\"2024-10-08T09:08:44+00:00\",\"mainEntityOfPage\":{\"@id\":\"https:\\\/\\\/radioleinewelle.de\\\/index.php\\\/2024\\\/10\\\/08\\\/kundgebung-zum-gedenken-an-die-opfer-des-07-oktober-in-israel\\\/\"},\"wordCount\":209,\"commentCount\":0,\"publisher\":{\"@id\":\"https:\\\/\\\/radioleinewelle.de\\\/#organization\"},\"image\":{\"@id\":\"https:\\\/\\\/radioleinewelle.de\\\/index.php\\\/2024\\\/10\\\/08\\\/kundgebung-zum-gedenken-an-die-opfer-des-07-oktober-in-israel\\\/#primaryimage\"},\"thumbnailUrl\":\"https:\\\/\\\/radioleinewelle.de\\\/wp-content\\\/uploads\\\/2024\\\/10\\\/Gedenken-07.10.-II.jpg\",\"articleSection\":[\"Geschichte und Erinnerungskutur\",\"Gesellschaft\"],\"inLanguage\":\"de\",\"potentialAction\":[{\"@type\":\"CommentAction\",\"name\":\"Comment\",\"target\":[\"https:\\\/\\\/radioleinewelle.de\\\/index.php\\\/2024\\\/10\\\/08\\\/kundgebung-zum-gedenken-an-die-opfer-des-07-oktober-in-israel\\\/#respond\"]}]},{\"@type\":\"WebPage\",\"@id\":\"https:\\\/\\\/radioleinewelle.de\\\/index.php\\\/2024\\\/10\\\/08\\\/kundgebung-zum-gedenken-an-die-opfer-des-07-oktober-in-israel\\\/\",\"url\":\"https:\\\/\\\/radioleinewelle.de\\\/index.php\\\/2024\\\/10\\\/08\\\/kundgebung-zum-gedenken-an-die-opfer-des-07-oktober-in-israel\\\/\",\"name\":\"Kundgebung zum Gedenken an die Opfer des 07. Oktober in Israel - Radio Leinewelle\",\"isPartOf\":{\"@id\":\"https:\\\/\\\/radioleinewelle.de\\\/#website\"},\"primaryImageOfPage\":{\"@id\":\"https:\\\/\\\/radioleinewelle.de\\\/index.php\\\/2024\\\/10\\\/08\\\/kundgebung-zum-gedenken-an-die-opfer-des-07-oktober-in-israel\\\/#primaryimage\"},\"image\":{\"@id\":\"https:\\\/\\\/radioleinewelle.de\\\/index.php\\\/2024\\\/10\\\/08\\\/kundgebung-zum-gedenken-an-die-opfer-des-07-oktober-in-israel\\\/#primaryimage\"},\"thumbnailUrl\":\"https:\\\/\\\/radioleinewelle.de\\\/wp-content\\\/uploads\\\/2024\\\/10\\\/Gedenken-07.10.-II.jpg\",\"datePublished\":\"2024-10-08T09:08:43+00:00\",\"dateModified\":\"2024-10-08T09:08:44+00:00\",\"breadcrumb\":{\"@id\":\"https:\\\/\\\/radioleinewelle.de\\\/index.php\\\/2024\\\/10\\\/08\\\/kundgebung-zum-gedenken-an-die-opfer-des-07-oktober-in-israel\\\/#breadcrumb\"},\"inLanguage\":\"de\",\"potentialAction\":[{\"@type\":\"ReadAction\",\"target\":[\"https:\\\/\\\/radioleinewelle.de\\\/index.php\\\/2024\\\/10\\\/08\\\/kundgebung-zum-gedenken-an-die-opfer-des-07-oktober-in-israel\\\/\"]}]},{\"@type\":\"ImageObject\",\"inLanguage\":\"de\",\"@id\":\"https:\\\/\\\/radioleinewelle.de\\\/index.php\\\/2024\\\/10\\\/08\\\/kundgebung-zum-gedenken-an-die-opfer-des-07-oktober-in-israel\\\/#primaryimage\",\"url\":\"https:\\\/\\\/radioleinewelle.de\\\/wp-content\\\/uploads\\\/2024\\\/10\\\/Gedenken-07.10.-II.jpg\",\"contentUrl\":\"https:\\\/\\\/radioleinewelle.de\\\/wp-content\\\/uploads\\\/2024\\\/10\\\/Gedenken-07.10.-II.jpg\",\"width\":2016,\"height\":1512},{\"@type\":\"BreadcrumbList\",\"@id\":\"https:\\\/\\\/radioleinewelle.de\\\/index.php\\\/2024\\\/10\\\/08\\\/kundgebung-zum-gedenken-an-die-opfer-des-07-oktober-in-israel\\\/#breadcrumb\",\"itemListElement\":[{\"@type\":\"ListItem\",\"position\":1,\"name\":\"Startseite\",\"item\":\"https:\\\/\\\/radioleinewelle.de\\\/\"},{\"@type\":\"ListItem\",\"position\":2,\"name\":\"Kundgebung zum Gedenken an die Opfer des 07. Oktober in Israel\"}]},{\"@type\":\"WebSite\",\"@id\":\"https:\\\/\\\/radioleinewelle.de\\\/#website\",\"url\":\"https:\\\/\\\/radioleinewelle.de\\\/\",\"name\":\"Radio Leinewelle\",\"description\":\"\",\"publisher\":{\"@id\":\"https:\\\/\\\/radioleinewelle.de\\\/#organization\"},\"potentialAction\":[{\"@type\":\"SearchAction\",\"target\":{\"@type\":\"EntryPoint\",\"urlTemplate\":\"https:\\\/\\\/radioleinewelle.de\\\/?s={search_term_string}\"},\"query-input\":{\"@type\":\"PropertyValueSpecification\",\"valueRequired\":true,\"valueName\":\"search_term_string\"}}],\"inLanguage\":\"de\"},{\"@type\":\"Organization\",\"@id\":\"https:\\\/\\\/radioleinewelle.de\\\/#organization\",\"name\":\"Radio Leinewelle\",\"alternateName\":\"Mein Radio f\u00fcr S\u00fcdniedersachsen\",\"url\":\"https:\\\/\\\/radioleinewelle.de\\\/\",\"logo\":{\"@type\":\"ImageObject\",\"inLanguage\":\"de\",\"@id\":\"https:\\\/\\\/radioleinewelle.de\\\/#\\\/schema\\\/logo\\\/image\\\/\",\"url\":\"https:\\\/\\\/radioleinewelle.de\\\/wp-content\\\/uploads\\\/2023\\\/11\\\/cropped-Leinewelle_Logo_weiss.png\",\"contentUrl\":\"https:\\\/\\\/radioleinewelle.de\\\/wp-content\\\/uploads\\\/2023\\\/11\\\/cropped-Leinewelle_Logo_weiss.png\",\"width\":854,\"height\":260,\"caption\":\"Radio Leinewelle\"},\"image\":{\"@id\":\"https:\\\/\\\/radioleinewelle.de\\\/#\\\/schema\\\/logo\\\/image\\\/\"},\"sameAs\":[\"https:\\\/\\\/www.facebook.com\\\/radioleinewelle\",\"https:\\\/\\\/x.com\\\/RLeinewelle\",\"https:\\\/\\\/www.instagram.com\\\/radioleinewelle\\\/?hl=de\"]},{\"@type\":\"Person\",\"@id\":\"https:\\\/\\\/radioleinewelle.de\\\/#\\\/schema\\\/person\\\/45606f348637df637192dc1b68399a63\",\"name\":\"Leinewelle\",\"image\":{\"@type\":\"ImageObject\",\"inLanguage\":\"de\",\"@id\":\"https:\\\/\\\/secure.gravatar.com\\\/avatar\\\/05c9a17bc973052ee5d91549bd32fb4dd0dc85b7b85ae94b2e2b4943476bbea5?s=96&d=blank&r=g\",\"url\":\"https:\\\/\\\/secure.gravatar.com\\\/avatar\\\/05c9a17bc973052ee5d91549bd32fb4dd0dc85b7b85ae94b2e2b4943476bbea5?s=96&d=blank&r=g\",\"contentUrl\":\"https:\\\/\\\/secure.gravatar.com\\\/avatar\\\/05c9a17bc973052ee5d91549bd32fb4dd0dc85b7b85ae94b2e2b4943476bbea5?s=96&d=blank&r=g\",\"caption\":\"Leinewelle\"},\"sameAs\":[\"http:\\\/\\\/localhost\\\/radio%20leinewelle\\\/wordpress\",\"https:\\\/\\\/www.facebook.com\\\/radioleinewelle\",\"https:\\\/\\\/www.instagram.com\\\/radioleinewelle\",\"https:\\\/\\\/x.com\\\/https:\\\/\\\/twitter.com\\\/RLeinewelle?ref_src=twsrcgoogletwcampserptwgrauthor\",\"https:\\\/\\\/soundcloud.com\\\/foerderverein-lokalradio?utm_source=clipboard&utm_medium=text&utm_campaign=social_sharing\"],\"url\":\"https:\\\/\\\/radioleinewelle.de\\\/index.php\\\/author\\\/leinewelle\\\/\"}]}<\/script>\n<!-- \/ Yoast SEO plugin. -->","yoast_head_json":{"title":"Kundgebung zum Gedenken an die Opfer des 07. Oktober in Israel - Radio Leinewelle","robots":{"index":"index","follow":"follow","max-snippet":"max-snippet:-1","max-image-preview":"max-image-preview:large","max-video-preview":"max-video-preview:-1"},"canonical":"https:\/\/radioleinewelle.de\/index.php\/2024\/10\/08\/kundgebung-zum-gedenken-an-die-opfer-des-07-oktober-in-israel\/","og_locale":"de_DE","og_type":"article","og_title":"Kundgebung zum Gedenken an die Opfer des 07. Oktober in Israel - Radio Leinewelle","og_description":"Am fr\u00fchen Morgen des 07. Oktober 2023 \u00fcberfielen Terrorgruppen der Hamas in Israel Kibuzzim, St\u00e4dte und das elektronische Musikfestival Nova. W\u00e4hrend der von der Hamas so bezeichneten &#8222;Al-Aksa-Flut&#8220; wurden wahllos mehr als 1.200 Israelis ermordet und \u00fcber 200 Geiseln genommen und in den Gaza Streifen verschleppt. Es handelt sich um das gr\u00f6\u00dfte Pogrom an Juden [&hellip;]","og_url":"https:\/\/radioleinewelle.de\/index.php\/2024\/10\/08\/kundgebung-zum-gedenken-an-die-opfer-des-07-oktober-in-israel\/","og_site_name":"Radio Leinewelle","article_publisher":"https:\/\/www.facebook.com\/radioleinewelle","article_author":"https:\/\/www.facebook.com\/radioleinewelle","article_published_time":"2024-10-08T09:08:43+00:00","article_modified_time":"2024-10-08T09:08:44+00:00","og_image":[{"width":1024,"height":768,"url":"https:\/\/radioleinewelle.de\/wp-content\/uploads\/2024\/10\/Gedenken-07.10.-II-1024x768.jpg","type":"image\/jpeg"}],"author":"Leinewelle","twitter_card":"summary_large_image","twitter_creator":"@https:\/\/twitter.com\/RLeinewelle?ref_src=twsrcgoogletwcampserptwgrauthor","twitter_site":"@RLeinewelle","twitter_misc":{"Verfasst von":"Leinewelle","Gesch\u00e4tzte Lesezeit":"2\u00a0Minuten"},"schema":{"@context":"https:\/\/schema.org","@graph":[{"@type":"Article","@id":"https:\/\/radioleinewelle.de\/index.php\/2024\/10\/08\/kundgebung-zum-gedenken-an-die-opfer-des-07-oktober-in-israel\/#article","isPartOf":{"@id":"https:\/\/radioleinewelle.de\/index.php\/2024\/10\/08\/kundgebung-zum-gedenken-an-die-opfer-des-07-oktober-in-israel\/"},"author":{"name":"Leinewelle","@id":"https:\/\/radioleinewelle.de\/#\/schema\/person\/45606f348637df637192dc1b68399a63"},"headline":"Kundgebung zum Gedenken an die Opfer des 07. Oktober in Israel","datePublished":"2024-10-08T09:08:43+00:00","dateModified":"2024-10-08T09:08:44+00:00","mainEntityOfPage":{"@id":"https:\/\/radioleinewelle.de\/index.php\/2024\/10\/08\/kundgebung-zum-gedenken-an-die-opfer-des-07-oktober-in-israel\/"},"wordCount":209,"commentCount":0,"publisher":{"@id":"https:\/\/radioleinewelle.de\/#organization"},"image":{"@id":"https:\/\/radioleinewelle.de\/index.php\/2024\/10\/08\/kundgebung-zum-gedenken-an-die-opfer-des-07-oktober-in-israel\/#primaryimage"},"thumbnailUrl":"https:\/\/radioleinewelle.de\/wp-content\/uploads\/2024\/10\/Gedenken-07.10.-II.jpg","articleSection":["Geschichte und Erinnerungskutur","Gesellschaft"],"inLanguage":"de","potentialAction":[{"@type":"CommentAction","name":"Comment","target":["https:\/\/radioleinewelle.de\/index.php\/2024\/10\/08\/kundgebung-zum-gedenken-an-die-opfer-des-07-oktober-in-israel\/#respond"]}]},{"@type":"WebPage","@id":"https:\/\/radioleinewelle.de\/index.php\/2024\/10\/08\/kundgebung-zum-gedenken-an-die-opfer-des-07-oktober-in-israel\/","url":"https:\/\/radioleinewelle.de\/index.php\/2024\/10\/08\/kundgebung-zum-gedenken-an-die-opfer-des-07-oktober-in-israel\/","name":"Kundgebung zum Gedenken an die Opfer des 07. Oktober in Israel - Radio Leinewelle","isPartOf":{"@id":"https:\/\/radioleinewelle.de\/#website"},"primaryImageOfPage":{"@id":"https:\/\/radioleinewelle.de\/index.php\/2024\/10\/08\/kundgebung-zum-gedenken-an-die-opfer-des-07-oktober-in-israel\/#primaryimage"},"image":{"@id":"https:\/\/radioleinewelle.de\/index.php\/2024\/10\/08\/kundgebung-zum-gedenken-an-die-opfer-des-07-oktober-in-israel\/#primaryimage"},"thumbnailUrl":"https:\/\/radioleinewelle.de\/wp-content\/uploads\/2024\/10\/Gedenken-07.10.-II.jpg","datePublished":"2024-10-08T09:08:43+00:00","dateModified":"2024-10-08T09:08:44+00:00","breadcrumb":{"@id":"https:\/\/radioleinewelle.de\/index.php\/2024\/10\/08\/kundgebung-zum-gedenken-an-die-opfer-des-07-oktober-in-israel\/#breadcrumb"},"inLanguage":"de","potentialAction":[{"@type":"ReadAction","target":["https:\/\/radioleinewelle.de\/index.php\/2024\/10\/08\/kundgebung-zum-gedenken-an-die-opfer-des-07-oktober-in-israel\/"]}]},{"@type":"ImageObject","inLanguage":"de","@id":"https:\/\/radioleinewelle.de\/index.php\/2024\/10\/08\/kundgebung-zum-gedenken-an-die-opfer-des-07-oktober-in-israel\/#primaryimage","url":"https:\/\/radioleinewelle.de\/wp-content\/uploads\/2024\/10\/Gedenken-07.10.-II.jpg","contentUrl":"https:\/\/radioleinewelle.de\/wp-content\/uploads\/2024\/10\/Gedenken-07.10.-II.jpg","width":2016,"height":1512},{"@type":"BreadcrumbList","@id":"https:\/\/radioleinewelle.de\/index.php\/2024\/10\/08\/kundgebung-zum-gedenken-an-die-opfer-des-07-oktober-in-israel\/#breadcrumb","itemListElement":[{"@type":"ListItem","position":1,"name":"Startseite","item":"https:\/\/radioleinewelle.de\/"},{"@type":"ListItem","position":2,"name":"Kundgebung zum Gedenken an die Opfer des 07. Oktober in Israel"}]},{"@type":"WebSite","@id":"https:\/\/radioleinewelle.de\/#website","url":"https:\/\/radioleinewelle.de\/","name":"Radio Leinewelle","description":"","publisher":{"@id":"https:\/\/radioleinewelle.de\/#organization"},"potentialAction":[{"@type":"SearchAction","target":{"@type":"EntryPoint","urlTemplate":"https:\/\/radioleinewelle.de\/?s={search_term_string}"},"query-input":{"@type":"PropertyValueSpecification","valueRequired":true,"valueName":"search_term_string"}}],"inLanguage":"de"},{"@type":"Organization","@id":"https:\/\/radioleinewelle.de\/#organization","name":"Radio Leinewelle","alternateName":"Mein Radio f\u00fcr S\u00fcdniedersachsen","url":"https:\/\/radioleinewelle.de\/","logo":{"@type":"ImageObject","inLanguage":"de","@id":"https:\/\/radioleinewelle.de\/#\/schema\/logo\/image\/","url":"https:\/\/radioleinewelle.de\/wp-content\/uploads\/2023\/11\/cropped-Leinewelle_Logo_weiss.png","contentUrl":"https:\/\/radioleinewelle.de\/wp-content\/uploads\/2023\/11\/cropped-Leinewelle_Logo_weiss.png","width":854,"height":260,"caption":"Radio Leinewelle"},"image":{"@id":"https:\/\/radioleinewelle.de\/#\/schema\/logo\/image\/"},"sameAs":["https:\/\/www.facebook.com\/radioleinewelle","https:\/\/x.com\/RLeinewelle","https:\/\/www.instagram.com\/radioleinewelle\/?hl=de"]},{"@type":"Person","@id":"https:\/\/radioleinewelle.de\/#\/schema\/person\/45606f348637df637192dc1b68399a63","name":"Leinewelle","image":{"@type":"ImageObject","inLanguage":"de","@id":"https:\/\/secure.gravatar.com\/avatar\/05c9a17bc973052ee5d91549bd32fb4dd0dc85b7b85ae94b2e2b4943476bbea5?s=96&d=blank&r=g","url":"https:\/\/secure.gravatar.com\/avatar\/05c9a17bc973052ee5d91549bd32fb4dd0dc85b7b85ae94b2e2b4943476bbea5?s=96&d=blank&r=g","contentUrl":"https:\/\/secure.gravatar.com\/avatar\/05c9a17bc973052ee5d91549bd32fb4dd0dc85b7b85ae94b2e2b4943476bbea5?s=96&d=blank&r=g","caption":"Leinewelle"},"sameAs":["http:\/\/localhost\/radio%20leinewelle\/wordpress","https:\/\/www.facebook.com\/radioleinewelle","https:\/\/www.instagram.com\/radioleinewelle","https:\/\/x.com\/https:\/\/twitter.com\/RLeinewelle?ref_src=twsrcgoogletwcampserptwgrauthor","https:\/\/soundcloud.com\/foerderverein-lokalradio?utm_source=clipboard&utm_medium=text&utm_campaign=social_sharing"],"url":"https:\/\/radioleinewelle.de\/index.php\/author\/leinewelle\/"}]}},"_links":{"self":[{"href":"https:\/\/radioleinewelle.de\/index.php\/wp-json\/wp\/v2\/posts\/26351","targetHints":{"allow":["GET"]}}],"collection":[{"href":"https:\/\/radioleinewelle.de\/index.php\/wp-json\/wp\/v2\/posts"}],"about":[{"href":"https:\/\/radioleinewelle.de\/index.php\/wp-json\/wp\/v2\/types\/post"}],"author":[{"embeddable":true,"href":"https:\/\/radioleinewelle.de\/index.php\/wp-json\/wp\/v2\/users\/1"}],"replies":[{"embeddable":true,"href":"https:\/\/radioleinewelle.de\/index.php\/wp-json\/wp\/v2\/comments?post=26351"}],"version-history":[{"count":8,"href":"https:\/\/radioleinewelle.de\/index.php\/wp-json\/wp\/v2\/posts\/26351\/revisions"}],"predecessor-version":[{"id":26365,"href":"https:\/\/radioleinewelle.de\/index.php\/wp-json\/wp\/v2\/posts\/26351\/revisions\/26365"}],"wp:featuredmedia":[{"embeddable":true,"href":"https:\/\/radioleinewelle.de\/index.php\/wp-json\/wp\/v2\/media\/26355"}],"wp:attachment":[{"href":"https:\/\/radioleinewelle.de\/index.php\/wp-json\/wp\/v2\/media?parent=26351"}],"wp:term":[{"taxonomy":"category","embeddable":true,"href":"https:\/\/radioleinewelle.de\/index.php\/wp-json\/wp\/v2\/categories?post=26351"},{"taxonomy":"post_tag","embeddable":true,"href":"https:\/\/radioleinewelle.de\/index.php\/wp-json\/wp\/v2\/tags?post=26351"}],"curies":[{"name":"wp","href":"https:\/\/api.w.org\/{rel}","templated":true}]}}