{"id":26383,"date":"2024-11-14T18:20:00","date_gmt":"2024-11-14T17:20:00","guid":{"rendered":"https:\/\/radioleinewelle.de\/?p=26383"},"modified":"2024-11-14T18:21:45","modified_gmt":"2024-11-14T17:21:45","slug":"hardrock-legende-nazareth-kommt-nach-goettingen","status":"publish","type":"post","link":"https:\/\/radioleinewelle.de\/index.php\/2024\/11\/14\/hardrock-legende-nazareth-kommt-nach-goettingen\/","title":{"rendered":"Hardrock Legende Nazareth in G\u00f6ttingen &#8211; es gibt noch Karten bei den Stehpl\u00e4tzen"},"content":{"rendered":"\n<p><\/p>\n\n\n\n<p>Alle Sitzpl\u00e4tze beim Konzert von Nazareth in der G\u00f6ttinger Stadthalle sind ausverkauft. Allerdings gibt es noch Stehpl\u00e4tze f\u00fcr das Konzert zum Preis von 45,90\u20ac. Und zwar im Vorverkauf unter: <a href=\"https:\/\/depro-konzerte.reservix.de\/p\/reservix\/event\/2241613\">https:\/\/depro-konzerte.reservix.de\/p\/reservix\/event\/2241613<\/a> sowie an der Abendkasse.<\/p>\n\n\n\n<p>Sie z\u00e4hlen zur ersten Generation der Hard &amp; Heavy Bands und pr\u00e4gten nach ihrer Gr\u00fcndung 1968 gemeinsam mit Bands wie Led Zeppelin, Deep Purple, Uriah Heep und Black Sabbath ganz ma\u00dfgeblich die Stilrichtung des harten Rock. Mit mehr als 60 Millionen verkauften Tontr\u00e4gern, sind sie (neben den Simple Minds) die erfolgreichste Rockband Schottlands aller Zeiten. <br>Wenn die Rock-Legenden erneut auf europ\u00e4ische St\u00e4dte zurollen, um auf ihrer Full Steam Ahead Tournee Klassiker wie \u201eThis Flight Tonight\u201c, \u201eExpect No Mercy\u201c, \u201eHair Of The Dog\u201c, \u201eDream On\u201c oder \u201eLove Hurts\u201c zu rocken, dann werden wir nicht nur in die gute, alte Zeit der wilden 70er Jahre zur\u00fcck entf\u00fchrt, sondern erleben eine Band hautnah,die nach \u00fcber 55 Jahren noch vor Spielfreude strotzt und bestens f\u00fcr die Zukunft ger\u00fcstet ist. Nazareth ist eine der wenigen Bands aus der Anfangszeit des Hardrocks, die es bis heute geschafft haben sich im harten Music-Bizz zu behaupten und ihre Originalit\u00e4t zu bewahren. Mit dem neuen Tour-Motto \u201evolle Kraft voraus\u201c geben sie unmissverst\u00e4ndlich die Richtung vor: die Fans d\u00fcrfen sich auf alle Hits und knackigen Power-Rock vom Feinsten freuen!<br><br><strong>Am 27.11.2024 kommen sie auf ihrer Tournee nach G\u00f6ttingen in die Stadthalle.<br><\/strong><br>In den mehr als 55 Jahren ihrer Karriere, waren Nazareth immer eine echte Live-Band. Nach der erzwungenen Pandemie-Pause ist es f\u00fcr die Band umso bedeutender, endlich wieder gemeinsam mit ihren Fans feiern zu k\u00f6nnen, zumal sie die \u201eLive-Abstinenz\u201c erfolgreich nutzen konnten, um ihr 25. Studioalbum \u201eSurviving The Law\u201c zu produzieren. <br><br><strong>Nazareth \u2013 eine Erfolgsgeschichte<\/strong><br>Nazareth gilt zweifellos als die bedeutendste Rockband aus Schottland. Sie waren die Pioniere, die schottischen Rock international bekannt machten und den Weg f\u00fcr die vielen anderen gro\u00dfartigen schottischen Bands ebneten wie Big Country, Simple Minds und viele mehr. <br>Von 1971 bis heute hat Nazareth 25 Studioalben aufgenommen und mehrere Live-Platten ver\u00f6ffentlicht. Die Band erhielt daf\u00fcr diverse Platin-, Gold- und Silber- Auszeichnungen in der ganzen Welt, mit 3 Platin- und 8 Goldalben allein aus Kanada. Ihr Mega-Hit \u201eLove Hurts\u201c, der bis heute den Standard f\u00fcr eine Rockballade setzt, kam weltweit in nahezu allen Hitparaden in die Top-10, erreichte in sechs L\u00e4ndern die Nummer 1 und behauptete sich 60 Wochen lang allein in den norwegischen Charts.<br><br>Konventionellen, sauber gespielten Hard-Rock mit einem wohlklingend klagenden Gesang sind das Markenzeichen von Nazareth. Die Band aus der N\u00e4he von Edinburgh wurde von Dan McCafferty (vocals), Manny Carlton (guitar), Pete Agnew (bass) und Darrel Sweet (drums) gegr\u00fcndet. Der harte Kern der Band blieb mehr als 20 Jahre zusammen. In diesen zwei Jahrzehnten bew\u00e4hrte sich Nazareth als solide und perfekt eingespielte Live-Formation, die ein Dutzend Top-Hits und f\u00fcnf Bestseller-Alben verbuchen konnten. Millionenhits wie \u201eLove Hurts\u201c, \u201eThis Flight Tonight\u201c und \u201eDream On\u201c wurden zu Meilensteinen der Rockmusik und die Band zu einer der einflussreichsten Hardrock-Formationen der 70er und 80er Jahre. Sp\u00e4tere Legenden wie Guns N\u2018 Roses und Metallica z\u00e4hlen Nazareth zu ihren wichtigsten Einfl\u00fcssen.<br><br><strong>Das aktuelle Line-Up besteht aus:<\/strong><\/p>\n\n\n\n<ul class=\"wp-block-list\">\n<li>Jimmy Murrison (der Dienst\u00e4lteste Nazareth Gitarrist der Bandgeschichte)<\/li>\n\n\n\n<li>Lee Agnew (Schlagzeuger seit Darrell Sweets Tod 1999)<\/li>\n\n\n\n<li>Pete Agnew (Bass und Gr\u00fcndungsmitglied, solange er denken kann)<\/li>\n\n\n\n<li>Carl Sentance (Gesang seit 2015)<\/li>\n<\/ul>\n\n\n\n<p><\/p>\n\n\n\n<p><strong>Foto:<\/strong> \u00a9Lewis Milne<\/p>\n","protected":false},"excerpt":{"rendered":"<p>Alle Sitzpl\u00e4tze beim Konzert von Nazareth in der G\u00f6ttinger Stadthalle sind ausverkauft. Allerdings gibt es noch Stehpl\u00e4tze f\u00fcr das Konzert zum Preis von 45,90\u20ac. Und zwar im Vorverkauf unter: https:\/\/depro-konzerte.reservix.de\/p\/reservix\/event\/2241613 sowie an der Abendkasse. Sie z\u00e4hlen zur ersten Generation der Hard &amp; Heavy Bands und pr\u00e4gten nach ihrer Gr\u00fcndung 1968 gemeinsam mit Bands wie Led [&hellip;]<\/p>\n","protected":false},"author":1,"featured_media":26388,"comment_status":"open","ping_status":"open","sticky":false,"template":"","format":"standard","meta":{"saved_in_kubio":false,"footnotes":""},"categories":[45,41],"tags":[4201,4200],"class_list":["post-26383","post","type-post","status-publish","format-standard","has-post-thumbnail","hentry","category-kultur","category-veranstaltungen","tag-konzerte-goettingen","tag-nazareth"],"yoast_head":"<!-- This site is optimized with the Yoast SEO plugin v27.4 - https:\/\/yoast.com\/product\/yoast-seo-wordpress\/ -->\n<title>Hardrock Legende Nazareth in G\u00f6ttingen - es gibt noch Karten bei den Stehpl\u00e4tzen - Radio Leinewelle<\/title>\n<meta name=\"robots\" content=\"index, follow, max-snippet:-1, max-image-preview:large, max-video-preview:-1\" \/>\n<link rel=\"canonical\" href=\"https:\/\/radioleinewelle.de\/index.php\/2024\/11\/14\/hardrock-legende-nazareth-kommt-nach-goettingen\/\" \/>\n<meta property=\"og:locale\" content=\"de_DE\" \/>\n<meta property=\"og:type\" content=\"article\" \/>\n<meta property=\"og:title\" content=\"Hardrock Legende Nazareth in G\u00f6ttingen - es gibt noch Karten bei den Stehpl\u00e4tzen - Radio Leinewelle\" \/>\n<meta property=\"og:description\" content=\"Alle Sitzpl\u00e4tze beim Konzert von Nazareth in der G\u00f6ttinger Stadthalle sind ausverkauft. Allerdings gibt es noch Stehpl\u00e4tze f\u00fcr das Konzert zum Preis von 45,90\u20ac. Und zwar im Vorverkauf unter: https:\/\/depro-konzerte.reservix.de\/p\/reservix\/event\/2241613 sowie an der Abendkasse. Sie z\u00e4hlen zur ersten Generation der Hard &amp; Heavy Bands und pr\u00e4gten nach ihrer Gr\u00fcndung 1968 gemeinsam mit Bands wie Led [&hellip;]\" \/>\n<meta property=\"og:url\" content=\"https:\/\/radioleinewelle.de\/index.php\/2024\/11\/14\/hardrock-legende-nazareth-kommt-nach-goettingen\/\" \/>\n<meta property=\"og:site_name\" content=\"Radio Leinewelle\" \/>\n<meta property=\"article:publisher\" content=\"https:\/\/www.facebook.com\/radioleinewelle\" \/>\n<meta property=\"article:author\" content=\"https:\/\/www.facebook.com\/radioleinewelle\" \/>\n<meta property=\"article:published_time\" content=\"2024-11-14T17:20:00+00:00\" \/>\n<meta property=\"article:modified_time\" content=\"2024-11-14T17:21:45+00:00\" \/>\n<meta property=\"og:image\" content=\"https:\/\/radioleinewelle.de\/wp-content\/uploads\/2024\/10\/Nazareth-2-Lewis-Milne-scaled-e1728544708180.jpg\" \/>\n\t<meta property=\"og:image:width\" content=\"1000\" \/>\n\t<meta property=\"og:image:height\" content=\"667\" \/>\n\t<meta property=\"og:image:type\" content=\"image\/jpeg\" \/>\n<meta name=\"author\" content=\"Leinewelle\" \/>\n<meta name=\"twitter:card\" content=\"summary_large_image\" \/>\n<meta name=\"twitter:creator\" content=\"@https:\/\/twitter.com\/RLeinewelle?ref_src=twsrcgoogletwcampserptwgrauthor\" \/>\n<meta name=\"twitter:site\" content=\"@RLeinewelle\" \/>\n<meta name=\"twitter:label1\" content=\"Verfasst von\" \/>\n\t<meta name=\"twitter:data1\" content=\"Leinewelle\" \/>\n\t<meta name=\"twitter:label2\" content=\"Gesch\u00e4tzte Lesezeit\" \/>\n\t<meta name=\"twitter:data2\" content=\"4\u00a0Minuten\" \/>\n<script type=\"application\/ld+json\" class=\"yoast-schema-graph\">{\"@context\":\"https:\\\/\\\/schema.org\",\"@graph\":[{\"@type\":\"Article\",\"@id\":\"https:\\\/\\\/radioleinewelle.de\\\/index.php\\\/2024\\\/11\\\/14\\\/hardrock-legende-nazareth-kommt-nach-goettingen\\\/#article\",\"isPartOf\":{\"@id\":\"https:\\\/\\\/radioleinewelle.de\\\/index.php\\\/2024\\\/11\\\/14\\\/hardrock-legende-nazareth-kommt-nach-goettingen\\\/\"},\"author\":{\"name\":\"Leinewelle\",\"@id\":\"https:\\\/\\\/radioleinewelle.de\\\/#\\\/schema\\\/person\\\/45606f348637df637192dc1b68399a63\"},\"headline\":\"Hardrock Legende Nazareth in G\u00f6ttingen &#8211; es gibt noch Karten bei den Stehpl\u00e4tzen\",\"datePublished\":\"2024-11-14T17:20:00+00:00\",\"dateModified\":\"2024-11-14T17:21:45+00:00\",\"mainEntityOfPage\":{\"@id\":\"https:\\\/\\\/radioleinewelle.de\\\/index.php\\\/2024\\\/11\\\/14\\\/hardrock-legende-nazareth-kommt-nach-goettingen\\\/\"},\"wordCount\":584,\"commentCount\":0,\"publisher\":{\"@id\":\"https:\\\/\\\/radioleinewelle.de\\\/#organization\"},\"image\":{\"@id\":\"https:\\\/\\\/radioleinewelle.de\\\/index.php\\\/2024\\\/11\\\/14\\\/hardrock-legende-nazareth-kommt-nach-goettingen\\\/#primaryimage\"},\"thumbnailUrl\":\"https:\\\/\\\/radioleinewelle.de\\\/wp-content\\\/uploads\\\/2024\\\/10\\\/Nazareth-2-Lewis-Milne-scaled-e1728544708180.jpg\",\"keywords\":[\"Konzerte G\u00f6ttingen\",\"Nazareth\"],\"articleSection\":[\"Kultur\",\"Veranstaltungen\"],\"inLanguage\":\"de\",\"potentialAction\":[{\"@type\":\"CommentAction\",\"name\":\"Comment\",\"target\":[\"https:\\\/\\\/radioleinewelle.de\\\/index.php\\\/2024\\\/11\\\/14\\\/hardrock-legende-nazareth-kommt-nach-goettingen\\\/#respond\"]}]},{\"@type\":\"WebPage\",\"@id\":\"https:\\\/\\\/radioleinewelle.de\\\/index.php\\\/2024\\\/11\\\/14\\\/hardrock-legende-nazareth-kommt-nach-goettingen\\\/\",\"url\":\"https:\\\/\\\/radioleinewelle.de\\\/index.php\\\/2024\\\/11\\\/14\\\/hardrock-legende-nazareth-kommt-nach-goettingen\\\/\",\"name\":\"Hardrock Legende Nazareth in G\u00f6ttingen - es gibt noch Karten bei den Stehpl\u00e4tzen - Radio Leinewelle\",\"isPartOf\":{\"@id\":\"https:\\\/\\\/radioleinewelle.de\\\/#website\"},\"primaryImageOfPage\":{\"@id\":\"https:\\\/\\\/radioleinewelle.de\\\/index.php\\\/2024\\\/11\\\/14\\\/hardrock-legende-nazareth-kommt-nach-goettingen\\\/#primaryimage\"},\"image\":{\"@id\":\"https:\\\/\\\/radioleinewelle.de\\\/index.php\\\/2024\\\/11\\\/14\\\/hardrock-legende-nazareth-kommt-nach-goettingen\\\/#primaryimage\"},\"thumbnailUrl\":\"https:\\\/\\\/radioleinewelle.de\\\/wp-content\\\/uploads\\\/2024\\\/10\\\/Nazareth-2-Lewis-Milne-scaled-e1728544708180.jpg\",\"datePublished\":\"2024-11-14T17:20:00+00:00\",\"dateModified\":\"2024-11-14T17:21:45+00:00\",\"breadcrumb\":{\"@id\":\"https:\\\/\\\/radioleinewelle.de\\\/index.php\\\/2024\\\/11\\\/14\\\/hardrock-legende-nazareth-kommt-nach-goettingen\\\/#breadcrumb\"},\"inLanguage\":\"de\",\"potentialAction\":[{\"@type\":\"ReadAction\",\"target\":[\"https:\\\/\\\/radioleinewelle.de\\\/index.php\\\/2024\\\/11\\\/14\\\/hardrock-legende-nazareth-kommt-nach-goettingen\\\/\"]}]},{\"@type\":\"ImageObject\",\"inLanguage\":\"de\",\"@id\":\"https:\\\/\\\/radioleinewelle.de\\\/index.php\\\/2024\\\/11\\\/14\\\/hardrock-legende-nazareth-kommt-nach-goettingen\\\/#primaryimage\",\"url\":\"https:\\\/\\\/radioleinewelle.de\\\/wp-content\\\/uploads\\\/2024\\\/10\\\/Nazareth-2-Lewis-Milne-scaled-e1728544708180.jpg\",\"contentUrl\":\"https:\\\/\\\/radioleinewelle.de\\\/wp-content\\\/uploads\\\/2024\\\/10\\\/Nazareth-2-Lewis-Milne-scaled-e1728544708180.jpg\",\"width\":1000,\"height\":667},{\"@type\":\"BreadcrumbList\",\"@id\":\"https:\\\/\\\/radioleinewelle.de\\\/index.php\\\/2024\\\/11\\\/14\\\/hardrock-legende-nazareth-kommt-nach-goettingen\\\/#breadcrumb\",\"itemListElement\":[{\"@type\":\"ListItem\",\"position\":1,\"name\":\"Startseite\",\"item\":\"https:\\\/\\\/radioleinewelle.de\\\/\"},{\"@type\":\"ListItem\",\"position\":2,\"name\":\"Hardrock Legende Nazareth in G\u00f6ttingen &#8211; es gibt noch Karten bei den Stehpl\u00e4tzen\"}]},{\"@type\":\"WebSite\",\"@id\":\"https:\\\/\\\/radioleinewelle.de\\\/#website\",\"url\":\"https:\\\/\\\/radioleinewelle.de\\\/\",\"name\":\"Radio Leinewelle\",\"description\":\"\",\"publisher\":{\"@id\":\"https:\\\/\\\/radioleinewelle.de\\\/#organization\"},\"potentialAction\":[{\"@type\":\"SearchAction\",\"target\":{\"@type\":\"EntryPoint\",\"urlTemplate\":\"https:\\\/\\\/radioleinewelle.de\\\/?s={search_term_string}\"},\"query-input\":{\"@type\":\"PropertyValueSpecification\",\"valueRequired\":true,\"valueName\":\"search_term_string\"}}],\"inLanguage\":\"de\"},{\"@type\":\"Organization\",\"@id\":\"https:\\\/\\\/radioleinewelle.de\\\/#organization\",\"name\":\"Radio Leinewelle\",\"alternateName\":\"Mein Radio f\u00fcr S\u00fcdniedersachsen\",\"url\":\"https:\\\/\\\/radioleinewelle.de\\\/\",\"logo\":{\"@type\":\"ImageObject\",\"inLanguage\":\"de\",\"@id\":\"https:\\\/\\\/radioleinewelle.de\\\/#\\\/schema\\\/logo\\\/image\\\/\",\"url\":\"https:\\\/\\\/radioleinewelle.de\\\/wp-content\\\/uploads\\\/2023\\\/11\\\/cropped-Leinewelle_Logo_weiss.png\",\"contentUrl\":\"https:\\\/\\\/radioleinewelle.de\\\/wp-content\\\/uploads\\\/2023\\\/11\\\/cropped-Leinewelle_Logo_weiss.png\",\"width\":854,\"height\":260,\"caption\":\"Radio Leinewelle\"},\"image\":{\"@id\":\"https:\\\/\\\/radioleinewelle.de\\\/#\\\/schema\\\/logo\\\/image\\\/\"},\"sameAs\":[\"https:\\\/\\\/www.facebook.com\\\/radioleinewelle\",\"https:\\\/\\\/x.com\\\/RLeinewelle\",\"https:\\\/\\\/www.instagram.com\\\/radioleinewelle\\\/?hl=de\"]},{\"@type\":\"Person\",\"@id\":\"https:\\\/\\\/radioleinewelle.de\\\/#\\\/schema\\\/person\\\/45606f348637df637192dc1b68399a63\",\"name\":\"Leinewelle\",\"image\":{\"@type\":\"ImageObject\",\"inLanguage\":\"de\",\"@id\":\"https:\\\/\\\/secure.gravatar.com\\\/avatar\\\/05c9a17bc973052ee5d91549bd32fb4dd0dc85b7b85ae94b2e2b4943476bbea5?s=96&d=blank&r=g\",\"url\":\"https:\\\/\\\/secure.gravatar.com\\\/avatar\\\/05c9a17bc973052ee5d91549bd32fb4dd0dc85b7b85ae94b2e2b4943476bbea5?s=96&d=blank&r=g\",\"contentUrl\":\"https:\\\/\\\/secure.gravatar.com\\\/avatar\\\/05c9a17bc973052ee5d91549bd32fb4dd0dc85b7b85ae94b2e2b4943476bbea5?s=96&d=blank&r=g\",\"caption\":\"Leinewelle\"},\"sameAs\":[\"http:\\\/\\\/localhost\\\/radio%20leinewelle\\\/wordpress\",\"https:\\\/\\\/www.facebook.com\\\/radioleinewelle\",\"https:\\\/\\\/www.instagram.com\\\/radioleinewelle\",\"https:\\\/\\\/x.com\\\/https:\\\/\\\/twitter.com\\\/RLeinewelle?ref_src=twsrcgoogletwcampserptwgrauthor\",\"https:\\\/\\\/soundcloud.com\\\/foerderverein-lokalradio?utm_source=clipboard&utm_medium=text&utm_campaign=social_sharing\"],\"url\":\"https:\\\/\\\/radioleinewelle.de\\\/index.php\\\/author\\\/leinewelle\\\/\"}]}<\/script>\n<!-- \/ Yoast SEO plugin. -->","yoast_head_json":{"title":"Hardrock Legende Nazareth in G\u00f6ttingen - es gibt noch Karten bei den Stehpl\u00e4tzen - Radio Leinewelle","robots":{"index":"index","follow":"follow","max-snippet":"max-snippet:-1","max-image-preview":"max-image-preview:large","max-video-preview":"max-video-preview:-1"},"canonical":"https:\/\/radioleinewelle.de\/index.php\/2024\/11\/14\/hardrock-legende-nazareth-kommt-nach-goettingen\/","og_locale":"de_DE","og_type":"article","og_title":"Hardrock Legende Nazareth in G\u00f6ttingen - es gibt noch Karten bei den Stehpl\u00e4tzen - Radio Leinewelle","og_description":"Alle Sitzpl\u00e4tze beim Konzert von Nazareth in der G\u00f6ttinger Stadthalle sind ausverkauft. Allerdings gibt es noch Stehpl\u00e4tze f\u00fcr das Konzert zum Preis von 45,90\u20ac. Und zwar im Vorverkauf unter: https:\/\/depro-konzerte.reservix.de\/p\/reservix\/event\/2241613 sowie an der Abendkasse. Sie z\u00e4hlen zur ersten Generation der Hard &amp; Heavy Bands und pr\u00e4gten nach ihrer Gr\u00fcndung 1968 gemeinsam mit Bands wie Led [&hellip;]","og_url":"https:\/\/radioleinewelle.de\/index.php\/2024\/11\/14\/hardrock-legende-nazareth-kommt-nach-goettingen\/","og_site_name":"Radio Leinewelle","article_publisher":"https:\/\/www.facebook.com\/radioleinewelle","article_author":"https:\/\/www.facebook.com\/radioleinewelle","article_published_time":"2024-11-14T17:20:00+00:00","article_modified_time":"2024-11-14T17:21:45+00:00","og_image":[{"width":1000,"height":667,"url":"https:\/\/radioleinewelle.de\/wp-content\/uploads\/2024\/10\/Nazareth-2-Lewis-Milne-scaled-e1728544708180.jpg","type":"image\/jpeg"}],"author":"Leinewelle","twitter_card":"summary_large_image","twitter_creator":"@https:\/\/twitter.com\/RLeinewelle?ref_src=twsrcgoogletwcampserptwgrauthor","twitter_site":"@RLeinewelle","twitter_misc":{"Verfasst von":"Leinewelle","Gesch\u00e4tzte Lesezeit":"4\u00a0Minuten"},"schema":{"@context":"https:\/\/schema.org","@graph":[{"@type":"Article","@id":"https:\/\/radioleinewelle.de\/index.php\/2024\/11\/14\/hardrock-legende-nazareth-kommt-nach-goettingen\/#article","isPartOf":{"@id":"https:\/\/radioleinewelle.de\/index.php\/2024\/11\/14\/hardrock-legende-nazareth-kommt-nach-goettingen\/"},"author":{"name":"Leinewelle","@id":"https:\/\/radioleinewelle.de\/#\/schema\/person\/45606f348637df637192dc1b68399a63"},"headline":"Hardrock Legende Nazareth in G\u00f6ttingen &#8211; es gibt noch Karten bei den Stehpl\u00e4tzen","datePublished":"2024-11-14T17:20:00+00:00","dateModified":"2024-11-14T17:21:45+00:00","mainEntityOfPage":{"@id":"https:\/\/radioleinewelle.de\/index.php\/2024\/11\/14\/hardrock-legende-nazareth-kommt-nach-goettingen\/"},"wordCount":584,"commentCount":0,"publisher":{"@id":"https:\/\/radioleinewelle.de\/#organization"},"image":{"@id":"https:\/\/radioleinewelle.de\/index.php\/2024\/11\/14\/hardrock-legende-nazareth-kommt-nach-goettingen\/#primaryimage"},"thumbnailUrl":"https:\/\/radioleinewelle.de\/wp-content\/uploads\/2024\/10\/Nazareth-2-Lewis-Milne-scaled-e1728544708180.jpg","keywords":["Konzerte G\u00f6ttingen","Nazareth"],"articleSection":["Kultur","Veranstaltungen"],"inLanguage":"de","potentialAction":[{"@type":"CommentAction","name":"Comment","target":["https:\/\/radioleinewelle.de\/index.php\/2024\/11\/14\/hardrock-legende-nazareth-kommt-nach-goettingen\/#respond"]}]},{"@type":"WebPage","@id":"https:\/\/radioleinewelle.de\/index.php\/2024\/11\/14\/hardrock-legende-nazareth-kommt-nach-goettingen\/","url":"https:\/\/radioleinewelle.de\/index.php\/2024\/11\/14\/hardrock-legende-nazareth-kommt-nach-goettingen\/","name":"Hardrock Legende Nazareth in G\u00f6ttingen - es gibt noch Karten bei den Stehpl\u00e4tzen - Radio Leinewelle","isPartOf":{"@id":"https:\/\/radioleinewelle.de\/#website"},"primaryImageOfPage":{"@id":"https:\/\/radioleinewelle.de\/index.php\/2024\/11\/14\/hardrock-legende-nazareth-kommt-nach-goettingen\/#primaryimage"},"image":{"@id":"https:\/\/radioleinewelle.de\/index.php\/2024\/11\/14\/hardrock-legende-nazareth-kommt-nach-goettingen\/#primaryimage"},"thumbnailUrl":"https:\/\/radioleinewelle.de\/wp-content\/uploads\/2024\/10\/Nazareth-2-Lewis-Milne-scaled-e1728544708180.jpg","datePublished":"2024-11-14T17:20:00+00:00","dateModified":"2024-11-14T17:21:45+00:00","breadcrumb":{"@id":"https:\/\/radioleinewelle.de\/index.php\/2024\/11\/14\/hardrock-legende-nazareth-kommt-nach-goettingen\/#breadcrumb"},"inLanguage":"de","potentialAction":[{"@type":"ReadAction","target":["https:\/\/radioleinewelle.de\/index.php\/2024\/11\/14\/hardrock-legende-nazareth-kommt-nach-goettingen\/"]}]},{"@type":"ImageObject","inLanguage":"de","@id":"https:\/\/radioleinewelle.de\/index.php\/2024\/11\/14\/hardrock-legende-nazareth-kommt-nach-goettingen\/#primaryimage","url":"https:\/\/radioleinewelle.de\/wp-content\/uploads\/2024\/10\/Nazareth-2-Lewis-Milne-scaled-e1728544708180.jpg","contentUrl":"https:\/\/radioleinewelle.de\/wp-content\/uploads\/2024\/10\/Nazareth-2-Lewis-Milne-scaled-e1728544708180.jpg","width":1000,"height":667},{"@type":"BreadcrumbList","@id":"https:\/\/radioleinewelle.de\/index.php\/2024\/11\/14\/hardrock-legende-nazareth-kommt-nach-goettingen\/#breadcrumb","itemListElement":[{"@type":"ListItem","position":1,"name":"Startseite","item":"https:\/\/radioleinewelle.de\/"},{"@type":"ListItem","position":2,"name":"Hardrock Legende Nazareth in G\u00f6ttingen &#8211; es gibt noch Karten bei den Stehpl\u00e4tzen"}]},{"@type":"WebSite","@id":"https:\/\/radioleinewelle.de\/#website","url":"https:\/\/radioleinewelle.de\/","name":"Radio Leinewelle","description":"","publisher":{"@id":"https:\/\/radioleinewelle.de\/#organization"},"potentialAction":[{"@type":"SearchAction","target":{"@type":"EntryPoint","urlTemplate":"https:\/\/radioleinewelle.de\/?s={search_term_string}"},"query-input":{"@type":"PropertyValueSpecification","valueRequired":true,"valueName":"search_term_string"}}],"inLanguage":"de"},{"@type":"Organization","@id":"https:\/\/radioleinewelle.de\/#organization","name":"Radio Leinewelle","alternateName":"Mein Radio f\u00fcr S\u00fcdniedersachsen","url":"https:\/\/radioleinewelle.de\/","logo":{"@type":"ImageObject","inLanguage":"de","@id":"https:\/\/radioleinewelle.de\/#\/schema\/logo\/image\/","url":"https:\/\/radioleinewelle.de\/wp-content\/uploads\/2023\/11\/cropped-Leinewelle_Logo_weiss.png","contentUrl":"https:\/\/radioleinewelle.de\/wp-content\/uploads\/2023\/11\/cropped-Leinewelle_Logo_weiss.png","width":854,"height":260,"caption":"Radio Leinewelle"},"image":{"@id":"https:\/\/radioleinewelle.de\/#\/schema\/logo\/image\/"},"sameAs":["https:\/\/www.facebook.com\/radioleinewelle","https:\/\/x.com\/RLeinewelle","https:\/\/www.instagram.com\/radioleinewelle\/?hl=de"]},{"@type":"Person","@id":"https:\/\/radioleinewelle.de\/#\/schema\/person\/45606f348637df637192dc1b68399a63","name":"Leinewelle","image":{"@type":"ImageObject","inLanguage":"de","@id":"https:\/\/secure.gravatar.com\/avatar\/05c9a17bc973052ee5d91549bd32fb4dd0dc85b7b85ae94b2e2b4943476bbea5?s=96&d=blank&r=g","url":"https:\/\/secure.gravatar.com\/avatar\/05c9a17bc973052ee5d91549bd32fb4dd0dc85b7b85ae94b2e2b4943476bbea5?s=96&d=blank&r=g","contentUrl":"https:\/\/secure.gravatar.com\/avatar\/05c9a17bc973052ee5d91549bd32fb4dd0dc85b7b85ae94b2e2b4943476bbea5?s=96&d=blank&r=g","caption":"Leinewelle"},"sameAs":["http:\/\/localhost\/radio%20leinewelle\/wordpress","https:\/\/www.facebook.com\/radioleinewelle","https:\/\/www.instagram.com\/radioleinewelle","https:\/\/x.com\/https:\/\/twitter.com\/RLeinewelle?ref_src=twsrcgoogletwcampserptwgrauthor","https:\/\/soundcloud.com\/foerderverein-lokalradio?utm_source=clipboard&utm_medium=text&utm_campaign=social_sharing"],"url":"https:\/\/radioleinewelle.de\/index.php\/author\/leinewelle\/"}]}},"_links":{"self":[{"href":"https:\/\/radioleinewelle.de\/index.php\/wp-json\/wp\/v2\/posts\/26383","targetHints":{"allow":["GET"]}}],"collection":[{"href":"https:\/\/radioleinewelle.de\/index.php\/wp-json\/wp\/v2\/posts"}],"about":[{"href":"https:\/\/radioleinewelle.de\/index.php\/wp-json\/wp\/v2\/types\/post"}],"author":[{"embeddable":true,"href":"https:\/\/radioleinewelle.de\/index.php\/wp-json\/wp\/v2\/users\/1"}],"replies":[{"embeddable":true,"href":"https:\/\/radioleinewelle.de\/index.php\/wp-json\/wp\/v2\/comments?post=26383"}],"version-history":[{"count":4,"href":"https:\/\/radioleinewelle.de\/index.php\/wp-json\/wp\/v2\/posts\/26383\/revisions"}],"predecessor-version":[{"id":26691,"href":"https:\/\/radioleinewelle.de\/index.php\/wp-json\/wp\/v2\/posts\/26383\/revisions\/26691"}],"wp:featuredmedia":[{"embeddable":true,"href":"https:\/\/radioleinewelle.de\/index.php\/wp-json\/wp\/v2\/media\/26388"}],"wp:attachment":[{"href":"https:\/\/radioleinewelle.de\/index.php\/wp-json\/wp\/v2\/media?parent=26383"}],"wp:term":[{"taxonomy":"category","embeddable":true,"href":"https:\/\/radioleinewelle.de\/index.php\/wp-json\/wp\/v2\/categories?post=26383"},{"taxonomy":"post_tag","embeddable":true,"href":"https:\/\/radioleinewelle.de\/index.php\/wp-json\/wp\/v2\/tags?post=26383"}],"curies":[{"name":"wp","href":"https:\/\/api.w.org\/{rel}","templated":true}]}}