{"id":26478,"date":"2024-10-20T18:14:30","date_gmt":"2024-10-20T16:14:30","guid":{"rendered":"https:\/\/radioleinewelle.de\/?p=26478"},"modified":"2024-10-20T18:15:50","modified_gmt":"2024-10-20T16:15:50","slug":"33-goettinger-literaturherbst-ein-gespraech-mit-johannes-peter-herberhold","status":"publish","type":"post","link":"https:\/\/radioleinewelle.de\/index.php\/2024\/10\/20\/33-goettinger-literaturherbst-ein-gespraech-mit-johannes-peter-herberhold\/","title":{"rendered":"33. G\u00f6ttinger Literaturherbst &#8211; ein Gespr\u00e4ch mit Johannes-Peter Herberhold"},"content":{"rendered":"\n<p>Seit vergangenen Freitag findet in der Region G\u00f6ttingen der 33. G\u00f6ttinger Literaturherbst statt. Das Festival z\u00e4hlt mittlerweile zu den \u00e4ltesten und gr\u00f6\u00dften Veranstaltungen im deutschsprachigen Raum. Grund genug um mit dem Leiter und Gesch\u00e4ftsf\u00fchrer Johannes-Peter Herberhold ein ausf\u00fchrliches Gespr\u00e4ch \u00fcber den 33. G\u00f6ttinger Literaturherbst zu f\u00fchren.<\/p>\n\n\n\n<figure class=\"wp-block-audio\"><audio controls src=\"https:\/\/radioleinewelle.de\/wp-content\/uploads\/2024\/10\/Johannes-Peter-Herberhold-GF-Literaturherbst.mp3\"><\/audio><\/figure>\n\n\n\n<p><strong>Foto: <\/strong>\u00a9Radio Leinewelle <em>Jutta  Engelmayer<\/em><\/p>\n","protected":false},"excerpt":{"rendered":"<p>Seit vergangenen Freitag findet in der Region G\u00f6ttingen der 33. G\u00f6ttinger Literaturherbst statt. Das Festival z\u00e4hlt mittlerweile zu den \u00e4ltesten und gr\u00f6\u00dften Veranstaltungen im deutschsprachigen Raum. Grund genug um mit dem Leiter und Gesch\u00e4ftsf\u00fchrer Johannes-Peter Herberhold ein ausf\u00fchrliches Gespr\u00e4ch \u00fcber den 33. G\u00f6ttinger Literaturherbst zu f\u00fchren. Foto: \u00a9Radio Leinewelle Jutta Engelmayer<\/p>\n","protected":false},"author":1,"featured_media":26480,"comment_status":"open","ping_status":"open","sticky":true,"template":"","format":"standard","meta":{"saved_in_kubio":false,"footnotes":""},"categories":[1],"tags":[],"class_list":["post-26478","post","type-post","status-publish","format-standard","has-post-thumbnail","hentry","category-allgemein"],"yoast_head":"<!-- This site is optimized with the Yoast SEO plugin v27.4 - https:\/\/yoast.com\/product\/yoast-seo-wordpress\/ -->\n<title>33. G\u00f6ttinger Literaturherbst - ein Gespr\u00e4ch mit Johannes-Peter Herberhold - Radio Leinewelle<\/title>\n<meta name=\"robots\" content=\"index, follow, max-snippet:-1, max-image-preview:large, max-video-preview:-1\" \/>\n<link rel=\"canonical\" href=\"https:\/\/radioleinewelle.de\/index.php\/2024\/10\/20\/33-goettinger-literaturherbst-ein-gespraech-mit-johannes-peter-herberhold\/\" \/>\n<meta property=\"og:locale\" content=\"de_DE\" \/>\n<meta property=\"og:type\" content=\"article\" \/>\n<meta property=\"og:title\" content=\"33. G\u00f6ttinger Literaturherbst - ein Gespr\u00e4ch mit Johannes-Peter Herberhold - Radio Leinewelle\" \/>\n<meta property=\"og:description\" content=\"Seit vergangenen Freitag findet in der Region G\u00f6ttingen der 33. G\u00f6ttinger Literaturherbst statt. Das Festival z\u00e4hlt mittlerweile zu den \u00e4ltesten und gr\u00f6\u00dften Veranstaltungen im deutschsprachigen Raum. Grund genug um mit dem Leiter und Gesch\u00e4ftsf\u00fchrer Johannes-Peter Herberhold ein ausf\u00fchrliches Gespr\u00e4ch \u00fcber den 33. G\u00f6ttinger Literaturherbst zu f\u00fchren. Foto: \u00a9Radio Leinewelle Jutta Engelmayer\" \/>\n<meta property=\"og:url\" content=\"https:\/\/radioleinewelle.de\/index.php\/2024\/10\/20\/33-goettinger-literaturherbst-ein-gespraech-mit-johannes-peter-herberhold\/\" \/>\n<meta property=\"og:site_name\" content=\"Radio Leinewelle\" \/>\n<meta property=\"article:publisher\" content=\"https:\/\/www.facebook.com\/radioleinewelle\" \/>\n<meta property=\"article:author\" content=\"https:\/\/www.facebook.com\/radioleinewelle\" \/>\n<meta property=\"article:published_time\" content=\"2024-10-20T16:14:30+00:00\" \/>\n<meta property=\"article:modified_time\" content=\"2024-10-20T16:15:50+00:00\" \/>\n<meta property=\"og:image\" content=\"https:\/\/radioleinewelle.de\/wp-content\/uploads\/2024\/10\/Johannes-Peter-herberhold-e1729421239898.jpg\" \/>\n\t<meta property=\"og:image:width\" content=\"1572\" \/>\n\t<meta property=\"og:image:height\" content=\"1361\" \/>\n\t<meta property=\"og:image:type\" content=\"image\/jpeg\" \/>\n<meta name=\"author\" content=\"Leinewelle\" \/>\n<meta name=\"twitter:card\" content=\"summary_large_image\" \/>\n<meta name=\"twitter:creator\" content=\"@https:\/\/twitter.com\/RLeinewelle?ref_src=twsrcgoogletwcampserptwgrauthor\" \/>\n<meta name=\"twitter:site\" content=\"@RLeinewelle\" \/>\n<meta name=\"twitter:label1\" content=\"Verfasst von\" \/>\n\t<meta name=\"twitter:data1\" content=\"Leinewelle\" \/>\n\t<meta name=\"twitter:label2\" content=\"Gesch\u00e4tzte Lesezeit\" \/>\n\t<meta name=\"twitter:data2\" content=\"1\u00a0Minute\" \/>\n<script type=\"application\/ld+json\" class=\"yoast-schema-graph\">{\"@context\":\"https:\\\/\\\/schema.org\",\"@graph\":[{\"@type\":\"Article\",\"@id\":\"https:\\\/\\\/radioleinewelle.de\\\/index.php\\\/2024\\\/10\\\/20\\\/33-goettinger-literaturherbst-ein-gespraech-mit-johannes-peter-herberhold\\\/#article\",\"isPartOf\":{\"@id\":\"https:\\\/\\\/radioleinewelle.de\\\/index.php\\\/2024\\\/10\\\/20\\\/33-goettinger-literaturherbst-ein-gespraech-mit-johannes-peter-herberhold\\\/\"},\"author\":{\"name\":\"Leinewelle\",\"@id\":\"https:\\\/\\\/radioleinewelle.de\\\/#\\\/schema\\\/person\\\/45606f348637df637192dc1b68399a63\"},\"headline\":\"33. G\u00f6ttinger Literaturherbst &#8211; ein Gespr\u00e4ch mit Johannes-Peter Herberhold\",\"datePublished\":\"2024-10-20T16:14:30+00:00\",\"dateModified\":\"2024-10-20T16:15:50+00:00\",\"mainEntityOfPage\":{\"@id\":\"https:\\\/\\\/radioleinewelle.de\\\/index.php\\\/2024\\\/10\\\/20\\\/33-goettinger-literaturherbst-ein-gespraech-mit-johannes-peter-herberhold\\\/\"},\"wordCount\":69,\"commentCount\":0,\"publisher\":{\"@id\":\"https:\\\/\\\/radioleinewelle.de\\\/#organization\"},\"image\":{\"@id\":\"https:\\\/\\\/radioleinewelle.de\\\/index.php\\\/2024\\\/10\\\/20\\\/33-goettinger-literaturherbst-ein-gespraech-mit-johannes-peter-herberhold\\\/#primaryimage\"},\"thumbnailUrl\":\"https:\\\/\\\/radioleinewelle.de\\\/wp-content\\\/uploads\\\/2024\\\/10\\\/Johannes-Peter-herberhold-e1729421239898.jpg\",\"inLanguage\":\"de\",\"potentialAction\":[{\"@type\":\"CommentAction\",\"name\":\"Comment\",\"target\":[\"https:\\\/\\\/radioleinewelle.de\\\/index.php\\\/2024\\\/10\\\/20\\\/33-goettinger-literaturherbst-ein-gespraech-mit-johannes-peter-herberhold\\\/#respond\"]}]},{\"@type\":\"WebPage\",\"@id\":\"https:\\\/\\\/radioleinewelle.de\\\/index.php\\\/2024\\\/10\\\/20\\\/33-goettinger-literaturherbst-ein-gespraech-mit-johannes-peter-herberhold\\\/\",\"url\":\"https:\\\/\\\/radioleinewelle.de\\\/index.php\\\/2024\\\/10\\\/20\\\/33-goettinger-literaturherbst-ein-gespraech-mit-johannes-peter-herberhold\\\/\",\"name\":\"33. G\u00f6ttinger Literaturherbst - ein Gespr\u00e4ch mit Johannes-Peter Herberhold - Radio Leinewelle\",\"isPartOf\":{\"@id\":\"https:\\\/\\\/radioleinewelle.de\\\/#website\"},\"primaryImageOfPage\":{\"@id\":\"https:\\\/\\\/radioleinewelle.de\\\/index.php\\\/2024\\\/10\\\/20\\\/33-goettinger-literaturherbst-ein-gespraech-mit-johannes-peter-herberhold\\\/#primaryimage\"},\"image\":{\"@id\":\"https:\\\/\\\/radioleinewelle.de\\\/index.php\\\/2024\\\/10\\\/20\\\/33-goettinger-literaturherbst-ein-gespraech-mit-johannes-peter-herberhold\\\/#primaryimage\"},\"thumbnailUrl\":\"https:\\\/\\\/radioleinewelle.de\\\/wp-content\\\/uploads\\\/2024\\\/10\\\/Johannes-Peter-herberhold-e1729421239898.jpg\",\"datePublished\":\"2024-10-20T16:14:30+00:00\",\"dateModified\":\"2024-10-20T16:15:50+00:00\",\"breadcrumb\":{\"@id\":\"https:\\\/\\\/radioleinewelle.de\\\/index.php\\\/2024\\\/10\\\/20\\\/33-goettinger-literaturherbst-ein-gespraech-mit-johannes-peter-herberhold\\\/#breadcrumb\"},\"inLanguage\":\"de\",\"potentialAction\":[{\"@type\":\"ReadAction\",\"target\":[\"https:\\\/\\\/radioleinewelle.de\\\/index.php\\\/2024\\\/10\\\/20\\\/33-goettinger-literaturherbst-ein-gespraech-mit-johannes-peter-herberhold\\\/\"]}]},{\"@type\":\"ImageObject\",\"inLanguage\":\"de\",\"@id\":\"https:\\\/\\\/radioleinewelle.de\\\/index.php\\\/2024\\\/10\\\/20\\\/33-goettinger-literaturherbst-ein-gespraech-mit-johannes-peter-herberhold\\\/#primaryimage\",\"url\":\"https:\\\/\\\/radioleinewelle.de\\\/wp-content\\\/uploads\\\/2024\\\/10\\\/Johannes-Peter-herberhold-e1729421239898.jpg\",\"contentUrl\":\"https:\\\/\\\/radioleinewelle.de\\\/wp-content\\\/uploads\\\/2024\\\/10\\\/Johannes-Peter-herberhold-e1729421239898.jpg\",\"width\":1572,\"height\":1361},{\"@type\":\"BreadcrumbList\",\"@id\":\"https:\\\/\\\/radioleinewelle.de\\\/index.php\\\/2024\\\/10\\\/20\\\/33-goettinger-literaturherbst-ein-gespraech-mit-johannes-peter-herberhold\\\/#breadcrumb\",\"itemListElement\":[{\"@type\":\"ListItem\",\"position\":1,\"name\":\"Startseite\",\"item\":\"https:\\\/\\\/radioleinewelle.de\\\/\"},{\"@type\":\"ListItem\",\"position\":2,\"name\":\"33. G\u00f6ttinger Literaturherbst &#8211; ein Gespr\u00e4ch mit Johannes-Peter Herberhold\"}]},{\"@type\":\"WebSite\",\"@id\":\"https:\\\/\\\/radioleinewelle.de\\\/#website\",\"url\":\"https:\\\/\\\/radioleinewelle.de\\\/\",\"name\":\"Radio Leinewelle\",\"description\":\"\",\"publisher\":{\"@id\":\"https:\\\/\\\/radioleinewelle.de\\\/#organization\"},\"potentialAction\":[{\"@type\":\"SearchAction\",\"target\":{\"@type\":\"EntryPoint\",\"urlTemplate\":\"https:\\\/\\\/radioleinewelle.de\\\/?s={search_term_string}\"},\"query-input\":{\"@type\":\"PropertyValueSpecification\",\"valueRequired\":true,\"valueName\":\"search_term_string\"}}],\"inLanguage\":\"de\"},{\"@type\":\"Organization\",\"@id\":\"https:\\\/\\\/radioleinewelle.de\\\/#organization\",\"name\":\"Radio Leinewelle\",\"alternateName\":\"Mein Radio f\u00fcr S\u00fcdniedersachsen\",\"url\":\"https:\\\/\\\/radioleinewelle.de\\\/\",\"logo\":{\"@type\":\"ImageObject\",\"inLanguage\":\"de\",\"@id\":\"https:\\\/\\\/radioleinewelle.de\\\/#\\\/schema\\\/logo\\\/image\\\/\",\"url\":\"https:\\\/\\\/radioleinewelle.de\\\/wp-content\\\/uploads\\\/2023\\\/11\\\/cropped-Leinewelle_Logo_weiss.png\",\"contentUrl\":\"https:\\\/\\\/radioleinewelle.de\\\/wp-content\\\/uploads\\\/2023\\\/11\\\/cropped-Leinewelle_Logo_weiss.png\",\"width\":854,\"height\":260,\"caption\":\"Radio Leinewelle\"},\"image\":{\"@id\":\"https:\\\/\\\/radioleinewelle.de\\\/#\\\/schema\\\/logo\\\/image\\\/\"},\"sameAs\":[\"https:\\\/\\\/www.facebook.com\\\/radioleinewelle\",\"https:\\\/\\\/x.com\\\/RLeinewelle\",\"https:\\\/\\\/www.instagram.com\\\/radioleinewelle\\\/?hl=de\"]},{\"@type\":\"Person\",\"@id\":\"https:\\\/\\\/radioleinewelle.de\\\/#\\\/schema\\\/person\\\/45606f348637df637192dc1b68399a63\",\"name\":\"Leinewelle\",\"image\":{\"@type\":\"ImageObject\",\"inLanguage\":\"de\",\"@id\":\"https:\\\/\\\/secure.gravatar.com\\\/avatar\\\/05c9a17bc973052ee5d91549bd32fb4dd0dc85b7b85ae94b2e2b4943476bbea5?s=96&d=blank&r=g\",\"url\":\"https:\\\/\\\/secure.gravatar.com\\\/avatar\\\/05c9a17bc973052ee5d91549bd32fb4dd0dc85b7b85ae94b2e2b4943476bbea5?s=96&d=blank&r=g\",\"contentUrl\":\"https:\\\/\\\/secure.gravatar.com\\\/avatar\\\/05c9a17bc973052ee5d91549bd32fb4dd0dc85b7b85ae94b2e2b4943476bbea5?s=96&d=blank&r=g\",\"caption\":\"Leinewelle\"},\"sameAs\":[\"http:\\\/\\\/localhost\\\/radio%20leinewelle\\\/wordpress\",\"https:\\\/\\\/www.facebook.com\\\/radioleinewelle\",\"https:\\\/\\\/www.instagram.com\\\/radioleinewelle\",\"https:\\\/\\\/x.com\\\/https:\\\/\\\/twitter.com\\\/RLeinewelle?ref_src=twsrcgoogletwcampserptwgrauthor\",\"https:\\\/\\\/soundcloud.com\\\/foerderverein-lokalradio?utm_source=clipboard&utm_medium=text&utm_campaign=social_sharing\"],\"url\":\"https:\\\/\\\/radioleinewelle.de\\\/index.php\\\/author\\\/leinewelle\\\/\"}]}<\/script>\n<!-- \/ Yoast SEO plugin. -->","yoast_head_json":{"title":"33. G\u00f6ttinger Literaturherbst - ein Gespr\u00e4ch mit Johannes-Peter Herberhold - Radio Leinewelle","robots":{"index":"index","follow":"follow","max-snippet":"max-snippet:-1","max-image-preview":"max-image-preview:large","max-video-preview":"max-video-preview:-1"},"canonical":"https:\/\/radioleinewelle.de\/index.php\/2024\/10\/20\/33-goettinger-literaturherbst-ein-gespraech-mit-johannes-peter-herberhold\/","og_locale":"de_DE","og_type":"article","og_title":"33. G\u00f6ttinger Literaturherbst - ein Gespr\u00e4ch mit Johannes-Peter Herberhold - Radio Leinewelle","og_description":"Seit vergangenen Freitag findet in der Region G\u00f6ttingen der 33. G\u00f6ttinger Literaturherbst statt. Das Festival z\u00e4hlt mittlerweile zu den \u00e4ltesten und gr\u00f6\u00dften Veranstaltungen im deutschsprachigen Raum. Grund genug um mit dem Leiter und Gesch\u00e4ftsf\u00fchrer Johannes-Peter Herberhold ein ausf\u00fchrliches Gespr\u00e4ch \u00fcber den 33. G\u00f6ttinger Literaturherbst zu f\u00fchren. Foto: \u00a9Radio Leinewelle Jutta Engelmayer","og_url":"https:\/\/radioleinewelle.de\/index.php\/2024\/10\/20\/33-goettinger-literaturherbst-ein-gespraech-mit-johannes-peter-herberhold\/","og_site_name":"Radio Leinewelle","article_publisher":"https:\/\/www.facebook.com\/radioleinewelle","article_author":"https:\/\/www.facebook.com\/radioleinewelle","article_published_time":"2024-10-20T16:14:30+00:00","article_modified_time":"2024-10-20T16:15:50+00:00","og_image":[{"width":1572,"height":1361,"url":"https:\/\/radioleinewelle.de\/wp-content\/uploads\/2024\/10\/Johannes-Peter-herberhold-e1729421239898.jpg","type":"image\/jpeg"}],"author":"Leinewelle","twitter_card":"summary_large_image","twitter_creator":"@https:\/\/twitter.com\/RLeinewelle?ref_src=twsrcgoogletwcampserptwgrauthor","twitter_site":"@RLeinewelle","twitter_misc":{"Verfasst von":"Leinewelle","Gesch\u00e4tzte Lesezeit":"1\u00a0Minute"},"schema":{"@context":"https:\/\/schema.org","@graph":[{"@type":"Article","@id":"https:\/\/radioleinewelle.de\/index.php\/2024\/10\/20\/33-goettinger-literaturherbst-ein-gespraech-mit-johannes-peter-herberhold\/#article","isPartOf":{"@id":"https:\/\/radioleinewelle.de\/index.php\/2024\/10\/20\/33-goettinger-literaturherbst-ein-gespraech-mit-johannes-peter-herberhold\/"},"author":{"name":"Leinewelle","@id":"https:\/\/radioleinewelle.de\/#\/schema\/person\/45606f348637df637192dc1b68399a63"},"headline":"33. G\u00f6ttinger Literaturherbst &#8211; ein Gespr\u00e4ch mit Johannes-Peter Herberhold","datePublished":"2024-10-20T16:14:30+00:00","dateModified":"2024-10-20T16:15:50+00:00","mainEntityOfPage":{"@id":"https:\/\/radioleinewelle.de\/index.php\/2024\/10\/20\/33-goettinger-literaturherbst-ein-gespraech-mit-johannes-peter-herberhold\/"},"wordCount":69,"commentCount":0,"publisher":{"@id":"https:\/\/radioleinewelle.de\/#organization"},"image":{"@id":"https:\/\/radioleinewelle.de\/index.php\/2024\/10\/20\/33-goettinger-literaturherbst-ein-gespraech-mit-johannes-peter-herberhold\/#primaryimage"},"thumbnailUrl":"https:\/\/radioleinewelle.de\/wp-content\/uploads\/2024\/10\/Johannes-Peter-herberhold-e1729421239898.jpg","inLanguage":"de","potentialAction":[{"@type":"CommentAction","name":"Comment","target":["https:\/\/radioleinewelle.de\/index.php\/2024\/10\/20\/33-goettinger-literaturherbst-ein-gespraech-mit-johannes-peter-herberhold\/#respond"]}]},{"@type":"WebPage","@id":"https:\/\/radioleinewelle.de\/index.php\/2024\/10\/20\/33-goettinger-literaturherbst-ein-gespraech-mit-johannes-peter-herberhold\/","url":"https:\/\/radioleinewelle.de\/index.php\/2024\/10\/20\/33-goettinger-literaturherbst-ein-gespraech-mit-johannes-peter-herberhold\/","name":"33. G\u00f6ttinger Literaturherbst - ein Gespr\u00e4ch mit Johannes-Peter Herberhold - Radio Leinewelle","isPartOf":{"@id":"https:\/\/radioleinewelle.de\/#website"},"primaryImageOfPage":{"@id":"https:\/\/radioleinewelle.de\/index.php\/2024\/10\/20\/33-goettinger-literaturherbst-ein-gespraech-mit-johannes-peter-herberhold\/#primaryimage"},"image":{"@id":"https:\/\/radioleinewelle.de\/index.php\/2024\/10\/20\/33-goettinger-literaturherbst-ein-gespraech-mit-johannes-peter-herberhold\/#primaryimage"},"thumbnailUrl":"https:\/\/radioleinewelle.de\/wp-content\/uploads\/2024\/10\/Johannes-Peter-herberhold-e1729421239898.jpg","datePublished":"2024-10-20T16:14:30+00:00","dateModified":"2024-10-20T16:15:50+00:00","breadcrumb":{"@id":"https:\/\/radioleinewelle.de\/index.php\/2024\/10\/20\/33-goettinger-literaturherbst-ein-gespraech-mit-johannes-peter-herberhold\/#breadcrumb"},"inLanguage":"de","potentialAction":[{"@type":"ReadAction","target":["https:\/\/radioleinewelle.de\/index.php\/2024\/10\/20\/33-goettinger-literaturherbst-ein-gespraech-mit-johannes-peter-herberhold\/"]}]},{"@type":"ImageObject","inLanguage":"de","@id":"https:\/\/radioleinewelle.de\/index.php\/2024\/10\/20\/33-goettinger-literaturherbst-ein-gespraech-mit-johannes-peter-herberhold\/#primaryimage","url":"https:\/\/radioleinewelle.de\/wp-content\/uploads\/2024\/10\/Johannes-Peter-herberhold-e1729421239898.jpg","contentUrl":"https:\/\/radioleinewelle.de\/wp-content\/uploads\/2024\/10\/Johannes-Peter-herberhold-e1729421239898.jpg","width":1572,"height":1361},{"@type":"BreadcrumbList","@id":"https:\/\/radioleinewelle.de\/index.php\/2024\/10\/20\/33-goettinger-literaturherbst-ein-gespraech-mit-johannes-peter-herberhold\/#breadcrumb","itemListElement":[{"@type":"ListItem","position":1,"name":"Startseite","item":"https:\/\/radioleinewelle.de\/"},{"@type":"ListItem","position":2,"name":"33. G\u00f6ttinger Literaturherbst &#8211; ein Gespr\u00e4ch mit Johannes-Peter Herberhold"}]},{"@type":"WebSite","@id":"https:\/\/radioleinewelle.de\/#website","url":"https:\/\/radioleinewelle.de\/","name":"Radio Leinewelle","description":"","publisher":{"@id":"https:\/\/radioleinewelle.de\/#organization"},"potentialAction":[{"@type":"SearchAction","target":{"@type":"EntryPoint","urlTemplate":"https:\/\/radioleinewelle.de\/?s={search_term_string}"},"query-input":{"@type":"PropertyValueSpecification","valueRequired":true,"valueName":"search_term_string"}}],"inLanguage":"de"},{"@type":"Organization","@id":"https:\/\/radioleinewelle.de\/#organization","name":"Radio Leinewelle","alternateName":"Mein Radio f\u00fcr S\u00fcdniedersachsen","url":"https:\/\/radioleinewelle.de\/","logo":{"@type":"ImageObject","inLanguage":"de","@id":"https:\/\/radioleinewelle.de\/#\/schema\/logo\/image\/","url":"https:\/\/radioleinewelle.de\/wp-content\/uploads\/2023\/11\/cropped-Leinewelle_Logo_weiss.png","contentUrl":"https:\/\/radioleinewelle.de\/wp-content\/uploads\/2023\/11\/cropped-Leinewelle_Logo_weiss.png","width":854,"height":260,"caption":"Radio Leinewelle"},"image":{"@id":"https:\/\/radioleinewelle.de\/#\/schema\/logo\/image\/"},"sameAs":["https:\/\/www.facebook.com\/radioleinewelle","https:\/\/x.com\/RLeinewelle","https:\/\/www.instagram.com\/radioleinewelle\/?hl=de"]},{"@type":"Person","@id":"https:\/\/radioleinewelle.de\/#\/schema\/person\/45606f348637df637192dc1b68399a63","name":"Leinewelle","image":{"@type":"ImageObject","inLanguage":"de","@id":"https:\/\/secure.gravatar.com\/avatar\/05c9a17bc973052ee5d91549bd32fb4dd0dc85b7b85ae94b2e2b4943476bbea5?s=96&d=blank&r=g","url":"https:\/\/secure.gravatar.com\/avatar\/05c9a17bc973052ee5d91549bd32fb4dd0dc85b7b85ae94b2e2b4943476bbea5?s=96&d=blank&r=g","contentUrl":"https:\/\/secure.gravatar.com\/avatar\/05c9a17bc973052ee5d91549bd32fb4dd0dc85b7b85ae94b2e2b4943476bbea5?s=96&d=blank&r=g","caption":"Leinewelle"},"sameAs":["http:\/\/localhost\/radio%20leinewelle\/wordpress","https:\/\/www.facebook.com\/radioleinewelle","https:\/\/www.instagram.com\/radioleinewelle","https:\/\/x.com\/https:\/\/twitter.com\/RLeinewelle?ref_src=twsrcgoogletwcampserptwgrauthor","https:\/\/soundcloud.com\/foerderverein-lokalradio?utm_source=clipboard&utm_medium=text&utm_campaign=social_sharing"],"url":"https:\/\/radioleinewelle.de\/index.php\/author\/leinewelle\/"}]}},"_links":{"self":[{"href":"https:\/\/radioleinewelle.de\/index.php\/wp-json\/wp\/v2\/posts\/26478","targetHints":{"allow":["GET"]}}],"collection":[{"href":"https:\/\/radioleinewelle.de\/index.php\/wp-json\/wp\/v2\/posts"}],"about":[{"href":"https:\/\/radioleinewelle.de\/index.php\/wp-json\/wp\/v2\/types\/post"}],"author":[{"embeddable":true,"href":"https:\/\/radioleinewelle.de\/index.php\/wp-json\/wp\/v2\/users\/1"}],"replies":[{"embeddable":true,"href":"https:\/\/radioleinewelle.de\/index.php\/wp-json\/wp\/v2\/comments?post=26478"}],"version-history":[{"count":5,"href":"https:\/\/radioleinewelle.de\/index.php\/wp-json\/wp\/v2\/posts\/26478\/revisions"}],"predecessor-version":[{"id":26494,"href":"https:\/\/radioleinewelle.de\/index.php\/wp-json\/wp\/v2\/posts\/26478\/revisions\/26494"}],"wp:featuredmedia":[{"embeddable":true,"href":"https:\/\/radioleinewelle.de\/index.php\/wp-json\/wp\/v2\/media\/26480"}],"wp:attachment":[{"href":"https:\/\/radioleinewelle.de\/index.php\/wp-json\/wp\/v2\/media?parent=26478"}],"wp:term":[{"taxonomy":"category","embeddable":true,"href":"https:\/\/radioleinewelle.de\/index.php\/wp-json\/wp\/v2\/categories?post=26478"},{"taxonomy":"post_tag","embeddable":true,"href":"https:\/\/radioleinewelle.de\/index.php\/wp-json\/wp\/v2\/tags?post=26478"}],"curies":[{"name":"wp","href":"https:\/\/api.w.org\/{rel}","templated":true}]}}