{"id":26522,"date":"2024-10-23T09:39:52","date_gmt":"2024-10-23T07:39:52","guid":{"rendered":"https:\/\/radioleinewelle.de\/?p=26522"},"modified":"2024-10-23T09:39:53","modified_gmt":"2024-10-23T07:39:53","slug":"starker-start-beim-goettinger-literaturherbst-viele-veranstaltungen-ausverkauft","status":"publish","type":"post","link":"https:\/\/radioleinewelle.de\/index.php\/2024\/10\/23\/starker-start-beim-goettinger-literaturherbst-viele-veranstaltungen-ausverkauft\/","title":{"rendered":"Starker Start beim G\u00f6ttinger Literaturherbst &#8211; viele Veranstaltungen ausverkauft"},"content":{"rendered":"\n<p>Am Freitag, den 18.10., startete der 33. G\u00f6ttinger Literaturherbst in ein rekordverd\u00e4chtig erfolgreiches Wochenende. An vier Standorten gleichzeitig fiel um 19 Uhr der Startschuss vor teils ausverkauften S\u00e4len, die dann alle zum gut besuchten Er\u00f6ffnungsempfang im Festivalcaf\u00e9 bei H\u00e4ppchen und Getr\u00e4nken vom apex zusammenfanden. Der Gesch\u00e4ftsf\u00fchrer Hans-Peter Herberhold und die Oberb\u00fcrgermeisterin Petra Broistedt begr\u00fc\u00dften offiziell und den kr\u00f6nenden Abschluss des Abends bildete Maurice Kirya, der \u201eartist in residence\u201c des diesj\u00e4hrigen Festivals. In seinem Heimatland Uganda sowie international hat er sich mit seiner Musik bereits einen Namen gemacht, als Schauspieler ist er auch auf Netflix in dem Film\u00a0<em>The Girl in the Yellow Jumper<\/em>\u00a0zu bewundern. Wer neugierig auf seine \u2026 Musik ist, kann Kirya am\u00a0<strong>Samstag, den 26.10., um 19 Uhr im Alten Rathaus<\/strong>\u00a0bei einem\u00a0<strong>kostenlosen<\/strong>\u00a0<strong>Konzert\u00a0<\/strong>nochmal in aller Ruhe lauschen. Der Termin mit Sebastian\u00a0<strong>Klussmann<\/strong>\u00a0wurde auf den Folgetag,\u00a0<strong>auf Sonntag, den 27.10. verschoben<\/strong>\u00a0\u2013 gleicher Ort, gleiche Uhrzeit. Karten behalten ihre G\u00fcltigkeit. Auch hier soll es eine musikalische Kostprobe von Kirya geben.<br><\/p>\n\n\n\n\n\n<p class=\"has-text-align-center\"><strong><em><mark style=\"background-color:rgba(0, 0, 0, 0)\" class=\"has-inline-color has-kubio-color-2-color\">\u201eWir haben viel richtig gemacht\u201c<\/mark><\/em><\/strong><\/p>\n\n\n\n<p><strong>Johannes-Peter Herberhold<\/strong><\/p>\n\n\n\n\n\n<p>Auch der Samstag und er Sonntag waren ereignisreich: Standing Ovations in der Stadthalle in Einbeck und G\u00f6ttingen, die begeisterte Wiederentdeckung der Regionalliebe f\u00fcr Hans J\u00fcrgen von der Wense,\u00a0 israelisch-pal\u00e4stinensisches Miteinander auf der B\u00fchne, die frisch gek\u00fcrte Buchpreistr\u00e4gerin und der vielleicht gr\u00f6\u00dfte Vogelwalk aller Zeiten waren nur einige der vielen Highlights. Es wurde philosophisch, lustig, politisch, pers\u00f6nlich und musikalisch \u2013 der Applaus wie die Gambenkl\u00e4nge und die Gedankeng\u00e4nge hallen allesamt noch nach.  \u00dcber drei Tage verteilt besuchten knapp 7000 G\u00e4ste die Veranstaltungen am Er\u00f6ffnungswochenende. Und das war erst der Anfang. Noch sechs Tage voller Programm warten auf die Menschen in G\u00f6ttingen und der Region.<\/p>\n\n\n\n<p>Bei dem Abend mit Ingo Schulze kann aus organisatorischen Gr\u00fcnden J\u00f6rg Thadeusz nicht dabei sein, wird aber geb\u00fchrend vertreten vom preisgekr\u00f6nten Dortmunder TV-Autor, Moderator und Unterhalter Thomas Koch.&nbsp;<\/p>\n\n\n\n<p>Auch wenn etliche Veranstaltungen bereits ausverkauft sind, gibt es noch f\u00fcr viele spannende Veranstaltungen Tickets zu erwerben unter\u00a0<a href=\"http:\/\/www.literaturherbst.com\/\"><strong>www.literaturherbst.com<\/strong><\/a>. Wer keinen Platz mehr ergattern konnte, darf gerne vom Sofa aus zusehen: mit dem <strong>OnAir Ticket f\u00fcr 25\u20ac<\/strong> haben Sie Zugang zu \u00fcber 60 Lesungen.<\/p>\n\n\n\n<p><strong>Foto: <\/strong>\u00a9G\u00f6ttinger Literaturherbst<\/p>\n\n\n\n<p><\/p>\n","protected":false},"excerpt":{"rendered":"<p>Am Freitag, den 18.10., startete der 33. G\u00f6ttinger Literaturherbst in ein rekordverd\u00e4chtig erfolgreiches Wochenende. An vier Standorten gleichzeitig fiel um 19 Uhr der Startschuss vor teils ausverkauften S\u00e4len, die dann alle zum gut besuchten Er\u00f6ffnungsempfang im Festivalcaf\u00e9 bei H\u00e4ppchen und Getr\u00e4nken vom apex zusammenfanden. Der Gesch\u00e4ftsf\u00fchrer Hans-Peter Herberhold und die Oberb\u00fcrgermeisterin Petra Broistedt begr\u00fc\u00dften offiziell [&hellip;]<\/p>\n","protected":false},"author":1,"featured_media":26525,"comment_status":"open","ping_status":"open","sticky":true,"template":"","format":"standard","meta":{"saved_in_kubio":false,"footnotes":""},"categories":[1],"tags":[],"class_list":["post-26522","post","type-post","status-publish","format-standard","has-post-thumbnail","hentry","category-allgemein"],"yoast_head":"<!-- This site is optimized with the Yoast SEO plugin v27.4 - https:\/\/yoast.com\/product\/yoast-seo-wordpress\/ -->\n<title>Starker Start beim G\u00f6ttinger Literaturherbst - viele Veranstaltungen ausverkauft - Radio Leinewelle<\/title>\n<meta name=\"robots\" content=\"index, follow, max-snippet:-1, max-image-preview:large, max-video-preview:-1\" \/>\n<link rel=\"canonical\" href=\"https:\/\/radioleinewelle.de\/index.php\/2024\/10\/23\/starker-start-beim-goettinger-literaturherbst-viele-veranstaltungen-ausverkauft\/\" \/>\n<meta property=\"og:locale\" content=\"de_DE\" \/>\n<meta property=\"og:type\" content=\"article\" \/>\n<meta property=\"og:title\" content=\"Starker Start beim G\u00f6ttinger Literaturherbst - viele Veranstaltungen ausverkauft - Radio Leinewelle\" \/>\n<meta property=\"og:description\" content=\"Am Freitag, den 18.10., startete der 33. G\u00f6ttinger Literaturherbst in ein rekordverd\u00e4chtig erfolgreiches Wochenende. An vier Standorten gleichzeitig fiel um 19 Uhr der Startschuss vor teils ausverkauften S\u00e4len, die dann alle zum gut besuchten Er\u00f6ffnungsempfang im Festivalcaf\u00e9 bei H\u00e4ppchen und Getr\u00e4nken vom apex zusammenfanden. Der Gesch\u00e4ftsf\u00fchrer Hans-Peter Herberhold und die Oberb\u00fcrgermeisterin Petra Broistedt begr\u00fc\u00dften offiziell [&hellip;]\" \/>\n<meta property=\"og:url\" content=\"https:\/\/radioleinewelle.de\/index.php\/2024\/10\/23\/starker-start-beim-goettinger-literaturherbst-viele-veranstaltungen-ausverkauft\/\" \/>\n<meta property=\"og:site_name\" content=\"Radio Leinewelle\" \/>\n<meta property=\"article:publisher\" content=\"https:\/\/www.facebook.com\/radioleinewelle\" \/>\n<meta property=\"article:author\" content=\"https:\/\/www.facebook.com\/radioleinewelle\" \/>\n<meta property=\"article:published_time\" content=\"2024-10-23T07:39:52+00:00\" \/>\n<meta property=\"article:modified_time\" content=\"2024-10-23T07:39:53+00:00\" \/>\n<meta property=\"og:image\" content=\"https:\/\/radioleinewelle.de\/wp-content\/uploads\/2024\/10\/hcd_GoeLHerbst_Cover-Website_2024_1200x1200p-x_04.jpg\" \/>\n\t<meta property=\"og:image:width\" content=\"1200\" \/>\n\t<meta property=\"og:image:height\" content=\"1200\" \/>\n\t<meta property=\"og:image:type\" content=\"image\/jpeg\" \/>\n<meta name=\"author\" content=\"Leinewelle\" \/>\n<meta name=\"twitter:card\" content=\"summary_large_image\" \/>\n<meta name=\"twitter:creator\" content=\"@https:\/\/twitter.com\/RLeinewelle?ref_src=twsrcgoogletwcampserptwgrauthor\" \/>\n<meta name=\"twitter:site\" content=\"@RLeinewelle\" \/>\n<meta name=\"twitter:label1\" content=\"Verfasst von\" \/>\n\t<meta name=\"twitter:data1\" content=\"Leinewelle\" \/>\n\t<meta name=\"twitter:label2\" content=\"Gesch\u00e4tzte Lesezeit\" \/>\n\t<meta name=\"twitter:data2\" content=\"3\u00a0Minuten\" \/>\n<script type=\"application\/ld+json\" class=\"yoast-schema-graph\">{\"@context\":\"https:\\\/\\\/schema.org\",\"@graph\":[{\"@type\":\"Article\",\"@id\":\"https:\\\/\\\/radioleinewelle.de\\\/index.php\\\/2024\\\/10\\\/23\\\/starker-start-beim-goettinger-literaturherbst-viele-veranstaltungen-ausverkauft\\\/#article\",\"isPartOf\":{\"@id\":\"https:\\\/\\\/radioleinewelle.de\\\/index.php\\\/2024\\\/10\\\/23\\\/starker-start-beim-goettinger-literaturherbst-viele-veranstaltungen-ausverkauft\\\/\"},\"author\":{\"name\":\"Leinewelle\",\"@id\":\"https:\\\/\\\/radioleinewelle.de\\\/#\\\/schema\\\/person\\\/45606f348637df637192dc1b68399a63\"},\"headline\":\"Starker Start beim G\u00f6ttinger Literaturherbst &#8211; viele Veranstaltungen ausverkauft\",\"datePublished\":\"2024-10-23T07:39:52+00:00\",\"dateModified\":\"2024-10-23T07:39:53+00:00\",\"mainEntityOfPage\":{\"@id\":\"https:\\\/\\\/radioleinewelle.de\\\/index.php\\\/2024\\\/10\\\/23\\\/starker-start-beim-goettinger-literaturherbst-viele-veranstaltungen-ausverkauft\\\/\"},\"wordCount\":386,\"commentCount\":0,\"publisher\":{\"@id\":\"https:\\\/\\\/radioleinewelle.de\\\/#organization\"},\"image\":{\"@id\":\"https:\\\/\\\/radioleinewelle.de\\\/index.php\\\/2024\\\/10\\\/23\\\/starker-start-beim-goettinger-literaturherbst-viele-veranstaltungen-ausverkauft\\\/#primaryimage\"},\"thumbnailUrl\":\"https:\\\/\\\/radioleinewelle.de\\\/wp-content\\\/uploads\\\/2024\\\/10\\\/hcd_GoeLHerbst_Cover-Website_2024_1200x1200p-x_04.jpg\",\"inLanguage\":\"de\",\"potentialAction\":[{\"@type\":\"CommentAction\",\"name\":\"Comment\",\"target\":[\"https:\\\/\\\/radioleinewelle.de\\\/index.php\\\/2024\\\/10\\\/23\\\/starker-start-beim-goettinger-literaturherbst-viele-veranstaltungen-ausverkauft\\\/#respond\"]}]},{\"@type\":\"WebPage\",\"@id\":\"https:\\\/\\\/radioleinewelle.de\\\/index.php\\\/2024\\\/10\\\/23\\\/starker-start-beim-goettinger-literaturherbst-viele-veranstaltungen-ausverkauft\\\/\",\"url\":\"https:\\\/\\\/radioleinewelle.de\\\/index.php\\\/2024\\\/10\\\/23\\\/starker-start-beim-goettinger-literaturherbst-viele-veranstaltungen-ausverkauft\\\/\",\"name\":\"Starker Start beim G\u00f6ttinger Literaturherbst - viele Veranstaltungen ausverkauft - Radio Leinewelle\",\"isPartOf\":{\"@id\":\"https:\\\/\\\/radioleinewelle.de\\\/#website\"},\"primaryImageOfPage\":{\"@id\":\"https:\\\/\\\/radioleinewelle.de\\\/index.php\\\/2024\\\/10\\\/23\\\/starker-start-beim-goettinger-literaturherbst-viele-veranstaltungen-ausverkauft\\\/#primaryimage\"},\"image\":{\"@id\":\"https:\\\/\\\/radioleinewelle.de\\\/index.php\\\/2024\\\/10\\\/23\\\/starker-start-beim-goettinger-literaturherbst-viele-veranstaltungen-ausverkauft\\\/#primaryimage\"},\"thumbnailUrl\":\"https:\\\/\\\/radioleinewelle.de\\\/wp-content\\\/uploads\\\/2024\\\/10\\\/hcd_GoeLHerbst_Cover-Website_2024_1200x1200p-x_04.jpg\",\"datePublished\":\"2024-10-23T07:39:52+00:00\",\"dateModified\":\"2024-10-23T07:39:53+00:00\",\"breadcrumb\":{\"@id\":\"https:\\\/\\\/radioleinewelle.de\\\/index.php\\\/2024\\\/10\\\/23\\\/starker-start-beim-goettinger-literaturherbst-viele-veranstaltungen-ausverkauft\\\/#breadcrumb\"},\"inLanguage\":\"de\",\"potentialAction\":[{\"@type\":\"ReadAction\",\"target\":[\"https:\\\/\\\/radioleinewelle.de\\\/index.php\\\/2024\\\/10\\\/23\\\/starker-start-beim-goettinger-literaturherbst-viele-veranstaltungen-ausverkauft\\\/\"]}]},{\"@type\":\"ImageObject\",\"inLanguage\":\"de\",\"@id\":\"https:\\\/\\\/radioleinewelle.de\\\/index.php\\\/2024\\\/10\\\/23\\\/starker-start-beim-goettinger-literaturherbst-viele-veranstaltungen-ausverkauft\\\/#primaryimage\",\"url\":\"https:\\\/\\\/radioleinewelle.de\\\/wp-content\\\/uploads\\\/2024\\\/10\\\/hcd_GoeLHerbst_Cover-Website_2024_1200x1200p-x_04.jpg\",\"contentUrl\":\"https:\\\/\\\/radioleinewelle.de\\\/wp-content\\\/uploads\\\/2024\\\/10\\\/hcd_GoeLHerbst_Cover-Website_2024_1200x1200p-x_04.jpg\",\"width\":1200,\"height\":1200},{\"@type\":\"BreadcrumbList\",\"@id\":\"https:\\\/\\\/radioleinewelle.de\\\/index.php\\\/2024\\\/10\\\/23\\\/starker-start-beim-goettinger-literaturherbst-viele-veranstaltungen-ausverkauft\\\/#breadcrumb\",\"itemListElement\":[{\"@type\":\"ListItem\",\"position\":1,\"name\":\"Startseite\",\"item\":\"https:\\\/\\\/radioleinewelle.de\\\/\"},{\"@type\":\"ListItem\",\"position\":2,\"name\":\"Starker Start beim G\u00f6ttinger Literaturherbst &#8211; viele Veranstaltungen ausverkauft\"}]},{\"@type\":\"WebSite\",\"@id\":\"https:\\\/\\\/radioleinewelle.de\\\/#website\",\"url\":\"https:\\\/\\\/radioleinewelle.de\\\/\",\"name\":\"Radio Leinewelle\",\"description\":\"\",\"publisher\":{\"@id\":\"https:\\\/\\\/radioleinewelle.de\\\/#organization\"},\"potentialAction\":[{\"@type\":\"SearchAction\",\"target\":{\"@type\":\"EntryPoint\",\"urlTemplate\":\"https:\\\/\\\/radioleinewelle.de\\\/?s={search_term_string}\"},\"query-input\":{\"@type\":\"PropertyValueSpecification\",\"valueRequired\":true,\"valueName\":\"search_term_string\"}}],\"inLanguage\":\"de\"},{\"@type\":\"Organization\",\"@id\":\"https:\\\/\\\/radioleinewelle.de\\\/#organization\",\"name\":\"Radio Leinewelle\",\"alternateName\":\"Mein Radio f\u00fcr S\u00fcdniedersachsen\",\"url\":\"https:\\\/\\\/radioleinewelle.de\\\/\",\"logo\":{\"@type\":\"ImageObject\",\"inLanguage\":\"de\",\"@id\":\"https:\\\/\\\/radioleinewelle.de\\\/#\\\/schema\\\/logo\\\/image\\\/\",\"url\":\"https:\\\/\\\/radioleinewelle.de\\\/wp-content\\\/uploads\\\/2023\\\/11\\\/cropped-Leinewelle_Logo_weiss.png\",\"contentUrl\":\"https:\\\/\\\/radioleinewelle.de\\\/wp-content\\\/uploads\\\/2023\\\/11\\\/cropped-Leinewelle_Logo_weiss.png\",\"width\":854,\"height\":260,\"caption\":\"Radio Leinewelle\"},\"image\":{\"@id\":\"https:\\\/\\\/radioleinewelle.de\\\/#\\\/schema\\\/logo\\\/image\\\/\"},\"sameAs\":[\"https:\\\/\\\/www.facebook.com\\\/radioleinewelle\",\"https:\\\/\\\/x.com\\\/RLeinewelle\",\"https:\\\/\\\/www.instagram.com\\\/radioleinewelle\\\/?hl=de\"]},{\"@type\":\"Person\",\"@id\":\"https:\\\/\\\/radioleinewelle.de\\\/#\\\/schema\\\/person\\\/45606f348637df637192dc1b68399a63\",\"name\":\"Leinewelle\",\"image\":{\"@type\":\"ImageObject\",\"inLanguage\":\"de\",\"@id\":\"https:\\\/\\\/secure.gravatar.com\\\/avatar\\\/05c9a17bc973052ee5d91549bd32fb4dd0dc85b7b85ae94b2e2b4943476bbea5?s=96&d=blank&r=g\",\"url\":\"https:\\\/\\\/secure.gravatar.com\\\/avatar\\\/05c9a17bc973052ee5d91549bd32fb4dd0dc85b7b85ae94b2e2b4943476bbea5?s=96&d=blank&r=g\",\"contentUrl\":\"https:\\\/\\\/secure.gravatar.com\\\/avatar\\\/05c9a17bc973052ee5d91549bd32fb4dd0dc85b7b85ae94b2e2b4943476bbea5?s=96&d=blank&r=g\",\"caption\":\"Leinewelle\"},\"sameAs\":[\"http:\\\/\\\/localhost\\\/radio%20leinewelle\\\/wordpress\",\"https:\\\/\\\/www.facebook.com\\\/radioleinewelle\",\"https:\\\/\\\/www.instagram.com\\\/radioleinewelle\",\"https:\\\/\\\/x.com\\\/https:\\\/\\\/twitter.com\\\/RLeinewelle?ref_src=twsrcgoogletwcampserptwgrauthor\",\"https:\\\/\\\/soundcloud.com\\\/foerderverein-lokalradio?utm_source=clipboard&utm_medium=text&utm_campaign=social_sharing\"],\"url\":\"https:\\\/\\\/radioleinewelle.de\\\/index.php\\\/author\\\/leinewelle\\\/\"}]}<\/script>\n<!-- \/ Yoast SEO plugin. -->","yoast_head_json":{"title":"Starker Start beim G\u00f6ttinger Literaturherbst - viele Veranstaltungen ausverkauft - Radio Leinewelle","robots":{"index":"index","follow":"follow","max-snippet":"max-snippet:-1","max-image-preview":"max-image-preview:large","max-video-preview":"max-video-preview:-1"},"canonical":"https:\/\/radioleinewelle.de\/index.php\/2024\/10\/23\/starker-start-beim-goettinger-literaturherbst-viele-veranstaltungen-ausverkauft\/","og_locale":"de_DE","og_type":"article","og_title":"Starker Start beim G\u00f6ttinger Literaturherbst - viele Veranstaltungen ausverkauft - Radio Leinewelle","og_description":"Am Freitag, den 18.10., startete der 33. G\u00f6ttinger Literaturherbst in ein rekordverd\u00e4chtig erfolgreiches Wochenende. An vier Standorten gleichzeitig fiel um 19 Uhr der Startschuss vor teils ausverkauften S\u00e4len, die dann alle zum gut besuchten Er\u00f6ffnungsempfang im Festivalcaf\u00e9 bei H\u00e4ppchen und Getr\u00e4nken vom apex zusammenfanden. Der Gesch\u00e4ftsf\u00fchrer Hans-Peter Herberhold und die Oberb\u00fcrgermeisterin Petra Broistedt begr\u00fc\u00dften offiziell [&hellip;]","og_url":"https:\/\/radioleinewelle.de\/index.php\/2024\/10\/23\/starker-start-beim-goettinger-literaturherbst-viele-veranstaltungen-ausverkauft\/","og_site_name":"Radio Leinewelle","article_publisher":"https:\/\/www.facebook.com\/radioleinewelle","article_author":"https:\/\/www.facebook.com\/radioleinewelle","article_published_time":"2024-10-23T07:39:52+00:00","article_modified_time":"2024-10-23T07:39:53+00:00","og_image":[{"width":1200,"height":1200,"url":"https:\/\/radioleinewelle.de\/wp-content\/uploads\/2024\/10\/hcd_GoeLHerbst_Cover-Website_2024_1200x1200p-x_04.jpg","type":"image\/jpeg"}],"author":"Leinewelle","twitter_card":"summary_large_image","twitter_creator":"@https:\/\/twitter.com\/RLeinewelle?ref_src=twsrcgoogletwcampserptwgrauthor","twitter_site":"@RLeinewelle","twitter_misc":{"Verfasst von":"Leinewelle","Gesch\u00e4tzte Lesezeit":"3\u00a0Minuten"},"schema":{"@context":"https:\/\/schema.org","@graph":[{"@type":"Article","@id":"https:\/\/radioleinewelle.de\/index.php\/2024\/10\/23\/starker-start-beim-goettinger-literaturherbst-viele-veranstaltungen-ausverkauft\/#article","isPartOf":{"@id":"https:\/\/radioleinewelle.de\/index.php\/2024\/10\/23\/starker-start-beim-goettinger-literaturherbst-viele-veranstaltungen-ausverkauft\/"},"author":{"name":"Leinewelle","@id":"https:\/\/radioleinewelle.de\/#\/schema\/person\/45606f348637df637192dc1b68399a63"},"headline":"Starker Start beim G\u00f6ttinger Literaturherbst &#8211; viele Veranstaltungen ausverkauft","datePublished":"2024-10-23T07:39:52+00:00","dateModified":"2024-10-23T07:39:53+00:00","mainEntityOfPage":{"@id":"https:\/\/radioleinewelle.de\/index.php\/2024\/10\/23\/starker-start-beim-goettinger-literaturherbst-viele-veranstaltungen-ausverkauft\/"},"wordCount":386,"commentCount":0,"publisher":{"@id":"https:\/\/radioleinewelle.de\/#organization"},"image":{"@id":"https:\/\/radioleinewelle.de\/index.php\/2024\/10\/23\/starker-start-beim-goettinger-literaturherbst-viele-veranstaltungen-ausverkauft\/#primaryimage"},"thumbnailUrl":"https:\/\/radioleinewelle.de\/wp-content\/uploads\/2024\/10\/hcd_GoeLHerbst_Cover-Website_2024_1200x1200p-x_04.jpg","inLanguage":"de","potentialAction":[{"@type":"CommentAction","name":"Comment","target":["https:\/\/radioleinewelle.de\/index.php\/2024\/10\/23\/starker-start-beim-goettinger-literaturherbst-viele-veranstaltungen-ausverkauft\/#respond"]}]},{"@type":"WebPage","@id":"https:\/\/radioleinewelle.de\/index.php\/2024\/10\/23\/starker-start-beim-goettinger-literaturherbst-viele-veranstaltungen-ausverkauft\/","url":"https:\/\/radioleinewelle.de\/index.php\/2024\/10\/23\/starker-start-beim-goettinger-literaturherbst-viele-veranstaltungen-ausverkauft\/","name":"Starker Start beim G\u00f6ttinger Literaturherbst - viele Veranstaltungen ausverkauft - Radio Leinewelle","isPartOf":{"@id":"https:\/\/radioleinewelle.de\/#website"},"primaryImageOfPage":{"@id":"https:\/\/radioleinewelle.de\/index.php\/2024\/10\/23\/starker-start-beim-goettinger-literaturherbst-viele-veranstaltungen-ausverkauft\/#primaryimage"},"image":{"@id":"https:\/\/radioleinewelle.de\/index.php\/2024\/10\/23\/starker-start-beim-goettinger-literaturherbst-viele-veranstaltungen-ausverkauft\/#primaryimage"},"thumbnailUrl":"https:\/\/radioleinewelle.de\/wp-content\/uploads\/2024\/10\/hcd_GoeLHerbst_Cover-Website_2024_1200x1200p-x_04.jpg","datePublished":"2024-10-23T07:39:52+00:00","dateModified":"2024-10-23T07:39:53+00:00","breadcrumb":{"@id":"https:\/\/radioleinewelle.de\/index.php\/2024\/10\/23\/starker-start-beim-goettinger-literaturherbst-viele-veranstaltungen-ausverkauft\/#breadcrumb"},"inLanguage":"de","potentialAction":[{"@type":"ReadAction","target":["https:\/\/radioleinewelle.de\/index.php\/2024\/10\/23\/starker-start-beim-goettinger-literaturherbst-viele-veranstaltungen-ausverkauft\/"]}]},{"@type":"ImageObject","inLanguage":"de","@id":"https:\/\/radioleinewelle.de\/index.php\/2024\/10\/23\/starker-start-beim-goettinger-literaturherbst-viele-veranstaltungen-ausverkauft\/#primaryimage","url":"https:\/\/radioleinewelle.de\/wp-content\/uploads\/2024\/10\/hcd_GoeLHerbst_Cover-Website_2024_1200x1200p-x_04.jpg","contentUrl":"https:\/\/radioleinewelle.de\/wp-content\/uploads\/2024\/10\/hcd_GoeLHerbst_Cover-Website_2024_1200x1200p-x_04.jpg","width":1200,"height":1200},{"@type":"BreadcrumbList","@id":"https:\/\/radioleinewelle.de\/index.php\/2024\/10\/23\/starker-start-beim-goettinger-literaturherbst-viele-veranstaltungen-ausverkauft\/#breadcrumb","itemListElement":[{"@type":"ListItem","position":1,"name":"Startseite","item":"https:\/\/radioleinewelle.de\/"},{"@type":"ListItem","position":2,"name":"Starker Start beim G\u00f6ttinger Literaturherbst &#8211; viele Veranstaltungen ausverkauft"}]},{"@type":"WebSite","@id":"https:\/\/radioleinewelle.de\/#website","url":"https:\/\/radioleinewelle.de\/","name":"Radio Leinewelle","description":"","publisher":{"@id":"https:\/\/radioleinewelle.de\/#organization"},"potentialAction":[{"@type":"SearchAction","target":{"@type":"EntryPoint","urlTemplate":"https:\/\/radioleinewelle.de\/?s={search_term_string}"},"query-input":{"@type":"PropertyValueSpecification","valueRequired":true,"valueName":"search_term_string"}}],"inLanguage":"de"},{"@type":"Organization","@id":"https:\/\/radioleinewelle.de\/#organization","name":"Radio Leinewelle","alternateName":"Mein Radio f\u00fcr S\u00fcdniedersachsen","url":"https:\/\/radioleinewelle.de\/","logo":{"@type":"ImageObject","inLanguage":"de","@id":"https:\/\/radioleinewelle.de\/#\/schema\/logo\/image\/","url":"https:\/\/radioleinewelle.de\/wp-content\/uploads\/2023\/11\/cropped-Leinewelle_Logo_weiss.png","contentUrl":"https:\/\/radioleinewelle.de\/wp-content\/uploads\/2023\/11\/cropped-Leinewelle_Logo_weiss.png","width":854,"height":260,"caption":"Radio Leinewelle"},"image":{"@id":"https:\/\/radioleinewelle.de\/#\/schema\/logo\/image\/"},"sameAs":["https:\/\/www.facebook.com\/radioleinewelle","https:\/\/x.com\/RLeinewelle","https:\/\/www.instagram.com\/radioleinewelle\/?hl=de"]},{"@type":"Person","@id":"https:\/\/radioleinewelle.de\/#\/schema\/person\/45606f348637df637192dc1b68399a63","name":"Leinewelle","image":{"@type":"ImageObject","inLanguage":"de","@id":"https:\/\/secure.gravatar.com\/avatar\/05c9a17bc973052ee5d91549bd32fb4dd0dc85b7b85ae94b2e2b4943476bbea5?s=96&d=blank&r=g","url":"https:\/\/secure.gravatar.com\/avatar\/05c9a17bc973052ee5d91549bd32fb4dd0dc85b7b85ae94b2e2b4943476bbea5?s=96&d=blank&r=g","contentUrl":"https:\/\/secure.gravatar.com\/avatar\/05c9a17bc973052ee5d91549bd32fb4dd0dc85b7b85ae94b2e2b4943476bbea5?s=96&d=blank&r=g","caption":"Leinewelle"},"sameAs":["http:\/\/localhost\/radio%20leinewelle\/wordpress","https:\/\/www.facebook.com\/radioleinewelle","https:\/\/www.instagram.com\/radioleinewelle","https:\/\/x.com\/https:\/\/twitter.com\/RLeinewelle?ref_src=twsrcgoogletwcampserptwgrauthor","https:\/\/soundcloud.com\/foerderverein-lokalradio?utm_source=clipboard&utm_medium=text&utm_campaign=social_sharing"],"url":"https:\/\/radioleinewelle.de\/index.php\/author\/leinewelle\/"}]}},"_links":{"self":[{"href":"https:\/\/radioleinewelle.de\/index.php\/wp-json\/wp\/v2\/posts\/26522","targetHints":{"allow":["GET"]}}],"collection":[{"href":"https:\/\/radioleinewelle.de\/index.php\/wp-json\/wp\/v2\/posts"}],"about":[{"href":"https:\/\/radioleinewelle.de\/index.php\/wp-json\/wp\/v2\/types\/post"}],"author":[{"embeddable":true,"href":"https:\/\/radioleinewelle.de\/index.php\/wp-json\/wp\/v2\/users\/1"}],"replies":[{"embeddable":true,"href":"https:\/\/radioleinewelle.de\/index.php\/wp-json\/wp\/v2\/comments?post=26522"}],"version-history":[{"count":3,"href":"https:\/\/radioleinewelle.de\/index.php\/wp-json\/wp\/v2\/posts\/26522\/revisions"}],"predecessor-version":[{"id":26527,"href":"https:\/\/radioleinewelle.de\/index.php\/wp-json\/wp\/v2\/posts\/26522\/revisions\/26527"}],"wp:featuredmedia":[{"embeddable":true,"href":"https:\/\/radioleinewelle.de\/index.php\/wp-json\/wp\/v2\/media\/26525"}],"wp:attachment":[{"href":"https:\/\/radioleinewelle.de\/index.php\/wp-json\/wp\/v2\/media?parent=26522"}],"wp:term":[{"taxonomy":"category","embeddable":true,"href":"https:\/\/radioleinewelle.de\/index.php\/wp-json\/wp\/v2\/categories?post=26522"},{"taxonomy":"post_tag","embeddable":true,"href":"https:\/\/radioleinewelle.de\/index.php\/wp-json\/wp\/v2\/tags?post=26522"}],"curies":[{"name":"wp","href":"https:\/\/api.w.org\/{rel}","templated":true}]}}