{"id":26529,"date":"2024-10-24T10:06:15","date_gmt":"2024-10-24T08:06:15","guid":{"rendered":"https:\/\/radioleinewelle.de\/?p=26529"},"modified":"2024-10-24T10:06:16","modified_gmt":"2024-10-24T08:06:16","slug":"umg-verabschiedet-prof-gerd-hasenfuss-in-den-ruhestand","status":"publish","type":"post","link":"https:\/\/radioleinewelle.de\/index.php\/2024\/10\/24\/umg-verabschiedet-prof-gerd-hasenfuss-in-den-ruhestand\/","title":{"rendered":"UMG verabschiedet Prof. Gerd Hasenfu\u00df in den Ruhestand"},"content":{"rendered":"\n<p>Es passiert wohl selten, dass der gr\u00f6\u00dfte H\u00f6rsaal der G\u00f6ttinger Universit\u00e4tsmedizin so gef\u00fcllt war wie am vergangenen Freitag. \u00dcberf\u00fcllt muss man wohl sagen, denn selbst in den G\u00e4ngen standen Menschen, um der letzten Vorlesung vom Kardiologen Prof. Gerd Hasenfu\u00df zu lauschen und diesen renommierten Klinikdirektor angemessen zu verabschieden. Auch Ehreng\u00e4ste hatten sich eingefunden, wie z.B. die ehemalige Pr\u00e4sidentin des Nieders\u00e4chsischen Landtags Gabriela Andretta und der ehemalige Vorstandssprecher der UMG und derzeitige Chef der Charit\u00e9, Prof. Heyo Kroemer. 26 Jahre lang war Prof. Gerd Hasenfu\u00df Chef der Kardiologie, engagiert widmete er sich dem Thema Herzinsuffizienz in seiner ganzen Bandbreite. Er baute das G\u00f6ttinger Herzzentrum zu einem der weltweit renommiertesten Zentren auf, ca. 80 Millionen Drittmittel f\u00fcr die Forschung wurden eingeworben. \u00dcber 200 Klinische Studien wurden in der Klinik durchgef\u00fchrt, die Translation von wissenschaftlichen Ergebnissen in die Patientenversorgung war Hasenfu\u00df ein gro\u00dfes Anliegen, so der Vorstandssprecher der UMG Prof. Wolfgang Br\u00fcck in seiner Laudatio.<br>\u201eDu musst der Uni gestatten, sich bei Dir zu bedanken\u201c, betonte Prof. Dr.med. Michael Ghadimi, Chef der Klinik f\u00fcr Allgemein-, Kinder- und Vizeralchirurgie an der UMG, in seiner sehr pers\u00f6nlichen Ansprache. Gerd Hasenfu\u00df sei in seiner Arbeit immer sehr dicht am Patienten gewesen. Seine Synthese von Erfahrung, Wissen und Empathie mache im besten Sinne die Essenz des Arztberufs aus, so Ghadimi. Aufrichtige Zuwendung zu dem Patienten sei die Grundvoraussetzung f\u00fcr ein gutes Patienten\/Arzt Verh\u00e4ltnis. Hasenfu\u00df Neugier, Hartn\u00e4ckigkeit und Selbstdisziplin, sowie seine Beharrlichkeit bei Widrigkeiten lie\u00df Spielraum und schaffte Vertrauen und Motivation bei den Mitarbeiter*innen. Diese Grund\u00fcberzeugungen spiegelten sich auch in der Abschiedsvorlesung von Prof. Hasenfu\u00df wider. Unter dem Titel \u201eInteraktion und Innovation\u201c schlug er einen Bogen von seiner wissenschaftlichen Arbeit in den letzten 26 Jahren, bis hin zu einer W\u00fcrdigung seines gro\u00dfen Mitarbeiterstabs in diesen Jahren.<\/p>\n\n\n\n\n\n<p class=\"has-text-align-center\"><em><strong><mark style=\"background-color:rgba(0, 0, 0, 0)\" class=\"has-inline-color has-kubio-color-2-color\">Nur wenn alle Berufsgruppen interagieren, kann eine gute Patientenversorgung funktionieren<\/mark><\/strong><\/em><br><strong>Prof. Dr. med. Gerd Hasenfu\u00df<\/strong><\/p>\n\n\n\n\n\n<p>Als Klinikdirektor hat er junge \u00c4rzte ausgebildet, gef\u00f6rdert und in entsprechende Positionen gebracht. Als Hochschullehrer erkannte er: Lehre muss multidisziplin\u00e4r sein. Er hat den Aufbau der Geriatrie vorangetrieben und sich f\u00fcr krankheits- und organ\u00fcbergreifende Patientenbehandlung und Forschung engagiert. Das k\u00fcrzlich eingeweihte Heart and Brain Center <a href=\"https:\/\/radioleinewelle.de\/index.php\/2024\/08\/25\/heart-brain-center-an-der-umg-eroeffnet-forschung-ueber-organgrenzen-hinweg\/\">(s. unser Bericht)<\/a> ist nur ein Beispiel dieser Entwicklung. Weitere Forschungsgeb\u00e4ude sind in den letzten Jahren auf dem Campusgel\u00e4nde entstanden. Das Herzforschungsgeb\u00e4ude (2017) und ein Sonderbau f\u00fcr MRT, indem eine Echtzeitdarstellung von Bildern aus dem Herzen mittels Magnetresonanztomographie m\u00f6glich ist. Alles auch ein Ergebnis konsequenten Aufbaus eines EU-weiten Netzwerks, unabdingbar f\u00fcr eine internationale Reputation und Sichtbarkeit.<br><\/p>\n\n\n\n\n\n<p><br>Prof. Hasenfu\u00df wird auch in seinem \u201eUnruhestand\u201c der UMG im Rehazentrum Lippoldsberg erhalten bleiben. Hier wird er sich einmal in der Woche der Patientenversorgung widmen. Seiner Sportbegeisterung f\u00fcr das Skifahren und Segeln kann er jetzt mehr Zeit widmen. Mit \u201eVielen Dank &amp; Adieu\u201c und My Way, gespielt von einem klassischen Trio, verabschiedete sich dieser begnadete Arzt, Wissenschaftler und Lehrer von der UMG. Das Auditorium dankte ihm mit minutenlangem Applaus und Standing Ovations.\u00a0<br>Anl\u00e4sslich der Verabschiedung von Prof. Gerd Hasenfu\u00df und Prof. Thomas Paul ist im Herzzentrum der UMG eine neue Ausgabe der &#8222;HZG aktuell&#8220; erschienen.<br><strong><a href=\"http:\/\/www.herzzentrum.um.eu\">Sie findet sich hier<\/a><\/strong><br><em>Ulf Engelmayer<\/em><\/p>\n\n\n\n<p><strong>Fotos:<\/strong> Swen Pf\u00f6rtner<\/p>\n","protected":false},"excerpt":{"rendered":"<p>Es passiert wohl selten, dass der gr\u00f6\u00dfte H\u00f6rsaal der G\u00f6ttinger Universit\u00e4tsmedizin so gef\u00fcllt war wie am vergangenen Freitag. \u00dcberf\u00fcllt muss man wohl sagen, denn selbst in den G\u00e4ngen standen Menschen, um der letzten Vorlesung vom Kardiologen Prof. Gerd Hasenfu\u00df zu lauschen und diesen renommierten Klinikdirektor angemessen zu verabschieden. Auch Ehreng\u00e4ste hatten sich eingefunden, wie z.B. [&hellip;]<\/p>\n","protected":false},"author":1,"featured_media":26531,"comment_status":"open","ping_status":"open","sticky":false,"template":"","format":"standard","meta":{"saved_in_kubio":false,"footnotes":""},"categories":[1],"tags":[],"class_list":["post-26529","post","type-post","status-publish","format-standard","has-post-thumbnail","hentry","category-allgemein"],"yoast_head":"<!-- This site is optimized with the Yoast SEO plugin v27.5 - https:\/\/yoast.com\/product\/yoast-seo-wordpress\/ -->\n<title>UMG verabschiedet Prof. Gerd Hasenfu\u00df in den Ruhestand - Radio Leinewelle<\/title>\n<meta name=\"robots\" content=\"index, follow, max-snippet:-1, max-image-preview:large, max-video-preview:-1\" \/>\n<link rel=\"canonical\" href=\"https:\/\/radioleinewelle.de\/index.php\/2024\/10\/24\/umg-verabschiedet-prof-gerd-hasenfuss-in-den-ruhestand\/\" \/>\n<meta property=\"og:locale\" content=\"de_DE\" \/>\n<meta property=\"og:type\" content=\"article\" \/>\n<meta property=\"og:title\" content=\"UMG verabschiedet Prof. Gerd Hasenfu\u00df in den Ruhestand - Radio Leinewelle\" \/>\n<meta property=\"og:description\" content=\"Es passiert wohl selten, dass der gr\u00f6\u00dfte H\u00f6rsaal der G\u00f6ttinger Universit\u00e4tsmedizin so gef\u00fcllt war wie am vergangenen Freitag. \u00dcberf\u00fcllt muss man wohl sagen, denn selbst in den G\u00e4ngen standen Menschen, um der letzten Vorlesung vom Kardiologen Prof. Gerd Hasenfu\u00df zu lauschen und diesen renommierten Klinikdirektor angemessen zu verabschieden. Auch Ehreng\u00e4ste hatten sich eingefunden, wie z.B. [&hellip;]\" \/>\n<meta property=\"og:url\" content=\"https:\/\/radioleinewelle.de\/index.php\/2024\/10\/24\/umg-verabschiedet-prof-gerd-hasenfuss-in-den-ruhestand\/\" \/>\n<meta property=\"og:site_name\" content=\"Radio Leinewelle\" \/>\n<meta property=\"article:publisher\" content=\"https:\/\/www.facebook.com\/radioleinewelle\" \/>\n<meta property=\"article:author\" content=\"https:\/\/www.facebook.com\/radioleinewelle\" \/>\n<meta property=\"article:published_time\" content=\"2024-10-24T08:06:15+00:00\" \/>\n<meta property=\"article:modified_time\" content=\"2024-10-24T08:06:16+00:00\" \/>\n<meta property=\"og:image\" content=\"https:\/\/radioleinewelle.de\/wp-content\/uploads\/2024\/10\/241018SPFSPF59985-scaled-e1729735852813.jpg\" \/>\n\t<meta property=\"og:image:width\" content=\"1000\" \/>\n\t<meta property=\"og:image:height\" content=\"666\" \/>\n\t<meta property=\"og:image:type\" content=\"image\/jpeg\" \/>\n<meta name=\"author\" content=\"Leinewelle\" \/>\n<meta name=\"twitter:card\" content=\"summary_large_image\" \/>\n<meta name=\"twitter:creator\" content=\"@https:\/\/twitter.com\/RLeinewelle?ref_src=twsrcgoogletwcampserptwgrauthor\" \/>\n<meta name=\"twitter:site\" content=\"@RLeinewelle\" \/>\n<meta name=\"twitter:label1\" content=\"Verfasst von\" \/>\n\t<meta name=\"twitter:data1\" content=\"Leinewelle\" \/>\n\t<meta name=\"twitter:label2\" content=\"Gesch\u00e4tzte Lesezeit\" \/>\n\t<meta name=\"twitter:data2\" content=\"4\u00a0Minuten\" \/>\n<script type=\"application\/ld+json\" class=\"yoast-schema-graph\">{\"@context\":\"https:\\\/\\\/schema.org\",\"@graph\":[{\"@type\":\"Article\",\"@id\":\"https:\\\/\\\/radioleinewelle.de\\\/index.php\\\/2024\\\/10\\\/24\\\/umg-verabschiedet-prof-gerd-hasenfuss-in-den-ruhestand\\\/#article\",\"isPartOf\":{\"@id\":\"https:\\\/\\\/radioleinewelle.de\\\/index.php\\\/2024\\\/10\\\/24\\\/umg-verabschiedet-prof-gerd-hasenfuss-in-den-ruhestand\\\/\"},\"author\":{\"name\":\"Leinewelle\",\"@id\":\"https:\\\/\\\/radioleinewelle.de\\\/#\\\/schema\\\/person\\\/45606f348637df637192dc1b68399a63\"},\"headline\":\"UMG verabschiedet Prof. Gerd Hasenfu\u00df in den Ruhestand\",\"datePublished\":\"2024-10-24T08:06:15+00:00\",\"dateModified\":\"2024-10-24T08:06:16+00:00\",\"mainEntityOfPage\":{\"@id\":\"https:\\\/\\\/radioleinewelle.de\\\/index.php\\\/2024\\\/10\\\/24\\\/umg-verabschiedet-prof-gerd-hasenfuss-in-den-ruhestand\\\/\"},\"wordCount\":552,\"commentCount\":0,\"publisher\":{\"@id\":\"https:\\\/\\\/radioleinewelle.de\\\/#organization\"},\"image\":{\"@id\":\"https:\\\/\\\/radioleinewelle.de\\\/index.php\\\/2024\\\/10\\\/24\\\/umg-verabschiedet-prof-gerd-hasenfuss-in-den-ruhestand\\\/#primaryimage\"},\"thumbnailUrl\":\"https:\\\/\\\/radioleinewelle.de\\\/wp-content\\\/uploads\\\/2024\\\/10\\\/241018SPFSPF59985-scaled-e1729735852813.jpg\",\"inLanguage\":\"de\",\"potentialAction\":[{\"@type\":\"CommentAction\",\"name\":\"Comment\",\"target\":[\"https:\\\/\\\/radioleinewelle.de\\\/index.php\\\/2024\\\/10\\\/24\\\/umg-verabschiedet-prof-gerd-hasenfuss-in-den-ruhestand\\\/#respond\"]}]},{\"@type\":\"WebPage\",\"@id\":\"https:\\\/\\\/radioleinewelle.de\\\/index.php\\\/2024\\\/10\\\/24\\\/umg-verabschiedet-prof-gerd-hasenfuss-in-den-ruhestand\\\/\",\"url\":\"https:\\\/\\\/radioleinewelle.de\\\/index.php\\\/2024\\\/10\\\/24\\\/umg-verabschiedet-prof-gerd-hasenfuss-in-den-ruhestand\\\/\",\"name\":\"UMG verabschiedet Prof. Gerd Hasenfu\u00df in den Ruhestand - Radio Leinewelle\",\"isPartOf\":{\"@id\":\"https:\\\/\\\/radioleinewelle.de\\\/#website\"},\"primaryImageOfPage\":{\"@id\":\"https:\\\/\\\/radioleinewelle.de\\\/index.php\\\/2024\\\/10\\\/24\\\/umg-verabschiedet-prof-gerd-hasenfuss-in-den-ruhestand\\\/#primaryimage\"},\"image\":{\"@id\":\"https:\\\/\\\/radioleinewelle.de\\\/index.php\\\/2024\\\/10\\\/24\\\/umg-verabschiedet-prof-gerd-hasenfuss-in-den-ruhestand\\\/#primaryimage\"},\"thumbnailUrl\":\"https:\\\/\\\/radioleinewelle.de\\\/wp-content\\\/uploads\\\/2024\\\/10\\\/241018SPFSPF59985-scaled-e1729735852813.jpg\",\"datePublished\":\"2024-10-24T08:06:15+00:00\",\"dateModified\":\"2024-10-24T08:06:16+00:00\",\"breadcrumb\":{\"@id\":\"https:\\\/\\\/radioleinewelle.de\\\/index.php\\\/2024\\\/10\\\/24\\\/umg-verabschiedet-prof-gerd-hasenfuss-in-den-ruhestand\\\/#breadcrumb\"},\"inLanguage\":\"de\",\"potentialAction\":[{\"@type\":\"ReadAction\",\"target\":[\"https:\\\/\\\/radioleinewelle.de\\\/index.php\\\/2024\\\/10\\\/24\\\/umg-verabschiedet-prof-gerd-hasenfuss-in-den-ruhestand\\\/\"]}]},{\"@type\":\"ImageObject\",\"inLanguage\":\"de\",\"@id\":\"https:\\\/\\\/radioleinewelle.de\\\/index.php\\\/2024\\\/10\\\/24\\\/umg-verabschiedet-prof-gerd-hasenfuss-in-den-ruhestand\\\/#primaryimage\",\"url\":\"https:\\\/\\\/radioleinewelle.de\\\/wp-content\\\/uploads\\\/2024\\\/10\\\/241018SPFSPF59985-scaled-e1729735852813.jpg\",\"contentUrl\":\"https:\\\/\\\/radioleinewelle.de\\\/wp-content\\\/uploads\\\/2024\\\/10\\\/241018SPFSPF59985-scaled-e1729735852813.jpg\",\"width\":1000,\"height\":666,\"caption\":\"Abschiedsvorlesung Gerd Hasenfu\u00df, 18.10.2024, G\u00f6ttingen. Foto: Swen Pf\u00f6rtner\"},{\"@type\":\"BreadcrumbList\",\"@id\":\"https:\\\/\\\/radioleinewelle.de\\\/index.php\\\/2024\\\/10\\\/24\\\/umg-verabschiedet-prof-gerd-hasenfuss-in-den-ruhestand\\\/#breadcrumb\",\"itemListElement\":[{\"@type\":\"ListItem\",\"position\":1,\"name\":\"Startseite\",\"item\":\"https:\\\/\\\/radioleinewelle.de\\\/\"},{\"@type\":\"ListItem\",\"position\":2,\"name\":\"UMG verabschiedet Prof. Gerd Hasenfu\u00df in den Ruhestand\"}]},{\"@type\":\"WebSite\",\"@id\":\"https:\\\/\\\/radioleinewelle.de\\\/#website\",\"url\":\"https:\\\/\\\/radioleinewelle.de\\\/\",\"name\":\"Radio Leinewelle\",\"description\":\"\",\"publisher\":{\"@id\":\"https:\\\/\\\/radioleinewelle.de\\\/#organization\"},\"potentialAction\":[{\"@type\":\"SearchAction\",\"target\":{\"@type\":\"EntryPoint\",\"urlTemplate\":\"https:\\\/\\\/radioleinewelle.de\\\/?s={search_term_string}\"},\"query-input\":{\"@type\":\"PropertyValueSpecification\",\"valueRequired\":true,\"valueName\":\"search_term_string\"}}],\"inLanguage\":\"de\"},{\"@type\":\"Organization\",\"@id\":\"https:\\\/\\\/radioleinewelle.de\\\/#organization\",\"name\":\"Radio Leinewelle\",\"alternateName\":\"Mein Radio f\u00fcr S\u00fcdniedersachsen\",\"url\":\"https:\\\/\\\/radioleinewelle.de\\\/\",\"logo\":{\"@type\":\"ImageObject\",\"inLanguage\":\"de\",\"@id\":\"https:\\\/\\\/radioleinewelle.de\\\/#\\\/schema\\\/logo\\\/image\\\/\",\"url\":\"https:\\\/\\\/radioleinewelle.de\\\/wp-content\\\/uploads\\\/2023\\\/11\\\/cropped-Leinewelle_Logo_weiss.png\",\"contentUrl\":\"https:\\\/\\\/radioleinewelle.de\\\/wp-content\\\/uploads\\\/2023\\\/11\\\/cropped-Leinewelle_Logo_weiss.png\",\"width\":854,\"height\":260,\"caption\":\"Radio Leinewelle\"},\"image\":{\"@id\":\"https:\\\/\\\/radioleinewelle.de\\\/#\\\/schema\\\/logo\\\/image\\\/\"},\"sameAs\":[\"https:\\\/\\\/www.facebook.com\\\/radioleinewelle\",\"https:\\\/\\\/x.com\\\/RLeinewelle\",\"https:\\\/\\\/www.instagram.com\\\/radioleinewelle\\\/?hl=de\"]},{\"@type\":\"Person\",\"@id\":\"https:\\\/\\\/radioleinewelle.de\\\/#\\\/schema\\\/person\\\/45606f348637df637192dc1b68399a63\",\"name\":\"Leinewelle\",\"image\":{\"@type\":\"ImageObject\",\"inLanguage\":\"de\",\"@id\":\"https:\\\/\\\/secure.gravatar.com\\\/avatar\\\/05c9a17bc973052ee5d91549bd32fb4dd0dc85b7b85ae94b2e2b4943476bbea5?s=96&d=blank&r=g\",\"url\":\"https:\\\/\\\/secure.gravatar.com\\\/avatar\\\/05c9a17bc973052ee5d91549bd32fb4dd0dc85b7b85ae94b2e2b4943476bbea5?s=96&d=blank&r=g\",\"contentUrl\":\"https:\\\/\\\/secure.gravatar.com\\\/avatar\\\/05c9a17bc973052ee5d91549bd32fb4dd0dc85b7b85ae94b2e2b4943476bbea5?s=96&d=blank&r=g\",\"caption\":\"Leinewelle\"},\"sameAs\":[\"http:\\\/\\\/localhost\\\/radio%20leinewelle\\\/wordpress\",\"https:\\\/\\\/www.facebook.com\\\/radioleinewelle\",\"https:\\\/\\\/www.instagram.com\\\/radioleinewelle\",\"https:\\\/\\\/x.com\\\/https:\\\/\\\/twitter.com\\\/RLeinewelle?ref_src=twsrcgoogletwcampserptwgrauthor\",\"https:\\\/\\\/soundcloud.com\\\/foerderverein-lokalradio?utm_source=clipboard&utm_medium=text&utm_campaign=social_sharing\"],\"url\":\"https:\\\/\\\/radioleinewelle.de\\\/index.php\\\/author\\\/leinewelle\\\/\"}]}<\/script>\n<!-- \/ Yoast SEO plugin. -->","yoast_head_json":{"title":"UMG verabschiedet Prof. Gerd Hasenfu\u00df in den Ruhestand - Radio Leinewelle","robots":{"index":"index","follow":"follow","max-snippet":"max-snippet:-1","max-image-preview":"max-image-preview:large","max-video-preview":"max-video-preview:-1"},"canonical":"https:\/\/radioleinewelle.de\/index.php\/2024\/10\/24\/umg-verabschiedet-prof-gerd-hasenfuss-in-den-ruhestand\/","og_locale":"de_DE","og_type":"article","og_title":"UMG verabschiedet Prof. Gerd Hasenfu\u00df in den Ruhestand - Radio Leinewelle","og_description":"Es passiert wohl selten, dass der gr\u00f6\u00dfte H\u00f6rsaal der G\u00f6ttinger Universit\u00e4tsmedizin so gef\u00fcllt war wie am vergangenen Freitag. \u00dcberf\u00fcllt muss man wohl sagen, denn selbst in den G\u00e4ngen standen Menschen, um der letzten Vorlesung vom Kardiologen Prof. Gerd Hasenfu\u00df zu lauschen und diesen renommierten Klinikdirektor angemessen zu verabschieden. Auch Ehreng\u00e4ste hatten sich eingefunden, wie z.B. [&hellip;]","og_url":"https:\/\/radioleinewelle.de\/index.php\/2024\/10\/24\/umg-verabschiedet-prof-gerd-hasenfuss-in-den-ruhestand\/","og_site_name":"Radio Leinewelle","article_publisher":"https:\/\/www.facebook.com\/radioleinewelle","article_author":"https:\/\/www.facebook.com\/radioleinewelle","article_published_time":"2024-10-24T08:06:15+00:00","article_modified_time":"2024-10-24T08:06:16+00:00","og_image":[{"width":1000,"height":666,"url":"https:\/\/radioleinewelle.de\/wp-content\/uploads\/2024\/10\/241018SPFSPF59985-scaled-e1729735852813.jpg","type":"image\/jpeg"}],"author":"Leinewelle","twitter_card":"summary_large_image","twitter_creator":"@https:\/\/twitter.com\/RLeinewelle?ref_src=twsrcgoogletwcampserptwgrauthor","twitter_site":"@RLeinewelle","twitter_misc":{"Verfasst von":"Leinewelle","Gesch\u00e4tzte Lesezeit":"4\u00a0Minuten"},"schema":{"@context":"https:\/\/schema.org","@graph":[{"@type":"Article","@id":"https:\/\/radioleinewelle.de\/index.php\/2024\/10\/24\/umg-verabschiedet-prof-gerd-hasenfuss-in-den-ruhestand\/#article","isPartOf":{"@id":"https:\/\/radioleinewelle.de\/index.php\/2024\/10\/24\/umg-verabschiedet-prof-gerd-hasenfuss-in-den-ruhestand\/"},"author":{"name":"Leinewelle","@id":"https:\/\/radioleinewelle.de\/#\/schema\/person\/45606f348637df637192dc1b68399a63"},"headline":"UMG verabschiedet Prof. Gerd Hasenfu\u00df in den Ruhestand","datePublished":"2024-10-24T08:06:15+00:00","dateModified":"2024-10-24T08:06:16+00:00","mainEntityOfPage":{"@id":"https:\/\/radioleinewelle.de\/index.php\/2024\/10\/24\/umg-verabschiedet-prof-gerd-hasenfuss-in-den-ruhestand\/"},"wordCount":552,"commentCount":0,"publisher":{"@id":"https:\/\/radioleinewelle.de\/#organization"},"image":{"@id":"https:\/\/radioleinewelle.de\/index.php\/2024\/10\/24\/umg-verabschiedet-prof-gerd-hasenfuss-in-den-ruhestand\/#primaryimage"},"thumbnailUrl":"https:\/\/radioleinewelle.de\/wp-content\/uploads\/2024\/10\/241018SPFSPF59985-scaled-e1729735852813.jpg","inLanguage":"de","potentialAction":[{"@type":"CommentAction","name":"Comment","target":["https:\/\/radioleinewelle.de\/index.php\/2024\/10\/24\/umg-verabschiedet-prof-gerd-hasenfuss-in-den-ruhestand\/#respond"]}]},{"@type":"WebPage","@id":"https:\/\/radioleinewelle.de\/index.php\/2024\/10\/24\/umg-verabschiedet-prof-gerd-hasenfuss-in-den-ruhestand\/","url":"https:\/\/radioleinewelle.de\/index.php\/2024\/10\/24\/umg-verabschiedet-prof-gerd-hasenfuss-in-den-ruhestand\/","name":"UMG verabschiedet Prof. Gerd Hasenfu\u00df in den Ruhestand - Radio Leinewelle","isPartOf":{"@id":"https:\/\/radioleinewelle.de\/#website"},"primaryImageOfPage":{"@id":"https:\/\/radioleinewelle.de\/index.php\/2024\/10\/24\/umg-verabschiedet-prof-gerd-hasenfuss-in-den-ruhestand\/#primaryimage"},"image":{"@id":"https:\/\/radioleinewelle.de\/index.php\/2024\/10\/24\/umg-verabschiedet-prof-gerd-hasenfuss-in-den-ruhestand\/#primaryimage"},"thumbnailUrl":"https:\/\/radioleinewelle.de\/wp-content\/uploads\/2024\/10\/241018SPFSPF59985-scaled-e1729735852813.jpg","datePublished":"2024-10-24T08:06:15+00:00","dateModified":"2024-10-24T08:06:16+00:00","breadcrumb":{"@id":"https:\/\/radioleinewelle.de\/index.php\/2024\/10\/24\/umg-verabschiedet-prof-gerd-hasenfuss-in-den-ruhestand\/#breadcrumb"},"inLanguage":"de","potentialAction":[{"@type":"ReadAction","target":["https:\/\/radioleinewelle.de\/index.php\/2024\/10\/24\/umg-verabschiedet-prof-gerd-hasenfuss-in-den-ruhestand\/"]}]},{"@type":"ImageObject","inLanguage":"de","@id":"https:\/\/radioleinewelle.de\/index.php\/2024\/10\/24\/umg-verabschiedet-prof-gerd-hasenfuss-in-den-ruhestand\/#primaryimage","url":"https:\/\/radioleinewelle.de\/wp-content\/uploads\/2024\/10\/241018SPFSPF59985-scaled-e1729735852813.jpg","contentUrl":"https:\/\/radioleinewelle.de\/wp-content\/uploads\/2024\/10\/241018SPFSPF59985-scaled-e1729735852813.jpg","width":1000,"height":666,"caption":"Abschiedsvorlesung Gerd Hasenfu\u00df, 18.10.2024, G\u00f6ttingen. Foto: Swen Pf\u00f6rtner"},{"@type":"BreadcrumbList","@id":"https:\/\/radioleinewelle.de\/index.php\/2024\/10\/24\/umg-verabschiedet-prof-gerd-hasenfuss-in-den-ruhestand\/#breadcrumb","itemListElement":[{"@type":"ListItem","position":1,"name":"Startseite","item":"https:\/\/radioleinewelle.de\/"},{"@type":"ListItem","position":2,"name":"UMG verabschiedet Prof. Gerd Hasenfu\u00df in den Ruhestand"}]},{"@type":"WebSite","@id":"https:\/\/radioleinewelle.de\/#website","url":"https:\/\/radioleinewelle.de\/","name":"Radio Leinewelle","description":"","publisher":{"@id":"https:\/\/radioleinewelle.de\/#organization"},"potentialAction":[{"@type":"SearchAction","target":{"@type":"EntryPoint","urlTemplate":"https:\/\/radioleinewelle.de\/?s={search_term_string}"},"query-input":{"@type":"PropertyValueSpecification","valueRequired":true,"valueName":"search_term_string"}}],"inLanguage":"de"},{"@type":"Organization","@id":"https:\/\/radioleinewelle.de\/#organization","name":"Radio Leinewelle","alternateName":"Mein Radio f\u00fcr S\u00fcdniedersachsen","url":"https:\/\/radioleinewelle.de\/","logo":{"@type":"ImageObject","inLanguage":"de","@id":"https:\/\/radioleinewelle.de\/#\/schema\/logo\/image\/","url":"https:\/\/radioleinewelle.de\/wp-content\/uploads\/2023\/11\/cropped-Leinewelle_Logo_weiss.png","contentUrl":"https:\/\/radioleinewelle.de\/wp-content\/uploads\/2023\/11\/cropped-Leinewelle_Logo_weiss.png","width":854,"height":260,"caption":"Radio Leinewelle"},"image":{"@id":"https:\/\/radioleinewelle.de\/#\/schema\/logo\/image\/"},"sameAs":["https:\/\/www.facebook.com\/radioleinewelle","https:\/\/x.com\/RLeinewelle","https:\/\/www.instagram.com\/radioleinewelle\/?hl=de"]},{"@type":"Person","@id":"https:\/\/radioleinewelle.de\/#\/schema\/person\/45606f348637df637192dc1b68399a63","name":"Leinewelle","image":{"@type":"ImageObject","inLanguage":"de","@id":"https:\/\/secure.gravatar.com\/avatar\/05c9a17bc973052ee5d91549bd32fb4dd0dc85b7b85ae94b2e2b4943476bbea5?s=96&d=blank&r=g","url":"https:\/\/secure.gravatar.com\/avatar\/05c9a17bc973052ee5d91549bd32fb4dd0dc85b7b85ae94b2e2b4943476bbea5?s=96&d=blank&r=g","contentUrl":"https:\/\/secure.gravatar.com\/avatar\/05c9a17bc973052ee5d91549bd32fb4dd0dc85b7b85ae94b2e2b4943476bbea5?s=96&d=blank&r=g","caption":"Leinewelle"},"sameAs":["http:\/\/localhost\/radio%20leinewelle\/wordpress","https:\/\/www.facebook.com\/radioleinewelle","https:\/\/www.instagram.com\/radioleinewelle","https:\/\/x.com\/https:\/\/twitter.com\/RLeinewelle?ref_src=twsrcgoogletwcampserptwgrauthor","https:\/\/soundcloud.com\/foerderverein-lokalradio?utm_source=clipboard&utm_medium=text&utm_campaign=social_sharing"],"url":"https:\/\/radioleinewelle.de\/index.php\/author\/leinewelle\/"}]}},"_links":{"self":[{"href":"https:\/\/radioleinewelle.de\/index.php\/wp-json\/wp\/v2\/posts\/26529","targetHints":{"allow":["GET"]}}],"collection":[{"href":"https:\/\/radioleinewelle.de\/index.php\/wp-json\/wp\/v2\/posts"}],"about":[{"href":"https:\/\/radioleinewelle.de\/index.php\/wp-json\/wp\/v2\/types\/post"}],"author":[{"embeddable":true,"href":"https:\/\/radioleinewelle.de\/index.php\/wp-json\/wp\/v2\/users\/1"}],"replies":[{"embeddable":true,"href":"https:\/\/radioleinewelle.de\/index.php\/wp-json\/wp\/v2\/comments?post=26529"}],"version-history":[{"count":11,"href":"https:\/\/radioleinewelle.de\/index.php\/wp-json\/wp\/v2\/posts\/26529\/revisions"}],"predecessor-version":[{"id":26548,"href":"https:\/\/radioleinewelle.de\/index.php\/wp-json\/wp\/v2\/posts\/26529\/revisions\/26548"}],"wp:featuredmedia":[{"embeddable":true,"href":"https:\/\/radioleinewelle.de\/index.php\/wp-json\/wp\/v2\/media\/26531"}],"wp:attachment":[{"href":"https:\/\/radioleinewelle.de\/index.php\/wp-json\/wp\/v2\/media?parent=26529"}],"wp:term":[{"taxonomy":"category","embeddable":true,"href":"https:\/\/radioleinewelle.de\/index.php\/wp-json\/wp\/v2\/categories?post=26529"},{"taxonomy":"post_tag","embeddable":true,"href":"https:\/\/radioleinewelle.de\/index.php\/wp-json\/wp\/v2\/tags?post=26529"}],"curies":[{"name":"wp","href":"https:\/\/api.w.org\/{rel}","templated":true}]}}