{"id":26549,"date":"2024-10-24T11:55:14","date_gmt":"2024-10-24T09:55:14","guid":{"rendered":"https:\/\/radioleinewelle.de\/?p=26549"},"modified":"2024-10-24T11:55:16","modified_gmt":"2024-10-24T09:55:16","slug":"queere-kulturtage-goettingen-2024-mit-vibes-und-seele","status":"publish","type":"post","link":"https:\/\/radioleinewelle.de\/index.php\/2024\/10\/24\/queere-kulturtage-goettingen-2024-mit-vibes-und-seele\/","title":{"rendered":"Queere KULTURTAGE G\u00f6ttingen 2024 \u201eMit Vibes und Seele!\u201c"},"content":{"rendered":"\n<p>Im Rahmen der Queeren KULTURTAGE G\u00f6ttingen finden vom 23. Oktober bis zum 15. November 2024 fast t\u00e4glich Veranstaltungsangebote und Mitmachaktionen an verschiedenen Orten in G\u00f6ttingen statt. Seit 1995 schafft die \u00fcberregional bekannte kulturpolitische Veranstaltungsreihe Angebote und R\u00e4ume f\u00fcr Begegnung, Sichtbarkeit und Empowerment f\u00fcr queere Menschen und die interessierte Gesamtbev\u00f6lkerung.<\/p>\n\n\n\n<p>Das gro\u00dfteils ehrenamtliche Organisationsteam der Queeren Kulturtage unter der Tr\u00e4gerschaft des Vereins Queeres G\u00f6ttingen e.V. hat zusammen mit mehr als 25 Kooperationspartner*innen auch dieses Jahr ein gro\u00dfes Veranstaltungspaket geschn\u00fcrt. Unter dem Motto \u201eMit Vibes und Seele!\u201c bieten fast 40 Veranstaltungen vielf\u00e4ltige Gelegenheiten f\u00fcr neue Impulse, Kreativit\u00e4t, politischen und sozialen Austausch.<\/p>\n\n\n\n<p>Von Lesungen, Vortr\u00e4gen und Workshops, \u00fcber sportliche Aktivit\u00e4ten, Dancefloor und Mitmach-Aktionen, bis hin zu B\u00fchnen- und Filmprogramm ist viel Abwechslung garantiert. Au\u00dferdem laden auch in diesem Jahr wieder zahlreiche unterschiedliche queere Gruppen zum Kennenlernen und Mitmachen ein.<\/p>\n\n\n\n<p>Den Startschuss f\u00fcr die diesj\u00e4hrigen Queeren KULTURTAGE bildet am 23. Oktober die Lesung des feministischen Kulturkollektivs Liquid Center aus dem Kollektivroman \u201eWir kommen\u201c &#8211; diese Lesung mit Julia Wolf und Yade Yasemin \u00d6nder \u00fcber Sexualit\u00e4t und Begehren ist auch Teil des Literaturherbstes. Die weiteren Veranstaltungen reihen sich nahtlos aneinander: Tattoo-Workshop, Modenschau und Quiznight sowie ein kostenloses, anonymes Testangebot zu sexueller Gesundheit sind nur einige der Highlights. Zum Abschluss der Queeren KULTURTAGE organisiert das Caf\u00e9 Kollektiv Krawall am 15. November eine queere Flirtnight, bei der sich Kontaktfreudige in entspannter Atmosph\u00e4re kennenlernen k\u00f6nnen.<\/p>\n\n\n\n<p>Um allen Interessierten die Teilnahme zu erm\u00f6glichen, werden die meisten Veranstaltungen kostenfrei angeboten, realisiert durch Eigenmittel der jeweiligen Veranstalter*innen oder F\u00f6rdermittel. Ein Teil der Veranstaltungen ist offen f\u00fcr alle Interessierten. Einige Angebote richten sich ausschlie\u00dflich an bestimmte Personengruppen, um einen gesch\u00fctzten Raum f\u00fcr Gemeinschaft und Selbsterfahrung zu bieten.<\/p>\n\n\n\n<p>Die Queeren, vormals LesBiSchwulen* KULTURTAGE, leisten in G\u00f6ttingen jedes Jahr einen wichtigen Beitrag f\u00fcr die Sichtbarkeit, Akzeptanz und Gleichstellung vielf\u00e4ltiger Lebensweisen, Beziehungs- und Familienformen, sexueller Orientierungen und geschlechtlicher Identit\u00e4ten. Die \u00fcber G\u00f6ttingen hinaus gesch\u00e4tzte und beliebte Veranstaltungsreihe verdankt ihre \u00fcber 25-j\u00e4hrige Kontinuit\u00e4t vielen engagierten G\u00f6ttinger Personen, Gruppen und Institutionen, die sich f\u00fcr ein lebendiges, vielf\u00e4ltiges und respektvolles Zusammenleben und Wirken in G\u00f6ttingen einsetzen.<\/p>\n\n\n\n<p>Ausf\u00fchrliche Informationen zu allen Veranstaltungen, m\u00f6glichen Anmelde- oder Teilnahmebedingungen, Barrierefreiheit und Awareness sowie etwaige kurzfristige \u00c4nderungen im Programm sind auf Social Media (Facebook, Instagram, Telegram) sowie auf der Website zu finden: <a href=\"http:\/\/queere-kulturtage-goettingen.de\/\"><strong>queere-kulturtage-goettingen.de<\/strong><\/a><\/p>\n","protected":false},"excerpt":{"rendered":"<p>Im Rahmen der Queeren KULTURTAGE G\u00f6ttingen finden vom 23. Oktober bis zum 15. November 2024 fast t\u00e4glich Veranstaltungsangebote und Mitmachaktionen an verschiedenen Orten in G\u00f6ttingen statt. Seit 1995 schafft die \u00fcberregional bekannte kulturpolitische Veranstaltungsreihe Angebote und R\u00e4ume f\u00fcr Begegnung, Sichtbarkeit und Empowerment f\u00fcr queere Menschen und die interessierte Gesamtbev\u00f6lkerung. Das gro\u00dfteils ehrenamtliche Organisationsteam der Queeren [&hellip;]<\/p>\n","protected":false},"author":1,"featured_media":26554,"comment_status":"open","ping_status":"open","sticky":true,"template":"","format":"standard","meta":{"saved_in_kubio":false,"footnotes":""},"categories":[3475,41],"tags":[],"class_list":["post-26549","post","type-post","status-publish","format-standard","has-post-thumbnail","hentry","category-queer","category-veranstaltungen"],"yoast_head":"<!-- This site is optimized with the Yoast SEO plugin v27.4 - https:\/\/yoast.com\/product\/yoast-seo-wordpress\/ -->\n<title>Queere KULTURTAGE G\u00f6ttingen 2024 \u201eMit Vibes und Seele!\u201c - Radio Leinewelle<\/title>\n<meta name=\"robots\" content=\"index, follow, max-snippet:-1, max-image-preview:large, max-video-preview:-1\" \/>\n<link rel=\"canonical\" href=\"https:\/\/radioleinewelle.de\/index.php\/2024\/10\/24\/queere-kulturtage-goettingen-2024-mit-vibes-und-seele\/\" \/>\n<meta property=\"og:locale\" content=\"de_DE\" \/>\n<meta property=\"og:type\" content=\"article\" \/>\n<meta property=\"og:title\" content=\"Queere KULTURTAGE G\u00f6ttingen 2024 \u201eMit Vibes und Seele!\u201c - Radio Leinewelle\" \/>\n<meta property=\"og:description\" content=\"Im Rahmen der Queeren KULTURTAGE G\u00f6ttingen finden vom 23. Oktober bis zum 15. November 2024 fast t\u00e4glich Veranstaltungsangebote und Mitmachaktionen an verschiedenen Orten in G\u00f6ttingen statt. Seit 1995 schafft die \u00fcberregional bekannte kulturpolitische Veranstaltungsreihe Angebote und R\u00e4ume f\u00fcr Begegnung, Sichtbarkeit und Empowerment f\u00fcr queere Menschen und die interessierte Gesamtbev\u00f6lkerung. Das gro\u00dfteils ehrenamtliche Organisationsteam der Queeren [&hellip;]\" \/>\n<meta property=\"og:url\" content=\"https:\/\/radioleinewelle.de\/index.php\/2024\/10\/24\/queere-kulturtage-goettingen-2024-mit-vibes-und-seele\/\" \/>\n<meta property=\"og:site_name\" content=\"Radio Leinewelle\" \/>\n<meta property=\"article:publisher\" content=\"https:\/\/www.facebook.com\/radioleinewelle\" \/>\n<meta property=\"article:author\" content=\"https:\/\/www.facebook.com\/radioleinewelle\" \/>\n<meta property=\"article:published_time\" content=\"2024-10-24T09:55:14+00:00\" \/>\n<meta property=\"article:modified_time\" content=\"2024-10-24T09:55:16+00:00\" \/>\n<meta property=\"og:image\" content=\"https:\/\/radioleinewelle.de\/wp-content\/uploads\/2024\/10\/QGK_WortBildMarke_Motto.jpg\" \/>\n\t<meta property=\"og:image:width\" content=\"1080\" \/>\n\t<meta property=\"og:image:height\" content=\"1350\" \/>\n\t<meta property=\"og:image:type\" content=\"image\/jpeg\" \/>\n<meta name=\"author\" content=\"Leinewelle\" \/>\n<meta name=\"twitter:card\" content=\"summary_large_image\" \/>\n<meta name=\"twitter:creator\" content=\"@https:\/\/twitter.com\/RLeinewelle?ref_src=twsrcgoogletwcampserptwgrauthor\" \/>\n<meta name=\"twitter:site\" content=\"@RLeinewelle\" \/>\n<meta name=\"twitter:label1\" content=\"Verfasst von\" \/>\n\t<meta name=\"twitter:data1\" content=\"Leinewelle\" \/>\n\t<meta name=\"twitter:label2\" content=\"Gesch\u00e4tzte Lesezeit\" \/>\n\t<meta name=\"twitter:data2\" content=\"3\u00a0Minuten\" \/>\n<script type=\"application\/ld+json\" class=\"yoast-schema-graph\">{\"@context\":\"https:\\\/\\\/schema.org\",\"@graph\":[{\"@type\":\"Article\",\"@id\":\"https:\\\/\\\/radioleinewelle.de\\\/index.php\\\/2024\\\/10\\\/24\\\/queere-kulturtage-goettingen-2024-mit-vibes-und-seele\\\/#article\",\"isPartOf\":{\"@id\":\"https:\\\/\\\/radioleinewelle.de\\\/index.php\\\/2024\\\/10\\\/24\\\/queere-kulturtage-goettingen-2024-mit-vibes-und-seele\\\/\"},\"author\":{\"name\":\"Leinewelle\",\"@id\":\"https:\\\/\\\/radioleinewelle.de\\\/#\\\/schema\\\/person\\\/45606f348637df637192dc1b68399a63\"},\"headline\":\"Queere KULTURTAGE G\u00f6ttingen 2024 \u201eMit Vibes und Seele!\u201c\",\"datePublished\":\"2024-10-24T09:55:14+00:00\",\"dateModified\":\"2024-10-24T09:55:16+00:00\",\"mainEntityOfPage\":{\"@id\":\"https:\\\/\\\/radioleinewelle.de\\\/index.php\\\/2024\\\/10\\\/24\\\/queere-kulturtage-goettingen-2024-mit-vibes-und-seele\\\/\"},\"wordCount\":418,\"commentCount\":0,\"publisher\":{\"@id\":\"https:\\\/\\\/radioleinewelle.de\\\/#organization\"},\"image\":{\"@id\":\"https:\\\/\\\/radioleinewelle.de\\\/index.php\\\/2024\\\/10\\\/24\\\/queere-kulturtage-goettingen-2024-mit-vibes-und-seele\\\/#primaryimage\"},\"thumbnailUrl\":\"https:\\\/\\\/radioleinewelle.de\\\/wp-content\\\/uploads\\\/2024\\\/10\\\/QGK_WortBildMarke_Motto.jpg\",\"articleSection\":[\"Queer\",\"Veranstaltungen\"],\"inLanguage\":\"de\",\"potentialAction\":[{\"@type\":\"CommentAction\",\"name\":\"Comment\",\"target\":[\"https:\\\/\\\/radioleinewelle.de\\\/index.php\\\/2024\\\/10\\\/24\\\/queere-kulturtage-goettingen-2024-mit-vibes-und-seele\\\/#respond\"]}]},{\"@type\":\"WebPage\",\"@id\":\"https:\\\/\\\/radioleinewelle.de\\\/index.php\\\/2024\\\/10\\\/24\\\/queere-kulturtage-goettingen-2024-mit-vibes-und-seele\\\/\",\"url\":\"https:\\\/\\\/radioleinewelle.de\\\/index.php\\\/2024\\\/10\\\/24\\\/queere-kulturtage-goettingen-2024-mit-vibes-und-seele\\\/\",\"name\":\"Queere KULTURTAGE G\u00f6ttingen 2024 \u201eMit Vibes und Seele!\u201c - Radio Leinewelle\",\"isPartOf\":{\"@id\":\"https:\\\/\\\/radioleinewelle.de\\\/#website\"},\"primaryImageOfPage\":{\"@id\":\"https:\\\/\\\/radioleinewelle.de\\\/index.php\\\/2024\\\/10\\\/24\\\/queere-kulturtage-goettingen-2024-mit-vibes-und-seele\\\/#primaryimage\"},\"image\":{\"@id\":\"https:\\\/\\\/radioleinewelle.de\\\/index.php\\\/2024\\\/10\\\/24\\\/queere-kulturtage-goettingen-2024-mit-vibes-und-seele\\\/#primaryimage\"},\"thumbnailUrl\":\"https:\\\/\\\/radioleinewelle.de\\\/wp-content\\\/uploads\\\/2024\\\/10\\\/QGK_WortBildMarke_Motto.jpg\",\"datePublished\":\"2024-10-24T09:55:14+00:00\",\"dateModified\":\"2024-10-24T09:55:16+00:00\",\"breadcrumb\":{\"@id\":\"https:\\\/\\\/radioleinewelle.de\\\/index.php\\\/2024\\\/10\\\/24\\\/queere-kulturtage-goettingen-2024-mit-vibes-und-seele\\\/#breadcrumb\"},\"inLanguage\":\"de\",\"potentialAction\":[{\"@type\":\"ReadAction\",\"target\":[\"https:\\\/\\\/radioleinewelle.de\\\/index.php\\\/2024\\\/10\\\/24\\\/queere-kulturtage-goettingen-2024-mit-vibes-und-seele\\\/\"]}]},{\"@type\":\"ImageObject\",\"inLanguage\":\"de\",\"@id\":\"https:\\\/\\\/radioleinewelle.de\\\/index.php\\\/2024\\\/10\\\/24\\\/queere-kulturtage-goettingen-2024-mit-vibes-und-seele\\\/#primaryimage\",\"url\":\"https:\\\/\\\/radioleinewelle.de\\\/wp-content\\\/uploads\\\/2024\\\/10\\\/QGK_WortBildMarke_Motto.jpg\",\"contentUrl\":\"https:\\\/\\\/radioleinewelle.de\\\/wp-content\\\/uploads\\\/2024\\\/10\\\/QGK_WortBildMarke_Motto.jpg\",\"width\":1080,\"height\":1350},{\"@type\":\"BreadcrumbList\",\"@id\":\"https:\\\/\\\/radioleinewelle.de\\\/index.php\\\/2024\\\/10\\\/24\\\/queere-kulturtage-goettingen-2024-mit-vibes-und-seele\\\/#breadcrumb\",\"itemListElement\":[{\"@type\":\"ListItem\",\"position\":1,\"name\":\"Startseite\",\"item\":\"https:\\\/\\\/radioleinewelle.de\\\/\"},{\"@type\":\"ListItem\",\"position\":2,\"name\":\"Queere KULTURTAGE G\u00f6ttingen 2024 \u201eMit Vibes und Seele!\u201c\"}]},{\"@type\":\"WebSite\",\"@id\":\"https:\\\/\\\/radioleinewelle.de\\\/#website\",\"url\":\"https:\\\/\\\/radioleinewelle.de\\\/\",\"name\":\"Radio Leinewelle\",\"description\":\"\",\"publisher\":{\"@id\":\"https:\\\/\\\/radioleinewelle.de\\\/#organization\"},\"potentialAction\":[{\"@type\":\"SearchAction\",\"target\":{\"@type\":\"EntryPoint\",\"urlTemplate\":\"https:\\\/\\\/radioleinewelle.de\\\/?s={search_term_string}\"},\"query-input\":{\"@type\":\"PropertyValueSpecification\",\"valueRequired\":true,\"valueName\":\"search_term_string\"}}],\"inLanguage\":\"de\"},{\"@type\":\"Organization\",\"@id\":\"https:\\\/\\\/radioleinewelle.de\\\/#organization\",\"name\":\"Radio Leinewelle\",\"alternateName\":\"Mein Radio f\u00fcr S\u00fcdniedersachsen\",\"url\":\"https:\\\/\\\/radioleinewelle.de\\\/\",\"logo\":{\"@type\":\"ImageObject\",\"inLanguage\":\"de\",\"@id\":\"https:\\\/\\\/radioleinewelle.de\\\/#\\\/schema\\\/logo\\\/image\\\/\",\"url\":\"https:\\\/\\\/radioleinewelle.de\\\/wp-content\\\/uploads\\\/2023\\\/11\\\/cropped-Leinewelle_Logo_weiss.png\",\"contentUrl\":\"https:\\\/\\\/radioleinewelle.de\\\/wp-content\\\/uploads\\\/2023\\\/11\\\/cropped-Leinewelle_Logo_weiss.png\",\"width\":854,\"height\":260,\"caption\":\"Radio Leinewelle\"},\"image\":{\"@id\":\"https:\\\/\\\/radioleinewelle.de\\\/#\\\/schema\\\/logo\\\/image\\\/\"},\"sameAs\":[\"https:\\\/\\\/www.facebook.com\\\/radioleinewelle\",\"https:\\\/\\\/x.com\\\/RLeinewelle\",\"https:\\\/\\\/www.instagram.com\\\/radioleinewelle\\\/?hl=de\"]},{\"@type\":\"Person\",\"@id\":\"https:\\\/\\\/radioleinewelle.de\\\/#\\\/schema\\\/person\\\/45606f348637df637192dc1b68399a63\",\"name\":\"Leinewelle\",\"image\":{\"@type\":\"ImageObject\",\"inLanguage\":\"de\",\"@id\":\"https:\\\/\\\/secure.gravatar.com\\\/avatar\\\/05c9a17bc973052ee5d91549bd32fb4dd0dc85b7b85ae94b2e2b4943476bbea5?s=96&d=blank&r=g\",\"url\":\"https:\\\/\\\/secure.gravatar.com\\\/avatar\\\/05c9a17bc973052ee5d91549bd32fb4dd0dc85b7b85ae94b2e2b4943476bbea5?s=96&d=blank&r=g\",\"contentUrl\":\"https:\\\/\\\/secure.gravatar.com\\\/avatar\\\/05c9a17bc973052ee5d91549bd32fb4dd0dc85b7b85ae94b2e2b4943476bbea5?s=96&d=blank&r=g\",\"caption\":\"Leinewelle\"},\"sameAs\":[\"http:\\\/\\\/localhost\\\/radio%20leinewelle\\\/wordpress\",\"https:\\\/\\\/www.facebook.com\\\/radioleinewelle\",\"https:\\\/\\\/www.instagram.com\\\/radioleinewelle\",\"https:\\\/\\\/x.com\\\/https:\\\/\\\/twitter.com\\\/RLeinewelle?ref_src=twsrcgoogletwcampserptwgrauthor\",\"https:\\\/\\\/soundcloud.com\\\/foerderverein-lokalradio?utm_source=clipboard&utm_medium=text&utm_campaign=social_sharing\"],\"url\":\"https:\\\/\\\/radioleinewelle.de\\\/index.php\\\/author\\\/leinewelle\\\/\"}]}<\/script>\n<!-- \/ Yoast SEO plugin. -->","yoast_head_json":{"title":"Queere KULTURTAGE G\u00f6ttingen 2024 \u201eMit Vibes und Seele!\u201c - Radio Leinewelle","robots":{"index":"index","follow":"follow","max-snippet":"max-snippet:-1","max-image-preview":"max-image-preview:large","max-video-preview":"max-video-preview:-1"},"canonical":"https:\/\/radioleinewelle.de\/index.php\/2024\/10\/24\/queere-kulturtage-goettingen-2024-mit-vibes-und-seele\/","og_locale":"de_DE","og_type":"article","og_title":"Queere KULTURTAGE G\u00f6ttingen 2024 \u201eMit Vibes und Seele!\u201c - Radio Leinewelle","og_description":"Im Rahmen der Queeren KULTURTAGE G\u00f6ttingen finden vom 23. Oktober bis zum 15. November 2024 fast t\u00e4glich Veranstaltungsangebote und Mitmachaktionen an verschiedenen Orten in G\u00f6ttingen statt. Seit 1995 schafft die \u00fcberregional bekannte kulturpolitische Veranstaltungsreihe Angebote und R\u00e4ume f\u00fcr Begegnung, Sichtbarkeit und Empowerment f\u00fcr queere Menschen und die interessierte Gesamtbev\u00f6lkerung. Das gro\u00dfteils ehrenamtliche Organisationsteam der Queeren [&hellip;]","og_url":"https:\/\/radioleinewelle.de\/index.php\/2024\/10\/24\/queere-kulturtage-goettingen-2024-mit-vibes-und-seele\/","og_site_name":"Radio Leinewelle","article_publisher":"https:\/\/www.facebook.com\/radioleinewelle","article_author":"https:\/\/www.facebook.com\/radioleinewelle","article_published_time":"2024-10-24T09:55:14+00:00","article_modified_time":"2024-10-24T09:55:16+00:00","og_image":[{"width":1080,"height":1350,"url":"https:\/\/radioleinewelle.de\/wp-content\/uploads\/2024\/10\/QGK_WortBildMarke_Motto.jpg","type":"image\/jpeg"}],"author":"Leinewelle","twitter_card":"summary_large_image","twitter_creator":"@https:\/\/twitter.com\/RLeinewelle?ref_src=twsrcgoogletwcampserptwgrauthor","twitter_site":"@RLeinewelle","twitter_misc":{"Verfasst von":"Leinewelle","Gesch\u00e4tzte Lesezeit":"3\u00a0Minuten"},"schema":{"@context":"https:\/\/schema.org","@graph":[{"@type":"Article","@id":"https:\/\/radioleinewelle.de\/index.php\/2024\/10\/24\/queere-kulturtage-goettingen-2024-mit-vibes-und-seele\/#article","isPartOf":{"@id":"https:\/\/radioleinewelle.de\/index.php\/2024\/10\/24\/queere-kulturtage-goettingen-2024-mit-vibes-und-seele\/"},"author":{"name":"Leinewelle","@id":"https:\/\/radioleinewelle.de\/#\/schema\/person\/45606f348637df637192dc1b68399a63"},"headline":"Queere KULTURTAGE G\u00f6ttingen 2024 \u201eMit Vibes und Seele!\u201c","datePublished":"2024-10-24T09:55:14+00:00","dateModified":"2024-10-24T09:55:16+00:00","mainEntityOfPage":{"@id":"https:\/\/radioleinewelle.de\/index.php\/2024\/10\/24\/queere-kulturtage-goettingen-2024-mit-vibes-und-seele\/"},"wordCount":418,"commentCount":0,"publisher":{"@id":"https:\/\/radioleinewelle.de\/#organization"},"image":{"@id":"https:\/\/radioleinewelle.de\/index.php\/2024\/10\/24\/queere-kulturtage-goettingen-2024-mit-vibes-und-seele\/#primaryimage"},"thumbnailUrl":"https:\/\/radioleinewelle.de\/wp-content\/uploads\/2024\/10\/QGK_WortBildMarke_Motto.jpg","articleSection":["Queer","Veranstaltungen"],"inLanguage":"de","potentialAction":[{"@type":"CommentAction","name":"Comment","target":["https:\/\/radioleinewelle.de\/index.php\/2024\/10\/24\/queere-kulturtage-goettingen-2024-mit-vibes-und-seele\/#respond"]}]},{"@type":"WebPage","@id":"https:\/\/radioleinewelle.de\/index.php\/2024\/10\/24\/queere-kulturtage-goettingen-2024-mit-vibes-und-seele\/","url":"https:\/\/radioleinewelle.de\/index.php\/2024\/10\/24\/queere-kulturtage-goettingen-2024-mit-vibes-und-seele\/","name":"Queere KULTURTAGE G\u00f6ttingen 2024 \u201eMit Vibes und Seele!\u201c - Radio Leinewelle","isPartOf":{"@id":"https:\/\/radioleinewelle.de\/#website"},"primaryImageOfPage":{"@id":"https:\/\/radioleinewelle.de\/index.php\/2024\/10\/24\/queere-kulturtage-goettingen-2024-mit-vibes-und-seele\/#primaryimage"},"image":{"@id":"https:\/\/radioleinewelle.de\/index.php\/2024\/10\/24\/queere-kulturtage-goettingen-2024-mit-vibes-und-seele\/#primaryimage"},"thumbnailUrl":"https:\/\/radioleinewelle.de\/wp-content\/uploads\/2024\/10\/QGK_WortBildMarke_Motto.jpg","datePublished":"2024-10-24T09:55:14+00:00","dateModified":"2024-10-24T09:55:16+00:00","breadcrumb":{"@id":"https:\/\/radioleinewelle.de\/index.php\/2024\/10\/24\/queere-kulturtage-goettingen-2024-mit-vibes-und-seele\/#breadcrumb"},"inLanguage":"de","potentialAction":[{"@type":"ReadAction","target":["https:\/\/radioleinewelle.de\/index.php\/2024\/10\/24\/queere-kulturtage-goettingen-2024-mit-vibes-und-seele\/"]}]},{"@type":"ImageObject","inLanguage":"de","@id":"https:\/\/radioleinewelle.de\/index.php\/2024\/10\/24\/queere-kulturtage-goettingen-2024-mit-vibes-und-seele\/#primaryimage","url":"https:\/\/radioleinewelle.de\/wp-content\/uploads\/2024\/10\/QGK_WortBildMarke_Motto.jpg","contentUrl":"https:\/\/radioleinewelle.de\/wp-content\/uploads\/2024\/10\/QGK_WortBildMarke_Motto.jpg","width":1080,"height":1350},{"@type":"BreadcrumbList","@id":"https:\/\/radioleinewelle.de\/index.php\/2024\/10\/24\/queere-kulturtage-goettingen-2024-mit-vibes-und-seele\/#breadcrumb","itemListElement":[{"@type":"ListItem","position":1,"name":"Startseite","item":"https:\/\/radioleinewelle.de\/"},{"@type":"ListItem","position":2,"name":"Queere KULTURTAGE G\u00f6ttingen 2024 \u201eMit Vibes und Seele!\u201c"}]},{"@type":"WebSite","@id":"https:\/\/radioleinewelle.de\/#website","url":"https:\/\/radioleinewelle.de\/","name":"Radio Leinewelle","description":"","publisher":{"@id":"https:\/\/radioleinewelle.de\/#organization"},"potentialAction":[{"@type":"SearchAction","target":{"@type":"EntryPoint","urlTemplate":"https:\/\/radioleinewelle.de\/?s={search_term_string}"},"query-input":{"@type":"PropertyValueSpecification","valueRequired":true,"valueName":"search_term_string"}}],"inLanguage":"de"},{"@type":"Organization","@id":"https:\/\/radioleinewelle.de\/#organization","name":"Radio Leinewelle","alternateName":"Mein Radio f\u00fcr S\u00fcdniedersachsen","url":"https:\/\/radioleinewelle.de\/","logo":{"@type":"ImageObject","inLanguage":"de","@id":"https:\/\/radioleinewelle.de\/#\/schema\/logo\/image\/","url":"https:\/\/radioleinewelle.de\/wp-content\/uploads\/2023\/11\/cropped-Leinewelle_Logo_weiss.png","contentUrl":"https:\/\/radioleinewelle.de\/wp-content\/uploads\/2023\/11\/cropped-Leinewelle_Logo_weiss.png","width":854,"height":260,"caption":"Radio Leinewelle"},"image":{"@id":"https:\/\/radioleinewelle.de\/#\/schema\/logo\/image\/"},"sameAs":["https:\/\/www.facebook.com\/radioleinewelle","https:\/\/x.com\/RLeinewelle","https:\/\/www.instagram.com\/radioleinewelle\/?hl=de"]},{"@type":"Person","@id":"https:\/\/radioleinewelle.de\/#\/schema\/person\/45606f348637df637192dc1b68399a63","name":"Leinewelle","image":{"@type":"ImageObject","inLanguage":"de","@id":"https:\/\/secure.gravatar.com\/avatar\/05c9a17bc973052ee5d91549bd32fb4dd0dc85b7b85ae94b2e2b4943476bbea5?s=96&d=blank&r=g","url":"https:\/\/secure.gravatar.com\/avatar\/05c9a17bc973052ee5d91549bd32fb4dd0dc85b7b85ae94b2e2b4943476bbea5?s=96&d=blank&r=g","contentUrl":"https:\/\/secure.gravatar.com\/avatar\/05c9a17bc973052ee5d91549bd32fb4dd0dc85b7b85ae94b2e2b4943476bbea5?s=96&d=blank&r=g","caption":"Leinewelle"},"sameAs":["http:\/\/localhost\/radio%20leinewelle\/wordpress","https:\/\/www.facebook.com\/radioleinewelle","https:\/\/www.instagram.com\/radioleinewelle","https:\/\/x.com\/https:\/\/twitter.com\/RLeinewelle?ref_src=twsrcgoogletwcampserptwgrauthor","https:\/\/soundcloud.com\/foerderverein-lokalradio?utm_source=clipboard&utm_medium=text&utm_campaign=social_sharing"],"url":"https:\/\/radioleinewelle.de\/index.php\/author\/leinewelle\/"}]}},"_links":{"self":[{"href":"https:\/\/radioleinewelle.de\/index.php\/wp-json\/wp\/v2\/posts\/26549","targetHints":{"allow":["GET"]}}],"collection":[{"href":"https:\/\/radioleinewelle.de\/index.php\/wp-json\/wp\/v2\/posts"}],"about":[{"href":"https:\/\/radioleinewelle.de\/index.php\/wp-json\/wp\/v2\/types\/post"}],"author":[{"embeddable":true,"href":"https:\/\/radioleinewelle.de\/index.php\/wp-json\/wp\/v2\/users\/1"}],"replies":[{"embeddable":true,"href":"https:\/\/radioleinewelle.de\/index.php\/wp-json\/wp\/v2\/comments?post=26549"}],"version-history":[{"count":4,"href":"https:\/\/radioleinewelle.de\/index.php\/wp-json\/wp\/v2\/posts\/26549\/revisions"}],"predecessor-version":[{"id":26553,"href":"https:\/\/radioleinewelle.de\/index.php\/wp-json\/wp\/v2\/posts\/26549\/revisions\/26553"}],"wp:featuredmedia":[{"embeddable":true,"href":"https:\/\/radioleinewelle.de\/index.php\/wp-json\/wp\/v2\/media\/26554"}],"wp:attachment":[{"href":"https:\/\/radioleinewelle.de\/index.php\/wp-json\/wp\/v2\/media?parent=26549"}],"wp:term":[{"taxonomy":"category","embeddable":true,"href":"https:\/\/radioleinewelle.de\/index.php\/wp-json\/wp\/v2\/categories?post=26549"},{"taxonomy":"post_tag","embeddable":true,"href":"https:\/\/radioleinewelle.de\/index.php\/wp-json\/wp\/v2\/tags?post=26549"}],"curies":[{"name":"wp","href":"https:\/\/api.w.org\/{rel}","templated":true}]}}