{"id":26608,"date":"2024-11-10T15:34:40","date_gmt":"2024-11-10T14:34:40","guid":{"rendered":"https:\/\/radioleinewelle.de\/?p=26608"},"modified":"2024-11-10T15:36:34","modified_gmt":"2024-11-10T14:36:34","slug":"spatenstich-fuer-neuen-kaufland-markt-in-weende","status":"publish","type":"post","link":"https:\/\/radioleinewelle.de\/index.php\/2024\/11\/10\/spatenstich-fuer-neuen-kaufland-markt-in-weende\/","title":{"rendered":"Spatenstich f\u00fcr neuen Kaufland Markt in Weende &#8211; jetzt mit Audiobeitrag"},"content":{"rendered":"\n<p>Nach eineinhalb Jahren Warten und Ungewissheit war es am 4. November endlich soweit: Mit dem obligatorischen Spatenstich im Beisein von Oberb\u00fcrgermeisterin Petra Broistedt und Ortsb\u00fcrgermeister Hans-Albert Ludolph wurde das Startsignal f\u00fcr den neuen Kaufland-Markt in Weende gegeben.<\/p>\n\n\n\n<p>Das Grundger\u00fcst des ehemaligen Real-Markts wird bestehen bleiben, der Innenbereich wird gr\u00fcndlich saniert und modernen Anspr\u00fcchen an Kaufverhalten, Einkaufsatmosph\u00e4re und Energieeffizienz angepasst. Schlie\u00dflich besteht das Geb\u00e4ude schon seit \u00fcber 50 Jahren und hat eine lange Geschichte hinter sich. Von Bono \u00fcber Primus bis zu Real und jetzt zu Kaufland.&nbsp;<\/p>\n\n\n\n<p>Derzeit ist der Ortsteil Weende mit seinen rund 19.000 Einwohnern mit Einkaufsm\u00f6glichkeiten deutlich unterversorgt, sodass der Ortsb\u00fcrgermeister es auch als \u201evorgezogenes Weihnachtsgeschenk\u201c bezeichnet, dass nun endlich mit dem Umbau gestartet wird. Schnell gehen wird das allerdings nicht, denn neben dem Innenbereich muss auch das Parkplatzgel\u00e4nde saniert werden. Von Kaufland hei\u00dft es, dass man vorhabe, zum Ende des n\u00e4chsten Jahres den Markt zu er\u00f6ffnen. Der biete dann ein Komplettsortiment einschlie\u00dflich Frischetheken f\u00fcr Fleisch\/Wurst, K\u00e4se und Fisch sowie einen Non-Food-Bereich.<\/p>\n\n\n\n<p>Die Weende Bev\u00f6lkerung wird es jedenfalls freuen, denn es gibt damit nicht nur (wieder) einen gro\u00dfen Nahversorger, sondern auch neue Arbeitspl\u00e4tze. <em>Horst Reinert<\/em><br><\/p>\n\n\n\n<figure class=\"wp-block-audio\"><audio controls src=\"https:\/\/radioleinewelle.de\/wp-content\/uploads\/2024\/11\/kaufland.mp3\"><\/audio><\/figure>\n\n\n\n<p><strong>Foto:<\/strong> \u00a9Radio Leinewelle (hr)<\/p>\n","protected":false},"excerpt":{"rendered":"<p>Nach eineinhalb Jahren Warten und Ungewissheit war es am 4. November endlich soweit: Mit dem obligatorischen Spatenstich im Beisein von Oberb\u00fcrgermeisterin Petra Broistedt und Ortsb\u00fcrgermeister Hans-Albert Ludolph wurde das Startsignal f\u00fcr den neuen Kaufland-Markt in Weende gegeben. Das Grundger\u00fcst des ehemaligen Real-Markts wird bestehen bleiben, der Innenbereich wird gr\u00fcndlich saniert und modernen Anspr\u00fcchen an Kaufverhalten, [&hellip;]<\/p>\n","protected":false},"author":1,"featured_media":26609,"comment_status":"open","ping_status":"open","sticky":true,"template":"","format":"standard","meta":{"saved_in_kubio":false,"footnotes":""},"categories":[38],"tags":[],"class_list":["post-26608","post","type-post","status-publish","format-standard","has-post-thumbnail","hentry","category-wirtschaft"],"yoast_head":"<!-- This site is optimized with the Yoast SEO plugin v27.5 - https:\/\/yoast.com\/product\/yoast-seo-wordpress\/ -->\n<title>Spatenstich f\u00fcr neuen Kaufland Markt in Weende - jetzt mit Audiobeitrag - Radio Leinewelle<\/title>\n<meta name=\"robots\" content=\"index, follow, max-snippet:-1, max-image-preview:large, max-video-preview:-1\" \/>\n<link rel=\"canonical\" href=\"https:\/\/radioleinewelle.de\/index.php\/2024\/11\/10\/spatenstich-fuer-neuen-kaufland-markt-in-weende\/\" \/>\n<meta property=\"og:locale\" content=\"de_DE\" \/>\n<meta property=\"og:type\" content=\"article\" \/>\n<meta property=\"og:title\" content=\"Spatenstich f\u00fcr neuen Kaufland Markt in Weende - jetzt mit Audiobeitrag - Radio Leinewelle\" \/>\n<meta property=\"og:description\" content=\"Nach eineinhalb Jahren Warten und Ungewissheit war es am 4. November endlich soweit: Mit dem obligatorischen Spatenstich im Beisein von Oberb\u00fcrgermeisterin Petra Broistedt und Ortsb\u00fcrgermeister Hans-Albert Ludolph wurde das Startsignal f\u00fcr den neuen Kaufland-Markt in Weende gegeben. Das Grundger\u00fcst des ehemaligen Real-Markts wird bestehen bleiben, der Innenbereich wird gr\u00fcndlich saniert und modernen Anspr\u00fcchen an Kaufverhalten, [&hellip;]\" \/>\n<meta property=\"og:url\" content=\"https:\/\/radioleinewelle.de\/index.php\/2024\/11\/10\/spatenstich-fuer-neuen-kaufland-markt-in-weende\/\" \/>\n<meta property=\"og:site_name\" content=\"Radio Leinewelle\" \/>\n<meta property=\"article:publisher\" content=\"https:\/\/www.facebook.com\/radioleinewelle\" \/>\n<meta property=\"article:author\" content=\"https:\/\/www.facebook.com\/radioleinewelle\" \/>\n<meta property=\"article:published_time\" content=\"2024-11-10T14:34:40+00:00\" \/>\n<meta property=\"article:modified_time\" content=\"2024-11-10T14:36:34+00:00\" \/>\n<meta property=\"og:image\" content=\"https:\/\/radioleinewelle.de\/wp-content\/uploads\/2024\/11\/PHOTO-2024-11-04-14-52-01-Kaufland.jpg\" \/>\n\t<meta property=\"og:image:width\" content=\"1280\" \/>\n\t<meta property=\"og:image:height\" content=\"788\" \/>\n\t<meta property=\"og:image:type\" content=\"image\/jpeg\" \/>\n<meta name=\"author\" content=\"Leinewelle\" \/>\n<meta name=\"twitter:card\" content=\"summary_large_image\" \/>\n<meta name=\"twitter:creator\" content=\"@https:\/\/twitter.com\/RLeinewelle?ref_src=twsrcgoogletwcampserptwgrauthor\" \/>\n<meta name=\"twitter:site\" content=\"@RLeinewelle\" \/>\n<meta name=\"twitter:label1\" content=\"Verfasst von\" \/>\n\t<meta name=\"twitter:data1\" content=\"Leinewelle\" \/>\n\t<meta name=\"twitter:label2\" content=\"Gesch\u00e4tzte Lesezeit\" \/>\n\t<meta name=\"twitter:data2\" content=\"2\u00a0Minuten\" \/>\n<script type=\"application\/ld+json\" class=\"yoast-schema-graph\">{\"@context\":\"https:\\\/\\\/schema.org\",\"@graph\":[{\"@type\":\"Article\",\"@id\":\"https:\\\/\\\/radioleinewelle.de\\\/index.php\\\/2024\\\/11\\\/10\\\/spatenstich-fuer-neuen-kaufland-markt-in-weende\\\/#article\",\"isPartOf\":{\"@id\":\"https:\\\/\\\/radioleinewelle.de\\\/index.php\\\/2024\\\/11\\\/10\\\/spatenstich-fuer-neuen-kaufland-markt-in-weende\\\/\"},\"author\":{\"name\":\"Leinewelle\",\"@id\":\"https:\\\/\\\/radioleinewelle.de\\\/#\\\/schema\\\/person\\\/45606f348637df637192dc1b68399a63\"},\"headline\":\"Spatenstich f\u00fcr neuen Kaufland Markt in Weende &#8211; jetzt mit Audiobeitrag\",\"datePublished\":\"2024-11-10T14:34:40+00:00\",\"dateModified\":\"2024-11-10T14:36:34+00:00\",\"mainEntityOfPage\":{\"@id\":\"https:\\\/\\\/radioleinewelle.de\\\/index.php\\\/2024\\\/11\\\/10\\\/spatenstich-fuer-neuen-kaufland-markt-in-weende\\\/\"},\"wordCount\":223,\"commentCount\":0,\"publisher\":{\"@id\":\"https:\\\/\\\/radioleinewelle.de\\\/#organization\"},\"image\":{\"@id\":\"https:\\\/\\\/radioleinewelle.de\\\/index.php\\\/2024\\\/11\\\/10\\\/spatenstich-fuer-neuen-kaufland-markt-in-weende\\\/#primaryimage\"},\"thumbnailUrl\":\"https:\\\/\\\/radioleinewelle.de\\\/wp-content\\\/uploads\\\/2024\\\/11\\\/PHOTO-2024-11-04-14-52-01-Kaufland.jpg\",\"articleSection\":[\"Wirtschaft\"],\"inLanguage\":\"de\",\"potentialAction\":[{\"@type\":\"CommentAction\",\"name\":\"Comment\",\"target\":[\"https:\\\/\\\/radioleinewelle.de\\\/index.php\\\/2024\\\/11\\\/10\\\/spatenstich-fuer-neuen-kaufland-markt-in-weende\\\/#respond\"]}]},{\"@type\":\"WebPage\",\"@id\":\"https:\\\/\\\/radioleinewelle.de\\\/index.php\\\/2024\\\/11\\\/10\\\/spatenstich-fuer-neuen-kaufland-markt-in-weende\\\/\",\"url\":\"https:\\\/\\\/radioleinewelle.de\\\/index.php\\\/2024\\\/11\\\/10\\\/spatenstich-fuer-neuen-kaufland-markt-in-weende\\\/\",\"name\":\"Spatenstich f\u00fcr neuen Kaufland Markt in Weende - jetzt mit Audiobeitrag - Radio Leinewelle\",\"isPartOf\":{\"@id\":\"https:\\\/\\\/radioleinewelle.de\\\/#website\"},\"primaryImageOfPage\":{\"@id\":\"https:\\\/\\\/radioleinewelle.de\\\/index.php\\\/2024\\\/11\\\/10\\\/spatenstich-fuer-neuen-kaufland-markt-in-weende\\\/#primaryimage\"},\"image\":{\"@id\":\"https:\\\/\\\/radioleinewelle.de\\\/index.php\\\/2024\\\/11\\\/10\\\/spatenstich-fuer-neuen-kaufland-markt-in-weende\\\/#primaryimage\"},\"thumbnailUrl\":\"https:\\\/\\\/radioleinewelle.de\\\/wp-content\\\/uploads\\\/2024\\\/11\\\/PHOTO-2024-11-04-14-52-01-Kaufland.jpg\",\"datePublished\":\"2024-11-10T14:34:40+00:00\",\"dateModified\":\"2024-11-10T14:36:34+00:00\",\"breadcrumb\":{\"@id\":\"https:\\\/\\\/radioleinewelle.de\\\/index.php\\\/2024\\\/11\\\/10\\\/spatenstich-fuer-neuen-kaufland-markt-in-weende\\\/#breadcrumb\"},\"inLanguage\":\"de\",\"potentialAction\":[{\"@type\":\"ReadAction\",\"target\":[\"https:\\\/\\\/radioleinewelle.de\\\/index.php\\\/2024\\\/11\\\/10\\\/spatenstich-fuer-neuen-kaufland-markt-in-weende\\\/\"]}]},{\"@type\":\"ImageObject\",\"inLanguage\":\"de\",\"@id\":\"https:\\\/\\\/radioleinewelle.de\\\/index.php\\\/2024\\\/11\\\/10\\\/spatenstich-fuer-neuen-kaufland-markt-in-weende\\\/#primaryimage\",\"url\":\"https:\\\/\\\/radioleinewelle.de\\\/wp-content\\\/uploads\\\/2024\\\/11\\\/PHOTO-2024-11-04-14-52-01-Kaufland.jpg\",\"contentUrl\":\"https:\\\/\\\/radioleinewelle.de\\\/wp-content\\\/uploads\\\/2024\\\/11\\\/PHOTO-2024-11-04-14-52-01-Kaufland.jpg\",\"width\":1280,\"height\":788},{\"@type\":\"BreadcrumbList\",\"@id\":\"https:\\\/\\\/radioleinewelle.de\\\/index.php\\\/2024\\\/11\\\/10\\\/spatenstich-fuer-neuen-kaufland-markt-in-weende\\\/#breadcrumb\",\"itemListElement\":[{\"@type\":\"ListItem\",\"position\":1,\"name\":\"Startseite\",\"item\":\"https:\\\/\\\/radioleinewelle.de\\\/\"},{\"@type\":\"ListItem\",\"position\":2,\"name\":\"Spatenstich f\u00fcr neuen Kaufland Markt in Weende &#8211; jetzt mit Audiobeitrag\"}]},{\"@type\":\"WebSite\",\"@id\":\"https:\\\/\\\/radioleinewelle.de\\\/#website\",\"url\":\"https:\\\/\\\/radioleinewelle.de\\\/\",\"name\":\"Radio Leinewelle\",\"description\":\"\",\"publisher\":{\"@id\":\"https:\\\/\\\/radioleinewelle.de\\\/#organization\"},\"potentialAction\":[{\"@type\":\"SearchAction\",\"target\":{\"@type\":\"EntryPoint\",\"urlTemplate\":\"https:\\\/\\\/radioleinewelle.de\\\/?s={search_term_string}\"},\"query-input\":{\"@type\":\"PropertyValueSpecification\",\"valueRequired\":true,\"valueName\":\"search_term_string\"}}],\"inLanguage\":\"de\"},{\"@type\":\"Organization\",\"@id\":\"https:\\\/\\\/radioleinewelle.de\\\/#organization\",\"name\":\"Radio Leinewelle\",\"alternateName\":\"Mein Radio f\u00fcr S\u00fcdniedersachsen\",\"url\":\"https:\\\/\\\/radioleinewelle.de\\\/\",\"logo\":{\"@type\":\"ImageObject\",\"inLanguage\":\"de\",\"@id\":\"https:\\\/\\\/radioleinewelle.de\\\/#\\\/schema\\\/logo\\\/image\\\/\",\"url\":\"https:\\\/\\\/radioleinewelle.de\\\/wp-content\\\/uploads\\\/2023\\\/11\\\/cropped-Leinewelle_Logo_weiss.png\",\"contentUrl\":\"https:\\\/\\\/radioleinewelle.de\\\/wp-content\\\/uploads\\\/2023\\\/11\\\/cropped-Leinewelle_Logo_weiss.png\",\"width\":854,\"height\":260,\"caption\":\"Radio Leinewelle\"},\"image\":{\"@id\":\"https:\\\/\\\/radioleinewelle.de\\\/#\\\/schema\\\/logo\\\/image\\\/\"},\"sameAs\":[\"https:\\\/\\\/www.facebook.com\\\/radioleinewelle\",\"https:\\\/\\\/x.com\\\/RLeinewelle\",\"https:\\\/\\\/www.instagram.com\\\/radioleinewelle\\\/?hl=de\"]},{\"@type\":\"Person\",\"@id\":\"https:\\\/\\\/radioleinewelle.de\\\/#\\\/schema\\\/person\\\/45606f348637df637192dc1b68399a63\",\"name\":\"Leinewelle\",\"image\":{\"@type\":\"ImageObject\",\"inLanguage\":\"de\",\"@id\":\"https:\\\/\\\/secure.gravatar.com\\\/avatar\\\/05c9a17bc973052ee5d91549bd32fb4dd0dc85b7b85ae94b2e2b4943476bbea5?s=96&d=blank&r=g\",\"url\":\"https:\\\/\\\/secure.gravatar.com\\\/avatar\\\/05c9a17bc973052ee5d91549bd32fb4dd0dc85b7b85ae94b2e2b4943476bbea5?s=96&d=blank&r=g\",\"contentUrl\":\"https:\\\/\\\/secure.gravatar.com\\\/avatar\\\/05c9a17bc973052ee5d91549bd32fb4dd0dc85b7b85ae94b2e2b4943476bbea5?s=96&d=blank&r=g\",\"caption\":\"Leinewelle\"},\"sameAs\":[\"http:\\\/\\\/localhost\\\/radio%20leinewelle\\\/wordpress\",\"https:\\\/\\\/www.facebook.com\\\/radioleinewelle\",\"https:\\\/\\\/www.instagram.com\\\/radioleinewelle\",\"https:\\\/\\\/x.com\\\/https:\\\/\\\/twitter.com\\\/RLeinewelle?ref_src=twsrcgoogletwcampserptwgrauthor\",\"https:\\\/\\\/soundcloud.com\\\/foerderverein-lokalradio?utm_source=clipboard&utm_medium=text&utm_campaign=social_sharing\"],\"url\":\"https:\\\/\\\/radioleinewelle.de\\\/index.php\\\/author\\\/leinewelle\\\/\"}]}<\/script>\n<!-- \/ Yoast SEO plugin. -->","yoast_head_json":{"title":"Spatenstich f\u00fcr neuen Kaufland Markt in Weende - jetzt mit Audiobeitrag - Radio Leinewelle","robots":{"index":"index","follow":"follow","max-snippet":"max-snippet:-1","max-image-preview":"max-image-preview:large","max-video-preview":"max-video-preview:-1"},"canonical":"https:\/\/radioleinewelle.de\/index.php\/2024\/11\/10\/spatenstich-fuer-neuen-kaufland-markt-in-weende\/","og_locale":"de_DE","og_type":"article","og_title":"Spatenstich f\u00fcr neuen Kaufland Markt in Weende - jetzt mit Audiobeitrag - Radio Leinewelle","og_description":"Nach eineinhalb Jahren Warten und Ungewissheit war es am 4. November endlich soweit: Mit dem obligatorischen Spatenstich im Beisein von Oberb\u00fcrgermeisterin Petra Broistedt und Ortsb\u00fcrgermeister Hans-Albert Ludolph wurde das Startsignal f\u00fcr den neuen Kaufland-Markt in Weende gegeben. Das Grundger\u00fcst des ehemaligen Real-Markts wird bestehen bleiben, der Innenbereich wird gr\u00fcndlich saniert und modernen Anspr\u00fcchen an Kaufverhalten, [&hellip;]","og_url":"https:\/\/radioleinewelle.de\/index.php\/2024\/11\/10\/spatenstich-fuer-neuen-kaufland-markt-in-weende\/","og_site_name":"Radio Leinewelle","article_publisher":"https:\/\/www.facebook.com\/radioleinewelle","article_author":"https:\/\/www.facebook.com\/radioleinewelle","article_published_time":"2024-11-10T14:34:40+00:00","article_modified_time":"2024-11-10T14:36:34+00:00","og_image":[{"width":1280,"height":788,"url":"https:\/\/radioleinewelle.de\/wp-content\/uploads\/2024\/11\/PHOTO-2024-11-04-14-52-01-Kaufland.jpg","type":"image\/jpeg"}],"author":"Leinewelle","twitter_card":"summary_large_image","twitter_creator":"@https:\/\/twitter.com\/RLeinewelle?ref_src=twsrcgoogletwcampserptwgrauthor","twitter_site":"@RLeinewelle","twitter_misc":{"Verfasst von":"Leinewelle","Gesch\u00e4tzte Lesezeit":"2\u00a0Minuten"},"schema":{"@context":"https:\/\/schema.org","@graph":[{"@type":"Article","@id":"https:\/\/radioleinewelle.de\/index.php\/2024\/11\/10\/spatenstich-fuer-neuen-kaufland-markt-in-weende\/#article","isPartOf":{"@id":"https:\/\/radioleinewelle.de\/index.php\/2024\/11\/10\/spatenstich-fuer-neuen-kaufland-markt-in-weende\/"},"author":{"name":"Leinewelle","@id":"https:\/\/radioleinewelle.de\/#\/schema\/person\/45606f348637df637192dc1b68399a63"},"headline":"Spatenstich f\u00fcr neuen Kaufland Markt in Weende &#8211; jetzt mit Audiobeitrag","datePublished":"2024-11-10T14:34:40+00:00","dateModified":"2024-11-10T14:36:34+00:00","mainEntityOfPage":{"@id":"https:\/\/radioleinewelle.de\/index.php\/2024\/11\/10\/spatenstich-fuer-neuen-kaufland-markt-in-weende\/"},"wordCount":223,"commentCount":0,"publisher":{"@id":"https:\/\/radioleinewelle.de\/#organization"},"image":{"@id":"https:\/\/radioleinewelle.de\/index.php\/2024\/11\/10\/spatenstich-fuer-neuen-kaufland-markt-in-weende\/#primaryimage"},"thumbnailUrl":"https:\/\/radioleinewelle.de\/wp-content\/uploads\/2024\/11\/PHOTO-2024-11-04-14-52-01-Kaufland.jpg","articleSection":["Wirtschaft"],"inLanguage":"de","potentialAction":[{"@type":"CommentAction","name":"Comment","target":["https:\/\/radioleinewelle.de\/index.php\/2024\/11\/10\/spatenstich-fuer-neuen-kaufland-markt-in-weende\/#respond"]}]},{"@type":"WebPage","@id":"https:\/\/radioleinewelle.de\/index.php\/2024\/11\/10\/spatenstich-fuer-neuen-kaufland-markt-in-weende\/","url":"https:\/\/radioleinewelle.de\/index.php\/2024\/11\/10\/spatenstich-fuer-neuen-kaufland-markt-in-weende\/","name":"Spatenstich f\u00fcr neuen Kaufland Markt in Weende - jetzt mit Audiobeitrag - Radio Leinewelle","isPartOf":{"@id":"https:\/\/radioleinewelle.de\/#website"},"primaryImageOfPage":{"@id":"https:\/\/radioleinewelle.de\/index.php\/2024\/11\/10\/spatenstich-fuer-neuen-kaufland-markt-in-weende\/#primaryimage"},"image":{"@id":"https:\/\/radioleinewelle.de\/index.php\/2024\/11\/10\/spatenstich-fuer-neuen-kaufland-markt-in-weende\/#primaryimage"},"thumbnailUrl":"https:\/\/radioleinewelle.de\/wp-content\/uploads\/2024\/11\/PHOTO-2024-11-04-14-52-01-Kaufland.jpg","datePublished":"2024-11-10T14:34:40+00:00","dateModified":"2024-11-10T14:36:34+00:00","breadcrumb":{"@id":"https:\/\/radioleinewelle.de\/index.php\/2024\/11\/10\/spatenstich-fuer-neuen-kaufland-markt-in-weende\/#breadcrumb"},"inLanguage":"de","potentialAction":[{"@type":"ReadAction","target":["https:\/\/radioleinewelle.de\/index.php\/2024\/11\/10\/spatenstich-fuer-neuen-kaufland-markt-in-weende\/"]}]},{"@type":"ImageObject","inLanguage":"de","@id":"https:\/\/radioleinewelle.de\/index.php\/2024\/11\/10\/spatenstich-fuer-neuen-kaufland-markt-in-weende\/#primaryimage","url":"https:\/\/radioleinewelle.de\/wp-content\/uploads\/2024\/11\/PHOTO-2024-11-04-14-52-01-Kaufland.jpg","contentUrl":"https:\/\/radioleinewelle.de\/wp-content\/uploads\/2024\/11\/PHOTO-2024-11-04-14-52-01-Kaufland.jpg","width":1280,"height":788},{"@type":"BreadcrumbList","@id":"https:\/\/radioleinewelle.de\/index.php\/2024\/11\/10\/spatenstich-fuer-neuen-kaufland-markt-in-weende\/#breadcrumb","itemListElement":[{"@type":"ListItem","position":1,"name":"Startseite","item":"https:\/\/radioleinewelle.de\/"},{"@type":"ListItem","position":2,"name":"Spatenstich f\u00fcr neuen Kaufland Markt in Weende &#8211; jetzt mit Audiobeitrag"}]},{"@type":"WebSite","@id":"https:\/\/radioleinewelle.de\/#website","url":"https:\/\/radioleinewelle.de\/","name":"Radio Leinewelle","description":"","publisher":{"@id":"https:\/\/radioleinewelle.de\/#organization"},"potentialAction":[{"@type":"SearchAction","target":{"@type":"EntryPoint","urlTemplate":"https:\/\/radioleinewelle.de\/?s={search_term_string}"},"query-input":{"@type":"PropertyValueSpecification","valueRequired":true,"valueName":"search_term_string"}}],"inLanguage":"de"},{"@type":"Organization","@id":"https:\/\/radioleinewelle.de\/#organization","name":"Radio Leinewelle","alternateName":"Mein Radio f\u00fcr S\u00fcdniedersachsen","url":"https:\/\/radioleinewelle.de\/","logo":{"@type":"ImageObject","inLanguage":"de","@id":"https:\/\/radioleinewelle.de\/#\/schema\/logo\/image\/","url":"https:\/\/radioleinewelle.de\/wp-content\/uploads\/2023\/11\/cropped-Leinewelle_Logo_weiss.png","contentUrl":"https:\/\/radioleinewelle.de\/wp-content\/uploads\/2023\/11\/cropped-Leinewelle_Logo_weiss.png","width":854,"height":260,"caption":"Radio Leinewelle"},"image":{"@id":"https:\/\/radioleinewelle.de\/#\/schema\/logo\/image\/"},"sameAs":["https:\/\/www.facebook.com\/radioleinewelle","https:\/\/x.com\/RLeinewelle","https:\/\/www.instagram.com\/radioleinewelle\/?hl=de"]},{"@type":"Person","@id":"https:\/\/radioleinewelle.de\/#\/schema\/person\/45606f348637df637192dc1b68399a63","name":"Leinewelle","image":{"@type":"ImageObject","inLanguage":"de","@id":"https:\/\/secure.gravatar.com\/avatar\/05c9a17bc973052ee5d91549bd32fb4dd0dc85b7b85ae94b2e2b4943476bbea5?s=96&d=blank&r=g","url":"https:\/\/secure.gravatar.com\/avatar\/05c9a17bc973052ee5d91549bd32fb4dd0dc85b7b85ae94b2e2b4943476bbea5?s=96&d=blank&r=g","contentUrl":"https:\/\/secure.gravatar.com\/avatar\/05c9a17bc973052ee5d91549bd32fb4dd0dc85b7b85ae94b2e2b4943476bbea5?s=96&d=blank&r=g","caption":"Leinewelle"},"sameAs":["http:\/\/localhost\/radio%20leinewelle\/wordpress","https:\/\/www.facebook.com\/radioleinewelle","https:\/\/www.instagram.com\/radioleinewelle","https:\/\/x.com\/https:\/\/twitter.com\/RLeinewelle?ref_src=twsrcgoogletwcampserptwgrauthor","https:\/\/soundcloud.com\/foerderverein-lokalradio?utm_source=clipboard&utm_medium=text&utm_campaign=social_sharing"],"url":"https:\/\/radioleinewelle.de\/index.php\/author\/leinewelle\/"}]}},"_links":{"self":[{"href":"https:\/\/radioleinewelle.de\/index.php\/wp-json\/wp\/v2\/posts\/26608","targetHints":{"allow":["GET"]}}],"collection":[{"href":"https:\/\/radioleinewelle.de\/index.php\/wp-json\/wp\/v2\/posts"}],"about":[{"href":"https:\/\/radioleinewelle.de\/index.php\/wp-json\/wp\/v2\/types\/post"}],"author":[{"embeddable":true,"href":"https:\/\/radioleinewelle.de\/index.php\/wp-json\/wp\/v2\/users\/1"}],"replies":[{"embeddable":true,"href":"https:\/\/radioleinewelle.de\/index.php\/wp-json\/wp\/v2\/comments?post=26608"}],"version-history":[{"count":5,"href":"https:\/\/radioleinewelle.de\/index.php\/wp-json\/wp\/v2\/posts\/26608\/revisions"}],"predecessor-version":[{"id":26665,"href":"https:\/\/radioleinewelle.de\/index.php\/wp-json\/wp\/v2\/posts\/26608\/revisions\/26665"}],"wp:featuredmedia":[{"embeddable":true,"href":"https:\/\/radioleinewelle.de\/index.php\/wp-json\/wp\/v2\/media\/26609"}],"wp:attachment":[{"href":"https:\/\/radioleinewelle.de\/index.php\/wp-json\/wp\/v2\/media?parent=26608"}],"wp:term":[{"taxonomy":"category","embeddable":true,"href":"https:\/\/radioleinewelle.de\/index.php\/wp-json\/wp\/v2\/categories?post=26608"},{"taxonomy":"post_tag","embeddable":true,"href":"https:\/\/radioleinewelle.de\/index.php\/wp-json\/wp\/v2\/tags?post=26608"}],"curies":[{"name":"wp","href":"https:\/\/api.w.org\/{rel}","templated":true}]}}