{"id":26613,"date":"2024-11-04T16:22:37","date_gmt":"2024-11-04T15:22:37","guid":{"rendered":"https:\/\/radioleinewelle.de\/?p=26613"},"modified":"2024-11-04T16:22:38","modified_gmt":"2024-11-04T15:22:38","slug":"literarisches-zentrum-musikexperte-peter-kemper-ueber-die-rebellische-strahlkraft-des-jazz","status":"publish","type":"post","link":"https:\/\/radioleinewelle.de\/index.php\/2024\/11\/04\/literarisches-zentrum-musikexperte-peter-kemper-ueber-die-rebellische-strahlkraft-des-jazz\/","title":{"rendered":"Literarisches Zentrum &#8211; Musikexperte\u00a0Peter Kemper \u00fcber die rebellische Strahlkraft des Jazz"},"content":{"rendered":"\n<p>Am\u00a0<strong>Dienstag, den 5. November<\/strong>\u00a0wird das G\u00f6ttinger\u00a0Literaturhaus Schauplatz einer Begegnung von Text und Musik:\u00a0Gemeinsam mit dem 47. G\u00f6ttinger Jazzfestival hat das Literarische Zentrum den renommierten Musikexperten\u00a0und Kritiker\u00a0<strong>Peter Kemper<\/strong>\u00a0eingeladen,\u00a0sein neues Buch\u00a0\u00bbThe Sound of Rebellion\u00ab (Reclam 2023) vorzustellen.\u00a0<\/p>\n\n\n\n<p>In seinem j\u00fcngsten Werk untersucht Kemper&nbsp;die \u201epolitischen \u00c4sthetik&nbsp;des Jazz&#8220; und beleuchtet die Ausdrucksformen, die&nbsp;Unterdr\u00fcckte innerhalb einer rassistisch gepr\u00e4gten Gesellschaft darin gefunden haben. Dabei f\u00fchrt er durch 100 Jahre Musikhistorie und&nbsp;zeichnet die Geschichten von&nbsp;pr\u00e4genden Pers\u00f6nlichkeiten wie Louis&nbsp;Armstrong, John Coltrane und Archie Shepp nach. Der Autor betrachtet in seinem anekdotischen Monumentalwerk diverse Strategien der Selbstbehauptung: die&nbsp;Dynamik der Improvisationen, die Gestik der Performance, die Texte genauso wie die Rolle des Klangs. Und er fragt nach&nbsp;M\u00f6glichkeiten: Wie weit wirkt Musik in die Gesellschaft und welche politischen Potenziale kann sie entfalten?<\/p>\n\n\n\n<p>Im Literaturhaus h\u00e4lt Peter Kemper einen Vortrag, im Anschluss spricht er mit\u00a0<strong>Ove Volquartz<\/strong>, selbst\u00a0international anerkannter\u00a0Jazzmusiker, Komponist und Musikwissenschaftler. Ein Abend des Literarischen Zentrums G\u00f6ttingen und des 47. G\u00f6ttinger Jazzfestivals.<br><strong>Foto:<\/strong> \u00a9Radio Leinewelle (je)<\/p>\n","protected":false},"excerpt":{"rendered":"<p>Am\u00a0Dienstag, den 5. November\u00a0wird das G\u00f6ttinger\u00a0Literaturhaus Schauplatz einer Begegnung von Text und Musik:\u00a0Gemeinsam mit dem 47. G\u00f6ttinger Jazzfestival hat das Literarische Zentrum den renommierten Musikexperten\u00a0und Kritiker\u00a0Peter Kemper\u00a0eingeladen,\u00a0sein neues Buch\u00a0\u00bbThe Sound of Rebellion\u00ab (Reclam 2023) vorzustellen.\u00a0 In seinem j\u00fcngsten Werk untersucht Kemper&nbsp;die \u201epolitischen \u00c4sthetik&nbsp;des Jazz&#8220; und beleuchtet die Ausdrucksformen, die&nbsp;Unterdr\u00fcckte innerhalb einer rassistisch gepr\u00e4gten Gesellschaft darin [&hellip;]<\/p>\n","protected":false},"author":1,"featured_media":26614,"comment_status":"open","ping_status":"open","sticky":false,"template":"","format":"standard","meta":{"saved_in_kubio":false,"footnotes":""},"categories":[45,3896],"tags":[3677,4205,4206],"class_list":["post-26613","post","type-post","status-publish","format-standard","has-post-thumbnail","hentry","category-kultur","category-live-in-town","tag-literarisches-zentrum-goettingen","tag-peter-kemper","tag-the-sound-of-rebellion"],"yoast_head":"<!-- This site is optimized with the Yoast SEO plugin v27.4 - https:\/\/yoast.com\/product\/yoast-seo-wordpress\/ -->\n<title>Literarisches Zentrum - Musikexperte\u00a0Peter Kemper \u00fcber die rebellische Strahlkraft des Jazz - Radio Leinewelle<\/title>\n<meta name=\"robots\" content=\"index, follow, max-snippet:-1, max-image-preview:large, max-video-preview:-1\" \/>\n<link rel=\"canonical\" href=\"https:\/\/radioleinewelle.de\/index.php\/2024\/11\/04\/literarisches-zentrum-musikexperte-peter-kemper-ueber-die-rebellische-strahlkraft-des-jazz\/\" \/>\n<meta property=\"og:locale\" content=\"de_DE\" \/>\n<meta property=\"og:type\" content=\"article\" \/>\n<meta property=\"og:title\" content=\"Literarisches Zentrum - Musikexperte\u00a0Peter Kemper \u00fcber die rebellische Strahlkraft des Jazz - Radio Leinewelle\" \/>\n<meta property=\"og:description\" content=\"Am\u00a0Dienstag, den 5. November\u00a0wird das G\u00f6ttinger\u00a0Literaturhaus Schauplatz einer Begegnung von Text und Musik:\u00a0Gemeinsam mit dem 47. G\u00f6ttinger Jazzfestival hat das Literarische Zentrum den renommierten Musikexperten\u00a0und Kritiker\u00a0Peter Kemper\u00a0eingeladen,\u00a0sein neues Buch\u00a0\u00bbThe Sound of Rebellion\u00ab (Reclam 2023) vorzustellen.\u00a0 In seinem j\u00fcngsten Werk untersucht Kemper&nbsp;die \u201epolitischen \u00c4sthetik&nbsp;des Jazz&#8220; und beleuchtet die Ausdrucksformen, die&nbsp;Unterdr\u00fcckte innerhalb einer rassistisch gepr\u00e4gten Gesellschaft darin [&hellip;]\" \/>\n<meta property=\"og:url\" content=\"https:\/\/radioleinewelle.de\/index.php\/2024\/11\/04\/literarisches-zentrum-musikexperte-peter-kemper-ueber-die-rebellische-strahlkraft-des-jazz\/\" \/>\n<meta property=\"og:site_name\" content=\"Radio Leinewelle\" \/>\n<meta property=\"article:publisher\" content=\"https:\/\/www.facebook.com\/radioleinewelle\" \/>\n<meta property=\"article:author\" content=\"https:\/\/www.facebook.com\/radioleinewelle\" \/>\n<meta property=\"article:published_time\" content=\"2024-11-04T15:22:37+00:00\" \/>\n<meta property=\"article:modified_time\" content=\"2024-11-04T15:22:38+00:00\" \/>\n<meta property=\"og:image\" content=\"https:\/\/radioleinewelle.de\/wp-content\/uploads\/2024\/11\/IMG_4563.jpg\" \/>\n\t<meta property=\"og:image:width\" content=\"1879\" \/>\n\t<meta property=\"og:image:height\" content=\"1512\" \/>\n\t<meta property=\"og:image:type\" content=\"image\/jpeg\" \/>\n<meta name=\"author\" content=\"Leinewelle\" \/>\n<meta name=\"twitter:card\" content=\"summary_large_image\" \/>\n<meta name=\"twitter:creator\" content=\"@https:\/\/twitter.com\/RLeinewelle?ref_src=twsrcgoogletwcampserptwgrauthor\" \/>\n<meta name=\"twitter:site\" content=\"@RLeinewelle\" \/>\n<meta name=\"twitter:label1\" content=\"Verfasst von\" \/>\n\t<meta name=\"twitter:data1\" content=\"Leinewelle\" \/>\n\t<meta name=\"twitter:label2\" content=\"Gesch\u00e4tzte Lesezeit\" \/>\n\t<meta name=\"twitter:data2\" content=\"2\u00a0Minuten\" \/>\n<script type=\"application\/ld+json\" class=\"yoast-schema-graph\">{\"@context\":\"https:\\\/\\\/schema.org\",\"@graph\":[{\"@type\":\"Article\",\"@id\":\"https:\\\/\\\/radioleinewelle.de\\\/index.php\\\/2024\\\/11\\\/04\\\/literarisches-zentrum-musikexperte-peter-kemper-ueber-die-rebellische-strahlkraft-des-jazz\\\/#article\",\"isPartOf\":{\"@id\":\"https:\\\/\\\/radioleinewelle.de\\\/index.php\\\/2024\\\/11\\\/04\\\/literarisches-zentrum-musikexperte-peter-kemper-ueber-die-rebellische-strahlkraft-des-jazz\\\/\"},\"author\":{\"name\":\"Leinewelle\",\"@id\":\"https:\\\/\\\/radioleinewelle.de\\\/#\\\/schema\\\/person\\\/45606f348637df637192dc1b68399a63\"},\"headline\":\"Literarisches Zentrum &#8211; Musikexperte\u00a0Peter Kemper \u00fcber die rebellische Strahlkraft des Jazz\",\"datePublished\":\"2024-11-04T15:22:37+00:00\",\"dateModified\":\"2024-11-04T15:22:38+00:00\",\"mainEntityOfPage\":{\"@id\":\"https:\\\/\\\/radioleinewelle.de\\\/index.php\\\/2024\\\/11\\\/04\\\/literarisches-zentrum-musikexperte-peter-kemper-ueber-die-rebellische-strahlkraft-des-jazz\\\/\"},\"wordCount\":201,\"commentCount\":0,\"publisher\":{\"@id\":\"https:\\\/\\\/radioleinewelle.de\\\/#organization\"},\"image\":{\"@id\":\"https:\\\/\\\/radioleinewelle.de\\\/index.php\\\/2024\\\/11\\\/04\\\/literarisches-zentrum-musikexperte-peter-kemper-ueber-die-rebellische-strahlkraft-des-jazz\\\/#primaryimage\"},\"thumbnailUrl\":\"https:\\\/\\\/radioleinewelle.de\\\/wp-content\\\/uploads\\\/2024\\\/11\\\/IMG_4563.jpg\",\"keywords\":[\"Literarisches Zentrum G\u00f6ttingen\",\"Peter Kemper\",\"The Sound Of Rebellion\"],\"articleSection\":[\"Kultur\",\"Live In Town\"],\"inLanguage\":\"de\",\"potentialAction\":[{\"@type\":\"CommentAction\",\"name\":\"Comment\",\"target\":[\"https:\\\/\\\/radioleinewelle.de\\\/index.php\\\/2024\\\/11\\\/04\\\/literarisches-zentrum-musikexperte-peter-kemper-ueber-die-rebellische-strahlkraft-des-jazz\\\/#respond\"]}]},{\"@type\":\"WebPage\",\"@id\":\"https:\\\/\\\/radioleinewelle.de\\\/index.php\\\/2024\\\/11\\\/04\\\/literarisches-zentrum-musikexperte-peter-kemper-ueber-die-rebellische-strahlkraft-des-jazz\\\/\",\"url\":\"https:\\\/\\\/radioleinewelle.de\\\/index.php\\\/2024\\\/11\\\/04\\\/literarisches-zentrum-musikexperte-peter-kemper-ueber-die-rebellische-strahlkraft-des-jazz\\\/\",\"name\":\"Literarisches Zentrum - Musikexperte\u00a0Peter Kemper \u00fcber die rebellische Strahlkraft des Jazz - Radio Leinewelle\",\"isPartOf\":{\"@id\":\"https:\\\/\\\/radioleinewelle.de\\\/#website\"},\"primaryImageOfPage\":{\"@id\":\"https:\\\/\\\/radioleinewelle.de\\\/index.php\\\/2024\\\/11\\\/04\\\/literarisches-zentrum-musikexperte-peter-kemper-ueber-die-rebellische-strahlkraft-des-jazz\\\/#primaryimage\"},\"image\":{\"@id\":\"https:\\\/\\\/radioleinewelle.de\\\/index.php\\\/2024\\\/11\\\/04\\\/literarisches-zentrum-musikexperte-peter-kemper-ueber-die-rebellische-strahlkraft-des-jazz\\\/#primaryimage\"},\"thumbnailUrl\":\"https:\\\/\\\/radioleinewelle.de\\\/wp-content\\\/uploads\\\/2024\\\/11\\\/IMG_4563.jpg\",\"datePublished\":\"2024-11-04T15:22:37+00:00\",\"dateModified\":\"2024-11-04T15:22:38+00:00\",\"breadcrumb\":{\"@id\":\"https:\\\/\\\/radioleinewelle.de\\\/index.php\\\/2024\\\/11\\\/04\\\/literarisches-zentrum-musikexperte-peter-kemper-ueber-die-rebellische-strahlkraft-des-jazz\\\/#breadcrumb\"},\"inLanguage\":\"de\",\"potentialAction\":[{\"@type\":\"ReadAction\",\"target\":[\"https:\\\/\\\/radioleinewelle.de\\\/index.php\\\/2024\\\/11\\\/04\\\/literarisches-zentrum-musikexperte-peter-kemper-ueber-die-rebellische-strahlkraft-des-jazz\\\/\"]}]},{\"@type\":\"ImageObject\",\"inLanguage\":\"de\",\"@id\":\"https:\\\/\\\/radioleinewelle.de\\\/index.php\\\/2024\\\/11\\\/04\\\/literarisches-zentrum-musikexperte-peter-kemper-ueber-die-rebellische-strahlkraft-des-jazz\\\/#primaryimage\",\"url\":\"https:\\\/\\\/radioleinewelle.de\\\/wp-content\\\/uploads\\\/2024\\\/11\\\/IMG_4563.jpg\",\"contentUrl\":\"https:\\\/\\\/radioleinewelle.de\\\/wp-content\\\/uploads\\\/2024\\\/11\\\/IMG_4563.jpg\",\"width\":1879,\"height\":1512},{\"@type\":\"BreadcrumbList\",\"@id\":\"https:\\\/\\\/radioleinewelle.de\\\/index.php\\\/2024\\\/11\\\/04\\\/literarisches-zentrum-musikexperte-peter-kemper-ueber-die-rebellische-strahlkraft-des-jazz\\\/#breadcrumb\",\"itemListElement\":[{\"@type\":\"ListItem\",\"position\":1,\"name\":\"Startseite\",\"item\":\"https:\\\/\\\/radioleinewelle.de\\\/\"},{\"@type\":\"ListItem\",\"position\":2,\"name\":\"Literarisches Zentrum &#8211; Musikexperte\u00a0Peter Kemper \u00fcber die rebellische Strahlkraft des Jazz\"}]},{\"@type\":\"WebSite\",\"@id\":\"https:\\\/\\\/radioleinewelle.de\\\/#website\",\"url\":\"https:\\\/\\\/radioleinewelle.de\\\/\",\"name\":\"Radio Leinewelle\",\"description\":\"\",\"publisher\":{\"@id\":\"https:\\\/\\\/radioleinewelle.de\\\/#organization\"},\"potentialAction\":[{\"@type\":\"SearchAction\",\"target\":{\"@type\":\"EntryPoint\",\"urlTemplate\":\"https:\\\/\\\/radioleinewelle.de\\\/?s={search_term_string}\"},\"query-input\":{\"@type\":\"PropertyValueSpecification\",\"valueRequired\":true,\"valueName\":\"search_term_string\"}}],\"inLanguage\":\"de\"},{\"@type\":\"Organization\",\"@id\":\"https:\\\/\\\/radioleinewelle.de\\\/#organization\",\"name\":\"Radio Leinewelle\",\"alternateName\":\"Mein Radio f\u00fcr S\u00fcdniedersachsen\",\"url\":\"https:\\\/\\\/radioleinewelle.de\\\/\",\"logo\":{\"@type\":\"ImageObject\",\"inLanguage\":\"de\",\"@id\":\"https:\\\/\\\/radioleinewelle.de\\\/#\\\/schema\\\/logo\\\/image\\\/\",\"url\":\"https:\\\/\\\/radioleinewelle.de\\\/wp-content\\\/uploads\\\/2023\\\/11\\\/cropped-Leinewelle_Logo_weiss.png\",\"contentUrl\":\"https:\\\/\\\/radioleinewelle.de\\\/wp-content\\\/uploads\\\/2023\\\/11\\\/cropped-Leinewelle_Logo_weiss.png\",\"width\":854,\"height\":260,\"caption\":\"Radio Leinewelle\"},\"image\":{\"@id\":\"https:\\\/\\\/radioleinewelle.de\\\/#\\\/schema\\\/logo\\\/image\\\/\"},\"sameAs\":[\"https:\\\/\\\/www.facebook.com\\\/radioleinewelle\",\"https:\\\/\\\/x.com\\\/RLeinewelle\",\"https:\\\/\\\/www.instagram.com\\\/radioleinewelle\\\/?hl=de\"]},{\"@type\":\"Person\",\"@id\":\"https:\\\/\\\/radioleinewelle.de\\\/#\\\/schema\\\/person\\\/45606f348637df637192dc1b68399a63\",\"name\":\"Leinewelle\",\"image\":{\"@type\":\"ImageObject\",\"inLanguage\":\"de\",\"@id\":\"https:\\\/\\\/secure.gravatar.com\\\/avatar\\\/05c9a17bc973052ee5d91549bd32fb4dd0dc85b7b85ae94b2e2b4943476bbea5?s=96&d=blank&r=g\",\"url\":\"https:\\\/\\\/secure.gravatar.com\\\/avatar\\\/05c9a17bc973052ee5d91549bd32fb4dd0dc85b7b85ae94b2e2b4943476bbea5?s=96&d=blank&r=g\",\"contentUrl\":\"https:\\\/\\\/secure.gravatar.com\\\/avatar\\\/05c9a17bc973052ee5d91549bd32fb4dd0dc85b7b85ae94b2e2b4943476bbea5?s=96&d=blank&r=g\",\"caption\":\"Leinewelle\"},\"sameAs\":[\"http:\\\/\\\/localhost\\\/radio%20leinewelle\\\/wordpress\",\"https:\\\/\\\/www.facebook.com\\\/radioleinewelle\",\"https:\\\/\\\/www.instagram.com\\\/radioleinewelle\",\"https:\\\/\\\/x.com\\\/https:\\\/\\\/twitter.com\\\/RLeinewelle?ref_src=twsrcgoogletwcampserptwgrauthor\",\"https:\\\/\\\/soundcloud.com\\\/foerderverein-lokalradio?utm_source=clipboard&utm_medium=text&utm_campaign=social_sharing\"],\"url\":\"https:\\\/\\\/radioleinewelle.de\\\/index.php\\\/author\\\/leinewelle\\\/\"}]}<\/script>\n<!-- \/ Yoast SEO plugin. -->","yoast_head_json":{"title":"Literarisches Zentrum - Musikexperte\u00a0Peter Kemper \u00fcber die rebellische Strahlkraft des Jazz - Radio Leinewelle","robots":{"index":"index","follow":"follow","max-snippet":"max-snippet:-1","max-image-preview":"max-image-preview:large","max-video-preview":"max-video-preview:-1"},"canonical":"https:\/\/radioleinewelle.de\/index.php\/2024\/11\/04\/literarisches-zentrum-musikexperte-peter-kemper-ueber-die-rebellische-strahlkraft-des-jazz\/","og_locale":"de_DE","og_type":"article","og_title":"Literarisches Zentrum - Musikexperte\u00a0Peter Kemper \u00fcber die rebellische Strahlkraft des Jazz - Radio Leinewelle","og_description":"Am\u00a0Dienstag, den 5. November\u00a0wird das G\u00f6ttinger\u00a0Literaturhaus Schauplatz einer Begegnung von Text und Musik:\u00a0Gemeinsam mit dem 47. G\u00f6ttinger Jazzfestival hat das Literarische Zentrum den renommierten Musikexperten\u00a0und Kritiker\u00a0Peter Kemper\u00a0eingeladen,\u00a0sein neues Buch\u00a0\u00bbThe Sound of Rebellion\u00ab (Reclam 2023) vorzustellen.\u00a0 In seinem j\u00fcngsten Werk untersucht Kemper&nbsp;die \u201epolitischen \u00c4sthetik&nbsp;des Jazz&#8220; und beleuchtet die Ausdrucksformen, die&nbsp;Unterdr\u00fcckte innerhalb einer rassistisch gepr\u00e4gten Gesellschaft darin [&hellip;]","og_url":"https:\/\/radioleinewelle.de\/index.php\/2024\/11\/04\/literarisches-zentrum-musikexperte-peter-kemper-ueber-die-rebellische-strahlkraft-des-jazz\/","og_site_name":"Radio Leinewelle","article_publisher":"https:\/\/www.facebook.com\/radioleinewelle","article_author":"https:\/\/www.facebook.com\/radioleinewelle","article_published_time":"2024-11-04T15:22:37+00:00","article_modified_time":"2024-11-04T15:22:38+00:00","og_image":[{"width":1879,"height":1512,"url":"https:\/\/radioleinewelle.de\/wp-content\/uploads\/2024\/11\/IMG_4563.jpg","type":"image\/jpeg"}],"author":"Leinewelle","twitter_card":"summary_large_image","twitter_creator":"@https:\/\/twitter.com\/RLeinewelle?ref_src=twsrcgoogletwcampserptwgrauthor","twitter_site":"@RLeinewelle","twitter_misc":{"Verfasst von":"Leinewelle","Gesch\u00e4tzte Lesezeit":"2\u00a0Minuten"},"schema":{"@context":"https:\/\/schema.org","@graph":[{"@type":"Article","@id":"https:\/\/radioleinewelle.de\/index.php\/2024\/11\/04\/literarisches-zentrum-musikexperte-peter-kemper-ueber-die-rebellische-strahlkraft-des-jazz\/#article","isPartOf":{"@id":"https:\/\/radioleinewelle.de\/index.php\/2024\/11\/04\/literarisches-zentrum-musikexperte-peter-kemper-ueber-die-rebellische-strahlkraft-des-jazz\/"},"author":{"name":"Leinewelle","@id":"https:\/\/radioleinewelle.de\/#\/schema\/person\/45606f348637df637192dc1b68399a63"},"headline":"Literarisches Zentrum &#8211; Musikexperte\u00a0Peter Kemper \u00fcber die rebellische Strahlkraft des Jazz","datePublished":"2024-11-04T15:22:37+00:00","dateModified":"2024-11-04T15:22:38+00:00","mainEntityOfPage":{"@id":"https:\/\/radioleinewelle.de\/index.php\/2024\/11\/04\/literarisches-zentrum-musikexperte-peter-kemper-ueber-die-rebellische-strahlkraft-des-jazz\/"},"wordCount":201,"commentCount":0,"publisher":{"@id":"https:\/\/radioleinewelle.de\/#organization"},"image":{"@id":"https:\/\/radioleinewelle.de\/index.php\/2024\/11\/04\/literarisches-zentrum-musikexperte-peter-kemper-ueber-die-rebellische-strahlkraft-des-jazz\/#primaryimage"},"thumbnailUrl":"https:\/\/radioleinewelle.de\/wp-content\/uploads\/2024\/11\/IMG_4563.jpg","keywords":["Literarisches Zentrum G\u00f6ttingen","Peter Kemper","The Sound Of Rebellion"],"articleSection":["Kultur","Live In Town"],"inLanguage":"de","potentialAction":[{"@type":"CommentAction","name":"Comment","target":["https:\/\/radioleinewelle.de\/index.php\/2024\/11\/04\/literarisches-zentrum-musikexperte-peter-kemper-ueber-die-rebellische-strahlkraft-des-jazz\/#respond"]}]},{"@type":"WebPage","@id":"https:\/\/radioleinewelle.de\/index.php\/2024\/11\/04\/literarisches-zentrum-musikexperte-peter-kemper-ueber-die-rebellische-strahlkraft-des-jazz\/","url":"https:\/\/radioleinewelle.de\/index.php\/2024\/11\/04\/literarisches-zentrum-musikexperte-peter-kemper-ueber-die-rebellische-strahlkraft-des-jazz\/","name":"Literarisches Zentrum - Musikexperte\u00a0Peter Kemper \u00fcber die rebellische Strahlkraft des Jazz - Radio Leinewelle","isPartOf":{"@id":"https:\/\/radioleinewelle.de\/#website"},"primaryImageOfPage":{"@id":"https:\/\/radioleinewelle.de\/index.php\/2024\/11\/04\/literarisches-zentrum-musikexperte-peter-kemper-ueber-die-rebellische-strahlkraft-des-jazz\/#primaryimage"},"image":{"@id":"https:\/\/radioleinewelle.de\/index.php\/2024\/11\/04\/literarisches-zentrum-musikexperte-peter-kemper-ueber-die-rebellische-strahlkraft-des-jazz\/#primaryimage"},"thumbnailUrl":"https:\/\/radioleinewelle.de\/wp-content\/uploads\/2024\/11\/IMG_4563.jpg","datePublished":"2024-11-04T15:22:37+00:00","dateModified":"2024-11-04T15:22:38+00:00","breadcrumb":{"@id":"https:\/\/radioleinewelle.de\/index.php\/2024\/11\/04\/literarisches-zentrum-musikexperte-peter-kemper-ueber-die-rebellische-strahlkraft-des-jazz\/#breadcrumb"},"inLanguage":"de","potentialAction":[{"@type":"ReadAction","target":["https:\/\/radioleinewelle.de\/index.php\/2024\/11\/04\/literarisches-zentrum-musikexperte-peter-kemper-ueber-die-rebellische-strahlkraft-des-jazz\/"]}]},{"@type":"ImageObject","inLanguage":"de","@id":"https:\/\/radioleinewelle.de\/index.php\/2024\/11\/04\/literarisches-zentrum-musikexperte-peter-kemper-ueber-die-rebellische-strahlkraft-des-jazz\/#primaryimage","url":"https:\/\/radioleinewelle.de\/wp-content\/uploads\/2024\/11\/IMG_4563.jpg","contentUrl":"https:\/\/radioleinewelle.de\/wp-content\/uploads\/2024\/11\/IMG_4563.jpg","width":1879,"height":1512},{"@type":"BreadcrumbList","@id":"https:\/\/radioleinewelle.de\/index.php\/2024\/11\/04\/literarisches-zentrum-musikexperte-peter-kemper-ueber-die-rebellische-strahlkraft-des-jazz\/#breadcrumb","itemListElement":[{"@type":"ListItem","position":1,"name":"Startseite","item":"https:\/\/radioleinewelle.de\/"},{"@type":"ListItem","position":2,"name":"Literarisches Zentrum &#8211; Musikexperte\u00a0Peter Kemper \u00fcber die rebellische Strahlkraft des Jazz"}]},{"@type":"WebSite","@id":"https:\/\/radioleinewelle.de\/#website","url":"https:\/\/radioleinewelle.de\/","name":"Radio Leinewelle","description":"","publisher":{"@id":"https:\/\/radioleinewelle.de\/#organization"},"potentialAction":[{"@type":"SearchAction","target":{"@type":"EntryPoint","urlTemplate":"https:\/\/radioleinewelle.de\/?s={search_term_string}"},"query-input":{"@type":"PropertyValueSpecification","valueRequired":true,"valueName":"search_term_string"}}],"inLanguage":"de"},{"@type":"Organization","@id":"https:\/\/radioleinewelle.de\/#organization","name":"Radio Leinewelle","alternateName":"Mein Radio f\u00fcr S\u00fcdniedersachsen","url":"https:\/\/radioleinewelle.de\/","logo":{"@type":"ImageObject","inLanguage":"de","@id":"https:\/\/radioleinewelle.de\/#\/schema\/logo\/image\/","url":"https:\/\/radioleinewelle.de\/wp-content\/uploads\/2023\/11\/cropped-Leinewelle_Logo_weiss.png","contentUrl":"https:\/\/radioleinewelle.de\/wp-content\/uploads\/2023\/11\/cropped-Leinewelle_Logo_weiss.png","width":854,"height":260,"caption":"Radio Leinewelle"},"image":{"@id":"https:\/\/radioleinewelle.de\/#\/schema\/logo\/image\/"},"sameAs":["https:\/\/www.facebook.com\/radioleinewelle","https:\/\/x.com\/RLeinewelle","https:\/\/www.instagram.com\/radioleinewelle\/?hl=de"]},{"@type":"Person","@id":"https:\/\/radioleinewelle.de\/#\/schema\/person\/45606f348637df637192dc1b68399a63","name":"Leinewelle","image":{"@type":"ImageObject","inLanguage":"de","@id":"https:\/\/secure.gravatar.com\/avatar\/05c9a17bc973052ee5d91549bd32fb4dd0dc85b7b85ae94b2e2b4943476bbea5?s=96&d=blank&r=g","url":"https:\/\/secure.gravatar.com\/avatar\/05c9a17bc973052ee5d91549bd32fb4dd0dc85b7b85ae94b2e2b4943476bbea5?s=96&d=blank&r=g","contentUrl":"https:\/\/secure.gravatar.com\/avatar\/05c9a17bc973052ee5d91549bd32fb4dd0dc85b7b85ae94b2e2b4943476bbea5?s=96&d=blank&r=g","caption":"Leinewelle"},"sameAs":["http:\/\/localhost\/radio%20leinewelle\/wordpress","https:\/\/www.facebook.com\/radioleinewelle","https:\/\/www.instagram.com\/radioleinewelle","https:\/\/x.com\/https:\/\/twitter.com\/RLeinewelle?ref_src=twsrcgoogletwcampserptwgrauthor","https:\/\/soundcloud.com\/foerderverein-lokalradio?utm_source=clipboard&utm_medium=text&utm_campaign=social_sharing"],"url":"https:\/\/radioleinewelle.de\/index.php\/author\/leinewelle\/"}]}},"_links":{"self":[{"href":"https:\/\/radioleinewelle.de\/index.php\/wp-json\/wp\/v2\/posts\/26613","targetHints":{"allow":["GET"]}}],"collection":[{"href":"https:\/\/radioleinewelle.de\/index.php\/wp-json\/wp\/v2\/posts"}],"about":[{"href":"https:\/\/radioleinewelle.de\/index.php\/wp-json\/wp\/v2\/types\/post"}],"author":[{"embeddable":true,"href":"https:\/\/radioleinewelle.de\/index.php\/wp-json\/wp\/v2\/users\/1"}],"replies":[{"embeddable":true,"href":"https:\/\/radioleinewelle.de\/index.php\/wp-json\/wp\/v2\/comments?post=26613"}],"version-history":[{"count":2,"href":"https:\/\/radioleinewelle.de\/index.php\/wp-json\/wp\/v2\/posts\/26613\/revisions"}],"predecessor-version":[{"id":26616,"href":"https:\/\/radioleinewelle.de\/index.php\/wp-json\/wp\/v2\/posts\/26613\/revisions\/26616"}],"wp:featuredmedia":[{"embeddable":true,"href":"https:\/\/radioleinewelle.de\/index.php\/wp-json\/wp\/v2\/media\/26614"}],"wp:attachment":[{"href":"https:\/\/radioleinewelle.de\/index.php\/wp-json\/wp\/v2\/media?parent=26613"}],"wp:term":[{"taxonomy":"category","embeddable":true,"href":"https:\/\/radioleinewelle.de\/index.php\/wp-json\/wp\/v2\/categories?post=26613"},{"taxonomy":"post_tag","embeddable":true,"href":"https:\/\/radioleinewelle.de\/index.php\/wp-json\/wp\/v2\/tags?post=26613"}],"curies":[{"name":"wp","href":"https:\/\/api.w.org\/{rel}","templated":true}]}}