{"id":26618,"date":"2024-11-04T22:00:34","date_gmt":"2024-11-04T21:00:34","guid":{"rendered":"https:\/\/radioleinewelle.de\/?p=26618"},"modified":"2024-11-10T22:21:51","modified_gmt":"2024-11-10T21:21:51","slug":"kunsthaus-goettingen-vor-dem-aus","status":"publish","type":"post","link":"https:\/\/radioleinewelle.de\/index.php\/2024\/11\/04\/kunsthaus-goettingen-vor-dem-aus\/","title":{"rendered":"Kunsthaus G\u00f6ttingen vor dem Aus?"},"content":{"rendered":"\n<p>Das Ende f\u00fcr das Kunsthaus G\u00f6ttingen kam am Tagesordnungspunkt 12 bei der heutigen Sitzung des Finanzausschusses der Stadt G\u00f6ttingen. Der in der Sitzung vorgelegte vorgelegte Beschlussvorschlag, dem Kunsthaus eine weitere einmalige Zahlung von 200.000\u20ac zu gew\u00e4hren und auch die geplante Erh\u00f6hung der j\u00e4hrlichen Kosten von 180.000\u20ac auf 240.000\u20ac fand in der SItzung keine Mehrheit. Nur die SPD Vertreter stimmten f\u00fcr diesen Antrag. F\u00fcr die CDU, im Haushaltsb\u00fcndnis mit der SPD, gibt es nach dem Aufbrauch des Eigenkapitals und der prek\u00e4ren Haushaltslage keine andere M\u00f6glichkeit, als eine geordnete Abwicklung des Kunsthauses. Die Nachnutzung des Geb\u00e4udes werde zu einem sp\u00e4teren Zeitpunkt gekl\u00e4rt.<\/p>\n\n\n\n\n\n<p class=\"has-text-align-center\"><strong><em>Was ma\u00dfgeblich von den ehemaligen Oberb\u00fcrgermeistern Meyer und K\u00f6hler politisch begleitet und als ,internationales Leuchtturmprojekt&#8216; dargestellt wurde, hat es in Wirklichkeit nie \u00fcber die Kreisklasse hinausgeschafft<\/em><\/strong><br>Olaf Feuerstein, Fraktionsvorsitzender der CDU<\/p>\n\n\n\n\n\n<p>Das im Jahr 2021 in der Innenstadt er\u00f6ffnete Kunsthaus G\u00f6ttingen, setzt mit wechselnden Ausstellungen von Papier, Fotografien und neuen Medien, seinen Schwerpunkt auf zeitgen\u00f6ssische Kunst mit internationaler Ausrichtung.<br><\/p>\n\n\n\n<p><strong>Foto: <\/strong>\u00a9Radio Leinewelle<\/p>\n\n\n\n<p><\/p>\n","protected":false},"excerpt":{"rendered":"<p>Das Ende f\u00fcr das Kunsthaus G\u00f6ttingen kam am Tagesordnungspunkt 12 bei der heutigen Sitzung des Finanzausschusses der Stadt G\u00f6ttingen. Der in der Sitzung vorgelegte vorgelegte Beschlussvorschlag, dem Kunsthaus eine weitere einmalige Zahlung von 200.000\u20ac zu gew\u00e4hren und auch die geplante Erh\u00f6hung der j\u00e4hrlichen Kosten von 180.000\u20ac auf 240.000\u20ac fand in der SItzung keine Mehrheit. Nur [&hellip;]<\/p>\n","protected":false},"author":1,"featured_media":26623,"comment_status":"open","ping_status":"open","sticky":false,"template":"","format":"standard","meta":{"saved_in_kubio":false,"footnotes":""},"categories":[1],"tags":[],"class_list":["post-26618","post","type-post","status-publish","format-standard","has-post-thumbnail","hentry","category-allgemein"],"yoast_head":"<!-- This site is optimized with the Yoast SEO plugin v27.4 - https:\/\/yoast.com\/product\/yoast-seo-wordpress\/ -->\n<title>Kunsthaus G\u00f6ttingen vor dem Aus? - Radio Leinewelle<\/title>\n<meta name=\"robots\" content=\"index, follow, max-snippet:-1, max-image-preview:large, max-video-preview:-1\" \/>\n<link rel=\"canonical\" href=\"https:\/\/radioleinewelle.de\/index.php\/2024\/11\/04\/kunsthaus-goettingen-vor-dem-aus\/\" \/>\n<meta property=\"og:locale\" content=\"de_DE\" \/>\n<meta property=\"og:type\" content=\"article\" \/>\n<meta property=\"og:title\" content=\"Kunsthaus G\u00f6ttingen vor dem Aus? - Radio Leinewelle\" \/>\n<meta property=\"og:description\" content=\"Das Ende f\u00fcr das Kunsthaus G\u00f6ttingen kam am Tagesordnungspunkt 12 bei der heutigen Sitzung des Finanzausschusses der Stadt G\u00f6ttingen. Der in der Sitzung vorgelegte vorgelegte Beschlussvorschlag, dem Kunsthaus eine weitere einmalige Zahlung von 200.000\u20ac zu gew\u00e4hren und auch die geplante Erh\u00f6hung der j\u00e4hrlichen Kosten von 180.000\u20ac auf 240.000\u20ac fand in der SItzung keine Mehrheit. Nur [&hellip;]\" \/>\n<meta property=\"og:url\" content=\"https:\/\/radioleinewelle.de\/index.php\/2024\/11\/04\/kunsthaus-goettingen-vor-dem-aus\/\" \/>\n<meta property=\"og:site_name\" content=\"Radio Leinewelle\" \/>\n<meta property=\"article:publisher\" content=\"https:\/\/www.facebook.com\/radioleinewelle\" \/>\n<meta property=\"article:author\" content=\"https:\/\/www.facebook.com\/radioleinewelle\" \/>\n<meta property=\"article:published_time\" content=\"2024-11-04T21:00:34+00:00\" \/>\n<meta property=\"article:modified_time\" content=\"2024-11-10T21:21:51+00:00\" \/>\n<meta property=\"og:image\" content=\"https:\/\/radioleinewelle.de\/wp-content\/uploads\/2024\/11\/Kunsthaus-Goettingen.jpg\" \/>\n\t<meta property=\"og:image:width\" content=\"2016\" \/>\n\t<meta property=\"og:image:height\" content=\"1512\" \/>\n\t<meta property=\"og:image:type\" content=\"image\/jpeg\" \/>\n<meta name=\"author\" content=\"Leinewelle\" \/>\n<meta name=\"twitter:card\" content=\"summary_large_image\" \/>\n<meta name=\"twitter:creator\" content=\"@https:\/\/twitter.com\/RLeinewelle?ref_src=twsrcgoogletwcampserptwgrauthor\" \/>\n<meta name=\"twitter:site\" content=\"@RLeinewelle\" \/>\n<meta name=\"twitter:label1\" content=\"Verfasst von\" \/>\n\t<meta name=\"twitter:data1\" content=\"Leinewelle\" \/>\n\t<meta name=\"twitter:label2\" content=\"Gesch\u00e4tzte Lesezeit\" \/>\n\t<meta name=\"twitter:data2\" content=\"2\u00a0Minuten\" \/>\n<script type=\"application\/ld+json\" class=\"yoast-schema-graph\">{\"@context\":\"https:\\\/\\\/schema.org\",\"@graph\":[{\"@type\":\"Article\",\"@id\":\"https:\\\/\\\/radioleinewelle.de\\\/index.php\\\/2024\\\/11\\\/04\\\/kunsthaus-goettingen-vor-dem-aus\\\/#article\",\"isPartOf\":{\"@id\":\"https:\\\/\\\/radioleinewelle.de\\\/index.php\\\/2024\\\/11\\\/04\\\/kunsthaus-goettingen-vor-dem-aus\\\/\"},\"author\":{\"name\":\"Leinewelle\",\"@id\":\"https:\\\/\\\/radioleinewelle.de\\\/#\\\/schema\\\/person\\\/45606f348637df637192dc1b68399a63\"},\"headline\":\"Kunsthaus G\u00f6ttingen vor dem Aus?\",\"datePublished\":\"2024-11-04T21:00:34+00:00\",\"dateModified\":\"2024-11-10T21:21:51+00:00\",\"mainEntityOfPage\":{\"@id\":\"https:\\\/\\\/radioleinewelle.de\\\/index.php\\\/2024\\\/11\\\/04\\\/kunsthaus-goettingen-vor-dem-aus\\\/\"},\"wordCount\":183,\"commentCount\":0,\"publisher\":{\"@id\":\"https:\\\/\\\/radioleinewelle.de\\\/#organization\"},\"image\":{\"@id\":\"https:\\\/\\\/radioleinewelle.de\\\/index.php\\\/2024\\\/11\\\/04\\\/kunsthaus-goettingen-vor-dem-aus\\\/#primaryimage\"},\"thumbnailUrl\":\"https:\\\/\\\/radioleinewelle.de\\\/wp-content\\\/uploads\\\/2024\\\/11\\\/Kunsthaus-Goettingen.jpg\",\"inLanguage\":\"de\",\"potentialAction\":[{\"@type\":\"CommentAction\",\"name\":\"Comment\",\"target\":[\"https:\\\/\\\/radioleinewelle.de\\\/index.php\\\/2024\\\/11\\\/04\\\/kunsthaus-goettingen-vor-dem-aus\\\/#respond\"]}]},{\"@type\":\"WebPage\",\"@id\":\"https:\\\/\\\/radioleinewelle.de\\\/index.php\\\/2024\\\/11\\\/04\\\/kunsthaus-goettingen-vor-dem-aus\\\/\",\"url\":\"https:\\\/\\\/radioleinewelle.de\\\/index.php\\\/2024\\\/11\\\/04\\\/kunsthaus-goettingen-vor-dem-aus\\\/\",\"name\":\"Kunsthaus G\u00f6ttingen vor dem Aus? - Radio Leinewelle\",\"isPartOf\":{\"@id\":\"https:\\\/\\\/radioleinewelle.de\\\/#website\"},\"primaryImageOfPage\":{\"@id\":\"https:\\\/\\\/radioleinewelle.de\\\/index.php\\\/2024\\\/11\\\/04\\\/kunsthaus-goettingen-vor-dem-aus\\\/#primaryimage\"},\"image\":{\"@id\":\"https:\\\/\\\/radioleinewelle.de\\\/index.php\\\/2024\\\/11\\\/04\\\/kunsthaus-goettingen-vor-dem-aus\\\/#primaryimage\"},\"thumbnailUrl\":\"https:\\\/\\\/radioleinewelle.de\\\/wp-content\\\/uploads\\\/2024\\\/11\\\/Kunsthaus-Goettingen.jpg\",\"datePublished\":\"2024-11-04T21:00:34+00:00\",\"dateModified\":\"2024-11-10T21:21:51+00:00\",\"breadcrumb\":{\"@id\":\"https:\\\/\\\/radioleinewelle.de\\\/index.php\\\/2024\\\/11\\\/04\\\/kunsthaus-goettingen-vor-dem-aus\\\/#breadcrumb\"},\"inLanguage\":\"de\",\"potentialAction\":[{\"@type\":\"ReadAction\",\"target\":[\"https:\\\/\\\/radioleinewelle.de\\\/index.php\\\/2024\\\/11\\\/04\\\/kunsthaus-goettingen-vor-dem-aus\\\/\"]}]},{\"@type\":\"ImageObject\",\"inLanguage\":\"de\",\"@id\":\"https:\\\/\\\/radioleinewelle.de\\\/index.php\\\/2024\\\/11\\\/04\\\/kunsthaus-goettingen-vor-dem-aus\\\/#primaryimage\",\"url\":\"https:\\\/\\\/radioleinewelle.de\\\/wp-content\\\/uploads\\\/2024\\\/11\\\/Kunsthaus-Goettingen.jpg\",\"contentUrl\":\"https:\\\/\\\/radioleinewelle.de\\\/wp-content\\\/uploads\\\/2024\\\/11\\\/Kunsthaus-Goettingen.jpg\",\"width\":2016,\"height\":1512},{\"@type\":\"BreadcrumbList\",\"@id\":\"https:\\\/\\\/radioleinewelle.de\\\/index.php\\\/2024\\\/11\\\/04\\\/kunsthaus-goettingen-vor-dem-aus\\\/#breadcrumb\",\"itemListElement\":[{\"@type\":\"ListItem\",\"position\":1,\"name\":\"Startseite\",\"item\":\"https:\\\/\\\/radioleinewelle.de\\\/\"},{\"@type\":\"ListItem\",\"position\":2,\"name\":\"Kunsthaus G\u00f6ttingen vor dem Aus?\"}]},{\"@type\":\"WebSite\",\"@id\":\"https:\\\/\\\/radioleinewelle.de\\\/#website\",\"url\":\"https:\\\/\\\/radioleinewelle.de\\\/\",\"name\":\"Radio Leinewelle\",\"description\":\"\",\"publisher\":{\"@id\":\"https:\\\/\\\/radioleinewelle.de\\\/#organization\"},\"potentialAction\":[{\"@type\":\"SearchAction\",\"target\":{\"@type\":\"EntryPoint\",\"urlTemplate\":\"https:\\\/\\\/radioleinewelle.de\\\/?s={search_term_string}\"},\"query-input\":{\"@type\":\"PropertyValueSpecification\",\"valueRequired\":true,\"valueName\":\"search_term_string\"}}],\"inLanguage\":\"de\"},{\"@type\":\"Organization\",\"@id\":\"https:\\\/\\\/radioleinewelle.de\\\/#organization\",\"name\":\"Radio Leinewelle\",\"alternateName\":\"Mein Radio f\u00fcr S\u00fcdniedersachsen\",\"url\":\"https:\\\/\\\/radioleinewelle.de\\\/\",\"logo\":{\"@type\":\"ImageObject\",\"inLanguage\":\"de\",\"@id\":\"https:\\\/\\\/radioleinewelle.de\\\/#\\\/schema\\\/logo\\\/image\\\/\",\"url\":\"https:\\\/\\\/radioleinewelle.de\\\/wp-content\\\/uploads\\\/2023\\\/11\\\/cropped-Leinewelle_Logo_weiss.png\",\"contentUrl\":\"https:\\\/\\\/radioleinewelle.de\\\/wp-content\\\/uploads\\\/2023\\\/11\\\/cropped-Leinewelle_Logo_weiss.png\",\"width\":854,\"height\":260,\"caption\":\"Radio Leinewelle\"},\"image\":{\"@id\":\"https:\\\/\\\/radioleinewelle.de\\\/#\\\/schema\\\/logo\\\/image\\\/\"},\"sameAs\":[\"https:\\\/\\\/www.facebook.com\\\/radioleinewelle\",\"https:\\\/\\\/x.com\\\/RLeinewelle\",\"https:\\\/\\\/www.instagram.com\\\/radioleinewelle\\\/?hl=de\"]},{\"@type\":\"Person\",\"@id\":\"https:\\\/\\\/radioleinewelle.de\\\/#\\\/schema\\\/person\\\/45606f348637df637192dc1b68399a63\",\"name\":\"Leinewelle\",\"image\":{\"@type\":\"ImageObject\",\"inLanguage\":\"de\",\"@id\":\"https:\\\/\\\/secure.gravatar.com\\\/avatar\\\/05c9a17bc973052ee5d91549bd32fb4dd0dc85b7b85ae94b2e2b4943476bbea5?s=96&d=blank&r=g\",\"url\":\"https:\\\/\\\/secure.gravatar.com\\\/avatar\\\/05c9a17bc973052ee5d91549bd32fb4dd0dc85b7b85ae94b2e2b4943476bbea5?s=96&d=blank&r=g\",\"contentUrl\":\"https:\\\/\\\/secure.gravatar.com\\\/avatar\\\/05c9a17bc973052ee5d91549bd32fb4dd0dc85b7b85ae94b2e2b4943476bbea5?s=96&d=blank&r=g\",\"caption\":\"Leinewelle\"},\"sameAs\":[\"http:\\\/\\\/localhost\\\/radio%20leinewelle\\\/wordpress\",\"https:\\\/\\\/www.facebook.com\\\/radioleinewelle\",\"https:\\\/\\\/www.instagram.com\\\/radioleinewelle\",\"https:\\\/\\\/x.com\\\/https:\\\/\\\/twitter.com\\\/RLeinewelle?ref_src=twsrcgoogletwcampserptwgrauthor\",\"https:\\\/\\\/soundcloud.com\\\/foerderverein-lokalradio?utm_source=clipboard&utm_medium=text&utm_campaign=social_sharing\"],\"url\":\"https:\\\/\\\/radioleinewelle.de\\\/index.php\\\/author\\\/leinewelle\\\/\"}]}<\/script>\n<!-- \/ Yoast SEO plugin. -->","yoast_head_json":{"title":"Kunsthaus G\u00f6ttingen vor dem Aus? - Radio Leinewelle","robots":{"index":"index","follow":"follow","max-snippet":"max-snippet:-1","max-image-preview":"max-image-preview:large","max-video-preview":"max-video-preview:-1"},"canonical":"https:\/\/radioleinewelle.de\/index.php\/2024\/11\/04\/kunsthaus-goettingen-vor-dem-aus\/","og_locale":"de_DE","og_type":"article","og_title":"Kunsthaus G\u00f6ttingen vor dem Aus? - Radio Leinewelle","og_description":"Das Ende f\u00fcr das Kunsthaus G\u00f6ttingen kam am Tagesordnungspunkt 12 bei der heutigen Sitzung des Finanzausschusses der Stadt G\u00f6ttingen. Der in der Sitzung vorgelegte vorgelegte Beschlussvorschlag, dem Kunsthaus eine weitere einmalige Zahlung von 200.000\u20ac zu gew\u00e4hren und auch die geplante Erh\u00f6hung der j\u00e4hrlichen Kosten von 180.000\u20ac auf 240.000\u20ac fand in der SItzung keine Mehrheit. Nur [&hellip;]","og_url":"https:\/\/radioleinewelle.de\/index.php\/2024\/11\/04\/kunsthaus-goettingen-vor-dem-aus\/","og_site_name":"Radio Leinewelle","article_publisher":"https:\/\/www.facebook.com\/radioleinewelle","article_author":"https:\/\/www.facebook.com\/radioleinewelle","article_published_time":"2024-11-04T21:00:34+00:00","article_modified_time":"2024-11-10T21:21:51+00:00","og_image":[{"width":2016,"height":1512,"url":"https:\/\/radioleinewelle.de\/wp-content\/uploads\/2024\/11\/Kunsthaus-Goettingen.jpg","type":"image\/jpeg"}],"author":"Leinewelle","twitter_card":"summary_large_image","twitter_creator":"@https:\/\/twitter.com\/RLeinewelle?ref_src=twsrcgoogletwcampserptwgrauthor","twitter_site":"@RLeinewelle","twitter_misc":{"Verfasst von":"Leinewelle","Gesch\u00e4tzte Lesezeit":"2\u00a0Minuten"},"schema":{"@context":"https:\/\/schema.org","@graph":[{"@type":"Article","@id":"https:\/\/radioleinewelle.de\/index.php\/2024\/11\/04\/kunsthaus-goettingen-vor-dem-aus\/#article","isPartOf":{"@id":"https:\/\/radioleinewelle.de\/index.php\/2024\/11\/04\/kunsthaus-goettingen-vor-dem-aus\/"},"author":{"name":"Leinewelle","@id":"https:\/\/radioleinewelle.de\/#\/schema\/person\/45606f348637df637192dc1b68399a63"},"headline":"Kunsthaus G\u00f6ttingen vor dem Aus?","datePublished":"2024-11-04T21:00:34+00:00","dateModified":"2024-11-10T21:21:51+00:00","mainEntityOfPage":{"@id":"https:\/\/radioleinewelle.de\/index.php\/2024\/11\/04\/kunsthaus-goettingen-vor-dem-aus\/"},"wordCount":183,"commentCount":0,"publisher":{"@id":"https:\/\/radioleinewelle.de\/#organization"},"image":{"@id":"https:\/\/radioleinewelle.de\/index.php\/2024\/11\/04\/kunsthaus-goettingen-vor-dem-aus\/#primaryimage"},"thumbnailUrl":"https:\/\/radioleinewelle.de\/wp-content\/uploads\/2024\/11\/Kunsthaus-Goettingen.jpg","inLanguage":"de","potentialAction":[{"@type":"CommentAction","name":"Comment","target":["https:\/\/radioleinewelle.de\/index.php\/2024\/11\/04\/kunsthaus-goettingen-vor-dem-aus\/#respond"]}]},{"@type":"WebPage","@id":"https:\/\/radioleinewelle.de\/index.php\/2024\/11\/04\/kunsthaus-goettingen-vor-dem-aus\/","url":"https:\/\/radioleinewelle.de\/index.php\/2024\/11\/04\/kunsthaus-goettingen-vor-dem-aus\/","name":"Kunsthaus G\u00f6ttingen vor dem Aus? - Radio Leinewelle","isPartOf":{"@id":"https:\/\/radioleinewelle.de\/#website"},"primaryImageOfPage":{"@id":"https:\/\/radioleinewelle.de\/index.php\/2024\/11\/04\/kunsthaus-goettingen-vor-dem-aus\/#primaryimage"},"image":{"@id":"https:\/\/radioleinewelle.de\/index.php\/2024\/11\/04\/kunsthaus-goettingen-vor-dem-aus\/#primaryimage"},"thumbnailUrl":"https:\/\/radioleinewelle.de\/wp-content\/uploads\/2024\/11\/Kunsthaus-Goettingen.jpg","datePublished":"2024-11-04T21:00:34+00:00","dateModified":"2024-11-10T21:21:51+00:00","breadcrumb":{"@id":"https:\/\/radioleinewelle.de\/index.php\/2024\/11\/04\/kunsthaus-goettingen-vor-dem-aus\/#breadcrumb"},"inLanguage":"de","potentialAction":[{"@type":"ReadAction","target":["https:\/\/radioleinewelle.de\/index.php\/2024\/11\/04\/kunsthaus-goettingen-vor-dem-aus\/"]}]},{"@type":"ImageObject","inLanguage":"de","@id":"https:\/\/radioleinewelle.de\/index.php\/2024\/11\/04\/kunsthaus-goettingen-vor-dem-aus\/#primaryimage","url":"https:\/\/radioleinewelle.de\/wp-content\/uploads\/2024\/11\/Kunsthaus-Goettingen.jpg","contentUrl":"https:\/\/radioleinewelle.de\/wp-content\/uploads\/2024\/11\/Kunsthaus-Goettingen.jpg","width":2016,"height":1512},{"@type":"BreadcrumbList","@id":"https:\/\/radioleinewelle.de\/index.php\/2024\/11\/04\/kunsthaus-goettingen-vor-dem-aus\/#breadcrumb","itemListElement":[{"@type":"ListItem","position":1,"name":"Startseite","item":"https:\/\/radioleinewelle.de\/"},{"@type":"ListItem","position":2,"name":"Kunsthaus G\u00f6ttingen vor dem Aus?"}]},{"@type":"WebSite","@id":"https:\/\/radioleinewelle.de\/#website","url":"https:\/\/radioleinewelle.de\/","name":"Radio Leinewelle","description":"","publisher":{"@id":"https:\/\/radioleinewelle.de\/#organization"},"potentialAction":[{"@type":"SearchAction","target":{"@type":"EntryPoint","urlTemplate":"https:\/\/radioleinewelle.de\/?s={search_term_string}"},"query-input":{"@type":"PropertyValueSpecification","valueRequired":true,"valueName":"search_term_string"}}],"inLanguage":"de"},{"@type":"Organization","@id":"https:\/\/radioleinewelle.de\/#organization","name":"Radio Leinewelle","alternateName":"Mein Radio f\u00fcr S\u00fcdniedersachsen","url":"https:\/\/radioleinewelle.de\/","logo":{"@type":"ImageObject","inLanguage":"de","@id":"https:\/\/radioleinewelle.de\/#\/schema\/logo\/image\/","url":"https:\/\/radioleinewelle.de\/wp-content\/uploads\/2023\/11\/cropped-Leinewelle_Logo_weiss.png","contentUrl":"https:\/\/radioleinewelle.de\/wp-content\/uploads\/2023\/11\/cropped-Leinewelle_Logo_weiss.png","width":854,"height":260,"caption":"Radio Leinewelle"},"image":{"@id":"https:\/\/radioleinewelle.de\/#\/schema\/logo\/image\/"},"sameAs":["https:\/\/www.facebook.com\/radioleinewelle","https:\/\/x.com\/RLeinewelle","https:\/\/www.instagram.com\/radioleinewelle\/?hl=de"]},{"@type":"Person","@id":"https:\/\/radioleinewelle.de\/#\/schema\/person\/45606f348637df637192dc1b68399a63","name":"Leinewelle","image":{"@type":"ImageObject","inLanguage":"de","@id":"https:\/\/secure.gravatar.com\/avatar\/05c9a17bc973052ee5d91549bd32fb4dd0dc85b7b85ae94b2e2b4943476bbea5?s=96&d=blank&r=g","url":"https:\/\/secure.gravatar.com\/avatar\/05c9a17bc973052ee5d91549bd32fb4dd0dc85b7b85ae94b2e2b4943476bbea5?s=96&d=blank&r=g","contentUrl":"https:\/\/secure.gravatar.com\/avatar\/05c9a17bc973052ee5d91549bd32fb4dd0dc85b7b85ae94b2e2b4943476bbea5?s=96&d=blank&r=g","caption":"Leinewelle"},"sameAs":["http:\/\/localhost\/radio%20leinewelle\/wordpress","https:\/\/www.facebook.com\/radioleinewelle","https:\/\/www.instagram.com\/radioleinewelle","https:\/\/x.com\/https:\/\/twitter.com\/RLeinewelle?ref_src=twsrcgoogletwcampserptwgrauthor","https:\/\/soundcloud.com\/foerderverein-lokalradio?utm_source=clipboard&utm_medium=text&utm_campaign=social_sharing"],"url":"https:\/\/radioleinewelle.de\/index.php\/author\/leinewelle\/"}]}},"_links":{"self":[{"href":"https:\/\/radioleinewelle.de\/index.php\/wp-json\/wp\/v2\/posts\/26618","targetHints":{"allow":["GET"]}}],"collection":[{"href":"https:\/\/radioleinewelle.de\/index.php\/wp-json\/wp\/v2\/posts"}],"about":[{"href":"https:\/\/radioleinewelle.de\/index.php\/wp-json\/wp\/v2\/types\/post"}],"author":[{"embeddable":true,"href":"https:\/\/radioleinewelle.de\/index.php\/wp-json\/wp\/v2\/users\/1"}],"replies":[{"embeddable":true,"href":"https:\/\/radioleinewelle.de\/index.php\/wp-json\/wp\/v2\/comments?post=26618"}],"version-history":[{"count":8,"href":"https:\/\/radioleinewelle.de\/index.php\/wp-json\/wp\/v2\/posts\/26618\/revisions"}],"predecessor-version":[{"id":26666,"href":"https:\/\/radioleinewelle.de\/index.php\/wp-json\/wp\/v2\/posts\/26618\/revisions\/26666"}],"wp:featuredmedia":[{"embeddable":true,"href":"https:\/\/radioleinewelle.de\/index.php\/wp-json\/wp\/v2\/media\/26623"}],"wp:attachment":[{"href":"https:\/\/radioleinewelle.de\/index.php\/wp-json\/wp\/v2\/media?parent=26618"}],"wp:term":[{"taxonomy":"category","embeddable":true,"href":"https:\/\/radioleinewelle.de\/index.php\/wp-json\/wp\/v2\/categories?post=26618"},{"taxonomy":"post_tag","embeddable":true,"href":"https:\/\/radioleinewelle.de\/index.php\/wp-json\/wp\/v2\/tags?post=26618"}],"curies":[{"name":"wp","href":"https:\/\/api.w.org\/{rel}","templated":true}]}}