{"id":26628,"date":"2024-11-07T14:47:26","date_gmt":"2024-11-07T13:47:26","guid":{"rendered":"https:\/\/radioleinewelle.de\/?p=26628"},"modified":"2024-11-07T14:49:44","modified_gmt":"2024-11-07T13:49:44","slug":"literarische-kreativitaet-trifft-kuenstliche-intelligenz-ein-schreibworkshop-im-literarischen-zentrum-goettingen","status":"publish","type":"post","link":"https:\/\/radioleinewelle.de\/index.php\/2024\/11\/07\/literarische-kreativitaet-trifft-kuenstliche-intelligenz-ein-schreibworkshop-im-literarischen-zentrum-goettingen\/","title":{"rendered":"Literarische Kreativit\u00e4t trifft K\u00fcnstliche Intelligenz.\u00a0Ein Schreibworkshop im Literarischen Zentrum G\u00f6ttingen"},"content":{"rendered":"\n<p>Wie kreativ ist K\u00fcnstliche Intelligenz eigentlich wirklich? Kann sie uns beim Schreiben von Genre-Literatur unterst\u00fctzen, gar \u00fcbertreffen \u2013 oder ist sie nicht ann\u00e4hernd konkurrenzf\u00e4hig?<br class=\"\">Wer sich diesen Fragen stellen m\u00f6chte, der:dem sei der zweit\u00e4gie KI-Schreibworkshop&nbsp;<strong>\u00bbK\u00fcnstliche Romanzen, Sci-Fi &amp; Fantasy \u00ab<\/strong>&nbsp;mit&nbsp;<strong>Jenifer Becker<\/strong>&nbsp;empfohlen.&nbsp;<strong>Am 20. und 29. November von jeweils 17 bis 21 Uhr<\/strong>&nbsp;werden fantastische Held:innenreisen entworfen, futuristische Plots entwickelt, gro\u00dfe Gef\u00fchle in Worte gefasst \u2013 und das alles mit KI. Unter Zuhilfenahme konventioneller Erz\u00e4hlformeln werden verschiedene Programme erprobt und die M\u00f6glichkeiten sowie Grenzen von KI-Literatur abgesteckt. Dabei sind keine technischen Vorkenntnisse notwendig.<\/p>\n\n\n\n<p>Jenifer Becker ist Expertin f\u00fcr digitale Texte und KI-Tools. Die promovierte Literatur- und Kulturwissenschaftlerin lehrt am Literaturinstitut Hildesheim und erforscht in aktuellen k\u00fcnstlerisch-wissenschaftlichen Projekten den Einfluss lernf\u00e4higer Technologien (KI) auf Schreibprozesse. Auch als Autorin widmet sie sich Gegenwartsph\u00e4nomenen, Popkultur und den Ambivalenzen des Digitalen. 2023 erschien ihr Deb\u00fctroman \u00bbZeiten der Langeweile\u00ab bei Hanser Berlin.<\/p>\n\n\n\n<p>Teilnahmegeb\u00fchr: 25\u20ac<br class=\"\">Studierende: 15\u20ac<\/p>\n\n\n\n<p>Anmeldungen bitte per Mail unter:\u00a0<a class=\"\" href=\"mailto:anmeldung@lit-zentrum-goe.de\">anmeldung@lit-zentrum-goe.de<\/a>.<br><strong>Foto:<\/strong> \u00a9Franziska Gilli<\/p>\n","protected":false},"excerpt":{"rendered":"<p>Wie kreativ ist K\u00fcnstliche Intelligenz eigentlich wirklich? Kann sie uns beim Schreiben von Genre-Literatur unterst\u00fctzen, gar \u00fcbertreffen \u2013 oder ist sie nicht ann\u00e4hernd konkurrenzf\u00e4hig?Wer sich diesen Fragen stellen m\u00f6chte, der:dem sei der zweit\u00e4gie KI-Schreibworkshop&nbsp;\u00bbK\u00fcnstliche Romanzen, Sci-Fi &amp; Fantasy \u00ab&nbsp;mit&nbsp;Jenifer Becker&nbsp;empfohlen.&nbsp;Am 20. und 29. November von jeweils 17 bis 21 Uhr&nbsp;werden fantastische Held:innenreisen entworfen, futuristische Plots [&hellip;]<\/p>\n","protected":false},"author":1,"featured_media":26630,"comment_status":"open","ping_status":"open","sticky":false,"template":"","format":"standard","meta":{"saved_in_kubio":false,"footnotes":""},"categories":[47,41],"tags":[],"class_list":["post-26628","post","type-post","status-publish","format-standard","has-post-thumbnail","hentry","category-netzwelt","category-veranstaltungen"],"yoast_head":"<!-- This site is optimized with the Yoast SEO plugin v27.4 - https:\/\/yoast.com\/product\/yoast-seo-wordpress\/ -->\n<title>Literarische Kreativit\u00e4t trifft K\u00fcnstliche Intelligenz.\u00a0Ein Schreibworkshop im Literarischen Zentrum G\u00f6ttingen - Radio Leinewelle<\/title>\n<meta name=\"robots\" content=\"index, follow, max-snippet:-1, max-image-preview:large, max-video-preview:-1\" \/>\n<link rel=\"canonical\" href=\"https:\/\/radioleinewelle.de\/index.php\/2024\/11\/07\/literarische-kreativitaet-trifft-kuenstliche-intelligenz-ein-schreibworkshop-im-literarischen-zentrum-goettingen\/\" \/>\n<meta property=\"og:locale\" content=\"de_DE\" \/>\n<meta property=\"og:type\" content=\"article\" \/>\n<meta property=\"og:title\" content=\"Literarische Kreativit\u00e4t trifft K\u00fcnstliche Intelligenz.\u00a0Ein Schreibworkshop im Literarischen Zentrum G\u00f6ttingen - Radio Leinewelle\" \/>\n<meta property=\"og:description\" content=\"Wie kreativ ist K\u00fcnstliche Intelligenz eigentlich wirklich? Kann sie uns beim Schreiben von Genre-Literatur unterst\u00fctzen, gar \u00fcbertreffen \u2013 oder ist sie nicht ann\u00e4hernd konkurrenzf\u00e4hig?Wer sich diesen Fragen stellen m\u00f6chte, der:dem sei der zweit\u00e4gie KI-Schreibworkshop&nbsp;\u00bbK\u00fcnstliche Romanzen, Sci-Fi &amp; Fantasy \u00ab&nbsp;mit&nbsp;Jenifer Becker&nbsp;empfohlen.&nbsp;Am 20. und 29. November von jeweils 17 bis 21 Uhr&nbsp;werden fantastische Held:innenreisen entworfen, futuristische Plots [&hellip;]\" \/>\n<meta property=\"og:url\" content=\"https:\/\/radioleinewelle.de\/index.php\/2024\/11\/07\/literarische-kreativitaet-trifft-kuenstliche-intelligenz-ein-schreibworkshop-im-literarischen-zentrum-goettingen\/\" \/>\n<meta property=\"og:site_name\" content=\"Radio Leinewelle\" \/>\n<meta property=\"article:publisher\" content=\"https:\/\/www.facebook.com\/radioleinewelle\" \/>\n<meta property=\"article:author\" content=\"https:\/\/www.facebook.com\/radioleinewelle\" \/>\n<meta property=\"article:published_time\" content=\"2024-11-07T13:47:26+00:00\" \/>\n<meta property=\"article:modified_time\" content=\"2024-11-07T13:49:44+00:00\" \/>\n<meta property=\"og:image\" content=\"https:\/\/radioleinewelle.de\/wp-content\/uploads\/2024\/11\/Jenifer-Becker-\u00a9-Franziska-Gilli-scaled-e1730987142504.jpg\" \/>\n\t<meta property=\"og:image:width\" content=\"1706\" \/>\n\t<meta property=\"og:image:height\" content=\"2274\" \/>\n\t<meta property=\"og:image:type\" content=\"image\/jpeg\" \/>\n<meta name=\"author\" content=\"Leinewelle\" \/>\n<meta name=\"twitter:card\" content=\"summary_large_image\" \/>\n<meta name=\"twitter:creator\" content=\"@https:\/\/twitter.com\/RLeinewelle?ref_src=twsrcgoogletwcampserptwgrauthor\" \/>\n<meta name=\"twitter:site\" content=\"@RLeinewelle\" \/>\n<meta name=\"twitter:label1\" content=\"Verfasst von\" \/>\n\t<meta name=\"twitter:data1\" content=\"Leinewelle\" \/>\n\t<meta name=\"twitter:label2\" content=\"Gesch\u00e4tzte Lesezeit\" \/>\n\t<meta name=\"twitter:data2\" content=\"2\u00a0Minuten\" \/>\n<script type=\"application\/ld+json\" class=\"yoast-schema-graph\">{\"@context\":\"https:\\\/\\\/schema.org\",\"@graph\":[{\"@type\":\"Article\",\"@id\":\"https:\\\/\\\/radioleinewelle.de\\\/index.php\\\/2024\\\/11\\\/07\\\/literarische-kreativitaet-trifft-kuenstliche-intelligenz-ein-schreibworkshop-im-literarischen-zentrum-goettingen\\\/#article\",\"isPartOf\":{\"@id\":\"https:\\\/\\\/radioleinewelle.de\\\/index.php\\\/2024\\\/11\\\/07\\\/literarische-kreativitaet-trifft-kuenstliche-intelligenz-ein-schreibworkshop-im-literarischen-zentrum-goettingen\\\/\"},\"author\":{\"name\":\"Leinewelle\",\"@id\":\"https:\\\/\\\/radioleinewelle.de\\\/#\\\/schema\\\/person\\\/45606f348637df637192dc1b68399a63\"},\"headline\":\"Literarische Kreativit\u00e4t trifft K\u00fcnstliche Intelligenz.\u00a0Ein Schreibworkshop im Literarischen Zentrum G\u00f6ttingen\",\"datePublished\":\"2024-11-07T13:47:26+00:00\",\"dateModified\":\"2024-11-07T13:49:44+00:00\",\"mainEntityOfPage\":{\"@id\":\"https:\\\/\\\/radioleinewelle.de\\\/index.php\\\/2024\\\/11\\\/07\\\/literarische-kreativitaet-trifft-kuenstliche-intelligenz-ein-schreibworkshop-im-literarischen-zentrum-goettingen\\\/\"},\"wordCount\":194,\"commentCount\":0,\"publisher\":{\"@id\":\"https:\\\/\\\/radioleinewelle.de\\\/#organization\"},\"image\":{\"@id\":\"https:\\\/\\\/radioleinewelle.de\\\/index.php\\\/2024\\\/11\\\/07\\\/literarische-kreativitaet-trifft-kuenstliche-intelligenz-ein-schreibworkshop-im-literarischen-zentrum-goettingen\\\/#primaryimage\"},\"thumbnailUrl\":\"https:\\\/\\\/radioleinewelle.de\\\/wp-content\\\/uploads\\\/2024\\\/11\\\/Jenifer-Becker-\u00a9-Franziska-Gilli-scaled-e1730987142504.jpg\",\"articleSection\":[\"Netzwelt\",\"Veranstaltungen\"],\"inLanguage\":\"de\",\"potentialAction\":[{\"@type\":\"CommentAction\",\"name\":\"Comment\",\"target\":[\"https:\\\/\\\/radioleinewelle.de\\\/index.php\\\/2024\\\/11\\\/07\\\/literarische-kreativitaet-trifft-kuenstliche-intelligenz-ein-schreibworkshop-im-literarischen-zentrum-goettingen\\\/#respond\"]}]},{\"@type\":\"WebPage\",\"@id\":\"https:\\\/\\\/radioleinewelle.de\\\/index.php\\\/2024\\\/11\\\/07\\\/literarische-kreativitaet-trifft-kuenstliche-intelligenz-ein-schreibworkshop-im-literarischen-zentrum-goettingen\\\/\",\"url\":\"https:\\\/\\\/radioleinewelle.de\\\/index.php\\\/2024\\\/11\\\/07\\\/literarische-kreativitaet-trifft-kuenstliche-intelligenz-ein-schreibworkshop-im-literarischen-zentrum-goettingen\\\/\",\"name\":\"Literarische Kreativit\u00e4t trifft K\u00fcnstliche Intelligenz.\u00a0Ein Schreibworkshop im Literarischen Zentrum G\u00f6ttingen - Radio Leinewelle\",\"isPartOf\":{\"@id\":\"https:\\\/\\\/radioleinewelle.de\\\/#website\"},\"primaryImageOfPage\":{\"@id\":\"https:\\\/\\\/radioleinewelle.de\\\/index.php\\\/2024\\\/11\\\/07\\\/literarische-kreativitaet-trifft-kuenstliche-intelligenz-ein-schreibworkshop-im-literarischen-zentrum-goettingen\\\/#primaryimage\"},\"image\":{\"@id\":\"https:\\\/\\\/radioleinewelle.de\\\/index.php\\\/2024\\\/11\\\/07\\\/literarische-kreativitaet-trifft-kuenstliche-intelligenz-ein-schreibworkshop-im-literarischen-zentrum-goettingen\\\/#primaryimage\"},\"thumbnailUrl\":\"https:\\\/\\\/radioleinewelle.de\\\/wp-content\\\/uploads\\\/2024\\\/11\\\/Jenifer-Becker-\u00a9-Franziska-Gilli-scaled-e1730987142504.jpg\",\"datePublished\":\"2024-11-07T13:47:26+00:00\",\"dateModified\":\"2024-11-07T13:49:44+00:00\",\"breadcrumb\":{\"@id\":\"https:\\\/\\\/radioleinewelle.de\\\/index.php\\\/2024\\\/11\\\/07\\\/literarische-kreativitaet-trifft-kuenstliche-intelligenz-ein-schreibworkshop-im-literarischen-zentrum-goettingen\\\/#breadcrumb\"},\"inLanguage\":\"de\",\"potentialAction\":[{\"@type\":\"ReadAction\",\"target\":[\"https:\\\/\\\/radioleinewelle.de\\\/index.php\\\/2024\\\/11\\\/07\\\/literarische-kreativitaet-trifft-kuenstliche-intelligenz-ein-schreibworkshop-im-literarischen-zentrum-goettingen\\\/\"]}]},{\"@type\":\"ImageObject\",\"inLanguage\":\"de\",\"@id\":\"https:\\\/\\\/radioleinewelle.de\\\/index.php\\\/2024\\\/11\\\/07\\\/literarische-kreativitaet-trifft-kuenstliche-intelligenz-ein-schreibworkshop-im-literarischen-zentrum-goettingen\\\/#primaryimage\",\"url\":\"https:\\\/\\\/radioleinewelle.de\\\/wp-content\\\/uploads\\\/2024\\\/11\\\/Jenifer-Becker-\u00a9-Franziska-Gilli-scaled-e1730987142504.jpg\",\"contentUrl\":\"https:\\\/\\\/radioleinewelle.de\\\/wp-content\\\/uploads\\\/2024\\\/11\\\/Jenifer-Becker-\u00a9-Franziska-Gilli-scaled-e1730987142504.jpg\",\"width\":1706,\"height\":2274,\"caption\":\"Jenifer Becker, Institut fuer Literarisches Schreiben und Literaturwissenschaft, Stiftung Universitaet Hildesheim, wissenschaftliche Mitarbeiterin und Autorin, Portrait, Einzelportrait, Literatur, Europa, Deutschland, Hildesheim, Kulturcampus Domaene Marienburg, 24.02.2023.\"},{\"@type\":\"BreadcrumbList\",\"@id\":\"https:\\\/\\\/radioleinewelle.de\\\/index.php\\\/2024\\\/11\\\/07\\\/literarische-kreativitaet-trifft-kuenstliche-intelligenz-ein-schreibworkshop-im-literarischen-zentrum-goettingen\\\/#breadcrumb\",\"itemListElement\":[{\"@type\":\"ListItem\",\"position\":1,\"name\":\"Startseite\",\"item\":\"https:\\\/\\\/radioleinewelle.de\\\/\"},{\"@type\":\"ListItem\",\"position\":2,\"name\":\"Literarische Kreativit\u00e4t trifft K\u00fcnstliche Intelligenz.\u00a0Ein Schreibworkshop im Literarischen Zentrum G\u00f6ttingen\"}]},{\"@type\":\"WebSite\",\"@id\":\"https:\\\/\\\/radioleinewelle.de\\\/#website\",\"url\":\"https:\\\/\\\/radioleinewelle.de\\\/\",\"name\":\"Radio Leinewelle\",\"description\":\"\",\"publisher\":{\"@id\":\"https:\\\/\\\/radioleinewelle.de\\\/#organization\"},\"potentialAction\":[{\"@type\":\"SearchAction\",\"target\":{\"@type\":\"EntryPoint\",\"urlTemplate\":\"https:\\\/\\\/radioleinewelle.de\\\/?s={search_term_string}\"},\"query-input\":{\"@type\":\"PropertyValueSpecification\",\"valueRequired\":true,\"valueName\":\"search_term_string\"}}],\"inLanguage\":\"de\"},{\"@type\":\"Organization\",\"@id\":\"https:\\\/\\\/radioleinewelle.de\\\/#organization\",\"name\":\"Radio Leinewelle\",\"alternateName\":\"Mein Radio f\u00fcr S\u00fcdniedersachsen\",\"url\":\"https:\\\/\\\/radioleinewelle.de\\\/\",\"logo\":{\"@type\":\"ImageObject\",\"inLanguage\":\"de\",\"@id\":\"https:\\\/\\\/radioleinewelle.de\\\/#\\\/schema\\\/logo\\\/image\\\/\",\"url\":\"https:\\\/\\\/radioleinewelle.de\\\/wp-content\\\/uploads\\\/2023\\\/11\\\/cropped-Leinewelle_Logo_weiss.png\",\"contentUrl\":\"https:\\\/\\\/radioleinewelle.de\\\/wp-content\\\/uploads\\\/2023\\\/11\\\/cropped-Leinewelle_Logo_weiss.png\",\"width\":854,\"height\":260,\"caption\":\"Radio Leinewelle\"},\"image\":{\"@id\":\"https:\\\/\\\/radioleinewelle.de\\\/#\\\/schema\\\/logo\\\/image\\\/\"},\"sameAs\":[\"https:\\\/\\\/www.facebook.com\\\/radioleinewelle\",\"https:\\\/\\\/x.com\\\/RLeinewelle\",\"https:\\\/\\\/www.instagram.com\\\/radioleinewelle\\\/?hl=de\"]},{\"@type\":\"Person\",\"@id\":\"https:\\\/\\\/radioleinewelle.de\\\/#\\\/schema\\\/person\\\/45606f348637df637192dc1b68399a63\",\"name\":\"Leinewelle\",\"image\":{\"@type\":\"ImageObject\",\"inLanguage\":\"de\",\"@id\":\"https:\\\/\\\/secure.gravatar.com\\\/avatar\\\/05c9a17bc973052ee5d91549bd32fb4dd0dc85b7b85ae94b2e2b4943476bbea5?s=96&d=blank&r=g\",\"url\":\"https:\\\/\\\/secure.gravatar.com\\\/avatar\\\/05c9a17bc973052ee5d91549bd32fb4dd0dc85b7b85ae94b2e2b4943476bbea5?s=96&d=blank&r=g\",\"contentUrl\":\"https:\\\/\\\/secure.gravatar.com\\\/avatar\\\/05c9a17bc973052ee5d91549bd32fb4dd0dc85b7b85ae94b2e2b4943476bbea5?s=96&d=blank&r=g\",\"caption\":\"Leinewelle\"},\"sameAs\":[\"http:\\\/\\\/localhost\\\/radio%20leinewelle\\\/wordpress\",\"https:\\\/\\\/www.facebook.com\\\/radioleinewelle\",\"https:\\\/\\\/www.instagram.com\\\/radioleinewelle\",\"https:\\\/\\\/x.com\\\/https:\\\/\\\/twitter.com\\\/RLeinewelle?ref_src=twsrcgoogletwcampserptwgrauthor\",\"https:\\\/\\\/soundcloud.com\\\/foerderverein-lokalradio?utm_source=clipboard&utm_medium=text&utm_campaign=social_sharing\"],\"url\":\"https:\\\/\\\/radioleinewelle.de\\\/index.php\\\/author\\\/leinewelle\\\/\"}]}<\/script>\n<!-- \/ Yoast SEO plugin. -->","yoast_head_json":{"title":"Literarische Kreativit\u00e4t trifft K\u00fcnstliche Intelligenz.\u00a0Ein Schreibworkshop im Literarischen Zentrum G\u00f6ttingen - Radio Leinewelle","robots":{"index":"index","follow":"follow","max-snippet":"max-snippet:-1","max-image-preview":"max-image-preview:large","max-video-preview":"max-video-preview:-1"},"canonical":"https:\/\/radioleinewelle.de\/index.php\/2024\/11\/07\/literarische-kreativitaet-trifft-kuenstliche-intelligenz-ein-schreibworkshop-im-literarischen-zentrum-goettingen\/","og_locale":"de_DE","og_type":"article","og_title":"Literarische Kreativit\u00e4t trifft K\u00fcnstliche Intelligenz.\u00a0Ein Schreibworkshop im Literarischen Zentrum G\u00f6ttingen - Radio Leinewelle","og_description":"Wie kreativ ist K\u00fcnstliche Intelligenz eigentlich wirklich? Kann sie uns beim Schreiben von Genre-Literatur unterst\u00fctzen, gar \u00fcbertreffen \u2013 oder ist sie nicht ann\u00e4hernd konkurrenzf\u00e4hig?Wer sich diesen Fragen stellen m\u00f6chte, der:dem sei der zweit\u00e4gie KI-Schreibworkshop&nbsp;\u00bbK\u00fcnstliche Romanzen, Sci-Fi &amp; Fantasy \u00ab&nbsp;mit&nbsp;Jenifer Becker&nbsp;empfohlen.&nbsp;Am 20. und 29. November von jeweils 17 bis 21 Uhr&nbsp;werden fantastische Held:innenreisen entworfen, futuristische Plots [&hellip;]","og_url":"https:\/\/radioleinewelle.de\/index.php\/2024\/11\/07\/literarische-kreativitaet-trifft-kuenstliche-intelligenz-ein-schreibworkshop-im-literarischen-zentrum-goettingen\/","og_site_name":"Radio Leinewelle","article_publisher":"https:\/\/www.facebook.com\/radioleinewelle","article_author":"https:\/\/www.facebook.com\/radioleinewelle","article_published_time":"2024-11-07T13:47:26+00:00","article_modified_time":"2024-11-07T13:49:44+00:00","og_image":[{"width":1706,"height":2274,"url":"https:\/\/radioleinewelle.de\/wp-content\/uploads\/2024\/11\/Jenifer-Becker-\u00a9-Franziska-Gilli-scaled-e1730987142504.jpg","type":"image\/jpeg"}],"author":"Leinewelle","twitter_card":"summary_large_image","twitter_creator":"@https:\/\/twitter.com\/RLeinewelle?ref_src=twsrcgoogletwcampserptwgrauthor","twitter_site":"@RLeinewelle","twitter_misc":{"Verfasst von":"Leinewelle","Gesch\u00e4tzte Lesezeit":"2\u00a0Minuten"},"schema":{"@context":"https:\/\/schema.org","@graph":[{"@type":"Article","@id":"https:\/\/radioleinewelle.de\/index.php\/2024\/11\/07\/literarische-kreativitaet-trifft-kuenstliche-intelligenz-ein-schreibworkshop-im-literarischen-zentrum-goettingen\/#article","isPartOf":{"@id":"https:\/\/radioleinewelle.de\/index.php\/2024\/11\/07\/literarische-kreativitaet-trifft-kuenstliche-intelligenz-ein-schreibworkshop-im-literarischen-zentrum-goettingen\/"},"author":{"name":"Leinewelle","@id":"https:\/\/radioleinewelle.de\/#\/schema\/person\/45606f348637df637192dc1b68399a63"},"headline":"Literarische Kreativit\u00e4t trifft K\u00fcnstliche Intelligenz.\u00a0Ein Schreibworkshop im Literarischen Zentrum G\u00f6ttingen","datePublished":"2024-11-07T13:47:26+00:00","dateModified":"2024-11-07T13:49:44+00:00","mainEntityOfPage":{"@id":"https:\/\/radioleinewelle.de\/index.php\/2024\/11\/07\/literarische-kreativitaet-trifft-kuenstliche-intelligenz-ein-schreibworkshop-im-literarischen-zentrum-goettingen\/"},"wordCount":194,"commentCount":0,"publisher":{"@id":"https:\/\/radioleinewelle.de\/#organization"},"image":{"@id":"https:\/\/radioleinewelle.de\/index.php\/2024\/11\/07\/literarische-kreativitaet-trifft-kuenstliche-intelligenz-ein-schreibworkshop-im-literarischen-zentrum-goettingen\/#primaryimage"},"thumbnailUrl":"https:\/\/radioleinewelle.de\/wp-content\/uploads\/2024\/11\/Jenifer-Becker-\u00a9-Franziska-Gilli-scaled-e1730987142504.jpg","articleSection":["Netzwelt","Veranstaltungen"],"inLanguage":"de","potentialAction":[{"@type":"CommentAction","name":"Comment","target":["https:\/\/radioleinewelle.de\/index.php\/2024\/11\/07\/literarische-kreativitaet-trifft-kuenstliche-intelligenz-ein-schreibworkshop-im-literarischen-zentrum-goettingen\/#respond"]}]},{"@type":"WebPage","@id":"https:\/\/radioleinewelle.de\/index.php\/2024\/11\/07\/literarische-kreativitaet-trifft-kuenstliche-intelligenz-ein-schreibworkshop-im-literarischen-zentrum-goettingen\/","url":"https:\/\/radioleinewelle.de\/index.php\/2024\/11\/07\/literarische-kreativitaet-trifft-kuenstliche-intelligenz-ein-schreibworkshop-im-literarischen-zentrum-goettingen\/","name":"Literarische Kreativit\u00e4t trifft K\u00fcnstliche Intelligenz.\u00a0Ein Schreibworkshop im Literarischen Zentrum G\u00f6ttingen - Radio Leinewelle","isPartOf":{"@id":"https:\/\/radioleinewelle.de\/#website"},"primaryImageOfPage":{"@id":"https:\/\/radioleinewelle.de\/index.php\/2024\/11\/07\/literarische-kreativitaet-trifft-kuenstliche-intelligenz-ein-schreibworkshop-im-literarischen-zentrum-goettingen\/#primaryimage"},"image":{"@id":"https:\/\/radioleinewelle.de\/index.php\/2024\/11\/07\/literarische-kreativitaet-trifft-kuenstliche-intelligenz-ein-schreibworkshop-im-literarischen-zentrum-goettingen\/#primaryimage"},"thumbnailUrl":"https:\/\/radioleinewelle.de\/wp-content\/uploads\/2024\/11\/Jenifer-Becker-\u00a9-Franziska-Gilli-scaled-e1730987142504.jpg","datePublished":"2024-11-07T13:47:26+00:00","dateModified":"2024-11-07T13:49:44+00:00","breadcrumb":{"@id":"https:\/\/radioleinewelle.de\/index.php\/2024\/11\/07\/literarische-kreativitaet-trifft-kuenstliche-intelligenz-ein-schreibworkshop-im-literarischen-zentrum-goettingen\/#breadcrumb"},"inLanguage":"de","potentialAction":[{"@type":"ReadAction","target":["https:\/\/radioleinewelle.de\/index.php\/2024\/11\/07\/literarische-kreativitaet-trifft-kuenstliche-intelligenz-ein-schreibworkshop-im-literarischen-zentrum-goettingen\/"]}]},{"@type":"ImageObject","inLanguage":"de","@id":"https:\/\/radioleinewelle.de\/index.php\/2024\/11\/07\/literarische-kreativitaet-trifft-kuenstliche-intelligenz-ein-schreibworkshop-im-literarischen-zentrum-goettingen\/#primaryimage","url":"https:\/\/radioleinewelle.de\/wp-content\/uploads\/2024\/11\/Jenifer-Becker-\u00a9-Franziska-Gilli-scaled-e1730987142504.jpg","contentUrl":"https:\/\/radioleinewelle.de\/wp-content\/uploads\/2024\/11\/Jenifer-Becker-\u00a9-Franziska-Gilli-scaled-e1730987142504.jpg","width":1706,"height":2274,"caption":"Jenifer Becker, Institut fuer Literarisches Schreiben und Literaturwissenschaft, Stiftung Universitaet Hildesheim, wissenschaftliche Mitarbeiterin und Autorin, Portrait, Einzelportrait, Literatur, Europa, Deutschland, Hildesheim, Kulturcampus Domaene Marienburg, 24.02.2023."},{"@type":"BreadcrumbList","@id":"https:\/\/radioleinewelle.de\/index.php\/2024\/11\/07\/literarische-kreativitaet-trifft-kuenstliche-intelligenz-ein-schreibworkshop-im-literarischen-zentrum-goettingen\/#breadcrumb","itemListElement":[{"@type":"ListItem","position":1,"name":"Startseite","item":"https:\/\/radioleinewelle.de\/"},{"@type":"ListItem","position":2,"name":"Literarische Kreativit\u00e4t trifft K\u00fcnstliche Intelligenz.\u00a0Ein Schreibworkshop im Literarischen Zentrum G\u00f6ttingen"}]},{"@type":"WebSite","@id":"https:\/\/radioleinewelle.de\/#website","url":"https:\/\/radioleinewelle.de\/","name":"Radio Leinewelle","description":"","publisher":{"@id":"https:\/\/radioleinewelle.de\/#organization"},"potentialAction":[{"@type":"SearchAction","target":{"@type":"EntryPoint","urlTemplate":"https:\/\/radioleinewelle.de\/?s={search_term_string}"},"query-input":{"@type":"PropertyValueSpecification","valueRequired":true,"valueName":"search_term_string"}}],"inLanguage":"de"},{"@type":"Organization","@id":"https:\/\/radioleinewelle.de\/#organization","name":"Radio Leinewelle","alternateName":"Mein Radio f\u00fcr S\u00fcdniedersachsen","url":"https:\/\/radioleinewelle.de\/","logo":{"@type":"ImageObject","inLanguage":"de","@id":"https:\/\/radioleinewelle.de\/#\/schema\/logo\/image\/","url":"https:\/\/radioleinewelle.de\/wp-content\/uploads\/2023\/11\/cropped-Leinewelle_Logo_weiss.png","contentUrl":"https:\/\/radioleinewelle.de\/wp-content\/uploads\/2023\/11\/cropped-Leinewelle_Logo_weiss.png","width":854,"height":260,"caption":"Radio Leinewelle"},"image":{"@id":"https:\/\/radioleinewelle.de\/#\/schema\/logo\/image\/"},"sameAs":["https:\/\/www.facebook.com\/radioleinewelle","https:\/\/x.com\/RLeinewelle","https:\/\/www.instagram.com\/radioleinewelle\/?hl=de"]},{"@type":"Person","@id":"https:\/\/radioleinewelle.de\/#\/schema\/person\/45606f348637df637192dc1b68399a63","name":"Leinewelle","image":{"@type":"ImageObject","inLanguage":"de","@id":"https:\/\/secure.gravatar.com\/avatar\/05c9a17bc973052ee5d91549bd32fb4dd0dc85b7b85ae94b2e2b4943476bbea5?s=96&d=blank&r=g","url":"https:\/\/secure.gravatar.com\/avatar\/05c9a17bc973052ee5d91549bd32fb4dd0dc85b7b85ae94b2e2b4943476bbea5?s=96&d=blank&r=g","contentUrl":"https:\/\/secure.gravatar.com\/avatar\/05c9a17bc973052ee5d91549bd32fb4dd0dc85b7b85ae94b2e2b4943476bbea5?s=96&d=blank&r=g","caption":"Leinewelle"},"sameAs":["http:\/\/localhost\/radio%20leinewelle\/wordpress","https:\/\/www.facebook.com\/radioleinewelle","https:\/\/www.instagram.com\/radioleinewelle","https:\/\/x.com\/https:\/\/twitter.com\/RLeinewelle?ref_src=twsrcgoogletwcampserptwgrauthor","https:\/\/soundcloud.com\/foerderverein-lokalradio?utm_source=clipboard&utm_medium=text&utm_campaign=social_sharing"],"url":"https:\/\/radioleinewelle.de\/index.php\/author\/leinewelle\/"}]}},"_links":{"self":[{"href":"https:\/\/radioleinewelle.de\/index.php\/wp-json\/wp\/v2\/posts\/26628","targetHints":{"allow":["GET"]}}],"collection":[{"href":"https:\/\/radioleinewelle.de\/index.php\/wp-json\/wp\/v2\/posts"}],"about":[{"href":"https:\/\/radioleinewelle.de\/index.php\/wp-json\/wp\/v2\/types\/post"}],"author":[{"embeddable":true,"href":"https:\/\/radioleinewelle.de\/index.php\/wp-json\/wp\/v2\/users\/1"}],"replies":[{"embeddable":true,"href":"https:\/\/radioleinewelle.de\/index.php\/wp-json\/wp\/v2\/comments?post=26628"}],"version-history":[{"count":4,"href":"https:\/\/radioleinewelle.de\/index.php\/wp-json\/wp\/v2\/posts\/26628\/revisions"}],"predecessor-version":[{"id":26633,"href":"https:\/\/radioleinewelle.de\/index.php\/wp-json\/wp\/v2\/posts\/26628\/revisions\/26633"}],"wp:featuredmedia":[{"embeddable":true,"href":"https:\/\/radioleinewelle.de\/index.php\/wp-json\/wp\/v2\/media\/26630"}],"wp:attachment":[{"href":"https:\/\/radioleinewelle.de\/index.php\/wp-json\/wp\/v2\/media?parent=26628"}],"wp:term":[{"taxonomy":"category","embeddable":true,"href":"https:\/\/radioleinewelle.de\/index.php\/wp-json\/wp\/v2\/categories?post=26628"},{"taxonomy":"post_tag","embeddable":true,"href":"https:\/\/radioleinewelle.de\/index.php\/wp-json\/wp\/v2\/tags?post=26628"}],"curies":[{"name":"wp","href":"https:\/\/api.w.org\/{rel}","templated":true}]}}