{"id":26635,"date":"2024-11-09T13:48:22","date_gmt":"2024-11-09T12:48:22","guid":{"rendered":"https:\/\/radioleinewelle.de\/?p=26635"},"modified":"2024-11-09T13:56:00","modified_gmt":"2024-11-09T12:56:00","slug":"goettinger-ausstellung-zu-ns-zwangsarbeit-in-gefahr","status":"publish","type":"post","link":"https:\/\/radioleinewelle.de\/index.php\/2024\/11\/09\/goettinger-ausstellung-zu-ns-zwangsarbeit-in-gefahr\/","title":{"rendered":"G\u00f6ttinger Ausstellung zu NS-Zwangsarbeit in Gefahr"},"content":{"rendered":"\n<p>Seit Wochen l\u00e4uft in G\u00f6ttingen eine Diskussion um m\u00f6gliche K\u00fcrzungen der freiwilligen Leistungen im Kulturbereich. Hiervon ist auch die renommierte Dauerausstellung zur der Geschichte der Zwangsarbeit im Nationalsozialismus betroffen. <\/p>\n\n\n\n<p>Aktuell k\u00f6nnen Menschen die Ausstellung &#8222;Auf den Spuren europ\u00e4ischer Zwangsarbeit. S\u00fcdniedersachsen 1939-1945&#8220; in G\u00f6ttingen durch eine Unterschrift unter der Online-Petition &#8222;G\u00f6ttinger Ausstellung zu NS-Zwangsarbeit in Gefahr&#8220; <a href=\"https:\/\/www.openpetition.de\/szvbc\"><strong>https:\/\/www.openpetition.de\/szvbc<\/strong><\/a>\u00a0unterst\u00fctzen. 73 Personen, Gruppen, Organisationen aus der Gedenk- und Erinnerungspolitik, der politischen Bildung, von Universit\u00e4ten, aus der Kultur unterst\u00fctzen die Petition allein als Erstunterzeichner*innen.<\/p>\n\n\n\n<p>Hintergrund der Petition ist die bef\u00fcrchtete Schlie\u00dfung der Ausstellung. Die Ausstellung ist zur Weiterf\u00fchrung ihrer Arbeit auf die Gegenfinanzierung von Mitteln der Stiftung nieders\u00e4chsische Gedenkst\u00e4tten (SnG) durch die Stadt und den Landkreis G\u00f6ttingen angewiesen. Im Entwurf f\u00fcr den Doppelhaushalt 2025\/2026 der Stadt G\u00f6ttingen sind aber bis jetzt keine Gelder f\u00fcr die Ausstellung vorgesehen. Daher droht der Ausstellung zu NS-Zwangsarbeit das Aus. &#8222;Wir setzen jetzt auf die Unterst\u00fctzung der Zivilgesellschaft, auf unsere Besucher*innen, auf die Netzwerke zu Erinnern und Gedenken und hoffen, mit Ihrer Hilfe sowohl Stadt als auch Landkreis G\u00f6ttingen zu einer Gegenfinanzierung bewegen zu k\u00f6nnen&#8220;, so Anne Berghoff, Mitarbeiterin der Ausstellung. Bis zum 12.11. will die Ausstellung so viele Unterschriften wie m\u00f6glich sammeln, um diese der Politik vor der n\u00e4chsten Ratssitzung am 15.11. \u00fcbermitteln zu k\u00f6nnen.<\/p>\n\n\n\n<p>Die Internetseite der Ausstellung ist unter folgendem Link zu finden:<br><a href=\"http:\/\/www.zwagsarbeit-in-niedersachsen.eu\"><strong>www.zwangsarbeit-in-niedersachsen.e<\/strong><\/a><a href=\"https:\/\/www.openpetition.de\/szvbc\"><strong>u<\/strong><\/a><br><strong>Foto:<\/strong> \u00a9Philipp Kuechler<\/p>\n","protected":false},"excerpt":{"rendered":"<p>Seit Wochen l\u00e4uft in G\u00f6ttingen eine Diskussion um m\u00f6gliche K\u00fcrzungen der freiwilligen Leistungen im Kulturbereich. Hiervon ist auch die renommierte Dauerausstellung zur der Geschichte der Zwangsarbeit im Nationalsozialismus betroffen. Aktuell k\u00f6nnen Menschen die Ausstellung &#8222;Auf den Spuren europ\u00e4ischer Zwangsarbeit. S\u00fcdniedersachsen 1939-1945&#8220; in G\u00f6ttingen durch eine Unterschrift unter der Online-Petition &#8222;G\u00f6ttinger Ausstellung zu NS-Zwangsarbeit in Gefahr&#8220; [&hellip;]<\/p>\n","protected":false},"author":1,"featured_media":26643,"comment_status":"open","ping_status":"open","sticky":false,"template":"","format":"standard","meta":{"saved_in_kubio":false,"footnotes":""},"categories":[4122],"tags":[],"class_list":["post-26635","post","type-post","status-publish","format-standard","has-post-thumbnail","hentry","category-geschichte-und-erinnerungskultur"],"yoast_head":"<!-- This site is optimized with the Yoast SEO plugin v27.5 - https:\/\/yoast.com\/product\/yoast-seo-wordpress\/ -->\n<title>G\u00f6ttinger Ausstellung zu NS-Zwangsarbeit in Gefahr - Radio Leinewelle<\/title>\n<meta name=\"robots\" content=\"index, follow, max-snippet:-1, max-image-preview:large, max-video-preview:-1\" \/>\n<link rel=\"canonical\" href=\"https:\/\/radioleinewelle.de\/index.php\/2024\/11\/09\/goettinger-ausstellung-zu-ns-zwangsarbeit-in-gefahr\/\" \/>\n<meta property=\"og:locale\" content=\"de_DE\" \/>\n<meta property=\"og:type\" content=\"article\" \/>\n<meta property=\"og:title\" content=\"G\u00f6ttinger Ausstellung zu NS-Zwangsarbeit in Gefahr - Radio Leinewelle\" \/>\n<meta property=\"og:description\" content=\"Seit Wochen l\u00e4uft in G\u00f6ttingen eine Diskussion um m\u00f6gliche K\u00fcrzungen der freiwilligen Leistungen im Kulturbereich. Hiervon ist auch die renommierte Dauerausstellung zur der Geschichte der Zwangsarbeit im Nationalsozialismus betroffen. Aktuell k\u00f6nnen Menschen die Ausstellung &#8222;Auf den Spuren europ\u00e4ischer Zwangsarbeit. S\u00fcdniedersachsen 1939-1945&#8220; in G\u00f6ttingen durch eine Unterschrift unter der Online-Petition &#8222;G\u00f6ttinger Ausstellung zu NS-Zwangsarbeit in Gefahr&#8220; [&hellip;]\" \/>\n<meta property=\"og:url\" content=\"https:\/\/radioleinewelle.de\/index.php\/2024\/11\/09\/goettinger-ausstellung-zu-ns-zwangsarbeit-in-gefahr\/\" \/>\n<meta property=\"og:site_name\" content=\"Radio Leinewelle\" \/>\n<meta property=\"article:publisher\" content=\"https:\/\/www.facebook.com\/radioleinewelle\" \/>\n<meta property=\"article:author\" content=\"https:\/\/www.facebook.com\/radioleinewelle\" \/>\n<meta property=\"article:published_time\" content=\"2024-11-09T12:48:22+00:00\" \/>\n<meta property=\"article:modified_time\" content=\"2024-11-09T12:56:00+00:00\" \/>\n<meta property=\"og:image\" content=\"https:\/\/radioleinewelle.de\/wp-content\/uploads\/2024\/11\/Ausstellung-Zwangsarbeit-Foto-Philipp-Kuechler-scaled-e1731156934225.jpg\" \/>\n\t<meta property=\"og:image:width\" content=\"1000\" \/>\n\t<meta property=\"og:image:height\" content=\"667\" \/>\n\t<meta property=\"og:image:type\" content=\"image\/jpeg\" \/>\n<meta name=\"author\" content=\"Leinewelle\" \/>\n<meta name=\"twitter:card\" content=\"summary_large_image\" \/>\n<meta name=\"twitter:creator\" content=\"@https:\/\/twitter.com\/RLeinewelle?ref_src=twsrcgoogletwcampserptwgrauthor\" \/>\n<meta name=\"twitter:site\" content=\"@RLeinewelle\" \/>\n<meta name=\"twitter:label1\" content=\"Verfasst von\" \/>\n\t<meta name=\"twitter:data1\" content=\"Leinewelle\" \/>\n\t<meta name=\"twitter:label2\" content=\"Gesch\u00e4tzte Lesezeit\" \/>\n\t<meta name=\"twitter:data2\" content=\"2\u00a0Minuten\" \/>\n<script type=\"application\/ld+json\" class=\"yoast-schema-graph\">{\"@context\":\"https:\\\/\\\/schema.org\",\"@graph\":[{\"@type\":\"Article\",\"@id\":\"https:\\\/\\\/radioleinewelle.de\\\/index.php\\\/2024\\\/11\\\/09\\\/goettinger-ausstellung-zu-ns-zwangsarbeit-in-gefahr\\\/#article\",\"isPartOf\":{\"@id\":\"https:\\\/\\\/radioleinewelle.de\\\/index.php\\\/2024\\\/11\\\/09\\\/goettinger-ausstellung-zu-ns-zwangsarbeit-in-gefahr\\\/\"},\"author\":{\"name\":\"Leinewelle\",\"@id\":\"https:\\\/\\\/radioleinewelle.de\\\/#\\\/schema\\\/person\\\/45606f348637df637192dc1b68399a63\"},\"headline\":\"G\u00f6ttinger Ausstellung zu NS-Zwangsarbeit in Gefahr\",\"datePublished\":\"2024-11-09T12:48:22+00:00\",\"dateModified\":\"2024-11-09T12:56:00+00:00\",\"mainEntityOfPage\":{\"@id\":\"https:\\\/\\\/radioleinewelle.de\\\/index.php\\\/2024\\\/11\\\/09\\\/goettinger-ausstellung-zu-ns-zwangsarbeit-in-gefahr\\\/\"},\"wordCount\":260,\"commentCount\":0,\"publisher\":{\"@id\":\"https:\\\/\\\/radioleinewelle.de\\\/#organization\"},\"image\":{\"@id\":\"https:\\\/\\\/radioleinewelle.de\\\/index.php\\\/2024\\\/11\\\/09\\\/goettinger-ausstellung-zu-ns-zwangsarbeit-in-gefahr\\\/#primaryimage\"},\"thumbnailUrl\":\"https:\\\/\\\/radioleinewelle.de\\\/wp-content\\\/uploads\\\/2024\\\/11\\\/Ausstellung-Zwangsarbeit-Foto-Philipp-Kuechler-scaled-e1731156934225.jpg\",\"articleSection\":[\"Geschichte und Erinnerungskultur\"],\"inLanguage\":\"de\",\"potentialAction\":[{\"@type\":\"CommentAction\",\"name\":\"Comment\",\"target\":[\"https:\\\/\\\/radioleinewelle.de\\\/index.php\\\/2024\\\/11\\\/09\\\/goettinger-ausstellung-zu-ns-zwangsarbeit-in-gefahr\\\/#respond\"]}]},{\"@type\":\"WebPage\",\"@id\":\"https:\\\/\\\/radioleinewelle.de\\\/index.php\\\/2024\\\/11\\\/09\\\/goettinger-ausstellung-zu-ns-zwangsarbeit-in-gefahr\\\/\",\"url\":\"https:\\\/\\\/radioleinewelle.de\\\/index.php\\\/2024\\\/11\\\/09\\\/goettinger-ausstellung-zu-ns-zwangsarbeit-in-gefahr\\\/\",\"name\":\"G\u00f6ttinger Ausstellung zu NS-Zwangsarbeit in Gefahr - Radio Leinewelle\",\"isPartOf\":{\"@id\":\"https:\\\/\\\/radioleinewelle.de\\\/#website\"},\"primaryImageOfPage\":{\"@id\":\"https:\\\/\\\/radioleinewelle.de\\\/index.php\\\/2024\\\/11\\\/09\\\/goettinger-ausstellung-zu-ns-zwangsarbeit-in-gefahr\\\/#primaryimage\"},\"image\":{\"@id\":\"https:\\\/\\\/radioleinewelle.de\\\/index.php\\\/2024\\\/11\\\/09\\\/goettinger-ausstellung-zu-ns-zwangsarbeit-in-gefahr\\\/#primaryimage\"},\"thumbnailUrl\":\"https:\\\/\\\/radioleinewelle.de\\\/wp-content\\\/uploads\\\/2024\\\/11\\\/Ausstellung-Zwangsarbeit-Foto-Philipp-Kuechler-scaled-e1731156934225.jpg\",\"datePublished\":\"2024-11-09T12:48:22+00:00\",\"dateModified\":\"2024-11-09T12:56:00+00:00\",\"breadcrumb\":{\"@id\":\"https:\\\/\\\/radioleinewelle.de\\\/index.php\\\/2024\\\/11\\\/09\\\/goettinger-ausstellung-zu-ns-zwangsarbeit-in-gefahr\\\/#breadcrumb\"},\"inLanguage\":\"de\",\"potentialAction\":[{\"@type\":\"ReadAction\",\"target\":[\"https:\\\/\\\/radioleinewelle.de\\\/index.php\\\/2024\\\/11\\\/09\\\/goettinger-ausstellung-zu-ns-zwangsarbeit-in-gefahr\\\/\"]}]},{\"@type\":\"ImageObject\",\"inLanguage\":\"de\",\"@id\":\"https:\\\/\\\/radioleinewelle.de\\\/index.php\\\/2024\\\/11\\\/09\\\/goettinger-ausstellung-zu-ns-zwangsarbeit-in-gefahr\\\/#primaryimage\",\"url\":\"https:\\\/\\\/radioleinewelle.de\\\/wp-content\\\/uploads\\\/2024\\\/11\\\/Ausstellung-Zwangsarbeit-Foto-Philipp-Kuechler-scaled-e1731156934225.jpg\",\"contentUrl\":\"https:\\\/\\\/radioleinewelle.de\\\/wp-content\\\/uploads\\\/2024\\\/11\\\/Ausstellung-Zwangsarbeit-Foto-Philipp-Kuechler-scaled-e1731156934225.jpg\",\"width\":1000,\"height\":667},{\"@type\":\"BreadcrumbList\",\"@id\":\"https:\\\/\\\/radioleinewelle.de\\\/index.php\\\/2024\\\/11\\\/09\\\/goettinger-ausstellung-zu-ns-zwangsarbeit-in-gefahr\\\/#breadcrumb\",\"itemListElement\":[{\"@type\":\"ListItem\",\"position\":1,\"name\":\"Startseite\",\"item\":\"https:\\\/\\\/radioleinewelle.de\\\/\"},{\"@type\":\"ListItem\",\"position\":2,\"name\":\"G\u00f6ttinger Ausstellung zu NS-Zwangsarbeit in Gefahr\"}]},{\"@type\":\"WebSite\",\"@id\":\"https:\\\/\\\/radioleinewelle.de\\\/#website\",\"url\":\"https:\\\/\\\/radioleinewelle.de\\\/\",\"name\":\"Radio Leinewelle\",\"description\":\"\",\"publisher\":{\"@id\":\"https:\\\/\\\/radioleinewelle.de\\\/#organization\"},\"potentialAction\":[{\"@type\":\"SearchAction\",\"target\":{\"@type\":\"EntryPoint\",\"urlTemplate\":\"https:\\\/\\\/radioleinewelle.de\\\/?s={search_term_string}\"},\"query-input\":{\"@type\":\"PropertyValueSpecification\",\"valueRequired\":true,\"valueName\":\"search_term_string\"}}],\"inLanguage\":\"de\"},{\"@type\":\"Organization\",\"@id\":\"https:\\\/\\\/radioleinewelle.de\\\/#organization\",\"name\":\"Radio Leinewelle\",\"alternateName\":\"Mein Radio f\u00fcr S\u00fcdniedersachsen\",\"url\":\"https:\\\/\\\/radioleinewelle.de\\\/\",\"logo\":{\"@type\":\"ImageObject\",\"inLanguage\":\"de\",\"@id\":\"https:\\\/\\\/radioleinewelle.de\\\/#\\\/schema\\\/logo\\\/image\\\/\",\"url\":\"https:\\\/\\\/radioleinewelle.de\\\/wp-content\\\/uploads\\\/2023\\\/11\\\/cropped-Leinewelle_Logo_weiss.png\",\"contentUrl\":\"https:\\\/\\\/radioleinewelle.de\\\/wp-content\\\/uploads\\\/2023\\\/11\\\/cropped-Leinewelle_Logo_weiss.png\",\"width\":854,\"height\":260,\"caption\":\"Radio Leinewelle\"},\"image\":{\"@id\":\"https:\\\/\\\/radioleinewelle.de\\\/#\\\/schema\\\/logo\\\/image\\\/\"},\"sameAs\":[\"https:\\\/\\\/www.facebook.com\\\/radioleinewelle\",\"https:\\\/\\\/x.com\\\/RLeinewelle\",\"https:\\\/\\\/www.instagram.com\\\/radioleinewelle\\\/?hl=de\"]},{\"@type\":\"Person\",\"@id\":\"https:\\\/\\\/radioleinewelle.de\\\/#\\\/schema\\\/person\\\/45606f348637df637192dc1b68399a63\",\"name\":\"Leinewelle\",\"image\":{\"@type\":\"ImageObject\",\"inLanguage\":\"de\",\"@id\":\"https:\\\/\\\/secure.gravatar.com\\\/avatar\\\/05c9a17bc973052ee5d91549bd32fb4dd0dc85b7b85ae94b2e2b4943476bbea5?s=96&d=blank&r=g\",\"url\":\"https:\\\/\\\/secure.gravatar.com\\\/avatar\\\/05c9a17bc973052ee5d91549bd32fb4dd0dc85b7b85ae94b2e2b4943476bbea5?s=96&d=blank&r=g\",\"contentUrl\":\"https:\\\/\\\/secure.gravatar.com\\\/avatar\\\/05c9a17bc973052ee5d91549bd32fb4dd0dc85b7b85ae94b2e2b4943476bbea5?s=96&d=blank&r=g\",\"caption\":\"Leinewelle\"},\"sameAs\":[\"http:\\\/\\\/localhost\\\/radio%20leinewelle\\\/wordpress\",\"https:\\\/\\\/www.facebook.com\\\/radioleinewelle\",\"https:\\\/\\\/www.instagram.com\\\/radioleinewelle\",\"https:\\\/\\\/x.com\\\/https:\\\/\\\/twitter.com\\\/RLeinewelle?ref_src=twsrcgoogletwcampserptwgrauthor\",\"https:\\\/\\\/soundcloud.com\\\/foerderverein-lokalradio?utm_source=clipboard&utm_medium=text&utm_campaign=social_sharing\"],\"url\":\"https:\\\/\\\/radioleinewelle.de\\\/index.php\\\/author\\\/leinewelle\\\/\"}]}<\/script>\n<!-- \/ Yoast SEO plugin. -->","yoast_head_json":{"title":"G\u00f6ttinger Ausstellung zu NS-Zwangsarbeit in Gefahr - Radio Leinewelle","robots":{"index":"index","follow":"follow","max-snippet":"max-snippet:-1","max-image-preview":"max-image-preview:large","max-video-preview":"max-video-preview:-1"},"canonical":"https:\/\/radioleinewelle.de\/index.php\/2024\/11\/09\/goettinger-ausstellung-zu-ns-zwangsarbeit-in-gefahr\/","og_locale":"de_DE","og_type":"article","og_title":"G\u00f6ttinger Ausstellung zu NS-Zwangsarbeit in Gefahr - Radio Leinewelle","og_description":"Seit Wochen l\u00e4uft in G\u00f6ttingen eine Diskussion um m\u00f6gliche K\u00fcrzungen der freiwilligen Leistungen im Kulturbereich. Hiervon ist auch die renommierte Dauerausstellung zur der Geschichte der Zwangsarbeit im Nationalsozialismus betroffen. Aktuell k\u00f6nnen Menschen die Ausstellung &#8222;Auf den Spuren europ\u00e4ischer Zwangsarbeit. S\u00fcdniedersachsen 1939-1945&#8220; in G\u00f6ttingen durch eine Unterschrift unter der Online-Petition &#8222;G\u00f6ttinger Ausstellung zu NS-Zwangsarbeit in Gefahr&#8220; [&hellip;]","og_url":"https:\/\/radioleinewelle.de\/index.php\/2024\/11\/09\/goettinger-ausstellung-zu-ns-zwangsarbeit-in-gefahr\/","og_site_name":"Radio Leinewelle","article_publisher":"https:\/\/www.facebook.com\/radioleinewelle","article_author":"https:\/\/www.facebook.com\/radioleinewelle","article_published_time":"2024-11-09T12:48:22+00:00","article_modified_time":"2024-11-09T12:56:00+00:00","og_image":[{"width":1000,"height":667,"url":"https:\/\/radioleinewelle.de\/wp-content\/uploads\/2024\/11\/Ausstellung-Zwangsarbeit-Foto-Philipp-Kuechler-scaled-e1731156934225.jpg","type":"image\/jpeg"}],"author":"Leinewelle","twitter_card":"summary_large_image","twitter_creator":"@https:\/\/twitter.com\/RLeinewelle?ref_src=twsrcgoogletwcampserptwgrauthor","twitter_site":"@RLeinewelle","twitter_misc":{"Verfasst von":"Leinewelle","Gesch\u00e4tzte Lesezeit":"2\u00a0Minuten"},"schema":{"@context":"https:\/\/schema.org","@graph":[{"@type":"Article","@id":"https:\/\/radioleinewelle.de\/index.php\/2024\/11\/09\/goettinger-ausstellung-zu-ns-zwangsarbeit-in-gefahr\/#article","isPartOf":{"@id":"https:\/\/radioleinewelle.de\/index.php\/2024\/11\/09\/goettinger-ausstellung-zu-ns-zwangsarbeit-in-gefahr\/"},"author":{"name":"Leinewelle","@id":"https:\/\/radioleinewelle.de\/#\/schema\/person\/45606f348637df637192dc1b68399a63"},"headline":"G\u00f6ttinger Ausstellung zu NS-Zwangsarbeit in Gefahr","datePublished":"2024-11-09T12:48:22+00:00","dateModified":"2024-11-09T12:56:00+00:00","mainEntityOfPage":{"@id":"https:\/\/radioleinewelle.de\/index.php\/2024\/11\/09\/goettinger-ausstellung-zu-ns-zwangsarbeit-in-gefahr\/"},"wordCount":260,"commentCount":0,"publisher":{"@id":"https:\/\/radioleinewelle.de\/#organization"},"image":{"@id":"https:\/\/radioleinewelle.de\/index.php\/2024\/11\/09\/goettinger-ausstellung-zu-ns-zwangsarbeit-in-gefahr\/#primaryimage"},"thumbnailUrl":"https:\/\/radioleinewelle.de\/wp-content\/uploads\/2024\/11\/Ausstellung-Zwangsarbeit-Foto-Philipp-Kuechler-scaled-e1731156934225.jpg","articleSection":["Geschichte und Erinnerungskultur"],"inLanguage":"de","potentialAction":[{"@type":"CommentAction","name":"Comment","target":["https:\/\/radioleinewelle.de\/index.php\/2024\/11\/09\/goettinger-ausstellung-zu-ns-zwangsarbeit-in-gefahr\/#respond"]}]},{"@type":"WebPage","@id":"https:\/\/radioleinewelle.de\/index.php\/2024\/11\/09\/goettinger-ausstellung-zu-ns-zwangsarbeit-in-gefahr\/","url":"https:\/\/radioleinewelle.de\/index.php\/2024\/11\/09\/goettinger-ausstellung-zu-ns-zwangsarbeit-in-gefahr\/","name":"G\u00f6ttinger Ausstellung zu NS-Zwangsarbeit in Gefahr - Radio Leinewelle","isPartOf":{"@id":"https:\/\/radioleinewelle.de\/#website"},"primaryImageOfPage":{"@id":"https:\/\/radioleinewelle.de\/index.php\/2024\/11\/09\/goettinger-ausstellung-zu-ns-zwangsarbeit-in-gefahr\/#primaryimage"},"image":{"@id":"https:\/\/radioleinewelle.de\/index.php\/2024\/11\/09\/goettinger-ausstellung-zu-ns-zwangsarbeit-in-gefahr\/#primaryimage"},"thumbnailUrl":"https:\/\/radioleinewelle.de\/wp-content\/uploads\/2024\/11\/Ausstellung-Zwangsarbeit-Foto-Philipp-Kuechler-scaled-e1731156934225.jpg","datePublished":"2024-11-09T12:48:22+00:00","dateModified":"2024-11-09T12:56:00+00:00","breadcrumb":{"@id":"https:\/\/radioleinewelle.de\/index.php\/2024\/11\/09\/goettinger-ausstellung-zu-ns-zwangsarbeit-in-gefahr\/#breadcrumb"},"inLanguage":"de","potentialAction":[{"@type":"ReadAction","target":["https:\/\/radioleinewelle.de\/index.php\/2024\/11\/09\/goettinger-ausstellung-zu-ns-zwangsarbeit-in-gefahr\/"]}]},{"@type":"ImageObject","inLanguage":"de","@id":"https:\/\/radioleinewelle.de\/index.php\/2024\/11\/09\/goettinger-ausstellung-zu-ns-zwangsarbeit-in-gefahr\/#primaryimage","url":"https:\/\/radioleinewelle.de\/wp-content\/uploads\/2024\/11\/Ausstellung-Zwangsarbeit-Foto-Philipp-Kuechler-scaled-e1731156934225.jpg","contentUrl":"https:\/\/radioleinewelle.de\/wp-content\/uploads\/2024\/11\/Ausstellung-Zwangsarbeit-Foto-Philipp-Kuechler-scaled-e1731156934225.jpg","width":1000,"height":667},{"@type":"BreadcrumbList","@id":"https:\/\/radioleinewelle.de\/index.php\/2024\/11\/09\/goettinger-ausstellung-zu-ns-zwangsarbeit-in-gefahr\/#breadcrumb","itemListElement":[{"@type":"ListItem","position":1,"name":"Startseite","item":"https:\/\/radioleinewelle.de\/"},{"@type":"ListItem","position":2,"name":"G\u00f6ttinger Ausstellung zu NS-Zwangsarbeit in Gefahr"}]},{"@type":"WebSite","@id":"https:\/\/radioleinewelle.de\/#website","url":"https:\/\/radioleinewelle.de\/","name":"Radio Leinewelle","description":"","publisher":{"@id":"https:\/\/radioleinewelle.de\/#organization"},"potentialAction":[{"@type":"SearchAction","target":{"@type":"EntryPoint","urlTemplate":"https:\/\/radioleinewelle.de\/?s={search_term_string}"},"query-input":{"@type":"PropertyValueSpecification","valueRequired":true,"valueName":"search_term_string"}}],"inLanguage":"de"},{"@type":"Organization","@id":"https:\/\/radioleinewelle.de\/#organization","name":"Radio Leinewelle","alternateName":"Mein Radio f\u00fcr S\u00fcdniedersachsen","url":"https:\/\/radioleinewelle.de\/","logo":{"@type":"ImageObject","inLanguage":"de","@id":"https:\/\/radioleinewelle.de\/#\/schema\/logo\/image\/","url":"https:\/\/radioleinewelle.de\/wp-content\/uploads\/2023\/11\/cropped-Leinewelle_Logo_weiss.png","contentUrl":"https:\/\/radioleinewelle.de\/wp-content\/uploads\/2023\/11\/cropped-Leinewelle_Logo_weiss.png","width":854,"height":260,"caption":"Radio Leinewelle"},"image":{"@id":"https:\/\/radioleinewelle.de\/#\/schema\/logo\/image\/"},"sameAs":["https:\/\/www.facebook.com\/radioleinewelle","https:\/\/x.com\/RLeinewelle","https:\/\/www.instagram.com\/radioleinewelle\/?hl=de"]},{"@type":"Person","@id":"https:\/\/radioleinewelle.de\/#\/schema\/person\/45606f348637df637192dc1b68399a63","name":"Leinewelle","image":{"@type":"ImageObject","inLanguage":"de","@id":"https:\/\/secure.gravatar.com\/avatar\/05c9a17bc973052ee5d91549bd32fb4dd0dc85b7b85ae94b2e2b4943476bbea5?s=96&d=blank&r=g","url":"https:\/\/secure.gravatar.com\/avatar\/05c9a17bc973052ee5d91549bd32fb4dd0dc85b7b85ae94b2e2b4943476bbea5?s=96&d=blank&r=g","contentUrl":"https:\/\/secure.gravatar.com\/avatar\/05c9a17bc973052ee5d91549bd32fb4dd0dc85b7b85ae94b2e2b4943476bbea5?s=96&d=blank&r=g","caption":"Leinewelle"},"sameAs":["http:\/\/localhost\/radio%20leinewelle\/wordpress","https:\/\/www.facebook.com\/radioleinewelle","https:\/\/www.instagram.com\/radioleinewelle","https:\/\/x.com\/https:\/\/twitter.com\/RLeinewelle?ref_src=twsrcgoogletwcampserptwgrauthor","https:\/\/soundcloud.com\/foerderverein-lokalradio?utm_source=clipboard&utm_medium=text&utm_campaign=social_sharing"],"url":"https:\/\/radioleinewelle.de\/index.php\/author\/leinewelle\/"}]}},"_links":{"self":[{"href":"https:\/\/radioleinewelle.de\/index.php\/wp-json\/wp\/v2\/posts\/26635","targetHints":{"allow":["GET"]}}],"collection":[{"href":"https:\/\/radioleinewelle.de\/index.php\/wp-json\/wp\/v2\/posts"}],"about":[{"href":"https:\/\/radioleinewelle.de\/index.php\/wp-json\/wp\/v2\/types\/post"}],"author":[{"embeddable":true,"href":"https:\/\/radioleinewelle.de\/index.php\/wp-json\/wp\/v2\/users\/1"}],"replies":[{"embeddable":true,"href":"https:\/\/radioleinewelle.de\/index.php\/wp-json\/wp\/v2\/comments?post=26635"}],"version-history":[{"count":7,"href":"https:\/\/radioleinewelle.de\/index.php\/wp-json\/wp\/v2\/posts\/26635\/revisions"}],"predecessor-version":[{"id":26644,"href":"https:\/\/radioleinewelle.de\/index.php\/wp-json\/wp\/v2\/posts\/26635\/revisions\/26644"}],"wp:featuredmedia":[{"embeddable":true,"href":"https:\/\/radioleinewelle.de\/index.php\/wp-json\/wp\/v2\/media\/26643"}],"wp:attachment":[{"href":"https:\/\/radioleinewelle.de\/index.php\/wp-json\/wp\/v2\/media?parent=26635"}],"wp:term":[{"taxonomy":"category","embeddable":true,"href":"https:\/\/radioleinewelle.de\/index.php\/wp-json\/wp\/v2\/categories?post=26635"},{"taxonomy":"post_tag","embeddable":true,"href":"https:\/\/radioleinewelle.de\/index.php\/wp-json\/wp\/v2\/tags?post=26635"}],"curies":[{"name":"wp","href":"https:\/\/api.w.org\/{rel}","templated":true}]}}