{"id":2672,"date":"2020-10-29T05:10:12","date_gmt":"2020-10-29T04:10:12","guid":{"rendered":"https:\/\/radioleinewelle.de\/?p=2672"},"modified":"2020-10-29T05:10:12","modified_gmt":"2020-10-29T04:10:12","slug":"veranstaltungsabsage-fuer-den-weihnachtsmarkt-weihnachtswald-goslar","status":"publish","type":"post","link":"https:\/\/radioleinewelle.de\/index.php\/2020\/10\/29\/veranstaltungsabsage-fuer-den-weihnachtsmarkt-weihnachtswald-goslar\/","title":{"rendered":"Veranstaltungsabsage f\u00fcr den Weihnachtsmarkt &#038; Weihnachtswald Goslar"},"content":{"rendered":"<p>Die GOSLAR marketing gmbh (GMG) und die Stadt Goslar sind sich in enger Zusammenarbeit mit dem Landkreis einig, dass ein Stattfinden des beliebten \u201eWeihnachtsmarkt &amp; Weihnachtswald Goslar\u201c unter Wahrung der Auflagen und in Hinblick auf die F\u00fcrsorgepflicht den G\u00e4sten und Goslarern gegen\u00fcber, nicht m\u00f6glich ist.\u00a0Mit Blick auf die Entwicklung der Corona-Pandemie wurde bereits seit vielen Monaten an alternativen Konzepten gearbeitet. Bei allen \u00dcberlegungen und neuen Herangehensweisen, l\u00e4sst das aktuelle Infektionsgeschehen keinen Spielraum f\u00fcr eine ordnungsgem\u00e4\u00dfe Umsetzung.<\/p>\n<p>\u201eIch habe in den vergangenen Monaten gern daran mitgearbeitet, ein weihnachtliches Goslar, einen dezentralen Weihnachtsmarkt zu versuchen\u201c, sagt Goslars Oberb\u00fcrgermeister Dr. Oliver Junk und betont dessen Bedeutung f\u00fcr Einzelhandel, Hotellerie und Gastronomie. \u201eDie Dynamik der vergangenen Tage und die Prognosen haben mich aber in meiner Entscheidung umschwenken lassen.\u201c Jetzt gelte es zu verhindern, dass es zu einem so brutalen Lockdown wie im M\u00e4rz komme, dass Schulen und Kitas geschlossen w\u00fcrden und das Gesundheitssystem \u00fcberlastet werde.\u00a0Die GMG wird jetzt alle Ressourcen auf die weihnachtliche Gestaltung der Innenstadt richten und daf\u00fcr sorgen mit Licht atmosph\u00e4rische Akzente zu setzen.\u00a0Marina Vetter, Gesch\u00e4ftsf\u00fchrerin der GOSLAR marketing gmbh, ist untr\u00f6stlich: \u201eF\u00fcr uns ist der Weihnachtsmarkt die wichtigste Veranstaltung des Jahres, an der unser Herz h\u00e4ngt und die jedes Jahr viele Besucher aus ganz Deutschland nach Goslar zieht. Uns ist die Absage sehr schwer gefallen, war aber unter den aktuellen Rahmenbedingungen die einzig tragbare L\u00f6sung.\u201c<\/p>\n<p>Foto: Stadt Goslar<\/p>\n","protected":false},"excerpt":{"rendered":"<p>Die GOSLAR marketing gmbh (GMG) und die Stadt Goslar sind sich in enger Zusammenarbeit mit dem Landkreis einig, dass ein Stattfinden des beliebten \u201eWeihnachtsmarkt &amp; Weihnachtswald Goslar\u201c unter Wahrung der Auflagen und in Hinblick auf die F\u00fcrsorgepflicht den G\u00e4sten und Goslarern gegen\u00fcber, nicht m\u00f6glich ist.\u00a0Mit Blick auf die Entwicklung der Corona-Pandemie wurde bereits seit vielen [&hellip;]<\/p>\n","protected":false},"author":1,"featured_media":2676,"comment_status":"closed","ping_status":"closed","sticky":false,"template":"","format":"standard","meta":{"saved_in_kubio":false,"footnotes":""},"categories":[42],"tags":[],"class_list":["post-2672","post","type-post","status-publish","format-standard","has-post-thumbnail","hentry","category-regionaler-tourismus"],"yoast_head":"<!-- This site is optimized with the Yoast SEO plugin v27.5 - https:\/\/yoast.com\/product\/yoast-seo-wordpress\/ -->\n<title>Veranstaltungsabsage f\u00fcr den Weihnachtsmarkt &amp; Weihnachtswald Goslar - Radio Leinewelle<\/title>\n<meta name=\"robots\" content=\"index, follow, max-snippet:-1, max-image-preview:large, max-video-preview:-1\" \/>\n<link rel=\"canonical\" href=\"https:\/\/radioleinewelle.de\/index.php\/2020\/10\/29\/veranstaltungsabsage-fuer-den-weihnachtsmarkt-weihnachtswald-goslar\/\" \/>\n<meta property=\"og:locale\" content=\"de_DE\" \/>\n<meta property=\"og:type\" content=\"article\" \/>\n<meta property=\"og:title\" content=\"Veranstaltungsabsage f\u00fcr den Weihnachtsmarkt &amp; Weihnachtswald Goslar - Radio Leinewelle\" \/>\n<meta property=\"og:description\" content=\"Die GOSLAR marketing gmbh (GMG) und die Stadt Goslar sind sich in enger Zusammenarbeit mit dem Landkreis einig, dass ein Stattfinden des beliebten \u201eWeihnachtsmarkt &amp; Weihnachtswald Goslar\u201c unter Wahrung der Auflagen und in Hinblick auf die F\u00fcrsorgepflicht den G\u00e4sten und Goslarern gegen\u00fcber, nicht m\u00f6glich ist.\u00a0Mit Blick auf die Entwicklung der Corona-Pandemie wurde bereits seit vielen [&hellip;]\" \/>\n<meta property=\"og:url\" content=\"https:\/\/radioleinewelle.de\/index.php\/2020\/10\/29\/veranstaltungsabsage-fuer-den-weihnachtsmarkt-weihnachtswald-goslar\/\" \/>\n<meta property=\"og:site_name\" content=\"Radio Leinewelle\" \/>\n<meta property=\"article:publisher\" content=\"https:\/\/www.facebook.com\/radioleinewelle\" \/>\n<meta property=\"article:author\" content=\"https:\/\/www.facebook.com\/radioleinewelle\" \/>\n<meta property=\"article:published_time\" content=\"2020-10-29T04:10:12+00:00\" \/>\n<meta property=\"og:image\" content=\"https:\/\/radioleinewelle.de\/wp-content\/uploads\/2020\/10\/GOSLAR_marketing_gmbh_Weihnachtswald-1.jpg\" \/>\n\t<meta property=\"og:image:width\" content=\"2144\" \/>\n\t<meta property=\"og:image:height\" content=\"1424\" \/>\n\t<meta property=\"og:image:type\" content=\"image\/jpeg\" \/>\n<meta name=\"author\" content=\"Leinewelle\" \/>\n<meta name=\"twitter:card\" content=\"summary_large_image\" \/>\n<meta name=\"twitter:creator\" content=\"@https:\/\/twitter.com\/RLeinewelle?ref_src=twsrcgoogletwcampserptwgrauthor\" \/>\n<meta name=\"twitter:site\" content=\"@RLeinewelle\" \/>\n<meta name=\"twitter:label1\" content=\"Verfasst von\" \/>\n\t<meta name=\"twitter:data1\" content=\"Leinewelle\" \/>\n\t<meta name=\"twitter:label2\" content=\"Gesch\u00e4tzte Lesezeit\" \/>\n\t<meta name=\"twitter:data2\" content=\"1\u00a0Minute\" \/>\n<script type=\"application\/ld+json\" class=\"yoast-schema-graph\">{\"@context\":\"https:\\\/\\\/schema.org\",\"@graph\":[{\"@type\":\"Article\",\"@id\":\"https:\\\/\\\/radioleinewelle.de\\\/index.php\\\/2020\\\/10\\\/29\\\/veranstaltungsabsage-fuer-den-weihnachtsmarkt-weihnachtswald-goslar\\\/#article\",\"isPartOf\":{\"@id\":\"https:\\\/\\\/radioleinewelle.de\\\/index.php\\\/2020\\\/10\\\/29\\\/veranstaltungsabsage-fuer-den-weihnachtsmarkt-weihnachtswald-goslar\\\/\"},\"author\":{\"name\":\"Leinewelle\",\"@id\":\"https:\\\/\\\/radioleinewelle.de\\\/#\\\/schema\\\/person\\\/45606f348637df637192dc1b68399a63\"},\"headline\":\"Veranstaltungsabsage f\u00fcr den Weihnachtsmarkt &#038; Weihnachtswald Goslar\",\"datePublished\":\"2020-10-29T04:10:12+00:00\",\"mainEntityOfPage\":{\"@id\":\"https:\\\/\\\/radioleinewelle.de\\\/index.php\\\/2020\\\/10\\\/29\\\/veranstaltungsabsage-fuer-den-weihnachtsmarkt-weihnachtswald-goslar\\\/\"},\"wordCount\":256,\"publisher\":{\"@id\":\"https:\\\/\\\/radioleinewelle.de\\\/#organization\"},\"image\":{\"@id\":\"https:\\\/\\\/radioleinewelle.de\\\/index.php\\\/2020\\\/10\\\/29\\\/veranstaltungsabsage-fuer-den-weihnachtsmarkt-weihnachtswald-goslar\\\/#primaryimage\"},\"thumbnailUrl\":\"https:\\\/\\\/radioleinewelle.de\\\/wp-content\\\/uploads\\\/2020\\\/10\\\/GOSLAR_marketing_gmbh_Weihnachtswald-1.jpg\",\"articleSection\":[\"Regionaler Tourismus\"],\"inLanguage\":\"de\"},{\"@type\":\"WebPage\",\"@id\":\"https:\\\/\\\/radioleinewelle.de\\\/index.php\\\/2020\\\/10\\\/29\\\/veranstaltungsabsage-fuer-den-weihnachtsmarkt-weihnachtswald-goslar\\\/\",\"url\":\"https:\\\/\\\/radioleinewelle.de\\\/index.php\\\/2020\\\/10\\\/29\\\/veranstaltungsabsage-fuer-den-weihnachtsmarkt-weihnachtswald-goslar\\\/\",\"name\":\"Veranstaltungsabsage f\u00fcr den Weihnachtsmarkt & Weihnachtswald Goslar - Radio Leinewelle\",\"isPartOf\":{\"@id\":\"https:\\\/\\\/radioleinewelle.de\\\/#website\"},\"primaryImageOfPage\":{\"@id\":\"https:\\\/\\\/radioleinewelle.de\\\/index.php\\\/2020\\\/10\\\/29\\\/veranstaltungsabsage-fuer-den-weihnachtsmarkt-weihnachtswald-goslar\\\/#primaryimage\"},\"image\":{\"@id\":\"https:\\\/\\\/radioleinewelle.de\\\/index.php\\\/2020\\\/10\\\/29\\\/veranstaltungsabsage-fuer-den-weihnachtsmarkt-weihnachtswald-goslar\\\/#primaryimage\"},\"thumbnailUrl\":\"https:\\\/\\\/radioleinewelle.de\\\/wp-content\\\/uploads\\\/2020\\\/10\\\/GOSLAR_marketing_gmbh_Weihnachtswald-1.jpg\",\"datePublished\":\"2020-10-29T04:10:12+00:00\",\"breadcrumb\":{\"@id\":\"https:\\\/\\\/radioleinewelle.de\\\/index.php\\\/2020\\\/10\\\/29\\\/veranstaltungsabsage-fuer-den-weihnachtsmarkt-weihnachtswald-goslar\\\/#breadcrumb\"},\"inLanguage\":\"de\",\"potentialAction\":[{\"@type\":\"ReadAction\",\"target\":[\"https:\\\/\\\/radioleinewelle.de\\\/index.php\\\/2020\\\/10\\\/29\\\/veranstaltungsabsage-fuer-den-weihnachtsmarkt-weihnachtswald-goslar\\\/\"]}]},{\"@type\":\"ImageObject\",\"inLanguage\":\"de\",\"@id\":\"https:\\\/\\\/radioleinewelle.de\\\/index.php\\\/2020\\\/10\\\/29\\\/veranstaltungsabsage-fuer-den-weihnachtsmarkt-weihnachtswald-goslar\\\/#primaryimage\",\"url\":\"https:\\\/\\\/radioleinewelle.de\\\/wp-content\\\/uploads\\\/2020\\\/10\\\/GOSLAR_marketing_gmbh_Weihnachtswald-1.jpg\",\"contentUrl\":\"https:\\\/\\\/radioleinewelle.de\\\/wp-content\\\/uploads\\\/2020\\\/10\\\/GOSLAR_marketing_gmbh_Weihnachtswald-1.jpg\",\"width\":2144,\"height\":1424,\"caption\":\"????????????????????????????????????\"},{\"@type\":\"BreadcrumbList\",\"@id\":\"https:\\\/\\\/radioleinewelle.de\\\/index.php\\\/2020\\\/10\\\/29\\\/veranstaltungsabsage-fuer-den-weihnachtsmarkt-weihnachtswald-goslar\\\/#breadcrumb\",\"itemListElement\":[{\"@type\":\"ListItem\",\"position\":1,\"name\":\"Startseite\",\"item\":\"https:\\\/\\\/radioleinewelle.de\\\/\"},{\"@type\":\"ListItem\",\"position\":2,\"name\":\"Veranstaltungsabsage f\u00fcr den Weihnachtsmarkt &#038; Weihnachtswald Goslar\"}]},{\"@type\":\"WebSite\",\"@id\":\"https:\\\/\\\/radioleinewelle.de\\\/#website\",\"url\":\"https:\\\/\\\/radioleinewelle.de\\\/\",\"name\":\"Radio Leinewelle\",\"description\":\"\",\"publisher\":{\"@id\":\"https:\\\/\\\/radioleinewelle.de\\\/#organization\"},\"potentialAction\":[{\"@type\":\"SearchAction\",\"target\":{\"@type\":\"EntryPoint\",\"urlTemplate\":\"https:\\\/\\\/radioleinewelle.de\\\/?s={search_term_string}\"},\"query-input\":{\"@type\":\"PropertyValueSpecification\",\"valueRequired\":true,\"valueName\":\"search_term_string\"}}],\"inLanguage\":\"de\"},{\"@type\":\"Organization\",\"@id\":\"https:\\\/\\\/radioleinewelle.de\\\/#organization\",\"name\":\"Radio Leinewelle\",\"alternateName\":\"Mein Radio f\u00fcr S\u00fcdniedersachsen\",\"url\":\"https:\\\/\\\/radioleinewelle.de\\\/\",\"logo\":{\"@type\":\"ImageObject\",\"inLanguage\":\"de\",\"@id\":\"https:\\\/\\\/radioleinewelle.de\\\/#\\\/schema\\\/logo\\\/image\\\/\",\"url\":\"https:\\\/\\\/radioleinewelle.de\\\/wp-content\\\/uploads\\\/2023\\\/11\\\/cropped-Leinewelle_Logo_weiss.png\",\"contentUrl\":\"https:\\\/\\\/radioleinewelle.de\\\/wp-content\\\/uploads\\\/2023\\\/11\\\/cropped-Leinewelle_Logo_weiss.png\",\"width\":854,\"height\":260,\"caption\":\"Radio Leinewelle\"},\"image\":{\"@id\":\"https:\\\/\\\/radioleinewelle.de\\\/#\\\/schema\\\/logo\\\/image\\\/\"},\"sameAs\":[\"https:\\\/\\\/www.facebook.com\\\/radioleinewelle\",\"https:\\\/\\\/x.com\\\/RLeinewelle\",\"https:\\\/\\\/www.instagram.com\\\/radioleinewelle\\\/?hl=de\"]},{\"@type\":\"Person\",\"@id\":\"https:\\\/\\\/radioleinewelle.de\\\/#\\\/schema\\\/person\\\/45606f348637df637192dc1b68399a63\",\"name\":\"Leinewelle\",\"image\":{\"@type\":\"ImageObject\",\"inLanguage\":\"de\",\"@id\":\"https:\\\/\\\/secure.gravatar.com\\\/avatar\\\/05c9a17bc973052ee5d91549bd32fb4dd0dc85b7b85ae94b2e2b4943476bbea5?s=96&d=blank&r=g\",\"url\":\"https:\\\/\\\/secure.gravatar.com\\\/avatar\\\/05c9a17bc973052ee5d91549bd32fb4dd0dc85b7b85ae94b2e2b4943476bbea5?s=96&d=blank&r=g\",\"contentUrl\":\"https:\\\/\\\/secure.gravatar.com\\\/avatar\\\/05c9a17bc973052ee5d91549bd32fb4dd0dc85b7b85ae94b2e2b4943476bbea5?s=96&d=blank&r=g\",\"caption\":\"Leinewelle\"},\"sameAs\":[\"http:\\\/\\\/localhost\\\/radio%20leinewelle\\\/wordpress\",\"https:\\\/\\\/www.facebook.com\\\/radioleinewelle\",\"https:\\\/\\\/www.instagram.com\\\/radioleinewelle\",\"https:\\\/\\\/x.com\\\/https:\\\/\\\/twitter.com\\\/RLeinewelle?ref_src=twsrcgoogletwcampserptwgrauthor\",\"https:\\\/\\\/soundcloud.com\\\/foerderverein-lokalradio?utm_source=clipboard&utm_medium=text&utm_campaign=social_sharing\"],\"url\":\"https:\\\/\\\/radioleinewelle.de\\\/index.php\\\/author\\\/leinewelle\\\/\"}]}<\/script>\n<!-- \/ Yoast SEO plugin. -->","yoast_head_json":{"title":"Veranstaltungsabsage f\u00fcr den Weihnachtsmarkt & Weihnachtswald Goslar - Radio Leinewelle","robots":{"index":"index","follow":"follow","max-snippet":"max-snippet:-1","max-image-preview":"max-image-preview:large","max-video-preview":"max-video-preview:-1"},"canonical":"https:\/\/radioleinewelle.de\/index.php\/2020\/10\/29\/veranstaltungsabsage-fuer-den-weihnachtsmarkt-weihnachtswald-goslar\/","og_locale":"de_DE","og_type":"article","og_title":"Veranstaltungsabsage f\u00fcr den Weihnachtsmarkt & Weihnachtswald Goslar - Radio Leinewelle","og_description":"Die GOSLAR marketing gmbh (GMG) und die Stadt Goslar sind sich in enger Zusammenarbeit mit dem Landkreis einig, dass ein Stattfinden des beliebten \u201eWeihnachtsmarkt &amp; Weihnachtswald Goslar\u201c unter Wahrung der Auflagen und in Hinblick auf die F\u00fcrsorgepflicht den G\u00e4sten und Goslarern gegen\u00fcber, nicht m\u00f6glich ist.\u00a0Mit Blick auf die Entwicklung der Corona-Pandemie wurde bereits seit vielen [&hellip;]","og_url":"https:\/\/radioleinewelle.de\/index.php\/2020\/10\/29\/veranstaltungsabsage-fuer-den-weihnachtsmarkt-weihnachtswald-goslar\/","og_site_name":"Radio Leinewelle","article_publisher":"https:\/\/www.facebook.com\/radioleinewelle","article_author":"https:\/\/www.facebook.com\/radioleinewelle","article_published_time":"2020-10-29T04:10:12+00:00","og_image":[{"width":2144,"height":1424,"url":"https:\/\/radioleinewelle.de\/wp-content\/uploads\/2020\/10\/GOSLAR_marketing_gmbh_Weihnachtswald-1.jpg","type":"image\/jpeg"}],"author":"Leinewelle","twitter_card":"summary_large_image","twitter_creator":"@https:\/\/twitter.com\/RLeinewelle?ref_src=twsrcgoogletwcampserptwgrauthor","twitter_site":"@RLeinewelle","twitter_misc":{"Verfasst von":"Leinewelle","Gesch\u00e4tzte Lesezeit":"1\u00a0Minute"},"schema":{"@context":"https:\/\/schema.org","@graph":[{"@type":"Article","@id":"https:\/\/radioleinewelle.de\/index.php\/2020\/10\/29\/veranstaltungsabsage-fuer-den-weihnachtsmarkt-weihnachtswald-goslar\/#article","isPartOf":{"@id":"https:\/\/radioleinewelle.de\/index.php\/2020\/10\/29\/veranstaltungsabsage-fuer-den-weihnachtsmarkt-weihnachtswald-goslar\/"},"author":{"name":"Leinewelle","@id":"https:\/\/radioleinewelle.de\/#\/schema\/person\/45606f348637df637192dc1b68399a63"},"headline":"Veranstaltungsabsage f\u00fcr den Weihnachtsmarkt &#038; Weihnachtswald Goslar","datePublished":"2020-10-29T04:10:12+00:00","mainEntityOfPage":{"@id":"https:\/\/radioleinewelle.de\/index.php\/2020\/10\/29\/veranstaltungsabsage-fuer-den-weihnachtsmarkt-weihnachtswald-goslar\/"},"wordCount":256,"publisher":{"@id":"https:\/\/radioleinewelle.de\/#organization"},"image":{"@id":"https:\/\/radioleinewelle.de\/index.php\/2020\/10\/29\/veranstaltungsabsage-fuer-den-weihnachtsmarkt-weihnachtswald-goslar\/#primaryimage"},"thumbnailUrl":"https:\/\/radioleinewelle.de\/wp-content\/uploads\/2020\/10\/GOSLAR_marketing_gmbh_Weihnachtswald-1.jpg","articleSection":["Regionaler Tourismus"],"inLanguage":"de"},{"@type":"WebPage","@id":"https:\/\/radioleinewelle.de\/index.php\/2020\/10\/29\/veranstaltungsabsage-fuer-den-weihnachtsmarkt-weihnachtswald-goslar\/","url":"https:\/\/radioleinewelle.de\/index.php\/2020\/10\/29\/veranstaltungsabsage-fuer-den-weihnachtsmarkt-weihnachtswald-goslar\/","name":"Veranstaltungsabsage f\u00fcr den Weihnachtsmarkt & Weihnachtswald Goslar - Radio Leinewelle","isPartOf":{"@id":"https:\/\/radioleinewelle.de\/#website"},"primaryImageOfPage":{"@id":"https:\/\/radioleinewelle.de\/index.php\/2020\/10\/29\/veranstaltungsabsage-fuer-den-weihnachtsmarkt-weihnachtswald-goslar\/#primaryimage"},"image":{"@id":"https:\/\/radioleinewelle.de\/index.php\/2020\/10\/29\/veranstaltungsabsage-fuer-den-weihnachtsmarkt-weihnachtswald-goslar\/#primaryimage"},"thumbnailUrl":"https:\/\/radioleinewelle.de\/wp-content\/uploads\/2020\/10\/GOSLAR_marketing_gmbh_Weihnachtswald-1.jpg","datePublished":"2020-10-29T04:10:12+00:00","breadcrumb":{"@id":"https:\/\/radioleinewelle.de\/index.php\/2020\/10\/29\/veranstaltungsabsage-fuer-den-weihnachtsmarkt-weihnachtswald-goslar\/#breadcrumb"},"inLanguage":"de","potentialAction":[{"@type":"ReadAction","target":["https:\/\/radioleinewelle.de\/index.php\/2020\/10\/29\/veranstaltungsabsage-fuer-den-weihnachtsmarkt-weihnachtswald-goslar\/"]}]},{"@type":"ImageObject","inLanguage":"de","@id":"https:\/\/radioleinewelle.de\/index.php\/2020\/10\/29\/veranstaltungsabsage-fuer-den-weihnachtsmarkt-weihnachtswald-goslar\/#primaryimage","url":"https:\/\/radioleinewelle.de\/wp-content\/uploads\/2020\/10\/GOSLAR_marketing_gmbh_Weihnachtswald-1.jpg","contentUrl":"https:\/\/radioleinewelle.de\/wp-content\/uploads\/2020\/10\/GOSLAR_marketing_gmbh_Weihnachtswald-1.jpg","width":2144,"height":1424,"caption":"????????????????????????????????????"},{"@type":"BreadcrumbList","@id":"https:\/\/radioleinewelle.de\/index.php\/2020\/10\/29\/veranstaltungsabsage-fuer-den-weihnachtsmarkt-weihnachtswald-goslar\/#breadcrumb","itemListElement":[{"@type":"ListItem","position":1,"name":"Startseite","item":"https:\/\/radioleinewelle.de\/"},{"@type":"ListItem","position":2,"name":"Veranstaltungsabsage f\u00fcr den Weihnachtsmarkt &#038; Weihnachtswald Goslar"}]},{"@type":"WebSite","@id":"https:\/\/radioleinewelle.de\/#website","url":"https:\/\/radioleinewelle.de\/","name":"Radio Leinewelle","description":"","publisher":{"@id":"https:\/\/radioleinewelle.de\/#organization"},"potentialAction":[{"@type":"SearchAction","target":{"@type":"EntryPoint","urlTemplate":"https:\/\/radioleinewelle.de\/?s={search_term_string}"},"query-input":{"@type":"PropertyValueSpecification","valueRequired":true,"valueName":"search_term_string"}}],"inLanguage":"de"},{"@type":"Organization","@id":"https:\/\/radioleinewelle.de\/#organization","name":"Radio Leinewelle","alternateName":"Mein Radio f\u00fcr S\u00fcdniedersachsen","url":"https:\/\/radioleinewelle.de\/","logo":{"@type":"ImageObject","inLanguage":"de","@id":"https:\/\/radioleinewelle.de\/#\/schema\/logo\/image\/","url":"https:\/\/radioleinewelle.de\/wp-content\/uploads\/2023\/11\/cropped-Leinewelle_Logo_weiss.png","contentUrl":"https:\/\/radioleinewelle.de\/wp-content\/uploads\/2023\/11\/cropped-Leinewelle_Logo_weiss.png","width":854,"height":260,"caption":"Radio Leinewelle"},"image":{"@id":"https:\/\/radioleinewelle.de\/#\/schema\/logo\/image\/"},"sameAs":["https:\/\/www.facebook.com\/radioleinewelle","https:\/\/x.com\/RLeinewelle","https:\/\/www.instagram.com\/radioleinewelle\/?hl=de"]},{"@type":"Person","@id":"https:\/\/radioleinewelle.de\/#\/schema\/person\/45606f348637df637192dc1b68399a63","name":"Leinewelle","image":{"@type":"ImageObject","inLanguage":"de","@id":"https:\/\/secure.gravatar.com\/avatar\/05c9a17bc973052ee5d91549bd32fb4dd0dc85b7b85ae94b2e2b4943476bbea5?s=96&d=blank&r=g","url":"https:\/\/secure.gravatar.com\/avatar\/05c9a17bc973052ee5d91549bd32fb4dd0dc85b7b85ae94b2e2b4943476bbea5?s=96&d=blank&r=g","contentUrl":"https:\/\/secure.gravatar.com\/avatar\/05c9a17bc973052ee5d91549bd32fb4dd0dc85b7b85ae94b2e2b4943476bbea5?s=96&d=blank&r=g","caption":"Leinewelle"},"sameAs":["http:\/\/localhost\/radio%20leinewelle\/wordpress","https:\/\/www.facebook.com\/radioleinewelle","https:\/\/www.instagram.com\/radioleinewelle","https:\/\/x.com\/https:\/\/twitter.com\/RLeinewelle?ref_src=twsrcgoogletwcampserptwgrauthor","https:\/\/soundcloud.com\/foerderverein-lokalradio?utm_source=clipboard&utm_medium=text&utm_campaign=social_sharing"],"url":"https:\/\/radioleinewelle.de\/index.php\/author\/leinewelle\/"}]}},"_links":{"self":[{"href":"https:\/\/radioleinewelle.de\/index.php\/wp-json\/wp\/v2\/posts\/2672","targetHints":{"allow":["GET"]}}],"collection":[{"href":"https:\/\/radioleinewelle.de\/index.php\/wp-json\/wp\/v2\/posts"}],"about":[{"href":"https:\/\/radioleinewelle.de\/index.php\/wp-json\/wp\/v2\/types\/post"}],"author":[{"embeddable":true,"href":"https:\/\/radioleinewelle.de\/index.php\/wp-json\/wp\/v2\/users\/1"}],"replies":[{"embeddable":true,"href":"https:\/\/radioleinewelle.de\/index.php\/wp-json\/wp\/v2\/comments?post=2672"}],"version-history":[{"count":0,"href":"https:\/\/radioleinewelle.de\/index.php\/wp-json\/wp\/v2\/posts\/2672\/revisions"}],"wp:featuredmedia":[{"embeddable":true,"href":"https:\/\/radioleinewelle.de\/index.php\/wp-json\/wp\/v2\/media\/2676"}],"wp:attachment":[{"href":"https:\/\/radioleinewelle.de\/index.php\/wp-json\/wp\/v2\/media?parent=2672"}],"wp:term":[{"taxonomy":"category","embeddable":true,"href":"https:\/\/radioleinewelle.de\/index.php\/wp-json\/wp\/v2\/categories?post=2672"},{"taxonomy":"post_tag","embeddable":true,"href":"https:\/\/radioleinewelle.de\/index.php\/wp-json\/wp\/v2\/tags?post=2672"}],"curies":[{"name":"wp","href":"https:\/\/api.w.org\/{rel}","templated":true}]}}