{"id":2685,"date":"2020-10-30T05:20:08","date_gmt":"2020-10-30T04:20:08","guid":{"rendered":"https:\/\/radioleinewelle.de\/?p=2685"},"modified":"2020-10-30T05:20:08","modified_gmt":"2020-10-30T04:20:08","slug":"niedersaechsische-landesregierung-und-unternehmerverbaende-rufen-zu-home-office-auf-persoenliche-kontakte-auch-am-arbeitsplatz-reduzieren","status":"publish","type":"post","link":"https:\/\/radioleinewelle.de\/index.php\/2020\/10\/30\/niedersaechsische-landesregierung-und-unternehmerverbaende-rufen-zu-home-office-auf-persoenliche-kontakte-auch-am-arbeitsplatz-reduzieren\/","title":{"rendered":"Nieders\u00e4chsische Landesregierung und Unternehmerverb\u00e4nde rufen zu Home-Office auf: \u201ePers\u00f6nliche Kontakte auch am Arbeitsplatz reduzieren\u201c"},"content":{"rendered":"<p>Vor dem Hintergrund der gestrigen Beschl\u00fcsse der Ministerpr\u00e4sidentinnen und Ministerpr\u00e4sidenten der L\u00e4nder und der Bundeskanzlerin vom Mittwoch rufen Gesundheitsministerin Dr. Carola Reimann und der Hauptgesch\u00e4ftsf\u00fchrer der Unternehmerverb\u00e4nde Niedersachsen (UVN), Dr. Volker M\u00fcller, die Betriebe und Besch\u00e4ftigten dazu auf, das in der Pandemie bew\u00e4hrte Instrument des Arbeitens von Zuhause wieder konsequent zu nutzen. Dazu\u00a0Gesundheitsministerin Dr. Carola Reimann:<br \/>\n\u201eDie drastische Beschr\u00e4nkung unserer pers\u00f6nlichen Kontakte ist f\u00fcr uns alle das Gebot der Stunde, um die Zahl der Neuinfektionen in den kommenden Wochen wieder in den Griff zu bekommen und eine \u00dcberlastung unseres Gesundheitssystems zu verhindern. Die n\u00e4chsten Wochen sind entscheidend. Nutzen Sie deshalb \u00fcberall, wo es geht, die M\u00f6glichkeit, von Zuhause zu arbeiten und erm\u00f6glichen Sie dies auch Ihren Besch\u00e4ftigten! Wir alle k\u00f6nnen dazu beitragen, die Ausbreitung des Virus wieder zu verlangsamen. Dazu m\u00fcssen wir die M\u00f6glichkeiten der digitalen Kommunikation sowohl am Arbeitsplatz als auch im privaten Bereich nutzen.\u201c\u00a0Dr. Volker M\u00fcller, Hauptgesch\u00e4ftsf\u00fchrer der Unternehmerverb\u00e4nde Niedersachsen e.V. (UVN):<\/p>\n<p>\u201eDer Schutz der Gesundheit und der Wirtschaft h\u00e4ngen untrennbar zusammen. Es hilft uns wirtschaftlich, die Pandemie schnellstens unter Kontrolle zu halten. Schon im M\u00e4rz und April haben die Unternehmen in Niedersachsen ihre Flexibilit\u00e4t bewiesen und alle digitalen M\u00f6glichkeiten zum Arbeiten von zu Hause ausgenutzt. Wir rufen daher jetzt wieder alle auf: Wo immer m\u00f6glich, nutzen Sie die M\u00f6glichkeiten, um die Kontakte am Arbeitsplatz und auf dem Weg dahin zu reduzieren. Erm\u00f6glichen Sie Ihren Mitarbeiterinnen und Mitarbeitern das sogenannte Home-Office. So kann die nieders\u00e4chsische Wirtschaft weiter produzieren und wir alle zusammen auch die zweite Welle brechen.\u201c<\/p>\n<p>Bild von <a href=\"https:\/\/pixabay.com\/de\/users\/elvtimemaster-15395975\/?utm_source=link-attribution&amp;utm_medium=referral&amp;utm_campaign=image&amp;utm_content=5049297\">elvtimemaster<\/a> auf <a href=\"https:\/\/pixabay.com\/de\/?utm_source=link-attribution&amp;utm_medium=referral&amp;utm_campaign=image&amp;utm_content=5049297\">Pixabay<\/a><\/p>\n","protected":false},"excerpt":{"rendered":"<p>Vor dem Hintergrund der gestrigen Beschl\u00fcsse der Ministerpr\u00e4sidentinnen und Ministerpr\u00e4sidenten der L\u00e4nder und der Bundeskanzlerin vom Mittwoch rufen Gesundheitsministerin Dr. Carola Reimann und der Hauptgesch\u00e4ftsf\u00fchrer der Unternehmerverb\u00e4nde Niedersachsen (UVN), Dr. Volker M\u00fcller, die Betriebe und Besch\u00e4ftigten dazu auf, das in der Pandemie bew\u00e4hrte Instrument des Arbeitens von Zuhause wieder konsequent zu nutzen. Dazu\u00a0Gesundheitsministerin Dr. Carola [&hellip;]<\/p>\n","protected":false},"author":1,"featured_media":2692,"comment_status":"closed","ping_status":"closed","sticky":false,"template":"","format":"standard","meta":{"saved_in_kubio":false,"footnotes":""},"categories":[38],"tags":[],"class_list":["post-2685","post","type-post","status-publish","format-standard","has-post-thumbnail","hentry","category-wirtschaft"],"yoast_head":"<!-- This site is optimized with the Yoast SEO plugin v27.5 - https:\/\/yoast.com\/product\/yoast-seo-wordpress\/ -->\n<title>Nieders\u00e4chsische Landesregierung und Unternehmerverb\u00e4nde rufen zu Home-Office auf: \u201ePers\u00f6nliche Kontakte auch am Arbeitsplatz reduzieren\u201c - Radio Leinewelle<\/title>\n<meta name=\"robots\" content=\"index, follow, max-snippet:-1, max-image-preview:large, max-video-preview:-1\" \/>\n<link rel=\"canonical\" href=\"https:\/\/radioleinewelle.de\/index.php\/2020\/10\/30\/niedersaechsische-landesregierung-und-unternehmerverbaende-rufen-zu-home-office-auf-persoenliche-kontakte-auch-am-arbeitsplatz-reduzieren\/\" \/>\n<meta property=\"og:locale\" content=\"de_DE\" \/>\n<meta property=\"og:type\" content=\"article\" \/>\n<meta property=\"og:title\" content=\"Nieders\u00e4chsische Landesregierung und Unternehmerverb\u00e4nde rufen zu Home-Office auf: \u201ePers\u00f6nliche Kontakte auch am Arbeitsplatz reduzieren\u201c - Radio Leinewelle\" \/>\n<meta property=\"og:description\" content=\"Vor dem Hintergrund der gestrigen Beschl\u00fcsse der Ministerpr\u00e4sidentinnen und Ministerpr\u00e4sidenten der L\u00e4nder und der Bundeskanzlerin vom Mittwoch rufen Gesundheitsministerin Dr. Carola Reimann und der Hauptgesch\u00e4ftsf\u00fchrer der Unternehmerverb\u00e4nde Niedersachsen (UVN), Dr. Volker M\u00fcller, die Betriebe und Besch\u00e4ftigten dazu auf, das in der Pandemie bew\u00e4hrte Instrument des Arbeitens von Zuhause wieder konsequent zu nutzen. Dazu\u00a0Gesundheitsministerin Dr. Carola [&hellip;]\" \/>\n<meta property=\"og:url\" content=\"https:\/\/radioleinewelle.de\/index.php\/2020\/10\/30\/niedersaechsische-landesregierung-und-unternehmerverbaende-rufen-zu-home-office-auf-persoenliche-kontakte-auch-am-arbeitsplatz-reduzieren\/\" \/>\n<meta property=\"og:site_name\" content=\"Radio Leinewelle\" \/>\n<meta property=\"article:publisher\" content=\"https:\/\/www.facebook.com\/radioleinewelle\" \/>\n<meta property=\"article:author\" content=\"https:\/\/www.facebook.com\/radioleinewelle\" \/>\n<meta property=\"article:published_time\" content=\"2020-10-30T04:20:08+00:00\" \/>\n<meta property=\"og:image\" content=\"https:\/\/radioleinewelle.de\/wp-content\/uploads\/2020\/10\/time-and-attendance-5049297_640.jpg\" \/>\n\t<meta property=\"og:image:width\" content=\"640\" \/>\n\t<meta property=\"og:image:height\" content=\"456\" \/>\n\t<meta property=\"og:image:type\" content=\"image\/jpeg\" \/>\n<meta name=\"author\" content=\"Leinewelle\" \/>\n<meta name=\"twitter:card\" content=\"summary_large_image\" \/>\n<meta name=\"twitter:creator\" content=\"@https:\/\/twitter.com\/RLeinewelle?ref_src=twsrcgoogletwcampserptwgrauthor\" \/>\n<meta name=\"twitter:site\" content=\"@RLeinewelle\" \/>\n<meta name=\"twitter:label1\" content=\"Verfasst von\" \/>\n\t<meta name=\"twitter:data1\" content=\"Leinewelle\" \/>\n\t<meta name=\"twitter:label2\" content=\"Gesch\u00e4tzte Lesezeit\" \/>\n\t<meta name=\"twitter:data2\" content=\"1\u00a0Minute\" \/>\n<script type=\"application\/ld+json\" class=\"yoast-schema-graph\">{\"@context\":\"https:\\\/\\\/schema.org\",\"@graph\":[{\"@type\":\"Article\",\"@id\":\"https:\\\/\\\/radioleinewelle.de\\\/index.php\\\/2020\\\/10\\\/30\\\/niedersaechsische-landesregierung-und-unternehmerverbaende-rufen-zu-home-office-auf-persoenliche-kontakte-auch-am-arbeitsplatz-reduzieren\\\/#article\",\"isPartOf\":{\"@id\":\"https:\\\/\\\/radioleinewelle.de\\\/index.php\\\/2020\\\/10\\\/30\\\/niedersaechsische-landesregierung-und-unternehmerverbaende-rufen-zu-home-office-auf-persoenliche-kontakte-auch-am-arbeitsplatz-reduzieren\\\/\"},\"author\":{\"name\":\"Leinewelle\",\"@id\":\"https:\\\/\\\/radioleinewelle.de\\\/#\\\/schema\\\/person\\\/45606f348637df637192dc1b68399a63\"},\"headline\":\"Nieders\u00e4chsische Landesregierung und Unternehmerverb\u00e4nde rufen zu Home-Office auf: \u201ePers\u00f6nliche Kontakte auch am Arbeitsplatz reduzieren\u201c\",\"datePublished\":\"2020-10-30T04:20:08+00:00\",\"mainEntityOfPage\":{\"@id\":\"https:\\\/\\\/radioleinewelle.de\\\/index.php\\\/2020\\\/10\\\/30\\\/niedersaechsische-landesregierung-und-unternehmerverbaende-rufen-zu-home-office-auf-persoenliche-kontakte-auch-am-arbeitsplatz-reduzieren\\\/\"},\"wordCount\":306,\"publisher\":{\"@id\":\"https:\\\/\\\/radioleinewelle.de\\\/#organization\"},\"image\":{\"@id\":\"https:\\\/\\\/radioleinewelle.de\\\/index.php\\\/2020\\\/10\\\/30\\\/niedersaechsische-landesregierung-und-unternehmerverbaende-rufen-zu-home-office-auf-persoenliche-kontakte-auch-am-arbeitsplatz-reduzieren\\\/#primaryimage\"},\"thumbnailUrl\":\"https:\\\/\\\/radioleinewelle.de\\\/wp-content\\\/uploads\\\/2020\\\/10\\\/time-and-attendance-5049297_640.jpg\",\"articleSection\":[\"Wirtschaft\"],\"inLanguage\":\"de\"},{\"@type\":\"WebPage\",\"@id\":\"https:\\\/\\\/radioleinewelle.de\\\/index.php\\\/2020\\\/10\\\/30\\\/niedersaechsische-landesregierung-und-unternehmerverbaende-rufen-zu-home-office-auf-persoenliche-kontakte-auch-am-arbeitsplatz-reduzieren\\\/\",\"url\":\"https:\\\/\\\/radioleinewelle.de\\\/index.php\\\/2020\\\/10\\\/30\\\/niedersaechsische-landesregierung-und-unternehmerverbaende-rufen-zu-home-office-auf-persoenliche-kontakte-auch-am-arbeitsplatz-reduzieren\\\/\",\"name\":\"Nieders\u00e4chsische Landesregierung und Unternehmerverb\u00e4nde rufen zu Home-Office auf: \u201ePers\u00f6nliche Kontakte auch am Arbeitsplatz reduzieren\u201c - Radio Leinewelle\",\"isPartOf\":{\"@id\":\"https:\\\/\\\/radioleinewelle.de\\\/#website\"},\"primaryImageOfPage\":{\"@id\":\"https:\\\/\\\/radioleinewelle.de\\\/index.php\\\/2020\\\/10\\\/30\\\/niedersaechsische-landesregierung-und-unternehmerverbaende-rufen-zu-home-office-auf-persoenliche-kontakte-auch-am-arbeitsplatz-reduzieren\\\/#primaryimage\"},\"image\":{\"@id\":\"https:\\\/\\\/radioleinewelle.de\\\/index.php\\\/2020\\\/10\\\/30\\\/niedersaechsische-landesregierung-und-unternehmerverbaende-rufen-zu-home-office-auf-persoenliche-kontakte-auch-am-arbeitsplatz-reduzieren\\\/#primaryimage\"},\"thumbnailUrl\":\"https:\\\/\\\/radioleinewelle.de\\\/wp-content\\\/uploads\\\/2020\\\/10\\\/time-and-attendance-5049297_640.jpg\",\"datePublished\":\"2020-10-30T04:20:08+00:00\",\"breadcrumb\":{\"@id\":\"https:\\\/\\\/radioleinewelle.de\\\/index.php\\\/2020\\\/10\\\/30\\\/niedersaechsische-landesregierung-und-unternehmerverbaende-rufen-zu-home-office-auf-persoenliche-kontakte-auch-am-arbeitsplatz-reduzieren\\\/#breadcrumb\"},\"inLanguage\":\"de\",\"potentialAction\":[{\"@type\":\"ReadAction\",\"target\":[\"https:\\\/\\\/radioleinewelle.de\\\/index.php\\\/2020\\\/10\\\/30\\\/niedersaechsische-landesregierung-und-unternehmerverbaende-rufen-zu-home-office-auf-persoenliche-kontakte-auch-am-arbeitsplatz-reduzieren\\\/\"]}]},{\"@type\":\"ImageObject\",\"inLanguage\":\"de\",\"@id\":\"https:\\\/\\\/radioleinewelle.de\\\/index.php\\\/2020\\\/10\\\/30\\\/niedersaechsische-landesregierung-und-unternehmerverbaende-rufen-zu-home-office-auf-persoenliche-kontakte-auch-am-arbeitsplatz-reduzieren\\\/#primaryimage\",\"url\":\"https:\\\/\\\/radioleinewelle.de\\\/wp-content\\\/uploads\\\/2020\\\/10\\\/time-and-attendance-5049297_640.jpg\",\"contentUrl\":\"https:\\\/\\\/radioleinewelle.de\\\/wp-content\\\/uploads\\\/2020\\\/10\\\/time-and-attendance-5049297_640.jpg\",\"width\":640,\"height\":456},{\"@type\":\"BreadcrumbList\",\"@id\":\"https:\\\/\\\/radioleinewelle.de\\\/index.php\\\/2020\\\/10\\\/30\\\/niedersaechsische-landesregierung-und-unternehmerverbaende-rufen-zu-home-office-auf-persoenliche-kontakte-auch-am-arbeitsplatz-reduzieren\\\/#breadcrumb\",\"itemListElement\":[{\"@type\":\"ListItem\",\"position\":1,\"name\":\"Startseite\",\"item\":\"https:\\\/\\\/radioleinewelle.de\\\/\"},{\"@type\":\"ListItem\",\"position\":2,\"name\":\"Nieders\u00e4chsische Landesregierung und Unternehmerverb\u00e4nde rufen zu Home-Office auf: \u201ePers\u00f6nliche Kontakte auch am Arbeitsplatz reduzieren\u201c\"}]},{\"@type\":\"WebSite\",\"@id\":\"https:\\\/\\\/radioleinewelle.de\\\/#website\",\"url\":\"https:\\\/\\\/radioleinewelle.de\\\/\",\"name\":\"Radio Leinewelle\",\"description\":\"\",\"publisher\":{\"@id\":\"https:\\\/\\\/radioleinewelle.de\\\/#organization\"},\"potentialAction\":[{\"@type\":\"SearchAction\",\"target\":{\"@type\":\"EntryPoint\",\"urlTemplate\":\"https:\\\/\\\/radioleinewelle.de\\\/?s={search_term_string}\"},\"query-input\":{\"@type\":\"PropertyValueSpecification\",\"valueRequired\":true,\"valueName\":\"search_term_string\"}}],\"inLanguage\":\"de\"},{\"@type\":\"Organization\",\"@id\":\"https:\\\/\\\/radioleinewelle.de\\\/#organization\",\"name\":\"Radio Leinewelle\",\"alternateName\":\"Mein Radio f\u00fcr S\u00fcdniedersachsen\",\"url\":\"https:\\\/\\\/radioleinewelle.de\\\/\",\"logo\":{\"@type\":\"ImageObject\",\"inLanguage\":\"de\",\"@id\":\"https:\\\/\\\/radioleinewelle.de\\\/#\\\/schema\\\/logo\\\/image\\\/\",\"url\":\"https:\\\/\\\/radioleinewelle.de\\\/wp-content\\\/uploads\\\/2023\\\/11\\\/cropped-Leinewelle_Logo_weiss.png\",\"contentUrl\":\"https:\\\/\\\/radioleinewelle.de\\\/wp-content\\\/uploads\\\/2023\\\/11\\\/cropped-Leinewelle_Logo_weiss.png\",\"width\":854,\"height\":260,\"caption\":\"Radio Leinewelle\"},\"image\":{\"@id\":\"https:\\\/\\\/radioleinewelle.de\\\/#\\\/schema\\\/logo\\\/image\\\/\"},\"sameAs\":[\"https:\\\/\\\/www.facebook.com\\\/radioleinewelle\",\"https:\\\/\\\/x.com\\\/RLeinewelle\",\"https:\\\/\\\/www.instagram.com\\\/radioleinewelle\\\/?hl=de\"]},{\"@type\":\"Person\",\"@id\":\"https:\\\/\\\/radioleinewelle.de\\\/#\\\/schema\\\/person\\\/45606f348637df637192dc1b68399a63\",\"name\":\"Leinewelle\",\"image\":{\"@type\":\"ImageObject\",\"inLanguage\":\"de\",\"@id\":\"https:\\\/\\\/secure.gravatar.com\\\/avatar\\\/05c9a17bc973052ee5d91549bd32fb4dd0dc85b7b85ae94b2e2b4943476bbea5?s=96&d=blank&r=g\",\"url\":\"https:\\\/\\\/secure.gravatar.com\\\/avatar\\\/05c9a17bc973052ee5d91549bd32fb4dd0dc85b7b85ae94b2e2b4943476bbea5?s=96&d=blank&r=g\",\"contentUrl\":\"https:\\\/\\\/secure.gravatar.com\\\/avatar\\\/05c9a17bc973052ee5d91549bd32fb4dd0dc85b7b85ae94b2e2b4943476bbea5?s=96&d=blank&r=g\",\"caption\":\"Leinewelle\"},\"sameAs\":[\"http:\\\/\\\/localhost\\\/radio%20leinewelle\\\/wordpress\",\"https:\\\/\\\/www.facebook.com\\\/radioleinewelle\",\"https:\\\/\\\/www.instagram.com\\\/radioleinewelle\",\"https:\\\/\\\/x.com\\\/https:\\\/\\\/twitter.com\\\/RLeinewelle?ref_src=twsrcgoogletwcampserptwgrauthor\",\"https:\\\/\\\/soundcloud.com\\\/foerderverein-lokalradio?utm_source=clipboard&utm_medium=text&utm_campaign=social_sharing\"],\"url\":\"https:\\\/\\\/radioleinewelle.de\\\/index.php\\\/author\\\/leinewelle\\\/\"}]}<\/script>\n<!-- \/ Yoast SEO plugin. -->","yoast_head_json":{"title":"Nieders\u00e4chsische Landesregierung und Unternehmerverb\u00e4nde rufen zu Home-Office auf: \u201ePers\u00f6nliche Kontakte auch am Arbeitsplatz reduzieren\u201c - Radio Leinewelle","robots":{"index":"index","follow":"follow","max-snippet":"max-snippet:-1","max-image-preview":"max-image-preview:large","max-video-preview":"max-video-preview:-1"},"canonical":"https:\/\/radioleinewelle.de\/index.php\/2020\/10\/30\/niedersaechsische-landesregierung-und-unternehmerverbaende-rufen-zu-home-office-auf-persoenliche-kontakte-auch-am-arbeitsplatz-reduzieren\/","og_locale":"de_DE","og_type":"article","og_title":"Nieders\u00e4chsische Landesregierung und Unternehmerverb\u00e4nde rufen zu Home-Office auf: \u201ePers\u00f6nliche Kontakte auch am Arbeitsplatz reduzieren\u201c - Radio Leinewelle","og_description":"Vor dem Hintergrund der gestrigen Beschl\u00fcsse der Ministerpr\u00e4sidentinnen und Ministerpr\u00e4sidenten der L\u00e4nder und der Bundeskanzlerin vom Mittwoch rufen Gesundheitsministerin Dr. Carola Reimann und der Hauptgesch\u00e4ftsf\u00fchrer der Unternehmerverb\u00e4nde Niedersachsen (UVN), Dr. Volker M\u00fcller, die Betriebe und Besch\u00e4ftigten dazu auf, das in der Pandemie bew\u00e4hrte Instrument des Arbeitens von Zuhause wieder konsequent zu nutzen. Dazu\u00a0Gesundheitsministerin Dr. Carola [&hellip;]","og_url":"https:\/\/radioleinewelle.de\/index.php\/2020\/10\/30\/niedersaechsische-landesregierung-und-unternehmerverbaende-rufen-zu-home-office-auf-persoenliche-kontakte-auch-am-arbeitsplatz-reduzieren\/","og_site_name":"Radio Leinewelle","article_publisher":"https:\/\/www.facebook.com\/radioleinewelle","article_author":"https:\/\/www.facebook.com\/radioleinewelle","article_published_time":"2020-10-30T04:20:08+00:00","og_image":[{"width":640,"height":456,"url":"https:\/\/radioleinewelle.de\/wp-content\/uploads\/2020\/10\/time-and-attendance-5049297_640.jpg","type":"image\/jpeg"}],"author":"Leinewelle","twitter_card":"summary_large_image","twitter_creator":"@https:\/\/twitter.com\/RLeinewelle?ref_src=twsrcgoogletwcampserptwgrauthor","twitter_site":"@RLeinewelle","twitter_misc":{"Verfasst von":"Leinewelle","Gesch\u00e4tzte Lesezeit":"1\u00a0Minute"},"schema":{"@context":"https:\/\/schema.org","@graph":[{"@type":"Article","@id":"https:\/\/radioleinewelle.de\/index.php\/2020\/10\/30\/niedersaechsische-landesregierung-und-unternehmerverbaende-rufen-zu-home-office-auf-persoenliche-kontakte-auch-am-arbeitsplatz-reduzieren\/#article","isPartOf":{"@id":"https:\/\/radioleinewelle.de\/index.php\/2020\/10\/30\/niedersaechsische-landesregierung-und-unternehmerverbaende-rufen-zu-home-office-auf-persoenliche-kontakte-auch-am-arbeitsplatz-reduzieren\/"},"author":{"name":"Leinewelle","@id":"https:\/\/radioleinewelle.de\/#\/schema\/person\/45606f348637df637192dc1b68399a63"},"headline":"Nieders\u00e4chsische Landesregierung und Unternehmerverb\u00e4nde rufen zu Home-Office auf: \u201ePers\u00f6nliche Kontakte auch am Arbeitsplatz reduzieren\u201c","datePublished":"2020-10-30T04:20:08+00:00","mainEntityOfPage":{"@id":"https:\/\/radioleinewelle.de\/index.php\/2020\/10\/30\/niedersaechsische-landesregierung-und-unternehmerverbaende-rufen-zu-home-office-auf-persoenliche-kontakte-auch-am-arbeitsplatz-reduzieren\/"},"wordCount":306,"publisher":{"@id":"https:\/\/radioleinewelle.de\/#organization"},"image":{"@id":"https:\/\/radioleinewelle.de\/index.php\/2020\/10\/30\/niedersaechsische-landesregierung-und-unternehmerverbaende-rufen-zu-home-office-auf-persoenliche-kontakte-auch-am-arbeitsplatz-reduzieren\/#primaryimage"},"thumbnailUrl":"https:\/\/radioleinewelle.de\/wp-content\/uploads\/2020\/10\/time-and-attendance-5049297_640.jpg","articleSection":["Wirtschaft"],"inLanguage":"de"},{"@type":"WebPage","@id":"https:\/\/radioleinewelle.de\/index.php\/2020\/10\/30\/niedersaechsische-landesregierung-und-unternehmerverbaende-rufen-zu-home-office-auf-persoenliche-kontakte-auch-am-arbeitsplatz-reduzieren\/","url":"https:\/\/radioleinewelle.de\/index.php\/2020\/10\/30\/niedersaechsische-landesregierung-und-unternehmerverbaende-rufen-zu-home-office-auf-persoenliche-kontakte-auch-am-arbeitsplatz-reduzieren\/","name":"Nieders\u00e4chsische Landesregierung und Unternehmerverb\u00e4nde rufen zu Home-Office auf: \u201ePers\u00f6nliche Kontakte auch am Arbeitsplatz reduzieren\u201c - Radio Leinewelle","isPartOf":{"@id":"https:\/\/radioleinewelle.de\/#website"},"primaryImageOfPage":{"@id":"https:\/\/radioleinewelle.de\/index.php\/2020\/10\/30\/niedersaechsische-landesregierung-und-unternehmerverbaende-rufen-zu-home-office-auf-persoenliche-kontakte-auch-am-arbeitsplatz-reduzieren\/#primaryimage"},"image":{"@id":"https:\/\/radioleinewelle.de\/index.php\/2020\/10\/30\/niedersaechsische-landesregierung-und-unternehmerverbaende-rufen-zu-home-office-auf-persoenliche-kontakte-auch-am-arbeitsplatz-reduzieren\/#primaryimage"},"thumbnailUrl":"https:\/\/radioleinewelle.de\/wp-content\/uploads\/2020\/10\/time-and-attendance-5049297_640.jpg","datePublished":"2020-10-30T04:20:08+00:00","breadcrumb":{"@id":"https:\/\/radioleinewelle.de\/index.php\/2020\/10\/30\/niedersaechsische-landesregierung-und-unternehmerverbaende-rufen-zu-home-office-auf-persoenliche-kontakte-auch-am-arbeitsplatz-reduzieren\/#breadcrumb"},"inLanguage":"de","potentialAction":[{"@type":"ReadAction","target":["https:\/\/radioleinewelle.de\/index.php\/2020\/10\/30\/niedersaechsische-landesregierung-und-unternehmerverbaende-rufen-zu-home-office-auf-persoenliche-kontakte-auch-am-arbeitsplatz-reduzieren\/"]}]},{"@type":"ImageObject","inLanguage":"de","@id":"https:\/\/radioleinewelle.de\/index.php\/2020\/10\/30\/niedersaechsische-landesregierung-und-unternehmerverbaende-rufen-zu-home-office-auf-persoenliche-kontakte-auch-am-arbeitsplatz-reduzieren\/#primaryimage","url":"https:\/\/radioleinewelle.de\/wp-content\/uploads\/2020\/10\/time-and-attendance-5049297_640.jpg","contentUrl":"https:\/\/radioleinewelle.de\/wp-content\/uploads\/2020\/10\/time-and-attendance-5049297_640.jpg","width":640,"height":456},{"@type":"BreadcrumbList","@id":"https:\/\/radioleinewelle.de\/index.php\/2020\/10\/30\/niedersaechsische-landesregierung-und-unternehmerverbaende-rufen-zu-home-office-auf-persoenliche-kontakte-auch-am-arbeitsplatz-reduzieren\/#breadcrumb","itemListElement":[{"@type":"ListItem","position":1,"name":"Startseite","item":"https:\/\/radioleinewelle.de\/"},{"@type":"ListItem","position":2,"name":"Nieders\u00e4chsische Landesregierung und Unternehmerverb\u00e4nde rufen zu Home-Office auf: \u201ePers\u00f6nliche Kontakte auch am Arbeitsplatz reduzieren\u201c"}]},{"@type":"WebSite","@id":"https:\/\/radioleinewelle.de\/#website","url":"https:\/\/radioleinewelle.de\/","name":"Radio Leinewelle","description":"","publisher":{"@id":"https:\/\/radioleinewelle.de\/#organization"},"potentialAction":[{"@type":"SearchAction","target":{"@type":"EntryPoint","urlTemplate":"https:\/\/radioleinewelle.de\/?s={search_term_string}"},"query-input":{"@type":"PropertyValueSpecification","valueRequired":true,"valueName":"search_term_string"}}],"inLanguage":"de"},{"@type":"Organization","@id":"https:\/\/radioleinewelle.de\/#organization","name":"Radio Leinewelle","alternateName":"Mein Radio f\u00fcr S\u00fcdniedersachsen","url":"https:\/\/radioleinewelle.de\/","logo":{"@type":"ImageObject","inLanguage":"de","@id":"https:\/\/radioleinewelle.de\/#\/schema\/logo\/image\/","url":"https:\/\/radioleinewelle.de\/wp-content\/uploads\/2023\/11\/cropped-Leinewelle_Logo_weiss.png","contentUrl":"https:\/\/radioleinewelle.de\/wp-content\/uploads\/2023\/11\/cropped-Leinewelle_Logo_weiss.png","width":854,"height":260,"caption":"Radio Leinewelle"},"image":{"@id":"https:\/\/radioleinewelle.de\/#\/schema\/logo\/image\/"},"sameAs":["https:\/\/www.facebook.com\/radioleinewelle","https:\/\/x.com\/RLeinewelle","https:\/\/www.instagram.com\/radioleinewelle\/?hl=de"]},{"@type":"Person","@id":"https:\/\/radioleinewelle.de\/#\/schema\/person\/45606f348637df637192dc1b68399a63","name":"Leinewelle","image":{"@type":"ImageObject","inLanguage":"de","@id":"https:\/\/secure.gravatar.com\/avatar\/05c9a17bc973052ee5d91549bd32fb4dd0dc85b7b85ae94b2e2b4943476bbea5?s=96&d=blank&r=g","url":"https:\/\/secure.gravatar.com\/avatar\/05c9a17bc973052ee5d91549bd32fb4dd0dc85b7b85ae94b2e2b4943476bbea5?s=96&d=blank&r=g","contentUrl":"https:\/\/secure.gravatar.com\/avatar\/05c9a17bc973052ee5d91549bd32fb4dd0dc85b7b85ae94b2e2b4943476bbea5?s=96&d=blank&r=g","caption":"Leinewelle"},"sameAs":["http:\/\/localhost\/radio%20leinewelle\/wordpress","https:\/\/www.facebook.com\/radioleinewelle","https:\/\/www.instagram.com\/radioleinewelle","https:\/\/x.com\/https:\/\/twitter.com\/RLeinewelle?ref_src=twsrcgoogletwcampserptwgrauthor","https:\/\/soundcloud.com\/foerderverein-lokalradio?utm_source=clipboard&utm_medium=text&utm_campaign=social_sharing"],"url":"https:\/\/radioleinewelle.de\/index.php\/author\/leinewelle\/"}]}},"_links":{"self":[{"href":"https:\/\/radioleinewelle.de\/index.php\/wp-json\/wp\/v2\/posts\/2685","targetHints":{"allow":["GET"]}}],"collection":[{"href":"https:\/\/radioleinewelle.de\/index.php\/wp-json\/wp\/v2\/posts"}],"about":[{"href":"https:\/\/radioleinewelle.de\/index.php\/wp-json\/wp\/v2\/types\/post"}],"author":[{"embeddable":true,"href":"https:\/\/radioleinewelle.de\/index.php\/wp-json\/wp\/v2\/users\/1"}],"replies":[{"embeddable":true,"href":"https:\/\/radioleinewelle.de\/index.php\/wp-json\/wp\/v2\/comments?post=2685"}],"version-history":[{"count":0,"href":"https:\/\/radioleinewelle.de\/index.php\/wp-json\/wp\/v2\/posts\/2685\/revisions"}],"wp:featuredmedia":[{"embeddable":true,"href":"https:\/\/radioleinewelle.de\/index.php\/wp-json\/wp\/v2\/media\/2692"}],"wp:attachment":[{"href":"https:\/\/radioleinewelle.de\/index.php\/wp-json\/wp\/v2\/media?parent=2685"}],"wp:term":[{"taxonomy":"category","embeddable":true,"href":"https:\/\/radioleinewelle.de\/index.php\/wp-json\/wp\/v2\/categories?post=2685"},{"taxonomy":"post_tag","embeddable":true,"href":"https:\/\/radioleinewelle.de\/index.php\/wp-json\/wp\/v2\/tags?post=2685"}],"curies":[{"name":"wp","href":"https:\/\/api.w.org\/{rel}","templated":true}]}}