{"id":2688,"date":"2020-10-30T05:32:40","date_gmt":"2020-10-30T04:32:40","guid":{"rendered":"https:\/\/radioleinewelle.de\/?p=2688"},"modified":"2020-10-30T05:32:40","modified_gmt":"2020-10-30T04:32:40","slug":"neue-corona-hilfe-soll-von-schliessung-bedrohte-unternehmen-unterstuetzen","status":"publish","type":"post","link":"https:\/\/radioleinewelle.de\/index.php\/2020\/10\/30\/neue-corona-hilfe-soll-von-schliessung-bedrohte-unternehmen-unterstuetzen\/","title":{"rendered":"Neue Corona-Hilfe soll von Schlie\u00dfung bedrohte Unternehmen unterst\u00fctzen"},"content":{"rendered":"<p>Angesichts des dynamischen Infektionsgeschehens haben die Bundesregierung und die 16 L\u00e4nder zielgerichtete, zeitlich befristete Ma\u00dfnahmen beschlossen, um die Infektionswelle zu brechen und die Ausbreitung des Virus zu kontrollieren. F\u00fcr bestimmte Branchen beinhaltet die gestrige Entscheidung auch tempor\u00e4re Schlie\u00dfungen.\u00a0Viele der betroffenen Unternehmen, Betriebe, Selbstst\u00e4ndige, Vereine und Einrichtungen sind trotz staatlicher Hilfen noch wirtschaftlich geschw\u00e4cht in Folge der Ma\u00dfnahmen zur Kontaktbeschr\u00e4nkung im Fr\u00fchjahr. Deshalb wird der Bund sie schnell und umfangreich unterst\u00fctzen. Es werden daher kurzfristig sehr zielgerichtete Hilfen bereitgestellt, die \u00fcber die bestehenden Unterst\u00fctzungsprogramme deutlich hinausgehen.<\/p>\n<p><strong>Bundesfinanzminister Olaf Scholz:<\/strong> \u201eWir stehen vor einem Monat der Wahrheit. Die Situation ist dramatisch, das Virus verbreitet sich mit einer hohen Dynamik. Deshalb ist es unerl\u00e4sslich, dass wir zeitlich befristet neue Ma\u00dfnahmen ergreifen, um Leben und Wirtschaft zu sch\u00fctzen. Wir stehen Unternehmen, Selbst\u00e4ndigen und Besch\u00e4ftigten zur Seite. Gerade die besonders gebeutelten Branchen werden wir mit aller Kraft unterst\u00fctzen. Bislang sind wir gemeinsam ganz gut durch diese Krise gekommen. Mit Vernunft, Zuversicht und Solidarit\u00e4t schaffen wir auch die n\u00e4chste Etappe.\u201c<\/p>\n<p><strong>Bundeswirtschaftsminister Peter Altmaier:<\/strong> \u201eDie gestern getroffenen Beschl\u00fcsse sind richtig und notwendig, um die rasante Ausbreitung des Corona-Virus zu verlangsamen und die Infektionsdynamik zu brechen. Zusammenhalt und gegenseitige Solidarit\u00e4t sind das Gebot der Stunde. Wir lassen in dieser ernsten Lage unsere Unternehmen und ihre Besch\u00e4ftigen nicht allein, sondern erweitern nochmals unsere Hilfsangebote f\u00fcr die betroffenen Selbst\u00e4ndigen, Unternehmen und Einrichtungen. Wir m\u00fcssen alles tun, um die Substanz unserer Wirtschaft zu erhalten, um nach der Krise wieder durchstarten zu k\u00f6nnen.\u201c<\/p>\n<p>Die au\u00dferordentliche Wirtschaftshilfe wird ein Finanzvolumen von bis zu 10 Milliarden Euro haben und kann aus den bestehenden Mitteln, die f\u00fcr <a class=\"RichTextIntLink Basepage link\" title=\"Informationen und Unterst\u00fctzung f\u00fcr Unternehmen\" href=\"https:\/\/www.bmwi.de\/Redaktion\/DE\/Pressemitteilungen\/2020\/10\/Redaktion\/DE\/Coronavirus\/coronahilfe.html\"><span class=\"link-label init\">Corona-Hilfsprogramme<\/span><\/a>vorgesehen sind, finanziert werden. Wir haben vorausschauend geplant und sind finanziell gut aufgestellt.<br \/>\n<strong>Mit der au\u00dferordentlichen Wirtschaftshilfe des Bundes werden jene unterst\u00fctzt, deren Betrieb tempor\u00e4r geschlossen wird aufgrund der zur Bew\u00e4ltigung der Pandemie erforderlichen Ma\u00dfnahmen.<br \/>\n<\/strong>Antragsberechtigt sind Unternehmen, Betriebe, Selbstst\u00e4ndige, Vereine und Einrichtungen, denen aufgrund der staatlichen Anordnung das Gesch\u00e4ft untersagt wird beziehungsweise aufgrund bestehender Anordnung bereits untersagt ist. Unterst\u00fctzungsma\u00dfnahmen f\u00fcr diejenigen, die indirekt, aber in vergleichbarer Weise durch die Anordnungen betroffenen sind, werden zeitnah gekl\u00e4rt.<\/p>\n<p>Die Wirtschaftshilfe wird als einmalige Kostenpauschale ausbezahlt. Den Betroffenen soll einfach und unb\u00fcrokratisch geholfen werden. Dabei geht es insbesondere um die Fixkosten, die trotz der tempor\u00e4ren Schlie\u00dfung anfallen. Um das Verfahren so einfach wie m\u00f6glich zu halten, werden diese Kosten \u00fcber den Umsatz angen\u00e4hert. Bezugspunkt ist daher der durchschnittliche w\u00f6chentliche Umsatz im November 2019. Der Erstattungsbetrag betr\u00e4gt 75 Prozent des entsprechenden Umsatzes f\u00fcr Unternehmen bis 50 Mitarbeiterinnen und Mitarbeiter. Um nicht in eine detaillierte und sehr komplexe Kostenrechnung einsteigen zu m\u00fcssen, werden die Fixkosten also pauschaliert. Dabei gibt das Beihilferecht der Europ\u00e4ischen Union bestimmte Grenzen vor. Daher werden die entsprechenden Prozents\u00e4tze f\u00fcr gr\u00f6\u00dfere Unternehmen nach Ma\u00dfgabe der Obergrenzen der einschl\u00e4gigen beihilferechtlichen Vorgaben der <abbr title=\"Europ\u00e4ische Union\">EU<\/abbr> ermittelt. Die gew\u00e4hrte au\u00dferordentliche Wirtschaftshilfe wird mit bereits erhaltenen staatlichen Leistungen f\u00fcr den Zeitraum, wie zum Beispiel Kurzarbeitergeld oder \u00dcberbr\u00fcckungshilfe, oder mit eventuell sp\u00e4teren Leistungen aus der \u00dcberbr\u00fcckungshilfe verrechnet.<\/p>\n<p>Auch junge Unternehmen werden unterst\u00fctzt. F\u00fcr nach November 2019 gegr\u00fcndete Unternehmen wird der Vergleich mit den Ums\u00e4tzen von Oktober 2020 herangezogen. Soloselbst\u00e4ndige haben ein Wahlrecht: sie k\u00f6nnen als Bezugsrahmen f\u00fcr den Umsatz auch den durchschnittlichen Vorjahresumsatz 2019 zugrunde legen.<\/p>\n<p>Die Bundesregierung arbeitet unter Hochdruck daran, die Beantragung und effiziente Bearbeitung der Hilfen so schnell wie m\u00f6glich durchf\u00fchrbar zu machen. Daher wird auch die M\u00f6glichkeit einer Abschlagszahlung gepr\u00fcft.<\/p>\n<p>Die Antr\u00e4ge sollen \u00fcber die bundeseinheitliche <span lang=\"en-US\" xml:lang=\"en-US\">IT<\/span>-Plattform der \u00dcberbr\u00fcckungshilfe gestellt werden k\u00f6nnen (<a class=\"RichTextExtLink ExternalLink link\" title=\"\u00d6ffnet ein neues Fenster.\" href=\"https:\/\/www.ueberbrueckungshilfe-unternehmen.de\/\" target=\"_blank\" rel=\"noopener noreferrer\"><span class=\"link-label init\">www.ueberbrueckungshilfe-unternehmen.de<\/span><\/a>). Dadurch wird eine Infrastruktur genutzt, die sich in den vergangenen Monaten bew\u00e4hrt hat.<\/p>\n<p>Gleichzeitig wird interessierten kleinen Unternehmen eine zus\u00e4tzliche Hilfe \u00fcber Kreditprogramme der Kreditanstalt f\u00fcr Wiederaufbau zur Verf\u00fcgung gestellt. Der <abbr title=\"Kreditanstalt f\u00fcr Wiederaufbau\">KfW<\/abbr>-Schnellkredit hat sich als wichtige St\u00fctze f\u00fcr den deutschen Mittelstand in der Corona-Krise bew\u00e4hrt. Er soll nun auch f\u00fcr Soloselbst\u00e4ndige und Unternehmen mit bis zu 10 Besch\u00e4ftigten offenstehen.<\/p>\n<p>\u00dcber die Hausbanken k\u00f6nnen die Unternehmen diese <abbr title=\"Kreditanstalt f\u00fcr Wiederaufbau\">KfW<\/abbr>-Schnellkredite mit einer H\u00f6he von bis zu 300.000 Euro beantragen, abh\u00e4ngig vom im Jahre 2019 erzielten Umsatz. Der Bund \u00fcbernimmt daf\u00fcr das vollst\u00e4ndige Risiko und stellt die Hausbanken von der Haftung frei.<\/p>\n<p class=\"description\">Foto; Bundeswirtschaftsminister Peter Altmaier und Bundesfinanzminister Olaf Scholz\u00a0\u00a9 BMWi\/Andreas Mertens<\/p>\n<p>&nbsp;<\/p>\n","protected":false},"excerpt":{"rendered":"<p>Angesichts des dynamischen Infektionsgeschehens haben die Bundesregierung und die 16 L\u00e4nder zielgerichtete, zeitlich befristete Ma\u00dfnahmen beschlossen, um die Infektionswelle zu brechen und die Ausbreitung des Virus zu kontrollieren. F\u00fcr bestimmte Branchen beinhaltet die gestrige Entscheidung auch tempor\u00e4re Schlie\u00dfungen.\u00a0Viele der betroffenen Unternehmen, Betriebe, Selbstst\u00e4ndige, Vereine und Einrichtungen sind trotz staatlicher Hilfen noch wirtschaftlich geschw\u00e4cht in Folge [&hellip;]<\/p>\n","protected":false},"author":1,"featured_media":2695,"comment_status":"closed","ping_status":"closed","sticky":false,"template":"","format":"standard","meta":{"saved_in_kubio":false,"footnotes":""},"categories":[1],"tags":[],"class_list":["post-2688","post","type-post","status-publish","format-standard","has-post-thumbnail","hentry","category-allgemein"],"yoast_head":"<!-- This site is optimized with the Yoast SEO plugin v27.5 - https:\/\/yoast.com\/product\/yoast-seo-wordpress\/ -->\n<title>Neue Corona-Hilfe soll von Schlie\u00dfung bedrohte Unternehmen unterst\u00fctzen - Radio Leinewelle<\/title>\n<meta name=\"robots\" content=\"index, follow, max-snippet:-1, max-image-preview:large, max-video-preview:-1\" \/>\n<link rel=\"canonical\" href=\"https:\/\/radioleinewelle.de\/index.php\/2020\/10\/30\/neue-corona-hilfe-soll-von-schliessung-bedrohte-unternehmen-unterstuetzen\/\" \/>\n<meta property=\"og:locale\" content=\"de_DE\" \/>\n<meta property=\"og:type\" content=\"article\" \/>\n<meta property=\"og:title\" content=\"Neue Corona-Hilfe soll von Schlie\u00dfung bedrohte Unternehmen unterst\u00fctzen - Radio Leinewelle\" \/>\n<meta property=\"og:description\" content=\"Angesichts des dynamischen Infektionsgeschehens haben die Bundesregierung und die 16 L\u00e4nder zielgerichtete, zeitlich befristete Ma\u00dfnahmen beschlossen, um die Infektionswelle zu brechen und die Ausbreitung des Virus zu kontrollieren. F\u00fcr bestimmte Branchen beinhaltet die gestrige Entscheidung auch tempor\u00e4re Schlie\u00dfungen.\u00a0Viele der betroffenen Unternehmen, Betriebe, Selbstst\u00e4ndige, Vereine und Einrichtungen sind trotz staatlicher Hilfen noch wirtschaftlich geschw\u00e4cht in Folge [&hellip;]\" \/>\n<meta property=\"og:url\" content=\"https:\/\/radioleinewelle.de\/index.php\/2020\/10\/30\/neue-corona-hilfe-soll-von-schliessung-bedrohte-unternehmen-unterstuetzen\/\" \/>\n<meta property=\"og:site_name\" content=\"Radio Leinewelle\" \/>\n<meta property=\"article:publisher\" content=\"https:\/\/www.facebook.com\/radioleinewelle\" \/>\n<meta property=\"article:author\" content=\"https:\/\/www.facebook.com\/radioleinewelle\" \/>\n<meta property=\"article:published_time\" content=\"2020-10-30T04:32:40+00:00\" \/>\n<meta property=\"og:image\" content=\"https:\/\/radioleinewelle.de\/wp-content\/uploads\/2020\/10\/20201029-neue-corona-hilfe-stark-durch-die-krise.jpg\" \/>\n\t<meta property=\"og:image:width\" content=\"834\" \/>\n\t<meta property=\"og:image:height\" content=\"556\" \/>\n\t<meta property=\"og:image:type\" content=\"image\/jpeg\" \/>\n<meta name=\"author\" content=\"Leinewelle\" \/>\n<meta name=\"twitter:card\" content=\"summary_large_image\" \/>\n<meta name=\"twitter:creator\" content=\"@https:\/\/twitter.com\/RLeinewelle?ref_src=twsrcgoogletwcampserptwgrauthor\" \/>\n<meta name=\"twitter:site\" content=\"@RLeinewelle\" \/>\n<meta name=\"twitter:label1\" content=\"Verfasst von\" \/>\n\t<meta name=\"twitter:data1\" content=\"Leinewelle\" \/>\n\t<meta name=\"twitter:label2\" content=\"Gesch\u00e4tzte Lesezeit\" \/>\n\t<meta name=\"twitter:data2\" content=\"4\u00a0Minuten\" \/>\n<script type=\"application\/ld+json\" class=\"yoast-schema-graph\">{\"@context\":\"https:\\\/\\\/schema.org\",\"@graph\":[{\"@type\":\"Article\",\"@id\":\"https:\\\/\\\/radioleinewelle.de\\\/index.php\\\/2020\\\/10\\\/30\\\/neue-corona-hilfe-soll-von-schliessung-bedrohte-unternehmen-unterstuetzen\\\/#article\",\"isPartOf\":{\"@id\":\"https:\\\/\\\/radioleinewelle.de\\\/index.php\\\/2020\\\/10\\\/30\\\/neue-corona-hilfe-soll-von-schliessung-bedrohte-unternehmen-unterstuetzen\\\/\"},\"author\":{\"name\":\"Leinewelle\",\"@id\":\"https:\\\/\\\/radioleinewelle.de\\\/#\\\/schema\\\/person\\\/45606f348637df637192dc1b68399a63\"},\"headline\":\"Neue Corona-Hilfe soll von Schlie\u00dfung bedrohte Unternehmen unterst\u00fctzen\",\"datePublished\":\"2020-10-30T04:32:40+00:00\",\"mainEntityOfPage\":{\"@id\":\"https:\\\/\\\/radioleinewelle.de\\\/index.php\\\/2020\\\/10\\\/30\\\/neue-corona-hilfe-soll-von-schliessung-bedrohte-unternehmen-unterstuetzen\\\/\"},\"wordCount\":764,\"publisher\":{\"@id\":\"https:\\\/\\\/radioleinewelle.de\\\/#organization\"},\"image\":{\"@id\":\"https:\\\/\\\/radioleinewelle.de\\\/index.php\\\/2020\\\/10\\\/30\\\/neue-corona-hilfe-soll-von-schliessung-bedrohte-unternehmen-unterstuetzen\\\/#primaryimage\"},\"thumbnailUrl\":\"https:\\\/\\\/radioleinewelle.de\\\/wp-content\\\/uploads\\\/2020\\\/10\\\/20201029-neue-corona-hilfe-stark-durch-die-krise.jpg\",\"inLanguage\":\"de\"},{\"@type\":\"WebPage\",\"@id\":\"https:\\\/\\\/radioleinewelle.de\\\/index.php\\\/2020\\\/10\\\/30\\\/neue-corona-hilfe-soll-von-schliessung-bedrohte-unternehmen-unterstuetzen\\\/\",\"url\":\"https:\\\/\\\/radioleinewelle.de\\\/index.php\\\/2020\\\/10\\\/30\\\/neue-corona-hilfe-soll-von-schliessung-bedrohte-unternehmen-unterstuetzen\\\/\",\"name\":\"Neue Corona-Hilfe soll von Schlie\u00dfung bedrohte Unternehmen unterst\u00fctzen - Radio Leinewelle\",\"isPartOf\":{\"@id\":\"https:\\\/\\\/radioleinewelle.de\\\/#website\"},\"primaryImageOfPage\":{\"@id\":\"https:\\\/\\\/radioleinewelle.de\\\/index.php\\\/2020\\\/10\\\/30\\\/neue-corona-hilfe-soll-von-schliessung-bedrohte-unternehmen-unterstuetzen\\\/#primaryimage\"},\"image\":{\"@id\":\"https:\\\/\\\/radioleinewelle.de\\\/index.php\\\/2020\\\/10\\\/30\\\/neue-corona-hilfe-soll-von-schliessung-bedrohte-unternehmen-unterstuetzen\\\/#primaryimage\"},\"thumbnailUrl\":\"https:\\\/\\\/radioleinewelle.de\\\/wp-content\\\/uploads\\\/2020\\\/10\\\/20201029-neue-corona-hilfe-stark-durch-die-krise.jpg\",\"datePublished\":\"2020-10-30T04:32:40+00:00\",\"breadcrumb\":{\"@id\":\"https:\\\/\\\/radioleinewelle.de\\\/index.php\\\/2020\\\/10\\\/30\\\/neue-corona-hilfe-soll-von-schliessung-bedrohte-unternehmen-unterstuetzen\\\/#breadcrumb\"},\"inLanguage\":\"de\",\"potentialAction\":[{\"@type\":\"ReadAction\",\"target\":[\"https:\\\/\\\/radioleinewelle.de\\\/index.php\\\/2020\\\/10\\\/30\\\/neue-corona-hilfe-soll-von-schliessung-bedrohte-unternehmen-unterstuetzen\\\/\"]}]},{\"@type\":\"ImageObject\",\"inLanguage\":\"de\",\"@id\":\"https:\\\/\\\/radioleinewelle.de\\\/index.php\\\/2020\\\/10\\\/30\\\/neue-corona-hilfe-soll-von-schliessung-bedrohte-unternehmen-unterstuetzen\\\/#primaryimage\",\"url\":\"https:\\\/\\\/radioleinewelle.de\\\/wp-content\\\/uploads\\\/2020\\\/10\\\/20201029-neue-corona-hilfe-stark-durch-die-krise.jpg\",\"contentUrl\":\"https:\\\/\\\/radioleinewelle.de\\\/wp-content\\\/uploads\\\/2020\\\/10\\\/20201029-neue-corona-hilfe-stark-durch-die-krise.jpg\",\"width\":834,\"height\":556},{\"@type\":\"BreadcrumbList\",\"@id\":\"https:\\\/\\\/radioleinewelle.de\\\/index.php\\\/2020\\\/10\\\/30\\\/neue-corona-hilfe-soll-von-schliessung-bedrohte-unternehmen-unterstuetzen\\\/#breadcrumb\",\"itemListElement\":[{\"@type\":\"ListItem\",\"position\":1,\"name\":\"Startseite\",\"item\":\"https:\\\/\\\/radioleinewelle.de\\\/\"},{\"@type\":\"ListItem\",\"position\":2,\"name\":\"Neue Corona-Hilfe soll von Schlie\u00dfung bedrohte Unternehmen unterst\u00fctzen\"}]},{\"@type\":\"WebSite\",\"@id\":\"https:\\\/\\\/radioleinewelle.de\\\/#website\",\"url\":\"https:\\\/\\\/radioleinewelle.de\\\/\",\"name\":\"Radio Leinewelle\",\"description\":\"\",\"publisher\":{\"@id\":\"https:\\\/\\\/radioleinewelle.de\\\/#organization\"},\"potentialAction\":[{\"@type\":\"SearchAction\",\"target\":{\"@type\":\"EntryPoint\",\"urlTemplate\":\"https:\\\/\\\/radioleinewelle.de\\\/?s={search_term_string}\"},\"query-input\":{\"@type\":\"PropertyValueSpecification\",\"valueRequired\":true,\"valueName\":\"search_term_string\"}}],\"inLanguage\":\"de\"},{\"@type\":\"Organization\",\"@id\":\"https:\\\/\\\/radioleinewelle.de\\\/#organization\",\"name\":\"Radio Leinewelle\",\"alternateName\":\"Mein Radio f\u00fcr S\u00fcdniedersachsen\",\"url\":\"https:\\\/\\\/radioleinewelle.de\\\/\",\"logo\":{\"@type\":\"ImageObject\",\"inLanguage\":\"de\",\"@id\":\"https:\\\/\\\/radioleinewelle.de\\\/#\\\/schema\\\/logo\\\/image\\\/\",\"url\":\"https:\\\/\\\/radioleinewelle.de\\\/wp-content\\\/uploads\\\/2023\\\/11\\\/cropped-Leinewelle_Logo_weiss.png\",\"contentUrl\":\"https:\\\/\\\/radioleinewelle.de\\\/wp-content\\\/uploads\\\/2023\\\/11\\\/cropped-Leinewelle_Logo_weiss.png\",\"width\":854,\"height\":260,\"caption\":\"Radio Leinewelle\"},\"image\":{\"@id\":\"https:\\\/\\\/radioleinewelle.de\\\/#\\\/schema\\\/logo\\\/image\\\/\"},\"sameAs\":[\"https:\\\/\\\/www.facebook.com\\\/radioleinewelle\",\"https:\\\/\\\/x.com\\\/RLeinewelle\",\"https:\\\/\\\/www.instagram.com\\\/radioleinewelle\\\/?hl=de\"]},{\"@type\":\"Person\",\"@id\":\"https:\\\/\\\/radioleinewelle.de\\\/#\\\/schema\\\/person\\\/45606f348637df637192dc1b68399a63\",\"name\":\"Leinewelle\",\"image\":{\"@type\":\"ImageObject\",\"inLanguage\":\"de\",\"@id\":\"https:\\\/\\\/secure.gravatar.com\\\/avatar\\\/05c9a17bc973052ee5d91549bd32fb4dd0dc85b7b85ae94b2e2b4943476bbea5?s=96&d=blank&r=g\",\"url\":\"https:\\\/\\\/secure.gravatar.com\\\/avatar\\\/05c9a17bc973052ee5d91549bd32fb4dd0dc85b7b85ae94b2e2b4943476bbea5?s=96&d=blank&r=g\",\"contentUrl\":\"https:\\\/\\\/secure.gravatar.com\\\/avatar\\\/05c9a17bc973052ee5d91549bd32fb4dd0dc85b7b85ae94b2e2b4943476bbea5?s=96&d=blank&r=g\",\"caption\":\"Leinewelle\"},\"sameAs\":[\"http:\\\/\\\/localhost\\\/radio%20leinewelle\\\/wordpress\",\"https:\\\/\\\/www.facebook.com\\\/radioleinewelle\",\"https:\\\/\\\/www.instagram.com\\\/radioleinewelle\",\"https:\\\/\\\/x.com\\\/https:\\\/\\\/twitter.com\\\/RLeinewelle?ref_src=twsrcgoogletwcampserptwgrauthor\",\"https:\\\/\\\/soundcloud.com\\\/foerderverein-lokalradio?utm_source=clipboard&utm_medium=text&utm_campaign=social_sharing\"],\"url\":\"https:\\\/\\\/radioleinewelle.de\\\/index.php\\\/author\\\/leinewelle\\\/\"}]}<\/script>\n<!-- \/ Yoast SEO plugin. -->","yoast_head_json":{"title":"Neue Corona-Hilfe soll von Schlie\u00dfung bedrohte Unternehmen unterst\u00fctzen - Radio Leinewelle","robots":{"index":"index","follow":"follow","max-snippet":"max-snippet:-1","max-image-preview":"max-image-preview:large","max-video-preview":"max-video-preview:-1"},"canonical":"https:\/\/radioleinewelle.de\/index.php\/2020\/10\/30\/neue-corona-hilfe-soll-von-schliessung-bedrohte-unternehmen-unterstuetzen\/","og_locale":"de_DE","og_type":"article","og_title":"Neue Corona-Hilfe soll von Schlie\u00dfung bedrohte Unternehmen unterst\u00fctzen - Radio Leinewelle","og_description":"Angesichts des dynamischen Infektionsgeschehens haben die Bundesregierung und die 16 L\u00e4nder zielgerichtete, zeitlich befristete Ma\u00dfnahmen beschlossen, um die Infektionswelle zu brechen und die Ausbreitung des Virus zu kontrollieren. F\u00fcr bestimmte Branchen beinhaltet die gestrige Entscheidung auch tempor\u00e4re Schlie\u00dfungen.\u00a0Viele der betroffenen Unternehmen, Betriebe, Selbstst\u00e4ndige, Vereine und Einrichtungen sind trotz staatlicher Hilfen noch wirtschaftlich geschw\u00e4cht in Folge [&hellip;]","og_url":"https:\/\/radioleinewelle.de\/index.php\/2020\/10\/30\/neue-corona-hilfe-soll-von-schliessung-bedrohte-unternehmen-unterstuetzen\/","og_site_name":"Radio Leinewelle","article_publisher":"https:\/\/www.facebook.com\/radioleinewelle","article_author":"https:\/\/www.facebook.com\/radioleinewelle","article_published_time":"2020-10-30T04:32:40+00:00","og_image":[{"width":834,"height":556,"url":"https:\/\/radioleinewelle.de\/wp-content\/uploads\/2020\/10\/20201029-neue-corona-hilfe-stark-durch-die-krise.jpg","type":"image\/jpeg"}],"author":"Leinewelle","twitter_card":"summary_large_image","twitter_creator":"@https:\/\/twitter.com\/RLeinewelle?ref_src=twsrcgoogletwcampserptwgrauthor","twitter_site":"@RLeinewelle","twitter_misc":{"Verfasst von":"Leinewelle","Gesch\u00e4tzte Lesezeit":"4\u00a0Minuten"},"schema":{"@context":"https:\/\/schema.org","@graph":[{"@type":"Article","@id":"https:\/\/radioleinewelle.de\/index.php\/2020\/10\/30\/neue-corona-hilfe-soll-von-schliessung-bedrohte-unternehmen-unterstuetzen\/#article","isPartOf":{"@id":"https:\/\/radioleinewelle.de\/index.php\/2020\/10\/30\/neue-corona-hilfe-soll-von-schliessung-bedrohte-unternehmen-unterstuetzen\/"},"author":{"name":"Leinewelle","@id":"https:\/\/radioleinewelle.de\/#\/schema\/person\/45606f348637df637192dc1b68399a63"},"headline":"Neue Corona-Hilfe soll von Schlie\u00dfung bedrohte Unternehmen unterst\u00fctzen","datePublished":"2020-10-30T04:32:40+00:00","mainEntityOfPage":{"@id":"https:\/\/radioleinewelle.de\/index.php\/2020\/10\/30\/neue-corona-hilfe-soll-von-schliessung-bedrohte-unternehmen-unterstuetzen\/"},"wordCount":764,"publisher":{"@id":"https:\/\/radioleinewelle.de\/#organization"},"image":{"@id":"https:\/\/radioleinewelle.de\/index.php\/2020\/10\/30\/neue-corona-hilfe-soll-von-schliessung-bedrohte-unternehmen-unterstuetzen\/#primaryimage"},"thumbnailUrl":"https:\/\/radioleinewelle.de\/wp-content\/uploads\/2020\/10\/20201029-neue-corona-hilfe-stark-durch-die-krise.jpg","inLanguage":"de"},{"@type":"WebPage","@id":"https:\/\/radioleinewelle.de\/index.php\/2020\/10\/30\/neue-corona-hilfe-soll-von-schliessung-bedrohte-unternehmen-unterstuetzen\/","url":"https:\/\/radioleinewelle.de\/index.php\/2020\/10\/30\/neue-corona-hilfe-soll-von-schliessung-bedrohte-unternehmen-unterstuetzen\/","name":"Neue Corona-Hilfe soll von Schlie\u00dfung bedrohte Unternehmen unterst\u00fctzen - Radio Leinewelle","isPartOf":{"@id":"https:\/\/radioleinewelle.de\/#website"},"primaryImageOfPage":{"@id":"https:\/\/radioleinewelle.de\/index.php\/2020\/10\/30\/neue-corona-hilfe-soll-von-schliessung-bedrohte-unternehmen-unterstuetzen\/#primaryimage"},"image":{"@id":"https:\/\/radioleinewelle.de\/index.php\/2020\/10\/30\/neue-corona-hilfe-soll-von-schliessung-bedrohte-unternehmen-unterstuetzen\/#primaryimage"},"thumbnailUrl":"https:\/\/radioleinewelle.de\/wp-content\/uploads\/2020\/10\/20201029-neue-corona-hilfe-stark-durch-die-krise.jpg","datePublished":"2020-10-30T04:32:40+00:00","breadcrumb":{"@id":"https:\/\/radioleinewelle.de\/index.php\/2020\/10\/30\/neue-corona-hilfe-soll-von-schliessung-bedrohte-unternehmen-unterstuetzen\/#breadcrumb"},"inLanguage":"de","potentialAction":[{"@type":"ReadAction","target":["https:\/\/radioleinewelle.de\/index.php\/2020\/10\/30\/neue-corona-hilfe-soll-von-schliessung-bedrohte-unternehmen-unterstuetzen\/"]}]},{"@type":"ImageObject","inLanguage":"de","@id":"https:\/\/radioleinewelle.de\/index.php\/2020\/10\/30\/neue-corona-hilfe-soll-von-schliessung-bedrohte-unternehmen-unterstuetzen\/#primaryimage","url":"https:\/\/radioleinewelle.de\/wp-content\/uploads\/2020\/10\/20201029-neue-corona-hilfe-stark-durch-die-krise.jpg","contentUrl":"https:\/\/radioleinewelle.de\/wp-content\/uploads\/2020\/10\/20201029-neue-corona-hilfe-stark-durch-die-krise.jpg","width":834,"height":556},{"@type":"BreadcrumbList","@id":"https:\/\/radioleinewelle.de\/index.php\/2020\/10\/30\/neue-corona-hilfe-soll-von-schliessung-bedrohte-unternehmen-unterstuetzen\/#breadcrumb","itemListElement":[{"@type":"ListItem","position":1,"name":"Startseite","item":"https:\/\/radioleinewelle.de\/"},{"@type":"ListItem","position":2,"name":"Neue Corona-Hilfe soll von Schlie\u00dfung bedrohte Unternehmen unterst\u00fctzen"}]},{"@type":"WebSite","@id":"https:\/\/radioleinewelle.de\/#website","url":"https:\/\/radioleinewelle.de\/","name":"Radio Leinewelle","description":"","publisher":{"@id":"https:\/\/radioleinewelle.de\/#organization"},"potentialAction":[{"@type":"SearchAction","target":{"@type":"EntryPoint","urlTemplate":"https:\/\/radioleinewelle.de\/?s={search_term_string}"},"query-input":{"@type":"PropertyValueSpecification","valueRequired":true,"valueName":"search_term_string"}}],"inLanguage":"de"},{"@type":"Organization","@id":"https:\/\/radioleinewelle.de\/#organization","name":"Radio Leinewelle","alternateName":"Mein Radio f\u00fcr S\u00fcdniedersachsen","url":"https:\/\/radioleinewelle.de\/","logo":{"@type":"ImageObject","inLanguage":"de","@id":"https:\/\/radioleinewelle.de\/#\/schema\/logo\/image\/","url":"https:\/\/radioleinewelle.de\/wp-content\/uploads\/2023\/11\/cropped-Leinewelle_Logo_weiss.png","contentUrl":"https:\/\/radioleinewelle.de\/wp-content\/uploads\/2023\/11\/cropped-Leinewelle_Logo_weiss.png","width":854,"height":260,"caption":"Radio Leinewelle"},"image":{"@id":"https:\/\/radioleinewelle.de\/#\/schema\/logo\/image\/"},"sameAs":["https:\/\/www.facebook.com\/radioleinewelle","https:\/\/x.com\/RLeinewelle","https:\/\/www.instagram.com\/radioleinewelle\/?hl=de"]},{"@type":"Person","@id":"https:\/\/radioleinewelle.de\/#\/schema\/person\/45606f348637df637192dc1b68399a63","name":"Leinewelle","image":{"@type":"ImageObject","inLanguage":"de","@id":"https:\/\/secure.gravatar.com\/avatar\/05c9a17bc973052ee5d91549bd32fb4dd0dc85b7b85ae94b2e2b4943476bbea5?s=96&d=blank&r=g","url":"https:\/\/secure.gravatar.com\/avatar\/05c9a17bc973052ee5d91549bd32fb4dd0dc85b7b85ae94b2e2b4943476bbea5?s=96&d=blank&r=g","contentUrl":"https:\/\/secure.gravatar.com\/avatar\/05c9a17bc973052ee5d91549bd32fb4dd0dc85b7b85ae94b2e2b4943476bbea5?s=96&d=blank&r=g","caption":"Leinewelle"},"sameAs":["http:\/\/localhost\/radio%20leinewelle\/wordpress","https:\/\/www.facebook.com\/radioleinewelle","https:\/\/www.instagram.com\/radioleinewelle","https:\/\/x.com\/https:\/\/twitter.com\/RLeinewelle?ref_src=twsrcgoogletwcampserptwgrauthor","https:\/\/soundcloud.com\/foerderverein-lokalradio?utm_source=clipboard&utm_medium=text&utm_campaign=social_sharing"],"url":"https:\/\/radioleinewelle.de\/index.php\/author\/leinewelle\/"}]}},"_links":{"self":[{"href":"https:\/\/radioleinewelle.de\/index.php\/wp-json\/wp\/v2\/posts\/2688","targetHints":{"allow":["GET"]}}],"collection":[{"href":"https:\/\/radioleinewelle.de\/index.php\/wp-json\/wp\/v2\/posts"}],"about":[{"href":"https:\/\/radioleinewelle.de\/index.php\/wp-json\/wp\/v2\/types\/post"}],"author":[{"embeddable":true,"href":"https:\/\/radioleinewelle.de\/index.php\/wp-json\/wp\/v2\/users\/1"}],"replies":[{"embeddable":true,"href":"https:\/\/radioleinewelle.de\/index.php\/wp-json\/wp\/v2\/comments?post=2688"}],"version-history":[{"count":0,"href":"https:\/\/radioleinewelle.de\/index.php\/wp-json\/wp\/v2\/posts\/2688\/revisions"}],"wp:featuredmedia":[{"embeddable":true,"href":"https:\/\/radioleinewelle.de\/index.php\/wp-json\/wp\/v2\/media\/2695"}],"wp:attachment":[{"href":"https:\/\/radioleinewelle.de\/index.php\/wp-json\/wp\/v2\/media?parent=2688"}],"wp:term":[{"taxonomy":"category","embeddable":true,"href":"https:\/\/radioleinewelle.de\/index.php\/wp-json\/wp\/v2\/categories?post=2688"},{"taxonomy":"post_tag","embeddable":true,"href":"https:\/\/radioleinewelle.de\/index.php\/wp-json\/wp\/v2\/tags?post=2688"}],"curies":[{"name":"wp","href":"https:\/\/api.w.org\/{rel}","templated":true}]}}