{"id":26885,"date":"2024-11-29T22:46:55","date_gmt":"2024-11-29T21:46:55","guid":{"rendered":"https:\/\/radioleinewelle.de\/?p=26885"},"modified":"2024-11-29T22:46:57","modified_gmt":"2024-11-29T21:46:57","slug":"haushaltskuerzungen-im-jugendbereich-buendnis-ruft-zur-kundgebung-am-samstag-auf","status":"publish","type":"post","link":"https:\/\/radioleinewelle.de\/index.php\/2024\/11\/29\/haushaltskuerzungen-im-jugendbereich-buendnis-ruft-zur-kundgebung-am-samstag-auf\/","title":{"rendered":"Haushaltsk\u00fcrzungen im Jugendbereich? B\u00fcndnis ruft zur Kundgebung am Samstag auf"},"content":{"rendered":"\n<p>Die geplanten K\u00fcrzungen der Stadt G\u00f6ttingen insbesondere im Bereich der freien Kinder- und Jugendarbeit haben zu zahlreichenStellungnahmen von politischen Parteien und Organisationen in G\u00f6ttingen gef\u00fchrt. Obwohl das Haushaltsb\u00fcndnis von CDU,SPD und FDP das Vorgehender Verwaltung unterst\u00fctzt, die st\u00e4dtischen Finanzen mit einem sogenannten Haushaltssicherungskonzept (HSK) zukunftssicher aufzustellen, lehne man Einsparungen u.a. bei der Kinder-und Jugendarbeit ab. Dies teilte das Haushaltsb\u00fcndnis in einer Stellungnahme mit. Sollte das Konzept der Verwaltung umgesetzt werden, so w\u00e4ren in erster Linie das Jugendzentrum Innenstadt (Juzi), Kore (offene M\u00e4dchenarbeit) oder der Stadtjugendring als Zusammenschluss von \u00fcber 30 Jugendverb\u00e4nden in G\u00f6ttingen davon betroffen, so die G\u00f6ttinger Linke.<a href=\"https:\/\/www.instagram.com\/p\/DC31gAaIOUv\/?utm_source=ig_embed&amp;utm_campaign=loading\" target=\"_blank\" rel=\"noreferrer noopener\"><\/a><\/p>\n\n\n\n<p>Aus Protest gegen diese Ma\u00dfnahmen l\u00e4dt das B\u00fcndnis gegen Sozialk\u00fcrzungen am Samstag den 30.11. um 14 Uhr zu einer Kundgebung am Jacobikirchhof ein.<\/p>\n\n\n\n<blockquote class=\"wp-block-quote is-layout-flow wp-block-quote-is-layout-flow\">\n<p><strong>Foto:<\/strong>  \u00a9Radio Leinewelle (ue)<a href=\"https:\/\/www.instagram.com\/p\/DC31gAaIOUv\/?utm_source=ig_embed&amp;utm_campaign=loading\" target=\"_blank\" rel=\"noreferrer noopener\"><\/a><\/p>\n\n\n\n<p><a href=\"https:\/\/www.instagram.com\/p\/DC31gAaIOUv\/?utm_source=ig_embed&amp;utm_campaign=loading\" target=\"_blank\" rel=\"noreferrer noopener\"><\/a><a href=\"https:\/\/www.instagram.com\/p\/DC31gAaIOUv\/?utm_source=ig_embed&amp;utm_campaign=loading\" target=\"_blank\" rel=\"noreferrer noopener\"><\/a><\/p>\n\n\n\n<p><\/p>\n<\/blockquote>\n","protected":false},"excerpt":{"rendered":"<p>Die geplanten K\u00fcrzungen der Stadt G\u00f6ttingen insbesondere im Bereich der freien Kinder- und Jugendarbeit haben zu zahlreichenStellungnahmen von politischen Parteien und Organisationen in G\u00f6ttingen gef\u00fchrt. Obwohl das Haushaltsb\u00fcndnis von CDU,SPD und FDP das Vorgehender Verwaltung unterst\u00fctzt, die st\u00e4dtischen Finanzen mit einem sogenannten Haushaltssicherungskonzept (HSK) zukunftssicher aufzustellen, lehne man Einsparungen u.a. bei der Kinder-und Jugendarbeit ab. [&hellip;]<\/p>\n","protected":false},"author":1,"featured_media":26888,"comment_status":"open","ping_status":"open","sticky":false,"template":"","format":"standard","meta":{"saved_in_kubio":false,"footnotes":""},"categories":[1],"tags":[],"class_list":["post-26885","post","type-post","status-publish","format-standard","has-post-thumbnail","hentry","category-allgemein"],"yoast_head":"<!-- This site is optimized with the Yoast SEO plugin v27.4 - https:\/\/yoast.com\/product\/yoast-seo-wordpress\/ -->\n<title>Haushaltsk\u00fcrzungen im Jugendbereich? B\u00fcndnis ruft zur Kundgebung am Samstag auf - Radio Leinewelle<\/title>\n<meta name=\"robots\" content=\"index, follow, max-snippet:-1, max-image-preview:large, max-video-preview:-1\" \/>\n<link rel=\"canonical\" href=\"https:\/\/radioleinewelle.de\/index.php\/2024\/11\/29\/haushaltskuerzungen-im-jugendbereich-buendnis-ruft-zur-kundgebung-am-samstag-auf\/\" \/>\n<meta property=\"og:locale\" content=\"de_DE\" \/>\n<meta property=\"og:type\" content=\"article\" \/>\n<meta property=\"og:title\" content=\"Haushaltsk\u00fcrzungen im Jugendbereich? B\u00fcndnis ruft zur Kundgebung am Samstag auf - Radio Leinewelle\" \/>\n<meta property=\"og:description\" content=\"Die geplanten K\u00fcrzungen der Stadt G\u00f6ttingen insbesondere im Bereich der freien Kinder- und Jugendarbeit haben zu zahlreichenStellungnahmen von politischen Parteien und Organisationen in G\u00f6ttingen gef\u00fchrt. Obwohl das Haushaltsb\u00fcndnis von CDU,SPD und FDP das Vorgehender Verwaltung unterst\u00fctzt, die st\u00e4dtischen Finanzen mit einem sogenannten Haushaltssicherungskonzept (HSK) zukunftssicher aufzustellen, lehne man Einsparungen u.a. bei der Kinder-und Jugendarbeit ab. [&hellip;]\" \/>\n<meta property=\"og:url\" content=\"https:\/\/radioleinewelle.de\/index.php\/2024\/11\/29\/haushaltskuerzungen-im-jugendbereich-buendnis-ruft-zur-kundgebung-am-samstag-auf\/\" \/>\n<meta property=\"og:site_name\" content=\"Radio Leinewelle\" \/>\n<meta property=\"article:publisher\" content=\"https:\/\/www.facebook.com\/radioleinewelle\" \/>\n<meta property=\"article:author\" content=\"https:\/\/www.facebook.com\/radioleinewelle\" \/>\n<meta property=\"article:published_time\" content=\"2024-11-29T21:46:55+00:00\" \/>\n<meta property=\"article:modified_time\" content=\"2024-11-29T21:46:57+00:00\" \/>\n<meta property=\"og:image\" content=\"https:\/\/radioleinewelle.de\/wp-content\/uploads\/2024\/11\/Gegen-Kuerzungen-bei-der-Jugendarbeit.jpg\" \/>\n\t<meta property=\"og:image:width\" content=\"2016\" \/>\n\t<meta property=\"og:image:height\" content=\"1512\" \/>\n\t<meta property=\"og:image:type\" content=\"image\/jpeg\" \/>\n<meta name=\"author\" content=\"Leinewelle\" \/>\n<meta name=\"twitter:card\" content=\"summary_large_image\" \/>\n<meta name=\"twitter:creator\" content=\"@https:\/\/twitter.com\/RLeinewelle?ref_src=twsrcgoogletwcampserptwgrauthor\" \/>\n<meta name=\"twitter:site\" content=\"@RLeinewelle\" \/>\n<meta name=\"twitter:label1\" content=\"Verfasst von\" \/>\n\t<meta name=\"twitter:data1\" content=\"Leinewelle\" \/>\n\t<meta name=\"twitter:label2\" content=\"Gesch\u00e4tzte Lesezeit\" \/>\n\t<meta name=\"twitter:data2\" content=\"1\u00a0Minute\" \/>\n<script type=\"application\/ld+json\" class=\"yoast-schema-graph\">{\"@context\":\"https:\\\/\\\/schema.org\",\"@graph\":[{\"@type\":\"Article\",\"@id\":\"https:\\\/\\\/radioleinewelle.de\\\/index.php\\\/2024\\\/11\\\/29\\\/haushaltskuerzungen-im-jugendbereich-buendnis-ruft-zur-kundgebung-am-samstag-auf\\\/#article\",\"isPartOf\":{\"@id\":\"https:\\\/\\\/radioleinewelle.de\\\/index.php\\\/2024\\\/11\\\/29\\\/haushaltskuerzungen-im-jugendbereich-buendnis-ruft-zur-kundgebung-am-samstag-auf\\\/\"},\"author\":{\"name\":\"Leinewelle\",\"@id\":\"https:\\\/\\\/radioleinewelle.de\\\/#\\\/schema\\\/person\\\/45606f348637df637192dc1b68399a63\"},\"headline\":\"Haushaltsk\u00fcrzungen im Jugendbereich? B\u00fcndnis ruft zur Kundgebung am Samstag auf\",\"datePublished\":\"2024-11-29T21:46:55+00:00\",\"dateModified\":\"2024-11-29T21:46:57+00:00\",\"mainEntityOfPage\":{\"@id\":\"https:\\\/\\\/radioleinewelle.de\\\/index.php\\\/2024\\\/11\\\/29\\\/haushaltskuerzungen-im-jugendbereich-buendnis-ruft-zur-kundgebung-am-samstag-auf\\\/\"},\"wordCount\":154,\"commentCount\":0,\"publisher\":{\"@id\":\"https:\\\/\\\/radioleinewelle.de\\\/#organization\"},\"image\":{\"@id\":\"https:\\\/\\\/radioleinewelle.de\\\/index.php\\\/2024\\\/11\\\/29\\\/haushaltskuerzungen-im-jugendbereich-buendnis-ruft-zur-kundgebung-am-samstag-auf\\\/#primaryimage\"},\"thumbnailUrl\":\"https:\\\/\\\/radioleinewelle.de\\\/wp-content\\\/uploads\\\/2024\\\/11\\\/Gegen-Kuerzungen-bei-der-Jugendarbeit.jpg\",\"inLanguage\":\"de\",\"potentialAction\":[{\"@type\":\"CommentAction\",\"name\":\"Comment\",\"target\":[\"https:\\\/\\\/radioleinewelle.de\\\/index.php\\\/2024\\\/11\\\/29\\\/haushaltskuerzungen-im-jugendbereich-buendnis-ruft-zur-kundgebung-am-samstag-auf\\\/#respond\"]}]},{\"@type\":\"WebPage\",\"@id\":\"https:\\\/\\\/radioleinewelle.de\\\/index.php\\\/2024\\\/11\\\/29\\\/haushaltskuerzungen-im-jugendbereich-buendnis-ruft-zur-kundgebung-am-samstag-auf\\\/\",\"url\":\"https:\\\/\\\/radioleinewelle.de\\\/index.php\\\/2024\\\/11\\\/29\\\/haushaltskuerzungen-im-jugendbereich-buendnis-ruft-zur-kundgebung-am-samstag-auf\\\/\",\"name\":\"Haushaltsk\u00fcrzungen im Jugendbereich? B\u00fcndnis ruft zur Kundgebung am Samstag auf - Radio Leinewelle\",\"isPartOf\":{\"@id\":\"https:\\\/\\\/radioleinewelle.de\\\/#website\"},\"primaryImageOfPage\":{\"@id\":\"https:\\\/\\\/radioleinewelle.de\\\/index.php\\\/2024\\\/11\\\/29\\\/haushaltskuerzungen-im-jugendbereich-buendnis-ruft-zur-kundgebung-am-samstag-auf\\\/#primaryimage\"},\"image\":{\"@id\":\"https:\\\/\\\/radioleinewelle.de\\\/index.php\\\/2024\\\/11\\\/29\\\/haushaltskuerzungen-im-jugendbereich-buendnis-ruft-zur-kundgebung-am-samstag-auf\\\/#primaryimage\"},\"thumbnailUrl\":\"https:\\\/\\\/radioleinewelle.de\\\/wp-content\\\/uploads\\\/2024\\\/11\\\/Gegen-Kuerzungen-bei-der-Jugendarbeit.jpg\",\"datePublished\":\"2024-11-29T21:46:55+00:00\",\"dateModified\":\"2024-11-29T21:46:57+00:00\",\"breadcrumb\":{\"@id\":\"https:\\\/\\\/radioleinewelle.de\\\/index.php\\\/2024\\\/11\\\/29\\\/haushaltskuerzungen-im-jugendbereich-buendnis-ruft-zur-kundgebung-am-samstag-auf\\\/#breadcrumb\"},\"inLanguage\":\"de\",\"potentialAction\":[{\"@type\":\"ReadAction\",\"target\":[\"https:\\\/\\\/radioleinewelle.de\\\/index.php\\\/2024\\\/11\\\/29\\\/haushaltskuerzungen-im-jugendbereich-buendnis-ruft-zur-kundgebung-am-samstag-auf\\\/\"]}]},{\"@type\":\"ImageObject\",\"inLanguage\":\"de\",\"@id\":\"https:\\\/\\\/radioleinewelle.de\\\/index.php\\\/2024\\\/11\\\/29\\\/haushaltskuerzungen-im-jugendbereich-buendnis-ruft-zur-kundgebung-am-samstag-auf\\\/#primaryimage\",\"url\":\"https:\\\/\\\/radioleinewelle.de\\\/wp-content\\\/uploads\\\/2024\\\/11\\\/Gegen-Kuerzungen-bei-der-Jugendarbeit.jpg\",\"contentUrl\":\"https:\\\/\\\/radioleinewelle.de\\\/wp-content\\\/uploads\\\/2024\\\/11\\\/Gegen-Kuerzungen-bei-der-Jugendarbeit.jpg\",\"width\":2016,\"height\":1512},{\"@type\":\"BreadcrumbList\",\"@id\":\"https:\\\/\\\/radioleinewelle.de\\\/index.php\\\/2024\\\/11\\\/29\\\/haushaltskuerzungen-im-jugendbereich-buendnis-ruft-zur-kundgebung-am-samstag-auf\\\/#breadcrumb\",\"itemListElement\":[{\"@type\":\"ListItem\",\"position\":1,\"name\":\"Startseite\",\"item\":\"https:\\\/\\\/radioleinewelle.de\\\/\"},{\"@type\":\"ListItem\",\"position\":2,\"name\":\"Haushaltsk\u00fcrzungen im Jugendbereich? B\u00fcndnis ruft zur Kundgebung am Samstag auf\"}]},{\"@type\":\"WebSite\",\"@id\":\"https:\\\/\\\/radioleinewelle.de\\\/#website\",\"url\":\"https:\\\/\\\/radioleinewelle.de\\\/\",\"name\":\"Radio Leinewelle\",\"description\":\"\",\"publisher\":{\"@id\":\"https:\\\/\\\/radioleinewelle.de\\\/#organization\"},\"potentialAction\":[{\"@type\":\"SearchAction\",\"target\":{\"@type\":\"EntryPoint\",\"urlTemplate\":\"https:\\\/\\\/radioleinewelle.de\\\/?s={search_term_string}\"},\"query-input\":{\"@type\":\"PropertyValueSpecification\",\"valueRequired\":true,\"valueName\":\"search_term_string\"}}],\"inLanguage\":\"de\"},{\"@type\":\"Organization\",\"@id\":\"https:\\\/\\\/radioleinewelle.de\\\/#organization\",\"name\":\"Radio Leinewelle\",\"alternateName\":\"Mein Radio f\u00fcr S\u00fcdniedersachsen\",\"url\":\"https:\\\/\\\/radioleinewelle.de\\\/\",\"logo\":{\"@type\":\"ImageObject\",\"inLanguage\":\"de\",\"@id\":\"https:\\\/\\\/radioleinewelle.de\\\/#\\\/schema\\\/logo\\\/image\\\/\",\"url\":\"https:\\\/\\\/radioleinewelle.de\\\/wp-content\\\/uploads\\\/2023\\\/11\\\/cropped-Leinewelle_Logo_weiss.png\",\"contentUrl\":\"https:\\\/\\\/radioleinewelle.de\\\/wp-content\\\/uploads\\\/2023\\\/11\\\/cropped-Leinewelle_Logo_weiss.png\",\"width\":854,\"height\":260,\"caption\":\"Radio Leinewelle\"},\"image\":{\"@id\":\"https:\\\/\\\/radioleinewelle.de\\\/#\\\/schema\\\/logo\\\/image\\\/\"},\"sameAs\":[\"https:\\\/\\\/www.facebook.com\\\/radioleinewelle\",\"https:\\\/\\\/x.com\\\/RLeinewelle\",\"https:\\\/\\\/www.instagram.com\\\/radioleinewelle\\\/?hl=de\"]},{\"@type\":\"Person\",\"@id\":\"https:\\\/\\\/radioleinewelle.de\\\/#\\\/schema\\\/person\\\/45606f348637df637192dc1b68399a63\",\"name\":\"Leinewelle\",\"image\":{\"@type\":\"ImageObject\",\"inLanguage\":\"de\",\"@id\":\"https:\\\/\\\/secure.gravatar.com\\\/avatar\\\/05c9a17bc973052ee5d91549bd32fb4dd0dc85b7b85ae94b2e2b4943476bbea5?s=96&d=blank&r=g\",\"url\":\"https:\\\/\\\/secure.gravatar.com\\\/avatar\\\/05c9a17bc973052ee5d91549bd32fb4dd0dc85b7b85ae94b2e2b4943476bbea5?s=96&d=blank&r=g\",\"contentUrl\":\"https:\\\/\\\/secure.gravatar.com\\\/avatar\\\/05c9a17bc973052ee5d91549bd32fb4dd0dc85b7b85ae94b2e2b4943476bbea5?s=96&d=blank&r=g\",\"caption\":\"Leinewelle\"},\"sameAs\":[\"http:\\\/\\\/localhost\\\/radio%20leinewelle\\\/wordpress\",\"https:\\\/\\\/www.facebook.com\\\/radioleinewelle\",\"https:\\\/\\\/www.instagram.com\\\/radioleinewelle\",\"https:\\\/\\\/x.com\\\/https:\\\/\\\/twitter.com\\\/RLeinewelle?ref_src=twsrcgoogletwcampserptwgrauthor\",\"https:\\\/\\\/soundcloud.com\\\/foerderverein-lokalradio?utm_source=clipboard&utm_medium=text&utm_campaign=social_sharing\"],\"url\":\"https:\\\/\\\/radioleinewelle.de\\\/index.php\\\/author\\\/leinewelle\\\/\"}]}<\/script>\n<!-- \/ Yoast SEO plugin. -->","yoast_head_json":{"title":"Haushaltsk\u00fcrzungen im Jugendbereich? B\u00fcndnis ruft zur Kundgebung am Samstag auf - Radio Leinewelle","robots":{"index":"index","follow":"follow","max-snippet":"max-snippet:-1","max-image-preview":"max-image-preview:large","max-video-preview":"max-video-preview:-1"},"canonical":"https:\/\/radioleinewelle.de\/index.php\/2024\/11\/29\/haushaltskuerzungen-im-jugendbereich-buendnis-ruft-zur-kundgebung-am-samstag-auf\/","og_locale":"de_DE","og_type":"article","og_title":"Haushaltsk\u00fcrzungen im Jugendbereich? B\u00fcndnis ruft zur Kundgebung am Samstag auf - Radio Leinewelle","og_description":"Die geplanten K\u00fcrzungen der Stadt G\u00f6ttingen insbesondere im Bereich der freien Kinder- und Jugendarbeit haben zu zahlreichenStellungnahmen von politischen Parteien und Organisationen in G\u00f6ttingen gef\u00fchrt. Obwohl das Haushaltsb\u00fcndnis von CDU,SPD und FDP das Vorgehender Verwaltung unterst\u00fctzt, die st\u00e4dtischen Finanzen mit einem sogenannten Haushaltssicherungskonzept (HSK) zukunftssicher aufzustellen, lehne man Einsparungen u.a. bei der Kinder-und Jugendarbeit ab. [&hellip;]","og_url":"https:\/\/radioleinewelle.de\/index.php\/2024\/11\/29\/haushaltskuerzungen-im-jugendbereich-buendnis-ruft-zur-kundgebung-am-samstag-auf\/","og_site_name":"Radio Leinewelle","article_publisher":"https:\/\/www.facebook.com\/radioleinewelle","article_author":"https:\/\/www.facebook.com\/radioleinewelle","article_published_time":"2024-11-29T21:46:55+00:00","article_modified_time":"2024-11-29T21:46:57+00:00","og_image":[{"width":2016,"height":1512,"url":"https:\/\/radioleinewelle.de\/wp-content\/uploads\/2024\/11\/Gegen-Kuerzungen-bei-der-Jugendarbeit.jpg","type":"image\/jpeg"}],"author":"Leinewelle","twitter_card":"summary_large_image","twitter_creator":"@https:\/\/twitter.com\/RLeinewelle?ref_src=twsrcgoogletwcampserptwgrauthor","twitter_site":"@RLeinewelle","twitter_misc":{"Verfasst von":"Leinewelle","Gesch\u00e4tzte Lesezeit":"1\u00a0Minute"},"schema":{"@context":"https:\/\/schema.org","@graph":[{"@type":"Article","@id":"https:\/\/radioleinewelle.de\/index.php\/2024\/11\/29\/haushaltskuerzungen-im-jugendbereich-buendnis-ruft-zur-kundgebung-am-samstag-auf\/#article","isPartOf":{"@id":"https:\/\/radioleinewelle.de\/index.php\/2024\/11\/29\/haushaltskuerzungen-im-jugendbereich-buendnis-ruft-zur-kundgebung-am-samstag-auf\/"},"author":{"name":"Leinewelle","@id":"https:\/\/radioleinewelle.de\/#\/schema\/person\/45606f348637df637192dc1b68399a63"},"headline":"Haushaltsk\u00fcrzungen im Jugendbereich? B\u00fcndnis ruft zur Kundgebung am Samstag auf","datePublished":"2024-11-29T21:46:55+00:00","dateModified":"2024-11-29T21:46:57+00:00","mainEntityOfPage":{"@id":"https:\/\/radioleinewelle.de\/index.php\/2024\/11\/29\/haushaltskuerzungen-im-jugendbereich-buendnis-ruft-zur-kundgebung-am-samstag-auf\/"},"wordCount":154,"commentCount":0,"publisher":{"@id":"https:\/\/radioleinewelle.de\/#organization"},"image":{"@id":"https:\/\/radioleinewelle.de\/index.php\/2024\/11\/29\/haushaltskuerzungen-im-jugendbereich-buendnis-ruft-zur-kundgebung-am-samstag-auf\/#primaryimage"},"thumbnailUrl":"https:\/\/radioleinewelle.de\/wp-content\/uploads\/2024\/11\/Gegen-Kuerzungen-bei-der-Jugendarbeit.jpg","inLanguage":"de","potentialAction":[{"@type":"CommentAction","name":"Comment","target":["https:\/\/radioleinewelle.de\/index.php\/2024\/11\/29\/haushaltskuerzungen-im-jugendbereich-buendnis-ruft-zur-kundgebung-am-samstag-auf\/#respond"]}]},{"@type":"WebPage","@id":"https:\/\/radioleinewelle.de\/index.php\/2024\/11\/29\/haushaltskuerzungen-im-jugendbereich-buendnis-ruft-zur-kundgebung-am-samstag-auf\/","url":"https:\/\/radioleinewelle.de\/index.php\/2024\/11\/29\/haushaltskuerzungen-im-jugendbereich-buendnis-ruft-zur-kundgebung-am-samstag-auf\/","name":"Haushaltsk\u00fcrzungen im Jugendbereich? B\u00fcndnis ruft zur Kundgebung am Samstag auf - Radio Leinewelle","isPartOf":{"@id":"https:\/\/radioleinewelle.de\/#website"},"primaryImageOfPage":{"@id":"https:\/\/radioleinewelle.de\/index.php\/2024\/11\/29\/haushaltskuerzungen-im-jugendbereich-buendnis-ruft-zur-kundgebung-am-samstag-auf\/#primaryimage"},"image":{"@id":"https:\/\/radioleinewelle.de\/index.php\/2024\/11\/29\/haushaltskuerzungen-im-jugendbereich-buendnis-ruft-zur-kundgebung-am-samstag-auf\/#primaryimage"},"thumbnailUrl":"https:\/\/radioleinewelle.de\/wp-content\/uploads\/2024\/11\/Gegen-Kuerzungen-bei-der-Jugendarbeit.jpg","datePublished":"2024-11-29T21:46:55+00:00","dateModified":"2024-11-29T21:46:57+00:00","breadcrumb":{"@id":"https:\/\/radioleinewelle.de\/index.php\/2024\/11\/29\/haushaltskuerzungen-im-jugendbereich-buendnis-ruft-zur-kundgebung-am-samstag-auf\/#breadcrumb"},"inLanguage":"de","potentialAction":[{"@type":"ReadAction","target":["https:\/\/radioleinewelle.de\/index.php\/2024\/11\/29\/haushaltskuerzungen-im-jugendbereich-buendnis-ruft-zur-kundgebung-am-samstag-auf\/"]}]},{"@type":"ImageObject","inLanguage":"de","@id":"https:\/\/radioleinewelle.de\/index.php\/2024\/11\/29\/haushaltskuerzungen-im-jugendbereich-buendnis-ruft-zur-kundgebung-am-samstag-auf\/#primaryimage","url":"https:\/\/radioleinewelle.de\/wp-content\/uploads\/2024\/11\/Gegen-Kuerzungen-bei-der-Jugendarbeit.jpg","contentUrl":"https:\/\/radioleinewelle.de\/wp-content\/uploads\/2024\/11\/Gegen-Kuerzungen-bei-der-Jugendarbeit.jpg","width":2016,"height":1512},{"@type":"BreadcrumbList","@id":"https:\/\/radioleinewelle.de\/index.php\/2024\/11\/29\/haushaltskuerzungen-im-jugendbereich-buendnis-ruft-zur-kundgebung-am-samstag-auf\/#breadcrumb","itemListElement":[{"@type":"ListItem","position":1,"name":"Startseite","item":"https:\/\/radioleinewelle.de\/"},{"@type":"ListItem","position":2,"name":"Haushaltsk\u00fcrzungen im Jugendbereich? B\u00fcndnis ruft zur Kundgebung am Samstag auf"}]},{"@type":"WebSite","@id":"https:\/\/radioleinewelle.de\/#website","url":"https:\/\/radioleinewelle.de\/","name":"Radio Leinewelle","description":"","publisher":{"@id":"https:\/\/radioleinewelle.de\/#organization"},"potentialAction":[{"@type":"SearchAction","target":{"@type":"EntryPoint","urlTemplate":"https:\/\/radioleinewelle.de\/?s={search_term_string}"},"query-input":{"@type":"PropertyValueSpecification","valueRequired":true,"valueName":"search_term_string"}}],"inLanguage":"de"},{"@type":"Organization","@id":"https:\/\/radioleinewelle.de\/#organization","name":"Radio Leinewelle","alternateName":"Mein Radio f\u00fcr S\u00fcdniedersachsen","url":"https:\/\/radioleinewelle.de\/","logo":{"@type":"ImageObject","inLanguage":"de","@id":"https:\/\/radioleinewelle.de\/#\/schema\/logo\/image\/","url":"https:\/\/radioleinewelle.de\/wp-content\/uploads\/2023\/11\/cropped-Leinewelle_Logo_weiss.png","contentUrl":"https:\/\/radioleinewelle.de\/wp-content\/uploads\/2023\/11\/cropped-Leinewelle_Logo_weiss.png","width":854,"height":260,"caption":"Radio Leinewelle"},"image":{"@id":"https:\/\/radioleinewelle.de\/#\/schema\/logo\/image\/"},"sameAs":["https:\/\/www.facebook.com\/radioleinewelle","https:\/\/x.com\/RLeinewelle","https:\/\/www.instagram.com\/radioleinewelle\/?hl=de"]},{"@type":"Person","@id":"https:\/\/radioleinewelle.de\/#\/schema\/person\/45606f348637df637192dc1b68399a63","name":"Leinewelle","image":{"@type":"ImageObject","inLanguage":"de","@id":"https:\/\/secure.gravatar.com\/avatar\/05c9a17bc973052ee5d91549bd32fb4dd0dc85b7b85ae94b2e2b4943476bbea5?s=96&d=blank&r=g","url":"https:\/\/secure.gravatar.com\/avatar\/05c9a17bc973052ee5d91549bd32fb4dd0dc85b7b85ae94b2e2b4943476bbea5?s=96&d=blank&r=g","contentUrl":"https:\/\/secure.gravatar.com\/avatar\/05c9a17bc973052ee5d91549bd32fb4dd0dc85b7b85ae94b2e2b4943476bbea5?s=96&d=blank&r=g","caption":"Leinewelle"},"sameAs":["http:\/\/localhost\/radio%20leinewelle\/wordpress","https:\/\/www.facebook.com\/radioleinewelle","https:\/\/www.instagram.com\/radioleinewelle","https:\/\/x.com\/https:\/\/twitter.com\/RLeinewelle?ref_src=twsrcgoogletwcampserptwgrauthor","https:\/\/soundcloud.com\/foerderverein-lokalradio?utm_source=clipboard&utm_medium=text&utm_campaign=social_sharing"],"url":"https:\/\/radioleinewelle.de\/index.php\/author\/leinewelle\/"}]}},"_links":{"self":[{"href":"https:\/\/radioleinewelle.de\/index.php\/wp-json\/wp\/v2\/posts\/26885","targetHints":{"allow":["GET"]}}],"collection":[{"href":"https:\/\/radioleinewelle.de\/index.php\/wp-json\/wp\/v2\/posts"}],"about":[{"href":"https:\/\/radioleinewelle.de\/index.php\/wp-json\/wp\/v2\/types\/post"}],"author":[{"embeddable":true,"href":"https:\/\/radioleinewelle.de\/index.php\/wp-json\/wp\/v2\/users\/1"}],"replies":[{"embeddable":true,"href":"https:\/\/radioleinewelle.de\/index.php\/wp-json\/wp\/v2\/comments?post=26885"}],"version-history":[{"count":5,"href":"https:\/\/radioleinewelle.de\/index.php\/wp-json\/wp\/v2\/posts\/26885\/revisions"}],"predecessor-version":[{"id":26891,"href":"https:\/\/radioleinewelle.de\/index.php\/wp-json\/wp\/v2\/posts\/26885\/revisions\/26891"}],"wp:featuredmedia":[{"embeddable":true,"href":"https:\/\/radioleinewelle.de\/index.php\/wp-json\/wp\/v2\/media\/26888"}],"wp:attachment":[{"href":"https:\/\/radioleinewelle.de\/index.php\/wp-json\/wp\/v2\/media?parent=26885"}],"wp:term":[{"taxonomy":"category","embeddable":true,"href":"https:\/\/radioleinewelle.de\/index.php\/wp-json\/wp\/v2\/categories?post=26885"},{"taxonomy":"post_tag","embeddable":true,"href":"https:\/\/radioleinewelle.de\/index.php\/wp-json\/wp\/v2\/tags?post=26885"}],"curies":[{"name":"wp","href":"https:\/\/api.w.org\/{rel}","templated":true}]}}