{"id":2698,"date":"2020-10-30T05:05:55","date_gmt":"2020-10-30T04:05:55","guid":{"rendered":"https:\/\/radioleinewelle.de\/?p=2698"},"modified":"2020-10-30T05:05:55","modified_gmt":"2020-10-30T04:05:55","slug":"naturerleben-und-gesundheit-storytelling-und-spannende-formate-von-naturschutzkommunikation","status":"publish","type":"post","link":"https:\/\/radioleinewelle.de\/index.php\/2020\/10\/30\/naturerleben-und-gesundheit-storytelling-und-spannende-formate-von-naturschutzkommunikation\/","title":{"rendered":"Naturerleben und Gesundheit, Storytelling und spannende Formate von Naturschutzkommunikation"},"content":{"rendered":"<div>\u201eNah dran\u201c, am Puls der Zeit sein, will die Naturschutzakademie mit ihren \u201eMitteilungen\u201c \u2013 und der Name ist Programm: Storytelling, Science Slams und Science Pubs, Virtual Reality oder digitale Angebote des Naturerlebens. Das neue Heft der \u201eMitteilungen aus der Naturschutzakademie\u201c stellt ein breites Spektrum an innovativen, \u00fcbertragbaren Formen und Formaten vor, wie Naturschutz und Nachhaltigkeit ebenso erlebnisorientiert wie fachlich fundiert an verschiedenste Zielgruppen vermittelt werden k\u00f6nnen.\u00a0Neben der Frage, ob \u201eSpektakel oder Wissen \u2013 Inhalt oder Inszenierung\u201c Teilnehmende eher interessiert, widmet sich ein zweiter Schwerpunkt des Heftes der Schnittmenge von Naturerleben und Gesundheit. Ein Bereich, der gerade in Corona-Zeiten eine ganz neue Bedeutung bekommen hat. Und der vor allem unter dem Begriff des \u201eWaldbadens\u201c aktuell von zahlreichen Medien aufgegriffen wurde.<\/div>\n<div><\/div>\n<div>Das Heft stellt eine neu konzipierte \u201eWaldtherapie\u201c ebenso vor wie eine mehrmodulige Fortbildung mit dem Titel \u201eLebensWege \u2013 Naturerleben f\u00fcr Menschen mit und ohne Demenz\u201c, einem neuen Projekt der Alfred Toepfer Akademie f\u00fcr Naturschutz, f\u00fcr das sich Interessierte aktuell bewerben k\u00f6nnen. Dar\u00fcber hinaus greift ein weiterer Beitrag den Slogan auf, ein Zuviel an Sitzen sei \u201edas neue Rauchen\u201c. Und gibt wertvolle, praxisnahe Anregungen, die Vielfalt physisch wie psychisch wohltuender Erfahrungen in der Natur zu nutzen.\u00a0Abgerundet wird das Heft durch einen Beitrag zu einer Bienenp\u00e4dagogik-Veranstaltung der Akademie. Hier finden sich wertvolle Hinweise f\u00fcr diejenigen, die Imkerei in Kita oder Schule nutzen m\u00f6chten. Und zwei B\u00fccher mit aktuellem Naturschutzbezug werden vorgestellt: \u201eFedernlesen\u201c von Johanna Romberg und \u201eWildnis Niedersachsen\u201c von J\u00fcrgen Borris und seinen Co-Autorinnen.<\/div>\n<div><\/div>\n<div>\n<p>Das aktuelle Heft der \u201eMitteilungen aus der Naturschutzakademie\u201c findet sich als Download auf der Website der Akademie <a href=\"http:\/\/www.nna.niedersachsen.de\/\">www.nna.niedersachsen.de<\/a> unter dem Men\u00fcpunkt \u201ePublikationen\u201c.<\/p>\n<p>Foto:\u00a0Bild von <a href=\"https:\/\/pixabay.com\/de\/users\/silviarita-3142410\/?utm_source=link-attribution&amp;utm_medium=referral&amp;utm_campaign=image&amp;utm_content=3686910\">silviarita<\/a> auf <a href=\"https:\/\/pixabay.com\/de\/?utm_source=link-attribution&amp;utm_medium=referral&amp;utm_campaign=image&amp;utm_content=3686910\">Pixabay<\/a><\/p>\n<\/div>\n","protected":false},"excerpt":{"rendered":"<p>\u201eNah dran\u201c, am Puls der Zeit sein, will die Naturschutzakademie mit ihren \u201eMitteilungen\u201c \u2013 und der Name ist Programm: Storytelling, Science Slams und Science Pubs, Virtual Reality oder digitale Angebote des Naturerlebens. Das neue Heft der \u201eMitteilungen aus der Naturschutzakademie\u201c stellt ein breites Spektrum an innovativen, \u00fcbertragbaren Formen und Formaten vor, wie Naturschutz und Nachhaltigkeit [&hellip;]<\/p>\n","protected":false},"author":1,"featured_media":2701,"comment_status":"closed","ping_status":"closed","sticky":false,"template":"","format":"standard","meta":{"saved_in_kubio":false,"footnotes":""},"categories":[32],"tags":[],"class_list":["post-2698","post","type-post","status-publish","format-standard","has-post-thumbnail","hentry","category-natur-umwelt"],"yoast_head":"<!-- This site is optimized with the Yoast SEO plugin v27.5 - https:\/\/yoast.com\/product\/yoast-seo-wordpress\/ -->\n<title>Naturerleben und Gesundheit, Storytelling und spannende Formate von Naturschutzkommunikation - Radio Leinewelle<\/title>\n<meta name=\"robots\" content=\"index, follow, max-snippet:-1, max-image-preview:large, max-video-preview:-1\" \/>\n<link rel=\"canonical\" href=\"https:\/\/radioleinewelle.de\/index.php\/2020\/10\/30\/naturerleben-und-gesundheit-storytelling-und-spannende-formate-von-naturschutzkommunikation\/\" \/>\n<meta property=\"og:locale\" content=\"de_DE\" \/>\n<meta property=\"og:type\" content=\"article\" \/>\n<meta property=\"og:title\" content=\"Naturerleben und Gesundheit, Storytelling und spannende Formate von Naturschutzkommunikation - Radio Leinewelle\" \/>\n<meta property=\"og:description\" content=\"\u201eNah dran\u201c, am Puls der Zeit sein, will die Naturschutzakademie mit ihren \u201eMitteilungen\u201c \u2013 und der Name ist Programm: Storytelling, Science Slams und Science Pubs, Virtual Reality oder digitale Angebote des Naturerlebens. Das neue Heft der \u201eMitteilungen aus der Naturschutzakademie\u201c stellt ein breites Spektrum an innovativen, \u00fcbertragbaren Formen und Formaten vor, wie Naturschutz und Nachhaltigkeit [&hellip;]\" \/>\n<meta property=\"og:url\" content=\"https:\/\/radioleinewelle.de\/index.php\/2020\/10\/30\/naturerleben-und-gesundheit-storytelling-und-spannende-formate-von-naturschutzkommunikation\/\" \/>\n<meta property=\"og:site_name\" content=\"Radio Leinewelle\" \/>\n<meta property=\"article:publisher\" content=\"https:\/\/www.facebook.com\/radioleinewelle\" \/>\n<meta property=\"article:author\" content=\"https:\/\/www.facebook.com\/radioleinewelle\" \/>\n<meta property=\"article:published_time\" content=\"2020-10-30T04:05:55+00:00\" \/>\n<meta property=\"og:image\" content=\"https:\/\/radioleinewelle.de\/wp-content\/uploads\/2020\/10\/forest-3686910_640.jpg\" \/>\n\t<meta property=\"og:image:width\" content=\"640\" \/>\n\t<meta property=\"og:image:height\" content=\"359\" \/>\n\t<meta property=\"og:image:type\" content=\"image\/jpeg\" \/>\n<meta name=\"author\" content=\"Leinewelle\" \/>\n<meta name=\"twitter:card\" content=\"summary_large_image\" \/>\n<meta name=\"twitter:creator\" content=\"@https:\/\/twitter.com\/RLeinewelle?ref_src=twsrcgoogletwcampserptwgrauthor\" \/>\n<meta name=\"twitter:site\" content=\"@RLeinewelle\" \/>\n<meta name=\"twitter:label1\" content=\"Verfasst von\" \/>\n\t<meta name=\"twitter:data1\" content=\"Leinewelle\" \/>\n\t<meta name=\"twitter:label2\" content=\"Gesch\u00e4tzte Lesezeit\" \/>\n\t<meta name=\"twitter:data2\" content=\"1\u00a0Minute\" \/>\n<script type=\"application\/ld+json\" class=\"yoast-schema-graph\">{\"@context\":\"https:\\\/\\\/schema.org\",\"@graph\":[{\"@type\":\"Article\",\"@id\":\"https:\\\/\\\/radioleinewelle.de\\\/index.php\\\/2020\\\/10\\\/30\\\/naturerleben-und-gesundheit-storytelling-und-spannende-formate-von-naturschutzkommunikation\\\/#article\",\"isPartOf\":{\"@id\":\"https:\\\/\\\/radioleinewelle.de\\\/index.php\\\/2020\\\/10\\\/30\\\/naturerleben-und-gesundheit-storytelling-und-spannende-formate-von-naturschutzkommunikation\\\/\"},\"author\":{\"name\":\"Leinewelle\",\"@id\":\"https:\\\/\\\/radioleinewelle.de\\\/#\\\/schema\\\/person\\\/45606f348637df637192dc1b68399a63\"},\"headline\":\"Naturerleben und Gesundheit, Storytelling und spannende Formate von Naturschutzkommunikation\",\"datePublished\":\"2020-10-30T04:05:55+00:00\",\"mainEntityOfPage\":{\"@id\":\"https:\\\/\\\/radioleinewelle.de\\\/index.php\\\/2020\\\/10\\\/30\\\/naturerleben-und-gesundheit-storytelling-und-spannende-formate-von-naturschutzkommunikation\\\/\"},\"wordCount\":292,\"publisher\":{\"@id\":\"https:\\\/\\\/radioleinewelle.de\\\/#organization\"},\"image\":{\"@id\":\"https:\\\/\\\/radioleinewelle.de\\\/index.php\\\/2020\\\/10\\\/30\\\/naturerleben-und-gesundheit-storytelling-und-spannende-formate-von-naturschutzkommunikation\\\/#primaryimage\"},\"thumbnailUrl\":\"https:\\\/\\\/radioleinewelle.de\\\/wp-content\\\/uploads\\\/2020\\\/10\\\/forest-3686910_640.jpg\",\"articleSection\":[\"Natur &amp; Umwelt\"],\"inLanguage\":\"de\"},{\"@type\":\"WebPage\",\"@id\":\"https:\\\/\\\/radioleinewelle.de\\\/index.php\\\/2020\\\/10\\\/30\\\/naturerleben-und-gesundheit-storytelling-und-spannende-formate-von-naturschutzkommunikation\\\/\",\"url\":\"https:\\\/\\\/radioleinewelle.de\\\/index.php\\\/2020\\\/10\\\/30\\\/naturerleben-und-gesundheit-storytelling-und-spannende-formate-von-naturschutzkommunikation\\\/\",\"name\":\"Naturerleben und Gesundheit, Storytelling und spannende Formate von Naturschutzkommunikation - Radio Leinewelle\",\"isPartOf\":{\"@id\":\"https:\\\/\\\/radioleinewelle.de\\\/#website\"},\"primaryImageOfPage\":{\"@id\":\"https:\\\/\\\/radioleinewelle.de\\\/index.php\\\/2020\\\/10\\\/30\\\/naturerleben-und-gesundheit-storytelling-und-spannende-formate-von-naturschutzkommunikation\\\/#primaryimage\"},\"image\":{\"@id\":\"https:\\\/\\\/radioleinewelle.de\\\/index.php\\\/2020\\\/10\\\/30\\\/naturerleben-und-gesundheit-storytelling-und-spannende-formate-von-naturschutzkommunikation\\\/#primaryimage\"},\"thumbnailUrl\":\"https:\\\/\\\/radioleinewelle.de\\\/wp-content\\\/uploads\\\/2020\\\/10\\\/forest-3686910_640.jpg\",\"datePublished\":\"2020-10-30T04:05:55+00:00\",\"breadcrumb\":{\"@id\":\"https:\\\/\\\/radioleinewelle.de\\\/index.php\\\/2020\\\/10\\\/30\\\/naturerleben-und-gesundheit-storytelling-und-spannende-formate-von-naturschutzkommunikation\\\/#breadcrumb\"},\"inLanguage\":\"de\",\"potentialAction\":[{\"@type\":\"ReadAction\",\"target\":[\"https:\\\/\\\/radioleinewelle.de\\\/index.php\\\/2020\\\/10\\\/30\\\/naturerleben-und-gesundheit-storytelling-und-spannende-formate-von-naturschutzkommunikation\\\/\"]}]},{\"@type\":\"ImageObject\",\"inLanguage\":\"de\",\"@id\":\"https:\\\/\\\/radioleinewelle.de\\\/index.php\\\/2020\\\/10\\\/30\\\/naturerleben-und-gesundheit-storytelling-und-spannende-formate-von-naturschutzkommunikation\\\/#primaryimage\",\"url\":\"https:\\\/\\\/radioleinewelle.de\\\/wp-content\\\/uploads\\\/2020\\\/10\\\/forest-3686910_640.jpg\",\"contentUrl\":\"https:\\\/\\\/radioleinewelle.de\\\/wp-content\\\/uploads\\\/2020\\\/10\\\/forest-3686910_640.jpg\",\"width\":640,\"height\":359},{\"@type\":\"BreadcrumbList\",\"@id\":\"https:\\\/\\\/radioleinewelle.de\\\/index.php\\\/2020\\\/10\\\/30\\\/naturerleben-und-gesundheit-storytelling-und-spannende-formate-von-naturschutzkommunikation\\\/#breadcrumb\",\"itemListElement\":[{\"@type\":\"ListItem\",\"position\":1,\"name\":\"Startseite\",\"item\":\"https:\\\/\\\/radioleinewelle.de\\\/\"},{\"@type\":\"ListItem\",\"position\":2,\"name\":\"Naturerleben und Gesundheit, Storytelling und spannende Formate von Naturschutzkommunikation\"}]},{\"@type\":\"WebSite\",\"@id\":\"https:\\\/\\\/radioleinewelle.de\\\/#website\",\"url\":\"https:\\\/\\\/radioleinewelle.de\\\/\",\"name\":\"Radio Leinewelle\",\"description\":\"\",\"publisher\":{\"@id\":\"https:\\\/\\\/radioleinewelle.de\\\/#organization\"},\"potentialAction\":[{\"@type\":\"SearchAction\",\"target\":{\"@type\":\"EntryPoint\",\"urlTemplate\":\"https:\\\/\\\/radioleinewelle.de\\\/?s={search_term_string}\"},\"query-input\":{\"@type\":\"PropertyValueSpecification\",\"valueRequired\":true,\"valueName\":\"search_term_string\"}}],\"inLanguage\":\"de\"},{\"@type\":\"Organization\",\"@id\":\"https:\\\/\\\/radioleinewelle.de\\\/#organization\",\"name\":\"Radio Leinewelle\",\"alternateName\":\"Mein Radio f\u00fcr S\u00fcdniedersachsen\",\"url\":\"https:\\\/\\\/radioleinewelle.de\\\/\",\"logo\":{\"@type\":\"ImageObject\",\"inLanguage\":\"de\",\"@id\":\"https:\\\/\\\/radioleinewelle.de\\\/#\\\/schema\\\/logo\\\/image\\\/\",\"url\":\"https:\\\/\\\/radioleinewelle.de\\\/wp-content\\\/uploads\\\/2023\\\/11\\\/cropped-Leinewelle_Logo_weiss.png\",\"contentUrl\":\"https:\\\/\\\/radioleinewelle.de\\\/wp-content\\\/uploads\\\/2023\\\/11\\\/cropped-Leinewelle_Logo_weiss.png\",\"width\":854,\"height\":260,\"caption\":\"Radio Leinewelle\"},\"image\":{\"@id\":\"https:\\\/\\\/radioleinewelle.de\\\/#\\\/schema\\\/logo\\\/image\\\/\"},\"sameAs\":[\"https:\\\/\\\/www.facebook.com\\\/radioleinewelle\",\"https:\\\/\\\/x.com\\\/RLeinewelle\",\"https:\\\/\\\/www.instagram.com\\\/radioleinewelle\\\/?hl=de\"]},{\"@type\":\"Person\",\"@id\":\"https:\\\/\\\/radioleinewelle.de\\\/#\\\/schema\\\/person\\\/45606f348637df637192dc1b68399a63\",\"name\":\"Leinewelle\",\"image\":{\"@type\":\"ImageObject\",\"inLanguage\":\"de\",\"@id\":\"https:\\\/\\\/secure.gravatar.com\\\/avatar\\\/05c9a17bc973052ee5d91549bd32fb4dd0dc85b7b85ae94b2e2b4943476bbea5?s=96&d=blank&r=g\",\"url\":\"https:\\\/\\\/secure.gravatar.com\\\/avatar\\\/05c9a17bc973052ee5d91549bd32fb4dd0dc85b7b85ae94b2e2b4943476bbea5?s=96&d=blank&r=g\",\"contentUrl\":\"https:\\\/\\\/secure.gravatar.com\\\/avatar\\\/05c9a17bc973052ee5d91549bd32fb4dd0dc85b7b85ae94b2e2b4943476bbea5?s=96&d=blank&r=g\",\"caption\":\"Leinewelle\"},\"sameAs\":[\"http:\\\/\\\/localhost\\\/radio%20leinewelle\\\/wordpress\",\"https:\\\/\\\/www.facebook.com\\\/radioleinewelle\",\"https:\\\/\\\/www.instagram.com\\\/radioleinewelle\",\"https:\\\/\\\/x.com\\\/https:\\\/\\\/twitter.com\\\/RLeinewelle?ref_src=twsrcgoogletwcampserptwgrauthor\",\"https:\\\/\\\/soundcloud.com\\\/foerderverein-lokalradio?utm_source=clipboard&utm_medium=text&utm_campaign=social_sharing\"],\"url\":\"https:\\\/\\\/radioleinewelle.de\\\/index.php\\\/author\\\/leinewelle\\\/\"}]}<\/script>\n<!-- \/ Yoast SEO plugin. -->","yoast_head_json":{"title":"Naturerleben und Gesundheit, Storytelling und spannende Formate von Naturschutzkommunikation - Radio Leinewelle","robots":{"index":"index","follow":"follow","max-snippet":"max-snippet:-1","max-image-preview":"max-image-preview:large","max-video-preview":"max-video-preview:-1"},"canonical":"https:\/\/radioleinewelle.de\/index.php\/2020\/10\/30\/naturerleben-und-gesundheit-storytelling-und-spannende-formate-von-naturschutzkommunikation\/","og_locale":"de_DE","og_type":"article","og_title":"Naturerleben und Gesundheit, Storytelling und spannende Formate von Naturschutzkommunikation - Radio Leinewelle","og_description":"\u201eNah dran\u201c, am Puls der Zeit sein, will die Naturschutzakademie mit ihren \u201eMitteilungen\u201c \u2013 und der Name ist Programm: Storytelling, Science Slams und Science Pubs, Virtual Reality oder digitale Angebote des Naturerlebens. Das neue Heft der \u201eMitteilungen aus der Naturschutzakademie\u201c stellt ein breites Spektrum an innovativen, \u00fcbertragbaren Formen und Formaten vor, wie Naturschutz und Nachhaltigkeit [&hellip;]","og_url":"https:\/\/radioleinewelle.de\/index.php\/2020\/10\/30\/naturerleben-und-gesundheit-storytelling-und-spannende-formate-von-naturschutzkommunikation\/","og_site_name":"Radio Leinewelle","article_publisher":"https:\/\/www.facebook.com\/radioleinewelle","article_author":"https:\/\/www.facebook.com\/radioleinewelle","article_published_time":"2020-10-30T04:05:55+00:00","og_image":[{"width":640,"height":359,"url":"https:\/\/radioleinewelle.de\/wp-content\/uploads\/2020\/10\/forest-3686910_640.jpg","type":"image\/jpeg"}],"author":"Leinewelle","twitter_card":"summary_large_image","twitter_creator":"@https:\/\/twitter.com\/RLeinewelle?ref_src=twsrcgoogletwcampserptwgrauthor","twitter_site":"@RLeinewelle","twitter_misc":{"Verfasst von":"Leinewelle","Gesch\u00e4tzte Lesezeit":"1\u00a0Minute"},"schema":{"@context":"https:\/\/schema.org","@graph":[{"@type":"Article","@id":"https:\/\/radioleinewelle.de\/index.php\/2020\/10\/30\/naturerleben-und-gesundheit-storytelling-und-spannende-formate-von-naturschutzkommunikation\/#article","isPartOf":{"@id":"https:\/\/radioleinewelle.de\/index.php\/2020\/10\/30\/naturerleben-und-gesundheit-storytelling-und-spannende-formate-von-naturschutzkommunikation\/"},"author":{"name":"Leinewelle","@id":"https:\/\/radioleinewelle.de\/#\/schema\/person\/45606f348637df637192dc1b68399a63"},"headline":"Naturerleben und Gesundheit, Storytelling und spannende Formate von Naturschutzkommunikation","datePublished":"2020-10-30T04:05:55+00:00","mainEntityOfPage":{"@id":"https:\/\/radioleinewelle.de\/index.php\/2020\/10\/30\/naturerleben-und-gesundheit-storytelling-und-spannende-formate-von-naturschutzkommunikation\/"},"wordCount":292,"publisher":{"@id":"https:\/\/radioleinewelle.de\/#organization"},"image":{"@id":"https:\/\/radioleinewelle.de\/index.php\/2020\/10\/30\/naturerleben-und-gesundheit-storytelling-und-spannende-formate-von-naturschutzkommunikation\/#primaryimage"},"thumbnailUrl":"https:\/\/radioleinewelle.de\/wp-content\/uploads\/2020\/10\/forest-3686910_640.jpg","articleSection":["Natur &amp; Umwelt"],"inLanguage":"de"},{"@type":"WebPage","@id":"https:\/\/radioleinewelle.de\/index.php\/2020\/10\/30\/naturerleben-und-gesundheit-storytelling-und-spannende-formate-von-naturschutzkommunikation\/","url":"https:\/\/radioleinewelle.de\/index.php\/2020\/10\/30\/naturerleben-und-gesundheit-storytelling-und-spannende-formate-von-naturschutzkommunikation\/","name":"Naturerleben und Gesundheit, Storytelling und spannende Formate von Naturschutzkommunikation - Radio Leinewelle","isPartOf":{"@id":"https:\/\/radioleinewelle.de\/#website"},"primaryImageOfPage":{"@id":"https:\/\/radioleinewelle.de\/index.php\/2020\/10\/30\/naturerleben-und-gesundheit-storytelling-und-spannende-formate-von-naturschutzkommunikation\/#primaryimage"},"image":{"@id":"https:\/\/radioleinewelle.de\/index.php\/2020\/10\/30\/naturerleben-und-gesundheit-storytelling-und-spannende-formate-von-naturschutzkommunikation\/#primaryimage"},"thumbnailUrl":"https:\/\/radioleinewelle.de\/wp-content\/uploads\/2020\/10\/forest-3686910_640.jpg","datePublished":"2020-10-30T04:05:55+00:00","breadcrumb":{"@id":"https:\/\/radioleinewelle.de\/index.php\/2020\/10\/30\/naturerleben-und-gesundheit-storytelling-und-spannende-formate-von-naturschutzkommunikation\/#breadcrumb"},"inLanguage":"de","potentialAction":[{"@type":"ReadAction","target":["https:\/\/radioleinewelle.de\/index.php\/2020\/10\/30\/naturerleben-und-gesundheit-storytelling-und-spannende-formate-von-naturschutzkommunikation\/"]}]},{"@type":"ImageObject","inLanguage":"de","@id":"https:\/\/radioleinewelle.de\/index.php\/2020\/10\/30\/naturerleben-und-gesundheit-storytelling-und-spannende-formate-von-naturschutzkommunikation\/#primaryimage","url":"https:\/\/radioleinewelle.de\/wp-content\/uploads\/2020\/10\/forest-3686910_640.jpg","contentUrl":"https:\/\/radioleinewelle.de\/wp-content\/uploads\/2020\/10\/forest-3686910_640.jpg","width":640,"height":359},{"@type":"BreadcrumbList","@id":"https:\/\/radioleinewelle.de\/index.php\/2020\/10\/30\/naturerleben-und-gesundheit-storytelling-und-spannende-formate-von-naturschutzkommunikation\/#breadcrumb","itemListElement":[{"@type":"ListItem","position":1,"name":"Startseite","item":"https:\/\/radioleinewelle.de\/"},{"@type":"ListItem","position":2,"name":"Naturerleben und Gesundheit, Storytelling und spannende Formate von Naturschutzkommunikation"}]},{"@type":"WebSite","@id":"https:\/\/radioleinewelle.de\/#website","url":"https:\/\/radioleinewelle.de\/","name":"Radio Leinewelle","description":"","publisher":{"@id":"https:\/\/radioleinewelle.de\/#organization"},"potentialAction":[{"@type":"SearchAction","target":{"@type":"EntryPoint","urlTemplate":"https:\/\/radioleinewelle.de\/?s={search_term_string}"},"query-input":{"@type":"PropertyValueSpecification","valueRequired":true,"valueName":"search_term_string"}}],"inLanguage":"de"},{"@type":"Organization","@id":"https:\/\/radioleinewelle.de\/#organization","name":"Radio Leinewelle","alternateName":"Mein Radio f\u00fcr S\u00fcdniedersachsen","url":"https:\/\/radioleinewelle.de\/","logo":{"@type":"ImageObject","inLanguage":"de","@id":"https:\/\/radioleinewelle.de\/#\/schema\/logo\/image\/","url":"https:\/\/radioleinewelle.de\/wp-content\/uploads\/2023\/11\/cropped-Leinewelle_Logo_weiss.png","contentUrl":"https:\/\/radioleinewelle.de\/wp-content\/uploads\/2023\/11\/cropped-Leinewelle_Logo_weiss.png","width":854,"height":260,"caption":"Radio Leinewelle"},"image":{"@id":"https:\/\/radioleinewelle.de\/#\/schema\/logo\/image\/"},"sameAs":["https:\/\/www.facebook.com\/radioleinewelle","https:\/\/x.com\/RLeinewelle","https:\/\/www.instagram.com\/radioleinewelle\/?hl=de"]},{"@type":"Person","@id":"https:\/\/radioleinewelle.de\/#\/schema\/person\/45606f348637df637192dc1b68399a63","name":"Leinewelle","image":{"@type":"ImageObject","inLanguage":"de","@id":"https:\/\/secure.gravatar.com\/avatar\/05c9a17bc973052ee5d91549bd32fb4dd0dc85b7b85ae94b2e2b4943476bbea5?s=96&d=blank&r=g","url":"https:\/\/secure.gravatar.com\/avatar\/05c9a17bc973052ee5d91549bd32fb4dd0dc85b7b85ae94b2e2b4943476bbea5?s=96&d=blank&r=g","contentUrl":"https:\/\/secure.gravatar.com\/avatar\/05c9a17bc973052ee5d91549bd32fb4dd0dc85b7b85ae94b2e2b4943476bbea5?s=96&d=blank&r=g","caption":"Leinewelle"},"sameAs":["http:\/\/localhost\/radio%20leinewelle\/wordpress","https:\/\/www.facebook.com\/radioleinewelle","https:\/\/www.instagram.com\/radioleinewelle","https:\/\/x.com\/https:\/\/twitter.com\/RLeinewelle?ref_src=twsrcgoogletwcampserptwgrauthor","https:\/\/soundcloud.com\/foerderverein-lokalradio?utm_source=clipboard&utm_medium=text&utm_campaign=social_sharing"],"url":"https:\/\/radioleinewelle.de\/index.php\/author\/leinewelle\/"}]}},"_links":{"self":[{"href":"https:\/\/radioleinewelle.de\/index.php\/wp-json\/wp\/v2\/posts\/2698","targetHints":{"allow":["GET"]}}],"collection":[{"href":"https:\/\/radioleinewelle.de\/index.php\/wp-json\/wp\/v2\/posts"}],"about":[{"href":"https:\/\/radioleinewelle.de\/index.php\/wp-json\/wp\/v2\/types\/post"}],"author":[{"embeddable":true,"href":"https:\/\/radioleinewelle.de\/index.php\/wp-json\/wp\/v2\/users\/1"}],"replies":[{"embeddable":true,"href":"https:\/\/radioleinewelle.de\/index.php\/wp-json\/wp\/v2\/comments?post=2698"}],"version-history":[{"count":0,"href":"https:\/\/radioleinewelle.de\/index.php\/wp-json\/wp\/v2\/posts\/2698\/revisions"}],"wp:featuredmedia":[{"embeddable":true,"href":"https:\/\/radioleinewelle.de\/index.php\/wp-json\/wp\/v2\/media\/2701"}],"wp:attachment":[{"href":"https:\/\/radioleinewelle.de\/index.php\/wp-json\/wp\/v2\/media?parent=2698"}],"wp:term":[{"taxonomy":"category","embeddable":true,"href":"https:\/\/radioleinewelle.de\/index.php\/wp-json\/wp\/v2\/categories?post=2698"},{"taxonomy":"post_tag","embeddable":true,"href":"https:\/\/radioleinewelle.de\/index.php\/wp-json\/wp\/v2\/tags?post=2698"}],"curies":[{"name":"wp","href":"https:\/\/api.w.org\/{rel}","templated":true}]}}