{"id":27010,"date":"2024-12-09T07:21:01","date_gmt":"2024-12-09T06:21:01","guid":{"rendered":"https:\/\/radioleinewelle.de\/?p=27010"},"modified":"2024-12-09T07:21:02","modified_gmt":"2024-12-09T06:21:02","slug":"hobbyfotograf-begeistert-mit-kalender-am-himmel-1250-euro-spende-fuer-kinderpalliativzentrum-goettingen","status":"publish","type":"post","link":"https:\/\/radioleinewelle.de\/index.php\/2024\/12\/09\/hobbyfotograf-begeistert-mit-kalender-am-himmel-1250-euro-spende-fuer-kinderpalliativzentrum-goettingen\/","title":{"rendered":"Hobbyfotograf begeistert mit Kalender \u201eAm Himmel\u201c \u2013 1250 Euro Spende f\u00fcr Kinderpalliativzentrum G\u00f6ttingen"},"content":{"rendered":"\n<p><\/p>\n\n\n\n<p><em>G\u00f6ttingen.<\/em>&nbsp;Der Himmel erz\u00e4hlt Geschichten, zeigt seine Launen und fasziniert seit jeher die Menschen. Diesen Zauber hat der Hobbyfotograf Andreas Blomeyer in seinem dritten Fotokalender \u201eAm Himmel\u201c eingefangen. Mit beeindruckenden Motiven wie Wolkenformationen, Blitzen, der funkelnden Milchstra\u00dfe, leuchtendem Feuerwerk sowie Flugzeugen, Drachen und Hubschraubern bietet der Kalender einen vielseitigen Blick in die Weiten \u00fcber uns.<\/p>\n\n\n\n<p>\u201eDer Himmel ist ein unersch\u00f6pfliches Motiv \u2013 immer anders und immer spannend\u201c, erkl\u00e4rt Andreas Blomeyer. \u201eMit diesem Kalender wollte ich zeigen, wie vielf\u00e4ltig und magisch dieser Raum \u00fcber uns sein kann.\u201c Der Kalender f\u00fcr 2025 wurde f\u00fcr 25 Euro pro St\u00fcck verkauft. Insgesamt kamen so 1250 Euro zusammen, die vollst\u00e4ndig an das Kinderpalliativzentrum G\u00f6ttingen gespendet werden.<\/p>\n\n\n\n<p>M\u00f6glich wurde dieser Erfolg auch durch die Unterst\u00fctzung seines Arbeitgebers, der Cynfo GmbH. Das Unternehmen hat 20 Exemplare des Kalenders erworben und damit einen wichtigen Beitrag zur Spendensumme geleistet. \u201eDie Zusammenarbeit hat mich sehr gefreut und zeigt, wie viel man gemeinsam bewirken kann\u201c, sagt Andreas Blomeyer.<\/p>\n\n\n\n<p>Bereits in den vergangenen Jahren hat Andreas Blomeyer \u00e4hnliche Projekte umgesetzt und Spenden gesammelt. \u201eEs ist einfach sch\u00f6n, mit meiner Leidenschaft f\u00fcr die Fotografie etwas Gutes zu bewirken\u201c, sagt er. Ob es auch 2026 einen neuen Kalender gibt? \u201eDie ersten Ideen habe ich bereits und bin schon gespannt, wohin die Reise gehen wird\u201c, verr\u00e4t er mit einem L\u00e4cheln.<\/p>\n\n\n\n<p>Wer selbst einen Beitrag leisten m\u00f6chte, kann das Kinderpalliativzentrum G\u00f6ttingen direkt unterst\u00fctzen oder Andreas Blomeyer auf sozialen Medien folgen, um \u00fcber zuk\u00fcnftige Projekte informiert zu bleiben. <\/p>\n","protected":false},"excerpt":{"rendered":"<p>G\u00f6ttingen.&nbsp;Der Himmel erz\u00e4hlt Geschichten, zeigt seine Launen und fasziniert seit jeher die Menschen. Diesen Zauber hat der Hobbyfotograf Andreas Blomeyer in seinem dritten Fotokalender \u201eAm Himmel\u201c eingefangen. Mit beeindruckenden Motiven wie Wolkenformationen, Blitzen, der funkelnden Milchstra\u00dfe, leuchtendem Feuerwerk sowie Flugzeugen, Drachen und Hubschraubern bietet der Kalender einen vielseitigen Blick in die Weiten \u00fcber uns. \u201eDer [&hellip;]<\/p>\n","protected":false},"author":1,"featured_media":27012,"comment_status":"open","ping_status":"open","sticky":false,"template":"","format":"standard","meta":{"saved_in_kubio":false,"footnotes":""},"categories":[49],"tags":[],"class_list":["post-27010","post","type-post","status-publish","format-standard","has-post-thumbnail","hentry","category-charity"],"yoast_head":"<!-- This site is optimized with the Yoast SEO plugin v27.4 - https:\/\/yoast.com\/product\/yoast-seo-wordpress\/ -->\n<title>Hobbyfotograf begeistert mit Kalender \u201eAm Himmel\u201c \u2013 1250 Euro Spende f\u00fcr Kinderpalliativzentrum G\u00f6ttingen - Radio Leinewelle<\/title>\n<meta name=\"robots\" content=\"index, follow, max-snippet:-1, max-image-preview:large, max-video-preview:-1\" \/>\n<link rel=\"canonical\" href=\"https:\/\/radioleinewelle.de\/index.php\/2024\/12\/09\/hobbyfotograf-begeistert-mit-kalender-am-himmel-1250-euro-spende-fuer-kinderpalliativzentrum-goettingen\/\" \/>\n<meta property=\"og:locale\" content=\"de_DE\" \/>\n<meta property=\"og:type\" content=\"article\" \/>\n<meta property=\"og:title\" content=\"Hobbyfotograf begeistert mit Kalender \u201eAm Himmel\u201c \u2013 1250 Euro Spende f\u00fcr Kinderpalliativzentrum G\u00f6ttingen - Radio Leinewelle\" \/>\n<meta property=\"og:description\" content=\"G\u00f6ttingen.&nbsp;Der Himmel erz\u00e4hlt Geschichten, zeigt seine Launen und fasziniert seit jeher die Menschen. Diesen Zauber hat der Hobbyfotograf Andreas Blomeyer in seinem dritten Fotokalender \u201eAm Himmel\u201c eingefangen. Mit beeindruckenden Motiven wie Wolkenformationen, Blitzen, der funkelnden Milchstra\u00dfe, leuchtendem Feuerwerk sowie Flugzeugen, Drachen und Hubschraubern bietet der Kalender einen vielseitigen Blick in die Weiten \u00fcber uns. \u201eDer [&hellip;]\" \/>\n<meta property=\"og:url\" content=\"https:\/\/radioleinewelle.de\/index.php\/2024\/12\/09\/hobbyfotograf-begeistert-mit-kalender-am-himmel-1250-euro-spende-fuer-kinderpalliativzentrum-goettingen\/\" \/>\n<meta property=\"og:site_name\" content=\"Radio Leinewelle\" \/>\n<meta property=\"article:publisher\" content=\"https:\/\/www.facebook.com\/radioleinewelle\" \/>\n<meta property=\"article:author\" content=\"https:\/\/www.facebook.com\/radioleinewelle\" \/>\n<meta property=\"article:published_time\" content=\"2024-12-09T06:21:01+00:00\" \/>\n<meta property=\"article:modified_time\" content=\"2024-12-09T06:21:02+00:00\" \/>\n<meta property=\"og:image\" content=\"https:\/\/radioleinewelle.de\/wp-content\/uploads\/2024\/12\/Andreas-Blomeyer-mit-Kalender-2025.jpg\" \/>\n\t<meta property=\"og:image:width\" content=\"790\" \/>\n\t<meta property=\"og:image:height\" content=\"852\" \/>\n\t<meta property=\"og:image:type\" content=\"image\/jpeg\" \/>\n<meta name=\"author\" content=\"Leinewelle\" \/>\n<meta name=\"twitter:card\" content=\"summary_large_image\" \/>\n<meta name=\"twitter:creator\" content=\"@https:\/\/twitter.com\/RLeinewelle?ref_src=twsrcgoogletwcampserptwgrauthor\" \/>\n<meta name=\"twitter:site\" content=\"@RLeinewelle\" \/>\n<meta name=\"twitter:label1\" content=\"Verfasst von\" \/>\n\t<meta name=\"twitter:data1\" content=\"Leinewelle\" \/>\n\t<meta name=\"twitter:label2\" content=\"Gesch\u00e4tzte Lesezeit\" \/>\n\t<meta name=\"twitter:data2\" content=\"2\u00a0Minuten\" \/>\n<script type=\"application\/ld+json\" class=\"yoast-schema-graph\">{\"@context\":\"https:\\\/\\\/schema.org\",\"@graph\":[{\"@type\":\"Article\",\"@id\":\"https:\\\/\\\/radioleinewelle.de\\\/index.php\\\/2024\\\/12\\\/09\\\/hobbyfotograf-begeistert-mit-kalender-am-himmel-1250-euro-spende-fuer-kinderpalliativzentrum-goettingen\\\/#article\",\"isPartOf\":{\"@id\":\"https:\\\/\\\/radioleinewelle.de\\\/index.php\\\/2024\\\/12\\\/09\\\/hobbyfotograf-begeistert-mit-kalender-am-himmel-1250-euro-spende-fuer-kinderpalliativzentrum-goettingen\\\/\"},\"author\":{\"name\":\"Leinewelle\",\"@id\":\"https:\\\/\\\/radioleinewelle.de\\\/#\\\/schema\\\/person\\\/45606f348637df637192dc1b68399a63\"},\"headline\":\"Hobbyfotograf begeistert mit Kalender \u201eAm Himmel\u201c \u2013 1250 Euro Spende f\u00fcr Kinderpalliativzentrum G\u00f6ttingen\",\"datePublished\":\"2024-12-09T06:21:01+00:00\",\"dateModified\":\"2024-12-09T06:21:02+00:00\",\"mainEntityOfPage\":{\"@id\":\"https:\\\/\\\/radioleinewelle.de\\\/index.php\\\/2024\\\/12\\\/09\\\/hobbyfotograf-begeistert-mit-kalender-am-himmel-1250-euro-spende-fuer-kinderpalliativzentrum-goettingen\\\/\"},\"wordCount\":270,\"commentCount\":0,\"publisher\":{\"@id\":\"https:\\\/\\\/radioleinewelle.de\\\/#organization\"},\"image\":{\"@id\":\"https:\\\/\\\/radioleinewelle.de\\\/index.php\\\/2024\\\/12\\\/09\\\/hobbyfotograf-begeistert-mit-kalender-am-himmel-1250-euro-spende-fuer-kinderpalliativzentrum-goettingen\\\/#primaryimage\"},\"thumbnailUrl\":\"https:\\\/\\\/radioleinewelle.de\\\/wp-content\\\/uploads\\\/2024\\\/12\\\/Andreas-Blomeyer-mit-Kalender-2025.jpg\",\"articleSection\":[\"Charity\"],\"inLanguage\":\"de\",\"potentialAction\":[{\"@type\":\"CommentAction\",\"name\":\"Comment\",\"target\":[\"https:\\\/\\\/radioleinewelle.de\\\/index.php\\\/2024\\\/12\\\/09\\\/hobbyfotograf-begeistert-mit-kalender-am-himmel-1250-euro-spende-fuer-kinderpalliativzentrum-goettingen\\\/#respond\"]}]},{\"@type\":\"WebPage\",\"@id\":\"https:\\\/\\\/radioleinewelle.de\\\/index.php\\\/2024\\\/12\\\/09\\\/hobbyfotograf-begeistert-mit-kalender-am-himmel-1250-euro-spende-fuer-kinderpalliativzentrum-goettingen\\\/\",\"url\":\"https:\\\/\\\/radioleinewelle.de\\\/index.php\\\/2024\\\/12\\\/09\\\/hobbyfotograf-begeistert-mit-kalender-am-himmel-1250-euro-spende-fuer-kinderpalliativzentrum-goettingen\\\/\",\"name\":\"Hobbyfotograf begeistert mit Kalender \u201eAm Himmel\u201c \u2013 1250 Euro Spende f\u00fcr Kinderpalliativzentrum G\u00f6ttingen - Radio Leinewelle\",\"isPartOf\":{\"@id\":\"https:\\\/\\\/radioleinewelle.de\\\/#website\"},\"primaryImageOfPage\":{\"@id\":\"https:\\\/\\\/radioleinewelle.de\\\/index.php\\\/2024\\\/12\\\/09\\\/hobbyfotograf-begeistert-mit-kalender-am-himmel-1250-euro-spende-fuer-kinderpalliativzentrum-goettingen\\\/#primaryimage\"},\"image\":{\"@id\":\"https:\\\/\\\/radioleinewelle.de\\\/index.php\\\/2024\\\/12\\\/09\\\/hobbyfotograf-begeistert-mit-kalender-am-himmel-1250-euro-spende-fuer-kinderpalliativzentrum-goettingen\\\/#primaryimage\"},\"thumbnailUrl\":\"https:\\\/\\\/radioleinewelle.de\\\/wp-content\\\/uploads\\\/2024\\\/12\\\/Andreas-Blomeyer-mit-Kalender-2025.jpg\",\"datePublished\":\"2024-12-09T06:21:01+00:00\",\"dateModified\":\"2024-12-09T06:21:02+00:00\",\"breadcrumb\":{\"@id\":\"https:\\\/\\\/radioleinewelle.de\\\/index.php\\\/2024\\\/12\\\/09\\\/hobbyfotograf-begeistert-mit-kalender-am-himmel-1250-euro-spende-fuer-kinderpalliativzentrum-goettingen\\\/#breadcrumb\"},\"inLanguage\":\"de\",\"potentialAction\":[{\"@type\":\"ReadAction\",\"target\":[\"https:\\\/\\\/radioleinewelle.de\\\/index.php\\\/2024\\\/12\\\/09\\\/hobbyfotograf-begeistert-mit-kalender-am-himmel-1250-euro-spende-fuer-kinderpalliativzentrum-goettingen\\\/\"]}]},{\"@type\":\"ImageObject\",\"inLanguage\":\"de\",\"@id\":\"https:\\\/\\\/radioleinewelle.de\\\/index.php\\\/2024\\\/12\\\/09\\\/hobbyfotograf-begeistert-mit-kalender-am-himmel-1250-euro-spende-fuer-kinderpalliativzentrum-goettingen\\\/#primaryimage\",\"url\":\"https:\\\/\\\/radioleinewelle.de\\\/wp-content\\\/uploads\\\/2024\\\/12\\\/Andreas-Blomeyer-mit-Kalender-2025.jpg\",\"contentUrl\":\"https:\\\/\\\/radioleinewelle.de\\\/wp-content\\\/uploads\\\/2024\\\/12\\\/Andreas-Blomeyer-mit-Kalender-2025.jpg\",\"width\":790,\"height\":852},{\"@type\":\"BreadcrumbList\",\"@id\":\"https:\\\/\\\/radioleinewelle.de\\\/index.php\\\/2024\\\/12\\\/09\\\/hobbyfotograf-begeistert-mit-kalender-am-himmel-1250-euro-spende-fuer-kinderpalliativzentrum-goettingen\\\/#breadcrumb\",\"itemListElement\":[{\"@type\":\"ListItem\",\"position\":1,\"name\":\"Startseite\",\"item\":\"https:\\\/\\\/radioleinewelle.de\\\/\"},{\"@type\":\"ListItem\",\"position\":2,\"name\":\"Hobbyfotograf begeistert mit Kalender \u201eAm Himmel\u201c \u2013 1250 Euro Spende f\u00fcr Kinderpalliativzentrum G\u00f6ttingen\"}]},{\"@type\":\"WebSite\",\"@id\":\"https:\\\/\\\/radioleinewelle.de\\\/#website\",\"url\":\"https:\\\/\\\/radioleinewelle.de\\\/\",\"name\":\"Radio Leinewelle\",\"description\":\"\",\"publisher\":{\"@id\":\"https:\\\/\\\/radioleinewelle.de\\\/#organization\"},\"potentialAction\":[{\"@type\":\"SearchAction\",\"target\":{\"@type\":\"EntryPoint\",\"urlTemplate\":\"https:\\\/\\\/radioleinewelle.de\\\/?s={search_term_string}\"},\"query-input\":{\"@type\":\"PropertyValueSpecification\",\"valueRequired\":true,\"valueName\":\"search_term_string\"}}],\"inLanguage\":\"de\"},{\"@type\":\"Organization\",\"@id\":\"https:\\\/\\\/radioleinewelle.de\\\/#organization\",\"name\":\"Radio Leinewelle\",\"alternateName\":\"Mein Radio f\u00fcr S\u00fcdniedersachsen\",\"url\":\"https:\\\/\\\/radioleinewelle.de\\\/\",\"logo\":{\"@type\":\"ImageObject\",\"inLanguage\":\"de\",\"@id\":\"https:\\\/\\\/radioleinewelle.de\\\/#\\\/schema\\\/logo\\\/image\\\/\",\"url\":\"https:\\\/\\\/radioleinewelle.de\\\/wp-content\\\/uploads\\\/2023\\\/11\\\/cropped-Leinewelle_Logo_weiss.png\",\"contentUrl\":\"https:\\\/\\\/radioleinewelle.de\\\/wp-content\\\/uploads\\\/2023\\\/11\\\/cropped-Leinewelle_Logo_weiss.png\",\"width\":854,\"height\":260,\"caption\":\"Radio Leinewelle\"},\"image\":{\"@id\":\"https:\\\/\\\/radioleinewelle.de\\\/#\\\/schema\\\/logo\\\/image\\\/\"},\"sameAs\":[\"https:\\\/\\\/www.facebook.com\\\/radioleinewelle\",\"https:\\\/\\\/x.com\\\/RLeinewelle\",\"https:\\\/\\\/www.instagram.com\\\/radioleinewelle\\\/?hl=de\"]},{\"@type\":\"Person\",\"@id\":\"https:\\\/\\\/radioleinewelle.de\\\/#\\\/schema\\\/person\\\/45606f348637df637192dc1b68399a63\",\"name\":\"Leinewelle\",\"image\":{\"@type\":\"ImageObject\",\"inLanguage\":\"de\",\"@id\":\"https:\\\/\\\/secure.gravatar.com\\\/avatar\\\/05c9a17bc973052ee5d91549bd32fb4dd0dc85b7b85ae94b2e2b4943476bbea5?s=96&d=blank&r=g\",\"url\":\"https:\\\/\\\/secure.gravatar.com\\\/avatar\\\/05c9a17bc973052ee5d91549bd32fb4dd0dc85b7b85ae94b2e2b4943476bbea5?s=96&d=blank&r=g\",\"contentUrl\":\"https:\\\/\\\/secure.gravatar.com\\\/avatar\\\/05c9a17bc973052ee5d91549bd32fb4dd0dc85b7b85ae94b2e2b4943476bbea5?s=96&d=blank&r=g\",\"caption\":\"Leinewelle\"},\"sameAs\":[\"http:\\\/\\\/localhost\\\/radio%20leinewelle\\\/wordpress\",\"https:\\\/\\\/www.facebook.com\\\/radioleinewelle\",\"https:\\\/\\\/www.instagram.com\\\/radioleinewelle\",\"https:\\\/\\\/x.com\\\/https:\\\/\\\/twitter.com\\\/RLeinewelle?ref_src=twsrcgoogletwcampserptwgrauthor\",\"https:\\\/\\\/soundcloud.com\\\/foerderverein-lokalradio?utm_source=clipboard&utm_medium=text&utm_campaign=social_sharing\"],\"url\":\"https:\\\/\\\/radioleinewelle.de\\\/index.php\\\/author\\\/leinewelle\\\/\"}]}<\/script>\n<!-- \/ Yoast SEO plugin. -->","yoast_head_json":{"title":"Hobbyfotograf begeistert mit Kalender \u201eAm Himmel\u201c \u2013 1250 Euro Spende f\u00fcr Kinderpalliativzentrum G\u00f6ttingen - Radio Leinewelle","robots":{"index":"index","follow":"follow","max-snippet":"max-snippet:-1","max-image-preview":"max-image-preview:large","max-video-preview":"max-video-preview:-1"},"canonical":"https:\/\/radioleinewelle.de\/index.php\/2024\/12\/09\/hobbyfotograf-begeistert-mit-kalender-am-himmel-1250-euro-spende-fuer-kinderpalliativzentrum-goettingen\/","og_locale":"de_DE","og_type":"article","og_title":"Hobbyfotograf begeistert mit Kalender \u201eAm Himmel\u201c \u2013 1250 Euro Spende f\u00fcr Kinderpalliativzentrum G\u00f6ttingen - Radio Leinewelle","og_description":"G\u00f6ttingen.&nbsp;Der Himmel erz\u00e4hlt Geschichten, zeigt seine Launen und fasziniert seit jeher die Menschen. Diesen Zauber hat der Hobbyfotograf Andreas Blomeyer in seinem dritten Fotokalender \u201eAm Himmel\u201c eingefangen. Mit beeindruckenden Motiven wie Wolkenformationen, Blitzen, der funkelnden Milchstra\u00dfe, leuchtendem Feuerwerk sowie Flugzeugen, Drachen und Hubschraubern bietet der Kalender einen vielseitigen Blick in die Weiten \u00fcber uns. \u201eDer [&hellip;]","og_url":"https:\/\/radioleinewelle.de\/index.php\/2024\/12\/09\/hobbyfotograf-begeistert-mit-kalender-am-himmel-1250-euro-spende-fuer-kinderpalliativzentrum-goettingen\/","og_site_name":"Radio Leinewelle","article_publisher":"https:\/\/www.facebook.com\/radioleinewelle","article_author":"https:\/\/www.facebook.com\/radioleinewelle","article_published_time":"2024-12-09T06:21:01+00:00","article_modified_time":"2024-12-09T06:21:02+00:00","og_image":[{"width":790,"height":852,"url":"https:\/\/radioleinewelle.de\/wp-content\/uploads\/2024\/12\/Andreas-Blomeyer-mit-Kalender-2025.jpg","type":"image\/jpeg"}],"author":"Leinewelle","twitter_card":"summary_large_image","twitter_creator":"@https:\/\/twitter.com\/RLeinewelle?ref_src=twsrcgoogletwcampserptwgrauthor","twitter_site":"@RLeinewelle","twitter_misc":{"Verfasst von":"Leinewelle","Gesch\u00e4tzte Lesezeit":"2\u00a0Minuten"},"schema":{"@context":"https:\/\/schema.org","@graph":[{"@type":"Article","@id":"https:\/\/radioleinewelle.de\/index.php\/2024\/12\/09\/hobbyfotograf-begeistert-mit-kalender-am-himmel-1250-euro-spende-fuer-kinderpalliativzentrum-goettingen\/#article","isPartOf":{"@id":"https:\/\/radioleinewelle.de\/index.php\/2024\/12\/09\/hobbyfotograf-begeistert-mit-kalender-am-himmel-1250-euro-spende-fuer-kinderpalliativzentrum-goettingen\/"},"author":{"name":"Leinewelle","@id":"https:\/\/radioleinewelle.de\/#\/schema\/person\/45606f348637df637192dc1b68399a63"},"headline":"Hobbyfotograf begeistert mit Kalender \u201eAm Himmel\u201c \u2013 1250 Euro Spende f\u00fcr Kinderpalliativzentrum G\u00f6ttingen","datePublished":"2024-12-09T06:21:01+00:00","dateModified":"2024-12-09T06:21:02+00:00","mainEntityOfPage":{"@id":"https:\/\/radioleinewelle.de\/index.php\/2024\/12\/09\/hobbyfotograf-begeistert-mit-kalender-am-himmel-1250-euro-spende-fuer-kinderpalliativzentrum-goettingen\/"},"wordCount":270,"commentCount":0,"publisher":{"@id":"https:\/\/radioleinewelle.de\/#organization"},"image":{"@id":"https:\/\/radioleinewelle.de\/index.php\/2024\/12\/09\/hobbyfotograf-begeistert-mit-kalender-am-himmel-1250-euro-spende-fuer-kinderpalliativzentrum-goettingen\/#primaryimage"},"thumbnailUrl":"https:\/\/radioleinewelle.de\/wp-content\/uploads\/2024\/12\/Andreas-Blomeyer-mit-Kalender-2025.jpg","articleSection":["Charity"],"inLanguage":"de","potentialAction":[{"@type":"CommentAction","name":"Comment","target":["https:\/\/radioleinewelle.de\/index.php\/2024\/12\/09\/hobbyfotograf-begeistert-mit-kalender-am-himmel-1250-euro-spende-fuer-kinderpalliativzentrum-goettingen\/#respond"]}]},{"@type":"WebPage","@id":"https:\/\/radioleinewelle.de\/index.php\/2024\/12\/09\/hobbyfotograf-begeistert-mit-kalender-am-himmel-1250-euro-spende-fuer-kinderpalliativzentrum-goettingen\/","url":"https:\/\/radioleinewelle.de\/index.php\/2024\/12\/09\/hobbyfotograf-begeistert-mit-kalender-am-himmel-1250-euro-spende-fuer-kinderpalliativzentrum-goettingen\/","name":"Hobbyfotograf begeistert mit Kalender \u201eAm Himmel\u201c \u2013 1250 Euro Spende f\u00fcr Kinderpalliativzentrum G\u00f6ttingen - Radio Leinewelle","isPartOf":{"@id":"https:\/\/radioleinewelle.de\/#website"},"primaryImageOfPage":{"@id":"https:\/\/radioleinewelle.de\/index.php\/2024\/12\/09\/hobbyfotograf-begeistert-mit-kalender-am-himmel-1250-euro-spende-fuer-kinderpalliativzentrum-goettingen\/#primaryimage"},"image":{"@id":"https:\/\/radioleinewelle.de\/index.php\/2024\/12\/09\/hobbyfotograf-begeistert-mit-kalender-am-himmel-1250-euro-spende-fuer-kinderpalliativzentrum-goettingen\/#primaryimage"},"thumbnailUrl":"https:\/\/radioleinewelle.de\/wp-content\/uploads\/2024\/12\/Andreas-Blomeyer-mit-Kalender-2025.jpg","datePublished":"2024-12-09T06:21:01+00:00","dateModified":"2024-12-09T06:21:02+00:00","breadcrumb":{"@id":"https:\/\/radioleinewelle.de\/index.php\/2024\/12\/09\/hobbyfotograf-begeistert-mit-kalender-am-himmel-1250-euro-spende-fuer-kinderpalliativzentrum-goettingen\/#breadcrumb"},"inLanguage":"de","potentialAction":[{"@type":"ReadAction","target":["https:\/\/radioleinewelle.de\/index.php\/2024\/12\/09\/hobbyfotograf-begeistert-mit-kalender-am-himmel-1250-euro-spende-fuer-kinderpalliativzentrum-goettingen\/"]}]},{"@type":"ImageObject","inLanguage":"de","@id":"https:\/\/radioleinewelle.de\/index.php\/2024\/12\/09\/hobbyfotograf-begeistert-mit-kalender-am-himmel-1250-euro-spende-fuer-kinderpalliativzentrum-goettingen\/#primaryimage","url":"https:\/\/radioleinewelle.de\/wp-content\/uploads\/2024\/12\/Andreas-Blomeyer-mit-Kalender-2025.jpg","contentUrl":"https:\/\/radioleinewelle.de\/wp-content\/uploads\/2024\/12\/Andreas-Blomeyer-mit-Kalender-2025.jpg","width":790,"height":852},{"@type":"BreadcrumbList","@id":"https:\/\/radioleinewelle.de\/index.php\/2024\/12\/09\/hobbyfotograf-begeistert-mit-kalender-am-himmel-1250-euro-spende-fuer-kinderpalliativzentrum-goettingen\/#breadcrumb","itemListElement":[{"@type":"ListItem","position":1,"name":"Startseite","item":"https:\/\/radioleinewelle.de\/"},{"@type":"ListItem","position":2,"name":"Hobbyfotograf begeistert mit Kalender \u201eAm Himmel\u201c \u2013 1250 Euro Spende f\u00fcr Kinderpalliativzentrum G\u00f6ttingen"}]},{"@type":"WebSite","@id":"https:\/\/radioleinewelle.de\/#website","url":"https:\/\/radioleinewelle.de\/","name":"Radio Leinewelle","description":"","publisher":{"@id":"https:\/\/radioleinewelle.de\/#organization"},"potentialAction":[{"@type":"SearchAction","target":{"@type":"EntryPoint","urlTemplate":"https:\/\/radioleinewelle.de\/?s={search_term_string}"},"query-input":{"@type":"PropertyValueSpecification","valueRequired":true,"valueName":"search_term_string"}}],"inLanguage":"de"},{"@type":"Organization","@id":"https:\/\/radioleinewelle.de\/#organization","name":"Radio Leinewelle","alternateName":"Mein Radio f\u00fcr S\u00fcdniedersachsen","url":"https:\/\/radioleinewelle.de\/","logo":{"@type":"ImageObject","inLanguage":"de","@id":"https:\/\/radioleinewelle.de\/#\/schema\/logo\/image\/","url":"https:\/\/radioleinewelle.de\/wp-content\/uploads\/2023\/11\/cropped-Leinewelle_Logo_weiss.png","contentUrl":"https:\/\/radioleinewelle.de\/wp-content\/uploads\/2023\/11\/cropped-Leinewelle_Logo_weiss.png","width":854,"height":260,"caption":"Radio Leinewelle"},"image":{"@id":"https:\/\/radioleinewelle.de\/#\/schema\/logo\/image\/"},"sameAs":["https:\/\/www.facebook.com\/radioleinewelle","https:\/\/x.com\/RLeinewelle","https:\/\/www.instagram.com\/radioleinewelle\/?hl=de"]},{"@type":"Person","@id":"https:\/\/radioleinewelle.de\/#\/schema\/person\/45606f348637df637192dc1b68399a63","name":"Leinewelle","image":{"@type":"ImageObject","inLanguage":"de","@id":"https:\/\/secure.gravatar.com\/avatar\/05c9a17bc973052ee5d91549bd32fb4dd0dc85b7b85ae94b2e2b4943476bbea5?s=96&d=blank&r=g","url":"https:\/\/secure.gravatar.com\/avatar\/05c9a17bc973052ee5d91549bd32fb4dd0dc85b7b85ae94b2e2b4943476bbea5?s=96&d=blank&r=g","contentUrl":"https:\/\/secure.gravatar.com\/avatar\/05c9a17bc973052ee5d91549bd32fb4dd0dc85b7b85ae94b2e2b4943476bbea5?s=96&d=blank&r=g","caption":"Leinewelle"},"sameAs":["http:\/\/localhost\/radio%20leinewelle\/wordpress","https:\/\/www.facebook.com\/radioleinewelle","https:\/\/www.instagram.com\/radioleinewelle","https:\/\/x.com\/https:\/\/twitter.com\/RLeinewelle?ref_src=twsrcgoogletwcampserptwgrauthor","https:\/\/soundcloud.com\/foerderverein-lokalradio?utm_source=clipboard&utm_medium=text&utm_campaign=social_sharing"],"url":"https:\/\/radioleinewelle.de\/index.php\/author\/leinewelle\/"}]}},"_links":{"self":[{"href":"https:\/\/radioleinewelle.de\/index.php\/wp-json\/wp\/v2\/posts\/27010","targetHints":{"allow":["GET"]}}],"collection":[{"href":"https:\/\/radioleinewelle.de\/index.php\/wp-json\/wp\/v2\/posts"}],"about":[{"href":"https:\/\/radioleinewelle.de\/index.php\/wp-json\/wp\/v2\/types\/post"}],"author":[{"embeddable":true,"href":"https:\/\/radioleinewelle.de\/index.php\/wp-json\/wp\/v2\/users\/1"}],"replies":[{"embeddable":true,"href":"https:\/\/radioleinewelle.de\/index.php\/wp-json\/wp\/v2\/comments?post=27010"}],"version-history":[{"count":1,"href":"https:\/\/radioleinewelle.de\/index.php\/wp-json\/wp\/v2\/posts\/27010\/revisions"}],"predecessor-version":[{"id":27011,"href":"https:\/\/radioleinewelle.de\/index.php\/wp-json\/wp\/v2\/posts\/27010\/revisions\/27011"}],"wp:featuredmedia":[{"embeddable":true,"href":"https:\/\/radioleinewelle.de\/index.php\/wp-json\/wp\/v2\/media\/27012"}],"wp:attachment":[{"href":"https:\/\/radioleinewelle.de\/index.php\/wp-json\/wp\/v2\/media?parent=27010"}],"wp:term":[{"taxonomy":"category","embeddable":true,"href":"https:\/\/radioleinewelle.de\/index.php\/wp-json\/wp\/v2\/categories?post=27010"},{"taxonomy":"post_tag","embeddable":true,"href":"https:\/\/radioleinewelle.de\/index.php\/wp-json\/wp\/v2\/tags?post=27010"}],"curies":[{"name":"wp","href":"https:\/\/api.w.org\/{rel}","templated":true}]}}