{"id":2703,"date":"2020-10-30T21:43:38","date_gmt":"2020-10-30T20:43:38","guid":{"rendered":"https:\/\/radioleinewelle.de\/?p=2703"},"modified":"2020-10-30T21:43:38","modified_gmt":"2020-10-30T20:43:38","slug":"corona-pandemie-grenzwert-von-50-ist-ueberschritten","status":"publish","type":"post","link":"https:\/\/radioleinewelle.de\/index.php\/2020\/10\/30\/corona-pandemie-grenzwert-von-50-ist-ueberschritten\/","title":{"rendered":"Corona-Pandemie: Grenzwert von 50 ist \u00fcberschritten"},"content":{"rendered":"<p>Die Zahl der positiv getesteten Menschen in Stadt und Landkreis G\u00f6ttingen liegt aktuell bei 213. Der Inzidenzwert, also die Quote der Neuinfektionen je 100.000 Einwohner*innen in den vergangenen sieben Tagen, liegt laut des ma\u00dfgeblichen aktuellen <a class=\"extern\" href=\"https:\/\/www.niedersachsen.de\/Coronavirus\/aktuelle_lage_in_niedersachsen\/\" target=\"_blank\" rel=\"noopener\">Lageberichts des Landes\u00a0<\/a> f\u00fcr Freitag, 30. Oktober 2020, bei 52,4.<\/p>\n<p>Damit gelten die vom Land und vom Gesundheitsamt f\u00fcr Stadt und Landkreis <a class=\"intern\" title=\"beschlossenen Ma\u00dfnahmen\" href=\"https:\/\/www.goettingen.de\/aktuelles\/corona-pandemie-gesundheitsamt-ergaenzt-allgemeinverfuegung-2020-10-27.html\" target=\"_blank\" rel=\"noopener\">beschlossenen Ma\u00dfnahmen<\/a>:\u00a0Maskenpflicht gilt in der Stadt G\u00f6ttingen auf den Wallanlagen, innerhalb des Walls (Innenstadt) sowie am Albaniplatz; in der Stadt Bad Lauterberg im Harz in der Innenstadt auf dem sogenannten Boulevard.\u00a0Au\u00dferdem d\u00fcrfen maximal zehn Personen aus zwei Haushalten bzw. enge Angeh\u00f6rige privat, in der \u00d6ffentlichkeit bzw. in Gastst\u00e4tten zusammenkommen. Veranstaltungen mit sitzendem Publikum d\u00fcrfen maximal 100 G\u00e4ste umfassen.\u00a0Die Gesamtzahl best\u00e4tigter Infektionen mit dem Corona-Virus liegt bei 1.849; davon sind 693 in der Stadt G\u00f6ttingen gemeldet, 1.156 im weiteren Kreisgebiet. 1.551 Personen gelten als von der Infektion genesen, 85 sind in Verbindung mit dem Corona-Virus gestorben.<\/p>\n<h3>Die Fallzahlen zum Corona-Geschehen in den St\u00e4dten und Gemeinden (Gesamtzahl Infizierte \/ aktuell Erkrankte)<\/h3>\n<ul>\n<li>Flecken Adelebsen (13 \/ 3)<\/li>\n<li>Gemeinde Bad Grund (Harz) (49 \/ 3)<\/li>\n<li>Stadt Bad Lauterberg im Harz (106 \/ 11)<\/li>\n<li>Stadt Bad Sachsa (83 \/ 1)<\/li>\n<li>Flecken Bovenden (32 \/ 3)<\/li>\n<li>Samtgemeinde Dransfeld (21 \/ 7)<\/li>\n<li>Stadt Duderstadt (132 \/ 43)<\/li>\n<li>Gemeinde Friedland (69 \/ 3)<\/li>\n<li>Samtgemeinde Gieboldehausen (72 \/ 21)<\/li>\n<li>Gemeinde Gleichen (35 \/ 4)<\/li>\n<li>Stadt G\u00f6ttingen (693 \/ 65)<\/li>\n<li>Stadt Hann. M\u00fcnden (61 \/ 14)<\/li>\n<li>Samtgemeinde Hattorf am Harz (63 \/ 12)<\/li>\n<li>Stadt Herzberg am Harz (232 \/ 11)<\/li>\n<li>Stadt Osterode am Harz (115 \/ 4)<\/li>\n<li>Samtgemeinde Radolfshausen (7 \/ 1)<\/li>\n<li>Gemeinde Rosdorf (52 \/ 3)<\/li>\n<li>Gemeinde Staufenberg (10 \/ 4)<\/li>\n<li>Gemeinde Walkenried (4 \/ 0)<\/li>\n<\/ul>\n<p>Drei Kitas betroffen:\u00a0An drei Kitas in Stadt und Landkreis G\u00f6ttingen (Kita Grone, Tr\u00e4ger: Stadt G\u00f6ttingen; Kindertagesst\u00e4tte Sellenfried Rosdorf, Tr\u00e4ger: Ev.luth. Kirchenkreis G\u00f6ttingen und Katholische Kindertagesst\u00e4tte St. Josef, Tr\u00e4ger: Kath. Kirchengemeinde St. Josef Herzberg am Harz) gab es jeweils einen Infektionsfallunter. Alle drei Kitas arbeiten mit einem offenen Konzept, das hei\u00dft, die Kinder sind einzelnen Gruppen nicht fest zugeordnet. Das macht alle Besch\u00e4ftigten sowie die Kinder zu Kontaktpersonen der Kategorie 1; eine Quarant\u00e4ne f\u00fcr vierzehn Tage wurde f\u00fcr alle angeordnet.\u00a0Am 23. Oktober 2020 bestand der letzte potenziell infekti\u00f6se Kontakt der Erziehrinnen zu den \u00fcbrigen Besch\u00e4ftigten bzw. Kindern, sodass die Quarant\u00e4ne am Freitag, 6. November 2020, endet. Kenntnisse \u00fcber die positiven F\u00e4lle hatte das Gesundheitsamt f\u00fcr die Stadt und den Landkreis G\u00f6ttingen erst am Abend des 27. Oktober 2020 erlangt. Ein Reihentest k\u00f6nnte aufgrund der bestehenden Testkapazit\u00e4ten in den Laboren erst am Montag, 2. November 2020, starten. Ergebnisse daraus sind wiederum fr\u00fchestens f\u00fcr Mittwoch oder Donnerstag, 4. bzw. 5. November, zu erwarten. Da kurz darauf die Quarant\u00e4nezeit abl\u00e4uft, wird darauf verzichtet, alle Personen zu testen. Da sich zudem alle Infizierten und deren Kontaktpersonen Kategorie 1 in Quarant\u00e4ne befinden, geht kein Infektionsrisiko von ihnen aus. Sollten die Betroffenen in der Zwischenzeit Symptome entwickeln, erfolgt ein Test ohnehin durch die behandelnde (Kinder-)\u00c4rztin bzw. -Arzt.<\/p>\n<p>Info-Hotlines &amp; Liveblog<br \/>\nStadt und Landkreis G\u00f6ttingen haben\u00a0<a class=\"intern\" title=\"Hotlines f\u00fcr Gewerbetreibende und Unternehmen geschaltet\" href=\"http:\/\/www.goettingen.de\/aktuelles\/buergertelefon-zum-coronavirus-eingerichtet-2020-03-04.html\">Hotlines f\u00fcr Gewerbetreibende und Unternehmen geschaltet<\/a>.\u00a0\u00a0\u00a0Zum Thema Coronavirus gibt es au\u00dferdem einen<span class=\"Apple-converted-space\">\u00a0<\/span><a class=\"intern\" title=\"Liveblog\" href=\"https:\/\/www.goettingen.de\/aktuelles\/coronavirus-das-gesundheitsamt-informiert-2020-02-17.html\">Liveblog<\/a><\/p>\n<p>Bild von <a href=\"https:\/\/pixabay.com\/de\/users\/tumisu-148124\/?utm_source=link-attribution&amp;utm_medium=referral&amp;utm_campaign=image&amp;utm_content=4914028\">Tumisu<\/a><a class=\"intern\" title=\"Liveblog\" href=\"https:\/\/www.goettingen.de\/aktuelles\/coronavirus-das-gesundheitsamt-informiert-2020-02-17.html\"> auf <\/a><a href=\"https:\/\/pixabay.com\/de\/?utm_source=link-attribution&amp;utm_medium=referral&amp;utm_campaign=image&amp;utm_content=4914028\">Pixabay<\/a><\/p>\n<p>&nbsp;<\/p>\n<p>&nbsp;<\/p>\n<div class=\"internerlinkouter\"><\/div>\n<p>.<\/p>\n<p>&nbsp;<\/p>\n","protected":false},"excerpt":{"rendered":"<p>Die Zahl der positiv getesteten Menschen in Stadt und Landkreis G\u00f6ttingen liegt aktuell bei 213. Der Inzidenzwert, also die Quote der Neuinfektionen je 100.000 Einwohner*innen in den vergangenen sieben Tagen, liegt laut des ma\u00dfgeblichen aktuellen Lageberichts des Landes\u00a0 f\u00fcr Freitag, 30. Oktober 2020, bei 52,4. Damit gelten die vom Land und vom Gesundheitsamt f\u00fcr Stadt [&hellip;]<\/p>\n","protected":false},"author":1,"featured_media":2613,"comment_status":"closed","ping_status":"closed","sticky":false,"template":"","format":"standard","meta":{"saved_in_kubio":false,"footnotes":""},"categories":[24],"tags":[],"class_list":["post-2703","post","type-post","status-publish","format-standard","has-post-thumbnail","hentry","category-news"],"yoast_head":"<!-- This site is optimized with the Yoast SEO plugin v27.5 - https:\/\/yoast.com\/product\/yoast-seo-wordpress\/ -->\n<title>Corona-Pandemie: Grenzwert von 50 ist \u00fcberschritten - Radio Leinewelle<\/title>\n<meta name=\"robots\" content=\"index, follow, max-snippet:-1, max-image-preview:large, max-video-preview:-1\" \/>\n<link rel=\"canonical\" href=\"https:\/\/radioleinewelle.de\/index.php\/2020\/10\/30\/corona-pandemie-grenzwert-von-50-ist-ueberschritten\/\" \/>\n<meta property=\"og:locale\" content=\"de_DE\" \/>\n<meta property=\"og:type\" content=\"article\" \/>\n<meta property=\"og:title\" content=\"Corona-Pandemie: Grenzwert von 50 ist \u00fcberschritten - Radio Leinewelle\" \/>\n<meta property=\"og:description\" content=\"Die Zahl der positiv getesteten Menschen in Stadt und Landkreis G\u00f6ttingen liegt aktuell bei 213. Der Inzidenzwert, also die Quote der Neuinfektionen je 100.000 Einwohner*innen in den vergangenen sieben Tagen, liegt laut des ma\u00dfgeblichen aktuellen Lageberichts des Landes\u00a0 f\u00fcr Freitag, 30. Oktober 2020, bei 52,4. Damit gelten die vom Land und vom Gesundheitsamt f\u00fcr Stadt [&hellip;]\" \/>\n<meta property=\"og:url\" content=\"https:\/\/radioleinewelle.de\/index.php\/2020\/10\/30\/corona-pandemie-grenzwert-von-50-ist-ueberschritten\/\" \/>\n<meta property=\"og:site_name\" content=\"Radio Leinewelle\" \/>\n<meta property=\"article:publisher\" content=\"https:\/\/www.facebook.com\/radioleinewelle\" \/>\n<meta property=\"article:author\" content=\"https:\/\/www.facebook.com\/radioleinewelle\" \/>\n<meta property=\"article:published_time\" content=\"2020-10-30T20:43:38+00:00\" \/>\n<meta property=\"og:image\" content=\"https:\/\/radioleinewelle.de\/wp-content\/uploads\/2020\/10\/coronavirus-4914028_640-1.jpg\" \/>\n\t<meta property=\"og:image:width\" content=\"640\" \/>\n\t<meta property=\"og:image:height\" content=\"363\" \/>\n\t<meta property=\"og:image:type\" content=\"image\/jpeg\" \/>\n<meta name=\"author\" content=\"Leinewelle\" \/>\n<meta name=\"twitter:card\" content=\"summary_large_image\" \/>\n<meta name=\"twitter:creator\" content=\"@https:\/\/twitter.com\/RLeinewelle?ref_src=twsrcgoogletwcampserptwgrauthor\" \/>\n<meta name=\"twitter:site\" content=\"@RLeinewelle\" \/>\n<meta name=\"twitter:label1\" content=\"Verfasst von\" \/>\n\t<meta name=\"twitter:data1\" content=\"Leinewelle\" \/>\n\t<meta name=\"twitter:label2\" content=\"Gesch\u00e4tzte Lesezeit\" \/>\n\t<meta name=\"twitter:data2\" content=\"2\u00a0Minuten\" \/>\n<script type=\"application\/ld+json\" class=\"yoast-schema-graph\">{\"@context\":\"https:\\\/\\\/schema.org\",\"@graph\":[{\"@type\":\"Article\",\"@id\":\"https:\\\/\\\/radioleinewelle.de\\\/index.php\\\/2020\\\/10\\\/30\\\/corona-pandemie-grenzwert-von-50-ist-ueberschritten\\\/#article\",\"isPartOf\":{\"@id\":\"https:\\\/\\\/radioleinewelle.de\\\/index.php\\\/2020\\\/10\\\/30\\\/corona-pandemie-grenzwert-von-50-ist-ueberschritten\\\/\"},\"author\":{\"name\":\"Leinewelle\",\"@id\":\"https:\\\/\\\/radioleinewelle.de\\\/#\\\/schema\\\/person\\\/45606f348637df637192dc1b68399a63\"},\"headline\":\"Corona-Pandemie: Grenzwert von 50 ist \u00fcberschritten\",\"datePublished\":\"2020-10-30T20:43:38+00:00\",\"mainEntityOfPage\":{\"@id\":\"https:\\\/\\\/radioleinewelle.de\\\/index.php\\\/2020\\\/10\\\/30\\\/corona-pandemie-grenzwert-von-50-ist-ueberschritten\\\/\"},\"wordCount\":492,\"publisher\":{\"@id\":\"https:\\\/\\\/radioleinewelle.de\\\/#organization\"},\"image\":{\"@id\":\"https:\\\/\\\/radioleinewelle.de\\\/index.php\\\/2020\\\/10\\\/30\\\/corona-pandemie-grenzwert-von-50-ist-ueberschritten\\\/#primaryimage\"},\"thumbnailUrl\":\"https:\\\/\\\/radioleinewelle.de\\\/wp-content\\\/uploads\\\/2020\\\/10\\\/coronavirus-4914028_640-1.jpg\",\"articleSection\":[\"Aktuelle Nachrichten\"],\"inLanguage\":\"de\"},{\"@type\":\"WebPage\",\"@id\":\"https:\\\/\\\/radioleinewelle.de\\\/index.php\\\/2020\\\/10\\\/30\\\/corona-pandemie-grenzwert-von-50-ist-ueberschritten\\\/\",\"url\":\"https:\\\/\\\/radioleinewelle.de\\\/index.php\\\/2020\\\/10\\\/30\\\/corona-pandemie-grenzwert-von-50-ist-ueberschritten\\\/\",\"name\":\"Corona-Pandemie: Grenzwert von 50 ist \u00fcberschritten - Radio Leinewelle\",\"isPartOf\":{\"@id\":\"https:\\\/\\\/radioleinewelle.de\\\/#website\"},\"primaryImageOfPage\":{\"@id\":\"https:\\\/\\\/radioleinewelle.de\\\/index.php\\\/2020\\\/10\\\/30\\\/corona-pandemie-grenzwert-von-50-ist-ueberschritten\\\/#primaryimage\"},\"image\":{\"@id\":\"https:\\\/\\\/radioleinewelle.de\\\/index.php\\\/2020\\\/10\\\/30\\\/corona-pandemie-grenzwert-von-50-ist-ueberschritten\\\/#primaryimage\"},\"thumbnailUrl\":\"https:\\\/\\\/radioleinewelle.de\\\/wp-content\\\/uploads\\\/2020\\\/10\\\/coronavirus-4914028_640-1.jpg\",\"datePublished\":\"2020-10-30T20:43:38+00:00\",\"breadcrumb\":{\"@id\":\"https:\\\/\\\/radioleinewelle.de\\\/index.php\\\/2020\\\/10\\\/30\\\/corona-pandemie-grenzwert-von-50-ist-ueberschritten\\\/#breadcrumb\"},\"inLanguage\":\"de\",\"potentialAction\":[{\"@type\":\"ReadAction\",\"target\":[\"https:\\\/\\\/radioleinewelle.de\\\/index.php\\\/2020\\\/10\\\/30\\\/corona-pandemie-grenzwert-von-50-ist-ueberschritten\\\/\"]}]},{\"@type\":\"ImageObject\",\"inLanguage\":\"de\",\"@id\":\"https:\\\/\\\/radioleinewelle.de\\\/index.php\\\/2020\\\/10\\\/30\\\/corona-pandemie-grenzwert-von-50-ist-ueberschritten\\\/#primaryimage\",\"url\":\"https:\\\/\\\/radioleinewelle.de\\\/wp-content\\\/uploads\\\/2020\\\/10\\\/coronavirus-4914028_640-1.jpg\",\"contentUrl\":\"https:\\\/\\\/radioleinewelle.de\\\/wp-content\\\/uploads\\\/2020\\\/10\\\/coronavirus-4914028_640-1.jpg\",\"width\":640,\"height\":363},{\"@type\":\"BreadcrumbList\",\"@id\":\"https:\\\/\\\/radioleinewelle.de\\\/index.php\\\/2020\\\/10\\\/30\\\/corona-pandemie-grenzwert-von-50-ist-ueberschritten\\\/#breadcrumb\",\"itemListElement\":[{\"@type\":\"ListItem\",\"position\":1,\"name\":\"Startseite\",\"item\":\"https:\\\/\\\/radioleinewelle.de\\\/\"},{\"@type\":\"ListItem\",\"position\":2,\"name\":\"Corona-Pandemie: Grenzwert von 50 ist \u00fcberschritten\"}]},{\"@type\":\"WebSite\",\"@id\":\"https:\\\/\\\/radioleinewelle.de\\\/#website\",\"url\":\"https:\\\/\\\/radioleinewelle.de\\\/\",\"name\":\"Radio Leinewelle\",\"description\":\"\",\"publisher\":{\"@id\":\"https:\\\/\\\/radioleinewelle.de\\\/#organization\"},\"potentialAction\":[{\"@type\":\"SearchAction\",\"target\":{\"@type\":\"EntryPoint\",\"urlTemplate\":\"https:\\\/\\\/radioleinewelle.de\\\/?s={search_term_string}\"},\"query-input\":{\"@type\":\"PropertyValueSpecification\",\"valueRequired\":true,\"valueName\":\"search_term_string\"}}],\"inLanguage\":\"de\"},{\"@type\":\"Organization\",\"@id\":\"https:\\\/\\\/radioleinewelle.de\\\/#organization\",\"name\":\"Radio Leinewelle\",\"alternateName\":\"Mein Radio f\u00fcr S\u00fcdniedersachsen\",\"url\":\"https:\\\/\\\/radioleinewelle.de\\\/\",\"logo\":{\"@type\":\"ImageObject\",\"inLanguage\":\"de\",\"@id\":\"https:\\\/\\\/radioleinewelle.de\\\/#\\\/schema\\\/logo\\\/image\\\/\",\"url\":\"https:\\\/\\\/radioleinewelle.de\\\/wp-content\\\/uploads\\\/2023\\\/11\\\/cropped-Leinewelle_Logo_weiss.png\",\"contentUrl\":\"https:\\\/\\\/radioleinewelle.de\\\/wp-content\\\/uploads\\\/2023\\\/11\\\/cropped-Leinewelle_Logo_weiss.png\",\"width\":854,\"height\":260,\"caption\":\"Radio Leinewelle\"},\"image\":{\"@id\":\"https:\\\/\\\/radioleinewelle.de\\\/#\\\/schema\\\/logo\\\/image\\\/\"},\"sameAs\":[\"https:\\\/\\\/www.facebook.com\\\/radioleinewelle\",\"https:\\\/\\\/x.com\\\/RLeinewelle\",\"https:\\\/\\\/www.instagram.com\\\/radioleinewelle\\\/?hl=de\"]},{\"@type\":\"Person\",\"@id\":\"https:\\\/\\\/radioleinewelle.de\\\/#\\\/schema\\\/person\\\/45606f348637df637192dc1b68399a63\",\"name\":\"Leinewelle\",\"image\":{\"@type\":\"ImageObject\",\"inLanguage\":\"de\",\"@id\":\"https:\\\/\\\/secure.gravatar.com\\\/avatar\\\/05c9a17bc973052ee5d91549bd32fb4dd0dc85b7b85ae94b2e2b4943476bbea5?s=96&d=blank&r=g\",\"url\":\"https:\\\/\\\/secure.gravatar.com\\\/avatar\\\/05c9a17bc973052ee5d91549bd32fb4dd0dc85b7b85ae94b2e2b4943476bbea5?s=96&d=blank&r=g\",\"contentUrl\":\"https:\\\/\\\/secure.gravatar.com\\\/avatar\\\/05c9a17bc973052ee5d91549bd32fb4dd0dc85b7b85ae94b2e2b4943476bbea5?s=96&d=blank&r=g\",\"caption\":\"Leinewelle\"},\"sameAs\":[\"http:\\\/\\\/localhost\\\/radio%20leinewelle\\\/wordpress\",\"https:\\\/\\\/www.facebook.com\\\/radioleinewelle\",\"https:\\\/\\\/www.instagram.com\\\/radioleinewelle\",\"https:\\\/\\\/x.com\\\/https:\\\/\\\/twitter.com\\\/RLeinewelle?ref_src=twsrcgoogletwcampserptwgrauthor\",\"https:\\\/\\\/soundcloud.com\\\/foerderverein-lokalradio?utm_source=clipboard&utm_medium=text&utm_campaign=social_sharing\"],\"url\":\"https:\\\/\\\/radioleinewelle.de\\\/index.php\\\/author\\\/leinewelle\\\/\"}]}<\/script>\n<!-- \/ Yoast SEO plugin. -->","yoast_head_json":{"title":"Corona-Pandemie: Grenzwert von 50 ist \u00fcberschritten - Radio Leinewelle","robots":{"index":"index","follow":"follow","max-snippet":"max-snippet:-1","max-image-preview":"max-image-preview:large","max-video-preview":"max-video-preview:-1"},"canonical":"https:\/\/radioleinewelle.de\/index.php\/2020\/10\/30\/corona-pandemie-grenzwert-von-50-ist-ueberschritten\/","og_locale":"de_DE","og_type":"article","og_title":"Corona-Pandemie: Grenzwert von 50 ist \u00fcberschritten - Radio Leinewelle","og_description":"Die Zahl der positiv getesteten Menschen in Stadt und Landkreis G\u00f6ttingen liegt aktuell bei 213. Der Inzidenzwert, also die Quote der Neuinfektionen je 100.000 Einwohner*innen in den vergangenen sieben Tagen, liegt laut des ma\u00dfgeblichen aktuellen Lageberichts des Landes\u00a0 f\u00fcr Freitag, 30. Oktober 2020, bei 52,4. Damit gelten die vom Land und vom Gesundheitsamt f\u00fcr Stadt [&hellip;]","og_url":"https:\/\/radioleinewelle.de\/index.php\/2020\/10\/30\/corona-pandemie-grenzwert-von-50-ist-ueberschritten\/","og_site_name":"Radio Leinewelle","article_publisher":"https:\/\/www.facebook.com\/radioleinewelle","article_author":"https:\/\/www.facebook.com\/radioleinewelle","article_published_time":"2020-10-30T20:43:38+00:00","og_image":[{"width":640,"height":363,"url":"https:\/\/radioleinewelle.de\/wp-content\/uploads\/2020\/10\/coronavirus-4914028_640-1.jpg","type":"image\/jpeg"}],"author":"Leinewelle","twitter_card":"summary_large_image","twitter_creator":"@https:\/\/twitter.com\/RLeinewelle?ref_src=twsrcgoogletwcampserptwgrauthor","twitter_site":"@RLeinewelle","twitter_misc":{"Verfasst von":"Leinewelle","Gesch\u00e4tzte Lesezeit":"2\u00a0Minuten"},"schema":{"@context":"https:\/\/schema.org","@graph":[{"@type":"Article","@id":"https:\/\/radioleinewelle.de\/index.php\/2020\/10\/30\/corona-pandemie-grenzwert-von-50-ist-ueberschritten\/#article","isPartOf":{"@id":"https:\/\/radioleinewelle.de\/index.php\/2020\/10\/30\/corona-pandemie-grenzwert-von-50-ist-ueberschritten\/"},"author":{"name":"Leinewelle","@id":"https:\/\/radioleinewelle.de\/#\/schema\/person\/45606f348637df637192dc1b68399a63"},"headline":"Corona-Pandemie: Grenzwert von 50 ist \u00fcberschritten","datePublished":"2020-10-30T20:43:38+00:00","mainEntityOfPage":{"@id":"https:\/\/radioleinewelle.de\/index.php\/2020\/10\/30\/corona-pandemie-grenzwert-von-50-ist-ueberschritten\/"},"wordCount":492,"publisher":{"@id":"https:\/\/radioleinewelle.de\/#organization"},"image":{"@id":"https:\/\/radioleinewelle.de\/index.php\/2020\/10\/30\/corona-pandemie-grenzwert-von-50-ist-ueberschritten\/#primaryimage"},"thumbnailUrl":"https:\/\/radioleinewelle.de\/wp-content\/uploads\/2020\/10\/coronavirus-4914028_640-1.jpg","articleSection":["Aktuelle Nachrichten"],"inLanguage":"de"},{"@type":"WebPage","@id":"https:\/\/radioleinewelle.de\/index.php\/2020\/10\/30\/corona-pandemie-grenzwert-von-50-ist-ueberschritten\/","url":"https:\/\/radioleinewelle.de\/index.php\/2020\/10\/30\/corona-pandemie-grenzwert-von-50-ist-ueberschritten\/","name":"Corona-Pandemie: Grenzwert von 50 ist \u00fcberschritten - Radio Leinewelle","isPartOf":{"@id":"https:\/\/radioleinewelle.de\/#website"},"primaryImageOfPage":{"@id":"https:\/\/radioleinewelle.de\/index.php\/2020\/10\/30\/corona-pandemie-grenzwert-von-50-ist-ueberschritten\/#primaryimage"},"image":{"@id":"https:\/\/radioleinewelle.de\/index.php\/2020\/10\/30\/corona-pandemie-grenzwert-von-50-ist-ueberschritten\/#primaryimage"},"thumbnailUrl":"https:\/\/radioleinewelle.de\/wp-content\/uploads\/2020\/10\/coronavirus-4914028_640-1.jpg","datePublished":"2020-10-30T20:43:38+00:00","breadcrumb":{"@id":"https:\/\/radioleinewelle.de\/index.php\/2020\/10\/30\/corona-pandemie-grenzwert-von-50-ist-ueberschritten\/#breadcrumb"},"inLanguage":"de","potentialAction":[{"@type":"ReadAction","target":["https:\/\/radioleinewelle.de\/index.php\/2020\/10\/30\/corona-pandemie-grenzwert-von-50-ist-ueberschritten\/"]}]},{"@type":"ImageObject","inLanguage":"de","@id":"https:\/\/radioleinewelle.de\/index.php\/2020\/10\/30\/corona-pandemie-grenzwert-von-50-ist-ueberschritten\/#primaryimage","url":"https:\/\/radioleinewelle.de\/wp-content\/uploads\/2020\/10\/coronavirus-4914028_640-1.jpg","contentUrl":"https:\/\/radioleinewelle.de\/wp-content\/uploads\/2020\/10\/coronavirus-4914028_640-1.jpg","width":640,"height":363},{"@type":"BreadcrumbList","@id":"https:\/\/radioleinewelle.de\/index.php\/2020\/10\/30\/corona-pandemie-grenzwert-von-50-ist-ueberschritten\/#breadcrumb","itemListElement":[{"@type":"ListItem","position":1,"name":"Startseite","item":"https:\/\/radioleinewelle.de\/"},{"@type":"ListItem","position":2,"name":"Corona-Pandemie: Grenzwert von 50 ist \u00fcberschritten"}]},{"@type":"WebSite","@id":"https:\/\/radioleinewelle.de\/#website","url":"https:\/\/radioleinewelle.de\/","name":"Radio Leinewelle","description":"","publisher":{"@id":"https:\/\/radioleinewelle.de\/#organization"},"potentialAction":[{"@type":"SearchAction","target":{"@type":"EntryPoint","urlTemplate":"https:\/\/radioleinewelle.de\/?s={search_term_string}"},"query-input":{"@type":"PropertyValueSpecification","valueRequired":true,"valueName":"search_term_string"}}],"inLanguage":"de"},{"@type":"Organization","@id":"https:\/\/radioleinewelle.de\/#organization","name":"Radio Leinewelle","alternateName":"Mein Radio f\u00fcr S\u00fcdniedersachsen","url":"https:\/\/radioleinewelle.de\/","logo":{"@type":"ImageObject","inLanguage":"de","@id":"https:\/\/radioleinewelle.de\/#\/schema\/logo\/image\/","url":"https:\/\/radioleinewelle.de\/wp-content\/uploads\/2023\/11\/cropped-Leinewelle_Logo_weiss.png","contentUrl":"https:\/\/radioleinewelle.de\/wp-content\/uploads\/2023\/11\/cropped-Leinewelle_Logo_weiss.png","width":854,"height":260,"caption":"Radio Leinewelle"},"image":{"@id":"https:\/\/radioleinewelle.de\/#\/schema\/logo\/image\/"},"sameAs":["https:\/\/www.facebook.com\/radioleinewelle","https:\/\/x.com\/RLeinewelle","https:\/\/www.instagram.com\/radioleinewelle\/?hl=de"]},{"@type":"Person","@id":"https:\/\/radioleinewelle.de\/#\/schema\/person\/45606f348637df637192dc1b68399a63","name":"Leinewelle","image":{"@type":"ImageObject","inLanguage":"de","@id":"https:\/\/secure.gravatar.com\/avatar\/05c9a17bc973052ee5d91549bd32fb4dd0dc85b7b85ae94b2e2b4943476bbea5?s=96&d=blank&r=g","url":"https:\/\/secure.gravatar.com\/avatar\/05c9a17bc973052ee5d91549bd32fb4dd0dc85b7b85ae94b2e2b4943476bbea5?s=96&d=blank&r=g","contentUrl":"https:\/\/secure.gravatar.com\/avatar\/05c9a17bc973052ee5d91549bd32fb4dd0dc85b7b85ae94b2e2b4943476bbea5?s=96&d=blank&r=g","caption":"Leinewelle"},"sameAs":["http:\/\/localhost\/radio%20leinewelle\/wordpress","https:\/\/www.facebook.com\/radioleinewelle","https:\/\/www.instagram.com\/radioleinewelle","https:\/\/x.com\/https:\/\/twitter.com\/RLeinewelle?ref_src=twsrcgoogletwcampserptwgrauthor","https:\/\/soundcloud.com\/foerderverein-lokalradio?utm_source=clipboard&utm_medium=text&utm_campaign=social_sharing"],"url":"https:\/\/radioleinewelle.de\/index.php\/author\/leinewelle\/"}]}},"_links":{"self":[{"href":"https:\/\/radioleinewelle.de\/index.php\/wp-json\/wp\/v2\/posts\/2703","targetHints":{"allow":["GET"]}}],"collection":[{"href":"https:\/\/radioleinewelle.de\/index.php\/wp-json\/wp\/v2\/posts"}],"about":[{"href":"https:\/\/radioleinewelle.de\/index.php\/wp-json\/wp\/v2\/types\/post"}],"author":[{"embeddable":true,"href":"https:\/\/radioleinewelle.de\/index.php\/wp-json\/wp\/v2\/users\/1"}],"replies":[{"embeddable":true,"href":"https:\/\/radioleinewelle.de\/index.php\/wp-json\/wp\/v2\/comments?post=2703"}],"version-history":[{"count":0,"href":"https:\/\/radioleinewelle.de\/index.php\/wp-json\/wp\/v2\/posts\/2703\/revisions"}],"wp:featuredmedia":[{"embeddable":true,"href":"https:\/\/radioleinewelle.de\/index.php\/wp-json\/wp\/v2\/media\/2613"}],"wp:attachment":[{"href":"https:\/\/radioleinewelle.de\/index.php\/wp-json\/wp\/v2\/media?parent=2703"}],"wp:term":[{"taxonomy":"category","embeddable":true,"href":"https:\/\/radioleinewelle.de\/index.php\/wp-json\/wp\/v2\/categories?post=2703"},{"taxonomy":"post_tag","embeddable":true,"href":"https:\/\/radioleinewelle.de\/index.php\/wp-json\/wp\/v2\/tags?post=2703"}],"curies":[{"name":"wp","href":"https:\/\/api.w.org\/{rel}","templated":true}]}}