{"id":27042,"date":"2024-12-11T11:21:07","date_gmt":"2024-12-11T10:21:07","guid":{"rendered":"https:\/\/radioleinewelle.de\/?p=27042"},"modified":"2024-12-11T11:21:08","modified_gmt":"2024-12-11T10:21:08","slug":"einbruchsserie-im-raum-duderstadt-und-friedland","status":"publish","type":"post","link":"https:\/\/radioleinewelle.de\/index.php\/2024\/12\/11\/einbruchsserie-im-raum-duderstadt-und-friedland\/","title":{"rendered":"Einbruchsserie im Raum Duderstadt und Friedland"},"content":{"rendered":"\n<p>In den letzten Monaten ist es im o.g. Raum zu zehn Wohnhaus-Einbr\u00fcchen gekommen. Auch wenn es keine hei\u00dfe Spur gibt, geht die zust\u00e4ndige Polizei aufgrund der sich \u00e4hnelnden Herg\u00e4nge der Einbr\u00fcche davon aus, dass alle F\u00e4lle zusammenh\u00e4ngen und auf das Konto derselben T\u00e4ter gehen k\u00f6nnten. Der aktuellste Fall ereignete sich vergangenen Montag in Seeburg. Durch ein aufgehebeltes Kellerfenster sind Einbrecher  in ein Zweifamilienhaus an der Stra\u00dfe &#8222;Am Wall&#8220; eingedrungen und haben es nach Diebesgut durchsucht. <\/p>\n\n\n\n<p><strong>Zehn Wohnhaus-Einbr\u00fcche seit Ende November im Raum Duderstadt und Friedland<\/strong> Der Einbruch in Seeburg reiht sich ein in eine aktuelle Serie von Einbr\u00fcchen in insgesamt zehn Wohnh\u00e4user im Raum Duderstadt und Friedland, die die Polizei seit 24. November besch\u00e4ftigt. Betroffen waren die Ortschaften Gieboldehausen, Klein Lengden, Gro\u00df Lengden, Seeburg, Bilshausen, Waake und Niedernjesa. Dabei gingen die T\u00e4ter zumeist identisch vor und drangen immer in der Zeit zwischen 15 bis 19.30 Uhr durch aufgehebelte Fenster, Terrassen- oder auch Balkont\u00fcren in das jeweilige Geb\u00e4ude ein. Im Rahmen der Serie erbeuteten die Einbrecher nach derzeitigen Erkenntnissen u. a. Bargeld, Schmuck, Armbanduhren und sonstige Gegenst\u00e4nde. Nicht in allen F\u00e4llen ist das genaue Diebesgut schon bekannt. Die Schadensh\u00f6he ist demzufolge offen.<\/p>\n\n\n\n<p><strong>Polizei bittet um Mithilfe<\/strong> <br>Die Ermittler bitten Anwohnende, denen in der zur\u00fcckliegenden zwei Wochen in den genannten Ortschaften fremde Personen und \/ oder ausw\u00e4rtige Fahrzeuge aufgefallen sind, sich unter Telefon 05527\/8461-0 zu melden und ihre Beobachtungen mitzuteilen. Gleichzeitig raten die Beamten, aufmerksam zu sein und bei verd\u00e4chtigen Beobachtungen sofort \u00fcber den Notruf 110 die Polizei zu verst\u00e4ndigen.<\/p>\n\n\n\n<p><strong>Symbolbild<\/strong> von Pixabay<\/p>\n","protected":false},"excerpt":{"rendered":"<p>In den letzten Monaten ist es im o.g. Raum zu zehn Wohnhaus-Einbr\u00fcchen gekommen. Auch wenn es keine hei\u00dfe Spur gibt, geht die zust\u00e4ndige Polizei aufgrund der sich \u00e4hnelnden Herg\u00e4nge der Einbr\u00fcche davon aus, dass alle F\u00e4lle zusammenh\u00e4ngen und auf das Konto derselben T\u00e4ter gehen k\u00f6nnten. Der aktuellste Fall ereignete sich vergangenen Montag in Seeburg. Durch [&hellip;]<\/p>\n","protected":false},"author":1,"featured_media":25808,"comment_status":"open","ping_status":"open","sticky":false,"template":"","format":"standard","meta":{"saved_in_kubio":false,"footnotes":""},"categories":[1],"tags":[],"class_list":["post-27042","post","type-post","status-publish","format-standard","has-post-thumbnail","hentry","category-allgemein"],"yoast_head":"<!-- This site is optimized with the Yoast SEO plugin v27.4 - https:\/\/yoast.com\/product\/yoast-seo-wordpress\/ -->\n<title>Einbruchsserie im Raum Duderstadt und Friedland - Radio Leinewelle<\/title>\n<meta name=\"robots\" content=\"index, follow, max-snippet:-1, max-image-preview:large, max-video-preview:-1\" \/>\n<link rel=\"canonical\" href=\"https:\/\/radioleinewelle.de\/index.php\/2024\/12\/11\/einbruchsserie-im-raum-duderstadt-und-friedland\/\" \/>\n<meta property=\"og:locale\" content=\"de_DE\" \/>\n<meta property=\"og:type\" content=\"article\" \/>\n<meta property=\"og:title\" content=\"Einbruchsserie im Raum Duderstadt und Friedland - Radio Leinewelle\" \/>\n<meta property=\"og:description\" content=\"In den letzten Monaten ist es im o.g. Raum zu zehn Wohnhaus-Einbr\u00fcchen gekommen. Auch wenn es keine hei\u00dfe Spur gibt, geht die zust\u00e4ndige Polizei aufgrund der sich \u00e4hnelnden Herg\u00e4nge der Einbr\u00fcche davon aus, dass alle F\u00e4lle zusammenh\u00e4ngen und auf das Konto derselben T\u00e4ter gehen k\u00f6nnten. Der aktuellste Fall ereignete sich vergangenen Montag in Seeburg. Durch [&hellip;]\" \/>\n<meta property=\"og:url\" content=\"https:\/\/radioleinewelle.de\/index.php\/2024\/12\/11\/einbruchsserie-im-raum-duderstadt-und-friedland\/\" \/>\n<meta property=\"og:site_name\" content=\"Radio Leinewelle\" \/>\n<meta property=\"article:publisher\" content=\"https:\/\/www.facebook.com\/radioleinewelle\" \/>\n<meta property=\"article:author\" content=\"https:\/\/www.facebook.com\/radioleinewelle\" \/>\n<meta property=\"article:published_time\" content=\"2024-12-11T10:21:07+00:00\" \/>\n<meta property=\"article:modified_time\" content=\"2024-12-11T10:21:08+00:00\" \/>\n<meta property=\"og:image\" content=\"https:\/\/radioleinewelle.de\/wp-content\/uploads\/2024\/07\/police-974410_1280.jpg\" \/>\n\t<meta property=\"og:image:width\" content=\"1280\" \/>\n\t<meta property=\"og:image:height\" content=\"853\" \/>\n\t<meta property=\"og:image:type\" content=\"image\/jpeg\" \/>\n<meta name=\"author\" content=\"Leinewelle\" \/>\n<meta name=\"twitter:card\" content=\"summary_large_image\" \/>\n<meta name=\"twitter:creator\" content=\"@https:\/\/twitter.com\/RLeinewelle?ref_src=twsrcgoogletwcampserptwgrauthor\" \/>\n<meta name=\"twitter:site\" content=\"@RLeinewelle\" \/>\n<meta name=\"twitter:label1\" content=\"Verfasst von\" \/>\n\t<meta name=\"twitter:data1\" content=\"Leinewelle\" \/>\n\t<meta name=\"twitter:label2\" content=\"Gesch\u00e4tzte Lesezeit\" \/>\n\t<meta name=\"twitter:data2\" content=\"2\u00a0Minuten\" \/>\n<script type=\"application\/ld+json\" class=\"yoast-schema-graph\">{\"@context\":\"https:\\\/\\\/schema.org\",\"@graph\":[{\"@type\":\"Article\",\"@id\":\"https:\\\/\\\/radioleinewelle.de\\\/index.php\\\/2024\\\/12\\\/11\\\/einbruchsserie-im-raum-duderstadt-und-friedland\\\/#article\",\"isPartOf\":{\"@id\":\"https:\\\/\\\/radioleinewelle.de\\\/index.php\\\/2024\\\/12\\\/11\\\/einbruchsserie-im-raum-duderstadt-und-friedland\\\/\"},\"author\":{\"name\":\"Leinewelle\",\"@id\":\"https:\\\/\\\/radioleinewelle.de\\\/#\\\/schema\\\/person\\\/45606f348637df637192dc1b68399a63\"},\"headline\":\"Einbruchsserie im Raum Duderstadt und Friedland\",\"datePublished\":\"2024-12-11T10:21:07+00:00\",\"dateModified\":\"2024-12-11T10:21:08+00:00\",\"mainEntityOfPage\":{\"@id\":\"https:\\\/\\\/radioleinewelle.de\\\/index.php\\\/2024\\\/12\\\/11\\\/einbruchsserie-im-raum-duderstadt-und-friedland\\\/\"},\"wordCount\":277,\"commentCount\":0,\"publisher\":{\"@id\":\"https:\\\/\\\/radioleinewelle.de\\\/#organization\"},\"image\":{\"@id\":\"https:\\\/\\\/radioleinewelle.de\\\/index.php\\\/2024\\\/12\\\/11\\\/einbruchsserie-im-raum-duderstadt-und-friedland\\\/#primaryimage\"},\"thumbnailUrl\":\"https:\\\/\\\/radioleinewelle.de\\\/wp-content\\\/uploads\\\/2024\\\/07\\\/police-974410_1280.jpg\",\"inLanguage\":\"de\",\"potentialAction\":[{\"@type\":\"CommentAction\",\"name\":\"Comment\",\"target\":[\"https:\\\/\\\/radioleinewelle.de\\\/index.php\\\/2024\\\/12\\\/11\\\/einbruchsserie-im-raum-duderstadt-und-friedland\\\/#respond\"]}]},{\"@type\":\"WebPage\",\"@id\":\"https:\\\/\\\/radioleinewelle.de\\\/index.php\\\/2024\\\/12\\\/11\\\/einbruchsserie-im-raum-duderstadt-und-friedland\\\/\",\"url\":\"https:\\\/\\\/radioleinewelle.de\\\/index.php\\\/2024\\\/12\\\/11\\\/einbruchsserie-im-raum-duderstadt-und-friedland\\\/\",\"name\":\"Einbruchsserie im Raum Duderstadt und Friedland - Radio Leinewelle\",\"isPartOf\":{\"@id\":\"https:\\\/\\\/radioleinewelle.de\\\/#website\"},\"primaryImageOfPage\":{\"@id\":\"https:\\\/\\\/radioleinewelle.de\\\/index.php\\\/2024\\\/12\\\/11\\\/einbruchsserie-im-raum-duderstadt-und-friedland\\\/#primaryimage\"},\"image\":{\"@id\":\"https:\\\/\\\/radioleinewelle.de\\\/index.php\\\/2024\\\/12\\\/11\\\/einbruchsserie-im-raum-duderstadt-und-friedland\\\/#primaryimage\"},\"thumbnailUrl\":\"https:\\\/\\\/radioleinewelle.de\\\/wp-content\\\/uploads\\\/2024\\\/07\\\/police-974410_1280.jpg\",\"datePublished\":\"2024-12-11T10:21:07+00:00\",\"dateModified\":\"2024-12-11T10:21:08+00:00\",\"breadcrumb\":{\"@id\":\"https:\\\/\\\/radioleinewelle.de\\\/index.php\\\/2024\\\/12\\\/11\\\/einbruchsserie-im-raum-duderstadt-und-friedland\\\/#breadcrumb\"},\"inLanguage\":\"de\",\"potentialAction\":[{\"@type\":\"ReadAction\",\"target\":[\"https:\\\/\\\/radioleinewelle.de\\\/index.php\\\/2024\\\/12\\\/11\\\/einbruchsserie-im-raum-duderstadt-und-friedland\\\/\"]}]},{\"@type\":\"ImageObject\",\"inLanguage\":\"de\",\"@id\":\"https:\\\/\\\/radioleinewelle.de\\\/index.php\\\/2024\\\/12\\\/11\\\/einbruchsserie-im-raum-duderstadt-und-friedland\\\/#primaryimage\",\"url\":\"https:\\\/\\\/radioleinewelle.de\\\/wp-content\\\/uploads\\\/2024\\\/07\\\/police-974410_1280.jpg\",\"contentUrl\":\"https:\\\/\\\/radioleinewelle.de\\\/wp-content\\\/uploads\\\/2024\\\/07\\\/police-974410_1280.jpg\",\"width\":1280,\"height\":853},{\"@type\":\"BreadcrumbList\",\"@id\":\"https:\\\/\\\/radioleinewelle.de\\\/index.php\\\/2024\\\/12\\\/11\\\/einbruchsserie-im-raum-duderstadt-und-friedland\\\/#breadcrumb\",\"itemListElement\":[{\"@type\":\"ListItem\",\"position\":1,\"name\":\"Startseite\",\"item\":\"https:\\\/\\\/radioleinewelle.de\\\/\"},{\"@type\":\"ListItem\",\"position\":2,\"name\":\"Einbruchsserie im Raum Duderstadt und Friedland\"}]},{\"@type\":\"WebSite\",\"@id\":\"https:\\\/\\\/radioleinewelle.de\\\/#website\",\"url\":\"https:\\\/\\\/radioleinewelle.de\\\/\",\"name\":\"Radio Leinewelle\",\"description\":\"\",\"publisher\":{\"@id\":\"https:\\\/\\\/radioleinewelle.de\\\/#organization\"},\"potentialAction\":[{\"@type\":\"SearchAction\",\"target\":{\"@type\":\"EntryPoint\",\"urlTemplate\":\"https:\\\/\\\/radioleinewelle.de\\\/?s={search_term_string}\"},\"query-input\":{\"@type\":\"PropertyValueSpecification\",\"valueRequired\":true,\"valueName\":\"search_term_string\"}}],\"inLanguage\":\"de\"},{\"@type\":\"Organization\",\"@id\":\"https:\\\/\\\/radioleinewelle.de\\\/#organization\",\"name\":\"Radio Leinewelle\",\"alternateName\":\"Mein Radio f\u00fcr S\u00fcdniedersachsen\",\"url\":\"https:\\\/\\\/radioleinewelle.de\\\/\",\"logo\":{\"@type\":\"ImageObject\",\"inLanguage\":\"de\",\"@id\":\"https:\\\/\\\/radioleinewelle.de\\\/#\\\/schema\\\/logo\\\/image\\\/\",\"url\":\"https:\\\/\\\/radioleinewelle.de\\\/wp-content\\\/uploads\\\/2023\\\/11\\\/cropped-Leinewelle_Logo_weiss.png\",\"contentUrl\":\"https:\\\/\\\/radioleinewelle.de\\\/wp-content\\\/uploads\\\/2023\\\/11\\\/cropped-Leinewelle_Logo_weiss.png\",\"width\":854,\"height\":260,\"caption\":\"Radio Leinewelle\"},\"image\":{\"@id\":\"https:\\\/\\\/radioleinewelle.de\\\/#\\\/schema\\\/logo\\\/image\\\/\"},\"sameAs\":[\"https:\\\/\\\/www.facebook.com\\\/radioleinewelle\",\"https:\\\/\\\/x.com\\\/RLeinewelle\",\"https:\\\/\\\/www.instagram.com\\\/radioleinewelle\\\/?hl=de\"]},{\"@type\":\"Person\",\"@id\":\"https:\\\/\\\/radioleinewelle.de\\\/#\\\/schema\\\/person\\\/45606f348637df637192dc1b68399a63\",\"name\":\"Leinewelle\",\"image\":{\"@type\":\"ImageObject\",\"inLanguage\":\"de\",\"@id\":\"https:\\\/\\\/secure.gravatar.com\\\/avatar\\\/05c9a17bc973052ee5d91549bd32fb4dd0dc85b7b85ae94b2e2b4943476bbea5?s=96&d=blank&r=g\",\"url\":\"https:\\\/\\\/secure.gravatar.com\\\/avatar\\\/05c9a17bc973052ee5d91549bd32fb4dd0dc85b7b85ae94b2e2b4943476bbea5?s=96&d=blank&r=g\",\"contentUrl\":\"https:\\\/\\\/secure.gravatar.com\\\/avatar\\\/05c9a17bc973052ee5d91549bd32fb4dd0dc85b7b85ae94b2e2b4943476bbea5?s=96&d=blank&r=g\",\"caption\":\"Leinewelle\"},\"sameAs\":[\"http:\\\/\\\/localhost\\\/radio%20leinewelle\\\/wordpress\",\"https:\\\/\\\/www.facebook.com\\\/radioleinewelle\",\"https:\\\/\\\/www.instagram.com\\\/radioleinewelle\",\"https:\\\/\\\/x.com\\\/https:\\\/\\\/twitter.com\\\/RLeinewelle?ref_src=twsrcgoogletwcampserptwgrauthor\",\"https:\\\/\\\/soundcloud.com\\\/foerderverein-lokalradio?utm_source=clipboard&utm_medium=text&utm_campaign=social_sharing\"],\"url\":\"https:\\\/\\\/radioleinewelle.de\\\/index.php\\\/author\\\/leinewelle\\\/\"}]}<\/script>\n<!-- \/ Yoast SEO plugin. -->","yoast_head_json":{"title":"Einbruchsserie im Raum Duderstadt und Friedland - Radio Leinewelle","robots":{"index":"index","follow":"follow","max-snippet":"max-snippet:-1","max-image-preview":"max-image-preview:large","max-video-preview":"max-video-preview:-1"},"canonical":"https:\/\/radioleinewelle.de\/index.php\/2024\/12\/11\/einbruchsserie-im-raum-duderstadt-und-friedland\/","og_locale":"de_DE","og_type":"article","og_title":"Einbruchsserie im Raum Duderstadt und Friedland - Radio Leinewelle","og_description":"In den letzten Monaten ist es im o.g. Raum zu zehn Wohnhaus-Einbr\u00fcchen gekommen. Auch wenn es keine hei\u00dfe Spur gibt, geht die zust\u00e4ndige Polizei aufgrund der sich \u00e4hnelnden Herg\u00e4nge der Einbr\u00fcche davon aus, dass alle F\u00e4lle zusammenh\u00e4ngen und auf das Konto derselben T\u00e4ter gehen k\u00f6nnten. Der aktuellste Fall ereignete sich vergangenen Montag in Seeburg. Durch [&hellip;]","og_url":"https:\/\/radioleinewelle.de\/index.php\/2024\/12\/11\/einbruchsserie-im-raum-duderstadt-und-friedland\/","og_site_name":"Radio Leinewelle","article_publisher":"https:\/\/www.facebook.com\/radioleinewelle","article_author":"https:\/\/www.facebook.com\/radioleinewelle","article_published_time":"2024-12-11T10:21:07+00:00","article_modified_time":"2024-12-11T10:21:08+00:00","og_image":[{"width":1280,"height":853,"url":"https:\/\/radioleinewelle.de\/wp-content\/uploads\/2024\/07\/police-974410_1280.jpg","type":"image\/jpeg"}],"author":"Leinewelle","twitter_card":"summary_large_image","twitter_creator":"@https:\/\/twitter.com\/RLeinewelle?ref_src=twsrcgoogletwcampserptwgrauthor","twitter_site":"@RLeinewelle","twitter_misc":{"Verfasst von":"Leinewelle","Gesch\u00e4tzte Lesezeit":"2\u00a0Minuten"},"schema":{"@context":"https:\/\/schema.org","@graph":[{"@type":"Article","@id":"https:\/\/radioleinewelle.de\/index.php\/2024\/12\/11\/einbruchsserie-im-raum-duderstadt-und-friedland\/#article","isPartOf":{"@id":"https:\/\/radioleinewelle.de\/index.php\/2024\/12\/11\/einbruchsserie-im-raum-duderstadt-und-friedland\/"},"author":{"name":"Leinewelle","@id":"https:\/\/radioleinewelle.de\/#\/schema\/person\/45606f348637df637192dc1b68399a63"},"headline":"Einbruchsserie im Raum Duderstadt und Friedland","datePublished":"2024-12-11T10:21:07+00:00","dateModified":"2024-12-11T10:21:08+00:00","mainEntityOfPage":{"@id":"https:\/\/radioleinewelle.de\/index.php\/2024\/12\/11\/einbruchsserie-im-raum-duderstadt-und-friedland\/"},"wordCount":277,"commentCount":0,"publisher":{"@id":"https:\/\/radioleinewelle.de\/#organization"},"image":{"@id":"https:\/\/radioleinewelle.de\/index.php\/2024\/12\/11\/einbruchsserie-im-raum-duderstadt-und-friedland\/#primaryimage"},"thumbnailUrl":"https:\/\/radioleinewelle.de\/wp-content\/uploads\/2024\/07\/police-974410_1280.jpg","inLanguage":"de","potentialAction":[{"@type":"CommentAction","name":"Comment","target":["https:\/\/radioleinewelle.de\/index.php\/2024\/12\/11\/einbruchsserie-im-raum-duderstadt-und-friedland\/#respond"]}]},{"@type":"WebPage","@id":"https:\/\/radioleinewelle.de\/index.php\/2024\/12\/11\/einbruchsserie-im-raum-duderstadt-und-friedland\/","url":"https:\/\/radioleinewelle.de\/index.php\/2024\/12\/11\/einbruchsserie-im-raum-duderstadt-und-friedland\/","name":"Einbruchsserie im Raum Duderstadt und Friedland - Radio Leinewelle","isPartOf":{"@id":"https:\/\/radioleinewelle.de\/#website"},"primaryImageOfPage":{"@id":"https:\/\/radioleinewelle.de\/index.php\/2024\/12\/11\/einbruchsserie-im-raum-duderstadt-und-friedland\/#primaryimage"},"image":{"@id":"https:\/\/radioleinewelle.de\/index.php\/2024\/12\/11\/einbruchsserie-im-raum-duderstadt-und-friedland\/#primaryimage"},"thumbnailUrl":"https:\/\/radioleinewelle.de\/wp-content\/uploads\/2024\/07\/police-974410_1280.jpg","datePublished":"2024-12-11T10:21:07+00:00","dateModified":"2024-12-11T10:21:08+00:00","breadcrumb":{"@id":"https:\/\/radioleinewelle.de\/index.php\/2024\/12\/11\/einbruchsserie-im-raum-duderstadt-und-friedland\/#breadcrumb"},"inLanguage":"de","potentialAction":[{"@type":"ReadAction","target":["https:\/\/radioleinewelle.de\/index.php\/2024\/12\/11\/einbruchsserie-im-raum-duderstadt-und-friedland\/"]}]},{"@type":"ImageObject","inLanguage":"de","@id":"https:\/\/radioleinewelle.de\/index.php\/2024\/12\/11\/einbruchsserie-im-raum-duderstadt-und-friedland\/#primaryimage","url":"https:\/\/radioleinewelle.de\/wp-content\/uploads\/2024\/07\/police-974410_1280.jpg","contentUrl":"https:\/\/radioleinewelle.de\/wp-content\/uploads\/2024\/07\/police-974410_1280.jpg","width":1280,"height":853},{"@type":"BreadcrumbList","@id":"https:\/\/radioleinewelle.de\/index.php\/2024\/12\/11\/einbruchsserie-im-raum-duderstadt-und-friedland\/#breadcrumb","itemListElement":[{"@type":"ListItem","position":1,"name":"Startseite","item":"https:\/\/radioleinewelle.de\/"},{"@type":"ListItem","position":2,"name":"Einbruchsserie im Raum Duderstadt und Friedland"}]},{"@type":"WebSite","@id":"https:\/\/radioleinewelle.de\/#website","url":"https:\/\/radioleinewelle.de\/","name":"Radio Leinewelle","description":"","publisher":{"@id":"https:\/\/radioleinewelle.de\/#organization"},"potentialAction":[{"@type":"SearchAction","target":{"@type":"EntryPoint","urlTemplate":"https:\/\/radioleinewelle.de\/?s={search_term_string}"},"query-input":{"@type":"PropertyValueSpecification","valueRequired":true,"valueName":"search_term_string"}}],"inLanguage":"de"},{"@type":"Organization","@id":"https:\/\/radioleinewelle.de\/#organization","name":"Radio Leinewelle","alternateName":"Mein Radio f\u00fcr S\u00fcdniedersachsen","url":"https:\/\/radioleinewelle.de\/","logo":{"@type":"ImageObject","inLanguage":"de","@id":"https:\/\/radioleinewelle.de\/#\/schema\/logo\/image\/","url":"https:\/\/radioleinewelle.de\/wp-content\/uploads\/2023\/11\/cropped-Leinewelle_Logo_weiss.png","contentUrl":"https:\/\/radioleinewelle.de\/wp-content\/uploads\/2023\/11\/cropped-Leinewelle_Logo_weiss.png","width":854,"height":260,"caption":"Radio Leinewelle"},"image":{"@id":"https:\/\/radioleinewelle.de\/#\/schema\/logo\/image\/"},"sameAs":["https:\/\/www.facebook.com\/radioleinewelle","https:\/\/x.com\/RLeinewelle","https:\/\/www.instagram.com\/radioleinewelle\/?hl=de"]},{"@type":"Person","@id":"https:\/\/radioleinewelle.de\/#\/schema\/person\/45606f348637df637192dc1b68399a63","name":"Leinewelle","image":{"@type":"ImageObject","inLanguage":"de","@id":"https:\/\/secure.gravatar.com\/avatar\/05c9a17bc973052ee5d91549bd32fb4dd0dc85b7b85ae94b2e2b4943476bbea5?s=96&d=blank&r=g","url":"https:\/\/secure.gravatar.com\/avatar\/05c9a17bc973052ee5d91549bd32fb4dd0dc85b7b85ae94b2e2b4943476bbea5?s=96&d=blank&r=g","contentUrl":"https:\/\/secure.gravatar.com\/avatar\/05c9a17bc973052ee5d91549bd32fb4dd0dc85b7b85ae94b2e2b4943476bbea5?s=96&d=blank&r=g","caption":"Leinewelle"},"sameAs":["http:\/\/localhost\/radio%20leinewelle\/wordpress","https:\/\/www.facebook.com\/radioleinewelle","https:\/\/www.instagram.com\/radioleinewelle","https:\/\/x.com\/https:\/\/twitter.com\/RLeinewelle?ref_src=twsrcgoogletwcampserptwgrauthor","https:\/\/soundcloud.com\/foerderverein-lokalradio?utm_source=clipboard&utm_medium=text&utm_campaign=social_sharing"],"url":"https:\/\/radioleinewelle.de\/index.php\/author\/leinewelle\/"}]}},"_links":{"self":[{"href":"https:\/\/radioleinewelle.de\/index.php\/wp-json\/wp\/v2\/posts\/27042","targetHints":{"allow":["GET"]}}],"collection":[{"href":"https:\/\/radioleinewelle.de\/index.php\/wp-json\/wp\/v2\/posts"}],"about":[{"href":"https:\/\/radioleinewelle.de\/index.php\/wp-json\/wp\/v2\/types\/post"}],"author":[{"embeddable":true,"href":"https:\/\/radioleinewelle.de\/index.php\/wp-json\/wp\/v2\/users\/1"}],"replies":[{"embeddable":true,"href":"https:\/\/radioleinewelle.de\/index.php\/wp-json\/wp\/v2\/comments?post=27042"}],"version-history":[{"count":2,"href":"https:\/\/radioleinewelle.de\/index.php\/wp-json\/wp\/v2\/posts\/27042\/revisions"}],"predecessor-version":[{"id":27044,"href":"https:\/\/radioleinewelle.de\/index.php\/wp-json\/wp\/v2\/posts\/27042\/revisions\/27044"}],"wp:featuredmedia":[{"embeddable":true,"href":"https:\/\/radioleinewelle.de\/index.php\/wp-json\/wp\/v2\/media\/25808"}],"wp:attachment":[{"href":"https:\/\/radioleinewelle.de\/index.php\/wp-json\/wp\/v2\/media?parent=27042"}],"wp:term":[{"taxonomy":"category","embeddable":true,"href":"https:\/\/radioleinewelle.de\/index.php\/wp-json\/wp\/v2\/categories?post=27042"},{"taxonomy":"post_tag","embeddable":true,"href":"https:\/\/radioleinewelle.de\/index.php\/wp-json\/wp\/v2\/tags?post=27042"}],"curies":[{"name":"wp","href":"https:\/\/api.w.org\/{rel}","templated":true}]}}