{"id":27093,"date":"2024-12-18T21:42:36","date_gmt":"2024-12-18T20:42:36","guid":{"rendered":"https:\/\/radioleinewelle.de\/?p=27093"},"modified":"2024-12-18T21:42:37","modified_gmt":"2024-12-18T20:42:37","slug":"schussabgabe-nach-messerangriff-bei-einsatz-in-goettingen-35-jaehriger-angreifer-erliegt-verletzungen-ein-polizist-bei-angriff-leicht-verletzt","status":"publish","type":"post","link":"https:\/\/radioleinewelle.de\/index.php\/2024\/12\/18\/schussabgabe-nach-messerangriff-bei-einsatz-in-goettingen-35-jaehriger-angreifer-erliegt-verletzungen-ein-polizist-bei-angriff-leicht-verletzt\/","title":{"rendered":"Schussabgabe nach Messerangriff bei Einsatz in G\u00f6ttingen &#8211; 35-j\u00e4hriger Angreifer erliegt Verletzungen, ein Polizist bei Angriff leicht verletzt"},"content":{"rendered":"\n<p>Bei einem Polizeieinsatz im Alfred-Delp-Weg im G\u00f6ttinger Stadtteil Geismar ist am fr\u00fchen Mittwochabend gegen 17. 30 Uhr ein 35 Jahre alter Mann durch Sch\u00fcsse aus der Dienstwaffe eines Polizisten t\u00f6dlich verletzt worden. Dazu teilt die Polizeiinspektion  G\u00f6ttingen in einer Meldung weitere Einzelheiten mit:<br>Ersten Ermittlungen zufolge hatte der mutma\u00dflich psychisch kranke G\u00f6ttinger die Beamten zuvor unvermittelt mit einem Messer angegriffen und dabei einen von ihnen im Bereich des Oberk\u00f6rpers verletzt. Der Polizist gab daraufhin einen Schuss aus seiner Dienstwaffe ab. Die Ermittlungen zum genauen Ablauf dauern zur Stunde an.<\/p>\n\n\n\n<p><strong>Frau zuvor grundlos angegriffen<\/strong><br>Der sp\u00e4tere Angreifer soll kurz vor Eintreffen der Beamten eine Frau grundlos angegriffen und geschubst haben. Opfer und T\u00e4ter kannten sich nach ersten Informationen nicht. Von ihrer Wohnung aus alarmierte die G\u00f6ttingerin die Polizei. Als die erste Funkstreife vor Ort eintraf, um den Sachverhalt aufzunehmen, kam es zu dem Angriff.<\/p>\n\n\n\n<p><strong>Tatort weiterhin abgesperrt<\/strong><br>Die polizeilichen Ma\u00dfnahmen rund um den Tatort im Alfred-Delp-Weg werden aktuell fortgef\u00fchrt. Insbesondere die Sicherung der komplexen Spurenlage wird noch eine gewisse Zeit in Anspruch nehmen. Aus Gr\u00fcnden der Neutralit\u00e4t werden alle weiteren Ermittlungen in dem Verfahren in eine andere Polizeiinspektion wechseln. <\/p>\n","protected":false},"excerpt":{"rendered":"<p>Bei einem Polizeieinsatz im Alfred-Delp-Weg im G\u00f6ttinger Stadtteil Geismar ist am fr\u00fchen Mittwochabend gegen 17. 30 Uhr ein 35 Jahre alter Mann durch Sch\u00fcsse aus der Dienstwaffe eines Polizisten t\u00f6dlich verletzt worden. Dazu teilt die Polizeiinspektion G\u00f6ttingen in einer Meldung weitere Einzelheiten mit:Ersten Ermittlungen zufolge hatte der mutma\u00dflich psychisch kranke G\u00f6ttinger die Beamten zuvor unvermittelt [&hellip;]<\/p>\n","protected":false},"author":1,"featured_media":24537,"comment_status":"open","ping_status":"open","sticky":false,"template":"","format":"standard","meta":{"saved_in_kubio":false,"footnotes":""},"categories":[24],"tags":[],"class_list":["post-27093","post","type-post","status-publish","format-standard","has-post-thumbnail","hentry","category-news"],"yoast_head":"<!-- This site is optimized with the Yoast SEO plugin v27.4 - https:\/\/yoast.com\/product\/yoast-seo-wordpress\/ -->\n<title>Schussabgabe nach Messerangriff bei Einsatz in G\u00f6ttingen - 35-j\u00e4hriger Angreifer erliegt Verletzungen, ein Polizist bei Angriff leicht verletzt - Radio Leinewelle<\/title>\n<meta name=\"robots\" content=\"index, follow, max-snippet:-1, max-image-preview:large, max-video-preview:-1\" \/>\n<link rel=\"canonical\" href=\"https:\/\/radioleinewelle.de\/index.php\/2024\/12\/18\/schussabgabe-nach-messerangriff-bei-einsatz-in-goettingen-35-jaehriger-angreifer-erliegt-verletzungen-ein-polizist-bei-angriff-leicht-verletzt\/\" \/>\n<meta property=\"og:locale\" content=\"de_DE\" \/>\n<meta property=\"og:type\" content=\"article\" \/>\n<meta property=\"og:title\" content=\"Schussabgabe nach Messerangriff bei Einsatz in G\u00f6ttingen - 35-j\u00e4hriger Angreifer erliegt Verletzungen, ein Polizist bei Angriff leicht verletzt - Radio Leinewelle\" \/>\n<meta property=\"og:description\" content=\"Bei einem Polizeieinsatz im Alfred-Delp-Weg im G\u00f6ttinger Stadtteil Geismar ist am fr\u00fchen Mittwochabend gegen 17. 30 Uhr ein 35 Jahre alter Mann durch Sch\u00fcsse aus der Dienstwaffe eines Polizisten t\u00f6dlich verletzt worden. Dazu teilt die Polizeiinspektion G\u00f6ttingen in einer Meldung weitere Einzelheiten mit:Ersten Ermittlungen zufolge hatte der mutma\u00dflich psychisch kranke G\u00f6ttinger die Beamten zuvor unvermittelt [&hellip;]\" \/>\n<meta property=\"og:url\" content=\"https:\/\/radioleinewelle.de\/index.php\/2024\/12\/18\/schussabgabe-nach-messerangriff-bei-einsatz-in-goettingen-35-jaehriger-angreifer-erliegt-verletzungen-ein-polizist-bei-angriff-leicht-verletzt\/\" \/>\n<meta property=\"og:site_name\" content=\"Radio Leinewelle\" \/>\n<meta property=\"article:publisher\" content=\"https:\/\/www.facebook.com\/radioleinewelle\" \/>\n<meta property=\"article:author\" content=\"https:\/\/www.facebook.com\/radioleinewelle\" \/>\n<meta property=\"article:published_time\" content=\"2024-12-18T20:42:36+00:00\" \/>\n<meta property=\"article:modified_time\" content=\"2024-12-18T20:42:37+00:00\" \/>\n<meta property=\"og:image\" content=\"https:\/\/radioleinewelle.de\/wp-content\/uploads\/2023\/11\/police-1530531_1280.jpg\" \/>\n\t<meta property=\"og:image:width\" content=\"1280\" \/>\n\t<meta property=\"og:image:height\" content=\"766\" \/>\n\t<meta property=\"og:image:type\" content=\"image\/jpeg\" \/>\n<meta name=\"author\" content=\"Leinewelle\" \/>\n<meta name=\"twitter:card\" content=\"summary_large_image\" \/>\n<meta name=\"twitter:creator\" content=\"@https:\/\/twitter.com\/RLeinewelle?ref_src=twsrcgoogletwcampserptwgrauthor\" \/>\n<meta name=\"twitter:site\" content=\"@RLeinewelle\" \/>\n<meta name=\"twitter:label1\" content=\"Verfasst von\" \/>\n\t<meta name=\"twitter:data1\" content=\"Leinewelle\" \/>\n\t<meta name=\"twitter:label2\" content=\"Gesch\u00e4tzte Lesezeit\" \/>\n\t<meta name=\"twitter:data2\" content=\"2\u00a0Minuten\" \/>\n<script type=\"application\/ld+json\" class=\"yoast-schema-graph\">{\"@context\":\"https:\\\/\\\/schema.org\",\"@graph\":[{\"@type\":\"Article\",\"@id\":\"https:\\\/\\\/radioleinewelle.de\\\/index.php\\\/2024\\\/12\\\/18\\\/schussabgabe-nach-messerangriff-bei-einsatz-in-goettingen-35-jaehriger-angreifer-erliegt-verletzungen-ein-polizist-bei-angriff-leicht-verletzt\\\/#article\",\"isPartOf\":{\"@id\":\"https:\\\/\\\/radioleinewelle.de\\\/index.php\\\/2024\\\/12\\\/18\\\/schussabgabe-nach-messerangriff-bei-einsatz-in-goettingen-35-jaehriger-angreifer-erliegt-verletzungen-ein-polizist-bei-angriff-leicht-verletzt\\\/\"},\"author\":{\"name\":\"Leinewelle\",\"@id\":\"https:\\\/\\\/radioleinewelle.de\\\/#\\\/schema\\\/person\\\/45606f348637df637192dc1b68399a63\"},\"headline\":\"Schussabgabe nach Messerangriff bei Einsatz in G\u00f6ttingen &#8211; 35-j\u00e4hriger Angreifer erliegt Verletzungen, ein Polizist bei Angriff leicht verletzt\",\"datePublished\":\"2024-12-18T20:42:36+00:00\",\"dateModified\":\"2024-12-18T20:42:37+00:00\",\"mainEntityOfPage\":{\"@id\":\"https:\\\/\\\/radioleinewelle.de\\\/index.php\\\/2024\\\/12\\\/18\\\/schussabgabe-nach-messerangriff-bei-einsatz-in-goettingen-35-jaehriger-angreifer-erliegt-verletzungen-ein-polizist-bei-angriff-leicht-verletzt\\\/\"},\"wordCount\":220,\"commentCount\":0,\"publisher\":{\"@id\":\"https:\\\/\\\/radioleinewelle.de\\\/#organization\"},\"image\":{\"@id\":\"https:\\\/\\\/radioleinewelle.de\\\/index.php\\\/2024\\\/12\\\/18\\\/schussabgabe-nach-messerangriff-bei-einsatz-in-goettingen-35-jaehriger-angreifer-erliegt-verletzungen-ein-polizist-bei-angriff-leicht-verletzt\\\/#primaryimage\"},\"thumbnailUrl\":\"https:\\\/\\\/radioleinewelle.de\\\/wp-content\\\/uploads\\\/2023\\\/11\\\/police-1530531_1280.jpg\",\"articleSection\":[\"Aktuelle Nachrichten\"],\"inLanguage\":\"de\",\"potentialAction\":[{\"@type\":\"CommentAction\",\"name\":\"Comment\",\"target\":[\"https:\\\/\\\/radioleinewelle.de\\\/index.php\\\/2024\\\/12\\\/18\\\/schussabgabe-nach-messerangriff-bei-einsatz-in-goettingen-35-jaehriger-angreifer-erliegt-verletzungen-ein-polizist-bei-angriff-leicht-verletzt\\\/#respond\"]}]},{\"@type\":\"WebPage\",\"@id\":\"https:\\\/\\\/radioleinewelle.de\\\/index.php\\\/2024\\\/12\\\/18\\\/schussabgabe-nach-messerangriff-bei-einsatz-in-goettingen-35-jaehriger-angreifer-erliegt-verletzungen-ein-polizist-bei-angriff-leicht-verletzt\\\/\",\"url\":\"https:\\\/\\\/radioleinewelle.de\\\/index.php\\\/2024\\\/12\\\/18\\\/schussabgabe-nach-messerangriff-bei-einsatz-in-goettingen-35-jaehriger-angreifer-erliegt-verletzungen-ein-polizist-bei-angriff-leicht-verletzt\\\/\",\"name\":\"Schussabgabe nach Messerangriff bei Einsatz in G\u00f6ttingen - 35-j\u00e4hriger Angreifer erliegt Verletzungen, ein Polizist bei Angriff leicht verletzt - Radio Leinewelle\",\"isPartOf\":{\"@id\":\"https:\\\/\\\/radioleinewelle.de\\\/#website\"},\"primaryImageOfPage\":{\"@id\":\"https:\\\/\\\/radioleinewelle.de\\\/index.php\\\/2024\\\/12\\\/18\\\/schussabgabe-nach-messerangriff-bei-einsatz-in-goettingen-35-jaehriger-angreifer-erliegt-verletzungen-ein-polizist-bei-angriff-leicht-verletzt\\\/#primaryimage\"},\"image\":{\"@id\":\"https:\\\/\\\/radioleinewelle.de\\\/index.php\\\/2024\\\/12\\\/18\\\/schussabgabe-nach-messerangriff-bei-einsatz-in-goettingen-35-jaehriger-angreifer-erliegt-verletzungen-ein-polizist-bei-angriff-leicht-verletzt\\\/#primaryimage\"},\"thumbnailUrl\":\"https:\\\/\\\/radioleinewelle.de\\\/wp-content\\\/uploads\\\/2023\\\/11\\\/police-1530531_1280.jpg\",\"datePublished\":\"2024-12-18T20:42:36+00:00\",\"dateModified\":\"2024-12-18T20:42:37+00:00\",\"breadcrumb\":{\"@id\":\"https:\\\/\\\/radioleinewelle.de\\\/index.php\\\/2024\\\/12\\\/18\\\/schussabgabe-nach-messerangriff-bei-einsatz-in-goettingen-35-jaehriger-angreifer-erliegt-verletzungen-ein-polizist-bei-angriff-leicht-verletzt\\\/#breadcrumb\"},\"inLanguage\":\"de\",\"potentialAction\":[{\"@type\":\"ReadAction\",\"target\":[\"https:\\\/\\\/radioleinewelle.de\\\/index.php\\\/2024\\\/12\\\/18\\\/schussabgabe-nach-messerangriff-bei-einsatz-in-goettingen-35-jaehriger-angreifer-erliegt-verletzungen-ein-polizist-bei-angriff-leicht-verletzt\\\/\"]}]},{\"@type\":\"ImageObject\",\"inLanguage\":\"de\",\"@id\":\"https:\\\/\\\/radioleinewelle.de\\\/index.php\\\/2024\\\/12\\\/18\\\/schussabgabe-nach-messerangriff-bei-einsatz-in-goettingen-35-jaehriger-angreifer-erliegt-verletzungen-ein-polizist-bei-angriff-leicht-verletzt\\\/#primaryimage\",\"url\":\"https:\\\/\\\/radioleinewelle.de\\\/wp-content\\\/uploads\\\/2023\\\/11\\\/police-1530531_1280.jpg\",\"contentUrl\":\"https:\\\/\\\/radioleinewelle.de\\\/wp-content\\\/uploads\\\/2023\\\/11\\\/police-1530531_1280.jpg\",\"width\":1280,\"height\":766},{\"@type\":\"BreadcrumbList\",\"@id\":\"https:\\\/\\\/radioleinewelle.de\\\/index.php\\\/2024\\\/12\\\/18\\\/schussabgabe-nach-messerangriff-bei-einsatz-in-goettingen-35-jaehriger-angreifer-erliegt-verletzungen-ein-polizist-bei-angriff-leicht-verletzt\\\/#breadcrumb\",\"itemListElement\":[{\"@type\":\"ListItem\",\"position\":1,\"name\":\"Startseite\",\"item\":\"https:\\\/\\\/radioleinewelle.de\\\/\"},{\"@type\":\"ListItem\",\"position\":2,\"name\":\"Schussabgabe nach Messerangriff bei Einsatz in G\u00f6ttingen &#8211; 35-j\u00e4hriger Angreifer erliegt Verletzungen, ein Polizist bei Angriff leicht verletzt\"}]},{\"@type\":\"WebSite\",\"@id\":\"https:\\\/\\\/radioleinewelle.de\\\/#website\",\"url\":\"https:\\\/\\\/radioleinewelle.de\\\/\",\"name\":\"Radio Leinewelle\",\"description\":\"\",\"publisher\":{\"@id\":\"https:\\\/\\\/radioleinewelle.de\\\/#organization\"},\"potentialAction\":[{\"@type\":\"SearchAction\",\"target\":{\"@type\":\"EntryPoint\",\"urlTemplate\":\"https:\\\/\\\/radioleinewelle.de\\\/?s={search_term_string}\"},\"query-input\":{\"@type\":\"PropertyValueSpecification\",\"valueRequired\":true,\"valueName\":\"search_term_string\"}}],\"inLanguage\":\"de\"},{\"@type\":\"Organization\",\"@id\":\"https:\\\/\\\/radioleinewelle.de\\\/#organization\",\"name\":\"Radio Leinewelle\",\"alternateName\":\"Mein Radio f\u00fcr S\u00fcdniedersachsen\",\"url\":\"https:\\\/\\\/radioleinewelle.de\\\/\",\"logo\":{\"@type\":\"ImageObject\",\"inLanguage\":\"de\",\"@id\":\"https:\\\/\\\/radioleinewelle.de\\\/#\\\/schema\\\/logo\\\/image\\\/\",\"url\":\"https:\\\/\\\/radioleinewelle.de\\\/wp-content\\\/uploads\\\/2023\\\/11\\\/cropped-Leinewelle_Logo_weiss.png\",\"contentUrl\":\"https:\\\/\\\/radioleinewelle.de\\\/wp-content\\\/uploads\\\/2023\\\/11\\\/cropped-Leinewelle_Logo_weiss.png\",\"width\":854,\"height\":260,\"caption\":\"Radio Leinewelle\"},\"image\":{\"@id\":\"https:\\\/\\\/radioleinewelle.de\\\/#\\\/schema\\\/logo\\\/image\\\/\"},\"sameAs\":[\"https:\\\/\\\/www.facebook.com\\\/radioleinewelle\",\"https:\\\/\\\/x.com\\\/RLeinewelle\",\"https:\\\/\\\/www.instagram.com\\\/radioleinewelle\\\/?hl=de\"]},{\"@type\":\"Person\",\"@id\":\"https:\\\/\\\/radioleinewelle.de\\\/#\\\/schema\\\/person\\\/45606f348637df637192dc1b68399a63\",\"name\":\"Leinewelle\",\"image\":{\"@type\":\"ImageObject\",\"inLanguage\":\"de\",\"@id\":\"https:\\\/\\\/secure.gravatar.com\\\/avatar\\\/05c9a17bc973052ee5d91549bd32fb4dd0dc85b7b85ae94b2e2b4943476bbea5?s=96&d=blank&r=g\",\"url\":\"https:\\\/\\\/secure.gravatar.com\\\/avatar\\\/05c9a17bc973052ee5d91549bd32fb4dd0dc85b7b85ae94b2e2b4943476bbea5?s=96&d=blank&r=g\",\"contentUrl\":\"https:\\\/\\\/secure.gravatar.com\\\/avatar\\\/05c9a17bc973052ee5d91549bd32fb4dd0dc85b7b85ae94b2e2b4943476bbea5?s=96&d=blank&r=g\",\"caption\":\"Leinewelle\"},\"sameAs\":[\"http:\\\/\\\/localhost\\\/radio%20leinewelle\\\/wordpress\",\"https:\\\/\\\/www.facebook.com\\\/radioleinewelle\",\"https:\\\/\\\/www.instagram.com\\\/radioleinewelle\",\"https:\\\/\\\/x.com\\\/https:\\\/\\\/twitter.com\\\/RLeinewelle?ref_src=twsrcgoogletwcampserptwgrauthor\",\"https:\\\/\\\/soundcloud.com\\\/foerderverein-lokalradio?utm_source=clipboard&utm_medium=text&utm_campaign=social_sharing\"],\"url\":\"https:\\\/\\\/radioleinewelle.de\\\/index.php\\\/author\\\/leinewelle\\\/\"}]}<\/script>\n<!-- \/ Yoast SEO plugin. -->","yoast_head_json":{"title":"Schussabgabe nach Messerangriff bei Einsatz in G\u00f6ttingen - 35-j\u00e4hriger Angreifer erliegt Verletzungen, ein Polizist bei Angriff leicht verletzt - Radio Leinewelle","robots":{"index":"index","follow":"follow","max-snippet":"max-snippet:-1","max-image-preview":"max-image-preview:large","max-video-preview":"max-video-preview:-1"},"canonical":"https:\/\/radioleinewelle.de\/index.php\/2024\/12\/18\/schussabgabe-nach-messerangriff-bei-einsatz-in-goettingen-35-jaehriger-angreifer-erliegt-verletzungen-ein-polizist-bei-angriff-leicht-verletzt\/","og_locale":"de_DE","og_type":"article","og_title":"Schussabgabe nach Messerangriff bei Einsatz in G\u00f6ttingen - 35-j\u00e4hriger Angreifer erliegt Verletzungen, ein Polizist bei Angriff leicht verletzt - Radio Leinewelle","og_description":"Bei einem Polizeieinsatz im Alfred-Delp-Weg im G\u00f6ttinger Stadtteil Geismar ist am fr\u00fchen Mittwochabend gegen 17. 30 Uhr ein 35 Jahre alter Mann durch Sch\u00fcsse aus der Dienstwaffe eines Polizisten t\u00f6dlich verletzt worden. Dazu teilt die Polizeiinspektion G\u00f6ttingen in einer Meldung weitere Einzelheiten mit:Ersten Ermittlungen zufolge hatte der mutma\u00dflich psychisch kranke G\u00f6ttinger die Beamten zuvor unvermittelt [&hellip;]","og_url":"https:\/\/radioleinewelle.de\/index.php\/2024\/12\/18\/schussabgabe-nach-messerangriff-bei-einsatz-in-goettingen-35-jaehriger-angreifer-erliegt-verletzungen-ein-polizist-bei-angriff-leicht-verletzt\/","og_site_name":"Radio Leinewelle","article_publisher":"https:\/\/www.facebook.com\/radioleinewelle","article_author":"https:\/\/www.facebook.com\/radioleinewelle","article_published_time":"2024-12-18T20:42:36+00:00","article_modified_time":"2024-12-18T20:42:37+00:00","og_image":[{"width":1280,"height":766,"url":"https:\/\/radioleinewelle.de\/wp-content\/uploads\/2023\/11\/police-1530531_1280.jpg","type":"image\/jpeg"}],"author":"Leinewelle","twitter_card":"summary_large_image","twitter_creator":"@https:\/\/twitter.com\/RLeinewelle?ref_src=twsrcgoogletwcampserptwgrauthor","twitter_site":"@RLeinewelle","twitter_misc":{"Verfasst von":"Leinewelle","Gesch\u00e4tzte Lesezeit":"2\u00a0Minuten"},"schema":{"@context":"https:\/\/schema.org","@graph":[{"@type":"Article","@id":"https:\/\/radioleinewelle.de\/index.php\/2024\/12\/18\/schussabgabe-nach-messerangriff-bei-einsatz-in-goettingen-35-jaehriger-angreifer-erliegt-verletzungen-ein-polizist-bei-angriff-leicht-verletzt\/#article","isPartOf":{"@id":"https:\/\/radioleinewelle.de\/index.php\/2024\/12\/18\/schussabgabe-nach-messerangriff-bei-einsatz-in-goettingen-35-jaehriger-angreifer-erliegt-verletzungen-ein-polizist-bei-angriff-leicht-verletzt\/"},"author":{"name":"Leinewelle","@id":"https:\/\/radioleinewelle.de\/#\/schema\/person\/45606f348637df637192dc1b68399a63"},"headline":"Schussabgabe nach Messerangriff bei Einsatz in G\u00f6ttingen &#8211; 35-j\u00e4hriger Angreifer erliegt Verletzungen, ein Polizist bei Angriff leicht verletzt","datePublished":"2024-12-18T20:42:36+00:00","dateModified":"2024-12-18T20:42:37+00:00","mainEntityOfPage":{"@id":"https:\/\/radioleinewelle.de\/index.php\/2024\/12\/18\/schussabgabe-nach-messerangriff-bei-einsatz-in-goettingen-35-jaehriger-angreifer-erliegt-verletzungen-ein-polizist-bei-angriff-leicht-verletzt\/"},"wordCount":220,"commentCount":0,"publisher":{"@id":"https:\/\/radioleinewelle.de\/#organization"},"image":{"@id":"https:\/\/radioleinewelle.de\/index.php\/2024\/12\/18\/schussabgabe-nach-messerangriff-bei-einsatz-in-goettingen-35-jaehriger-angreifer-erliegt-verletzungen-ein-polizist-bei-angriff-leicht-verletzt\/#primaryimage"},"thumbnailUrl":"https:\/\/radioleinewelle.de\/wp-content\/uploads\/2023\/11\/police-1530531_1280.jpg","articleSection":["Aktuelle Nachrichten"],"inLanguage":"de","potentialAction":[{"@type":"CommentAction","name":"Comment","target":["https:\/\/radioleinewelle.de\/index.php\/2024\/12\/18\/schussabgabe-nach-messerangriff-bei-einsatz-in-goettingen-35-jaehriger-angreifer-erliegt-verletzungen-ein-polizist-bei-angriff-leicht-verletzt\/#respond"]}]},{"@type":"WebPage","@id":"https:\/\/radioleinewelle.de\/index.php\/2024\/12\/18\/schussabgabe-nach-messerangriff-bei-einsatz-in-goettingen-35-jaehriger-angreifer-erliegt-verletzungen-ein-polizist-bei-angriff-leicht-verletzt\/","url":"https:\/\/radioleinewelle.de\/index.php\/2024\/12\/18\/schussabgabe-nach-messerangriff-bei-einsatz-in-goettingen-35-jaehriger-angreifer-erliegt-verletzungen-ein-polizist-bei-angriff-leicht-verletzt\/","name":"Schussabgabe nach Messerangriff bei Einsatz in G\u00f6ttingen - 35-j\u00e4hriger Angreifer erliegt Verletzungen, ein Polizist bei Angriff leicht verletzt - Radio Leinewelle","isPartOf":{"@id":"https:\/\/radioleinewelle.de\/#website"},"primaryImageOfPage":{"@id":"https:\/\/radioleinewelle.de\/index.php\/2024\/12\/18\/schussabgabe-nach-messerangriff-bei-einsatz-in-goettingen-35-jaehriger-angreifer-erliegt-verletzungen-ein-polizist-bei-angriff-leicht-verletzt\/#primaryimage"},"image":{"@id":"https:\/\/radioleinewelle.de\/index.php\/2024\/12\/18\/schussabgabe-nach-messerangriff-bei-einsatz-in-goettingen-35-jaehriger-angreifer-erliegt-verletzungen-ein-polizist-bei-angriff-leicht-verletzt\/#primaryimage"},"thumbnailUrl":"https:\/\/radioleinewelle.de\/wp-content\/uploads\/2023\/11\/police-1530531_1280.jpg","datePublished":"2024-12-18T20:42:36+00:00","dateModified":"2024-12-18T20:42:37+00:00","breadcrumb":{"@id":"https:\/\/radioleinewelle.de\/index.php\/2024\/12\/18\/schussabgabe-nach-messerangriff-bei-einsatz-in-goettingen-35-jaehriger-angreifer-erliegt-verletzungen-ein-polizist-bei-angriff-leicht-verletzt\/#breadcrumb"},"inLanguage":"de","potentialAction":[{"@type":"ReadAction","target":["https:\/\/radioleinewelle.de\/index.php\/2024\/12\/18\/schussabgabe-nach-messerangriff-bei-einsatz-in-goettingen-35-jaehriger-angreifer-erliegt-verletzungen-ein-polizist-bei-angriff-leicht-verletzt\/"]}]},{"@type":"ImageObject","inLanguage":"de","@id":"https:\/\/radioleinewelle.de\/index.php\/2024\/12\/18\/schussabgabe-nach-messerangriff-bei-einsatz-in-goettingen-35-jaehriger-angreifer-erliegt-verletzungen-ein-polizist-bei-angriff-leicht-verletzt\/#primaryimage","url":"https:\/\/radioleinewelle.de\/wp-content\/uploads\/2023\/11\/police-1530531_1280.jpg","contentUrl":"https:\/\/radioleinewelle.de\/wp-content\/uploads\/2023\/11\/police-1530531_1280.jpg","width":1280,"height":766},{"@type":"BreadcrumbList","@id":"https:\/\/radioleinewelle.de\/index.php\/2024\/12\/18\/schussabgabe-nach-messerangriff-bei-einsatz-in-goettingen-35-jaehriger-angreifer-erliegt-verletzungen-ein-polizist-bei-angriff-leicht-verletzt\/#breadcrumb","itemListElement":[{"@type":"ListItem","position":1,"name":"Startseite","item":"https:\/\/radioleinewelle.de\/"},{"@type":"ListItem","position":2,"name":"Schussabgabe nach Messerangriff bei Einsatz in G\u00f6ttingen &#8211; 35-j\u00e4hriger Angreifer erliegt Verletzungen, ein Polizist bei Angriff leicht verletzt"}]},{"@type":"WebSite","@id":"https:\/\/radioleinewelle.de\/#website","url":"https:\/\/radioleinewelle.de\/","name":"Radio Leinewelle","description":"","publisher":{"@id":"https:\/\/radioleinewelle.de\/#organization"},"potentialAction":[{"@type":"SearchAction","target":{"@type":"EntryPoint","urlTemplate":"https:\/\/radioleinewelle.de\/?s={search_term_string}"},"query-input":{"@type":"PropertyValueSpecification","valueRequired":true,"valueName":"search_term_string"}}],"inLanguage":"de"},{"@type":"Organization","@id":"https:\/\/radioleinewelle.de\/#organization","name":"Radio Leinewelle","alternateName":"Mein Radio f\u00fcr S\u00fcdniedersachsen","url":"https:\/\/radioleinewelle.de\/","logo":{"@type":"ImageObject","inLanguage":"de","@id":"https:\/\/radioleinewelle.de\/#\/schema\/logo\/image\/","url":"https:\/\/radioleinewelle.de\/wp-content\/uploads\/2023\/11\/cropped-Leinewelle_Logo_weiss.png","contentUrl":"https:\/\/radioleinewelle.de\/wp-content\/uploads\/2023\/11\/cropped-Leinewelle_Logo_weiss.png","width":854,"height":260,"caption":"Radio Leinewelle"},"image":{"@id":"https:\/\/radioleinewelle.de\/#\/schema\/logo\/image\/"},"sameAs":["https:\/\/www.facebook.com\/radioleinewelle","https:\/\/x.com\/RLeinewelle","https:\/\/www.instagram.com\/radioleinewelle\/?hl=de"]},{"@type":"Person","@id":"https:\/\/radioleinewelle.de\/#\/schema\/person\/45606f348637df637192dc1b68399a63","name":"Leinewelle","image":{"@type":"ImageObject","inLanguage":"de","@id":"https:\/\/secure.gravatar.com\/avatar\/05c9a17bc973052ee5d91549bd32fb4dd0dc85b7b85ae94b2e2b4943476bbea5?s=96&d=blank&r=g","url":"https:\/\/secure.gravatar.com\/avatar\/05c9a17bc973052ee5d91549bd32fb4dd0dc85b7b85ae94b2e2b4943476bbea5?s=96&d=blank&r=g","contentUrl":"https:\/\/secure.gravatar.com\/avatar\/05c9a17bc973052ee5d91549bd32fb4dd0dc85b7b85ae94b2e2b4943476bbea5?s=96&d=blank&r=g","caption":"Leinewelle"},"sameAs":["http:\/\/localhost\/radio%20leinewelle\/wordpress","https:\/\/www.facebook.com\/radioleinewelle","https:\/\/www.instagram.com\/radioleinewelle","https:\/\/x.com\/https:\/\/twitter.com\/RLeinewelle?ref_src=twsrcgoogletwcampserptwgrauthor","https:\/\/soundcloud.com\/foerderverein-lokalradio?utm_source=clipboard&utm_medium=text&utm_campaign=social_sharing"],"url":"https:\/\/radioleinewelle.de\/index.php\/author\/leinewelle\/"}]}},"_links":{"self":[{"href":"https:\/\/radioleinewelle.de\/index.php\/wp-json\/wp\/v2\/posts\/27093","targetHints":{"allow":["GET"]}}],"collection":[{"href":"https:\/\/radioleinewelle.de\/index.php\/wp-json\/wp\/v2\/posts"}],"about":[{"href":"https:\/\/radioleinewelle.de\/index.php\/wp-json\/wp\/v2\/types\/post"}],"author":[{"embeddable":true,"href":"https:\/\/radioleinewelle.de\/index.php\/wp-json\/wp\/v2\/users\/1"}],"replies":[{"embeddable":true,"href":"https:\/\/radioleinewelle.de\/index.php\/wp-json\/wp\/v2\/comments?post=27093"}],"version-history":[{"count":3,"href":"https:\/\/radioleinewelle.de\/index.php\/wp-json\/wp\/v2\/posts\/27093\/revisions"}],"predecessor-version":[{"id":27096,"href":"https:\/\/radioleinewelle.de\/index.php\/wp-json\/wp\/v2\/posts\/27093\/revisions\/27096"}],"wp:featuredmedia":[{"embeddable":true,"href":"https:\/\/radioleinewelle.de\/index.php\/wp-json\/wp\/v2\/media\/24537"}],"wp:attachment":[{"href":"https:\/\/radioleinewelle.de\/index.php\/wp-json\/wp\/v2\/media?parent=27093"}],"wp:term":[{"taxonomy":"category","embeddable":true,"href":"https:\/\/radioleinewelle.de\/index.php\/wp-json\/wp\/v2\/categories?post=27093"},{"taxonomy":"post_tag","embeddable":true,"href":"https:\/\/radioleinewelle.de\/index.php\/wp-json\/wp\/v2\/tags?post=27093"}],"curies":[{"name":"wp","href":"https:\/\/api.w.org\/{rel}","templated":true}]}}