{"id":27174,"date":"2025-01-07T09:21:04","date_gmt":"2025-01-07T08:21:04","guid":{"rendered":"https:\/\/radioleinewelle.de\/?p=27174"},"modified":"2025-01-07T09:21:05","modified_gmt":"2025-01-07T08:21:05","slug":"goettingen-05-len-brack-wird-bestandteil-der-1-herrenmannschaft","status":"publish","type":"post","link":"https:\/\/radioleinewelle.de\/index.php\/2025\/01\/07\/goettingen-05-len-brack-wird-bestandteil-der-1-herrenmannschaft\/","title":{"rendered":"G\u00f6ttingen 05 : Len Brack wird Bestandteil der 1. Herrenmannschaft."},"content":{"rendered":"\n<p>Der 18 Jahre defensive Mittelfeldakteur Len Brack wird in der Spielzeit 2025\/26 fester Bestandteil des Kaders der ersten Herrenmannschaft des 1. SC G\u00f6ttingen 05 sein. Len wechselte zum Beginn der diesj\u00e4hrigen Spielzeit in die U19 des 1. SC 05. Mittlerweile entwickelte sich Brack zu einem F\u00fchrungsspieler bei den A-Junioren der Schwarz-Gelben. Der Abiturient teilt folgendes mit: &#8222;Ich freue mich f\u00fcr den Vorzeigeverein der Stadt zu spielen. Ich werde versuchen mich durch Flei\u00df und meine Mentalit\u00e4t in der ersten Herrenmannschaft zu etablieren.&#8220;<\/p>\n\n\n\n<p>Der sportlicher Leiter Jan Steiger lobt Brack: &#8222;Len hat sich im Saisonverlauf positiv entwickelt und tut der U19 derzeit durch seine positive Einstellung sehr gut. Er ist ein Mentalit\u00e4tsspieler, der auch bei Widerst\u00e4nden eine gute Resilienz zeigt.&#8220;<\/p>\n\n\n\n<p><strong>Foto:<\/strong> Len Brack und der sportliche Leiter Jan Steiger \u00a9G\u00f6ttingen05<\/p>\n","protected":false},"excerpt":{"rendered":"<p>Der 18 Jahre defensive Mittelfeldakteur Len Brack wird in der Spielzeit 2025\/26 fester Bestandteil des Kaders der ersten Herrenmannschaft des 1. SC G\u00f6ttingen 05 sein. Len wechselte zum Beginn der diesj\u00e4hrigen Spielzeit in die U19 des 1. SC 05. Mittlerweile entwickelte sich Brack zu einem F\u00fchrungsspieler bei den A-Junioren der Schwarz-Gelben. Der Abiturient teilt folgendes [&hellip;]<\/p>\n","protected":false},"author":1,"featured_media":27176,"comment_status":"open","ping_status":"open","sticky":false,"template":"","format":"standard","meta":{"saved_in_kubio":false,"footnotes":""},"categories":[1],"tags":[],"class_list":["post-27174","post","type-post","status-publish","format-standard","has-post-thumbnail","hentry","category-allgemein"],"yoast_head":"<!-- This site is optimized with the Yoast SEO plugin v27.4 - https:\/\/yoast.com\/product\/yoast-seo-wordpress\/ -->\n<title>G\u00f6ttingen 05 : Len Brack wird Bestandteil der 1. Herrenmannschaft. - Radio Leinewelle<\/title>\n<meta name=\"robots\" content=\"index, follow, max-snippet:-1, max-image-preview:large, max-video-preview:-1\" \/>\n<link rel=\"canonical\" href=\"https:\/\/radioleinewelle.de\/index.php\/2025\/01\/07\/goettingen-05-len-brack-wird-bestandteil-der-1-herrenmannschaft\/\" \/>\n<meta property=\"og:locale\" content=\"de_DE\" \/>\n<meta property=\"og:type\" content=\"article\" \/>\n<meta property=\"og:title\" content=\"G\u00f6ttingen 05 : Len Brack wird Bestandteil der 1. Herrenmannschaft. - Radio Leinewelle\" \/>\n<meta property=\"og:description\" content=\"Der 18 Jahre defensive Mittelfeldakteur Len Brack wird in der Spielzeit 2025\/26 fester Bestandteil des Kaders der ersten Herrenmannschaft des 1. SC G\u00f6ttingen 05 sein. Len wechselte zum Beginn der diesj\u00e4hrigen Spielzeit in die U19 des 1. SC 05. Mittlerweile entwickelte sich Brack zu einem F\u00fchrungsspieler bei den A-Junioren der Schwarz-Gelben. Der Abiturient teilt folgendes [&hellip;]\" \/>\n<meta property=\"og:url\" content=\"https:\/\/radioleinewelle.de\/index.php\/2025\/01\/07\/goettingen-05-len-brack-wird-bestandteil-der-1-herrenmannschaft\/\" \/>\n<meta property=\"og:site_name\" content=\"Radio Leinewelle\" \/>\n<meta property=\"article:publisher\" content=\"https:\/\/www.facebook.com\/radioleinewelle\" \/>\n<meta property=\"article:author\" content=\"https:\/\/www.facebook.com\/radioleinewelle\" \/>\n<meta property=\"article:published_time\" content=\"2025-01-07T08:21:04+00:00\" \/>\n<meta property=\"article:modified_time\" content=\"2025-01-07T08:21:05+00:00\" \/>\n<meta property=\"og:image\" content=\"https:\/\/radioleinewelle.de\/wp-content\/uploads\/2025\/01\/472559865_1138938888231780_1915470526076671619_n.jpg\" \/>\n\t<meta property=\"og:image:width\" content=\"652\" \/>\n\t<meta property=\"og:image:height\" content=\"557\" \/>\n\t<meta property=\"og:image:type\" content=\"image\/jpeg\" \/>\n<meta name=\"author\" content=\"Leinewelle\" \/>\n<meta name=\"twitter:card\" content=\"summary_large_image\" \/>\n<meta name=\"twitter:creator\" content=\"@https:\/\/twitter.com\/RLeinewelle?ref_src=twsrcgoogletwcampserptwgrauthor\" \/>\n<meta name=\"twitter:site\" content=\"@RLeinewelle\" \/>\n<meta name=\"twitter:label1\" content=\"Verfasst von\" \/>\n\t<meta name=\"twitter:data1\" content=\"Leinewelle\" \/>\n\t<meta name=\"twitter:label2\" content=\"Gesch\u00e4tzte Lesezeit\" \/>\n\t<meta name=\"twitter:data2\" content=\"1\u00a0Minute\" \/>\n<script type=\"application\/ld+json\" class=\"yoast-schema-graph\">{\"@context\":\"https:\\\/\\\/schema.org\",\"@graph\":[{\"@type\":\"Article\",\"@id\":\"https:\\\/\\\/radioleinewelle.de\\\/index.php\\\/2025\\\/01\\\/07\\\/goettingen-05-len-brack-wird-bestandteil-der-1-herrenmannschaft\\\/#article\",\"isPartOf\":{\"@id\":\"https:\\\/\\\/radioleinewelle.de\\\/index.php\\\/2025\\\/01\\\/07\\\/goettingen-05-len-brack-wird-bestandteil-der-1-herrenmannschaft\\\/\"},\"author\":{\"name\":\"Leinewelle\",\"@id\":\"https:\\\/\\\/radioleinewelle.de\\\/#\\\/schema\\\/person\\\/45606f348637df637192dc1b68399a63\"},\"headline\":\"G\u00f6ttingen 05 : Len Brack wird Bestandteil der 1. Herrenmannschaft.\",\"datePublished\":\"2025-01-07T08:21:04+00:00\",\"dateModified\":\"2025-01-07T08:21:05+00:00\",\"mainEntityOfPage\":{\"@id\":\"https:\\\/\\\/radioleinewelle.de\\\/index.php\\\/2025\\\/01\\\/07\\\/goettingen-05-len-brack-wird-bestandteil-der-1-herrenmannschaft\\\/\"},\"wordCount\":138,\"commentCount\":0,\"publisher\":{\"@id\":\"https:\\\/\\\/radioleinewelle.de\\\/#organization\"},\"image\":{\"@id\":\"https:\\\/\\\/radioleinewelle.de\\\/index.php\\\/2025\\\/01\\\/07\\\/goettingen-05-len-brack-wird-bestandteil-der-1-herrenmannschaft\\\/#primaryimage\"},\"thumbnailUrl\":\"https:\\\/\\\/radioleinewelle.de\\\/wp-content\\\/uploads\\\/2025\\\/01\\\/472559865_1138938888231780_1915470526076671619_n.jpg\",\"inLanguage\":\"de\",\"potentialAction\":[{\"@type\":\"CommentAction\",\"name\":\"Comment\",\"target\":[\"https:\\\/\\\/radioleinewelle.de\\\/index.php\\\/2025\\\/01\\\/07\\\/goettingen-05-len-brack-wird-bestandteil-der-1-herrenmannschaft\\\/#respond\"]}]},{\"@type\":\"WebPage\",\"@id\":\"https:\\\/\\\/radioleinewelle.de\\\/index.php\\\/2025\\\/01\\\/07\\\/goettingen-05-len-brack-wird-bestandteil-der-1-herrenmannschaft\\\/\",\"url\":\"https:\\\/\\\/radioleinewelle.de\\\/index.php\\\/2025\\\/01\\\/07\\\/goettingen-05-len-brack-wird-bestandteil-der-1-herrenmannschaft\\\/\",\"name\":\"G\u00f6ttingen 05 : Len Brack wird Bestandteil der 1. Herrenmannschaft. - Radio Leinewelle\",\"isPartOf\":{\"@id\":\"https:\\\/\\\/radioleinewelle.de\\\/#website\"},\"primaryImageOfPage\":{\"@id\":\"https:\\\/\\\/radioleinewelle.de\\\/index.php\\\/2025\\\/01\\\/07\\\/goettingen-05-len-brack-wird-bestandteil-der-1-herrenmannschaft\\\/#primaryimage\"},\"image\":{\"@id\":\"https:\\\/\\\/radioleinewelle.de\\\/index.php\\\/2025\\\/01\\\/07\\\/goettingen-05-len-brack-wird-bestandteil-der-1-herrenmannschaft\\\/#primaryimage\"},\"thumbnailUrl\":\"https:\\\/\\\/radioleinewelle.de\\\/wp-content\\\/uploads\\\/2025\\\/01\\\/472559865_1138938888231780_1915470526076671619_n.jpg\",\"datePublished\":\"2025-01-07T08:21:04+00:00\",\"dateModified\":\"2025-01-07T08:21:05+00:00\",\"breadcrumb\":{\"@id\":\"https:\\\/\\\/radioleinewelle.de\\\/index.php\\\/2025\\\/01\\\/07\\\/goettingen-05-len-brack-wird-bestandteil-der-1-herrenmannschaft\\\/#breadcrumb\"},\"inLanguage\":\"de\",\"potentialAction\":[{\"@type\":\"ReadAction\",\"target\":[\"https:\\\/\\\/radioleinewelle.de\\\/index.php\\\/2025\\\/01\\\/07\\\/goettingen-05-len-brack-wird-bestandteil-der-1-herrenmannschaft\\\/\"]}]},{\"@type\":\"ImageObject\",\"inLanguage\":\"de\",\"@id\":\"https:\\\/\\\/radioleinewelle.de\\\/index.php\\\/2025\\\/01\\\/07\\\/goettingen-05-len-brack-wird-bestandteil-der-1-herrenmannschaft\\\/#primaryimage\",\"url\":\"https:\\\/\\\/radioleinewelle.de\\\/wp-content\\\/uploads\\\/2025\\\/01\\\/472559865_1138938888231780_1915470526076671619_n.jpg\",\"contentUrl\":\"https:\\\/\\\/radioleinewelle.de\\\/wp-content\\\/uploads\\\/2025\\\/01\\\/472559865_1138938888231780_1915470526076671619_n.jpg\",\"width\":652,\"height\":557},{\"@type\":\"BreadcrumbList\",\"@id\":\"https:\\\/\\\/radioleinewelle.de\\\/index.php\\\/2025\\\/01\\\/07\\\/goettingen-05-len-brack-wird-bestandteil-der-1-herrenmannschaft\\\/#breadcrumb\",\"itemListElement\":[{\"@type\":\"ListItem\",\"position\":1,\"name\":\"Startseite\",\"item\":\"https:\\\/\\\/radioleinewelle.de\\\/\"},{\"@type\":\"ListItem\",\"position\":2,\"name\":\"G\u00f6ttingen 05 : Len Brack wird Bestandteil der 1. Herrenmannschaft.\"}]},{\"@type\":\"WebSite\",\"@id\":\"https:\\\/\\\/radioleinewelle.de\\\/#website\",\"url\":\"https:\\\/\\\/radioleinewelle.de\\\/\",\"name\":\"Radio Leinewelle\",\"description\":\"\",\"publisher\":{\"@id\":\"https:\\\/\\\/radioleinewelle.de\\\/#organization\"},\"potentialAction\":[{\"@type\":\"SearchAction\",\"target\":{\"@type\":\"EntryPoint\",\"urlTemplate\":\"https:\\\/\\\/radioleinewelle.de\\\/?s={search_term_string}\"},\"query-input\":{\"@type\":\"PropertyValueSpecification\",\"valueRequired\":true,\"valueName\":\"search_term_string\"}}],\"inLanguage\":\"de\"},{\"@type\":\"Organization\",\"@id\":\"https:\\\/\\\/radioleinewelle.de\\\/#organization\",\"name\":\"Radio Leinewelle\",\"alternateName\":\"Mein Radio f\u00fcr S\u00fcdniedersachsen\",\"url\":\"https:\\\/\\\/radioleinewelle.de\\\/\",\"logo\":{\"@type\":\"ImageObject\",\"inLanguage\":\"de\",\"@id\":\"https:\\\/\\\/radioleinewelle.de\\\/#\\\/schema\\\/logo\\\/image\\\/\",\"url\":\"https:\\\/\\\/radioleinewelle.de\\\/wp-content\\\/uploads\\\/2023\\\/11\\\/cropped-Leinewelle_Logo_weiss.png\",\"contentUrl\":\"https:\\\/\\\/radioleinewelle.de\\\/wp-content\\\/uploads\\\/2023\\\/11\\\/cropped-Leinewelle_Logo_weiss.png\",\"width\":854,\"height\":260,\"caption\":\"Radio Leinewelle\"},\"image\":{\"@id\":\"https:\\\/\\\/radioleinewelle.de\\\/#\\\/schema\\\/logo\\\/image\\\/\"},\"sameAs\":[\"https:\\\/\\\/www.facebook.com\\\/radioleinewelle\",\"https:\\\/\\\/x.com\\\/RLeinewelle\",\"https:\\\/\\\/www.instagram.com\\\/radioleinewelle\\\/?hl=de\"]},{\"@type\":\"Person\",\"@id\":\"https:\\\/\\\/radioleinewelle.de\\\/#\\\/schema\\\/person\\\/45606f348637df637192dc1b68399a63\",\"name\":\"Leinewelle\",\"image\":{\"@type\":\"ImageObject\",\"inLanguage\":\"de\",\"@id\":\"https:\\\/\\\/secure.gravatar.com\\\/avatar\\\/05c9a17bc973052ee5d91549bd32fb4dd0dc85b7b85ae94b2e2b4943476bbea5?s=96&d=blank&r=g\",\"url\":\"https:\\\/\\\/secure.gravatar.com\\\/avatar\\\/05c9a17bc973052ee5d91549bd32fb4dd0dc85b7b85ae94b2e2b4943476bbea5?s=96&d=blank&r=g\",\"contentUrl\":\"https:\\\/\\\/secure.gravatar.com\\\/avatar\\\/05c9a17bc973052ee5d91549bd32fb4dd0dc85b7b85ae94b2e2b4943476bbea5?s=96&d=blank&r=g\",\"caption\":\"Leinewelle\"},\"sameAs\":[\"http:\\\/\\\/localhost\\\/radio%20leinewelle\\\/wordpress\",\"https:\\\/\\\/www.facebook.com\\\/radioleinewelle\",\"https:\\\/\\\/www.instagram.com\\\/radioleinewelle\",\"https:\\\/\\\/x.com\\\/https:\\\/\\\/twitter.com\\\/RLeinewelle?ref_src=twsrcgoogletwcampserptwgrauthor\",\"https:\\\/\\\/soundcloud.com\\\/foerderverein-lokalradio?utm_source=clipboard&utm_medium=text&utm_campaign=social_sharing\"],\"url\":\"https:\\\/\\\/radioleinewelle.de\\\/index.php\\\/author\\\/leinewelle\\\/\"}]}<\/script>\n<!-- \/ Yoast SEO plugin. -->","yoast_head_json":{"title":"G\u00f6ttingen 05 : Len Brack wird Bestandteil der 1. Herrenmannschaft. - Radio Leinewelle","robots":{"index":"index","follow":"follow","max-snippet":"max-snippet:-1","max-image-preview":"max-image-preview:large","max-video-preview":"max-video-preview:-1"},"canonical":"https:\/\/radioleinewelle.de\/index.php\/2025\/01\/07\/goettingen-05-len-brack-wird-bestandteil-der-1-herrenmannschaft\/","og_locale":"de_DE","og_type":"article","og_title":"G\u00f6ttingen 05 : Len Brack wird Bestandteil der 1. Herrenmannschaft. - Radio Leinewelle","og_description":"Der 18 Jahre defensive Mittelfeldakteur Len Brack wird in der Spielzeit 2025\/26 fester Bestandteil des Kaders der ersten Herrenmannschaft des 1. SC G\u00f6ttingen 05 sein. Len wechselte zum Beginn der diesj\u00e4hrigen Spielzeit in die U19 des 1. SC 05. Mittlerweile entwickelte sich Brack zu einem F\u00fchrungsspieler bei den A-Junioren der Schwarz-Gelben. Der Abiturient teilt folgendes [&hellip;]","og_url":"https:\/\/radioleinewelle.de\/index.php\/2025\/01\/07\/goettingen-05-len-brack-wird-bestandteil-der-1-herrenmannschaft\/","og_site_name":"Radio Leinewelle","article_publisher":"https:\/\/www.facebook.com\/radioleinewelle","article_author":"https:\/\/www.facebook.com\/radioleinewelle","article_published_time":"2025-01-07T08:21:04+00:00","article_modified_time":"2025-01-07T08:21:05+00:00","og_image":[{"width":652,"height":557,"url":"https:\/\/radioleinewelle.de\/wp-content\/uploads\/2025\/01\/472559865_1138938888231780_1915470526076671619_n.jpg","type":"image\/jpeg"}],"author":"Leinewelle","twitter_card":"summary_large_image","twitter_creator":"@https:\/\/twitter.com\/RLeinewelle?ref_src=twsrcgoogletwcampserptwgrauthor","twitter_site":"@RLeinewelle","twitter_misc":{"Verfasst von":"Leinewelle","Gesch\u00e4tzte Lesezeit":"1\u00a0Minute"},"schema":{"@context":"https:\/\/schema.org","@graph":[{"@type":"Article","@id":"https:\/\/radioleinewelle.de\/index.php\/2025\/01\/07\/goettingen-05-len-brack-wird-bestandteil-der-1-herrenmannschaft\/#article","isPartOf":{"@id":"https:\/\/radioleinewelle.de\/index.php\/2025\/01\/07\/goettingen-05-len-brack-wird-bestandteil-der-1-herrenmannschaft\/"},"author":{"name":"Leinewelle","@id":"https:\/\/radioleinewelle.de\/#\/schema\/person\/45606f348637df637192dc1b68399a63"},"headline":"G\u00f6ttingen 05 : Len Brack wird Bestandteil der 1. Herrenmannschaft.","datePublished":"2025-01-07T08:21:04+00:00","dateModified":"2025-01-07T08:21:05+00:00","mainEntityOfPage":{"@id":"https:\/\/radioleinewelle.de\/index.php\/2025\/01\/07\/goettingen-05-len-brack-wird-bestandteil-der-1-herrenmannschaft\/"},"wordCount":138,"commentCount":0,"publisher":{"@id":"https:\/\/radioleinewelle.de\/#organization"},"image":{"@id":"https:\/\/radioleinewelle.de\/index.php\/2025\/01\/07\/goettingen-05-len-brack-wird-bestandteil-der-1-herrenmannschaft\/#primaryimage"},"thumbnailUrl":"https:\/\/radioleinewelle.de\/wp-content\/uploads\/2025\/01\/472559865_1138938888231780_1915470526076671619_n.jpg","inLanguage":"de","potentialAction":[{"@type":"CommentAction","name":"Comment","target":["https:\/\/radioleinewelle.de\/index.php\/2025\/01\/07\/goettingen-05-len-brack-wird-bestandteil-der-1-herrenmannschaft\/#respond"]}]},{"@type":"WebPage","@id":"https:\/\/radioleinewelle.de\/index.php\/2025\/01\/07\/goettingen-05-len-brack-wird-bestandteil-der-1-herrenmannschaft\/","url":"https:\/\/radioleinewelle.de\/index.php\/2025\/01\/07\/goettingen-05-len-brack-wird-bestandteil-der-1-herrenmannschaft\/","name":"G\u00f6ttingen 05 : Len Brack wird Bestandteil der 1. Herrenmannschaft. - Radio Leinewelle","isPartOf":{"@id":"https:\/\/radioleinewelle.de\/#website"},"primaryImageOfPage":{"@id":"https:\/\/radioleinewelle.de\/index.php\/2025\/01\/07\/goettingen-05-len-brack-wird-bestandteil-der-1-herrenmannschaft\/#primaryimage"},"image":{"@id":"https:\/\/radioleinewelle.de\/index.php\/2025\/01\/07\/goettingen-05-len-brack-wird-bestandteil-der-1-herrenmannschaft\/#primaryimage"},"thumbnailUrl":"https:\/\/radioleinewelle.de\/wp-content\/uploads\/2025\/01\/472559865_1138938888231780_1915470526076671619_n.jpg","datePublished":"2025-01-07T08:21:04+00:00","dateModified":"2025-01-07T08:21:05+00:00","breadcrumb":{"@id":"https:\/\/radioleinewelle.de\/index.php\/2025\/01\/07\/goettingen-05-len-brack-wird-bestandteil-der-1-herrenmannschaft\/#breadcrumb"},"inLanguage":"de","potentialAction":[{"@type":"ReadAction","target":["https:\/\/radioleinewelle.de\/index.php\/2025\/01\/07\/goettingen-05-len-brack-wird-bestandteil-der-1-herrenmannschaft\/"]}]},{"@type":"ImageObject","inLanguage":"de","@id":"https:\/\/radioleinewelle.de\/index.php\/2025\/01\/07\/goettingen-05-len-brack-wird-bestandteil-der-1-herrenmannschaft\/#primaryimage","url":"https:\/\/radioleinewelle.de\/wp-content\/uploads\/2025\/01\/472559865_1138938888231780_1915470526076671619_n.jpg","contentUrl":"https:\/\/radioleinewelle.de\/wp-content\/uploads\/2025\/01\/472559865_1138938888231780_1915470526076671619_n.jpg","width":652,"height":557},{"@type":"BreadcrumbList","@id":"https:\/\/radioleinewelle.de\/index.php\/2025\/01\/07\/goettingen-05-len-brack-wird-bestandteil-der-1-herrenmannschaft\/#breadcrumb","itemListElement":[{"@type":"ListItem","position":1,"name":"Startseite","item":"https:\/\/radioleinewelle.de\/"},{"@type":"ListItem","position":2,"name":"G\u00f6ttingen 05 : Len Brack wird Bestandteil der 1. Herrenmannschaft."}]},{"@type":"WebSite","@id":"https:\/\/radioleinewelle.de\/#website","url":"https:\/\/radioleinewelle.de\/","name":"Radio Leinewelle","description":"","publisher":{"@id":"https:\/\/radioleinewelle.de\/#organization"},"potentialAction":[{"@type":"SearchAction","target":{"@type":"EntryPoint","urlTemplate":"https:\/\/radioleinewelle.de\/?s={search_term_string}"},"query-input":{"@type":"PropertyValueSpecification","valueRequired":true,"valueName":"search_term_string"}}],"inLanguage":"de"},{"@type":"Organization","@id":"https:\/\/radioleinewelle.de\/#organization","name":"Radio Leinewelle","alternateName":"Mein Radio f\u00fcr S\u00fcdniedersachsen","url":"https:\/\/radioleinewelle.de\/","logo":{"@type":"ImageObject","inLanguage":"de","@id":"https:\/\/radioleinewelle.de\/#\/schema\/logo\/image\/","url":"https:\/\/radioleinewelle.de\/wp-content\/uploads\/2023\/11\/cropped-Leinewelle_Logo_weiss.png","contentUrl":"https:\/\/radioleinewelle.de\/wp-content\/uploads\/2023\/11\/cropped-Leinewelle_Logo_weiss.png","width":854,"height":260,"caption":"Radio Leinewelle"},"image":{"@id":"https:\/\/radioleinewelle.de\/#\/schema\/logo\/image\/"},"sameAs":["https:\/\/www.facebook.com\/radioleinewelle","https:\/\/x.com\/RLeinewelle","https:\/\/www.instagram.com\/radioleinewelle\/?hl=de"]},{"@type":"Person","@id":"https:\/\/radioleinewelle.de\/#\/schema\/person\/45606f348637df637192dc1b68399a63","name":"Leinewelle","image":{"@type":"ImageObject","inLanguage":"de","@id":"https:\/\/secure.gravatar.com\/avatar\/05c9a17bc973052ee5d91549bd32fb4dd0dc85b7b85ae94b2e2b4943476bbea5?s=96&d=blank&r=g","url":"https:\/\/secure.gravatar.com\/avatar\/05c9a17bc973052ee5d91549bd32fb4dd0dc85b7b85ae94b2e2b4943476bbea5?s=96&d=blank&r=g","contentUrl":"https:\/\/secure.gravatar.com\/avatar\/05c9a17bc973052ee5d91549bd32fb4dd0dc85b7b85ae94b2e2b4943476bbea5?s=96&d=blank&r=g","caption":"Leinewelle"},"sameAs":["http:\/\/localhost\/radio%20leinewelle\/wordpress","https:\/\/www.facebook.com\/radioleinewelle","https:\/\/www.instagram.com\/radioleinewelle","https:\/\/x.com\/https:\/\/twitter.com\/RLeinewelle?ref_src=twsrcgoogletwcampserptwgrauthor","https:\/\/soundcloud.com\/foerderverein-lokalradio?utm_source=clipboard&utm_medium=text&utm_campaign=social_sharing"],"url":"https:\/\/radioleinewelle.de\/index.php\/author\/leinewelle\/"}]}},"_links":{"self":[{"href":"https:\/\/radioleinewelle.de\/index.php\/wp-json\/wp\/v2\/posts\/27174","targetHints":{"allow":["GET"]}}],"collection":[{"href":"https:\/\/radioleinewelle.de\/index.php\/wp-json\/wp\/v2\/posts"}],"about":[{"href":"https:\/\/radioleinewelle.de\/index.php\/wp-json\/wp\/v2\/types\/post"}],"author":[{"embeddable":true,"href":"https:\/\/radioleinewelle.de\/index.php\/wp-json\/wp\/v2\/users\/1"}],"replies":[{"embeddable":true,"href":"https:\/\/radioleinewelle.de\/index.php\/wp-json\/wp\/v2\/comments?post=27174"}],"version-history":[{"count":2,"href":"https:\/\/radioleinewelle.de\/index.php\/wp-json\/wp\/v2\/posts\/27174\/revisions"}],"predecessor-version":[{"id":27177,"href":"https:\/\/radioleinewelle.de\/index.php\/wp-json\/wp\/v2\/posts\/27174\/revisions\/27177"}],"wp:featuredmedia":[{"embeddable":true,"href":"https:\/\/radioleinewelle.de\/index.php\/wp-json\/wp\/v2\/media\/27176"}],"wp:attachment":[{"href":"https:\/\/radioleinewelle.de\/index.php\/wp-json\/wp\/v2\/media?parent=27174"}],"wp:term":[{"taxonomy":"category","embeddable":true,"href":"https:\/\/radioleinewelle.de\/index.php\/wp-json\/wp\/v2\/categories?post=27174"},{"taxonomy":"post_tag","embeddable":true,"href":"https:\/\/radioleinewelle.de\/index.php\/wp-json\/wp\/v2\/tags?post=27174"}],"curies":[{"name":"wp","href":"https:\/\/api.w.org\/{rel}","templated":true}]}}