{"id":27178,"date":"2025-01-08T15:44:55","date_gmt":"2025-01-08T14:44:55","guid":{"rendered":"https:\/\/radioleinewelle.de\/?p=27178"},"modified":"2025-01-08T17:24:23","modified_gmt":"2025-01-08T16:24:23","slug":"vinyl-der-woche-ben-boehmer-bloom","status":"publish","type":"post","link":"https:\/\/radioleinewelle.de\/index.php\/2025\/01\/08\/vinyl-der-woche-ben-boehmer-bloom\/","title":{"rendered":"Vinyl der Woche: Ben B\u00f6hmer &#8211; Bloom"},"content":{"rendered":"\n<p>Unser K\u00fcnstler der Woche bzw. die Vinylplatte der Woche ist schon einige Zeit auf dem Markt: Ben B\u00f6hmer &#8211; Bloom. Kommt als Doppelvinyl auf dem renommierten britischen Label Ninja Tune. F\u00fcr einen deutschen K\u00fcnstler eine definitive Auszeichnung dort einen Vertrag zu bekommen. <br>Ben B\u00f6hmer ist DJ, Musikproduzent und Liveperformer aus G\u00f6ttingen, wohnt jetzt in Berlin. In der G\u00f6ttinger Elektronikszene (ja die gibt es!) bekannt und angesagt. Im Jahr 2015 die erste Single &#8222;Promise You&#8220;, damals erschienen auf dem G\u00f6ttinger Label Ton T\u00f6pferei. Er hat auf vielen Labels, u.a. Audiolith Records, ver\u00f6ffentlicht und ist auf gro\u00dfen internationalen Festivals gern gesehener Gast. Zur Dimension seines Erfolgs: im Jahr 2022 trat er ca. 200 Mal auf, seine ersten Alben wurden fast eine Milliarde Mal gestreamt.<\/p>\n\n\n\n<figure class=\"wp-block-embed is-type-rich is-provider-spotify wp-block-embed-spotify wp-embed-aspect-21-9 wp-has-aspect-ratio\"><div class=\"wp-block-embed__wrapper\">\n<iframe title=\"Spotify Embed: Rust\" style=\"border-radius: 12px\" width=\"100%\" height=\"152\" frameborder=\"0\" allowfullscreen allow=\"autoplay; clipboard-write; encrypted-media; fullscreen; picture-in-picture\" loading=\"lazy\" src=\"https:\/\/open.spotify.com\/embed\/track\/4XdQO9wxIeIy7eM65A5kk8?si=6ece5531d2554d9e&#038;utm_source=oembed\"><\/iframe>\n<\/div><\/figure>\n\n\n\n<p>Legend\u00e4r ist sein DJ Set im Fesselballon: <strong>Ben B\u00f6hmer live above Cappadocia in Turkey for Cercle<\/strong> (s.u.). F\u00fcr sein neues Album Bloom hat er sich Verst\u00e4rkung ins Studio geholt: Oh Wonder, Enfant Sauvage und die Indie Legende Lykke Li. Auf der ersten Singleauskopplung ist zudem das Berliner Duo JONAH zu h\u00f6ren. Drei Jahre hat es bis zur Ver\u00f6ffentlichung gedauert, kein Wunder bei den Dauertouren rund um die Welt. Kein Dancealbum, alles ruhiger und gesetzter, ein Grund mehr sich f\u00fcr die Vinylausgabe zu entscheiden. Sehr melodisch, mit Experimenten in andere Genres. F\u00fcr B\u00f6hmer ist es eine gro\u00dfe Ehre mit dem legend\u00e4ren <a href=\"http:\/\/ninjatune.net\"><strong>Ninja Tune Label<\/strong><\/a> zusammen zu arbeiten. Hier finden sich u.a. K\u00fcnstler wie Actress, Bonobo, Fink, Helena Hauff, Jayda G, Kamasi Washington, Mr. Scruff und Peggy Gou.<\/p>\n\n\n\n<figure class=\"wp-block-embed is-type-video is-provider-youtube wp-block-embed-youtube wp-embed-aspect-16-9 wp-has-aspect-ratio\"><div class=\"wp-block-embed__wrapper\">\n<iframe loading=\"lazy\" title=\"Ben B\u00f6hmer live above Cappadocia in Turkey for Cercle\" width=\"500\" height=\"281\" src=\"https:\/\/www.youtube.com\/embed\/yHjyuwYSoqk?feature=oembed\" frameborder=\"0\" allow=\"accelerometer; autoplay; clipboard-write; encrypted-media; gyroscope; picture-in-picture; web-share\" referrerpolicy=\"strict-origin-when-cross-origin\" allowfullscreen><\/iframe>\n<\/div><\/figure>\n\n\n\n<p>Tracks aus dem Album Ben B\u00f6hmer &#8211; Bloom sind der <a href=\"http:\/\/www.radiolounge.de\"><strong>Radio Lounge<\/strong><\/a> &amp; in der  <a href=\"http:\/\/clubnight.dance\"><strong>Clubnight<\/strong><\/a> zu h\u00f6ren. Vinyl erh\u00e4ltlich als Doppel LP im Centerfold Cover, auch in farbigen Vinyl. Mit mp3 Download. Was will man mehr! <em>Ulf Engelmayer<\/em><\/p>\n\n\n\n<p><strong>Foto:<\/strong> \u00a9Radio Leinewelle (je)<\/p>\n","protected":false},"excerpt":{"rendered":"<p>Unser K\u00fcnstler der Woche bzw. die Vinylplatte der Woche ist schon einige Zeit auf dem Markt: Ben B\u00f6hmer &#8211; Bloom. Kommt als Doppelvinyl auf dem renommierten britischen Label Ninja Tune. F\u00fcr einen deutschen K\u00fcnstler eine definitive Auszeichnung dort einen Vertrag zu bekommen. Ben B\u00f6hmer ist DJ, Musikproduzent und Liveperformer aus G\u00f6ttingen, wohnt jetzt in Berlin. [&hellip;]<\/p>\n","protected":false},"author":1,"featured_media":27181,"comment_status":"open","ping_status":"open","sticky":false,"template":"","format":"standard","meta":{"saved_in_kubio":false,"footnotes":""},"categories":[4013,3458],"tags":[4251,4253,4252],"class_list":["post-27178","post","type-post","status-publish","format-standard","has-post-thumbnail","hentry","category-album-der-woche","category-sound","tag-ben-boehmer","tag-bloom","tag-vinylalbum-der-woche"],"yoast_head":"<!-- This site is optimized with the Yoast SEO plugin v27.4 - https:\/\/yoast.com\/product\/yoast-seo-wordpress\/ -->\n<title>Vinyl der Woche: Ben B\u00f6hmer - Bloom - Radio Leinewelle<\/title>\n<meta name=\"robots\" content=\"index, follow, max-snippet:-1, max-image-preview:large, max-video-preview:-1\" \/>\n<link rel=\"canonical\" href=\"https:\/\/radioleinewelle.de\/index.php\/2025\/01\/08\/vinyl-der-woche-ben-boehmer-bloom\/\" \/>\n<meta property=\"og:locale\" content=\"de_DE\" \/>\n<meta property=\"og:type\" content=\"article\" \/>\n<meta property=\"og:title\" content=\"Vinyl der Woche: Ben B\u00f6hmer - Bloom - Radio Leinewelle\" \/>\n<meta property=\"og:description\" content=\"Unser K\u00fcnstler der Woche bzw. die Vinylplatte der Woche ist schon einige Zeit auf dem Markt: Ben B\u00f6hmer &#8211; Bloom. Kommt als Doppelvinyl auf dem renommierten britischen Label Ninja Tune. F\u00fcr einen deutschen K\u00fcnstler eine definitive Auszeichnung dort einen Vertrag zu bekommen. Ben B\u00f6hmer ist DJ, Musikproduzent und Liveperformer aus G\u00f6ttingen, wohnt jetzt in Berlin. [&hellip;]\" \/>\n<meta property=\"og:url\" content=\"https:\/\/radioleinewelle.de\/index.php\/2025\/01\/08\/vinyl-der-woche-ben-boehmer-bloom\/\" \/>\n<meta property=\"og:site_name\" content=\"Radio Leinewelle\" \/>\n<meta property=\"article:publisher\" content=\"https:\/\/www.facebook.com\/radioleinewelle\" \/>\n<meta property=\"article:author\" content=\"https:\/\/www.facebook.com\/radioleinewelle\" \/>\n<meta property=\"article:published_time\" content=\"2025-01-08T14:44:55+00:00\" \/>\n<meta property=\"article:modified_time\" content=\"2025-01-08T16:24:23+00:00\" \/>\n<meta property=\"og:image\" content=\"https:\/\/radioleinewelle.de\/wp-content\/uploads\/2025\/01\/Ben-Boehmer-Bloom-Vinyl-scaled.jpg\" \/>\n\t<meta property=\"og:image:width\" content=\"2493\" \/>\n\t<meta property=\"og:image:height\" content=\"2560\" \/>\n\t<meta property=\"og:image:type\" content=\"image\/jpeg\" \/>\n<meta name=\"author\" content=\"Leinewelle\" \/>\n<meta name=\"twitter:card\" content=\"summary_large_image\" \/>\n<meta name=\"twitter:creator\" content=\"@https:\/\/twitter.com\/RLeinewelle?ref_src=twsrcgoogletwcampserptwgrauthor\" \/>\n<meta name=\"twitter:site\" content=\"@RLeinewelle\" \/>\n<meta name=\"twitter:label1\" content=\"Verfasst von\" \/>\n\t<meta name=\"twitter:data1\" content=\"Leinewelle\" \/>\n\t<meta name=\"twitter:label2\" content=\"Gesch\u00e4tzte Lesezeit\" \/>\n\t<meta name=\"twitter:data2\" content=\"2\u00a0Minuten\" \/>\n<script type=\"application\/ld+json\" class=\"yoast-schema-graph\">{\"@context\":\"https:\\\/\\\/schema.org\",\"@graph\":[{\"@type\":\"Article\",\"@id\":\"https:\\\/\\\/radioleinewelle.de\\\/index.php\\\/2025\\\/01\\\/08\\\/vinyl-der-woche-ben-boehmer-bloom\\\/#article\",\"isPartOf\":{\"@id\":\"https:\\\/\\\/radioleinewelle.de\\\/index.php\\\/2025\\\/01\\\/08\\\/vinyl-der-woche-ben-boehmer-bloom\\\/\"},\"author\":{\"name\":\"Leinewelle\",\"@id\":\"https:\\\/\\\/radioleinewelle.de\\\/#\\\/schema\\\/person\\\/45606f348637df637192dc1b68399a63\"},\"headline\":\"Vinyl der Woche: Ben B\u00f6hmer &#8211; Bloom\",\"datePublished\":\"2025-01-08T14:44:55+00:00\",\"dateModified\":\"2025-01-08T16:24:23+00:00\",\"mainEntityOfPage\":{\"@id\":\"https:\\\/\\\/radioleinewelle.de\\\/index.php\\\/2025\\\/01\\\/08\\\/vinyl-der-woche-ben-boehmer-bloom\\\/\"},\"wordCount\":348,\"commentCount\":0,\"publisher\":{\"@id\":\"https:\\\/\\\/radioleinewelle.de\\\/#organization\"},\"image\":{\"@id\":\"https:\\\/\\\/radioleinewelle.de\\\/index.php\\\/2025\\\/01\\\/08\\\/vinyl-der-woche-ben-boehmer-bloom\\\/#primaryimage\"},\"thumbnailUrl\":\"https:\\\/\\\/radioleinewelle.de\\\/wp-content\\\/uploads\\\/2025\\\/01\\\/Ben-Boehmer-Bloom-Vinyl-scaled.jpg\",\"keywords\":[\"Ben B\u00f6hmer\",\"Bloom\",\"Vinylalbum der Woche\"],\"articleSection\":[\"Album der Woche\",\"Sound\"],\"inLanguage\":\"de\",\"potentialAction\":[{\"@type\":\"CommentAction\",\"name\":\"Comment\",\"target\":[\"https:\\\/\\\/radioleinewelle.de\\\/index.php\\\/2025\\\/01\\\/08\\\/vinyl-der-woche-ben-boehmer-bloom\\\/#respond\"]}]},{\"@type\":\"WebPage\",\"@id\":\"https:\\\/\\\/radioleinewelle.de\\\/index.php\\\/2025\\\/01\\\/08\\\/vinyl-der-woche-ben-boehmer-bloom\\\/\",\"url\":\"https:\\\/\\\/radioleinewelle.de\\\/index.php\\\/2025\\\/01\\\/08\\\/vinyl-der-woche-ben-boehmer-bloom\\\/\",\"name\":\"Vinyl der Woche: Ben B\u00f6hmer - Bloom - Radio Leinewelle\",\"isPartOf\":{\"@id\":\"https:\\\/\\\/radioleinewelle.de\\\/#website\"},\"primaryImageOfPage\":{\"@id\":\"https:\\\/\\\/radioleinewelle.de\\\/index.php\\\/2025\\\/01\\\/08\\\/vinyl-der-woche-ben-boehmer-bloom\\\/#primaryimage\"},\"image\":{\"@id\":\"https:\\\/\\\/radioleinewelle.de\\\/index.php\\\/2025\\\/01\\\/08\\\/vinyl-der-woche-ben-boehmer-bloom\\\/#primaryimage\"},\"thumbnailUrl\":\"https:\\\/\\\/radioleinewelle.de\\\/wp-content\\\/uploads\\\/2025\\\/01\\\/Ben-Boehmer-Bloom-Vinyl-scaled.jpg\",\"datePublished\":\"2025-01-08T14:44:55+00:00\",\"dateModified\":\"2025-01-08T16:24:23+00:00\",\"breadcrumb\":{\"@id\":\"https:\\\/\\\/radioleinewelle.de\\\/index.php\\\/2025\\\/01\\\/08\\\/vinyl-der-woche-ben-boehmer-bloom\\\/#breadcrumb\"},\"inLanguage\":\"de\",\"potentialAction\":[{\"@type\":\"ReadAction\",\"target\":[\"https:\\\/\\\/radioleinewelle.de\\\/index.php\\\/2025\\\/01\\\/08\\\/vinyl-der-woche-ben-boehmer-bloom\\\/\"]}]},{\"@type\":\"ImageObject\",\"inLanguage\":\"de\",\"@id\":\"https:\\\/\\\/radioleinewelle.de\\\/index.php\\\/2025\\\/01\\\/08\\\/vinyl-der-woche-ben-boehmer-bloom\\\/#primaryimage\",\"url\":\"https:\\\/\\\/radioleinewelle.de\\\/wp-content\\\/uploads\\\/2025\\\/01\\\/Ben-Boehmer-Bloom-Vinyl-scaled.jpg\",\"contentUrl\":\"https:\\\/\\\/radioleinewelle.de\\\/wp-content\\\/uploads\\\/2025\\\/01\\\/Ben-Boehmer-Bloom-Vinyl-scaled.jpg\",\"width\":2493,\"height\":2560},{\"@type\":\"BreadcrumbList\",\"@id\":\"https:\\\/\\\/radioleinewelle.de\\\/index.php\\\/2025\\\/01\\\/08\\\/vinyl-der-woche-ben-boehmer-bloom\\\/#breadcrumb\",\"itemListElement\":[{\"@type\":\"ListItem\",\"position\":1,\"name\":\"Startseite\",\"item\":\"https:\\\/\\\/radioleinewelle.de\\\/\"},{\"@type\":\"ListItem\",\"position\":2,\"name\":\"Vinyl der Woche: Ben B\u00f6hmer &#8211; Bloom\"}]},{\"@type\":\"WebSite\",\"@id\":\"https:\\\/\\\/radioleinewelle.de\\\/#website\",\"url\":\"https:\\\/\\\/radioleinewelle.de\\\/\",\"name\":\"Radio Leinewelle\",\"description\":\"\",\"publisher\":{\"@id\":\"https:\\\/\\\/radioleinewelle.de\\\/#organization\"},\"potentialAction\":[{\"@type\":\"SearchAction\",\"target\":{\"@type\":\"EntryPoint\",\"urlTemplate\":\"https:\\\/\\\/radioleinewelle.de\\\/?s={search_term_string}\"},\"query-input\":{\"@type\":\"PropertyValueSpecification\",\"valueRequired\":true,\"valueName\":\"search_term_string\"}}],\"inLanguage\":\"de\"},{\"@type\":\"Organization\",\"@id\":\"https:\\\/\\\/radioleinewelle.de\\\/#organization\",\"name\":\"Radio Leinewelle\",\"alternateName\":\"Mein Radio f\u00fcr S\u00fcdniedersachsen\",\"url\":\"https:\\\/\\\/radioleinewelle.de\\\/\",\"logo\":{\"@type\":\"ImageObject\",\"inLanguage\":\"de\",\"@id\":\"https:\\\/\\\/radioleinewelle.de\\\/#\\\/schema\\\/logo\\\/image\\\/\",\"url\":\"https:\\\/\\\/radioleinewelle.de\\\/wp-content\\\/uploads\\\/2023\\\/11\\\/cropped-Leinewelle_Logo_weiss.png\",\"contentUrl\":\"https:\\\/\\\/radioleinewelle.de\\\/wp-content\\\/uploads\\\/2023\\\/11\\\/cropped-Leinewelle_Logo_weiss.png\",\"width\":854,\"height\":260,\"caption\":\"Radio Leinewelle\"},\"image\":{\"@id\":\"https:\\\/\\\/radioleinewelle.de\\\/#\\\/schema\\\/logo\\\/image\\\/\"},\"sameAs\":[\"https:\\\/\\\/www.facebook.com\\\/radioleinewelle\",\"https:\\\/\\\/x.com\\\/RLeinewelle\",\"https:\\\/\\\/www.instagram.com\\\/radioleinewelle\\\/?hl=de\"]},{\"@type\":\"Person\",\"@id\":\"https:\\\/\\\/radioleinewelle.de\\\/#\\\/schema\\\/person\\\/45606f348637df637192dc1b68399a63\",\"name\":\"Leinewelle\",\"image\":{\"@type\":\"ImageObject\",\"inLanguage\":\"de\",\"@id\":\"https:\\\/\\\/secure.gravatar.com\\\/avatar\\\/05c9a17bc973052ee5d91549bd32fb4dd0dc85b7b85ae94b2e2b4943476bbea5?s=96&d=blank&r=g\",\"url\":\"https:\\\/\\\/secure.gravatar.com\\\/avatar\\\/05c9a17bc973052ee5d91549bd32fb4dd0dc85b7b85ae94b2e2b4943476bbea5?s=96&d=blank&r=g\",\"contentUrl\":\"https:\\\/\\\/secure.gravatar.com\\\/avatar\\\/05c9a17bc973052ee5d91549bd32fb4dd0dc85b7b85ae94b2e2b4943476bbea5?s=96&d=blank&r=g\",\"caption\":\"Leinewelle\"},\"sameAs\":[\"http:\\\/\\\/localhost\\\/radio%20leinewelle\\\/wordpress\",\"https:\\\/\\\/www.facebook.com\\\/radioleinewelle\",\"https:\\\/\\\/www.instagram.com\\\/radioleinewelle\",\"https:\\\/\\\/x.com\\\/https:\\\/\\\/twitter.com\\\/RLeinewelle?ref_src=twsrcgoogletwcampserptwgrauthor\",\"https:\\\/\\\/soundcloud.com\\\/foerderverein-lokalradio?utm_source=clipboard&utm_medium=text&utm_campaign=social_sharing\"],\"url\":\"https:\\\/\\\/radioleinewelle.de\\\/index.php\\\/author\\\/leinewelle\\\/\"}]}<\/script>\n<!-- \/ Yoast SEO plugin. -->","yoast_head_json":{"title":"Vinyl der Woche: Ben B\u00f6hmer - Bloom - Radio Leinewelle","robots":{"index":"index","follow":"follow","max-snippet":"max-snippet:-1","max-image-preview":"max-image-preview:large","max-video-preview":"max-video-preview:-1"},"canonical":"https:\/\/radioleinewelle.de\/index.php\/2025\/01\/08\/vinyl-der-woche-ben-boehmer-bloom\/","og_locale":"de_DE","og_type":"article","og_title":"Vinyl der Woche: Ben B\u00f6hmer - Bloom - Radio Leinewelle","og_description":"Unser K\u00fcnstler der Woche bzw. die Vinylplatte der Woche ist schon einige Zeit auf dem Markt: Ben B\u00f6hmer &#8211; Bloom. Kommt als Doppelvinyl auf dem renommierten britischen Label Ninja Tune. F\u00fcr einen deutschen K\u00fcnstler eine definitive Auszeichnung dort einen Vertrag zu bekommen. Ben B\u00f6hmer ist DJ, Musikproduzent und Liveperformer aus G\u00f6ttingen, wohnt jetzt in Berlin. [&hellip;]","og_url":"https:\/\/radioleinewelle.de\/index.php\/2025\/01\/08\/vinyl-der-woche-ben-boehmer-bloom\/","og_site_name":"Radio Leinewelle","article_publisher":"https:\/\/www.facebook.com\/radioleinewelle","article_author":"https:\/\/www.facebook.com\/radioleinewelle","article_published_time":"2025-01-08T14:44:55+00:00","article_modified_time":"2025-01-08T16:24:23+00:00","og_image":[{"width":2493,"height":2560,"url":"https:\/\/radioleinewelle.de\/wp-content\/uploads\/2025\/01\/Ben-Boehmer-Bloom-Vinyl-scaled.jpg","type":"image\/jpeg"}],"author":"Leinewelle","twitter_card":"summary_large_image","twitter_creator":"@https:\/\/twitter.com\/RLeinewelle?ref_src=twsrcgoogletwcampserptwgrauthor","twitter_site":"@RLeinewelle","twitter_misc":{"Verfasst von":"Leinewelle","Gesch\u00e4tzte Lesezeit":"2\u00a0Minuten"},"schema":{"@context":"https:\/\/schema.org","@graph":[{"@type":"Article","@id":"https:\/\/radioleinewelle.de\/index.php\/2025\/01\/08\/vinyl-der-woche-ben-boehmer-bloom\/#article","isPartOf":{"@id":"https:\/\/radioleinewelle.de\/index.php\/2025\/01\/08\/vinyl-der-woche-ben-boehmer-bloom\/"},"author":{"name":"Leinewelle","@id":"https:\/\/radioleinewelle.de\/#\/schema\/person\/45606f348637df637192dc1b68399a63"},"headline":"Vinyl der Woche: Ben B\u00f6hmer &#8211; Bloom","datePublished":"2025-01-08T14:44:55+00:00","dateModified":"2025-01-08T16:24:23+00:00","mainEntityOfPage":{"@id":"https:\/\/radioleinewelle.de\/index.php\/2025\/01\/08\/vinyl-der-woche-ben-boehmer-bloom\/"},"wordCount":348,"commentCount":0,"publisher":{"@id":"https:\/\/radioleinewelle.de\/#organization"},"image":{"@id":"https:\/\/radioleinewelle.de\/index.php\/2025\/01\/08\/vinyl-der-woche-ben-boehmer-bloom\/#primaryimage"},"thumbnailUrl":"https:\/\/radioleinewelle.de\/wp-content\/uploads\/2025\/01\/Ben-Boehmer-Bloom-Vinyl-scaled.jpg","keywords":["Ben B\u00f6hmer","Bloom","Vinylalbum der Woche"],"articleSection":["Album der Woche","Sound"],"inLanguage":"de","potentialAction":[{"@type":"CommentAction","name":"Comment","target":["https:\/\/radioleinewelle.de\/index.php\/2025\/01\/08\/vinyl-der-woche-ben-boehmer-bloom\/#respond"]}]},{"@type":"WebPage","@id":"https:\/\/radioleinewelle.de\/index.php\/2025\/01\/08\/vinyl-der-woche-ben-boehmer-bloom\/","url":"https:\/\/radioleinewelle.de\/index.php\/2025\/01\/08\/vinyl-der-woche-ben-boehmer-bloom\/","name":"Vinyl der Woche: Ben B\u00f6hmer - Bloom - Radio Leinewelle","isPartOf":{"@id":"https:\/\/radioleinewelle.de\/#website"},"primaryImageOfPage":{"@id":"https:\/\/radioleinewelle.de\/index.php\/2025\/01\/08\/vinyl-der-woche-ben-boehmer-bloom\/#primaryimage"},"image":{"@id":"https:\/\/radioleinewelle.de\/index.php\/2025\/01\/08\/vinyl-der-woche-ben-boehmer-bloom\/#primaryimage"},"thumbnailUrl":"https:\/\/radioleinewelle.de\/wp-content\/uploads\/2025\/01\/Ben-Boehmer-Bloom-Vinyl-scaled.jpg","datePublished":"2025-01-08T14:44:55+00:00","dateModified":"2025-01-08T16:24:23+00:00","breadcrumb":{"@id":"https:\/\/radioleinewelle.de\/index.php\/2025\/01\/08\/vinyl-der-woche-ben-boehmer-bloom\/#breadcrumb"},"inLanguage":"de","potentialAction":[{"@type":"ReadAction","target":["https:\/\/radioleinewelle.de\/index.php\/2025\/01\/08\/vinyl-der-woche-ben-boehmer-bloom\/"]}]},{"@type":"ImageObject","inLanguage":"de","@id":"https:\/\/radioleinewelle.de\/index.php\/2025\/01\/08\/vinyl-der-woche-ben-boehmer-bloom\/#primaryimage","url":"https:\/\/radioleinewelle.de\/wp-content\/uploads\/2025\/01\/Ben-Boehmer-Bloom-Vinyl-scaled.jpg","contentUrl":"https:\/\/radioleinewelle.de\/wp-content\/uploads\/2025\/01\/Ben-Boehmer-Bloom-Vinyl-scaled.jpg","width":2493,"height":2560},{"@type":"BreadcrumbList","@id":"https:\/\/radioleinewelle.de\/index.php\/2025\/01\/08\/vinyl-der-woche-ben-boehmer-bloom\/#breadcrumb","itemListElement":[{"@type":"ListItem","position":1,"name":"Startseite","item":"https:\/\/radioleinewelle.de\/"},{"@type":"ListItem","position":2,"name":"Vinyl der Woche: Ben B\u00f6hmer &#8211; Bloom"}]},{"@type":"WebSite","@id":"https:\/\/radioleinewelle.de\/#website","url":"https:\/\/radioleinewelle.de\/","name":"Radio Leinewelle","description":"","publisher":{"@id":"https:\/\/radioleinewelle.de\/#organization"},"potentialAction":[{"@type":"SearchAction","target":{"@type":"EntryPoint","urlTemplate":"https:\/\/radioleinewelle.de\/?s={search_term_string}"},"query-input":{"@type":"PropertyValueSpecification","valueRequired":true,"valueName":"search_term_string"}}],"inLanguage":"de"},{"@type":"Organization","@id":"https:\/\/radioleinewelle.de\/#organization","name":"Radio Leinewelle","alternateName":"Mein Radio f\u00fcr S\u00fcdniedersachsen","url":"https:\/\/radioleinewelle.de\/","logo":{"@type":"ImageObject","inLanguage":"de","@id":"https:\/\/radioleinewelle.de\/#\/schema\/logo\/image\/","url":"https:\/\/radioleinewelle.de\/wp-content\/uploads\/2023\/11\/cropped-Leinewelle_Logo_weiss.png","contentUrl":"https:\/\/radioleinewelle.de\/wp-content\/uploads\/2023\/11\/cropped-Leinewelle_Logo_weiss.png","width":854,"height":260,"caption":"Radio Leinewelle"},"image":{"@id":"https:\/\/radioleinewelle.de\/#\/schema\/logo\/image\/"},"sameAs":["https:\/\/www.facebook.com\/radioleinewelle","https:\/\/x.com\/RLeinewelle","https:\/\/www.instagram.com\/radioleinewelle\/?hl=de"]},{"@type":"Person","@id":"https:\/\/radioleinewelle.de\/#\/schema\/person\/45606f348637df637192dc1b68399a63","name":"Leinewelle","image":{"@type":"ImageObject","inLanguage":"de","@id":"https:\/\/secure.gravatar.com\/avatar\/05c9a17bc973052ee5d91549bd32fb4dd0dc85b7b85ae94b2e2b4943476bbea5?s=96&d=blank&r=g","url":"https:\/\/secure.gravatar.com\/avatar\/05c9a17bc973052ee5d91549bd32fb4dd0dc85b7b85ae94b2e2b4943476bbea5?s=96&d=blank&r=g","contentUrl":"https:\/\/secure.gravatar.com\/avatar\/05c9a17bc973052ee5d91549bd32fb4dd0dc85b7b85ae94b2e2b4943476bbea5?s=96&d=blank&r=g","caption":"Leinewelle"},"sameAs":["http:\/\/localhost\/radio%20leinewelle\/wordpress","https:\/\/www.facebook.com\/radioleinewelle","https:\/\/www.instagram.com\/radioleinewelle","https:\/\/x.com\/https:\/\/twitter.com\/RLeinewelle?ref_src=twsrcgoogletwcampserptwgrauthor","https:\/\/soundcloud.com\/foerderverein-lokalradio?utm_source=clipboard&utm_medium=text&utm_campaign=social_sharing"],"url":"https:\/\/radioleinewelle.de\/index.php\/author\/leinewelle\/"}]}},"_links":{"self":[{"href":"https:\/\/radioleinewelle.de\/index.php\/wp-json\/wp\/v2\/posts\/27178","targetHints":{"allow":["GET"]}}],"collection":[{"href":"https:\/\/radioleinewelle.de\/index.php\/wp-json\/wp\/v2\/posts"}],"about":[{"href":"https:\/\/radioleinewelle.de\/index.php\/wp-json\/wp\/v2\/types\/post"}],"author":[{"embeddable":true,"href":"https:\/\/radioleinewelle.de\/index.php\/wp-json\/wp\/v2\/users\/1"}],"replies":[{"embeddable":true,"href":"https:\/\/radioleinewelle.de\/index.php\/wp-json\/wp\/v2\/comments?post=27178"}],"version-history":[{"count":9,"href":"https:\/\/radioleinewelle.de\/index.php\/wp-json\/wp\/v2\/posts\/27178\/revisions"}],"predecessor-version":[{"id":27188,"href":"https:\/\/radioleinewelle.de\/index.php\/wp-json\/wp\/v2\/posts\/27178\/revisions\/27188"}],"wp:featuredmedia":[{"embeddable":true,"href":"https:\/\/radioleinewelle.de\/index.php\/wp-json\/wp\/v2\/media\/27181"}],"wp:attachment":[{"href":"https:\/\/radioleinewelle.de\/index.php\/wp-json\/wp\/v2\/media?parent=27178"}],"wp:term":[{"taxonomy":"category","embeddable":true,"href":"https:\/\/radioleinewelle.de\/index.php\/wp-json\/wp\/v2\/categories?post=27178"},{"taxonomy":"post_tag","embeddable":true,"href":"https:\/\/radioleinewelle.de\/index.php\/wp-json\/wp\/v2\/tags?post=27178"}],"curies":[{"name":"wp","href":"https:\/\/api.w.org\/{rel}","templated":true}]}}