{"id":2719,"date":"2020-11-02T05:10:29","date_gmt":"2020-11-02T04:10:29","guid":{"rendered":"https:\/\/radioleinewelle.de\/?p=2719"},"modified":"2020-11-02T05:10:29","modified_gmt":"2020-11-02T04:10:29","slug":"coronavirus-besuchsstopp-an-der-umg","status":"publish","type":"post","link":"https:\/\/radioleinewelle.de\/index.php\/2020\/11\/02\/coronavirus-besuchsstopp-an-der-umg\/","title":{"rendered":"Coronavirus: Besuchsstopp an der UMG"},"content":{"rendered":"<p>Ab Montag, 2. November 2020: Keine Besucher*innen und nicht notwendige Begleitpersonen mehr am Universit\u00e4tsklinikum G\u00f6ttingen zum Schutz von Patient*innen und Mitarbeitenden zugelassen. Ausnahmeregelungen gelten f\u00fcr die Kinderkliniken, palliativmedizinische Situationen, die Intensivstationen, die Geburtsbegleitung und Wochenstation sowie die Psychiatrischen Kliniken.<\/p>\n<p>(umg) Das Corona Virus breitet sich in Niedersachsen weiter aus. Die Zahl der best\u00e4tigten Verdachtsf\u00e4lle steigt rasant \u2013 auch in G\u00f6ttingen und der umliegenden Region. Deshalb hat der Vorstand der Universit\u00e4tsmedizin G\u00f6ttingen (UMG) beschlossen: Ab Montag, dem 2. November 2020, sind keine Besucher*innen und nicht notwendige Begleitpersonen in den Geb\u00e4uden und auf den Stationen des Universit\u00e4tsklinikums G\u00f6ttingen zugelassen. Diese Ma\u00dfnahme dient vor allem dem Schutz von Patient*innen und Mitarbeiter*innen an der UMG vor einer Ansteckung mit dem Corona\u2010Virus (SARS-CoV-2). Die Regelung ist ebenso mit allen Kliniken des Kooperationsnetzwerks S\u00fcdniedersachsen abgestimmt und wird in diesen Kliniken in gleicher Weise umgesetzt.<\/p>\n<p>\u201eWir bitten um Verst\u00e4ndnis, dass wir wieder auf diese Ma\u00dfnahme zur\u00fcckgreifen m\u00fcssen\u201c, sagt Dr. Martin Siess, Vorstand Krankenversorgung und Leiter des Krisenstabes an der UMG. \u201eWir m\u00fcssen das Risiko f\u00fcr immungeschw\u00e4chte Patientinnen und Patienten sowie f\u00fcr unsere Mitarbeiterinnen und Mitarbeiter so gering wie m\u00f6glich halten. Jetzt m\u00fcssen wir alle dazu beitragen, dass wir vor allem die Krankenversorgung in den kommenden Wochen unbeschadet weiter aufrechterhalten k\u00f6nnen.\u201c\u00a0Ausnahmen gelten an der UMG in den Kinderkliniken, in palliativmedizinischen Situationen, f\u00fcr die Geburtsbegleitung und die Wochenstation der Klinik f\u00fcr Gyn\u00e4kologie und Geburtshilfe sowie auf den Intensivstationen und in den Psychiatrischen Kliniken, einschlie\u00dflich der Klinik f\u00fcr Kinder- und Jugendpsychiatrie und Psychotherapie. \u00dcber die Einzelheiten informieren die Homepage der UMG unter <a href=\"http:\/\/www.umg.eu\/\" target=\"_blank\" rel=\"noopener\">www.umg.eu<\/a> oder bei Bedarf die einzelnen Stationen.<\/p>\n<p>Aufgrund der eingeschr\u00e4nkten Besuchsm\u00f6glichkeiten bietet die UMG ab Montag am Haupteingang West einen Abholservice an. Dort k\u00f6nnen Angeh\u00f6rige von station\u00e4ren Patient*innen Taschen mit Wechselkleidung oder Pflegeprodukten abgeben. Mitarbeiter*innen der UMG bringen die Tasche anschlie\u00dfend auf Station, die Taschen sollten dabei verschlossen sein. Patient*innen, die ihren Angeh\u00f6rigen etwas \u00fcbergeben wollen, informieren bitte das Stationspersonal.\u00a0Der Besuchsstopp ber\u00fchrt nicht die Patientenversorgung: Es werden an der UMG weiterhin alle Patientinnen und Patienten behandelt und operiert. Dazu geh\u00f6ren insbesondere alle Notf\u00e4lle, akute Schmerztherapien sowie onkologische Behandlungen und Operationen. Wichtig ist: Patient*innen, bei denen sich beispielsweise Symptome f\u00fcr einen Herzinfarkt oder Schlaganfall zeigen, sollen unbedingt in die Zentrale Notaufnahme der UMG kommen. Es w\u00e4re bedenklich, auf eine notwendige Behandlung zu verzichten.<\/p>\n<p>Foto: \u00a9Radio Leinewelle (ue)<\/p>\n","protected":false},"excerpt":{"rendered":"<p>Ab Montag, 2. November 2020: Keine Besucher*innen und nicht notwendige Begleitpersonen mehr am Universit\u00e4tsklinikum G\u00f6ttingen zum Schutz von Patient*innen und Mitarbeitenden zugelassen. Ausnahmeregelungen gelten f\u00fcr die Kinderkliniken, palliativmedizinische Situationen, die Intensivstationen, die Geburtsbegleitung und Wochenstation sowie die Psychiatrischen Kliniken. (umg) Das Corona Virus breitet sich in Niedersachsen weiter aus. Die Zahl der best\u00e4tigten Verdachtsf\u00e4lle steigt [&hellip;]<\/p>\n","protected":false},"author":1,"featured_media":0,"comment_status":"closed","ping_status":"closed","sticky":false,"template":"","format":"standard","meta":{"saved_in_kubio":false,"footnotes":""},"categories":[24],"tags":[],"class_list":["post-2719","post","type-post","status-publish","format-standard","hentry","category-news"],"yoast_head":"<!-- This site is optimized with the Yoast SEO plugin v27.5 - https:\/\/yoast.com\/product\/yoast-seo-wordpress\/ -->\n<title>Coronavirus: Besuchsstopp an der UMG - Radio Leinewelle<\/title>\n<meta name=\"robots\" content=\"index, follow, max-snippet:-1, max-image-preview:large, max-video-preview:-1\" \/>\n<link rel=\"canonical\" href=\"https:\/\/radioleinewelle.de\/index.php\/2020\/11\/02\/coronavirus-besuchsstopp-an-der-umg\/\" \/>\n<meta property=\"og:locale\" content=\"de_DE\" \/>\n<meta property=\"og:type\" content=\"article\" \/>\n<meta property=\"og:title\" content=\"Coronavirus: Besuchsstopp an der UMG - Radio Leinewelle\" \/>\n<meta property=\"og:description\" content=\"Ab Montag, 2. November 2020: Keine Besucher*innen und nicht notwendige Begleitpersonen mehr am Universit\u00e4tsklinikum G\u00f6ttingen zum Schutz von Patient*innen und Mitarbeitenden zugelassen. Ausnahmeregelungen gelten f\u00fcr die Kinderkliniken, palliativmedizinische Situationen, die Intensivstationen, die Geburtsbegleitung und Wochenstation sowie die Psychiatrischen Kliniken. (umg) Das Corona Virus breitet sich in Niedersachsen weiter aus. Die Zahl der best\u00e4tigten Verdachtsf\u00e4lle steigt [&hellip;]\" \/>\n<meta property=\"og:url\" content=\"https:\/\/radioleinewelle.de\/index.php\/2020\/11\/02\/coronavirus-besuchsstopp-an-der-umg\/\" \/>\n<meta property=\"og:site_name\" content=\"Radio Leinewelle\" \/>\n<meta property=\"article:publisher\" content=\"https:\/\/www.facebook.com\/radioleinewelle\" \/>\n<meta property=\"article:author\" content=\"https:\/\/www.facebook.com\/radioleinewelle\" \/>\n<meta property=\"article:published_time\" content=\"2020-11-02T04:10:29+00:00\" \/>\n<meta name=\"author\" content=\"Leinewelle\" \/>\n<meta name=\"twitter:card\" content=\"summary_large_image\" \/>\n<meta name=\"twitter:creator\" content=\"@https:\/\/twitter.com\/RLeinewelle?ref_src=twsrcgoogletwcampserptwgrauthor\" \/>\n<meta name=\"twitter:site\" content=\"@RLeinewelle\" \/>\n<meta name=\"twitter:label1\" content=\"Verfasst von\" \/>\n\t<meta name=\"twitter:data1\" content=\"Leinewelle\" \/>\n\t<meta name=\"twitter:label2\" content=\"Gesch\u00e4tzte Lesezeit\" \/>\n\t<meta name=\"twitter:data2\" content=\"2\u00a0Minuten\" \/>\n<script type=\"application\/ld+json\" class=\"yoast-schema-graph\">{\"@context\":\"https:\\\/\\\/schema.org\",\"@graph\":[{\"@type\":\"Article\",\"@id\":\"https:\\\/\\\/radioleinewelle.de\\\/index.php\\\/2020\\\/11\\\/02\\\/coronavirus-besuchsstopp-an-der-umg\\\/#article\",\"isPartOf\":{\"@id\":\"https:\\\/\\\/radioleinewelle.de\\\/index.php\\\/2020\\\/11\\\/02\\\/coronavirus-besuchsstopp-an-der-umg\\\/\"},\"author\":{\"name\":\"Leinewelle\",\"@id\":\"https:\\\/\\\/radioleinewelle.de\\\/#\\\/schema\\\/person\\\/45606f348637df637192dc1b68399a63\"},\"headline\":\"Coronavirus: Besuchsstopp an der UMG\",\"datePublished\":\"2020-11-02T04:10:29+00:00\",\"mainEntityOfPage\":{\"@id\":\"https:\\\/\\\/radioleinewelle.de\\\/index.php\\\/2020\\\/11\\\/02\\\/coronavirus-besuchsstopp-an-der-umg\\\/\"},\"wordCount\":433,\"publisher\":{\"@id\":\"https:\\\/\\\/radioleinewelle.de\\\/#organization\"},\"articleSection\":[\"Aktuelle Nachrichten\"],\"inLanguage\":\"de\"},{\"@type\":\"WebPage\",\"@id\":\"https:\\\/\\\/radioleinewelle.de\\\/index.php\\\/2020\\\/11\\\/02\\\/coronavirus-besuchsstopp-an-der-umg\\\/\",\"url\":\"https:\\\/\\\/radioleinewelle.de\\\/index.php\\\/2020\\\/11\\\/02\\\/coronavirus-besuchsstopp-an-der-umg\\\/\",\"name\":\"Coronavirus: Besuchsstopp an der UMG - Radio Leinewelle\",\"isPartOf\":{\"@id\":\"https:\\\/\\\/radioleinewelle.de\\\/#website\"},\"datePublished\":\"2020-11-02T04:10:29+00:00\",\"breadcrumb\":{\"@id\":\"https:\\\/\\\/radioleinewelle.de\\\/index.php\\\/2020\\\/11\\\/02\\\/coronavirus-besuchsstopp-an-der-umg\\\/#breadcrumb\"},\"inLanguage\":\"de\",\"potentialAction\":[{\"@type\":\"ReadAction\",\"target\":[\"https:\\\/\\\/radioleinewelle.de\\\/index.php\\\/2020\\\/11\\\/02\\\/coronavirus-besuchsstopp-an-der-umg\\\/\"]}]},{\"@type\":\"BreadcrumbList\",\"@id\":\"https:\\\/\\\/radioleinewelle.de\\\/index.php\\\/2020\\\/11\\\/02\\\/coronavirus-besuchsstopp-an-der-umg\\\/#breadcrumb\",\"itemListElement\":[{\"@type\":\"ListItem\",\"position\":1,\"name\":\"Startseite\",\"item\":\"https:\\\/\\\/radioleinewelle.de\\\/\"},{\"@type\":\"ListItem\",\"position\":2,\"name\":\"Coronavirus: Besuchsstopp an der UMG\"}]},{\"@type\":\"WebSite\",\"@id\":\"https:\\\/\\\/radioleinewelle.de\\\/#website\",\"url\":\"https:\\\/\\\/radioleinewelle.de\\\/\",\"name\":\"Radio Leinewelle\",\"description\":\"\",\"publisher\":{\"@id\":\"https:\\\/\\\/radioleinewelle.de\\\/#organization\"},\"potentialAction\":[{\"@type\":\"SearchAction\",\"target\":{\"@type\":\"EntryPoint\",\"urlTemplate\":\"https:\\\/\\\/radioleinewelle.de\\\/?s={search_term_string}\"},\"query-input\":{\"@type\":\"PropertyValueSpecification\",\"valueRequired\":true,\"valueName\":\"search_term_string\"}}],\"inLanguage\":\"de\"},{\"@type\":\"Organization\",\"@id\":\"https:\\\/\\\/radioleinewelle.de\\\/#organization\",\"name\":\"Radio Leinewelle\",\"alternateName\":\"Mein Radio f\u00fcr S\u00fcdniedersachsen\",\"url\":\"https:\\\/\\\/radioleinewelle.de\\\/\",\"logo\":{\"@type\":\"ImageObject\",\"inLanguage\":\"de\",\"@id\":\"https:\\\/\\\/radioleinewelle.de\\\/#\\\/schema\\\/logo\\\/image\\\/\",\"url\":\"https:\\\/\\\/radioleinewelle.de\\\/wp-content\\\/uploads\\\/2023\\\/11\\\/cropped-Leinewelle_Logo_weiss.png\",\"contentUrl\":\"https:\\\/\\\/radioleinewelle.de\\\/wp-content\\\/uploads\\\/2023\\\/11\\\/cropped-Leinewelle_Logo_weiss.png\",\"width\":854,\"height\":260,\"caption\":\"Radio Leinewelle\"},\"image\":{\"@id\":\"https:\\\/\\\/radioleinewelle.de\\\/#\\\/schema\\\/logo\\\/image\\\/\"},\"sameAs\":[\"https:\\\/\\\/www.facebook.com\\\/radioleinewelle\",\"https:\\\/\\\/x.com\\\/RLeinewelle\",\"https:\\\/\\\/www.instagram.com\\\/radioleinewelle\\\/?hl=de\"]},{\"@type\":\"Person\",\"@id\":\"https:\\\/\\\/radioleinewelle.de\\\/#\\\/schema\\\/person\\\/45606f348637df637192dc1b68399a63\",\"name\":\"Leinewelle\",\"image\":{\"@type\":\"ImageObject\",\"inLanguage\":\"de\",\"@id\":\"https:\\\/\\\/secure.gravatar.com\\\/avatar\\\/05c9a17bc973052ee5d91549bd32fb4dd0dc85b7b85ae94b2e2b4943476bbea5?s=96&d=blank&r=g\",\"url\":\"https:\\\/\\\/secure.gravatar.com\\\/avatar\\\/05c9a17bc973052ee5d91549bd32fb4dd0dc85b7b85ae94b2e2b4943476bbea5?s=96&d=blank&r=g\",\"contentUrl\":\"https:\\\/\\\/secure.gravatar.com\\\/avatar\\\/05c9a17bc973052ee5d91549bd32fb4dd0dc85b7b85ae94b2e2b4943476bbea5?s=96&d=blank&r=g\",\"caption\":\"Leinewelle\"},\"sameAs\":[\"http:\\\/\\\/localhost\\\/radio%20leinewelle\\\/wordpress\",\"https:\\\/\\\/www.facebook.com\\\/radioleinewelle\",\"https:\\\/\\\/www.instagram.com\\\/radioleinewelle\",\"https:\\\/\\\/x.com\\\/https:\\\/\\\/twitter.com\\\/RLeinewelle?ref_src=twsrcgoogletwcampserptwgrauthor\",\"https:\\\/\\\/soundcloud.com\\\/foerderverein-lokalradio?utm_source=clipboard&utm_medium=text&utm_campaign=social_sharing\"],\"url\":\"https:\\\/\\\/radioleinewelle.de\\\/index.php\\\/author\\\/leinewelle\\\/\"}]}<\/script>\n<!-- \/ Yoast SEO plugin. -->","yoast_head_json":{"title":"Coronavirus: Besuchsstopp an der UMG - Radio Leinewelle","robots":{"index":"index","follow":"follow","max-snippet":"max-snippet:-1","max-image-preview":"max-image-preview:large","max-video-preview":"max-video-preview:-1"},"canonical":"https:\/\/radioleinewelle.de\/index.php\/2020\/11\/02\/coronavirus-besuchsstopp-an-der-umg\/","og_locale":"de_DE","og_type":"article","og_title":"Coronavirus: Besuchsstopp an der UMG - Radio Leinewelle","og_description":"Ab Montag, 2. November 2020: Keine Besucher*innen und nicht notwendige Begleitpersonen mehr am Universit\u00e4tsklinikum G\u00f6ttingen zum Schutz von Patient*innen und Mitarbeitenden zugelassen. Ausnahmeregelungen gelten f\u00fcr die Kinderkliniken, palliativmedizinische Situationen, die Intensivstationen, die Geburtsbegleitung und Wochenstation sowie die Psychiatrischen Kliniken. (umg) Das Corona Virus breitet sich in Niedersachsen weiter aus. Die Zahl der best\u00e4tigten Verdachtsf\u00e4lle steigt [&hellip;]","og_url":"https:\/\/radioleinewelle.de\/index.php\/2020\/11\/02\/coronavirus-besuchsstopp-an-der-umg\/","og_site_name":"Radio Leinewelle","article_publisher":"https:\/\/www.facebook.com\/radioleinewelle","article_author":"https:\/\/www.facebook.com\/radioleinewelle","article_published_time":"2020-11-02T04:10:29+00:00","author":"Leinewelle","twitter_card":"summary_large_image","twitter_creator":"@https:\/\/twitter.com\/RLeinewelle?ref_src=twsrcgoogletwcampserptwgrauthor","twitter_site":"@RLeinewelle","twitter_misc":{"Verfasst von":"Leinewelle","Gesch\u00e4tzte Lesezeit":"2\u00a0Minuten"},"schema":{"@context":"https:\/\/schema.org","@graph":[{"@type":"Article","@id":"https:\/\/radioleinewelle.de\/index.php\/2020\/11\/02\/coronavirus-besuchsstopp-an-der-umg\/#article","isPartOf":{"@id":"https:\/\/radioleinewelle.de\/index.php\/2020\/11\/02\/coronavirus-besuchsstopp-an-der-umg\/"},"author":{"name":"Leinewelle","@id":"https:\/\/radioleinewelle.de\/#\/schema\/person\/45606f348637df637192dc1b68399a63"},"headline":"Coronavirus: Besuchsstopp an der UMG","datePublished":"2020-11-02T04:10:29+00:00","mainEntityOfPage":{"@id":"https:\/\/radioleinewelle.de\/index.php\/2020\/11\/02\/coronavirus-besuchsstopp-an-der-umg\/"},"wordCount":433,"publisher":{"@id":"https:\/\/radioleinewelle.de\/#organization"},"articleSection":["Aktuelle Nachrichten"],"inLanguage":"de"},{"@type":"WebPage","@id":"https:\/\/radioleinewelle.de\/index.php\/2020\/11\/02\/coronavirus-besuchsstopp-an-der-umg\/","url":"https:\/\/radioleinewelle.de\/index.php\/2020\/11\/02\/coronavirus-besuchsstopp-an-der-umg\/","name":"Coronavirus: Besuchsstopp an der UMG - Radio Leinewelle","isPartOf":{"@id":"https:\/\/radioleinewelle.de\/#website"},"datePublished":"2020-11-02T04:10:29+00:00","breadcrumb":{"@id":"https:\/\/radioleinewelle.de\/index.php\/2020\/11\/02\/coronavirus-besuchsstopp-an-der-umg\/#breadcrumb"},"inLanguage":"de","potentialAction":[{"@type":"ReadAction","target":["https:\/\/radioleinewelle.de\/index.php\/2020\/11\/02\/coronavirus-besuchsstopp-an-der-umg\/"]}]},{"@type":"BreadcrumbList","@id":"https:\/\/radioleinewelle.de\/index.php\/2020\/11\/02\/coronavirus-besuchsstopp-an-der-umg\/#breadcrumb","itemListElement":[{"@type":"ListItem","position":1,"name":"Startseite","item":"https:\/\/radioleinewelle.de\/"},{"@type":"ListItem","position":2,"name":"Coronavirus: Besuchsstopp an der UMG"}]},{"@type":"WebSite","@id":"https:\/\/radioleinewelle.de\/#website","url":"https:\/\/radioleinewelle.de\/","name":"Radio Leinewelle","description":"","publisher":{"@id":"https:\/\/radioleinewelle.de\/#organization"},"potentialAction":[{"@type":"SearchAction","target":{"@type":"EntryPoint","urlTemplate":"https:\/\/radioleinewelle.de\/?s={search_term_string}"},"query-input":{"@type":"PropertyValueSpecification","valueRequired":true,"valueName":"search_term_string"}}],"inLanguage":"de"},{"@type":"Organization","@id":"https:\/\/radioleinewelle.de\/#organization","name":"Radio Leinewelle","alternateName":"Mein Radio f\u00fcr S\u00fcdniedersachsen","url":"https:\/\/radioleinewelle.de\/","logo":{"@type":"ImageObject","inLanguage":"de","@id":"https:\/\/radioleinewelle.de\/#\/schema\/logo\/image\/","url":"https:\/\/radioleinewelle.de\/wp-content\/uploads\/2023\/11\/cropped-Leinewelle_Logo_weiss.png","contentUrl":"https:\/\/radioleinewelle.de\/wp-content\/uploads\/2023\/11\/cropped-Leinewelle_Logo_weiss.png","width":854,"height":260,"caption":"Radio Leinewelle"},"image":{"@id":"https:\/\/radioleinewelle.de\/#\/schema\/logo\/image\/"},"sameAs":["https:\/\/www.facebook.com\/radioleinewelle","https:\/\/x.com\/RLeinewelle","https:\/\/www.instagram.com\/radioleinewelle\/?hl=de"]},{"@type":"Person","@id":"https:\/\/radioleinewelle.de\/#\/schema\/person\/45606f348637df637192dc1b68399a63","name":"Leinewelle","image":{"@type":"ImageObject","inLanguage":"de","@id":"https:\/\/secure.gravatar.com\/avatar\/05c9a17bc973052ee5d91549bd32fb4dd0dc85b7b85ae94b2e2b4943476bbea5?s=96&d=blank&r=g","url":"https:\/\/secure.gravatar.com\/avatar\/05c9a17bc973052ee5d91549bd32fb4dd0dc85b7b85ae94b2e2b4943476bbea5?s=96&d=blank&r=g","contentUrl":"https:\/\/secure.gravatar.com\/avatar\/05c9a17bc973052ee5d91549bd32fb4dd0dc85b7b85ae94b2e2b4943476bbea5?s=96&d=blank&r=g","caption":"Leinewelle"},"sameAs":["http:\/\/localhost\/radio%20leinewelle\/wordpress","https:\/\/www.facebook.com\/radioleinewelle","https:\/\/www.instagram.com\/radioleinewelle","https:\/\/x.com\/https:\/\/twitter.com\/RLeinewelle?ref_src=twsrcgoogletwcampserptwgrauthor","https:\/\/soundcloud.com\/foerderverein-lokalradio?utm_source=clipboard&utm_medium=text&utm_campaign=social_sharing"],"url":"https:\/\/radioleinewelle.de\/index.php\/author\/leinewelle\/"}]}},"_links":{"self":[{"href":"https:\/\/radioleinewelle.de\/index.php\/wp-json\/wp\/v2\/posts\/2719","targetHints":{"allow":["GET"]}}],"collection":[{"href":"https:\/\/radioleinewelle.de\/index.php\/wp-json\/wp\/v2\/posts"}],"about":[{"href":"https:\/\/radioleinewelle.de\/index.php\/wp-json\/wp\/v2\/types\/post"}],"author":[{"embeddable":true,"href":"https:\/\/radioleinewelle.de\/index.php\/wp-json\/wp\/v2\/users\/1"}],"replies":[{"embeddable":true,"href":"https:\/\/radioleinewelle.de\/index.php\/wp-json\/wp\/v2\/comments?post=2719"}],"version-history":[{"count":0,"href":"https:\/\/radioleinewelle.de\/index.php\/wp-json\/wp\/v2\/posts\/2719\/revisions"}],"wp:attachment":[{"href":"https:\/\/radioleinewelle.de\/index.php\/wp-json\/wp\/v2\/media?parent=2719"}],"wp:term":[{"taxonomy":"category","embeddable":true,"href":"https:\/\/radioleinewelle.de\/index.php\/wp-json\/wp\/v2\/categories?post=2719"},{"taxonomy":"post_tag","embeddable":true,"href":"https:\/\/radioleinewelle.de\/index.php\/wp-json\/wp\/v2\/tags?post=2719"}],"curies":[{"name":"wp","href":"https:\/\/api.w.org\/{rel}","templated":true}]}}