{"id":27293,"date":"2025-01-22T09:41:33","date_gmt":"2025-01-22T08:41:33","guid":{"rendered":"https:\/\/radioleinewelle.de\/?p=27293"},"modified":"2025-01-22T09:41:34","modified_gmt":"2025-01-22T08:41:34","slug":"buergerstiftung-wirbt-fuer-unterstuetzung-goettinger-impuls","status":"publish","type":"post","link":"https:\/\/radioleinewelle.de\/index.php\/2025\/01\/22\/buergerstiftung-wirbt-fuer-unterstuetzung-goettinger-impuls\/","title":{"rendered":"B\u00fcrgerstiftung wirbt f\u00fcr Unterst\u00fctzung &#8222;G\u00f6ttinger Impuls&#8220;"},"content":{"rendered":"\n<p><\/p>\n\n\n\n<p><strong>Am kommenden Samstag, dem 25. Januar und auch am 15. Februar werden wir jeweils von 10:00 bis ca. 15:00 Uhr mit einem gro\u00dfen Stand in der G\u00f6ttinger Fu\u00dfg\u00e4ngerzone vertreten sein.<\/strong>\u00a0Dabei wird sie von etlichen Unterzeichnenden des &#8222;G\u00f6ttinger Impulses&#8220; unterst\u00fctzt, z.B. mit Posaunen einer G\u00f6ttinger Kirchengemeinde, einer Sofortbild-Fotokampagne einer G\u00f6ttinger Kulturinstitution, szenische Darstellungen eines G\u00f6ttinger Theaters usw.\u00a0 An einer gro\u00dfen Wand k\u00f6nnen interessierte B\u00fcrgerinnen und B\u00fcrger f\u00fcr die ihnen wichtigsten Artikel des Grundgesetzes voten.\u00a0<\/p>\n\n\n\n<p>Die demokratischen Parteien, zu deren Unterst\u00fctzung der &#8222;G\u00f6ttinger Impuls&#8220; ins Leben gerufen worden ist, sind eingeladen, sich f\u00fcr einen kurzen Zeitraum mit einer oder zwei Personen von ihrem Partei-Wahlkampfstand an unserem Stand zusammenzufinden und sich gemeinsam noch einmal der Grundlagen zu versichern, f\u00fcr die alle demokratischen Parteien stehen, also ihre Gemeinsamkeiten zu betonen, um anschlie\u00dfend gerne wieder in den &#8211; notwendigen &#8211; demokratischen politischen Wettbewerb einzutreten.\u00a0Die B\u00fcrgerstiftung G\u00f6ttingen versteht sich als zivilgesellschaftlicher Akteur, der in Stadt und Landkreis G\u00f6ttingen das Gemeinwesen f\u00f6rdern und weiterentwickeln will. Basis ihres Handelns sind die demokratischen Grundwerte, ohne die b\u00fcrgerschaftliches Engagement, Mitbestimmung und Mitgestaltung nicht m\u00f6glich w\u00e4ren. <\/p>\n\n\n\n\n\n<p><strong><mark style=\"background-color:rgba(0, 0, 0, 0)\" class=\"has-inline-color has-kubio-color-2-color\"><em>Demokratie ist ein Wert, der immer neu errungen und verteidigt werden muss.<\/em><\/mark><\/strong><br>Siegfried Lieske, Vorsitzender der B\u00fcrgerstiftung G\u00f6ttingen\u00a0<\/p>\n\n\n\n\n\n<p>Daf\u00fcr macht sich die B\u00fcrgerstiftung stark. Sie hat anl\u00e4sslich der anstehenden Bundestagswahl daf\u00fcr den \u201eG\u00f6ttinger Impuls\u201c f\u00fcr Demokratie, Menschenw\u00fcrde und Vielfalt initiiert. Die anstehenden Entscheidungen sind f\u00fcr unser Zusammenleben so nachhaltig wichtig, dass die Zivilgesellschaft JETZT dringend gefragt ist. Denn die Bundestagswahl im Februar ist keine Wahl wie jede andere. Vorstandsmitglied Michael Br\u00fcggemann erg\u00e4nzt: \u201eUnser Land und Europa stehen vor der Herausforderung, wichtige Weichen f\u00fcr die Zukunft JETZT richtig zu stellen oder die Bedingungen f\u00fcr eine lebenswerte Zukunft auf Jahrzehnte zu verpassen. Nicht zuletzt gilt es, Demokratie, Menschenw\u00fcrde und Vielfalt vor populistischen Anfeindungen zu sch\u00fctzen.\u201c<\/p>\n\n\n\n<p>Die B\u00fcrgerstiftung G\u00f6ttingen l\u00e4dt deshalb alle zivilgesellschaftlichen Akteure sowie demokratischen B\u00fcrgerinnen und B\u00fcrger ein, sich hinter dem \u201eG\u00f6ttinger Impuls\u201c zu versammeln.&nbsp;<\/p>\n\n\n\n<p>Der Text ist auf der <a href=\"https:\/\/www.buergerstiftung-goettingen.de\"><strong>Homepage der B\u00fcrgerstiftung<\/strong><\/a> nachzulesen. Viele zivilgesellschaftliche Institutionen, Verb\u00e4nde, Organisationen, Initiativen, soziale Bewegungen und Vereine sowie Privatpersonen haben sich bereits als Erstunterzeichner zu ihm bekannt. Wer den \u201eG\u00f6ttinger Impuls\u201c ebenfalls unterzeichnen m\u00f6chte, kann sich an\u00a0<a href=\"mailto:post@buergerstiftung-goettingen.de\">post@buergerstiftung-goettingen.de<\/a>\u00a0wenden.<\/p>\n\n\n\n<p>Bild von <a href=\"https:\/\/pixabay.com\/de\/users\/geralt-9301\/?utm_source=link-attribution&amp;utm_medium=referral&amp;utm_campaign=image&amp;utm_content=8071270\">Gerd Altmann<\/a> auf <a href=\"https:\/\/pixabay.com\/de\/\/?utm_source=link-attribution&amp;utm_medium=referral&amp;utm_campaign=image&amp;utm_content=8071270\">Pixabay<\/a><\/p>\n","protected":false},"excerpt":{"rendered":"<p>Am kommenden Samstag, dem 25. Januar und auch am 15. Februar werden wir jeweils von 10:00 bis ca. 15:00 Uhr mit einem gro\u00dfen Stand in der G\u00f6ttinger Fu\u00dfg\u00e4ngerzone vertreten sein.\u00a0Dabei wird sie von etlichen Unterzeichnenden des &#8222;G\u00f6ttinger Impulses&#8220; unterst\u00fctzt, z.B. mit Posaunen einer G\u00f6ttinger Kirchengemeinde, einer Sofortbild-Fotokampagne einer G\u00f6ttinger Kulturinstitution, szenische Darstellungen eines G\u00f6ttinger Theaters [&hellip;]<\/p>\n","protected":false},"author":1,"featured_media":27296,"comment_status":"open","ping_status":"open","sticky":false,"template":"","format":"standard","meta":{"saved_in_kubio":false,"footnotes":""},"categories":[1],"tags":[],"class_list":["post-27293","post","type-post","status-publish","format-standard","has-post-thumbnail","hentry","category-allgemein"],"yoast_head":"<!-- This site is optimized with the Yoast SEO plugin v27.4 - https:\/\/yoast.com\/product\/yoast-seo-wordpress\/ -->\n<title>B\u00fcrgerstiftung wirbt f\u00fcr Unterst\u00fctzung &quot;G\u00f6ttinger Impuls&quot; - Radio Leinewelle<\/title>\n<meta name=\"robots\" content=\"index, follow, max-snippet:-1, max-image-preview:large, max-video-preview:-1\" \/>\n<link rel=\"canonical\" href=\"https:\/\/radioleinewelle.de\/index.php\/2025\/01\/22\/buergerstiftung-wirbt-fuer-unterstuetzung-goettinger-impuls\/\" \/>\n<meta property=\"og:locale\" content=\"de_DE\" \/>\n<meta property=\"og:type\" content=\"article\" \/>\n<meta property=\"og:title\" content=\"B\u00fcrgerstiftung wirbt f\u00fcr Unterst\u00fctzung &quot;G\u00f6ttinger Impuls&quot; - Radio Leinewelle\" \/>\n<meta property=\"og:description\" content=\"Am kommenden Samstag, dem 25. Januar und auch am 15. Februar werden wir jeweils von 10:00 bis ca. 15:00 Uhr mit einem gro\u00dfen Stand in der G\u00f6ttinger Fu\u00dfg\u00e4ngerzone vertreten sein.\u00a0Dabei wird sie von etlichen Unterzeichnenden des &#8222;G\u00f6ttinger Impulses&#8220; unterst\u00fctzt, z.B. mit Posaunen einer G\u00f6ttinger Kirchengemeinde, einer Sofortbild-Fotokampagne einer G\u00f6ttinger Kulturinstitution, szenische Darstellungen eines G\u00f6ttinger Theaters [&hellip;]\" \/>\n<meta property=\"og:url\" content=\"https:\/\/radioleinewelle.de\/index.php\/2025\/01\/22\/buergerstiftung-wirbt-fuer-unterstuetzung-goettinger-impuls\/\" \/>\n<meta property=\"og:site_name\" content=\"Radio Leinewelle\" \/>\n<meta property=\"article:publisher\" content=\"https:\/\/www.facebook.com\/radioleinewelle\" \/>\n<meta property=\"article:author\" content=\"https:\/\/www.facebook.com\/radioleinewelle\" \/>\n<meta property=\"article:published_time\" content=\"2025-01-22T08:41:33+00:00\" \/>\n<meta property=\"article:modified_time\" content=\"2025-01-22T08:41:34+00:00\" \/>\n<meta property=\"og:image\" content=\"https:\/\/radioleinewelle.de\/wp-content\/uploads\/2025\/01\/community-8071270_1280.jpg\" \/>\n\t<meta property=\"og:image:width\" content=\"1280\" \/>\n\t<meta property=\"og:image:height\" content=\"853\" \/>\n\t<meta property=\"og:image:type\" content=\"image\/jpeg\" \/>\n<meta name=\"author\" content=\"Leinewelle\" \/>\n<meta name=\"twitter:card\" content=\"summary_large_image\" \/>\n<meta name=\"twitter:creator\" content=\"@https:\/\/twitter.com\/RLeinewelle?ref_src=twsrcgoogletwcampserptwgrauthor\" \/>\n<meta name=\"twitter:site\" content=\"@RLeinewelle\" \/>\n<meta name=\"twitter:label1\" content=\"Verfasst von\" \/>\n\t<meta name=\"twitter:data1\" content=\"Leinewelle\" \/>\n\t<meta name=\"twitter:label2\" content=\"Gesch\u00e4tzte Lesezeit\" \/>\n\t<meta name=\"twitter:data2\" content=\"3\u00a0Minuten\" \/>\n<script type=\"application\/ld+json\" class=\"yoast-schema-graph\">{\"@context\":\"https:\\\/\\\/schema.org\",\"@graph\":[{\"@type\":\"Article\",\"@id\":\"https:\\\/\\\/radioleinewelle.de\\\/index.php\\\/2025\\\/01\\\/22\\\/buergerstiftung-wirbt-fuer-unterstuetzung-goettinger-impuls\\\/#article\",\"isPartOf\":{\"@id\":\"https:\\\/\\\/radioleinewelle.de\\\/index.php\\\/2025\\\/01\\\/22\\\/buergerstiftung-wirbt-fuer-unterstuetzung-goettinger-impuls\\\/\"},\"author\":{\"name\":\"Leinewelle\",\"@id\":\"https:\\\/\\\/radioleinewelle.de\\\/#\\\/schema\\\/person\\\/45606f348637df637192dc1b68399a63\"},\"headline\":\"B\u00fcrgerstiftung wirbt f\u00fcr Unterst\u00fctzung &#8222;G\u00f6ttinger Impuls&#8220;\",\"datePublished\":\"2025-01-22T08:41:33+00:00\",\"dateModified\":\"2025-01-22T08:41:34+00:00\",\"mainEntityOfPage\":{\"@id\":\"https:\\\/\\\/radioleinewelle.de\\\/index.php\\\/2025\\\/01\\\/22\\\/buergerstiftung-wirbt-fuer-unterstuetzung-goettinger-impuls\\\/\"},\"wordCount\":420,\"commentCount\":0,\"publisher\":{\"@id\":\"https:\\\/\\\/radioleinewelle.de\\\/#organization\"},\"image\":{\"@id\":\"https:\\\/\\\/radioleinewelle.de\\\/index.php\\\/2025\\\/01\\\/22\\\/buergerstiftung-wirbt-fuer-unterstuetzung-goettinger-impuls\\\/#primaryimage\"},\"thumbnailUrl\":\"https:\\\/\\\/radioleinewelle.de\\\/wp-content\\\/uploads\\\/2025\\\/01\\\/community-8071270_1280.jpg\",\"inLanguage\":\"de\",\"potentialAction\":[{\"@type\":\"CommentAction\",\"name\":\"Comment\",\"target\":[\"https:\\\/\\\/radioleinewelle.de\\\/index.php\\\/2025\\\/01\\\/22\\\/buergerstiftung-wirbt-fuer-unterstuetzung-goettinger-impuls\\\/#respond\"]}]},{\"@type\":\"WebPage\",\"@id\":\"https:\\\/\\\/radioleinewelle.de\\\/index.php\\\/2025\\\/01\\\/22\\\/buergerstiftung-wirbt-fuer-unterstuetzung-goettinger-impuls\\\/\",\"url\":\"https:\\\/\\\/radioleinewelle.de\\\/index.php\\\/2025\\\/01\\\/22\\\/buergerstiftung-wirbt-fuer-unterstuetzung-goettinger-impuls\\\/\",\"name\":\"B\u00fcrgerstiftung wirbt f\u00fcr Unterst\u00fctzung \\\"G\u00f6ttinger Impuls\\\" - Radio Leinewelle\",\"isPartOf\":{\"@id\":\"https:\\\/\\\/radioleinewelle.de\\\/#website\"},\"primaryImageOfPage\":{\"@id\":\"https:\\\/\\\/radioleinewelle.de\\\/index.php\\\/2025\\\/01\\\/22\\\/buergerstiftung-wirbt-fuer-unterstuetzung-goettinger-impuls\\\/#primaryimage\"},\"image\":{\"@id\":\"https:\\\/\\\/radioleinewelle.de\\\/index.php\\\/2025\\\/01\\\/22\\\/buergerstiftung-wirbt-fuer-unterstuetzung-goettinger-impuls\\\/#primaryimage\"},\"thumbnailUrl\":\"https:\\\/\\\/radioleinewelle.de\\\/wp-content\\\/uploads\\\/2025\\\/01\\\/community-8071270_1280.jpg\",\"datePublished\":\"2025-01-22T08:41:33+00:00\",\"dateModified\":\"2025-01-22T08:41:34+00:00\",\"breadcrumb\":{\"@id\":\"https:\\\/\\\/radioleinewelle.de\\\/index.php\\\/2025\\\/01\\\/22\\\/buergerstiftung-wirbt-fuer-unterstuetzung-goettinger-impuls\\\/#breadcrumb\"},\"inLanguage\":\"de\",\"potentialAction\":[{\"@type\":\"ReadAction\",\"target\":[\"https:\\\/\\\/radioleinewelle.de\\\/index.php\\\/2025\\\/01\\\/22\\\/buergerstiftung-wirbt-fuer-unterstuetzung-goettinger-impuls\\\/\"]}]},{\"@type\":\"ImageObject\",\"inLanguage\":\"de\",\"@id\":\"https:\\\/\\\/radioleinewelle.de\\\/index.php\\\/2025\\\/01\\\/22\\\/buergerstiftung-wirbt-fuer-unterstuetzung-goettinger-impuls\\\/#primaryimage\",\"url\":\"https:\\\/\\\/radioleinewelle.de\\\/wp-content\\\/uploads\\\/2025\\\/01\\\/community-8071270_1280.jpg\",\"contentUrl\":\"https:\\\/\\\/radioleinewelle.de\\\/wp-content\\\/uploads\\\/2025\\\/01\\\/community-8071270_1280.jpg\",\"width\":1280,\"height\":853},{\"@type\":\"BreadcrumbList\",\"@id\":\"https:\\\/\\\/radioleinewelle.de\\\/index.php\\\/2025\\\/01\\\/22\\\/buergerstiftung-wirbt-fuer-unterstuetzung-goettinger-impuls\\\/#breadcrumb\",\"itemListElement\":[{\"@type\":\"ListItem\",\"position\":1,\"name\":\"Startseite\",\"item\":\"https:\\\/\\\/radioleinewelle.de\\\/\"},{\"@type\":\"ListItem\",\"position\":2,\"name\":\"B\u00fcrgerstiftung wirbt f\u00fcr Unterst\u00fctzung &#8222;G\u00f6ttinger Impuls&#8220;\"}]},{\"@type\":\"WebSite\",\"@id\":\"https:\\\/\\\/radioleinewelle.de\\\/#website\",\"url\":\"https:\\\/\\\/radioleinewelle.de\\\/\",\"name\":\"Radio Leinewelle\",\"description\":\"\",\"publisher\":{\"@id\":\"https:\\\/\\\/radioleinewelle.de\\\/#organization\"},\"potentialAction\":[{\"@type\":\"SearchAction\",\"target\":{\"@type\":\"EntryPoint\",\"urlTemplate\":\"https:\\\/\\\/radioleinewelle.de\\\/?s={search_term_string}\"},\"query-input\":{\"@type\":\"PropertyValueSpecification\",\"valueRequired\":true,\"valueName\":\"search_term_string\"}}],\"inLanguage\":\"de\"},{\"@type\":\"Organization\",\"@id\":\"https:\\\/\\\/radioleinewelle.de\\\/#organization\",\"name\":\"Radio Leinewelle\",\"alternateName\":\"Mein Radio f\u00fcr S\u00fcdniedersachsen\",\"url\":\"https:\\\/\\\/radioleinewelle.de\\\/\",\"logo\":{\"@type\":\"ImageObject\",\"inLanguage\":\"de\",\"@id\":\"https:\\\/\\\/radioleinewelle.de\\\/#\\\/schema\\\/logo\\\/image\\\/\",\"url\":\"https:\\\/\\\/radioleinewelle.de\\\/wp-content\\\/uploads\\\/2023\\\/11\\\/cropped-Leinewelle_Logo_weiss.png\",\"contentUrl\":\"https:\\\/\\\/radioleinewelle.de\\\/wp-content\\\/uploads\\\/2023\\\/11\\\/cropped-Leinewelle_Logo_weiss.png\",\"width\":854,\"height\":260,\"caption\":\"Radio Leinewelle\"},\"image\":{\"@id\":\"https:\\\/\\\/radioleinewelle.de\\\/#\\\/schema\\\/logo\\\/image\\\/\"},\"sameAs\":[\"https:\\\/\\\/www.facebook.com\\\/radioleinewelle\",\"https:\\\/\\\/x.com\\\/RLeinewelle\",\"https:\\\/\\\/www.instagram.com\\\/radioleinewelle\\\/?hl=de\"]},{\"@type\":\"Person\",\"@id\":\"https:\\\/\\\/radioleinewelle.de\\\/#\\\/schema\\\/person\\\/45606f348637df637192dc1b68399a63\",\"name\":\"Leinewelle\",\"image\":{\"@type\":\"ImageObject\",\"inLanguage\":\"de\",\"@id\":\"https:\\\/\\\/secure.gravatar.com\\\/avatar\\\/05c9a17bc973052ee5d91549bd32fb4dd0dc85b7b85ae94b2e2b4943476bbea5?s=96&d=blank&r=g\",\"url\":\"https:\\\/\\\/secure.gravatar.com\\\/avatar\\\/05c9a17bc973052ee5d91549bd32fb4dd0dc85b7b85ae94b2e2b4943476bbea5?s=96&d=blank&r=g\",\"contentUrl\":\"https:\\\/\\\/secure.gravatar.com\\\/avatar\\\/05c9a17bc973052ee5d91549bd32fb4dd0dc85b7b85ae94b2e2b4943476bbea5?s=96&d=blank&r=g\",\"caption\":\"Leinewelle\"},\"sameAs\":[\"http:\\\/\\\/localhost\\\/radio%20leinewelle\\\/wordpress\",\"https:\\\/\\\/www.facebook.com\\\/radioleinewelle\",\"https:\\\/\\\/www.instagram.com\\\/radioleinewelle\",\"https:\\\/\\\/x.com\\\/https:\\\/\\\/twitter.com\\\/RLeinewelle?ref_src=twsrcgoogletwcampserptwgrauthor\",\"https:\\\/\\\/soundcloud.com\\\/foerderverein-lokalradio?utm_source=clipboard&utm_medium=text&utm_campaign=social_sharing\"],\"url\":\"https:\\\/\\\/radioleinewelle.de\\\/index.php\\\/author\\\/leinewelle\\\/\"}]}<\/script>\n<!-- \/ Yoast SEO plugin. -->","yoast_head_json":{"title":"B\u00fcrgerstiftung wirbt f\u00fcr Unterst\u00fctzung \"G\u00f6ttinger Impuls\" - Radio Leinewelle","robots":{"index":"index","follow":"follow","max-snippet":"max-snippet:-1","max-image-preview":"max-image-preview:large","max-video-preview":"max-video-preview:-1"},"canonical":"https:\/\/radioleinewelle.de\/index.php\/2025\/01\/22\/buergerstiftung-wirbt-fuer-unterstuetzung-goettinger-impuls\/","og_locale":"de_DE","og_type":"article","og_title":"B\u00fcrgerstiftung wirbt f\u00fcr Unterst\u00fctzung \"G\u00f6ttinger Impuls\" - Radio Leinewelle","og_description":"Am kommenden Samstag, dem 25. Januar und auch am 15. Februar werden wir jeweils von 10:00 bis ca. 15:00 Uhr mit einem gro\u00dfen Stand in der G\u00f6ttinger Fu\u00dfg\u00e4ngerzone vertreten sein.\u00a0Dabei wird sie von etlichen Unterzeichnenden des &#8222;G\u00f6ttinger Impulses&#8220; unterst\u00fctzt, z.B. mit Posaunen einer G\u00f6ttinger Kirchengemeinde, einer Sofortbild-Fotokampagne einer G\u00f6ttinger Kulturinstitution, szenische Darstellungen eines G\u00f6ttinger Theaters [&hellip;]","og_url":"https:\/\/radioleinewelle.de\/index.php\/2025\/01\/22\/buergerstiftung-wirbt-fuer-unterstuetzung-goettinger-impuls\/","og_site_name":"Radio Leinewelle","article_publisher":"https:\/\/www.facebook.com\/radioleinewelle","article_author":"https:\/\/www.facebook.com\/radioleinewelle","article_published_time":"2025-01-22T08:41:33+00:00","article_modified_time":"2025-01-22T08:41:34+00:00","og_image":[{"width":1280,"height":853,"url":"https:\/\/radioleinewelle.de\/wp-content\/uploads\/2025\/01\/community-8071270_1280.jpg","type":"image\/jpeg"}],"author":"Leinewelle","twitter_card":"summary_large_image","twitter_creator":"@https:\/\/twitter.com\/RLeinewelle?ref_src=twsrcgoogletwcampserptwgrauthor","twitter_site":"@RLeinewelle","twitter_misc":{"Verfasst von":"Leinewelle","Gesch\u00e4tzte Lesezeit":"3\u00a0Minuten"},"schema":{"@context":"https:\/\/schema.org","@graph":[{"@type":"Article","@id":"https:\/\/radioleinewelle.de\/index.php\/2025\/01\/22\/buergerstiftung-wirbt-fuer-unterstuetzung-goettinger-impuls\/#article","isPartOf":{"@id":"https:\/\/radioleinewelle.de\/index.php\/2025\/01\/22\/buergerstiftung-wirbt-fuer-unterstuetzung-goettinger-impuls\/"},"author":{"name":"Leinewelle","@id":"https:\/\/radioleinewelle.de\/#\/schema\/person\/45606f348637df637192dc1b68399a63"},"headline":"B\u00fcrgerstiftung wirbt f\u00fcr Unterst\u00fctzung &#8222;G\u00f6ttinger Impuls&#8220;","datePublished":"2025-01-22T08:41:33+00:00","dateModified":"2025-01-22T08:41:34+00:00","mainEntityOfPage":{"@id":"https:\/\/radioleinewelle.de\/index.php\/2025\/01\/22\/buergerstiftung-wirbt-fuer-unterstuetzung-goettinger-impuls\/"},"wordCount":420,"commentCount":0,"publisher":{"@id":"https:\/\/radioleinewelle.de\/#organization"},"image":{"@id":"https:\/\/radioleinewelle.de\/index.php\/2025\/01\/22\/buergerstiftung-wirbt-fuer-unterstuetzung-goettinger-impuls\/#primaryimage"},"thumbnailUrl":"https:\/\/radioleinewelle.de\/wp-content\/uploads\/2025\/01\/community-8071270_1280.jpg","inLanguage":"de","potentialAction":[{"@type":"CommentAction","name":"Comment","target":["https:\/\/radioleinewelle.de\/index.php\/2025\/01\/22\/buergerstiftung-wirbt-fuer-unterstuetzung-goettinger-impuls\/#respond"]}]},{"@type":"WebPage","@id":"https:\/\/radioleinewelle.de\/index.php\/2025\/01\/22\/buergerstiftung-wirbt-fuer-unterstuetzung-goettinger-impuls\/","url":"https:\/\/radioleinewelle.de\/index.php\/2025\/01\/22\/buergerstiftung-wirbt-fuer-unterstuetzung-goettinger-impuls\/","name":"B\u00fcrgerstiftung wirbt f\u00fcr Unterst\u00fctzung \"G\u00f6ttinger Impuls\" - Radio Leinewelle","isPartOf":{"@id":"https:\/\/radioleinewelle.de\/#website"},"primaryImageOfPage":{"@id":"https:\/\/radioleinewelle.de\/index.php\/2025\/01\/22\/buergerstiftung-wirbt-fuer-unterstuetzung-goettinger-impuls\/#primaryimage"},"image":{"@id":"https:\/\/radioleinewelle.de\/index.php\/2025\/01\/22\/buergerstiftung-wirbt-fuer-unterstuetzung-goettinger-impuls\/#primaryimage"},"thumbnailUrl":"https:\/\/radioleinewelle.de\/wp-content\/uploads\/2025\/01\/community-8071270_1280.jpg","datePublished":"2025-01-22T08:41:33+00:00","dateModified":"2025-01-22T08:41:34+00:00","breadcrumb":{"@id":"https:\/\/radioleinewelle.de\/index.php\/2025\/01\/22\/buergerstiftung-wirbt-fuer-unterstuetzung-goettinger-impuls\/#breadcrumb"},"inLanguage":"de","potentialAction":[{"@type":"ReadAction","target":["https:\/\/radioleinewelle.de\/index.php\/2025\/01\/22\/buergerstiftung-wirbt-fuer-unterstuetzung-goettinger-impuls\/"]}]},{"@type":"ImageObject","inLanguage":"de","@id":"https:\/\/radioleinewelle.de\/index.php\/2025\/01\/22\/buergerstiftung-wirbt-fuer-unterstuetzung-goettinger-impuls\/#primaryimage","url":"https:\/\/radioleinewelle.de\/wp-content\/uploads\/2025\/01\/community-8071270_1280.jpg","contentUrl":"https:\/\/radioleinewelle.de\/wp-content\/uploads\/2025\/01\/community-8071270_1280.jpg","width":1280,"height":853},{"@type":"BreadcrumbList","@id":"https:\/\/radioleinewelle.de\/index.php\/2025\/01\/22\/buergerstiftung-wirbt-fuer-unterstuetzung-goettinger-impuls\/#breadcrumb","itemListElement":[{"@type":"ListItem","position":1,"name":"Startseite","item":"https:\/\/radioleinewelle.de\/"},{"@type":"ListItem","position":2,"name":"B\u00fcrgerstiftung wirbt f\u00fcr Unterst\u00fctzung &#8222;G\u00f6ttinger Impuls&#8220;"}]},{"@type":"WebSite","@id":"https:\/\/radioleinewelle.de\/#website","url":"https:\/\/radioleinewelle.de\/","name":"Radio Leinewelle","description":"","publisher":{"@id":"https:\/\/radioleinewelle.de\/#organization"},"potentialAction":[{"@type":"SearchAction","target":{"@type":"EntryPoint","urlTemplate":"https:\/\/radioleinewelle.de\/?s={search_term_string}"},"query-input":{"@type":"PropertyValueSpecification","valueRequired":true,"valueName":"search_term_string"}}],"inLanguage":"de"},{"@type":"Organization","@id":"https:\/\/radioleinewelle.de\/#organization","name":"Radio Leinewelle","alternateName":"Mein Radio f\u00fcr S\u00fcdniedersachsen","url":"https:\/\/radioleinewelle.de\/","logo":{"@type":"ImageObject","inLanguage":"de","@id":"https:\/\/radioleinewelle.de\/#\/schema\/logo\/image\/","url":"https:\/\/radioleinewelle.de\/wp-content\/uploads\/2023\/11\/cropped-Leinewelle_Logo_weiss.png","contentUrl":"https:\/\/radioleinewelle.de\/wp-content\/uploads\/2023\/11\/cropped-Leinewelle_Logo_weiss.png","width":854,"height":260,"caption":"Radio Leinewelle"},"image":{"@id":"https:\/\/radioleinewelle.de\/#\/schema\/logo\/image\/"},"sameAs":["https:\/\/www.facebook.com\/radioleinewelle","https:\/\/x.com\/RLeinewelle","https:\/\/www.instagram.com\/radioleinewelle\/?hl=de"]},{"@type":"Person","@id":"https:\/\/radioleinewelle.de\/#\/schema\/person\/45606f348637df637192dc1b68399a63","name":"Leinewelle","image":{"@type":"ImageObject","inLanguage":"de","@id":"https:\/\/secure.gravatar.com\/avatar\/05c9a17bc973052ee5d91549bd32fb4dd0dc85b7b85ae94b2e2b4943476bbea5?s=96&d=blank&r=g","url":"https:\/\/secure.gravatar.com\/avatar\/05c9a17bc973052ee5d91549bd32fb4dd0dc85b7b85ae94b2e2b4943476bbea5?s=96&d=blank&r=g","contentUrl":"https:\/\/secure.gravatar.com\/avatar\/05c9a17bc973052ee5d91549bd32fb4dd0dc85b7b85ae94b2e2b4943476bbea5?s=96&d=blank&r=g","caption":"Leinewelle"},"sameAs":["http:\/\/localhost\/radio%20leinewelle\/wordpress","https:\/\/www.facebook.com\/radioleinewelle","https:\/\/www.instagram.com\/radioleinewelle","https:\/\/x.com\/https:\/\/twitter.com\/RLeinewelle?ref_src=twsrcgoogletwcampserptwgrauthor","https:\/\/soundcloud.com\/foerderverein-lokalradio?utm_source=clipboard&utm_medium=text&utm_campaign=social_sharing"],"url":"https:\/\/radioleinewelle.de\/index.php\/author\/leinewelle\/"}]}},"_links":{"self":[{"href":"https:\/\/radioleinewelle.de\/index.php\/wp-json\/wp\/v2\/posts\/27293","targetHints":{"allow":["GET"]}}],"collection":[{"href":"https:\/\/radioleinewelle.de\/index.php\/wp-json\/wp\/v2\/posts"}],"about":[{"href":"https:\/\/radioleinewelle.de\/index.php\/wp-json\/wp\/v2\/types\/post"}],"author":[{"embeddable":true,"href":"https:\/\/radioleinewelle.de\/index.php\/wp-json\/wp\/v2\/users\/1"}],"replies":[{"embeddable":true,"href":"https:\/\/radioleinewelle.de\/index.php\/wp-json\/wp\/v2\/comments?post=27293"}],"version-history":[{"count":3,"href":"https:\/\/radioleinewelle.de\/index.php\/wp-json\/wp\/v2\/posts\/27293\/revisions"}],"predecessor-version":[{"id":27297,"href":"https:\/\/radioleinewelle.de\/index.php\/wp-json\/wp\/v2\/posts\/27293\/revisions\/27297"}],"wp:featuredmedia":[{"embeddable":true,"href":"https:\/\/radioleinewelle.de\/index.php\/wp-json\/wp\/v2\/media\/27296"}],"wp:attachment":[{"href":"https:\/\/radioleinewelle.de\/index.php\/wp-json\/wp\/v2\/media?parent=27293"}],"wp:term":[{"taxonomy":"category","embeddable":true,"href":"https:\/\/radioleinewelle.de\/index.php\/wp-json\/wp\/v2\/categories?post=27293"},{"taxonomy":"post_tag","embeddable":true,"href":"https:\/\/radioleinewelle.de\/index.php\/wp-json\/wp\/v2\/tags?post=27293"}],"curies":[{"name":"wp","href":"https:\/\/api.w.org\/{rel}","templated":true}]}}