{"id":27379,"date":"2025-01-31T21:27:07","date_gmt":"2025-01-31T20:27:07","guid":{"rendered":"https:\/\/radioleinewelle.de\/?p=27379"},"modified":"2025-01-31T21:27:08","modified_gmt":"2025-01-31T20:27:08","slug":"polizei-bereitet-sich-auf-einsatz-anlaesslich-der-morgigen-demonstrationen-vor","status":"publish","type":"post","link":"https:\/\/radioleinewelle.de\/index.php\/2025\/01\/31\/polizei-bereitet-sich-auf-einsatz-anlaesslich-der-morgigen-demonstrationen-vor\/","title":{"rendered":"Polizei bereitet sich auf Einsatz anl\u00e4\u00dflich der morgigen Demonstrationen vor"},"content":{"rendered":"\n<p>Im Zusammenhang mit einer angezeigten Demonstration unter dem Motto &#8222;Politik gegen das Volk?&#8220; und mehreren stattfindenden Gegenkundgebungen, wird die Polizeiinspektion G\u00f6ttingen am morgigen Samstag mit einem Gro\u00dfaufgebot im Stadtgebiet im Einsatz sein. Die mehreren Hundert Beamtinnen und Beamten kommen von den Polizeiinspektionen der Polizeidirektion G\u00f6ttingen, der Zentralen Polizeidirektion Niedersachsen und auch aus anderen Bundesl\u00e4ndern.<\/p>\n\n\n\n<p>Gesamteinsatzleiter Rainer Nolte, Leiter der Polizeiinspektion, schlie\u00dft aufgrund des Umstandes, dass die anlassgebende Versammlung von anderen Gruppierungen als &#8222;Querdenker&#8220;-Demo eingestuft wird, vielf\u00e4ltige St\u00f6raktionen entlang der Aufzugsroute nicht aus.<\/p>\n\n\n\n\n\n<p><mark style=\"background-color:rgba(0, 0, 0, 0)\" class=\"has-inline-color has-kubio-color-2-color\"><strong>Wir gehen aufgrund unserer Erfahrungswerte davon aus, dass es vergleichbare Szenarien wie bei \u00e4hnlichen, vorausgegangenen Demonstrationen geben wird. Wir rechnen mit verschiedenen Aktionsformen der Gegenversammlungen und gehen auch wieder von Blockaden und anderen St\u00f6raktionen gegen\u00fcber der Ausgangsversammlung aus. <\/strong><\/mark><br><strong>Rainer Nolte, Leiter der Polizeiinspektion<\/strong><\/p>\n\n\n\n\n\n<p>Mit Blick auf den Einsatz zeigt sich der Leitende Polizeidirektor dennoch zuversichtlich: &#8222;Der Einsatz am Samstag ist mittlerweile der vierte seiner Art. Die Einsatzabl\u00e4ufe der vorherigen Demonstrationsgeschehen haben wir immer umfassend nachbetrachtet und aufbereitet. Auch aus diesem Grund gehe ich davon aus, dass wir f\u00fcr Samstag sowohl personell, als auch technisch und taktisch gut aufgestellt und auf zu erwartende Szenarien gut vorbereitet sind. Wir werden wieder ein abgestuftes Konzept verfolgen. Mit dem Einsatz von Konfliktmanagern, einsatzbegleitender und erkl\u00e4render Kommunikation &#8211; auch \u00fcber Lautsprecher &#8211; haben wir in der Vergangenheit sehr gute Erfahrungen gesammelt. Konflikttr\u00e4chtige Situationen zu deeskalieren, muss immer unsere Maxime sein. Die Anwendung von Gewalt gegen Sachen oder gegen Personen ist nicht vom Recht auf friedliche Versammlungsteilhabe abgedeckt und widerspricht den Grunds\u00e4tzen unserer Demokratie&#8220;, sagt Nolte.<\/p>\n\n\n\n<p>&#8222;Am Samstag besteht unser oberstes Ziel darin, k\u00f6rperliche \u00dcbergriffe und Konfrontationen zu verhindern. Nat\u00fcrlich sollen sich die unterschiedlichen Gruppierungen auch h\u00f6ren und sehen, um im Sinne des demokratischen Protests \u00f6ffentliche Meinungsbildung betreiben zu k\u00f6nnen. Um etwaige gr\u00f6\u00dfere Konflikte zu vermeiden, werden wir u. a. durch den Einsatz von Absperrgittern oder Fahrzeugen sowie auch Einsatzkr\u00e4ften eine r\u00e4umliche Trennung vornehmen&#8220;, erkl\u00e4rt der Leitende Polizeidirektor.<\/p>\n\n\n\n<p>&#8222;Mein Appell an alle Demonstrierenden lautet: Nutzen Sie Ihr Recht auf Meinungs- und Versammlungsfreiheit aktiv und gem\u00e4\u00df den demokratischen Spielregeln! Distanzieren Sie sich von Gewalt und nehmen Sie, soweit m\u00f6glich, Einfluss auf gewaltbereite Personen! Alle Versammlungsteilnehmenden genie\u00dfen unabh\u00e4ngig von ihrer politischen Ausrichtung das Recht auf Meinungs- und Versammlungsfreiheit im Rahmen der geltenden Gesetze. Die Aufgabe der Polizei ist es, die Aus\u00fcbung dieser Grundrechte zu gew\u00e4hrleisten und zu sch\u00fctzen. Dazu geh\u00f6rt auch, die jeweiligen Versammlungsorte und -routen fr\u00fchzeitig frei zu machen und zu halten&#8220;, so Nolte abschlie\u00dfend.<\/p>\n\n\n\n<p><strong>Polizei rechnet mit erheblichen Verkehrsbehinderungen im Stadtgebiet<\/strong><br>Aufgrund des komplexen Demonstrationsgeschehens m\u00fcssen sich Verkehrsteilnehmende von Samstagmorgen bis vermutlich in die sp\u00e4ten Abendstunden im gesamten Stadtgebiet auf erhebliche Verkehrsbehinderungen sowie auch unangek\u00fcndigte, unvorhergesehene Sperrungen und Umleitungen einstellen. Die Polizei G\u00f6ttingen hat eine Vielzahl an Verkehrsregelungskr\u00e4ften im Einsatz, die versuchen werden, die Beeintr\u00e4chtigungen des Individualverkehrs m\u00f6glichst gering zu halten. Letztlich h\u00e4ngt es aber vom Einsatzverlauf ab, ob dies immer m\u00f6glich ist. M\u00fclltonnen und andere Gegenst\u00e4nde<br><br><strong>Bitte an Anlieger entlang der Aufzugsroute<\/strong><br>Die Einsatzleitung der G\u00f6ttinger Polizei kann zum jetzigen Zeitpunkt nicht ausschlie\u00dfen, dass am Samstag am Stra\u00dfenrand abgestellte M\u00fclltonnen oder andere bewegliche Gegenst\u00e4nde als Hindernisse eingesetzt oder f\u00fcr den Bau von Barrikaden verwendet werden. Anwohnende der Innenstadt werden deshalb gebeten, bewegliche Gegenst\u00e4nde nach M\u00f6glichkeit hinters Haus oder an einen anderen, nicht einsehbaren Ort zu verbringen.<\/p>\n\n\n\n<p>Facebook, Polizei G\u00f6ttingen&nbsp;<a target=\"_blank\" rel=\"noreferrer noopener\" href=\"https:\/\/www.facebook.com\/polizeidirektion.goettingen\">https:\/\/www.facebook.com\/polizeidirektion.goettingen<\/a><\/p>\n\n\n\n<p>Instagram, Polizei G\u00f6ttingen&nbsp;<a target=\"_blank\" rel=\"noreferrer noopener\" href=\"https:\/\/www.instagram.com\/polizei.goe.wiebke\/\">https:\/\/www.instagram.com\/polizei.goe.wiebke\/<\/a><\/p>\n\n\n\n<p><strong>Foto :<\/strong> Gesamteinsatzleiter und Leiter der Polizeiinspektion G\u00f6ttingen Rainer Nolte<\/p>\n\n\n\n<p><\/p>\n","protected":false},"excerpt":{"rendered":"<p>Im Zusammenhang mit einer angezeigten Demonstration unter dem Motto &#8222;Politik gegen das Volk?&#8220; und mehreren stattfindenden Gegenkundgebungen, wird die Polizeiinspektion G\u00f6ttingen am morgigen Samstag mit einem Gro\u00dfaufgebot im Stadtgebiet im Einsatz sein. Die mehreren Hundert Beamtinnen und Beamten kommen von den Polizeiinspektionen der Polizeidirektion G\u00f6ttingen, der Zentralen Polizeidirektion Niedersachsen und auch aus anderen Bundesl\u00e4ndern. Gesamteinsatzleiter [&hellip;]<\/p>\n","protected":false},"author":1,"featured_media":27380,"comment_status":"open","ping_status":"open","sticky":false,"template":"","format":"standard","meta":{"saved_in_kubio":false,"footnotes":""},"categories":[24],"tags":[],"class_list":["post-27379","post","type-post","status-publish","format-standard","has-post-thumbnail","hentry","category-news"],"yoast_head":"<!-- This site is optimized with the Yoast SEO plugin v27.4 - https:\/\/yoast.com\/product\/yoast-seo-wordpress\/ -->\n<title>Polizei bereitet sich auf Einsatz anl\u00e4\u00dflich der morgigen Demonstrationen vor - Radio Leinewelle<\/title>\n<meta name=\"robots\" content=\"index, follow, max-snippet:-1, max-image-preview:large, max-video-preview:-1\" \/>\n<link rel=\"canonical\" href=\"https:\/\/radioleinewelle.de\/index.php\/2025\/01\/31\/polizei-bereitet-sich-auf-einsatz-anlaesslich-der-morgigen-demonstrationen-vor\/\" \/>\n<meta property=\"og:locale\" content=\"de_DE\" \/>\n<meta property=\"og:type\" content=\"article\" \/>\n<meta property=\"og:title\" content=\"Polizei bereitet sich auf Einsatz anl\u00e4\u00dflich der morgigen Demonstrationen vor - Radio Leinewelle\" \/>\n<meta property=\"og:description\" content=\"Im Zusammenhang mit einer angezeigten Demonstration unter dem Motto &#8222;Politik gegen das Volk?&#8220; und mehreren stattfindenden Gegenkundgebungen, wird die Polizeiinspektion G\u00f6ttingen am morgigen Samstag mit einem Gro\u00dfaufgebot im Stadtgebiet im Einsatz sein. Die mehreren Hundert Beamtinnen und Beamten kommen von den Polizeiinspektionen der Polizeidirektion G\u00f6ttingen, der Zentralen Polizeidirektion Niedersachsen und auch aus anderen Bundesl\u00e4ndern. Gesamteinsatzleiter [&hellip;]\" \/>\n<meta property=\"og:url\" content=\"https:\/\/radioleinewelle.de\/index.php\/2025\/01\/31\/polizei-bereitet-sich-auf-einsatz-anlaesslich-der-morgigen-demonstrationen-vor\/\" \/>\n<meta property=\"og:site_name\" content=\"Radio Leinewelle\" \/>\n<meta property=\"article:publisher\" content=\"https:\/\/www.facebook.com\/radioleinewelle\" \/>\n<meta property=\"article:author\" content=\"https:\/\/www.facebook.com\/radioleinewelle\" \/>\n<meta property=\"article:published_time\" content=\"2025-01-31T20:27:07+00:00\" \/>\n<meta property=\"article:modified_time\" content=\"2025-01-31T20:27:08+00:00\" \/>\n<meta property=\"og:image\" content=\"https:\/\/radioleinewelle.de\/wp-content\/uploads\/2025\/01\/RainerNolte-2-scaled.jpg\" \/>\n\t<meta property=\"og:image:width\" content=\"2560\" \/>\n\t<meta property=\"og:image:height\" content=\"2084\" \/>\n\t<meta property=\"og:image:type\" content=\"image\/jpeg\" \/>\n<meta name=\"author\" content=\"Leinewelle\" \/>\n<meta name=\"twitter:card\" content=\"summary_large_image\" \/>\n<meta name=\"twitter:creator\" content=\"@https:\/\/twitter.com\/RLeinewelle?ref_src=twsrcgoogletwcampserptwgrauthor\" \/>\n<meta name=\"twitter:site\" content=\"@RLeinewelle\" \/>\n<meta name=\"twitter:label1\" content=\"Verfasst von\" \/>\n\t<meta name=\"twitter:data1\" content=\"Leinewelle\" \/>\n\t<meta name=\"twitter:label2\" content=\"Gesch\u00e4tzte Lesezeit\" \/>\n\t<meta name=\"twitter:data2\" content=\"4\u00a0Minuten\" \/>\n<script type=\"application\/ld+json\" class=\"yoast-schema-graph\">{\"@context\":\"https:\\\/\\\/schema.org\",\"@graph\":[{\"@type\":\"Article\",\"@id\":\"https:\\\/\\\/radioleinewelle.de\\\/index.php\\\/2025\\\/01\\\/31\\\/polizei-bereitet-sich-auf-einsatz-anlaesslich-der-morgigen-demonstrationen-vor\\\/#article\",\"isPartOf\":{\"@id\":\"https:\\\/\\\/radioleinewelle.de\\\/index.php\\\/2025\\\/01\\\/31\\\/polizei-bereitet-sich-auf-einsatz-anlaesslich-der-morgigen-demonstrationen-vor\\\/\"},\"author\":{\"name\":\"Leinewelle\",\"@id\":\"https:\\\/\\\/radioleinewelle.de\\\/#\\\/schema\\\/person\\\/45606f348637df637192dc1b68399a63\"},\"headline\":\"Polizei bereitet sich auf Einsatz anl\u00e4\u00dflich der morgigen Demonstrationen vor\",\"datePublished\":\"2025-01-31T20:27:07+00:00\",\"dateModified\":\"2025-01-31T20:27:08+00:00\",\"mainEntityOfPage\":{\"@id\":\"https:\\\/\\\/radioleinewelle.de\\\/index.php\\\/2025\\\/01\\\/31\\\/polizei-bereitet-sich-auf-einsatz-anlaesslich-der-morgigen-demonstrationen-vor\\\/\"},\"wordCount\":628,\"commentCount\":0,\"publisher\":{\"@id\":\"https:\\\/\\\/radioleinewelle.de\\\/#organization\"},\"image\":{\"@id\":\"https:\\\/\\\/radioleinewelle.de\\\/index.php\\\/2025\\\/01\\\/31\\\/polizei-bereitet-sich-auf-einsatz-anlaesslich-der-morgigen-demonstrationen-vor\\\/#primaryimage\"},\"thumbnailUrl\":\"https:\\\/\\\/radioleinewelle.de\\\/wp-content\\\/uploads\\\/2025\\\/01\\\/RainerNolte-2-scaled.jpg\",\"articleSection\":[\"Aktuelle Nachrichten\"],\"inLanguage\":\"de\",\"potentialAction\":[{\"@type\":\"CommentAction\",\"name\":\"Comment\",\"target\":[\"https:\\\/\\\/radioleinewelle.de\\\/index.php\\\/2025\\\/01\\\/31\\\/polizei-bereitet-sich-auf-einsatz-anlaesslich-der-morgigen-demonstrationen-vor\\\/#respond\"]}]},{\"@type\":\"WebPage\",\"@id\":\"https:\\\/\\\/radioleinewelle.de\\\/index.php\\\/2025\\\/01\\\/31\\\/polizei-bereitet-sich-auf-einsatz-anlaesslich-der-morgigen-demonstrationen-vor\\\/\",\"url\":\"https:\\\/\\\/radioleinewelle.de\\\/index.php\\\/2025\\\/01\\\/31\\\/polizei-bereitet-sich-auf-einsatz-anlaesslich-der-morgigen-demonstrationen-vor\\\/\",\"name\":\"Polizei bereitet sich auf Einsatz anl\u00e4\u00dflich der morgigen Demonstrationen vor - Radio Leinewelle\",\"isPartOf\":{\"@id\":\"https:\\\/\\\/radioleinewelle.de\\\/#website\"},\"primaryImageOfPage\":{\"@id\":\"https:\\\/\\\/radioleinewelle.de\\\/index.php\\\/2025\\\/01\\\/31\\\/polizei-bereitet-sich-auf-einsatz-anlaesslich-der-morgigen-demonstrationen-vor\\\/#primaryimage\"},\"image\":{\"@id\":\"https:\\\/\\\/radioleinewelle.de\\\/index.php\\\/2025\\\/01\\\/31\\\/polizei-bereitet-sich-auf-einsatz-anlaesslich-der-morgigen-demonstrationen-vor\\\/#primaryimage\"},\"thumbnailUrl\":\"https:\\\/\\\/radioleinewelle.de\\\/wp-content\\\/uploads\\\/2025\\\/01\\\/RainerNolte-2-scaled.jpg\",\"datePublished\":\"2025-01-31T20:27:07+00:00\",\"dateModified\":\"2025-01-31T20:27:08+00:00\",\"breadcrumb\":{\"@id\":\"https:\\\/\\\/radioleinewelle.de\\\/index.php\\\/2025\\\/01\\\/31\\\/polizei-bereitet-sich-auf-einsatz-anlaesslich-der-morgigen-demonstrationen-vor\\\/#breadcrumb\"},\"inLanguage\":\"de\",\"potentialAction\":[{\"@type\":\"ReadAction\",\"target\":[\"https:\\\/\\\/radioleinewelle.de\\\/index.php\\\/2025\\\/01\\\/31\\\/polizei-bereitet-sich-auf-einsatz-anlaesslich-der-morgigen-demonstrationen-vor\\\/\"]}]},{\"@type\":\"ImageObject\",\"inLanguage\":\"de\",\"@id\":\"https:\\\/\\\/radioleinewelle.de\\\/index.php\\\/2025\\\/01\\\/31\\\/polizei-bereitet-sich-auf-einsatz-anlaesslich-der-morgigen-demonstrationen-vor\\\/#primaryimage\",\"url\":\"https:\\\/\\\/radioleinewelle.de\\\/wp-content\\\/uploads\\\/2025\\\/01\\\/RainerNolte-2-scaled.jpg\",\"contentUrl\":\"https:\\\/\\\/radioleinewelle.de\\\/wp-content\\\/uploads\\\/2025\\\/01\\\/RainerNolte-2-scaled.jpg\",\"width\":2560,\"height\":2084,\"caption\":\"Gesamteinsatzleiter und Leiter der Polizeiinspektion G\u00f6ttingen Rainer Nolte\"},{\"@type\":\"BreadcrumbList\",\"@id\":\"https:\\\/\\\/radioleinewelle.de\\\/index.php\\\/2025\\\/01\\\/31\\\/polizei-bereitet-sich-auf-einsatz-anlaesslich-der-morgigen-demonstrationen-vor\\\/#breadcrumb\",\"itemListElement\":[{\"@type\":\"ListItem\",\"position\":1,\"name\":\"Startseite\",\"item\":\"https:\\\/\\\/radioleinewelle.de\\\/\"},{\"@type\":\"ListItem\",\"position\":2,\"name\":\"Polizei bereitet sich auf Einsatz anl\u00e4\u00dflich der morgigen Demonstrationen vor\"}]},{\"@type\":\"WebSite\",\"@id\":\"https:\\\/\\\/radioleinewelle.de\\\/#website\",\"url\":\"https:\\\/\\\/radioleinewelle.de\\\/\",\"name\":\"Radio Leinewelle\",\"description\":\"\",\"publisher\":{\"@id\":\"https:\\\/\\\/radioleinewelle.de\\\/#organization\"},\"potentialAction\":[{\"@type\":\"SearchAction\",\"target\":{\"@type\":\"EntryPoint\",\"urlTemplate\":\"https:\\\/\\\/radioleinewelle.de\\\/?s={search_term_string}\"},\"query-input\":{\"@type\":\"PropertyValueSpecification\",\"valueRequired\":true,\"valueName\":\"search_term_string\"}}],\"inLanguage\":\"de\"},{\"@type\":\"Organization\",\"@id\":\"https:\\\/\\\/radioleinewelle.de\\\/#organization\",\"name\":\"Radio Leinewelle\",\"alternateName\":\"Mein Radio f\u00fcr S\u00fcdniedersachsen\",\"url\":\"https:\\\/\\\/radioleinewelle.de\\\/\",\"logo\":{\"@type\":\"ImageObject\",\"inLanguage\":\"de\",\"@id\":\"https:\\\/\\\/radioleinewelle.de\\\/#\\\/schema\\\/logo\\\/image\\\/\",\"url\":\"https:\\\/\\\/radioleinewelle.de\\\/wp-content\\\/uploads\\\/2023\\\/11\\\/cropped-Leinewelle_Logo_weiss.png\",\"contentUrl\":\"https:\\\/\\\/radioleinewelle.de\\\/wp-content\\\/uploads\\\/2023\\\/11\\\/cropped-Leinewelle_Logo_weiss.png\",\"width\":854,\"height\":260,\"caption\":\"Radio Leinewelle\"},\"image\":{\"@id\":\"https:\\\/\\\/radioleinewelle.de\\\/#\\\/schema\\\/logo\\\/image\\\/\"},\"sameAs\":[\"https:\\\/\\\/www.facebook.com\\\/radioleinewelle\",\"https:\\\/\\\/x.com\\\/RLeinewelle\",\"https:\\\/\\\/www.instagram.com\\\/radioleinewelle\\\/?hl=de\"]},{\"@type\":\"Person\",\"@id\":\"https:\\\/\\\/radioleinewelle.de\\\/#\\\/schema\\\/person\\\/45606f348637df637192dc1b68399a63\",\"name\":\"Leinewelle\",\"image\":{\"@type\":\"ImageObject\",\"inLanguage\":\"de\",\"@id\":\"https:\\\/\\\/secure.gravatar.com\\\/avatar\\\/05c9a17bc973052ee5d91549bd32fb4dd0dc85b7b85ae94b2e2b4943476bbea5?s=96&d=blank&r=g\",\"url\":\"https:\\\/\\\/secure.gravatar.com\\\/avatar\\\/05c9a17bc973052ee5d91549bd32fb4dd0dc85b7b85ae94b2e2b4943476bbea5?s=96&d=blank&r=g\",\"contentUrl\":\"https:\\\/\\\/secure.gravatar.com\\\/avatar\\\/05c9a17bc973052ee5d91549bd32fb4dd0dc85b7b85ae94b2e2b4943476bbea5?s=96&d=blank&r=g\",\"caption\":\"Leinewelle\"},\"sameAs\":[\"http:\\\/\\\/localhost\\\/radio%20leinewelle\\\/wordpress\",\"https:\\\/\\\/www.facebook.com\\\/radioleinewelle\",\"https:\\\/\\\/www.instagram.com\\\/radioleinewelle\",\"https:\\\/\\\/x.com\\\/https:\\\/\\\/twitter.com\\\/RLeinewelle?ref_src=twsrcgoogletwcampserptwgrauthor\",\"https:\\\/\\\/soundcloud.com\\\/foerderverein-lokalradio?utm_source=clipboard&utm_medium=text&utm_campaign=social_sharing\"],\"url\":\"https:\\\/\\\/radioleinewelle.de\\\/index.php\\\/author\\\/leinewelle\\\/\"}]}<\/script>\n<!-- \/ Yoast SEO plugin. -->","yoast_head_json":{"title":"Polizei bereitet sich auf Einsatz anl\u00e4\u00dflich der morgigen Demonstrationen vor - Radio Leinewelle","robots":{"index":"index","follow":"follow","max-snippet":"max-snippet:-1","max-image-preview":"max-image-preview:large","max-video-preview":"max-video-preview:-1"},"canonical":"https:\/\/radioleinewelle.de\/index.php\/2025\/01\/31\/polizei-bereitet-sich-auf-einsatz-anlaesslich-der-morgigen-demonstrationen-vor\/","og_locale":"de_DE","og_type":"article","og_title":"Polizei bereitet sich auf Einsatz anl\u00e4\u00dflich der morgigen Demonstrationen vor - Radio Leinewelle","og_description":"Im Zusammenhang mit einer angezeigten Demonstration unter dem Motto &#8222;Politik gegen das Volk?&#8220; und mehreren stattfindenden Gegenkundgebungen, wird die Polizeiinspektion G\u00f6ttingen am morgigen Samstag mit einem Gro\u00dfaufgebot im Stadtgebiet im Einsatz sein. Die mehreren Hundert Beamtinnen und Beamten kommen von den Polizeiinspektionen der Polizeidirektion G\u00f6ttingen, der Zentralen Polizeidirektion Niedersachsen und auch aus anderen Bundesl\u00e4ndern. Gesamteinsatzleiter [&hellip;]","og_url":"https:\/\/radioleinewelle.de\/index.php\/2025\/01\/31\/polizei-bereitet-sich-auf-einsatz-anlaesslich-der-morgigen-demonstrationen-vor\/","og_site_name":"Radio Leinewelle","article_publisher":"https:\/\/www.facebook.com\/radioleinewelle","article_author":"https:\/\/www.facebook.com\/radioleinewelle","article_published_time":"2025-01-31T20:27:07+00:00","article_modified_time":"2025-01-31T20:27:08+00:00","og_image":[{"width":2560,"height":2084,"url":"https:\/\/radioleinewelle.de\/wp-content\/uploads\/2025\/01\/RainerNolte-2-scaled.jpg","type":"image\/jpeg"}],"author":"Leinewelle","twitter_card":"summary_large_image","twitter_creator":"@https:\/\/twitter.com\/RLeinewelle?ref_src=twsrcgoogletwcampserptwgrauthor","twitter_site":"@RLeinewelle","twitter_misc":{"Verfasst von":"Leinewelle","Gesch\u00e4tzte Lesezeit":"4\u00a0Minuten"},"schema":{"@context":"https:\/\/schema.org","@graph":[{"@type":"Article","@id":"https:\/\/radioleinewelle.de\/index.php\/2025\/01\/31\/polizei-bereitet-sich-auf-einsatz-anlaesslich-der-morgigen-demonstrationen-vor\/#article","isPartOf":{"@id":"https:\/\/radioleinewelle.de\/index.php\/2025\/01\/31\/polizei-bereitet-sich-auf-einsatz-anlaesslich-der-morgigen-demonstrationen-vor\/"},"author":{"name":"Leinewelle","@id":"https:\/\/radioleinewelle.de\/#\/schema\/person\/45606f348637df637192dc1b68399a63"},"headline":"Polizei bereitet sich auf Einsatz anl\u00e4\u00dflich der morgigen Demonstrationen vor","datePublished":"2025-01-31T20:27:07+00:00","dateModified":"2025-01-31T20:27:08+00:00","mainEntityOfPage":{"@id":"https:\/\/radioleinewelle.de\/index.php\/2025\/01\/31\/polizei-bereitet-sich-auf-einsatz-anlaesslich-der-morgigen-demonstrationen-vor\/"},"wordCount":628,"commentCount":0,"publisher":{"@id":"https:\/\/radioleinewelle.de\/#organization"},"image":{"@id":"https:\/\/radioleinewelle.de\/index.php\/2025\/01\/31\/polizei-bereitet-sich-auf-einsatz-anlaesslich-der-morgigen-demonstrationen-vor\/#primaryimage"},"thumbnailUrl":"https:\/\/radioleinewelle.de\/wp-content\/uploads\/2025\/01\/RainerNolte-2-scaled.jpg","articleSection":["Aktuelle Nachrichten"],"inLanguage":"de","potentialAction":[{"@type":"CommentAction","name":"Comment","target":["https:\/\/radioleinewelle.de\/index.php\/2025\/01\/31\/polizei-bereitet-sich-auf-einsatz-anlaesslich-der-morgigen-demonstrationen-vor\/#respond"]}]},{"@type":"WebPage","@id":"https:\/\/radioleinewelle.de\/index.php\/2025\/01\/31\/polizei-bereitet-sich-auf-einsatz-anlaesslich-der-morgigen-demonstrationen-vor\/","url":"https:\/\/radioleinewelle.de\/index.php\/2025\/01\/31\/polizei-bereitet-sich-auf-einsatz-anlaesslich-der-morgigen-demonstrationen-vor\/","name":"Polizei bereitet sich auf Einsatz anl\u00e4\u00dflich der morgigen Demonstrationen vor - Radio Leinewelle","isPartOf":{"@id":"https:\/\/radioleinewelle.de\/#website"},"primaryImageOfPage":{"@id":"https:\/\/radioleinewelle.de\/index.php\/2025\/01\/31\/polizei-bereitet-sich-auf-einsatz-anlaesslich-der-morgigen-demonstrationen-vor\/#primaryimage"},"image":{"@id":"https:\/\/radioleinewelle.de\/index.php\/2025\/01\/31\/polizei-bereitet-sich-auf-einsatz-anlaesslich-der-morgigen-demonstrationen-vor\/#primaryimage"},"thumbnailUrl":"https:\/\/radioleinewelle.de\/wp-content\/uploads\/2025\/01\/RainerNolte-2-scaled.jpg","datePublished":"2025-01-31T20:27:07+00:00","dateModified":"2025-01-31T20:27:08+00:00","breadcrumb":{"@id":"https:\/\/radioleinewelle.de\/index.php\/2025\/01\/31\/polizei-bereitet-sich-auf-einsatz-anlaesslich-der-morgigen-demonstrationen-vor\/#breadcrumb"},"inLanguage":"de","potentialAction":[{"@type":"ReadAction","target":["https:\/\/radioleinewelle.de\/index.php\/2025\/01\/31\/polizei-bereitet-sich-auf-einsatz-anlaesslich-der-morgigen-demonstrationen-vor\/"]}]},{"@type":"ImageObject","inLanguage":"de","@id":"https:\/\/radioleinewelle.de\/index.php\/2025\/01\/31\/polizei-bereitet-sich-auf-einsatz-anlaesslich-der-morgigen-demonstrationen-vor\/#primaryimage","url":"https:\/\/radioleinewelle.de\/wp-content\/uploads\/2025\/01\/RainerNolte-2-scaled.jpg","contentUrl":"https:\/\/radioleinewelle.de\/wp-content\/uploads\/2025\/01\/RainerNolte-2-scaled.jpg","width":2560,"height":2084,"caption":"Gesamteinsatzleiter und Leiter der Polizeiinspektion G\u00f6ttingen Rainer Nolte"},{"@type":"BreadcrumbList","@id":"https:\/\/radioleinewelle.de\/index.php\/2025\/01\/31\/polizei-bereitet-sich-auf-einsatz-anlaesslich-der-morgigen-demonstrationen-vor\/#breadcrumb","itemListElement":[{"@type":"ListItem","position":1,"name":"Startseite","item":"https:\/\/radioleinewelle.de\/"},{"@type":"ListItem","position":2,"name":"Polizei bereitet sich auf Einsatz anl\u00e4\u00dflich der morgigen Demonstrationen vor"}]},{"@type":"WebSite","@id":"https:\/\/radioleinewelle.de\/#website","url":"https:\/\/radioleinewelle.de\/","name":"Radio Leinewelle","description":"","publisher":{"@id":"https:\/\/radioleinewelle.de\/#organization"},"potentialAction":[{"@type":"SearchAction","target":{"@type":"EntryPoint","urlTemplate":"https:\/\/radioleinewelle.de\/?s={search_term_string}"},"query-input":{"@type":"PropertyValueSpecification","valueRequired":true,"valueName":"search_term_string"}}],"inLanguage":"de"},{"@type":"Organization","@id":"https:\/\/radioleinewelle.de\/#organization","name":"Radio Leinewelle","alternateName":"Mein Radio f\u00fcr S\u00fcdniedersachsen","url":"https:\/\/radioleinewelle.de\/","logo":{"@type":"ImageObject","inLanguage":"de","@id":"https:\/\/radioleinewelle.de\/#\/schema\/logo\/image\/","url":"https:\/\/radioleinewelle.de\/wp-content\/uploads\/2023\/11\/cropped-Leinewelle_Logo_weiss.png","contentUrl":"https:\/\/radioleinewelle.de\/wp-content\/uploads\/2023\/11\/cropped-Leinewelle_Logo_weiss.png","width":854,"height":260,"caption":"Radio Leinewelle"},"image":{"@id":"https:\/\/radioleinewelle.de\/#\/schema\/logo\/image\/"},"sameAs":["https:\/\/www.facebook.com\/radioleinewelle","https:\/\/x.com\/RLeinewelle","https:\/\/www.instagram.com\/radioleinewelle\/?hl=de"]},{"@type":"Person","@id":"https:\/\/radioleinewelle.de\/#\/schema\/person\/45606f348637df637192dc1b68399a63","name":"Leinewelle","image":{"@type":"ImageObject","inLanguage":"de","@id":"https:\/\/secure.gravatar.com\/avatar\/05c9a17bc973052ee5d91549bd32fb4dd0dc85b7b85ae94b2e2b4943476bbea5?s=96&d=blank&r=g","url":"https:\/\/secure.gravatar.com\/avatar\/05c9a17bc973052ee5d91549bd32fb4dd0dc85b7b85ae94b2e2b4943476bbea5?s=96&d=blank&r=g","contentUrl":"https:\/\/secure.gravatar.com\/avatar\/05c9a17bc973052ee5d91549bd32fb4dd0dc85b7b85ae94b2e2b4943476bbea5?s=96&d=blank&r=g","caption":"Leinewelle"},"sameAs":["http:\/\/localhost\/radio%20leinewelle\/wordpress","https:\/\/www.facebook.com\/radioleinewelle","https:\/\/www.instagram.com\/radioleinewelle","https:\/\/x.com\/https:\/\/twitter.com\/RLeinewelle?ref_src=twsrcgoogletwcampserptwgrauthor","https:\/\/soundcloud.com\/foerderverein-lokalradio?utm_source=clipboard&utm_medium=text&utm_campaign=social_sharing"],"url":"https:\/\/radioleinewelle.de\/index.php\/author\/leinewelle\/"}]}},"_links":{"self":[{"href":"https:\/\/radioleinewelle.de\/index.php\/wp-json\/wp\/v2\/posts\/27379","targetHints":{"allow":["GET"]}}],"collection":[{"href":"https:\/\/radioleinewelle.de\/index.php\/wp-json\/wp\/v2\/posts"}],"about":[{"href":"https:\/\/radioleinewelle.de\/index.php\/wp-json\/wp\/v2\/types\/post"}],"author":[{"embeddable":true,"href":"https:\/\/radioleinewelle.de\/index.php\/wp-json\/wp\/v2\/users\/1"}],"replies":[{"embeddable":true,"href":"https:\/\/radioleinewelle.de\/index.php\/wp-json\/wp\/v2\/comments?post=27379"}],"version-history":[{"count":3,"href":"https:\/\/radioleinewelle.de\/index.php\/wp-json\/wp\/v2\/posts\/27379\/revisions"}],"predecessor-version":[{"id":27383,"href":"https:\/\/radioleinewelle.de\/index.php\/wp-json\/wp\/v2\/posts\/27379\/revisions\/27383"}],"wp:featuredmedia":[{"embeddable":true,"href":"https:\/\/radioleinewelle.de\/index.php\/wp-json\/wp\/v2\/media\/27380"}],"wp:attachment":[{"href":"https:\/\/radioleinewelle.de\/index.php\/wp-json\/wp\/v2\/media?parent=27379"}],"wp:term":[{"taxonomy":"category","embeddable":true,"href":"https:\/\/radioleinewelle.de\/index.php\/wp-json\/wp\/v2\/categories?post=27379"},{"taxonomy":"post_tag","embeddable":true,"href":"https:\/\/radioleinewelle.de\/index.php\/wp-json\/wp\/v2\/tags?post=27379"}],"curies":[{"name":"wp","href":"https:\/\/api.w.org\/{rel}","templated":true}]}}