{"id":27403,"date":"2025-02-03T07:49:46","date_gmt":"2025-02-03T06:49:46","guid":{"rendered":"https:\/\/radioleinewelle.de\/?p=27403"},"modified":"2025-02-03T07:49:47","modified_gmt":"2025-02-03T06:49:47","slug":"erfahrungen-im-pop-up-store-uppercase-design-im-mira","status":"publish","type":"post","link":"https:\/\/radioleinewelle.de\/index.php\/2025\/02\/03\/erfahrungen-im-pop-up-store-uppercase-design-im-mira\/","title":{"rendered":"Erfahrungen im Pop Up Store &#8211; UPPERCASE design im mira!"},"content":{"rendered":"\n<p>Seit dem Sp\u00e4tsommer letzten Jahres bot der Mitmachraum &#8222;mira!&#8220; in der Weender Str. 56 Platz f\u00fcr wechselnde Aktivit\u00e4ten. Veranstaltungen, Workshops, Ausstellungen von Kreativen und Designern. \u00dcber seine Erfahrungen in einem befristeteten Shop sprachen wir mit Ingo Dansberg von UPPERCASE design. Er macht ein sogenanntes Upcyclingu.a. aus Turnmatten und Turnger\u00e4ten. Hier unser Interview:<\/p>\n\n\n\n<figure class=\"wp-block-audio\"><audio controls src=\"https:\/\/radioleinewelle.de\/wp-content\/uploads\/2025\/02\/Ingo-Dansberg-Projekt-Mira.mp3\"><\/audio><\/figure>\n\n\n\n<p>Mehr findet sich hier: <a href=\"http:\/\/www.2-use.de\">www.2-use.de<\/a><\/p>\n\n\n\n<p><strong>Foto:<\/strong>  Ingo Dansberg \u00a9Radio Leinewelle (ue)<\/p>\n\n\n\n<p><\/p>\n","protected":false},"excerpt":{"rendered":"<p>Seit dem Sp\u00e4tsommer letzten Jahres bot der Mitmachraum &#8222;mira!&#8220; in der Weender Str. 56 Platz f\u00fcr wechselnde Aktivit\u00e4ten. Veranstaltungen, Workshops, Ausstellungen von Kreativen und Designern. \u00dcber seine Erfahrungen in einem befristeteten Shop sprachen wir mit Ingo Dansberg von UPPERCASE design. Er macht ein sogenanntes Upcyclingu.a. aus Turnmatten und Turnger\u00e4ten. Hier unser Interview: Mehr findet sich [&hellip;]<\/p>\n","protected":false},"author":1,"featured_media":27405,"comment_status":"open","ping_status":"open","sticky":false,"template":"","format":"standard","meta":{"saved_in_kubio":false,"footnotes":""},"categories":[4264,45,38],"tags":[],"class_list":["post-27403","post","type-post","status-publish","format-standard","has-post-thumbnail","hentry","category-kreativwirtschaft","category-kultur","category-wirtschaft"],"yoast_head":"<!-- This site is optimized with the Yoast SEO plugin v27.5 - https:\/\/yoast.com\/product\/yoast-seo-wordpress\/ -->\n<title>Erfahrungen im Pop Up Store - UPPERCASE design im mira! - Radio Leinewelle<\/title>\n<meta name=\"robots\" content=\"index, follow, max-snippet:-1, max-image-preview:large, max-video-preview:-1\" \/>\n<link rel=\"canonical\" href=\"https:\/\/radioleinewelle.de\/index.php\/2025\/02\/03\/erfahrungen-im-pop-up-store-uppercase-design-im-mira\/\" \/>\n<meta property=\"og:locale\" content=\"de_DE\" \/>\n<meta property=\"og:type\" content=\"article\" \/>\n<meta property=\"og:title\" content=\"Erfahrungen im Pop Up Store - UPPERCASE design im mira! - Radio Leinewelle\" \/>\n<meta property=\"og:description\" content=\"Seit dem Sp\u00e4tsommer letzten Jahres bot der Mitmachraum &#8222;mira!&#8220; in der Weender Str. 56 Platz f\u00fcr wechselnde Aktivit\u00e4ten. Veranstaltungen, Workshops, Ausstellungen von Kreativen und Designern. \u00dcber seine Erfahrungen in einem befristeteten Shop sprachen wir mit Ingo Dansberg von UPPERCASE design. Er macht ein sogenanntes Upcyclingu.a. aus Turnmatten und Turnger\u00e4ten. Hier unser Interview: Mehr findet sich [&hellip;]\" \/>\n<meta property=\"og:url\" content=\"https:\/\/radioleinewelle.de\/index.php\/2025\/02\/03\/erfahrungen-im-pop-up-store-uppercase-design-im-mira\/\" \/>\n<meta property=\"og:site_name\" content=\"Radio Leinewelle\" \/>\n<meta property=\"article:publisher\" content=\"https:\/\/www.facebook.com\/radioleinewelle\" \/>\n<meta property=\"article:author\" content=\"https:\/\/www.facebook.com\/radioleinewelle\" \/>\n<meta property=\"article:published_time\" content=\"2025-02-03T06:49:46+00:00\" \/>\n<meta property=\"article:modified_time\" content=\"2025-02-03T06:49:47+00:00\" \/>\n<meta property=\"og:image\" content=\"https:\/\/radioleinewelle.de\/wp-content\/uploads\/2025\/02\/Ingo-Dansberg-e1738564238985.jpg\" \/>\n\t<meta property=\"og:image:width\" content=\"1000\" \/>\n\t<meta property=\"og:image:height\" content=\"750\" \/>\n\t<meta property=\"og:image:type\" content=\"image\/jpeg\" \/>\n<meta name=\"author\" content=\"Leinewelle\" \/>\n<meta name=\"twitter:card\" content=\"summary_large_image\" \/>\n<meta name=\"twitter:creator\" content=\"@https:\/\/twitter.com\/RLeinewelle?ref_src=twsrcgoogletwcampserptwgrauthor\" \/>\n<meta name=\"twitter:site\" content=\"@RLeinewelle\" \/>\n<meta name=\"twitter:label1\" content=\"Verfasst von\" \/>\n\t<meta name=\"twitter:data1\" content=\"Leinewelle\" \/>\n\t<meta name=\"twitter:label2\" content=\"Gesch\u00e4tzte Lesezeit\" \/>\n\t<meta name=\"twitter:data2\" content=\"1\u00a0Minute\" \/>\n<script type=\"application\/ld+json\" class=\"yoast-schema-graph\">{\"@context\":\"https:\\\/\\\/schema.org\",\"@graph\":[{\"@type\":\"Article\",\"@id\":\"https:\\\/\\\/radioleinewelle.de\\\/index.php\\\/2025\\\/02\\\/03\\\/erfahrungen-im-pop-up-store-uppercase-design-im-mira\\\/#article\",\"isPartOf\":{\"@id\":\"https:\\\/\\\/radioleinewelle.de\\\/index.php\\\/2025\\\/02\\\/03\\\/erfahrungen-im-pop-up-store-uppercase-design-im-mira\\\/\"},\"author\":{\"name\":\"Leinewelle\",\"@id\":\"https:\\\/\\\/radioleinewelle.de\\\/#\\\/schema\\\/person\\\/45606f348637df637192dc1b68399a63\"},\"headline\":\"Erfahrungen im Pop Up Store &#8211; UPPERCASE design im mira!\",\"datePublished\":\"2025-02-03T06:49:46+00:00\",\"dateModified\":\"2025-02-03T06:49:47+00:00\",\"mainEntityOfPage\":{\"@id\":\"https:\\\/\\\/radioleinewelle.de\\\/index.php\\\/2025\\\/02\\\/03\\\/erfahrungen-im-pop-up-store-uppercase-design-im-mira\\\/\"},\"wordCount\":79,\"commentCount\":0,\"publisher\":{\"@id\":\"https:\\\/\\\/radioleinewelle.de\\\/#organization\"},\"image\":{\"@id\":\"https:\\\/\\\/radioleinewelle.de\\\/index.php\\\/2025\\\/02\\\/03\\\/erfahrungen-im-pop-up-store-uppercase-design-im-mira\\\/#primaryimage\"},\"thumbnailUrl\":\"https:\\\/\\\/radioleinewelle.de\\\/wp-content\\\/uploads\\\/2025\\\/02\\\/Ingo-Dansberg-e1738564238985.jpg\",\"articleSection\":[\"Kreativwirtschaft\",\"Kultur\",\"Wirtschaft\"],\"inLanguage\":\"de\",\"potentialAction\":[{\"@type\":\"CommentAction\",\"name\":\"Comment\",\"target\":[\"https:\\\/\\\/radioleinewelle.de\\\/index.php\\\/2025\\\/02\\\/03\\\/erfahrungen-im-pop-up-store-uppercase-design-im-mira\\\/#respond\"]}]},{\"@type\":\"WebPage\",\"@id\":\"https:\\\/\\\/radioleinewelle.de\\\/index.php\\\/2025\\\/02\\\/03\\\/erfahrungen-im-pop-up-store-uppercase-design-im-mira\\\/\",\"url\":\"https:\\\/\\\/radioleinewelle.de\\\/index.php\\\/2025\\\/02\\\/03\\\/erfahrungen-im-pop-up-store-uppercase-design-im-mira\\\/\",\"name\":\"Erfahrungen im Pop Up Store - UPPERCASE design im mira! - Radio Leinewelle\",\"isPartOf\":{\"@id\":\"https:\\\/\\\/radioleinewelle.de\\\/#website\"},\"primaryImageOfPage\":{\"@id\":\"https:\\\/\\\/radioleinewelle.de\\\/index.php\\\/2025\\\/02\\\/03\\\/erfahrungen-im-pop-up-store-uppercase-design-im-mira\\\/#primaryimage\"},\"image\":{\"@id\":\"https:\\\/\\\/radioleinewelle.de\\\/index.php\\\/2025\\\/02\\\/03\\\/erfahrungen-im-pop-up-store-uppercase-design-im-mira\\\/#primaryimage\"},\"thumbnailUrl\":\"https:\\\/\\\/radioleinewelle.de\\\/wp-content\\\/uploads\\\/2025\\\/02\\\/Ingo-Dansberg-e1738564238985.jpg\",\"datePublished\":\"2025-02-03T06:49:46+00:00\",\"dateModified\":\"2025-02-03T06:49:47+00:00\",\"breadcrumb\":{\"@id\":\"https:\\\/\\\/radioleinewelle.de\\\/index.php\\\/2025\\\/02\\\/03\\\/erfahrungen-im-pop-up-store-uppercase-design-im-mira\\\/#breadcrumb\"},\"inLanguage\":\"de\",\"potentialAction\":[{\"@type\":\"ReadAction\",\"target\":[\"https:\\\/\\\/radioleinewelle.de\\\/index.php\\\/2025\\\/02\\\/03\\\/erfahrungen-im-pop-up-store-uppercase-design-im-mira\\\/\"]}]},{\"@type\":\"ImageObject\",\"inLanguage\":\"de\",\"@id\":\"https:\\\/\\\/radioleinewelle.de\\\/index.php\\\/2025\\\/02\\\/03\\\/erfahrungen-im-pop-up-store-uppercase-design-im-mira\\\/#primaryimage\",\"url\":\"https:\\\/\\\/radioleinewelle.de\\\/wp-content\\\/uploads\\\/2025\\\/02\\\/Ingo-Dansberg-e1738564238985.jpg\",\"contentUrl\":\"https:\\\/\\\/radioleinewelle.de\\\/wp-content\\\/uploads\\\/2025\\\/02\\\/Ingo-Dansberg-e1738564238985.jpg\",\"width\":1000,\"height\":750},{\"@type\":\"BreadcrumbList\",\"@id\":\"https:\\\/\\\/radioleinewelle.de\\\/index.php\\\/2025\\\/02\\\/03\\\/erfahrungen-im-pop-up-store-uppercase-design-im-mira\\\/#breadcrumb\",\"itemListElement\":[{\"@type\":\"ListItem\",\"position\":1,\"name\":\"Startseite\",\"item\":\"https:\\\/\\\/radioleinewelle.de\\\/\"},{\"@type\":\"ListItem\",\"position\":2,\"name\":\"Erfahrungen im Pop Up Store &#8211; UPPERCASE design im mira!\"}]},{\"@type\":\"WebSite\",\"@id\":\"https:\\\/\\\/radioleinewelle.de\\\/#website\",\"url\":\"https:\\\/\\\/radioleinewelle.de\\\/\",\"name\":\"Radio Leinewelle\",\"description\":\"\",\"publisher\":{\"@id\":\"https:\\\/\\\/radioleinewelle.de\\\/#organization\"},\"potentialAction\":[{\"@type\":\"SearchAction\",\"target\":{\"@type\":\"EntryPoint\",\"urlTemplate\":\"https:\\\/\\\/radioleinewelle.de\\\/?s={search_term_string}\"},\"query-input\":{\"@type\":\"PropertyValueSpecification\",\"valueRequired\":true,\"valueName\":\"search_term_string\"}}],\"inLanguage\":\"de\"},{\"@type\":\"Organization\",\"@id\":\"https:\\\/\\\/radioleinewelle.de\\\/#organization\",\"name\":\"Radio Leinewelle\",\"alternateName\":\"Mein Radio f\u00fcr S\u00fcdniedersachsen\",\"url\":\"https:\\\/\\\/radioleinewelle.de\\\/\",\"logo\":{\"@type\":\"ImageObject\",\"inLanguage\":\"de\",\"@id\":\"https:\\\/\\\/radioleinewelle.de\\\/#\\\/schema\\\/logo\\\/image\\\/\",\"url\":\"https:\\\/\\\/radioleinewelle.de\\\/wp-content\\\/uploads\\\/2023\\\/11\\\/cropped-Leinewelle_Logo_weiss.png\",\"contentUrl\":\"https:\\\/\\\/radioleinewelle.de\\\/wp-content\\\/uploads\\\/2023\\\/11\\\/cropped-Leinewelle_Logo_weiss.png\",\"width\":854,\"height\":260,\"caption\":\"Radio Leinewelle\"},\"image\":{\"@id\":\"https:\\\/\\\/radioleinewelle.de\\\/#\\\/schema\\\/logo\\\/image\\\/\"},\"sameAs\":[\"https:\\\/\\\/www.facebook.com\\\/radioleinewelle\",\"https:\\\/\\\/x.com\\\/RLeinewelle\",\"https:\\\/\\\/www.instagram.com\\\/radioleinewelle\\\/?hl=de\"]},{\"@type\":\"Person\",\"@id\":\"https:\\\/\\\/radioleinewelle.de\\\/#\\\/schema\\\/person\\\/45606f348637df637192dc1b68399a63\",\"name\":\"Leinewelle\",\"image\":{\"@type\":\"ImageObject\",\"inLanguage\":\"de\",\"@id\":\"https:\\\/\\\/secure.gravatar.com\\\/avatar\\\/05c9a17bc973052ee5d91549bd32fb4dd0dc85b7b85ae94b2e2b4943476bbea5?s=96&d=blank&r=g\",\"url\":\"https:\\\/\\\/secure.gravatar.com\\\/avatar\\\/05c9a17bc973052ee5d91549bd32fb4dd0dc85b7b85ae94b2e2b4943476bbea5?s=96&d=blank&r=g\",\"contentUrl\":\"https:\\\/\\\/secure.gravatar.com\\\/avatar\\\/05c9a17bc973052ee5d91549bd32fb4dd0dc85b7b85ae94b2e2b4943476bbea5?s=96&d=blank&r=g\",\"caption\":\"Leinewelle\"},\"sameAs\":[\"http:\\\/\\\/localhost\\\/radio%20leinewelle\\\/wordpress\",\"https:\\\/\\\/www.facebook.com\\\/radioleinewelle\",\"https:\\\/\\\/www.instagram.com\\\/radioleinewelle\",\"https:\\\/\\\/x.com\\\/https:\\\/\\\/twitter.com\\\/RLeinewelle?ref_src=twsrcgoogletwcampserptwgrauthor\",\"https:\\\/\\\/soundcloud.com\\\/foerderverein-lokalradio?utm_source=clipboard&utm_medium=text&utm_campaign=social_sharing\"],\"url\":\"https:\\\/\\\/radioleinewelle.de\\\/index.php\\\/author\\\/leinewelle\\\/\"}]}<\/script>\n<!-- \/ Yoast SEO plugin. -->","yoast_head_json":{"title":"Erfahrungen im Pop Up Store - UPPERCASE design im mira! - Radio Leinewelle","robots":{"index":"index","follow":"follow","max-snippet":"max-snippet:-1","max-image-preview":"max-image-preview:large","max-video-preview":"max-video-preview:-1"},"canonical":"https:\/\/radioleinewelle.de\/index.php\/2025\/02\/03\/erfahrungen-im-pop-up-store-uppercase-design-im-mira\/","og_locale":"de_DE","og_type":"article","og_title":"Erfahrungen im Pop Up Store - UPPERCASE design im mira! - Radio Leinewelle","og_description":"Seit dem Sp\u00e4tsommer letzten Jahres bot der Mitmachraum &#8222;mira!&#8220; in der Weender Str. 56 Platz f\u00fcr wechselnde Aktivit\u00e4ten. Veranstaltungen, Workshops, Ausstellungen von Kreativen und Designern. \u00dcber seine Erfahrungen in einem befristeteten Shop sprachen wir mit Ingo Dansberg von UPPERCASE design. Er macht ein sogenanntes Upcyclingu.a. aus Turnmatten und Turnger\u00e4ten. Hier unser Interview: Mehr findet sich [&hellip;]","og_url":"https:\/\/radioleinewelle.de\/index.php\/2025\/02\/03\/erfahrungen-im-pop-up-store-uppercase-design-im-mira\/","og_site_name":"Radio Leinewelle","article_publisher":"https:\/\/www.facebook.com\/radioleinewelle","article_author":"https:\/\/www.facebook.com\/radioleinewelle","article_published_time":"2025-02-03T06:49:46+00:00","article_modified_time":"2025-02-03T06:49:47+00:00","og_image":[{"width":1000,"height":750,"url":"https:\/\/radioleinewelle.de\/wp-content\/uploads\/2025\/02\/Ingo-Dansberg-e1738564238985.jpg","type":"image\/jpeg"}],"author":"Leinewelle","twitter_card":"summary_large_image","twitter_creator":"@https:\/\/twitter.com\/RLeinewelle?ref_src=twsrcgoogletwcampserptwgrauthor","twitter_site":"@RLeinewelle","twitter_misc":{"Verfasst von":"Leinewelle","Gesch\u00e4tzte Lesezeit":"1\u00a0Minute"},"schema":{"@context":"https:\/\/schema.org","@graph":[{"@type":"Article","@id":"https:\/\/radioleinewelle.de\/index.php\/2025\/02\/03\/erfahrungen-im-pop-up-store-uppercase-design-im-mira\/#article","isPartOf":{"@id":"https:\/\/radioleinewelle.de\/index.php\/2025\/02\/03\/erfahrungen-im-pop-up-store-uppercase-design-im-mira\/"},"author":{"name":"Leinewelle","@id":"https:\/\/radioleinewelle.de\/#\/schema\/person\/45606f348637df637192dc1b68399a63"},"headline":"Erfahrungen im Pop Up Store &#8211; UPPERCASE design im mira!","datePublished":"2025-02-03T06:49:46+00:00","dateModified":"2025-02-03T06:49:47+00:00","mainEntityOfPage":{"@id":"https:\/\/radioleinewelle.de\/index.php\/2025\/02\/03\/erfahrungen-im-pop-up-store-uppercase-design-im-mira\/"},"wordCount":79,"commentCount":0,"publisher":{"@id":"https:\/\/radioleinewelle.de\/#organization"},"image":{"@id":"https:\/\/radioleinewelle.de\/index.php\/2025\/02\/03\/erfahrungen-im-pop-up-store-uppercase-design-im-mira\/#primaryimage"},"thumbnailUrl":"https:\/\/radioleinewelle.de\/wp-content\/uploads\/2025\/02\/Ingo-Dansberg-e1738564238985.jpg","articleSection":["Kreativwirtschaft","Kultur","Wirtschaft"],"inLanguage":"de","potentialAction":[{"@type":"CommentAction","name":"Comment","target":["https:\/\/radioleinewelle.de\/index.php\/2025\/02\/03\/erfahrungen-im-pop-up-store-uppercase-design-im-mira\/#respond"]}]},{"@type":"WebPage","@id":"https:\/\/radioleinewelle.de\/index.php\/2025\/02\/03\/erfahrungen-im-pop-up-store-uppercase-design-im-mira\/","url":"https:\/\/radioleinewelle.de\/index.php\/2025\/02\/03\/erfahrungen-im-pop-up-store-uppercase-design-im-mira\/","name":"Erfahrungen im Pop Up Store - UPPERCASE design im mira! - Radio Leinewelle","isPartOf":{"@id":"https:\/\/radioleinewelle.de\/#website"},"primaryImageOfPage":{"@id":"https:\/\/radioleinewelle.de\/index.php\/2025\/02\/03\/erfahrungen-im-pop-up-store-uppercase-design-im-mira\/#primaryimage"},"image":{"@id":"https:\/\/radioleinewelle.de\/index.php\/2025\/02\/03\/erfahrungen-im-pop-up-store-uppercase-design-im-mira\/#primaryimage"},"thumbnailUrl":"https:\/\/radioleinewelle.de\/wp-content\/uploads\/2025\/02\/Ingo-Dansberg-e1738564238985.jpg","datePublished":"2025-02-03T06:49:46+00:00","dateModified":"2025-02-03T06:49:47+00:00","breadcrumb":{"@id":"https:\/\/radioleinewelle.de\/index.php\/2025\/02\/03\/erfahrungen-im-pop-up-store-uppercase-design-im-mira\/#breadcrumb"},"inLanguage":"de","potentialAction":[{"@type":"ReadAction","target":["https:\/\/radioleinewelle.de\/index.php\/2025\/02\/03\/erfahrungen-im-pop-up-store-uppercase-design-im-mira\/"]}]},{"@type":"ImageObject","inLanguage":"de","@id":"https:\/\/radioleinewelle.de\/index.php\/2025\/02\/03\/erfahrungen-im-pop-up-store-uppercase-design-im-mira\/#primaryimage","url":"https:\/\/radioleinewelle.de\/wp-content\/uploads\/2025\/02\/Ingo-Dansberg-e1738564238985.jpg","contentUrl":"https:\/\/radioleinewelle.de\/wp-content\/uploads\/2025\/02\/Ingo-Dansberg-e1738564238985.jpg","width":1000,"height":750},{"@type":"BreadcrumbList","@id":"https:\/\/radioleinewelle.de\/index.php\/2025\/02\/03\/erfahrungen-im-pop-up-store-uppercase-design-im-mira\/#breadcrumb","itemListElement":[{"@type":"ListItem","position":1,"name":"Startseite","item":"https:\/\/radioleinewelle.de\/"},{"@type":"ListItem","position":2,"name":"Erfahrungen im Pop Up Store &#8211; UPPERCASE design im mira!"}]},{"@type":"WebSite","@id":"https:\/\/radioleinewelle.de\/#website","url":"https:\/\/radioleinewelle.de\/","name":"Radio Leinewelle","description":"","publisher":{"@id":"https:\/\/radioleinewelle.de\/#organization"},"potentialAction":[{"@type":"SearchAction","target":{"@type":"EntryPoint","urlTemplate":"https:\/\/radioleinewelle.de\/?s={search_term_string}"},"query-input":{"@type":"PropertyValueSpecification","valueRequired":true,"valueName":"search_term_string"}}],"inLanguage":"de"},{"@type":"Organization","@id":"https:\/\/radioleinewelle.de\/#organization","name":"Radio Leinewelle","alternateName":"Mein Radio f\u00fcr S\u00fcdniedersachsen","url":"https:\/\/radioleinewelle.de\/","logo":{"@type":"ImageObject","inLanguage":"de","@id":"https:\/\/radioleinewelle.de\/#\/schema\/logo\/image\/","url":"https:\/\/radioleinewelle.de\/wp-content\/uploads\/2023\/11\/cropped-Leinewelle_Logo_weiss.png","contentUrl":"https:\/\/radioleinewelle.de\/wp-content\/uploads\/2023\/11\/cropped-Leinewelle_Logo_weiss.png","width":854,"height":260,"caption":"Radio Leinewelle"},"image":{"@id":"https:\/\/radioleinewelle.de\/#\/schema\/logo\/image\/"},"sameAs":["https:\/\/www.facebook.com\/radioleinewelle","https:\/\/x.com\/RLeinewelle","https:\/\/www.instagram.com\/radioleinewelle\/?hl=de"]},{"@type":"Person","@id":"https:\/\/radioleinewelle.de\/#\/schema\/person\/45606f348637df637192dc1b68399a63","name":"Leinewelle","image":{"@type":"ImageObject","inLanguage":"de","@id":"https:\/\/secure.gravatar.com\/avatar\/05c9a17bc973052ee5d91549bd32fb4dd0dc85b7b85ae94b2e2b4943476bbea5?s=96&d=blank&r=g","url":"https:\/\/secure.gravatar.com\/avatar\/05c9a17bc973052ee5d91549bd32fb4dd0dc85b7b85ae94b2e2b4943476bbea5?s=96&d=blank&r=g","contentUrl":"https:\/\/secure.gravatar.com\/avatar\/05c9a17bc973052ee5d91549bd32fb4dd0dc85b7b85ae94b2e2b4943476bbea5?s=96&d=blank&r=g","caption":"Leinewelle"},"sameAs":["http:\/\/localhost\/radio%20leinewelle\/wordpress","https:\/\/www.facebook.com\/radioleinewelle","https:\/\/www.instagram.com\/radioleinewelle","https:\/\/x.com\/https:\/\/twitter.com\/RLeinewelle?ref_src=twsrcgoogletwcampserptwgrauthor","https:\/\/soundcloud.com\/foerderverein-lokalradio?utm_source=clipboard&utm_medium=text&utm_campaign=social_sharing"],"url":"https:\/\/radioleinewelle.de\/index.php\/author\/leinewelle\/"}]}},"_links":{"self":[{"href":"https:\/\/radioleinewelle.de\/index.php\/wp-json\/wp\/v2\/posts\/27403","targetHints":{"allow":["GET"]}}],"collection":[{"href":"https:\/\/radioleinewelle.de\/index.php\/wp-json\/wp\/v2\/posts"}],"about":[{"href":"https:\/\/radioleinewelle.de\/index.php\/wp-json\/wp\/v2\/types\/post"}],"author":[{"embeddable":true,"href":"https:\/\/radioleinewelle.de\/index.php\/wp-json\/wp\/v2\/users\/1"}],"replies":[{"embeddable":true,"href":"https:\/\/radioleinewelle.de\/index.php\/wp-json\/wp\/v2\/comments?post=27403"}],"version-history":[{"count":2,"href":"https:\/\/radioleinewelle.de\/index.php\/wp-json\/wp\/v2\/posts\/27403\/revisions"}],"predecessor-version":[{"id":27407,"href":"https:\/\/radioleinewelle.de\/index.php\/wp-json\/wp\/v2\/posts\/27403\/revisions\/27407"}],"wp:featuredmedia":[{"embeddable":true,"href":"https:\/\/radioleinewelle.de\/index.php\/wp-json\/wp\/v2\/media\/27405"}],"wp:attachment":[{"href":"https:\/\/radioleinewelle.de\/index.php\/wp-json\/wp\/v2\/media?parent=27403"}],"wp:term":[{"taxonomy":"category","embeddable":true,"href":"https:\/\/radioleinewelle.de\/index.php\/wp-json\/wp\/v2\/categories?post=27403"},{"taxonomy":"post_tag","embeddable":true,"href":"https:\/\/radioleinewelle.de\/index.php\/wp-json\/wp\/v2\/tags?post=27403"}],"curies":[{"name":"wp","href":"https:\/\/api.w.org\/{rel}","templated":true}]}}