{"id":27462,"date":"2025-02-10T10:17:52","date_gmt":"2025-02-10T09:17:52","guid":{"rendered":"https:\/\/radioleinewelle.de\/?p=27462"},"modified":"2025-02-10T10:17:52","modified_gmt":"2025-02-10T09:17:52","slug":"mitmachraum-mira-ein-neues-konzept-fuer-die-goettinger-innenstadt","status":"publish","type":"post","link":"https:\/\/radioleinewelle.de\/index.php\/2025\/02\/10\/mitmachraum-mira-ein-neues-konzept-fuer-die-goettinger-innenstadt\/","title":{"rendered":"Mitmachraum &#8222;mira!&#8220; &#8211; ein neues Konzept f\u00fcr die G\u00f6ttinger Innenstadt?"},"content":{"rendered":"\n<p>Der Mitmachraum &#8222;mira!&#8220; am Nabel zeigte seit Wochen unterschiedliche Protagonisten und Initiativen aus den Bereichen Kultur- und Kreativwirtschaft, sowie dem Entwicklungspolitischen Informationszentrum (EPIZ). Nun ist das Projekt ausgelaufen. Welche Erfahrungen die Nutzer*innen mit dieser Art von tempor\u00e4rem Pop Up Store gemacht haben, dar\u00fcber haben wir mit dem Webdesigner Roland Laich,  der Webdesignerin und  Fotografin Katrin Raabe und dem Fotografen und Filmemacher Thomas Klawunn gesprochen.<\/p>\n\n\n\n<figure class=\"wp-block-audio\"><audio controls src=\"https:\/\/radioleinewelle.de\/wp-content\/uploads\/2025\/02\/Foto-meets-Webdesign-im-Mira.mp3\"><\/audio><\/figure>\n\n\n\n<p><strong>Mehr unter:<\/strong> <br> &#8211; <strong><a href=\"http:\/\/laich.info\">laich.info<\/a><\/strong><br>&#8211; <strong><a href=\"http:\/\/katrin-raabe.de\">katrin-raabe.de<\/a><\/strong><br>&#8211; <strong><a href=\"http:\/\/klawunn.de\">klawunn.de<\/a><\/strong><\/p>\n\n\n\n<p><strong>\u201eDas war mira!\u201c\u00a0<\/strong><br>Unter diesem Titel gibt es eine Ausstellung zu den Aktivit\u00e4ten im Mitmachraum f\u00fcr nachhaltigen Konsum, globale Gerechtigkeit, Demokratie und Engagement. Und zwar im KAZ, B\u00fcrgerstra\u00dfe 15. Sie ist zu sehen bis zum 25.2., Montag bis Freitag von 10 bis 18 Uhr. Eintritt frei.<\/p>\n\n\n\n<p><strong>Foto:<\/strong> Roland Laich, Thomas Klawunn, Katrin Raabe, Ulf Engelmayer \u00a9Radio Leinewelle (je)<\/p>\n","protected":false},"excerpt":{"rendered":"<p>Der Mitmachraum &#8222;mira!&#8220; am Nabel zeigte seit Wochen unterschiedliche Protagonisten und Initiativen aus den Bereichen Kultur- und Kreativwirtschaft, sowie dem Entwicklungspolitischen Informationszentrum (EPIZ). Nun ist das Projekt ausgelaufen. Welche Erfahrungen die Nutzer*innen mit dieser Art von tempor\u00e4rem Pop Up Store gemacht haben, dar\u00fcber haben wir mit dem Webdesigner Roland Laich, der Webdesignerin und Fotografin Katrin [&hellip;]<\/p>\n","protected":false},"author":1,"featured_media":27464,"comment_status":"open","ping_status":"open","sticky":false,"template":"","format":"standard","meta":{"saved_in_kubio":false,"footnotes":""},"categories":[3990,2385,4264,45],"tags":[4269],"class_list":["post-27462","post","type-post","status-publish","format-standard","has-post-thumbnail","hentry","category-bildende-kuenstler-der-region","category-im-gespraech","category-kreativwirtschaft","category-kultur","tag-mitmachraum-mira"],"yoast_head":"<!-- This site is optimized with the Yoast SEO plugin v27.5 - https:\/\/yoast.com\/product\/yoast-seo-wordpress\/ -->\n<title>Mitmachraum &quot;mira!&quot; - ein neues Konzept f\u00fcr die G\u00f6ttinger Innenstadt? - Radio Leinewelle<\/title>\n<meta name=\"robots\" content=\"index, follow, max-snippet:-1, max-image-preview:large, max-video-preview:-1\" \/>\n<link rel=\"canonical\" href=\"https:\/\/radioleinewelle.de\/index.php\/2025\/02\/10\/mitmachraum-mira-ein-neues-konzept-fuer-die-goettinger-innenstadt\/\" \/>\n<meta property=\"og:locale\" content=\"de_DE\" \/>\n<meta property=\"og:type\" content=\"article\" \/>\n<meta property=\"og:title\" content=\"Mitmachraum &quot;mira!&quot; - ein neues Konzept f\u00fcr die G\u00f6ttinger Innenstadt? - Radio Leinewelle\" \/>\n<meta property=\"og:description\" content=\"Der Mitmachraum &#8222;mira!&#8220; am Nabel zeigte seit Wochen unterschiedliche Protagonisten und Initiativen aus den Bereichen Kultur- und Kreativwirtschaft, sowie dem Entwicklungspolitischen Informationszentrum (EPIZ). Nun ist das Projekt ausgelaufen. Welche Erfahrungen die Nutzer*innen mit dieser Art von tempor\u00e4rem Pop Up Store gemacht haben, dar\u00fcber haben wir mit dem Webdesigner Roland Laich, der Webdesignerin und Fotografin Katrin [&hellip;]\" \/>\n<meta property=\"og:url\" content=\"https:\/\/radioleinewelle.de\/index.php\/2025\/02\/10\/mitmachraum-mira-ein-neues-konzept-fuer-die-goettinger-innenstadt\/\" \/>\n<meta property=\"og:site_name\" content=\"Radio Leinewelle\" \/>\n<meta property=\"article:publisher\" content=\"https:\/\/www.facebook.com\/radioleinewelle\" \/>\n<meta property=\"article:author\" content=\"https:\/\/www.facebook.com\/radioleinewelle\" \/>\n<meta property=\"article:published_time\" content=\"2025-02-10T09:17:52+00:00\" \/>\n<meta property=\"og:image\" content=\"https:\/\/radioleinewelle.de\/wp-content\/uploads\/2025\/02\/Foto-meets-Webdesign.jpg\" \/>\n\t<meta property=\"og:image:width\" content=\"1600\" \/>\n\t<meta property=\"og:image:height\" content=\"1200\" \/>\n\t<meta property=\"og:image:type\" content=\"image\/jpeg\" \/>\n<meta name=\"author\" content=\"Leinewelle\" \/>\n<meta name=\"twitter:card\" content=\"summary_large_image\" \/>\n<meta name=\"twitter:creator\" content=\"@https:\/\/twitter.com\/RLeinewelle?ref_src=twsrcgoogletwcampserptwgrauthor\" \/>\n<meta name=\"twitter:site\" content=\"@RLeinewelle\" \/>\n<meta name=\"twitter:label1\" content=\"Verfasst von\" \/>\n\t<meta name=\"twitter:data1\" content=\"Leinewelle\" \/>\n\t<meta name=\"twitter:label2\" content=\"Gesch\u00e4tzte Lesezeit\" \/>\n\t<meta name=\"twitter:data2\" content=\"1\u00a0Minute\" \/>\n<script type=\"application\/ld+json\" class=\"yoast-schema-graph\">{\"@context\":\"https:\\\/\\\/schema.org\",\"@graph\":[{\"@type\":\"Article\",\"@id\":\"https:\\\/\\\/radioleinewelle.de\\\/index.php\\\/2025\\\/02\\\/10\\\/mitmachraum-mira-ein-neues-konzept-fuer-die-goettinger-innenstadt\\\/#article\",\"isPartOf\":{\"@id\":\"https:\\\/\\\/radioleinewelle.de\\\/index.php\\\/2025\\\/02\\\/10\\\/mitmachraum-mira-ein-neues-konzept-fuer-die-goettinger-innenstadt\\\/\"},\"author\":{\"name\":\"Leinewelle\",\"@id\":\"https:\\\/\\\/radioleinewelle.de\\\/#\\\/schema\\\/person\\\/45606f348637df637192dc1b68399a63\"},\"headline\":\"Mitmachraum &#8222;mira!&#8220; &#8211; ein neues Konzept f\u00fcr die G\u00f6ttinger Innenstadt?\",\"datePublished\":\"2025-02-10T09:17:52+00:00\",\"mainEntityOfPage\":{\"@id\":\"https:\\\/\\\/radioleinewelle.de\\\/index.php\\\/2025\\\/02\\\/10\\\/mitmachraum-mira-ein-neues-konzept-fuer-die-goettinger-innenstadt\\\/\"},\"wordCount\":148,\"commentCount\":0,\"publisher\":{\"@id\":\"https:\\\/\\\/radioleinewelle.de\\\/#organization\"},\"image\":{\"@id\":\"https:\\\/\\\/radioleinewelle.de\\\/index.php\\\/2025\\\/02\\\/10\\\/mitmachraum-mira-ein-neues-konzept-fuer-die-goettinger-innenstadt\\\/#primaryimage\"},\"thumbnailUrl\":\"https:\\\/\\\/radioleinewelle.de\\\/wp-content\\\/uploads\\\/2025\\\/02\\\/Foto-meets-Webdesign.jpg\",\"keywords\":[\"Mitmachraum mira!\"],\"articleSection\":[\"Bildende K\u00fcnstler der Region\",\"Im Gespr\u00e4ch\",\"Kreativwirtschaft\",\"Kultur\"],\"inLanguage\":\"de\",\"potentialAction\":[{\"@type\":\"CommentAction\",\"name\":\"Comment\",\"target\":[\"https:\\\/\\\/radioleinewelle.de\\\/index.php\\\/2025\\\/02\\\/10\\\/mitmachraum-mira-ein-neues-konzept-fuer-die-goettinger-innenstadt\\\/#respond\"]}]},{\"@type\":\"WebPage\",\"@id\":\"https:\\\/\\\/radioleinewelle.de\\\/index.php\\\/2025\\\/02\\\/10\\\/mitmachraum-mira-ein-neues-konzept-fuer-die-goettinger-innenstadt\\\/\",\"url\":\"https:\\\/\\\/radioleinewelle.de\\\/index.php\\\/2025\\\/02\\\/10\\\/mitmachraum-mira-ein-neues-konzept-fuer-die-goettinger-innenstadt\\\/\",\"name\":\"Mitmachraum \\\"mira!\\\" - ein neues Konzept f\u00fcr die G\u00f6ttinger Innenstadt? - Radio Leinewelle\",\"isPartOf\":{\"@id\":\"https:\\\/\\\/radioleinewelle.de\\\/#website\"},\"primaryImageOfPage\":{\"@id\":\"https:\\\/\\\/radioleinewelle.de\\\/index.php\\\/2025\\\/02\\\/10\\\/mitmachraum-mira-ein-neues-konzept-fuer-die-goettinger-innenstadt\\\/#primaryimage\"},\"image\":{\"@id\":\"https:\\\/\\\/radioleinewelle.de\\\/index.php\\\/2025\\\/02\\\/10\\\/mitmachraum-mira-ein-neues-konzept-fuer-die-goettinger-innenstadt\\\/#primaryimage\"},\"thumbnailUrl\":\"https:\\\/\\\/radioleinewelle.de\\\/wp-content\\\/uploads\\\/2025\\\/02\\\/Foto-meets-Webdesign.jpg\",\"datePublished\":\"2025-02-10T09:17:52+00:00\",\"breadcrumb\":{\"@id\":\"https:\\\/\\\/radioleinewelle.de\\\/index.php\\\/2025\\\/02\\\/10\\\/mitmachraum-mira-ein-neues-konzept-fuer-die-goettinger-innenstadt\\\/#breadcrumb\"},\"inLanguage\":\"de\",\"potentialAction\":[{\"@type\":\"ReadAction\",\"target\":[\"https:\\\/\\\/radioleinewelle.de\\\/index.php\\\/2025\\\/02\\\/10\\\/mitmachraum-mira-ein-neues-konzept-fuer-die-goettinger-innenstadt\\\/\"]}]},{\"@type\":\"ImageObject\",\"inLanguage\":\"de\",\"@id\":\"https:\\\/\\\/radioleinewelle.de\\\/index.php\\\/2025\\\/02\\\/10\\\/mitmachraum-mira-ein-neues-konzept-fuer-die-goettinger-innenstadt\\\/#primaryimage\",\"url\":\"https:\\\/\\\/radioleinewelle.de\\\/wp-content\\\/uploads\\\/2025\\\/02\\\/Foto-meets-Webdesign.jpg\",\"contentUrl\":\"https:\\\/\\\/radioleinewelle.de\\\/wp-content\\\/uploads\\\/2025\\\/02\\\/Foto-meets-Webdesign.jpg\",\"width\":1600,\"height\":1200},{\"@type\":\"BreadcrumbList\",\"@id\":\"https:\\\/\\\/radioleinewelle.de\\\/index.php\\\/2025\\\/02\\\/10\\\/mitmachraum-mira-ein-neues-konzept-fuer-die-goettinger-innenstadt\\\/#breadcrumb\",\"itemListElement\":[{\"@type\":\"ListItem\",\"position\":1,\"name\":\"Startseite\",\"item\":\"https:\\\/\\\/radioleinewelle.de\\\/\"},{\"@type\":\"ListItem\",\"position\":2,\"name\":\"Mitmachraum &#8222;mira!&#8220; &#8211; ein neues Konzept f\u00fcr die G\u00f6ttinger Innenstadt?\"}]},{\"@type\":\"WebSite\",\"@id\":\"https:\\\/\\\/radioleinewelle.de\\\/#website\",\"url\":\"https:\\\/\\\/radioleinewelle.de\\\/\",\"name\":\"Radio Leinewelle\",\"description\":\"\",\"publisher\":{\"@id\":\"https:\\\/\\\/radioleinewelle.de\\\/#organization\"},\"potentialAction\":[{\"@type\":\"SearchAction\",\"target\":{\"@type\":\"EntryPoint\",\"urlTemplate\":\"https:\\\/\\\/radioleinewelle.de\\\/?s={search_term_string}\"},\"query-input\":{\"@type\":\"PropertyValueSpecification\",\"valueRequired\":true,\"valueName\":\"search_term_string\"}}],\"inLanguage\":\"de\"},{\"@type\":\"Organization\",\"@id\":\"https:\\\/\\\/radioleinewelle.de\\\/#organization\",\"name\":\"Radio Leinewelle\",\"alternateName\":\"Mein Radio f\u00fcr S\u00fcdniedersachsen\",\"url\":\"https:\\\/\\\/radioleinewelle.de\\\/\",\"logo\":{\"@type\":\"ImageObject\",\"inLanguage\":\"de\",\"@id\":\"https:\\\/\\\/radioleinewelle.de\\\/#\\\/schema\\\/logo\\\/image\\\/\",\"url\":\"https:\\\/\\\/radioleinewelle.de\\\/wp-content\\\/uploads\\\/2023\\\/11\\\/cropped-Leinewelle_Logo_weiss.png\",\"contentUrl\":\"https:\\\/\\\/radioleinewelle.de\\\/wp-content\\\/uploads\\\/2023\\\/11\\\/cropped-Leinewelle_Logo_weiss.png\",\"width\":854,\"height\":260,\"caption\":\"Radio Leinewelle\"},\"image\":{\"@id\":\"https:\\\/\\\/radioleinewelle.de\\\/#\\\/schema\\\/logo\\\/image\\\/\"},\"sameAs\":[\"https:\\\/\\\/www.facebook.com\\\/radioleinewelle\",\"https:\\\/\\\/x.com\\\/RLeinewelle\",\"https:\\\/\\\/www.instagram.com\\\/radioleinewelle\\\/?hl=de\"]},{\"@type\":\"Person\",\"@id\":\"https:\\\/\\\/radioleinewelle.de\\\/#\\\/schema\\\/person\\\/45606f348637df637192dc1b68399a63\",\"name\":\"Leinewelle\",\"image\":{\"@type\":\"ImageObject\",\"inLanguage\":\"de\",\"@id\":\"https:\\\/\\\/secure.gravatar.com\\\/avatar\\\/05c9a17bc973052ee5d91549bd32fb4dd0dc85b7b85ae94b2e2b4943476bbea5?s=96&d=blank&r=g\",\"url\":\"https:\\\/\\\/secure.gravatar.com\\\/avatar\\\/05c9a17bc973052ee5d91549bd32fb4dd0dc85b7b85ae94b2e2b4943476bbea5?s=96&d=blank&r=g\",\"contentUrl\":\"https:\\\/\\\/secure.gravatar.com\\\/avatar\\\/05c9a17bc973052ee5d91549bd32fb4dd0dc85b7b85ae94b2e2b4943476bbea5?s=96&d=blank&r=g\",\"caption\":\"Leinewelle\"},\"sameAs\":[\"http:\\\/\\\/localhost\\\/radio%20leinewelle\\\/wordpress\",\"https:\\\/\\\/www.facebook.com\\\/radioleinewelle\",\"https:\\\/\\\/www.instagram.com\\\/radioleinewelle\",\"https:\\\/\\\/x.com\\\/https:\\\/\\\/twitter.com\\\/RLeinewelle?ref_src=twsrcgoogletwcampserptwgrauthor\",\"https:\\\/\\\/soundcloud.com\\\/foerderverein-lokalradio?utm_source=clipboard&utm_medium=text&utm_campaign=social_sharing\"],\"url\":\"https:\\\/\\\/radioleinewelle.de\\\/index.php\\\/author\\\/leinewelle\\\/\"}]}<\/script>\n<!-- \/ Yoast SEO plugin. -->","yoast_head_json":{"title":"Mitmachraum \"mira!\" - ein neues Konzept f\u00fcr die G\u00f6ttinger Innenstadt? - Radio Leinewelle","robots":{"index":"index","follow":"follow","max-snippet":"max-snippet:-1","max-image-preview":"max-image-preview:large","max-video-preview":"max-video-preview:-1"},"canonical":"https:\/\/radioleinewelle.de\/index.php\/2025\/02\/10\/mitmachraum-mira-ein-neues-konzept-fuer-die-goettinger-innenstadt\/","og_locale":"de_DE","og_type":"article","og_title":"Mitmachraum \"mira!\" - ein neues Konzept f\u00fcr die G\u00f6ttinger Innenstadt? - Radio Leinewelle","og_description":"Der Mitmachraum &#8222;mira!&#8220; am Nabel zeigte seit Wochen unterschiedliche Protagonisten und Initiativen aus den Bereichen Kultur- und Kreativwirtschaft, sowie dem Entwicklungspolitischen Informationszentrum (EPIZ). Nun ist das Projekt ausgelaufen. Welche Erfahrungen die Nutzer*innen mit dieser Art von tempor\u00e4rem Pop Up Store gemacht haben, dar\u00fcber haben wir mit dem Webdesigner Roland Laich, der Webdesignerin und Fotografin Katrin [&hellip;]","og_url":"https:\/\/radioleinewelle.de\/index.php\/2025\/02\/10\/mitmachraum-mira-ein-neues-konzept-fuer-die-goettinger-innenstadt\/","og_site_name":"Radio Leinewelle","article_publisher":"https:\/\/www.facebook.com\/radioleinewelle","article_author":"https:\/\/www.facebook.com\/radioleinewelle","article_published_time":"2025-02-10T09:17:52+00:00","og_image":[{"width":1600,"height":1200,"url":"https:\/\/radioleinewelle.de\/wp-content\/uploads\/2025\/02\/Foto-meets-Webdesign.jpg","type":"image\/jpeg"}],"author":"Leinewelle","twitter_card":"summary_large_image","twitter_creator":"@https:\/\/twitter.com\/RLeinewelle?ref_src=twsrcgoogletwcampserptwgrauthor","twitter_site":"@RLeinewelle","twitter_misc":{"Verfasst von":"Leinewelle","Gesch\u00e4tzte Lesezeit":"1\u00a0Minute"},"schema":{"@context":"https:\/\/schema.org","@graph":[{"@type":"Article","@id":"https:\/\/radioleinewelle.de\/index.php\/2025\/02\/10\/mitmachraum-mira-ein-neues-konzept-fuer-die-goettinger-innenstadt\/#article","isPartOf":{"@id":"https:\/\/radioleinewelle.de\/index.php\/2025\/02\/10\/mitmachraum-mira-ein-neues-konzept-fuer-die-goettinger-innenstadt\/"},"author":{"name":"Leinewelle","@id":"https:\/\/radioleinewelle.de\/#\/schema\/person\/45606f348637df637192dc1b68399a63"},"headline":"Mitmachraum &#8222;mira!&#8220; &#8211; ein neues Konzept f\u00fcr die G\u00f6ttinger Innenstadt?","datePublished":"2025-02-10T09:17:52+00:00","mainEntityOfPage":{"@id":"https:\/\/radioleinewelle.de\/index.php\/2025\/02\/10\/mitmachraum-mira-ein-neues-konzept-fuer-die-goettinger-innenstadt\/"},"wordCount":148,"commentCount":0,"publisher":{"@id":"https:\/\/radioleinewelle.de\/#organization"},"image":{"@id":"https:\/\/radioleinewelle.de\/index.php\/2025\/02\/10\/mitmachraum-mira-ein-neues-konzept-fuer-die-goettinger-innenstadt\/#primaryimage"},"thumbnailUrl":"https:\/\/radioleinewelle.de\/wp-content\/uploads\/2025\/02\/Foto-meets-Webdesign.jpg","keywords":["Mitmachraum mira!"],"articleSection":["Bildende K\u00fcnstler der Region","Im Gespr\u00e4ch","Kreativwirtschaft","Kultur"],"inLanguage":"de","potentialAction":[{"@type":"CommentAction","name":"Comment","target":["https:\/\/radioleinewelle.de\/index.php\/2025\/02\/10\/mitmachraum-mira-ein-neues-konzept-fuer-die-goettinger-innenstadt\/#respond"]}]},{"@type":"WebPage","@id":"https:\/\/radioleinewelle.de\/index.php\/2025\/02\/10\/mitmachraum-mira-ein-neues-konzept-fuer-die-goettinger-innenstadt\/","url":"https:\/\/radioleinewelle.de\/index.php\/2025\/02\/10\/mitmachraum-mira-ein-neues-konzept-fuer-die-goettinger-innenstadt\/","name":"Mitmachraum \"mira!\" - ein neues Konzept f\u00fcr die G\u00f6ttinger Innenstadt? - Radio Leinewelle","isPartOf":{"@id":"https:\/\/radioleinewelle.de\/#website"},"primaryImageOfPage":{"@id":"https:\/\/radioleinewelle.de\/index.php\/2025\/02\/10\/mitmachraum-mira-ein-neues-konzept-fuer-die-goettinger-innenstadt\/#primaryimage"},"image":{"@id":"https:\/\/radioleinewelle.de\/index.php\/2025\/02\/10\/mitmachraum-mira-ein-neues-konzept-fuer-die-goettinger-innenstadt\/#primaryimage"},"thumbnailUrl":"https:\/\/radioleinewelle.de\/wp-content\/uploads\/2025\/02\/Foto-meets-Webdesign.jpg","datePublished":"2025-02-10T09:17:52+00:00","breadcrumb":{"@id":"https:\/\/radioleinewelle.de\/index.php\/2025\/02\/10\/mitmachraum-mira-ein-neues-konzept-fuer-die-goettinger-innenstadt\/#breadcrumb"},"inLanguage":"de","potentialAction":[{"@type":"ReadAction","target":["https:\/\/radioleinewelle.de\/index.php\/2025\/02\/10\/mitmachraum-mira-ein-neues-konzept-fuer-die-goettinger-innenstadt\/"]}]},{"@type":"ImageObject","inLanguage":"de","@id":"https:\/\/radioleinewelle.de\/index.php\/2025\/02\/10\/mitmachraum-mira-ein-neues-konzept-fuer-die-goettinger-innenstadt\/#primaryimage","url":"https:\/\/radioleinewelle.de\/wp-content\/uploads\/2025\/02\/Foto-meets-Webdesign.jpg","contentUrl":"https:\/\/radioleinewelle.de\/wp-content\/uploads\/2025\/02\/Foto-meets-Webdesign.jpg","width":1600,"height":1200},{"@type":"BreadcrumbList","@id":"https:\/\/radioleinewelle.de\/index.php\/2025\/02\/10\/mitmachraum-mira-ein-neues-konzept-fuer-die-goettinger-innenstadt\/#breadcrumb","itemListElement":[{"@type":"ListItem","position":1,"name":"Startseite","item":"https:\/\/radioleinewelle.de\/"},{"@type":"ListItem","position":2,"name":"Mitmachraum &#8222;mira!&#8220; &#8211; ein neues Konzept f\u00fcr die G\u00f6ttinger Innenstadt?"}]},{"@type":"WebSite","@id":"https:\/\/radioleinewelle.de\/#website","url":"https:\/\/radioleinewelle.de\/","name":"Radio Leinewelle","description":"","publisher":{"@id":"https:\/\/radioleinewelle.de\/#organization"},"potentialAction":[{"@type":"SearchAction","target":{"@type":"EntryPoint","urlTemplate":"https:\/\/radioleinewelle.de\/?s={search_term_string}"},"query-input":{"@type":"PropertyValueSpecification","valueRequired":true,"valueName":"search_term_string"}}],"inLanguage":"de"},{"@type":"Organization","@id":"https:\/\/radioleinewelle.de\/#organization","name":"Radio Leinewelle","alternateName":"Mein Radio f\u00fcr S\u00fcdniedersachsen","url":"https:\/\/radioleinewelle.de\/","logo":{"@type":"ImageObject","inLanguage":"de","@id":"https:\/\/radioleinewelle.de\/#\/schema\/logo\/image\/","url":"https:\/\/radioleinewelle.de\/wp-content\/uploads\/2023\/11\/cropped-Leinewelle_Logo_weiss.png","contentUrl":"https:\/\/radioleinewelle.de\/wp-content\/uploads\/2023\/11\/cropped-Leinewelle_Logo_weiss.png","width":854,"height":260,"caption":"Radio Leinewelle"},"image":{"@id":"https:\/\/radioleinewelle.de\/#\/schema\/logo\/image\/"},"sameAs":["https:\/\/www.facebook.com\/radioleinewelle","https:\/\/x.com\/RLeinewelle","https:\/\/www.instagram.com\/radioleinewelle\/?hl=de"]},{"@type":"Person","@id":"https:\/\/radioleinewelle.de\/#\/schema\/person\/45606f348637df637192dc1b68399a63","name":"Leinewelle","image":{"@type":"ImageObject","inLanguage":"de","@id":"https:\/\/secure.gravatar.com\/avatar\/05c9a17bc973052ee5d91549bd32fb4dd0dc85b7b85ae94b2e2b4943476bbea5?s=96&d=blank&r=g","url":"https:\/\/secure.gravatar.com\/avatar\/05c9a17bc973052ee5d91549bd32fb4dd0dc85b7b85ae94b2e2b4943476bbea5?s=96&d=blank&r=g","contentUrl":"https:\/\/secure.gravatar.com\/avatar\/05c9a17bc973052ee5d91549bd32fb4dd0dc85b7b85ae94b2e2b4943476bbea5?s=96&d=blank&r=g","caption":"Leinewelle"},"sameAs":["http:\/\/localhost\/radio%20leinewelle\/wordpress","https:\/\/www.facebook.com\/radioleinewelle","https:\/\/www.instagram.com\/radioleinewelle","https:\/\/x.com\/https:\/\/twitter.com\/RLeinewelle?ref_src=twsrcgoogletwcampserptwgrauthor","https:\/\/soundcloud.com\/foerderverein-lokalradio?utm_source=clipboard&utm_medium=text&utm_campaign=social_sharing"],"url":"https:\/\/radioleinewelle.de\/index.php\/author\/leinewelle\/"}]}},"_links":{"self":[{"href":"https:\/\/radioleinewelle.de\/index.php\/wp-json\/wp\/v2\/posts\/27462","targetHints":{"allow":["GET"]}}],"collection":[{"href":"https:\/\/radioleinewelle.de\/index.php\/wp-json\/wp\/v2\/posts"}],"about":[{"href":"https:\/\/radioleinewelle.de\/index.php\/wp-json\/wp\/v2\/types\/post"}],"author":[{"embeddable":true,"href":"https:\/\/radioleinewelle.de\/index.php\/wp-json\/wp\/v2\/users\/1"}],"replies":[{"embeddable":true,"href":"https:\/\/radioleinewelle.de\/index.php\/wp-json\/wp\/v2\/comments?post=27462"}],"version-history":[{"count":6,"href":"https:\/\/radioleinewelle.de\/index.php\/wp-json\/wp\/v2\/posts\/27462\/revisions"}],"predecessor-version":[{"id":27481,"href":"https:\/\/radioleinewelle.de\/index.php\/wp-json\/wp\/v2\/posts\/27462\/revisions\/27481"}],"wp:featuredmedia":[{"embeddable":true,"href":"https:\/\/radioleinewelle.de\/index.php\/wp-json\/wp\/v2\/media\/27464"}],"wp:attachment":[{"href":"https:\/\/radioleinewelle.de\/index.php\/wp-json\/wp\/v2\/media?parent=27462"}],"wp:term":[{"taxonomy":"category","embeddable":true,"href":"https:\/\/radioleinewelle.de\/index.php\/wp-json\/wp\/v2\/categories?post=27462"},{"taxonomy":"post_tag","embeddable":true,"href":"https:\/\/radioleinewelle.de\/index.php\/wp-json\/wp\/v2\/tags?post=27462"}],"curies":[{"name":"wp","href":"https:\/\/api.w.org\/{rel}","templated":true}]}}