{"id":2748,"date":"2020-11-05T05:00:45","date_gmt":"2020-11-05T04:00:45","guid":{"rendered":"https:\/\/radioleinewelle.de\/?p=2748"},"modified":"2020-11-05T05:00:45","modified_gmt":"2020-11-05T04:00:45","slug":"ausbildung-erfolgreich-beendet-zehn-mta-fuer-funktionsdiagnostik-mit-examen","status":"publish","type":"post","link":"https:\/\/radioleinewelle.de\/index.php\/2020\/11\/05\/ausbildung-erfolgreich-beendet-zehn-mta-fuer-funktionsdiagnostik-mit-examen\/","title":{"rendered":"Ausbildung erfolgreich beendet: Zehn MTA f\u00fcr Funktionsdiagnostik mit Examen"},"content":{"rendered":"<div class=\"news__teaser-text\">\n<p>Die MTA-Schule f\u00fcr Funktionsdiagnostik der Bildungsakademie der UMG feierte ihre erfolgreichen Absolventinnen und Absolventen des Jahrgangs 2017 bis 2020. Zwei von ihnen werden ihre Arbeit an der UMG aufnehmen.<\/p>\n<\/div>\n<div class=\"textImageRow--float-right u-add-margin-top-full\">\n<p>(umg) Zehn Sch\u00fclerinnen und Sch\u00fcler der MTA-Schule f\u00fcr Funktionsdiagnostik an der Bildungsakademie der Universit\u00e4tsmedizin G\u00f6ttingen (UMG) feierten ihr Staatsexamen nach dreij\u00e4hriger Ausbildung. Sie alle haben damit die Berufsbezeichnung \u201eMedizinisch-technische Assistentin\/Assistent f\u00fcr Funktionsdiagnostik\u201c erworben. Alle Absolventinnen und Absolventen haben eine Arbeitsstelle in Aussicht oder nehmen ein Studium auf. Zwei von ihnen wurden direkt von der UMG \u00fcbernommen. Insgesamt 2.490 Ausbildungsstunden in Theorie und Praxis sowie 2.120 Stunden praktische Ausbildung in verschiedenen Funktionsabteilungen und Praxen liegen hinter den Absolventinnen und Absolventen der MTA-Schule f\u00fcr Funktionsdiagnostik an der Bildungsakademie der UMG.<\/p>\n<h5 class=\"UMGPIFLIESSTEXT\"><strong>DIE\u00a0ABSOVENTINNEN UND\u00a0 ABSOLVENTEN<br \/>\nJakob Aistermann, Achim Brecht, Nele Fromm, Laura Hardam, Moaz Jalboutt, Julia Keunecke, Anna Kittel, Celine Pohl, Svea Schott, Viola Seeckts.<\/strong><\/h5>\n<p class=\"UMGPIFLIESSTEXT\">Die Medizinisch technischen Assistent*innen Funktionsdiagnostik (MTAF) absolvieren w\u00e4hrend ihrer Ausbildung ein Jahr lang ein Praktikum in der UMG in den Bereichen Kardiologie, Neurologie, Pneumologie und der Hals-Nasen-Ohrenheilkunde. In diesen Aufgabenfeldern arbeiten sie sp\u00e4ter auch bei der Diagnostik mit \u2013 in Krankenh\u00e4usern, Facharztpraxen oder Forschungslaboren. Die\/der MTAF f\u00fchrt auf Anordnung eines Arztes Untersuchungen zum Erkennen von St\u00f6rungen des zentralen und peripheren Nervensystems, der Sinnesorgane insbesondere im Hals-Nasen-Ohren-Bereich, des Herz-Kreislaufsystems und der Lunge durch. Diese Untersuchungen erfolgen mit modernen computergest\u00fctzten Ger\u00e4ten.\u00a0\u201eDie Techniken und Untersuchungsvielfalt entwickeln sich st\u00e4ndig weiter. Die Ausbildung zum MTA f\u00fcr Funktionsdiagnostik bereitet die Absolventen auf einen hoch-spezialisierten Beruf vor. Eine gute Ausbildung ist ein klarer Vorteil auf dem Arbeitsmarkt. Viele der Sch\u00fclerinnen und Sch\u00fcler erhalten schon w\u00e4hrend ihrer Praktikumszeit Angebote f\u00fcr eine Anstellung nach dem Examen\u201c, sagt Simone Richter, Leiterin der MTA-Schule f\u00fcr Funktionsdiagnostik.<\/p>\n<p class=\"UMGPIFLIESSTEXT\"><strong>Mehr Informationen zur Ausbildung:<br \/>\n<\/strong><a href=\"https:\/\/www.umg.eu\/karriere\/ausbildung-an-der-umg\/mta-funktionsdiagnostik\/\" target=\"_blank\" rel=\"noopener\">https:\/\/www.umg.eu\/karriere\/ausbildung-an-der-umg\/mta-funktionsdiagnostik\/<\/a><\/p>\n<p class=\"UMGPIFLIESSTEXT\">&#8212;&#8212;&#8212;&#8212;&#8212;&#8212;&#8212;&#8212;&#8212;&#8212;&#8212;&#8212;&#8212;&#8212;&#8212;&#8212;&#8212;&#8212;&#8212;&#8212;&#8212;&#8212;&#8212;&#8212;&#8212;&#8212;&#8212;&#8212;&#8212;&#8212;&#8212;&#8212;&#8212;&#8212;&#8212;&#8212;&#8212;&#8212;&#8212;&#8212;&#8212;&#8212;&#8212;&#8212;-<br \/>\nFoto: Zehn Absolventinnen und Absolventen der MTA-Schule f\u00fcr Funktionsdiagnostik der Bildungsakademie der Universit\u00e4tsmedizin G\u00f6ttingen freuen sich \u00fcber ihre erfolgreichen Abschl\u00fcsse. Foto: umg\/vetter<\/p>\n<\/div>\n","protected":false},"excerpt":{"rendered":"<p>Die MTA-Schule f\u00fcr Funktionsdiagnostik der Bildungsakademie der UMG feierte ihre erfolgreichen Absolventinnen und Absolventen des Jahrgangs 2017 bis 2020. Zwei von ihnen werden ihre Arbeit an der UMG aufnehmen. (umg) Zehn Sch\u00fclerinnen und Sch\u00fcler der MTA-Schule f\u00fcr Funktionsdiagnostik an der Bildungsakademie der Universit\u00e4tsmedizin G\u00f6ttingen (UMG) feierten ihr Staatsexamen nach dreij\u00e4hriger Ausbildung. Sie alle haben damit [&hellip;]<\/p>\n","protected":false},"author":1,"featured_media":0,"comment_status":"closed","ping_status":"closed","sticky":false,"template":"","format":"standard","meta":{"saved_in_kubio":false,"footnotes":""},"categories":[46],"tags":[],"class_list":["post-2748","post","type-post","status-publish","format-standard","hentry","category-beruf-karriere"],"yoast_head":"<!-- This site is optimized with the Yoast SEO plugin v27.5 - https:\/\/yoast.com\/product\/yoast-seo-wordpress\/ -->\n<title>Ausbildung erfolgreich beendet: Zehn MTA f\u00fcr Funktionsdiagnostik mit Examen - Radio Leinewelle<\/title>\n<meta name=\"robots\" content=\"index, follow, max-snippet:-1, max-image-preview:large, max-video-preview:-1\" \/>\n<link rel=\"canonical\" href=\"https:\/\/radioleinewelle.de\/index.php\/2020\/11\/05\/ausbildung-erfolgreich-beendet-zehn-mta-fuer-funktionsdiagnostik-mit-examen\/\" \/>\n<meta property=\"og:locale\" content=\"de_DE\" \/>\n<meta property=\"og:type\" content=\"article\" \/>\n<meta property=\"og:title\" content=\"Ausbildung erfolgreich beendet: Zehn MTA f\u00fcr Funktionsdiagnostik mit Examen - Radio Leinewelle\" \/>\n<meta property=\"og:description\" content=\"Die MTA-Schule f\u00fcr Funktionsdiagnostik der Bildungsakademie der UMG feierte ihre erfolgreichen Absolventinnen und Absolventen des Jahrgangs 2017 bis 2020. Zwei von ihnen werden ihre Arbeit an der UMG aufnehmen. (umg) Zehn Sch\u00fclerinnen und Sch\u00fcler der MTA-Schule f\u00fcr Funktionsdiagnostik an der Bildungsakademie der Universit\u00e4tsmedizin G\u00f6ttingen (UMG) feierten ihr Staatsexamen nach dreij\u00e4hriger Ausbildung. Sie alle haben damit [&hellip;]\" \/>\n<meta property=\"og:url\" content=\"https:\/\/radioleinewelle.de\/index.php\/2020\/11\/05\/ausbildung-erfolgreich-beendet-zehn-mta-fuer-funktionsdiagnostik-mit-examen\/\" \/>\n<meta property=\"og:site_name\" content=\"Radio Leinewelle\" \/>\n<meta property=\"article:publisher\" content=\"https:\/\/www.facebook.com\/radioleinewelle\" \/>\n<meta property=\"article:author\" content=\"https:\/\/www.facebook.com\/radioleinewelle\" \/>\n<meta property=\"article:published_time\" content=\"2020-11-05T04:00:45+00:00\" \/>\n<meta name=\"author\" content=\"Leinewelle\" \/>\n<meta name=\"twitter:card\" content=\"summary_large_image\" \/>\n<meta name=\"twitter:creator\" content=\"@https:\/\/twitter.com\/RLeinewelle?ref_src=twsrcgoogletwcampserptwgrauthor\" \/>\n<meta name=\"twitter:site\" content=\"@RLeinewelle\" \/>\n<meta name=\"twitter:label1\" content=\"Verfasst von\" \/>\n\t<meta name=\"twitter:data1\" content=\"Leinewelle\" \/>\n\t<meta name=\"twitter:label2\" content=\"Gesch\u00e4tzte Lesezeit\" \/>\n\t<meta name=\"twitter:data2\" content=\"2\u00a0Minuten\" \/>\n<script type=\"application\/ld+json\" class=\"yoast-schema-graph\">{\"@context\":\"https:\\\/\\\/schema.org\",\"@graph\":[{\"@type\":\"Article\",\"@id\":\"https:\\\/\\\/radioleinewelle.de\\\/index.php\\\/2020\\\/11\\\/05\\\/ausbildung-erfolgreich-beendet-zehn-mta-fuer-funktionsdiagnostik-mit-examen\\\/#article\",\"isPartOf\":{\"@id\":\"https:\\\/\\\/radioleinewelle.de\\\/index.php\\\/2020\\\/11\\\/05\\\/ausbildung-erfolgreich-beendet-zehn-mta-fuer-funktionsdiagnostik-mit-examen\\\/\"},\"author\":{\"name\":\"Leinewelle\",\"@id\":\"https:\\\/\\\/radioleinewelle.de\\\/#\\\/schema\\\/person\\\/45606f348637df637192dc1b68399a63\"},\"headline\":\"Ausbildung erfolgreich beendet: Zehn MTA f\u00fcr Funktionsdiagnostik mit Examen\",\"datePublished\":\"2020-11-05T04:00:45+00:00\",\"mainEntityOfPage\":{\"@id\":\"https:\\\/\\\/radioleinewelle.de\\\/index.php\\\/2020\\\/11\\\/05\\\/ausbildung-erfolgreich-beendet-zehn-mta-fuer-funktionsdiagnostik-mit-examen\\\/\"},\"wordCount\":347,\"publisher\":{\"@id\":\"https:\\\/\\\/radioleinewelle.de\\\/#organization\"},\"articleSection\":[\"Beruf &amp; Karriere\"],\"inLanguage\":\"de\"},{\"@type\":\"WebPage\",\"@id\":\"https:\\\/\\\/radioleinewelle.de\\\/index.php\\\/2020\\\/11\\\/05\\\/ausbildung-erfolgreich-beendet-zehn-mta-fuer-funktionsdiagnostik-mit-examen\\\/\",\"url\":\"https:\\\/\\\/radioleinewelle.de\\\/index.php\\\/2020\\\/11\\\/05\\\/ausbildung-erfolgreich-beendet-zehn-mta-fuer-funktionsdiagnostik-mit-examen\\\/\",\"name\":\"Ausbildung erfolgreich beendet: Zehn MTA f\u00fcr Funktionsdiagnostik mit Examen - Radio Leinewelle\",\"isPartOf\":{\"@id\":\"https:\\\/\\\/radioleinewelle.de\\\/#website\"},\"datePublished\":\"2020-11-05T04:00:45+00:00\",\"breadcrumb\":{\"@id\":\"https:\\\/\\\/radioleinewelle.de\\\/index.php\\\/2020\\\/11\\\/05\\\/ausbildung-erfolgreich-beendet-zehn-mta-fuer-funktionsdiagnostik-mit-examen\\\/#breadcrumb\"},\"inLanguage\":\"de\",\"potentialAction\":[{\"@type\":\"ReadAction\",\"target\":[\"https:\\\/\\\/radioleinewelle.de\\\/index.php\\\/2020\\\/11\\\/05\\\/ausbildung-erfolgreich-beendet-zehn-mta-fuer-funktionsdiagnostik-mit-examen\\\/\"]}]},{\"@type\":\"BreadcrumbList\",\"@id\":\"https:\\\/\\\/radioleinewelle.de\\\/index.php\\\/2020\\\/11\\\/05\\\/ausbildung-erfolgreich-beendet-zehn-mta-fuer-funktionsdiagnostik-mit-examen\\\/#breadcrumb\",\"itemListElement\":[{\"@type\":\"ListItem\",\"position\":1,\"name\":\"Startseite\",\"item\":\"https:\\\/\\\/radioleinewelle.de\\\/\"},{\"@type\":\"ListItem\",\"position\":2,\"name\":\"Ausbildung erfolgreich beendet: Zehn MTA f\u00fcr Funktionsdiagnostik mit Examen\"}]},{\"@type\":\"WebSite\",\"@id\":\"https:\\\/\\\/radioleinewelle.de\\\/#website\",\"url\":\"https:\\\/\\\/radioleinewelle.de\\\/\",\"name\":\"Radio Leinewelle\",\"description\":\"\",\"publisher\":{\"@id\":\"https:\\\/\\\/radioleinewelle.de\\\/#organization\"},\"potentialAction\":[{\"@type\":\"SearchAction\",\"target\":{\"@type\":\"EntryPoint\",\"urlTemplate\":\"https:\\\/\\\/radioleinewelle.de\\\/?s={search_term_string}\"},\"query-input\":{\"@type\":\"PropertyValueSpecification\",\"valueRequired\":true,\"valueName\":\"search_term_string\"}}],\"inLanguage\":\"de\"},{\"@type\":\"Organization\",\"@id\":\"https:\\\/\\\/radioleinewelle.de\\\/#organization\",\"name\":\"Radio Leinewelle\",\"alternateName\":\"Mein Radio f\u00fcr S\u00fcdniedersachsen\",\"url\":\"https:\\\/\\\/radioleinewelle.de\\\/\",\"logo\":{\"@type\":\"ImageObject\",\"inLanguage\":\"de\",\"@id\":\"https:\\\/\\\/radioleinewelle.de\\\/#\\\/schema\\\/logo\\\/image\\\/\",\"url\":\"https:\\\/\\\/radioleinewelle.de\\\/wp-content\\\/uploads\\\/2023\\\/11\\\/cropped-Leinewelle_Logo_weiss.png\",\"contentUrl\":\"https:\\\/\\\/radioleinewelle.de\\\/wp-content\\\/uploads\\\/2023\\\/11\\\/cropped-Leinewelle_Logo_weiss.png\",\"width\":854,\"height\":260,\"caption\":\"Radio Leinewelle\"},\"image\":{\"@id\":\"https:\\\/\\\/radioleinewelle.de\\\/#\\\/schema\\\/logo\\\/image\\\/\"},\"sameAs\":[\"https:\\\/\\\/www.facebook.com\\\/radioleinewelle\",\"https:\\\/\\\/x.com\\\/RLeinewelle\",\"https:\\\/\\\/www.instagram.com\\\/radioleinewelle\\\/?hl=de\"]},{\"@type\":\"Person\",\"@id\":\"https:\\\/\\\/radioleinewelle.de\\\/#\\\/schema\\\/person\\\/45606f348637df637192dc1b68399a63\",\"name\":\"Leinewelle\",\"image\":{\"@type\":\"ImageObject\",\"inLanguage\":\"de\",\"@id\":\"https:\\\/\\\/secure.gravatar.com\\\/avatar\\\/05c9a17bc973052ee5d91549bd32fb4dd0dc85b7b85ae94b2e2b4943476bbea5?s=96&d=blank&r=g\",\"url\":\"https:\\\/\\\/secure.gravatar.com\\\/avatar\\\/05c9a17bc973052ee5d91549bd32fb4dd0dc85b7b85ae94b2e2b4943476bbea5?s=96&d=blank&r=g\",\"contentUrl\":\"https:\\\/\\\/secure.gravatar.com\\\/avatar\\\/05c9a17bc973052ee5d91549bd32fb4dd0dc85b7b85ae94b2e2b4943476bbea5?s=96&d=blank&r=g\",\"caption\":\"Leinewelle\"},\"sameAs\":[\"http:\\\/\\\/localhost\\\/radio%20leinewelle\\\/wordpress\",\"https:\\\/\\\/www.facebook.com\\\/radioleinewelle\",\"https:\\\/\\\/www.instagram.com\\\/radioleinewelle\",\"https:\\\/\\\/x.com\\\/https:\\\/\\\/twitter.com\\\/RLeinewelle?ref_src=twsrcgoogletwcampserptwgrauthor\",\"https:\\\/\\\/soundcloud.com\\\/foerderverein-lokalradio?utm_source=clipboard&utm_medium=text&utm_campaign=social_sharing\"],\"url\":\"https:\\\/\\\/radioleinewelle.de\\\/index.php\\\/author\\\/leinewelle\\\/\"}]}<\/script>\n<!-- \/ Yoast SEO plugin. -->","yoast_head_json":{"title":"Ausbildung erfolgreich beendet: Zehn MTA f\u00fcr Funktionsdiagnostik mit Examen - Radio Leinewelle","robots":{"index":"index","follow":"follow","max-snippet":"max-snippet:-1","max-image-preview":"max-image-preview:large","max-video-preview":"max-video-preview:-1"},"canonical":"https:\/\/radioleinewelle.de\/index.php\/2020\/11\/05\/ausbildung-erfolgreich-beendet-zehn-mta-fuer-funktionsdiagnostik-mit-examen\/","og_locale":"de_DE","og_type":"article","og_title":"Ausbildung erfolgreich beendet: Zehn MTA f\u00fcr Funktionsdiagnostik mit Examen - Radio Leinewelle","og_description":"Die MTA-Schule f\u00fcr Funktionsdiagnostik der Bildungsakademie der UMG feierte ihre erfolgreichen Absolventinnen und Absolventen des Jahrgangs 2017 bis 2020. Zwei von ihnen werden ihre Arbeit an der UMG aufnehmen. (umg) Zehn Sch\u00fclerinnen und Sch\u00fcler der MTA-Schule f\u00fcr Funktionsdiagnostik an der Bildungsakademie der Universit\u00e4tsmedizin G\u00f6ttingen (UMG) feierten ihr Staatsexamen nach dreij\u00e4hriger Ausbildung. Sie alle haben damit [&hellip;]","og_url":"https:\/\/radioleinewelle.de\/index.php\/2020\/11\/05\/ausbildung-erfolgreich-beendet-zehn-mta-fuer-funktionsdiagnostik-mit-examen\/","og_site_name":"Radio Leinewelle","article_publisher":"https:\/\/www.facebook.com\/radioleinewelle","article_author":"https:\/\/www.facebook.com\/radioleinewelle","article_published_time":"2020-11-05T04:00:45+00:00","author":"Leinewelle","twitter_card":"summary_large_image","twitter_creator":"@https:\/\/twitter.com\/RLeinewelle?ref_src=twsrcgoogletwcampserptwgrauthor","twitter_site":"@RLeinewelle","twitter_misc":{"Verfasst von":"Leinewelle","Gesch\u00e4tzte Lesezeit":"2\u00a0Minuten"},"schema":{"@context":"https:\/\/schema.org","@graph":[{"@type":"Article","@id":"https:\/\/radioleinewelle.de\/index.php\/2020\/11\/05\/ausbildung-erfolgreich-beendet-zehn-mta-fuer-funktionsdiagnostik-mit-examen\/#article","isPartOf":{"@id":"https:\/\/radioleinewelle.de\/index.php\/2020\/11\/05\/ausbildung-erfolgreich-beendet-zehn-mta-fuer-funktionsdiagnostik-mit-examen\/"},"author":{"name":"Leinewelle","@id":"https:\/\/radioleinewelle.de\/#\/schema\/person\/45606f348637df637192dc1b68399a63"},"headline":"Ausbildung erfolgreich beendet: Zehn MTA f\u00fcr Funktionsdiagnostik mit Examen","datePublished":"2020-11-05T04:00:45+00:00","mainEntityOfPage":{"@id":"https:\/\/radioleinewelle.de\/index.php\/2020\/11\/05\/ausbildung-erfolgreich-beendet-zehn-mta-fuer-funktionsdiagnostik-mit-examen\/"},"wordCount":347,"publisher":{"@id":"https:\/\/radioleinewelle.de\/#organization"},"articleSection":["Beruf &amp; Karriere"],"inLanguage":"de"},{"@type":"WebPage","@id":"https:\/\/radioleinewelle.de\/index.php\/2020\/11\/05\/ausbildung-erfolgreich-beendet-zehn-mta-fuer-funktionsdiagnostik-mit-examen\/","url":"https:\/\/radioleinewelle.de\/index.php\/2020\/11\/05\/ausbildung-erfolgreich-beendet-zehn-mta-fuer-funktionsdiagnostik-mit-examen\/","name":"Ausbildung erfolgreich beendet: Zehn MTA f\u00fcr Funktionsdiagnostik mit Examen - Radio Leinewelle","isPartOf":{"@id":"https:\/\/radioleinewelle.de\/#website"},"datePublished":"2020-11-05T04:00:45+00:00","breadcrumb":{"@id":"https:\/\/radioleinewelle.de\/index.php\/2020\/11\/05\/ausbildung-erfolgreich-beendet-zehn-mta-fuer-funktionsdiagnostik-mit-examen\/#breadcrumb"},"inLanguage":"de","potentialAction":[{"@type":"ReadAction","target":["https:\/\/radioleinewelle.de\/index.php\/2020\/11\/05\/ausbildung-erfolgreich-beendet-zehn-mta-fuer-funktionsdiagnostik-mit-examen\/"]}]},{"@type":"BreadcrumbList","@id":"https:\/\/radioleinewelle.de\/index.php\/2020\/11\/05\/ausbildung-erfolgreich-beendet-zehn-mta-fuer-funktionsdiagnostik-mit-examen\/#breadcrumb","itemListElement":[{"@type":"ListItem","position":1,"name":"Startseite","item":"https:\/\/radioleinewelle.de\/"},{"@type":"ListItem","position":2,"name":"Ausbildung erfolgreich beendet: Zehn MTA f\u00fcr Funktionsdiagnostik mit Examen"}]},{"@type":"WebSite","@id":"https:\/\/radioleinewelle.de\/#website","url":"https:\/\/radioleinewelle.de\/","name":"Radio Leinewelle","description":"","publisher":{"@id":"https:\/\/radioleinewelle.de\/#organization"},"potentialAction":[{"@type":"SearchAction","target":{"@type":"EntryPoint","urlTemplate":"https:\/\/radioleinewelle.de\/?s={search_term_string}"},"query-input":{"@type":"PropertyValueSpecification","valueRequired":true,"valueName":"search_term_string"}}],"inLanguage":"de"},{"@type":"Organization","@id":"https:\/\/radioleinewelle.de\/#organization","name":"Radio Leinewelle","alternateName":"Mein Radio f\u00fcr S\u00fcdniedersachsen","url":"https:\/\/radioleinewelle.de\/","logo":{"@type":"ImageObject","inLanguage":"de","@id":"https:\/\/radioleinewelle.de\/#\/schema\/logo\/image\/","url":"https:\/\/radioleinewelle.de\/wp-content\/uploads\/2023\/11\/cropped-Leinewelle_Logo_weiss.png","contentUrl":"https:\/\/radioleinewelle.de\/wp-content\/uploads\/2023\/11\/cropped-Leinewelle_Logo_weiss.png","width":854,"height":260,"caption":"Radio Leinewelle"},"image":{"@id":"https:\/\/radioleinewelle.de\/#\/schema\/logo\/image\/"},"sameAs":["https:\/\/www.facebook.com\/radioleinewelle","https:\/\/x.com\/RLeinewelle","https:\/\/www.instagram.com\/radioleinewelle\/?hl=de"]},{"@type":"Person","@id":"https:\/\/radioleinewelle.de\/#\/schema\/person\/45606f348637df637192dc1b68399a63","name":"Leinewelle","image":{"@type":"ImageObject","inLanguage":"de","@id":"https:\/\/secure.gravatar.com\/avatar\/05c9a17bc973052ee5d91549bd32fb4dd0dc85b7b85ae94b2e2b4943476bbea5?s=96&d=blank&r=g","url":"https:\/\/secure.gravatar.com\/avatar\/05c9a17bc973052ee5d91549bd32fb4dd0dc85b7b85ae94b2e2b4943476bbea5?s=96&d=blank&r=g","contentUrl":"https:\/\/secure.gravatar.com\/avatar\/05c9a17bc973052ee5d91549bd32fb4dd0dc85b7b85ae94b2e2b4943476bbea5?s=96&d=blank&r=g","caption":"Leinewelle"},"sameAs":["http:\/\/localhost\/radio%20leinewelle\/wordpress","https:\/\/www.facebook.com\/radioleinewelle","https:\/\/www.instagram.com\/radioleinewelle","https:\/\/x.com\/https:\/\/twitter.com\/RLeinewelle?ref_src=twsrcgoogletwcampserptwgrauthor","https:\/\/soundcloud.com\/foerderverein-lokalradio?utm_source=clipboard&utm_medium=text&utm_campaign=social_sharing"],"url":"https:\/\/radioleinewelle.de\/index.php\/author\/leinewelle\/"}]}},"_links":{"self":[{"href":"https:\/\/radioleinewelle.de\/index.php\/wp-json\/wp\/v2\/posts\/2748","targetHints":{"allow":["GET"]}}],"collection":[{"href":"https:\/\/radioleinewelle.de\/index.php\/wp-json\/wp\/v2\/posts"}],"about":[{"href":"https:\/\/radioleinewelle.de\/index.php\/wp-json\/wp\/v2\/types\/post"}],"author":[{"embeddable":true,"href":"https:\/\/radioleinewelle.de\/index.php\/wp-json\/wp\/v2\/users\/1"}],"replies":[{"embeddable":true,"href":"https:\/\/radioleinewelle.de\/index.php\/wp-json\/wp\/v2\/comments?post=2748"}],"version-history":[{"count":0,"href":"https:\/\/radioleinewelle.de\/index.php\/wp-json\/wp\/v2\/posts\/2748\/revisions"}],"wp:attachment":[{"href":"https:\/\/radioleinewelle.de\/index.php\/wp-json\/wp\/v2\/media?parent=2748"}],"wp:term":[{"taxonomy":"category","embeddable":true,"href":"https:\/\/radioleinewelle.de\/index.php\/wp-json\/wp\/v2\/categories?post=2748"},{"taxonomy":"post_tag","embeddable":true,"href":"https:\/\/radioleinewelle.de\/index.php\/wp-json\/wp\/v2\/tags?post=2748"}],"curies":[{"name":"wp","href":"https:\/\/api.w.org\/{rel}","templated":true}]}}