{"id":27501,"date":"2025-02-14T15:04:10","date_gmt":"2025-02-14T14:04:10","guid":{"rendered":"https:\/\/radioleinewelle.de\/?p=27501"},"modified":"2025-02-14T15:04:11","modified_gmt":"2025-02-14T14:04:11","slug":"radio-leinewelle-goes-berlinale-jeden-werktag-live","status":"publish","type":"post","link":"https:\/\/radioleinewelle.de\/index.php\/2025\/02\/14\/radio-leinewelle-goes-berlinale-jeden-werktag-live\/","title":{"rendered":"Radio Leinewelle goes Berlinale &#8211; jeden Werktag live"},"content":{"rendered":"\n<p>Auch in diesem Jahr  berichten wir wieder mit  Kollegen aus Oldenburg, Hamburg, Kiel, L\u00fcbeck und Westk\u00fcste live vom gr\u00f6\u00dften Publikumsfestival der Welt: der Berlinale. Mittlerweile die 75. Ausgabe, aber immer noch dicht am Geschehen im internationalen Filmbusiness. Heute Nachmittag ab 17 Uhr l\u00e4uft unsere erste Livesendung aus unserem Studio in der Schleswig-holsteinischen Landesvertretung. Wir berichten u.a. \u00fcber die Er\u00f6ffnungsgala, Torsten Bussmann war wie gewohnt am Roten Teppich aktiv. Dazu gibt es Infos in den sozialen Medien, Facebook, Instagram, Bluesky und einen regelm\u00e4\u00dfigen Podcast auf Spotify. Enjoy! Jeden Werktag von 17-18 Uhr<br><strong>Foto<\/strong>: Tilda Swinton mit unserem Kollegen Torsten Bussmann \u00a9Radio Leinewelle (jb)<\/p>\n","protected":false},"excerpt":{"rendered":"<p>Auch in diesem Jahr berichten wir wieder mit Kollegen aus Oldenburg, Hamburg, Kiel, L\u00fcbeck und Westk\u00fcste live vom gr\u00f6\u00dften Publikumsfestival der Welt: der Berlinale. Mittlerweile die 75. Ausgabe, aber immer noch dicht am Geschehen im internationalen Filmbusiness. Heute Nachmittag ab 17 Uhr l\u00e4uft unsere erste Livesendung aus unserem Studio in der Schleswig-holsteinischen Landesvertretung. Wir berichten [&hellip;]<\/p>\n","protected":false},"author":1,"featured_media":27502,"comment_status":"open","ping_status":"open","sticky":false,"template":"","format":"standard","meta":{"saved_in_kubio":false,"footnotes":""},"categories":[1],"tags":[],"class_list":["post-27501","post","type-post","status-publish","format-standard","has-post-thumbnail","hentry","category-allgemein"],"yoast_head":"<!-- This site is optimized with the Yoast SEO plugin v27.5 - https:\/\/yoast.com\/product\/yoast-seo-wordpress\/ -->\n<title>Radio Leinewelle goes Berlinale - jeden Werktag live - Radio Leinewelle<\/title>\n<meta name=\"robots\" content=\"index, follow, max-snippet:-1, max-image-preview:large, max-video-preview:-1\" \/>\n<link rel=\"canonical\" href=\"https:\/\/radioleinewelle.de\/index.php\/2025\/02\/14\/radio-leinewelle-goes-berlinale-jeden-werktag-live\/\" \/>\n<meta property=\"og:locale\" content=\"de_DE\" \/>\n<meta property=\"og:type\" content=\"article\" \/>\n<meta property=\"og:title\" content=\"Radio Leinewelle goes Berlinale - jeden Werktag live - Radio Leinewelle\" \/>\n<meta property=\"og:description\" content=\"Auch in diesem Jahr berichten wir wieder mit Kollegen aus Oldenburg, Hamburg, Kiel, L\u00fcbeck und Westk\u00fcste live vom gr\u00f6\u00dften Publikumsfestival der Welt: der Berlinale. Mittlerweile die 75. Ausgabe, aber immer noch dicht am Geschehen im internationalen Filmbusiness. Heute Nachmittag ab 17 Uhr l\u00e4uft unsere erste Livesendung aus unserem Studio in der Schleswig-holsteinischen Landesvertretung. Wir berichten [&hellip;]\" \/>\n<meta property=\"og:url\" content=\"https:\/\/radioleinewelle.de\/index.php\/2025\/02\/14\/radio-leinewelle-goes-berlinale-jeden-werktag-live\/\" \/>\n<meta property=\"og:site_name\" content=\"Radio Leinewelle\" \/>\n<meta property=\"article:publisher\" content=\"https:\/\/www.facebook.com\/radioleinewelle\" \/>\n<meta property=\"article:author\" content=\"https:\/\/www.facebook.com\/radioleinewelle\" \/>\n<meta property=\"article:published_time\" content=\"2025-02-14T14:04:10+00:00\" \/>\n<meta property=\"article:modified_time\" content=\"2025-02-14T14:04:11+00:00\" \/>\n<meta property=\"og:image\" content=\"https:\/\/radioleinewelle.de\/wp-content\/uploads\/2025\/02\/bf2f8c70-09f6-46a6-86a5-51449aff052b.jpg\" \/>\n\t<meta property=\"og:image:width\" content=\"1365\" \/>\n\t<meta property=\"og:image:height\" content=\"1437\" \/>\n\t<meta property=\"og:image:type\" content=\"image\/jpeg\" \/>\n<meta name=\"author\" content=\"Leinewelle\" \/>\n<meta name=\"twitter:card\" content=\"summary_large_image\" \/>\n<meta name=\"twitter:creator\" content=\"@https:\/\/twitter.com\/RLeinewelle?ref_src=twsrcgoogletwcampserptwgrauthor\" \/>\n<meta name=\"twitter:site\" content=\"@RLeinewelle\" \/>\n<meta name=\"twitter:label1\" content=\"Verfasst von\" \/>\n\t<meta name=\"twitter:data1\" content=\"Leinewelle\" \/>\n\t<meta name=\"twitter:label2\" content=\"Gesch\u00e4tzte Lesezeit\" \/>\n\t<meta name=\"twitter:data2\" content=\"1\u00a0Minute\" \/>\n<script type=\"application\/ld+json\" class=\"yoast-schema-graph\">{\"@context\":\"https:\\\/\\\/schema.org\",\"@graph\":[{\"@type\":\"Article\",\"@id\":\"https:\\\/\\\/radioleinewelle.de\\\/index.php\\\/2025\\\/02\\\/14\\\/radio-leinewelle-goes-berlinale-jeden-werktag-live\\\/#article\",\"isPartOf\":{\"@id\":\"https:\\\/\\\/radioleinewelle.de\\\/index.php\\\/2025\\\/02\\\/14\\\/radio-leinewelle-goes-berlinale-jeden-werktag-live\\\/\"},\"author\":{\"name\":\"Leinewelle\",\"@id\":\"https:\\\/\\\/radioleinewelle.de\\\/#\\\/schema\\\/person\\\/45606f348637df637192dc1b68399a63\"},\"headline\":\"Radio Leinewelle goes Berlinale &#8211; jeden Werktag live\",\"datePublished\":\"2025-02-14T14:04:10+00:00\",\"dateModified\":\"2025-02-14T14:04:11+00:00\",\"mainEntityOfPage\":{\"@id\":\"https:\\\/\\\/radioleinewelle.de\\\/index.php\\\/2025\\\/02\\\/14\\\/radio-leinewelle-goes-berlinale-jeden-werktag-live\\\/\"},\"wordCount\":115,\"commentCount\":0,\"publisher\":{\"@id\":\"https:\\\/\\\/radioleinewelle.de\\\/#organization\"},\"image\":{\"@id\":\"https:\\\/\\\/radioleinewelle.de\\\/index.php\\\/2025\\\/02\\\/14\\\/radio-leinewelle-goes-berlinale-jeden-werktag-live\\\/#primaryimage\"},\"thumbnailUrl\":\"https:\\\/\\\/radioleinewelle.de\\\/wp-content\\\/uploads\\\/2025\\\/02\\\/bf2f8c70-09f6-46a6-86a5-51449aff052b.jpg\",\"inLanguage\":\"de\",\"potentialAction\":[{\"@type\":\"CommentAction\",\"name\":\"Comment\",\"target\":[\"https:\\\/\\\/radioleinewelle.de\\\/index.php\\\/2025\\\/02\\\/14\\\/radio-leinewelle-goes-berlinale-jeden-werktag-live\\\/#respond\"]}]},{\"@type\":\"WebPage\",\"@id\":\"https:\\\/\\\/radioleinewelle.de\\\/index.php\\\/2025\\\/02\\\/14\\\/radio-leinewelle-goes-berlinale-jeden-werktag-live\\\/\",\"url\":\"https:\\\/\\\/radioleinewelle.de\\\/index.php\\\/2025\\\/02\\\/14\\\/radio-leinewelle-goes-berlinale-jeden-werktag-live\\\/\",\"name\":\"Radio Leinewelle goes Berlinale - jeden Werktag live - Radio Leinewelle\",\"isPartOf\":{\"@id\":\"https:\\\/\\\/radioleinewelle.de\\\/#website\"},\"primaryImageOfPage\":{\"@id\":\"https:\\\/\\\/radioleinewelle.de\\\/index.php\\\/2025\\\/02\\\/14\\\/radio-leinewelle-goes-berlinale-jeden-werktag-live\\\/#primaryimage\"},\"image\":{\"@id\":\"https:\\\/\\\/radioleinewelle.de\\\/index.php\\\/2025\\\/02\\\/14\\\/radio-leinewelle-goes-berlinale-jeden-werktag-live\\\/#primaryimage\"},\"thumbnailUrl\":\"https:\\\/\\\/radioleinewelle.de\\\/wp-content\\\/uploads\\\/2025\\\/02\\\/bf2f8c70-09f6-46a6-86a5-51449aff052b.jpg\",\"datePublished\":\"2025-02-14T14:04:10+00:00\",\"dateModified\":\"2025-02-14T14:04:11+00:00\",\"breadcrumb\":{\"@id\":\"https:\\\/\\\/radioleinewelle.de\\\/index.php\\\/2025\\\/02\\\/14\\\/radio-leinewelle-goes-berlinale-jeden-werktag-live\\\/#breadcrumb\"},\"inLanguage\":\"de\",\"potentialAction\":[{\"@type\":\"ReadAction\",\"target\":[\"https:\\\/\\\/radioleinewelle.de\\\/index.php\\\/2025\\\/02\\\/14\\\/radio-leinewelle-goes-berlinale-jeden-werktag-live\\\/\"]}]},{\"@type\":\"ImageObject\",\"inLanguage\":\"de\",\"@id\":\"https:\\\/\\\/radioleinewelle.de\\\/index.php\\\/2025\\\/02\\\/14\\\/radio-leinewelle-goes-berlinale-jeden-werktag-live\\\/#primaryimage\",\"url\":\"https:\\\/\\\/radioleinewelle.de\\\/wp-content\\\/uploads\\\/2025\\\/02\\\/bf2f8c70-09f6-46a6-86a5-51449aff052b.jpg\",\"contentUrl\":\"https:\\\/\\\/radioleinewelle.de\\\/wp-content\\\/uploads\\\/2025\\\/02\\\/bf2f8c70-09f6-46a6-86a5-51449aff052b.jpg\",\"width\":1365,\"height\":1437},{\"@type\":\"BreadcrumbList\",\"@id\":\"https:\\\/\\\/radioleinewelle.de\\\/index.php\\\/2025\\\/02\\\/14\\\/radio-leinewelle-goes-berlinale-jeden-werktag-live\\\/#breadcrumb\",\"itemListElement\":[{\"@type\":\"ListItem\",\"position\":1,\"name\":\"Startseite\",\"item\":\"https:\\\/\\\/radioleinewelle.de\\\/\"},{\"@type\":\"ListItem\",\"position\":2,\"name\":\"Radio Leinewelle goes Berlinale &#8211; jeden Werktag live\"}]},{\"@type\":\"WebSite\",\"@id\":\"https:\\\/\\\/radioleinewelle.de\\\/#website\",\"url\":\"https:\\\/\\\/radioleinewelle.de\\\/\",\"name\":\"Radio Leinewelle\",\"description\":\"\",\"publisher\":{\"@id\":\"https:\\\/\\\/radioleinewelle.de\\\/#organization\"},\"potentialAction\":[{\"@type\":\"SearchAction\",\"target\":{\"@type\":\"EntryPoint\",\"urlTemplate\":\"https:\\\/\\\/radioleinewelle.de\\\/?s={search_term_string}\"},\"query-input\":{\"@type\":\"PropertyValueSpecification\",\"valueRequired\":true,\"valueName\":\"search_term_string\"}}],\"inLanguage\":\"de\"},{\"@type\":\"Organization\",\"@id\":\"https:\\\/\\\/radioleinewelle.de\\\/#organization\",\"name\":\"Radio Leinewelle\",\"alternateName\":\"Mein Radio f\u00fcr S\u00fcdniedersachsen\",\"url\":\"https:\\\/\\\/radioleinewelle.de\\\/\",\"logo\":{\"@type\":\"ImageObject\",\"inLanguage\":\"de\",\"@id\":\"https:\\\/\\\/radioleinewelle.de\\\/#\\\/schema\\\/logo\\\/image\\\/\",\"url\":\"https:\\\/\\\/radioleinewelle.de\\\/wp-content\\\/uploads\\\/2023\\\/11\\\/cropped-Leinewelle_Logo_weiss.png\",\"contentUrl\":\"https:\\\/\\\/radioleinewelle.de\\\/wp-content\\\/uploads\\\/2023\\\/11\\\/cropped-Leinewelle_Logo_weiss.png\",\"width\":854,\"height\":260,\"caption\":\"Radio Leinewelle\"},\"image\":{\"@id\":\"https:\\\/\\\/radioleinewelle.de\\\/#\\\/schema\\\/logo\\\/image\\\/\"},\"sameAs\":[\"https:\\\/\\\/www.facebook.com\\\/radioleinewelle\",\"https:\\\/\\\/x.com\\\/RLeinewelle\",\"https:\\\/\\\/www.instagram.com\\\/radioleinewelle\\\/?hl=de\"]},{\"@type\":\"Person\",\"@id\":\"https:\\\/\\\/radioleinewelle.de\\\/#\\\/schema\\\/person\\\/45606f348637df637192dc1b68399a63\",\"name\":\"Leinewelle\",\"image\":{\"@type\":\"ImageObject\",\"inLanguage\":\"de\",\"@id\":\"https:\\\/\\\/secure.gravatar.com\\\/avatar\\\/05c9a17bc973052ee5d91549bd32fb4dd0dc85b7b85ae94b2e2b4943476bbea5?s=96&d=blank&r=g\",\"url\":\"https:\\\/\\\/secure.gravatar.com\\\/avatar\\\/05c9a17bc973052ee5d91549bd32fb4dd0dc85b7b85ae94b2e2b4943476bbea5?s=96&d=blank&r=g\",\"contentUrl\":\"https:\\\/\\\/secure.gravatar.com\\\/avatar\\\/05c9a17bc973052ee5d91549bd32fb4dd0dc85b7b85ae94b2e2b4943476bbea5?s=96&d=blank&r=g\",\"caption\":\"Leinewelle\"},\"sameAs\":[\"http:\\\/\\\/localhost\\\/radio%20leinewelle\\\/wordpress\",\"https:\\\/\\\/www.facebook.com\\\/radioleinewelle\",\"https:\\\/\\\/www.instagram.com\\\/radioleinewelle\",\"https:\\\/\\\/x.com\\\/https:\\\/\\\/twitter.com\\\/RLeinewelle?ref_src=twsrcgoogletwcampserptwgrauthor\",\"https:\\\/\\\/soundcloud.com\\\/foerderverein-lokalradio?utm_source=clipboard&utm_medium=text&utm_campaign=social_sharing\"],\"url\":\"https:\\\/\\\/radioleinewelle.de\\\/index.php\\\/author\\\/leinewelle\\\/\"}]}<\/script>\n<!-- \/ Yoast SEO plugin. -->","yoast_head_json":{"title":"Radio Leinewelle goes Berlinale - jeden Werktag live - Radio Leinewelle","robots":{"index":"index","follow":"follow","max-snippet":"max-snippet:-1","max-image-preview":"max-image-preview:large","max-video-preview":"max-video-preview:-1"},"canonical":"https:\/\/radioleinewelle.de\/index.php\/2025\/02\/14\/radio-leinewelle-goes-berlinale-jeden-werktag-live\/","og_locale":"de_DE","og_type":"article","og_title":"Radio Leinewelle goes Berlinale - jeden Werktag live - Radio Leinewelle","og_description":"Auch in diesem Jahr berichten wir wieder mit Kollegen aus Oldenburg, Hamburg, Kiel, L\u00fcbeck und Westk\u00fcste live vom gr\u00f6\u00dften Publikumsfestival der Welt: der Berlinale. Mittlerweile die 75. Ausgabe, aber immer noch dicht am Geschehen im internationalen Filmbusiness. Heute Nachmittag ab 17 Uhr l\u00e4uft unsere erste Livesendung aus unserem Studio in der Schleswig-holsteinischen Landesvertretung. Wir berichten [&hellip;]","og_url":"https:\/\/radioleinewelle.de\/index.php\/2025\/02\/14\/radio-leinewelle-goes-berlinale-jeden-werktag-live\/","og_site_name":"Radio Leinewelle","article_publisher":"https:\/\/www.facebook.com\/radioleinewelle","article_author":"https:\/\/www.facebook.com\/radioleinewelle","article_published_time":"2025-02-14T14:04:10+00:00","article_modified_time":"2025-02-14T14:04:11+00:00","og_image":[{"width":1365,"height":1437,"url":"https:\/\/radioleinewelle.de\/wp-content\/uploads\/2025\/02\/bf2f8c70-09f6-46a6-86a5-51449aff052b.jpg","type":"image\/jpeg"}],"author":"Leinewelle","twitter_card":"summary_large_image","twitter_creator":"@https:\/\/twitter.com\/RLeinewelle?ref_src=twsrcgoogletwcampserptwgrauthor","twitter_site":"@RLeinewelle","twitter_misc":{"Verfasst von":"Leinewelle","Gesch\u00e4tzte Lesezeit":"1\u00a0Minute"},"schema":{"@context":"https:\/\/schema.org","@graph":[{"@type":"Article","@id":"https:\/\/radioleinewelle.de\/index.php\/2025\/02\/14\/radio-leinewelle-goes-berlinale-jeden-werktag-live\/#article","isPartOf":{"@id":"https:\/\/radioleinewelle.de\/index.php\/2025\/02\/14\/radio-leinewelle-goes-berlinale-jeden-werktag-live\/"},"author":{"name":"Leinewelle","@id":"https:\/\/radioleinewelle.de\/#\/schema\/person\/45606f348637df637192dc1b68399a63"},"headline":"Radio Leinewelle goes Berlinale &#8211; jeden Werktag live","datePublished":"2025-02-14T14:04:10+00:00","dateModified":"2025-02-14T14:04:11+00:00","mainEntityOfPage":{"@id":"https:\/\/radioleinewelle.de\/index.php\/2025\/02\/14\/radio-leinewelle-goes-berlinale-jeden-werktag-live\/"},"wordCount":115,"commentCount":0,"publisher":{"@id":"https:\/\/radioleinewelle.de\/#organization"},"image":{"@id":"https:\/\/radioleinewelle.de\/index.php\/2025\/02\/14\/radio-leinewelle-goes-berlinale-jeden-werktag-live\/#primaryimage"},"thumbnailUrl":"https:\/\/radioleinewelle.de\/wp-content\/uploads\/2025\/02\/bf2f8c70-09f6-46a6-86a5-51449aff052b.jpg","inLanguage":"de","potentialAction":[{"@type":"CommentAction","name":"Comment","target":["https:\/\/radioleinewelle.de\/index.php\/2025\/02\/14\/radio-leinewelle-goes-berlinale-jeden-werktag-live\/#respond"]}]},{"@type":"WebPage","@id":"https:\/\/radioleinewelle.de\/index.php\/2025\/02\/14\/radio-leinewelle-goes-berlinale-jeden-werktag-live\/","url":"https:\/\/radioleinewelle.de\/index.php\/2025\/02\/14\/radio-leinewelle-goes-berlinale-jeden-werktag-live\/","name":"Radio Leinewelle goes Berlinale - jeden Werktag live - Radio Leinewelle","isPartOf":{"@id":"https:\/\/radioleinewelle.de\/#website"},"primaryImageOfPage":{"@id":"https:\/\/radioleinewelle.de\/index.php\/2025\/02\/14\/radio-leinewelle-goes-berlinale-jeden-werktag-live\/#primaryimage"},"image":{"@id":"https:\/\/radioleinewelle.de\/index.php\/2025\/02\/14\/radio-leinewelle-goes-berlinale-jeden-werktag-live\/#primaryimage"},"thumbnailUrl":"https:\/\/radioleinewelle.de\/wp-content\/uploads\/2025\/02\/bf2f8c70-09f6-46a6-86a5-51449aff052b.jpg","datePublished":"2025-02-14T14:04:10+00:00","dateModified":"2025-02-14T14:04:11+00:00","breadcrumb":{"@id":"https:\/\/radioleinewelle.de\/index.php\/2025\/02\/14\/radio-leinewelle-goes-berlinale-jeden-werktag-live\/#breadcrumb"},"inLanguage":"de","potentialAction":[{"@type":"ReadAction","target":["https:\/\/radioleinewelle.de\/index.php\/2025\/02\/14\/radio-leinewelle-goes-berlinale-jeden-werktag-live\/"]}]},{"@type":"ImageObject","inLanguage":"de","@id":"https:\/\/radioleinewelle.de\/index.php\/2025\/02\/14\/radio-leinewelle-goes-berlinale-jeden-werktag-live\/#primaryimage","url":"https:\/\/radioleinewelle.de\/wp-content\/uploads\/2025\/02\/bf2f8c70-09f6-46a6-86a5-51449aff052b.jpg","contentUrl":"https:\/\/radioleinewelle.de\/wp-content\/uploads\/2025\/02\/bf2f8c70-09f6-46a6-86a5-51449aff052b.jpg","width":1365,"height":1437},{"@type":"BreadcrumbList","@id":"https:\/\/radioleinewelle.de\/index.php\/2025\/02\/14\/radio-leinewelle-goes-berlinale-jeden-werktag-live\/#breadcrumb","itemListElement":[{"@type":"ListItem","position":1,"name":"Startseite","item":"https:\/\/radioleinewelle.de\/"},{"@type":"ListItem","position":2,"name":"Radio Leinewelle goes Berlinale &#8211; jeden Werktag live"}]},{"@type":"WebSite","@id":"https:\/\/radioleinewelle.de\/#website","url":"https:\/\/radioleinewelle.de\/","name":"Radio Leinewelle","description":"","publisher":{"@id":"https:\/\/radioleinewelle.de\/#organization"},"potentialAction":[{"@type":"SearchAction","target":{"@type":"EntryPoint","urlTemplate":"https:\/\/radioleinewelle.de\/?s={search_term_string}"},"query-input":{"@type":"PropertyValueSpecification","valueRequired":true,"valueName":"search_term_string"}}],"inLanguage":"de"},{"@type":"Organization","@id":"https:\/\/radioleinewelle.de\/#organization","name":"Radio Leinewelle","alternateName":"Mein Radio f\u00fcr S\u00fcdniedersachsen","url":"https:\/\/radioleinewelle.de\/","logo":{"@type":"ImageObject","inLanguage":"de","@id":"https:\/\/radioleinewelle.de\/#\/schema\/logo\/image\/","url":"https:\/\/radioleinewelle.de\/wp-content\/uploads\/2023\/11\/cropped-Leinewelle_Logo_weiss.png","contentUrl":"https:\/\/radioleinewelle.de\/wp-content\/uploads\/2023\/11\/cropped-Leinewelle_Logo_weiss.png","width":854,"height":260,"caption":"Radio Leinewelle"},"image":{"@id":"https:\/\/radioleinewelle.de\/#\/schema\/logo\/image\/"},"sameAs":["https:\/\/www.facebook.com\/radioleinewelle","https:\/\/x.com\/RLeinewelle","https:\/\/www.instagram.com\/radioleinewelle\/?hl=de"]},{"@type":"Person","@id":"https:\/\/radioleinewelle.de\/#\/schema\/person\/45606f348637df637192dc1b68399a63","name":"Leinewelle","image":{"@type":"ImageObject","inLanguage":"de","@id":"https:\/\/secure.gravatar.com\/avatar\/05c9a17bc973052ee5d91549bd32fb4dd0dc85b7b85ae94b2e2b4943476bbea5?s=96&d=blank&r=g","url":"https:\/\/secure.gravatar.com\/avatar\/05c9a17bc973052ee5d91549bd32fb4dd0dc85b7b85ae94b2e2b4943476bbea5?s=96&d=blank&r=g","contentUrl":"https:\/\/secure.gravatar.com\/avatar\/05c9a17bc973052ee5d91549bd32fb4dd0dc85b7b85ae94b2e2b4943476bbea5?s=96&d=blank&r=g","caption":"Leinewelle"},"sameAs":["http:\/\/localhost\/radio%20leinewelle\/wordpress","https:\/\/www.facebook.com\/radioleinewelle","https:\/\/www.instagram.com\/radioleinewelle","https:\/\/x.com\/https:\/\/twitter.com\/RLeinewelle?ref_src=twsrcgoogletwcampserptwgrauthor","https:\/\/soundcloud.com\/foerderverein-lokalradio?utm_source=clipboard&utm_medium=text&utm_campaign=social_sharing"],"url":"https:\/\/radioleinewelle.de\/index.php\/author\/leinewelle\/"}]}},"_links":{"self":[{"href":"https:\/\/radioleinewelle.de\/index.php\/wp-json\/wp\/v2\/posts\/27501","targetHints":{"allow":["GET"]}}],"collection":[{"href":"https:\/\/radioleinewelle.de\/index.php\/wp-json\/wp\/v2\/posts"}],"about":[{"href":"https:\/\/radioleinewelle.de\/index.php\/wp-json\/wp\/v2\/types\/post"}],"author":[{"embeddable":true,"href":"https:\/\/radioleinewelle.de\/index.php\/wp-json\/wp\/v2\/users\/1"}],"replies":[{"embeddable":true,"href":"https:\/\/radioleinewelle.de\/index.php\/wp-json\/wp\/v2\/comments?post=27501"}],"version-history":[{"count":2,"href":"https:\/\/radioleinewelle.de\/index.php\/wp-json\/wp\/v2\/posts\/27501\/revisions"}],"predecessor-version":[{"id":27504,"href":"https:\/\/radioleinewelle.de\/index.php\/wp-json\/wp\/v2\/posts\/27501\/revisions\/27504"}],"wp:featuredmedia":[{"embeddable":true,"href":"https:\/\/radioleinewelle.de\/index.php\/wp-json\/wp\/v2\/media\/27502"}],"wp:attachment":[{"href":"https:\/\/radioleinewelle.de\/index.php\/wp-json\/wp\/v2\/media?parent=27501"}],"wp:term":[{"taxonomy":"category","embeddable":true,"href":"https:\/\/radioleinewelle.de\/index.php\/wp-json\/wp\/v2\/categories?post=27501"},{"taxonomy":"post_tag","embeddable":true,"href":"https:\/\/radioleinewelle.de\/index.php\/wp-json\/wp\/v2\/tags?post=27501"}],"curies":[{"name":"wp","href":"https:\/\/api.w.org\/{rel}","templated":true}]}}