{"id":2754,"date":"2020-11-05T05:10:50","date_gmt":"2020-11-05T04:10:50","guid":{"rendered":"https:\/\/radioleinewelle.de\/?p=2754"},"modified":"2020-11-05T05:10:50","modified_gmt":"2020-11-05T04:10:50","slug":"united-we-stream-arte-concert-setzt-zusammenarbeit-mit-berliner-clubinitiative-fort","status":"publish","type":"post","link":"https:\/\/radioleinewelle.de\/index.php\/2020\/11\/05\/united-we-stream-arte-concert-setzt-zusammenarbeit-mit-berliner-clubinitiative-fort\/","title":{"rendered":"United We Stream: ARTE Concert setzt Zusammenarbeit mit Berliner Clubinitiative fort"},"content":{"rendered":"<p><span class=\"b\">&#8222;United We Stream&#8220; geht weiter! Angesichts des zweiten Lockdowns deutscher Kulturst\u00e4tten haben ARTE Concert und die Clubcommission Berlin beschlossen, die Zusammenarbeit zur Unterst\u00fctzung der gef\u00e4hrdeten Clubszene wiederaufzunehmen: Ab sofort streamt ARTE Concert unter <\/span><a class=\"uri-ext outbound event-trigger\" href=\"https:\/\/www.arte.tv\/de\/videos\/RC-019297\/united-we-stream\/\" target=\"_blank\" data-category=\"story-outlink\" data-label=\"4753822\" data-action=\"click\" data-callback=\"link\" rel=\"noopener\">arte.tv\/unitedwestream<\/a><span class=\"b\"> erneut den ganzen November \u00fcber t\u00e4glich zwischen 21.00 Uhr und 00.00 Uhr Konzerte und DJ-Sets aus Berlin, Europa und der Welt.\u00a0<\/span>Die Kulturszene sieht sich einem zweiten Shutdown gegen\u00fcber; erste Hilfsma\u00dfnahmen f\u00fcr die Clubkultur sind angelaufen, doch der \u00f6ffentliche Blick \u00fcbersieht noch immer die zahlreichen existenzbedrohten K\u00fcnstlerInnen und Kulturschaffenden. Um diesen abermals Geh\u00f6r zu verschaffen und der vielf\u00e4ltigen, akut bedrohten Clubszene eine virtuelle B\u00fchne zu bieten, setzt ARTE Concert die \u00dcbertragung der erfolgreichen, von der Berliner Clubcommission und weiteren Akteuren der Szene ins Leben gerufenen Initiative &#8222;United We Stream&#8220; fort.<\/p>\n<p>In der &#8222;<span class=\"b\">November Lockdown Edition<\/span>&#8220; von UWS werden ab sofort t\u00e4glich zwischen 21.00 Uhr und 00.00 Uhr DJ-Sets, Live-Musik, und Performances live \u00fcbertragen. Den Auftakt am heutigen Abend machen die DJs <span class=\"b\">Lucia<\/span><span class=\"b\">Lu<\/span>, <span class=\"b\">Roman Fl\u00fcgel<\/span> und <span class=\"b\">Sally C<\/span> aus dem Rooftop-Studio des Atelier Berlin, von wo aus auch die f\u00fcr die kommenden Tage angesetzten Konzerte ohne Publikum \u00fcbertragen werden. Eine Ausweitung der \u00dcbertragungen aus weiteren St\u00e4dten des globalen &#8222;United We Stream&#8220;-Netzwerks ist in Planung.<\/p>\n<p>Das Projekt ist Teil der Aktion <span class=\"b\">#WirBleibenOffen!<\/span>, die von ARTE Concert ins Leben gerufen wurde und die f\u00fcr die Wochen der kulturellen Einschr\u00e4nkungen eine verst\u00e4rkte Zusammenarbeit mit Kulturinstitutionen und Kulturschaffenden vorsieht.<\/p>\n<p>Bereits im M\u00e4rz diesen Jahres hatten die Berliner Clubs, die Clubkommission und ARTE sich f\u00fcr das Projekt &#8222;United We Stream&#8220; zusammengeschlossen und mehr als zwei Monate lang t\u00e4gliche Livestreams aus der europ\u00e4ischen Clubszene geboten. Weltweit erzielte die Initiative &#8222;United We Stream&#8220; auf diversen Plattformen 150 Millionen Videoviews, 14 Millionen davon auf den Kan\u00e4len von ARTE Concert.<\/p>\n<p><span class=\"b\">Das Auftaktprogramm vom 4. November 2020 im \u00dcberblick:<\/span><\/p>\n<p>21:00 &#8211; 22:00 Uhr: <span class=\"b\">Lucia Lu<br \/>\n<\/span>22:00 &#8211; 23:00 Uhr: <span class=\"b\">Roman Fl\u00fcgel<br \/>\n<\/span>23:00 &#8211; 00:00 Uhr: <span class=\"b\">Sally C<\/span><\/p>\n<p>Alle Livestreams sind weltweit unter <a class=\"uri-ext outbound event-trigger\" href=\"https:\/\/www.arte.tv\/de\/videos\/RC-019297\/united-we-stream\/\" target=\"_blank\" data-category=\"story-outlink\" data-label=\"4753822\" data-action=\"click\" data-callback=\"link\" rel=\"noopener\">arte.tv\/unitedwestream<\/a> verf\u00fcgbar und auch im Anschluss weiterhin als Video-On-Demand bei ARTE Concert abrufbar.<\/p>\n<p>Bild von <a href=\"https:\/\/pixabay.com\/de\/users\/pexels-2286921\/?utm_source=link-attribution&amp;utm_medium=referral&amp;utm_campaign=image&amp;utm_content=1869222\">Pexels<\/a> auf <a href=\"https:\/\/pixabay.com\/de\/?utm_source=link-attribution&amp;utm_medium=referral&amp;utm_campaign=image&amp;utm_content=1869222\">Pixabay<\/a><\/p>\n","protected":false},"excerpt":{"rendered":"<p>&#8222;United We Stream&#8220; geht weiter! Angesichts des zweiten Lockdowns deutscher Kulturst\u00e4tten haben ARTE Concert und die Clubcommission Berlin beschlossen, die Zusammenarbeit zur Unterst\u00fctzung der gef\u00e4hrdeten Clubszene wiederaufzunehmen: Ab sofort streamt ARTE Concert unter arte.tv\/unitedwestream erneut den ganzen November \u00fcber t\u00e4glich zwischen 21.00 Uhr und 00.00 Uhr Konzerte und DJ-Sets aus Berlin, Europa und der Welt.\u00a0Die [&hellip;]<\/p>\n","protected":false},"author":1,"featured_media":2756,"comment_status":"closed","ping_status":"closed","sticky":false,"template":"","format":"standard","meta":{"saved_in_kubio":false,"footnotes":""},"categories":[45],"tags":[],"class_list":["post-2754","post","type-post","status-publish","format-standard","has-post-thumbnail","hentry","category-kultur"],"yoast_head":"<!-- This site is optimized with the Yoast SEO plugin v27.5 - https:\/\/yoast.com\/product\/yoast-seo-wordpress\/ -->\n<title>United We Stream: ARTE Concert setzt Zusammenarbeit mit Berliner Clubinitiative fort - Radio Leinewelle<\/title>\n<meta name=\"robots\" content=\"index, follow, max-snippet:-1, max-image-preview:large, max-video-preview:-1\" \/>\n<link rel=\"canonical\" href=\"https:\/\/radioleinewelle.de\/index.php\/2020\/11\/05\/united-we-stream-arte-concert-setzt-zusammenarbeit-mit-berliner-clubinitiative-fort\/\" \/>\n<meta property=\"og:locale\" content=\"de_DE\" \/>\n<meta property=\"og:type\" content=\"article\" \/>\n<meta property=\"og:title\" content=\"United We Stream: ARTE Concert setzt Zusammenarbeit mit Berliner Clubinitiative fort - Radio Leinewelle\" \/>\n<meta property=\"og:description\" content=\"&#8222;United We Stream&#8220; geht weiter! Angesichts des zweiten Lockdowns deutscher Kulturst\u00e4tten haben ARTE Concert und die Clubcommission Berlin beschlossen, die Zusammenarbeit zur Unterst\u00fctzung der gef\u00e4hrdeten Clubszene wiederaufzunehmen: Ab sofort streamt ARTE Concert unter arte.tv\/unitedwestream erneut den ganzen November \u00fcber t\u00e4glich zwischen 21.00 Uhr und 00.00 Uhr Konzerte und DJ-Sets aus Berlin, Europa und der Welt.\u00a0Die [&hellip;]\" \/>\n<meta property=\"og:url\" content=\"https:\/\/radioleinewelle.de\/index.php\/2020\/11\/05\/united-we-stream-arte-concert-setzt-zusammenarbeit-mit-berliner-clubinitiative-fort\/\" \/>\n<meta property=\"og:site_name\" content=\"Radio Leinewelle\" \/>\n<meta property=\"article:publisher\" content=\"https:\/\/www.facebook.com\/radioleinewelle\" \/>\n<meta property=\"article:author\" content=\"https:\/\/www.facebook.com\/radioleinewelle\" \/>\n<meta property=\"article:published_time\" content=\"2020-11-05T04:10:50+00:00\" \/>\n<meta property=\"og:image\" content=\"https:\/\/radioleinewelle.de\/wp-content\/uploads\/2020\/11\/club-1869222_640.jpg\" \/>\n\t<meta property=\"og:image:width\" content=\"640\" \/>\n\t<meta property=\"og:image:height\" content=\"425\" \/>\n\t<meta property=\"og:image:type\" content=\"image\/jpeg\" \/>\n<meta name=\"author\" content=\"Leinewelle\" \/>\n<meta name=\"twitter:card\" content=\"summary_large_image\" \/>\n<meta name=\"twitter:creator\" content=\"@https:\/\/twitter.com\/RLeinewelle?ref_src=twsrcgoogletwcampserptwgrauthor\" \/>\n<meta name=\"twitter:site\" content=\"@RLeinewelle\" \/>\n<meta name=\"twitter:label1\" content=\"Verfasst von\" \/>\n\t<meta name=\"twitter:data1\" content=\"Leinewelle\" \/>\n\t<meta name=\"twitter:label2\" content=\"Gesch\u00e4tzte Lesezeit\" \/>\n\t<meta name=\"twitter:data2\" content=\"2\u00a0Minuten\" \/>\n<script type=\"application\/ld+json\" class=\"yoast-schema-graph\">{\"@context\":\"https:\\\/\\\/schema.org\",\"@graph\":[{\"@type\":\"Article\",\"@id\":\"https:\\\/\\\/radioleinewelle.de\\\/index.php\\\/2020\\\/11\\\/05\\\/united-we-stream-arte-concert-setzt-zusammenarbeit-mit-berliner-clubinitiative-fort\\\/#article\",\"isPartOf\":{\"@id\":\"https:\\\/\\\/radioleinewelle.de\\\/index.php\\\/2020\\\/11\\\/05\\\/united-we-stream-arte-concert-setzt-zusammenarbeit-mit-berliner-clubinitiative-fort\\\/\"},\"author\":{\"name\":\"Leinewelle\",\"@id\":\"https:\\\/\\\/radioleinewelle.de\\\/#\\\/schema\\\/person\\\/45606f348637df637192dc1b68399a63\"},\"headline\":\"United We Stream: ARTE Concert setzt Zusammenarbeit mit Berliner Clubinitiative fort\",\"datePublished\":\"2020-11-05T04:10:50+00:00\",\"mainEntityOfPage\":{\"@id\":\"https:\\\/\\\/radioleinewelle.de\\\/index.php\\\/2020\\\/11\\\/05\\\/united-we-stream-arte-concert-setzt-zusammenarbeit-mit-berliner-clubinitiative-fort\\\/\"},\"wordCount\":361,\"publisher\":{\"@id\":\"https:\\\/\\\/radioleinewelle.de\\\/#organization\"},\"image\":{\"@id\":\"https:\\\/\\\/radioleinewelle.de\\\/index.php\\\/2020\\\/11\\\/05\\\/united-we-stream-arte-concert-setzt-zusammenarbeit-mit-berliner-clubinitiative-fort\\\/#primaryimage\"},\"thumbnailUrl\":\"https:\\\/\\\/radioleinewelle.de\\\/wp-content\\\/uploads\\\/2020\\\/11\\\/club-1869222_640.jpg\",\"articleSection\":[\"Kultur\"],\"inLanguage\":\"de\"},{\"@type\":\"WebPage\",\"@id\":\"https:\\\/\\\/radioleinewelle.de\\\/index.php\\\/2020\\\/11\\\/05\\\/united-we-stream-arte-concert-setzt-zusammenarbeit-mit-berliner-clubinitiative-fort\\\/\",\"url\":\"https:\\\/\\\/radioleinewelle.de\\\/index.php\\\/2020\\\/11\\\/05\\\/united-we-stream-arte-concert-setzt-zusammenarbeit-mit-berliner-clubinitiative-fort\\\/\",\"name\":\"United We Stream: ARTE Concert setzt Zusammenarbeit mit Berliner Clubinitiative fort - Radio Leinewelle\",\"isPartOf\":{\"@id\":\"https:\\\/\\\/radioleinewelle.de\\\/#website\"},\"primaryImageOfPage\":{\"@id\":\"https:\\\/\\\/radioleinewelle.de\\\/index.php\\\/2020\\\/11\\\/05\\\/united-we-stream-arte-concert-setzt-zusammenarbeit-mit-berliner-clubinitiative-fort\\\/#primaryimage\"},\"image\":{\"@id\":\"https:\\\/\\\/radioleinewelle.de\\\/index.php\\\/2020\\\/11\\\/05\\\/united-we-stream-arte-concert-setzt-zusammenarbeit-mit-berliner-clubinitiative-fort\\\/#primaryimage\"},\"thumbnailUrl\":\"https:\\\/\\\/radioleinewelle.de\\\/wp-content\\\/uploads\\\/2020\\\/11\\\/club-1869222_640.jpg\",\"datePublished\":\"2020-11-05T04:10:50+00:00\",\"breadcrumb\":{\"@id\":\"https:\\\/\\\/radioleinewelle.de\\\/index.php\\\/2020\\\/11\\\/05\\\/united-we-stream-arte-concert-setzt-zusammenarbeit-mit-berliner-clubinitiative-fort\\\/#breadcrumb\"},\"inLanguage\":\"de\",\"potentialAction\":[{\"@type\":\"ReadAction\",\"target\":[\"https:\\\/\\\/radioleinewelle.de\\\/index.php\\\/2020\\\/11\\\/05\\\/united-we-stream-arte-concert-setzt-zusammenarbeit-mit-berliner-clubinitiative-fort\\\/\"]}]},{\"@type\":\"ImageObject\",\"inLanguage\":\"de\",\"@id\":\"https:\\\/\\\/radioleinewelle.de\\\/index.php\\\/2020\\\/11\\\/05\\\/united-we-stream-arte-concert-setzt-zusammenarbeit-mit-berliner-clubinitiative-fort\\\/#primaryimage\",\"url\":\"https:\\\/\\\/radioleinewelle.de\\\/wp-content\\\/uploads\\\/2020\\\/11\\\/club-1869222_640.jpg\",\"contentUrl\":\"https:\\\/\\\/radioleinewelle.de\\\/wp-content\\\/uploads\\\/2020\\\/11\\\/club-1869222_640.jpg\",\"width\":640,\"height\":425},{\"@type\":\"BreadcrumbList\",\"@id\":\"https:\\\/\\\/radioleinewelle.de\\\/index.php\\\/2020\\\/11\\\/05\\\/united-we-stream-arte-concert-setzt-zusammenarbeit-mit-berliner-clubinitiative-fort\\\/#breadcrumb\",\"itemListElement\":[{\"@type\":\"ListItem\",\"position\":1,\"name\":\"Startseite\",\"item\":\"https:\\\/\\\/radioleinewelle.de\\\/\"},{\"@type\":\"ListItem\",\"position\":2,\"name\":\"United We Stream: ARTE Concert setzt Zusammenarbeit mit Berliner Clubinitiative fort\"}]},{\"@type\":\"WebSite\",\"@id\":\"https:\\\/\\\/radioleinewelle.de\\\/#website\",\"url\":\"https:\\\/\\\/radioleinewelle.de\\\/\",\"name\":\"Radio Leinewelle\",\"description\":\"\",\"publisher\":{\"@id\":\"https:\\\/\\\/radioleinewelle.de\\\/#organization\"},\"potentialAction\":[{\"@type\":\"SearchAction\",\"target\":{\"@type\":\"EntryPoint\",\"urlTemplate\":\"https:\\\/\\\/radioleinewelle.de\\\/?s={search_term_string}\"},\"query-input\":{\"@type\":\"PropertyValueSpecification\",\"valueRequired\":true,\"valueName\":\"search_term_string\"}}],\"inLanguage\":\"de\"},{\"@type\":\"Organization\",\"@id\":\"https:\\\/\\\/radioleinewelle.de\\\/#organization\",\"name\":\"Radio Leinewelle\",\"alternateName\":\"Mein Radio f\u00fcr S\u00fcdniedersachsen\",\"url\":\"https:\\\/\\\/radioleinewelle.de\\\/\",\"logo\":{\"@type\":\"ImageObject\",\"inLanguage\":\"de\",\"@id\":\"https:\\\/\\\/radioleinewelle.de\\\/#\\\/schema\\\/logo\\\/image\\\/\",\"url\":\"https:\\\/\\\/radioleinewelle.de\\\/wp-content\\\/uploads\\\/2023\\\/11\\\/cropped-Leinewelle_Logo_weiss.png\",\"contentUrl\":\"https:\\\/\\\/radioleinewelle.de\\\/wp-content\\\/uploads\\\/2023\\\/11\\\/cropped-Leinewelle_Logo_weiss.png\",\"width\":854,\"height\":260,\"caption\":\"Radio Leinewelle\"},\"image\":{\"@id\":\"https:\\\/\\\/radioleinewelle.de\\\/#\\\/schema\\\/logo\\\/image\\\/\"},\"sameAs\":[\"https:\\\/\\\/www.facebook.com\\\/radioleinewelle\",\"https:\\\/\\\/x.com\\\/RLeinewelle\",\"https:\\\/\\\/www.instagram.com\\\/radioleinewelle\\\/?hl=de\"]},{\"@type\":\"Person\",\"@id\":\"https:\\\/\\\/radioleinewelle.de\\\/#\\\/schema\\\/person\\\/45606f348637df637192dc1b68399a63\",\"name\":\"Leinewelle\",\"image\":{\"@type\":\"ImageObject\",\"inLanguage\":\"de\",\"@id\":\"https:\\\/\\\/secure.gravatar.com\\\/avatar\\\/05c9a17bc973052ee5d91549bd32fb4dd0dc85b7b85ae94b2e2b4943476bbea5?s=96&d=blank&r=g\",\"url\":\"https:\\\/\\\/secure.gravatar.com\\\/avatar\\\/05c9a17bc973052ee5d91549bd32fb4dd0dc85b7b85ae94b2e2b4943476bbea5?s=96&d=blank&r=g\",\"contentUrl\":\"https:\\\/\\\/secure.gravatar.com\\\/avatar\\\/05c9a17bc973052ee5d91549bd32fb4dd0dc85b7b85ae94b2e2b4943476bbea5?s=96&d=blank&r=g\",\"caption\":\"Leinewelle\"},\"sameAs\":[\"http:\\\/\\\/localhost\\\/radio%20leinewelle\\\/wordpress\",\"https:\\\/\\\/www.facebook.com\\\/radioleinewelle\",\"https:\\\/\\\/www.instagram.com\\\/radioleinewelle\",\"https:\\\/\\\/x.com\\\/https:\\\/\\\/twitter.com\\\/RLeinewelle?ref_src=twsrcgoogletwcampserptwgrauthor\",\"https:\\\/\\\/soundcloud.com\\\/foerderverein-lokalradio?utm_source=clipboard&utm_medium=text&utm_campaign=social_sharing\"],\"url\":\"https:\\\/\\\/radioleinewelle.de\\\/index.php\\\/author\\\/leinewelle\\\/\"}]}<\/script>\n<!-- \/ Yoast SEO plugin. -->","yoast_head_json":{"title":"United We Stream: ARTE Concert setzt Zusammenarbeit mit Berliner Clubinitiative fort - Radio Leinewelle","robots":{"index":"index","follow":"follow","max-snippet":"max-snippet:-1","max-image-preview":"max-image-preview:large","max-video-preview":"max-video-preview:-1"},"canonical":"https:\/\/radioleinewelle.de\/index.php\/2020\/11\/05\/united-we-stream-arte-concert-setzt-zusammenarbeit-mit-berliner-clubinitiative-fort\/","og_locale":"de_DE","og_type":"article","og_title":"United We Stream: ARTE Concert setzt Zusammenarbeit mit Berliner Clubinitiative fort - Radio Leinewelle","og_description":"&#8222;United We Stream&#8220; geht weiter! Angesichts des zweiten Lockdowns deutscher Kulturst\u00e4tten haben ARTE Concert und die Clubcommission Berlin beschlossen, die Zusammenarbeit zur Unterst\u00fctzung der gef\u00e4hrdeten Clubszene wiederaufzunehmen: Ab sofort streamt ARTE Concert unter arte.tv\/unitedwestream erneut den ganzen November \u00fcber t\u00e4glich zwischen 21.00 Uhr und 00.00 Uhr Konzerte und DJ-Sets aus Berlin, Europa und der Welt.\u00a0Die [&hellip;]","og_url":"https:\/\/radioleinewelle.de\/index.php\/2020\/11\/05\/united-we-stream-arte-concert-setzt-zusammenarbeit-mit-berliner-clubinitiative-fort\/","og_site_name":"Radio Leinewelle","article_publisher":"https:\/\/www.facebook.com\/radioleinewelle","article_author":"https:\/\/www.facebook.com\/radioleinewelle","article_published_time":"2020-11-05T04:10:50+00:00","og_image":[{"width":640,"height":425,"url":"https:\/\/radioleinewelle.de\/wp-content\/uploads\/2020\/11\/club-1869222_640.jpg","type":"image\/jpeg"}],"author":"Leinewelle","twitter_card":"summary_large_image","twitter_creator":"@https:\/\/twitter.com\/RLeinewelle?ref_src=twsrcgoogletwcampserptwgrauthor","twitter_site":"@RLeinewelle","twitter_misc":{"Verfasst von":"Leinewelle","Gesch\u00e4tzte Lesezeit":"2\u00a0Minuten"},"schema":{"@context":"https:\/\/schema.org","@graph":[{"@type":"Article","@id":"https:\/\/radioleinewelle.de\/index.php\/2020\/11\/05\/united-we-stream-arte-concert-setzt-zusammenarbeit-mit-berliner-clubinitiative-fort\/#article","isPartOf":{"@id":"https:\/\/radioleinewelle.de\/index.php\/2020\/11\/05\/united-we-stream-arte-concert-setzt-zusammenarbeit-mit-berliner-clubinitiative-fort\/"},"author":{"name":"Leinewelle","@id":"https:\/\/radioleinewelle.de\/#\/schema\/person\/45606f348637df637192dc1b68399a63"},"headline":"United We Stream: ARTE Concert setzt Zusammenarbeit mit Berliner Clubinitiative fort","datePublished":"2020-11-05T04:10:50+00:00","mainEntityOfPage":{"@id":"https:\/\/radioleinewelle.de\/index.php\/2020\/11\/05\/united-we-stream-arte-concert-setzt-zusammenarbeit-mit-berliner-clubinitiative-fort\/"},"wordCount":361,"publisher":{"@id":"https:\/\/radioleinewelle.de\/#organization"},"image":{"@id":"https:\/\/radioleinewelle.de\/index.php\/2020\/11\/05\/united-we-stream-arte-concert-setzt-zusammenarbeit-mit-berliner-clubinitiative-fort\/#primaryimage"},"thumbnailUrl":"https:\/\/radioleinewelle.de\/wp-content\/uploads\/2020\/11\/club-1869222_640.jpg","articleSection":["Kultur"],"inLanguage":"de"},{"@type":"WebPage","@id":"https:\/\/radioleinewelle.de\/index.php\/2020\/11\/05\/united-we-stream-arte-concert-setzt-zusammenarbeit-mit-berliner-clubinitiative-fort\/","url":"https:\/\/radioleinewelle.de\/index.php\/2020\/11\/05\/united-we-stream-arte-concert-setzt-zusammenarbeit-mit-berliner-clubinitiative-fort\/","name":"United We Stream: ARTE Concert setzt Zusammenarbeit mit Berliner Clubinitiative fort - Radio Leinewelle","isPartOf":{"@id":"https:\/\/radioleinewelle.de\/#website"},"primaryImageOfPage":{"@id":"https:\/\/radioleinewelle.de\/index.php\/2020\/11\/05\/united-we-stream-arte-concert-setzt-zusammenarbeit-mit-berliner-clubinitiative-fort\/#primaryimage"},"image":{"@id":"https:\/\/radioleinewelle.de\/index.php\/2020\/11\/05\/united-we-stream-arte-concert-setzt-zusammenarbeit-mit-berliner-clubinitiative-fort\/#primaryimage"},"thumbnailUrl":"https:\/\/radioleinewelle.de\/wp-content\/uploads\/2020\/11\/club-1869222_640.jpg","datePublished":"2020-11-05T04:10:50+00:00","breadcrumb":{"@id":"https:\/\/radioleinewelle.de\/index.php\/2020\/11\/05\/united-we-stream-arte-concert-setzt-zusammenarbeit-mit-berliner-clubinitiative-fort\/#breadcrumb"},"inLanguage":"de","potentialAction":[{"@type":"ReadAction","target":["https:\/\/radioleinewelle.de\/index.php\/2020\/11\/05\/united-we-stream-arte-concert-setzt-zusammenarbeit-mit-berliner-clubinitiative-fort\/"]}]},{"@type":"ImageObject","inLanguage":"de","@id":"https:\/\/radioleinewelle.de\/index.php\/2020\/11\/05\/united-we-stream-arte-concert-setzt-zusammenarbeit-mit-berliner-clubinitiative-fort\/#primaryimage","url":"https:\/\/radioleinewelle.de\/wp-content\/uploads\/2020\/11\/club-1869222_640.jpg","contentUrl":"https:\/\/radioleinewelle.de\/wp-content\/uploads\/2020\/11\/club-1869222_640.jpg","width":640,"height":425},{"@type":"BreadcrumbList","@id":"https:\/\/radioleinewelle.de\/index.php\/2020\/11\/05\/united-we-stream-arte-concert-setzt-zusammenarbeit-mit-berliner-clubinitiative-fort\/#breadcrumb","itemListElement":[{"@type":"ListItem","position":1,"name":"Startseite","item":"https:\/\/radioleinewelle.de\/"},{"@type":"ListItem","position":2,"name":"United We Stream: ARTE Concert setzt Zusammenarbeit mit Berliner Clubinitiative fort"}]},{"@type":"WebSite","@id":"https:\/\/radioleinewelle.de\/#website","url":"https:\/\/radioleinewelle.de\/","name":"Radio Leinewelle","description":"","publisher":{"@id":"https:\/\/radioleinewelle.de\/#organization"},"potentialAction":[{"@type":"SearchAction","target":{"@type":"EntryPoint","urlTemplate":"https:\/\/radioleinewelle.de\/?s={search_term_string}"},"query-input":{"@type":"PropertyValueSpecification","valueRequired":true,"valueName":"search_term_string"}}],"inLanguage":"de"},{"@type":"Organization","@id":"https:\/\/radioleinewelle.de\/#organization","name":"Radio Leinewelle","alternateName":"Mein Radio f\u00fcr S\u00fcdniedersachsen","url":"https:\/\/radioleinewelle.de\/","logo":{"@type":"ImageObject","inLanguage":"de","@id":"https:\/\/radioleinewelle.de\/#\/schema\/logo\/image\/","url":"https:\/\/radioleinewelle.de\/wp-content\/uploads\/2023\/11\/cropped-Leinewelle_Logo_weiss.png","contentUrl":"https:\/\/radioleinewelle.de\/wp-content\/uploads\/2023\/11\/cropped-Leinewelle_Logo_weiss.png","width":854,"height":260,"caption":"Radio Leinewelle"},"image":{"@id":"https:\/\/radioleinewelle.de\/#\/schema\/logo\/image\/"},"sameAs":["https:\/\/www.facebook.com\/radioleinewelle","https:\/\/x.com\/RLeinewelle","https:\/\/www.instagram.com\/radioleinewelle\/?hl=de"]},{"@type":"Person","@id":"https:\/\/radioleinewelle.de\/#\/schema\/person\/45606f348637df637192dc1b68399a63","name":"Leinewelle","image":{"@type":"ImageObject","inLanguage":"de","@id":"https:\/\/secure.gravatar.com\/avatar\/05c9a17bc973052ee5d91549bd32fb4dd0dc85b7b85ae94b2e2b4943476bbea5?s=96&d=blank&r=g","url":"https:\/\/secure.gravatar.com\/avatar\/05c9a17bc973052ee5d91549bd32fb4dd0dc85b7b85ae94b2e2b4943476bbea5?s=96&d=blank&r=g","contentUrl":"https:\/\/secure.gravatar.com\/avatar\/05c9a17bc973052ee5d91549bd32fb4dd0dc85b7b85ae94b2e2b4943476bbea5?s=96&d=blank&r=g","caption":"Leinewelle"},"sameAs":["http:\/\/localhost\/radio%20leinewelle\/wordpress","https:\/\/www.facebook.com\/radioleinewelle","https:\/\/www.instagram.com\/radioleinewelle","https:\/\/x.com\/https:\/\/twitter.com\/RLeinewelle?ref_src=twsrcgoogletwcampserptwgrauthor","https:\/\/soundcloud.com\/foerderverein-lokalradio?utm_source=clipboard&utm_medium=text&utm_campaign=social_sharing"],"url":"https:\/\/radioleinewelle.de\/index.php\/author\/leinewelle\/"}]}},"_links":{"self":[{"href":"https:\/\/radioleinewelle.de\/index.php\/wp-json\/wp\/v2\/posts\/2754","targetHints":{"allow":["GET"]}}],"collection":[{"href":"https:\/\/radioleinewelle.de\/index.php\/wp-json\/wp\/v2\/posts"}],"about":[{"href":"https:\/\/radioleinewelle.de\/index.php\/wp-json\/wp\/v2\/types\/post"}],"author":[{"embeddable":true,"href":"https:\/\/radioleinewelle.de\/index.php\/wp-json\/wp\/v2\/users\/1"}],"replies":[{"embeddable":true,"href":"https:\/\/radioleinewelle.de\/index.php\/wp-json\/wp\/v2\/comments?post=2754"}],"version-history":[{"count":0,"href":"https:\/\/radioleinewelle.de\/index.php\/wp-json\/wp\/v2\/posts\/2754\/revisions"}],"wp:featuredmedia":[{"embeddable":true,"href":"https:\/\/radioleinewelle.de\/index.php\/wp-json\/wp\/v2\/media\/2756"}],"wp:attachment":[{"href":"https:\/\/radioleinewelle.de\/index.php\/wp-json\/wp\/v2\/media?parent=2754"}],"wp:term":[{"taxonomy":"category","embeddable":true,"href":"https:\/\/radioleinewelle.de\/index.php\/wp-json\/wp\/v2\/categories?post=2754"},{"taxonomy":"post_tag","embeddable":true,"href":"https:\/\/radioleinewelle.de\/index.php\/wp-json\/wp\/v2\/tags?post=2754"}],"curies":[{"name":"wp","href":"https:\/\/api.w.org\/{rel}","templated":true}]}}