{"id":27562,"date":"2025-02-26T07:08:30","date_gmt":"2025-02-26T06:08:30","guid":{"rendered":"https:\/\/radioleinewelle.de\/?p=27562"},"modified":"2025-02-26T07:08:31","modified_gmt":"2025-02-26T06:08:31","slug":"erhebung-in-den-gesellenstand-kfz-mechatroniker-in-duderstadt-freigesprochen","status":"publish","type":"post","link":"https:\/\/radioleinewelle.de\/index.php\/2025\/02\/26\/erhebung-in-den-gesellenstand-kfz-mechatroniker-in-duderstadt-freigesprochen\/","title":{"rendered":"Erhebung in den Gesellenstand &#8211; KfZ Mechatroniker in Duderstadt freigesprochen"},"content":{"rendered":"\n<p>Nach erfolgreicher Ausbildung haben alle sieben Auszubildenden, die in den Berufsbildenden Schulen Duderstadt zur Schule gingen, in der letzten Woche ihren Gesellenbrief erhalten.<\/p>\n\n\n\n<p>Die Fachlehrer Thomas Sattler, Ren\u00e9 Otto und Teamleiter Reinhold Schrader gratulieren Lennard Artmann (Westphal, Osterode), Tim Kn\u00f6chelmann (Teichgr\u00e4ber, Eberg\u00f6tzen), Elias Lorscheider ( Erhardt, Obernfeld), Mick Peter ( Reifen Erhardt, Duderstadt), Jannik Reimann (Autohaus Falke, Herzberg) und Aaron-Ragnar Schmack (Autohaus Siebrecht, Uslar) zur bestandenen Pr\u00fcfung.<\/p>\n\n\n\n<p>Bereits im Sommer hat Mario Claus (Opel D\u00fcrkop, G\u00f6ttingen) seinen Gesellenbrief erhalten.<br><strong>Foto:<\/strong> \u00a9BBS Duderstadt<\/p>\n","protected":false},"excerpt":{"rendered":"<p>Nach erfolgreicher Ausbildung haben alle sieben Auszubildenden, die in den Berufsbildenden Schulen Duderstadt zur Schule gingen, in der letzten Woche ihren Gesellenbrief erhalten. Die Fachlehrer Thomas Sattler, Ren\u00e9 Otto und Teamleiter Reinhold Schrader gratulieren Lennard Artmann (Westphal, Osterode), Tim Kn\u00f6chelmann (Teichgr\u00e4ber, Eberg\u00f6tzen), Elias Lorscheider ( Erhardt, Obernfeld), Mick Peter ( Reifen Erhardt, Duderstadt), Jannik Reimann [&hellip;]<\/p>\n","protected":false},"author":1,"featured_media":27564,"comment_status":"open","ping_status":"open","sticky":false,"template":"","format":"standard","meta":{"saved_in_kubio":false,"footnotes":""},"categories":[1],"tags":[],"class_list":["post-27562","post","type-post","status-publish","format-standard","has-post-thumbnail","hentry","category-allgemein"],"yoast_head":"<!-- This site is optimized with the Yoast SEO plugin v27.4 - https:\/\/yoast.com\/product\/yoast-seo-wordpress\/ -->\n<title>Erhebung in den Gesellenstand - KfZ Mechatroniker in Duderstadt freigesprochen - Radio Leinewelle<\/title>\n<meta name=\"robots\" content=\"index, follow, max-snippet:-1, max-image-preview:large, max-video-preview:-1\" \/>\n<link rel=\"canonical\" href=\"https:\/\/radioleinewelle.de\/index.php\/2025\/02\/26\/erhebung-in-den-gesellenstand-kfz-mechatroniker-in-duderstadt-freigesprochen\/\" \/>\n<meta property=\"og:locale\" content=\"de_DE\" \/>\n<meta property=\"og:type\" content=\"article\" \/>\n<meta property=\"og:title\" content=\"Erhebung in den Gesellenstand - KfZ Mechatroniker in Duderstadt freigesprochen - Radio Leinewelle\" \/>\n<meta property=\"og:description\" content=\"Nach erfolgreicher Ausbildung haben alle sieben Auszubildenden, die in den Berufsbildenden Schulen Duderstadt zur Schule gingen, in der letzten Woche ihren Gesellenbrief erhalten. Die Fachlehrer Thomas Sattler, Ren\u00e9 Otto und Teamleiter Reinhold Schrader gratulieren Lennard Artmann (Westphal, Osterode), Tim Kn\u00f6chelmann (Teichgr\u00e4ber, Eberg\u00f6tzen), Elias Lorscheider ( Erhardt, Obernfeld), Mick Peter ( Reifen Erhardt, Duderstadt), Jannik Reimann [&hellip;]\" \/>\n<meta property=\"og:url\" content=\"https:\/\/radioleinewelle.de\/index.php\/2025\/02\/26\/erhebung-in-den-gesellenstand-kfz-mechatroniker-in-duderstadt-freigesprochen\/\" \/>\n<meta property=\"og:site_name\" content=\"Radio Leinewelle\" \/>\n<meta property=\"article:publisher\" content=\"https:\/\/www.facebook.com\/radioleinewelle\" \/>\n<meta property=\"article:author\" content=\"https:\/\/www.facebook.com\/radioleinewelle\" \/>\n<meta property=\"article:published_time\" content=\"2025-02-26T06:08:30+00:00\" \/>\n<meta property=\"article:modified_time\" content=\"2025-02-26T06:08:31+00:00\" \/>\n<meta property=\"og:image\" content=\"https:\/\/radioleinewelle.de\/wp-content\/uploads\/2025\/02\/Freisprechung-2025.jpg\" \/>\n\t<meta property=\"og:image:width\" content=\"1480\" \/>\n\t<meta property=\"og:image:height\" content=\"940\" \/>\n\t<meta property=\"og:image:type\" content=\"image\/jpeg\" \/>\n<meta name=\"author\" content=\"Leinewelle\" \/>\n<meta name=\"twitter:card\" content=\"summary_large_image\" \/>\n<meta name=\"twitter:creator\" content=\"@https:\/\/twitter.com\/RLeinewelle?ref_src=twsrcgoogletwcampserptwgrauthor\" \/>\n<meta name=\"twitter:site\" content=\"@RLeinewelle\" \/>\n<meta name=\"twitter:label1\" content=\"Verfasst von\" \/>\n\t<meta name=\"twitter:data1\" content=\"Leinewelle\" \/>\n\t<meta name=\"twitter:label2\" content=\"Gesch\u00e4tzte Lesezeit\" \/>\n\t<meta name=\"twitter:data2\" content=\"1\u00a0Minute\" \/>\n<script type=\"application\/ld+json\" class=\"yoast-schema-graph\">{\"@context\":\"https:\\\/\\\/schema.org\",\"@graph\":[{\"@type\":\"Article\",\"@id\":\"https:\\\/\\\/radioleinewelle.de\\\/index.php\\\/2025\\\/02\\\/26\\\/erhebung-in-den-gesellenstand-kfz-mechatroniker-in-duderstadt-freigesprochen\\\/#article\",\"isPartOf\":{\"@id\":\"https:\\\/\\\/radioleinewelle.de\\\/index.php\\\/2025\\\/02\\\/26\\\/erhebung-in-den-gesellenstand-kfz-mechatroniker-in-duderstadt-freigesprochen\\\/\"},\"author\":{\"name\":\"Leinewelle\",\"@id\":\"https:\\\/\\\/radioleinewelle.de\\\/#\\\/schema\\\/person\\\/45606f348637df637192dc1b68399a63\"},\"headline\":\"Erhebung in den Gesellenstand &#8211; KfZ Mechatroniker in Duderstadt freigesprochen\",\"datePublished\":\"2025-02-26T06:08:30+00:00\",\"dateModified\":\"2025-02-26T06:08:31+00:00\",\"mainEntityOfPage\":{\"@id\":\"https:\\\/\\\/radioleinewelle.de\\\/index.php\\\/2025\\\/02\\\/26\\\/erhebung-in-den-gesellenstand-kfz-mechatroniker-in-duderstadt-freigesprochen\\\/\"},\"wordCount\":96,\"commentCount\":0,\"publisher\":{\"@id\":\"https:\\\/\\\/radioleinewelle.de\\\/#organization\"},\"image\":{\"@id\":\"https:\\\/\\\/radioleinewelle.de\\\/index.php\\\/2025\\\/02\\\/26\\\/erhebung-in-den-gesellenstand-kfz-mechatroniker-in-duderstadt-freigesprochen\\\/#primaryimage\"},\"thumbnailUrl\":\"https:\\\/\\\/radioleinewelle.de\\\/wp-content\\\/uploads\\\/2025\\\/02\\\/Freisprechung-2025.jpg\",\"inLanguage\":\"de\",\"potentialAction\":[{\"@type\":\"CommentAction\",\"name\":\"Comment\",\"target\":[\"https:\\\/\\\/radioleinewelle.de\\\/index.php\\\/2025\\\/02\\\/26\\\/erhebung-in-den-gesellenstand-kfz-mechatroniker-in-duderstadt-freigesprochen\\\/#respond\"]}]},{\"@type\":\"WebPage\",\"@id\":\"https:\\\/\\\/radioleinewelle.de\\\/index.php\\\/2025\\\/02\\\/26\\\/erhebung-in-den-gesellenstand-kfz-mechatroniker-in-duderstadt-freigesprochen\\\/\",\"url\":\"https:\\\/\\\/radioleinewelle.de\\\/index.php\\\/2025\\\/02\\\/26\\\/erhebung-in-den-gesellenstand-kfz-mechatroniker-in-duderstadt-freigesprochen\\\/\",\"name\":\"Erhebung in den Gesellenstand - KfZ Mechatroniker in Duderstadt freigesprochen - Radio Leinewelle\",\"isPartOf\":{\"@id\":\"https:\\\/\\\/radioleinewelle.de\\\/#website\"},\"primaryImageOfPage\":{\"@id\":\"https:\\\/\\\/radioleinewelle.de\\\/index.php\\\/2025\\\/02\\\/26\\\/erhebung-in-den-gesellenstand-kfz-mechatroniker-in-duderstadt-freigesprochen\\\/#primaryimage\"},\"image\":{\"@id\":\"https:\\\/\\\/radioleinewelle.de\\\/index.php\\\/2025\\\/02\\\/26\\\/erhebung-in-den-gesellenstand-kfz-mechatroniker-in-duderstadt-freigesprochen\\\/#primaryimage\"},\"thumbnailUrl\":\"https:\\\/\\\/radioleinewelle.de\\\/wp-content\\\/uploads\\\/2025\\\/02\\\/Freisprechung-2025.jpg\",\"datePublished\":\"2025-02-26T06:08:30+00:00\",\"dateModified\":\"2025-02-26T06:08:31+00:00\",\"breadcrumb\":{\"@id\":\"https:\\\/\\\/radioleinewelle.de\\\/index.php\\\/2025\\\/02\\\/26\\\/erhebung-in-den-gesellenstand-kfz-mechatroniker-in-duderstadt-freigesprochen\\\/#breadcrumb\"},\"inLanguage\":\"de\",\"potentialAction\":[{\"@type\":\"ReadAction\",\"target\":[\"https:\\\/\\\/radioleinewelle.de\\\/index.php\\\/2025\\\/02\\\/26\\\/erhebung-in-den-gesellenstand-kfz-mechatroniker-in-duderstadt-freigesprochen\\\/\"]}]},{\"@type\":\"ImageObject\",\"inLanguage\":\"de\",\"@id\":\"https:\\\/\\\/radioleinewelle.de\\\/index.php\\\/2025\\\/02\\\/26\\\/erhebung-in-den-gesellenstand-kfz-mechatroniker-in-duderstadt-freigesprochen\\\/#primaryimage\",\"url\":\"https:\\\/\\\/radioleinewelle.de\\\/wp-content\\\/uploads\\\/2025\\\/02\\\/Freisprechung-2025.jpg\",\"contentUrl\":\"https:\\\/\\\/radioleinewelle.de\\\/wp-content\\\/uploads\\\/2025\\\/02\\\/Freisprechung-2025.jpg\",\"width\":1480,\"height\":940},{\"@type\":\"BreadcrumbList\",\"@id\":\"https:\\\/\\\/radioleinewelle.de\\\/index.php\\\/2025\\\/02\\\/26\\\/erhebung-in-den-gesellenstand-kfz-mechatroniker-in-duderstadt-freigesprochen\\\/#breadcrumb\",\"itemListElement\":[{\"@type\":\"ListItem\",\"position\":1,\"name\":\"Startseite\",\"item\":\"https:\\\/\\\/radioleinewelle.de\\\/\"},{\"@type\":\"ListItem\",\"position\":2,\"name\":\"Erhebung in den Gesellenstand &#8211; KfZ Mechatroniker in Duderstadt freigesprochen\"}]},{\"@type\":\"WebSite\",\"@id\":\"https:\\\/\\\/radioleinewelle.de\\\/#website\",\"url\":\"https:\\\/\\\/radioleinewelle.de\\\/\",\"name\":\"Radio Leinewelle\",\"description\":\"\",\"publisher\":{\"@id\":\"https:\\\/\\\/radioleinewelle.de\\\/#organization\"},\"potentialAction\":[{\"@type\":\"SearchAction\",\"target\":{\"@type\":\"EntryPoint\",\"urlTemplate\":\"https:\\\/\\\/radioleinewelle.de\\\/?s={search_term_string}\"},\"query-input\":{\"@type\":\"PropertyValueSpecification\",\"valueRequired\":true,\"valueName\":\"search_term_string\"}}],\"inLanguage\":\"de\"},{\"@type\":\"Organization\",\"@id\":\"https:\\\/\\\/radioleinewelle.de\\\/#organization\",\"name\":\"Radio Leinewelle\",\"alternateName\":\"Mein Radio f\u00fcr S\u00fcdniedersachsen\",\"url\":\"https:\\\/\\\/radioleinewelle.de\\\/\",\"logo\":{\"@type\":\"ImageObject\",\"inLanguage\":\"de\",\"@id\":\"https:\\\/\\\/radioleinewelle.de\\\/#\\\/schema\\\/logo\\\/image\\\/\",\"url\":\"https:\\\/\\\/radioleinewelle.de\\\/wp-content\\\/uploads\\\/2023\\\/11\\\/cropped-Leinewelle_Logo_weiss.png\",\"contentUrl\":\"https:\\\/\\\/radioleinewelle.de\\\/wp-content\\\/uploads\\\/2023\\\/11\\\/cropped-Leinewelle_Logo_weiss.png\",\"width\":854,\"height\":260,\"caption\":\"Radio Leinewelle\"},\"image\":{\"@id\":\"https:\\\/\\\/radioleinewelle.de\\\/#\\\/schema\\\/logo\\\/image\\\/\"},\"sameAs\":[\"https:\\\/\\\/www.facebook.com\\\/radioleinewelle\",\"https:\\\/\\\/x.com\\\/RLeinewelle\",\"https:\\\/\\\/www.instagram.com\\\/radioleinewelle\\\/?hl=de\"]},{\"@type\":\"Person\",\"@id\":\"https:\\\/\\\/radioleinewelle.de\\\/#\\\/schema\\\/person\\\/45606f348637df637192dc1b68399a63\",\"name\":\"Leinewelle\",\"image\":{\"@type\":\"ImageObject\",\"inLanguage\":\"de\",\"@id\":\"https:\\\/\\\/secure.gravatar.com\\\/avatar\\\/05c9a17bc973052ee5d91549bd32fb4dd0dc85b7b85ae94b2e2b4943476bbea5?s=96&d=blank&r=g\",\"url\":\"https:\\\/\\\/secure.gravatar.com\\\/avatar\\\/05c9a17bc973052ee5d91549bd32fb4dd0dc85b7b85ae94b2e2b4943476bbea5?s=96&d=blank&r=g\",\"contentUrl\":\"https:\\\/\\\/secure.gravatar.com\\\/avatar\\\/05c9a17bc973052ee5d91549bd32fb4dd0dc85b7b85ae94b2e2b4943476bbea5?s=96&d=blank&r=g\",\"caption\":\"Leinewelle\"},\"sameAs\":[\"http:\\\/\\\/localhost\\\/radio%20leinewelle\\\/wordpress\",\"https:\\\/\\\/www.facebook.com\\\/radioleinewelle\",\"https:\\\/\\\/www.instagram.com\\\/radioleinewelle\",\"https:\\\/\\\/x.com\\\/https:\\\/\\\/twitter.com\\\/RLeinewelle?ref_src=twsrcgoogletwcampserptwgrauthor\",\"https:\\\/\\\/soundcloud.com\\\/foerderverein-lokalradio?utm_source=clipboard&utm_medium=text&utm_campaign=social_sharing\"],\"url\":\"https:\\\/\\\/radioleinewelle.de\\\/index.php\\\/author\\\/leinewelle\\\/\"}]}<\/script>\n<!-- \/ Yoast SEO plugin. -->","yoast_head_json":{"title":"Erhebung in den Gesellenstand - KfZ Mechatroniker in Duderstadt freigesprochen - Radio Leinewelle","robots":{"index":"index","follow":"follow","max-snippet":"max-snippet:-1","max-image-preview":"max-image-preview:large","max-video-preview":"max-video-preview:-1"},"canonical":"https:\/\/radioleinewelle.de\/index.php\/2025\/02\/26\/erhebung-in-den-gesellenstand-kfz-mechatroniker-in-duderstadt-freigesprochen\/","og_locale":"de_DE","og_type":"article","og_title":"Erhebung in den Gesellenstand - KfZ Mechatroniker in Duderstadt freigesprochen - Radio Leinewelle","og_description":"Nach erfolgreicher Ausbildung haben alle sieben Auszubildenden, die in den Berufsbildenden Schulen Duderstadt zur Schule gingen, in der letzten Woche ihren Gesellenbrief erhalten. Die Fachlehrer Thomas Sattler, Ren\u00e9 Otto und Teamleiter Reinhold Schrader gratulieren Lennard Artmann (Westphal, Osterode), Tim Kn\u00f6chelmann (Teichgr\u00e4ber, Eberg\u00f6tzen), Elias Lorscheider ( Erhardt, Obernfeld), Mick Peter ( Reifen Erhardt, Duderstadt), Jannik Reimann [&hellip;]","og_url":"https:\/\/radioleinewelle.de\/index.php\/2025\/02\/26\/erhebung-in-den-gesellenstand-kfz-mechatroniker-in-duderstadt-freigesprochen\/","og_site_name":"Radio Leinewelle","article_publisher":"https:\/\/www.facebook.com\/radioleinewelle","article_author":"https:\/\/www.facebook.com\/radioleinewelle","article_published_time":"2025-02-26T06:08:30+00:00","article_modified_time":"2025-02-26T06:08:31+00:00","og_image":[{"width":1480,"height":940,"url":"https:\/\/radioleinewelle.de\/wp-content\/uploads\/2025\/02\/Freisprechung-2025.jpg","type":"image\/jpeg"}],"author":"Leinewelle","twitter_card":"summary_large_image","twitter_creator":"@https:\/\/twitter.com\/RLeinewelle?ref_src=twsrcgoogletwcampserptwgrauthor","twitter_site":"@RLeinewelle","twitter_misc":{"Verfasst von":"Leinewelle","Gesch\u00e4tzte Lesezeit":"1\u00a0Minute"},"schema":{"@context":"https:\/\/schema.org","@graph":[{"@type":"Article","@id":"https:\/\/radioleinewelle.de\/index.php\/2025\/02\/26\/erhebung-in-den-gesellenstand-kfz-mechatroniker-in-duderstadt-freigesprochen\/#article","isPartOf":{"@id":"https:\/\/radioleinewelle.de\/index.php\/2025\/02\/26\/erhebung-in-den-gesellenstand-kfz-mechatroniker-in-duderstadt-freigesprochen\/"},"author":{"name":"Leinewelle","@id":"https:\/\/radioleinewelle.de\/#\/schema\/person\/45606f348637df637192dc1b68399a63"},"headline":"Erhebung in den Gesellenstand &#8211; KfZ Mechatroniker in Duderstadt freigesprochen","datePublished":"2025-02-26T06:08:30+00:00","dateModified":"2025-02-26T06:08:31+00:00","mainEntityOfPage":{"@id":"https:\/\/radioleinewelle.de\/index.php\/2025\/02\/26\/erhebung-in-den-gesellenstand-kfz-mechatroniker-in-duderstadt-freigesprochen\/"},"wordCount":96,"commentCount":0,"publisher":{"@id":"https:\/\/radioleinewelle.de\/#organization"},"image":{"@id":"https:\/\/radioleinewelle.de\/index.php\/2025\/02\/26\/erhebung-in-den-gesellenstand-kfz-mechatroniker-in-duderstadt-freigesprochen\/#primaryimage"},"thumbnailUrl":"https:\/\/radioleinewelle.de\/wp-content\/uploads\/2025\/02\/Freisprechung-2025.jpg","inLanguage":"de","potentialAction":[{"@type":"CommentAction","name":"Comment","target":["https:\/\/radioleinewelle.de\/index.php\/2025\/02\/26\/erhebung-in-den-gesellenstand-kfz-mechatroniker-in-duderstadt-freigesprochen\/#respond"]}]},{"@type":"WebPage","@id":"https:\/\/radioleinewelle.de\/index.php\/2025\/02\/26\/erhebung-in-den-gesellenstand-kfz-mechatroniker-in-duderstadt-freigesprochen\/","url":"https:\/\/radioleinewelle.de\/index.php\/2025\/02\/26\/erhebung-in-den-gesellenstand-kfz-mechatroniker-in-duderstadt-freigesprochen\/","name":"Erhebung in den Gesellenstand - KfZ Mechatroniker in Duderstadt freigesprochen - Radio Leinewelle","isPartOf":{"@id":"https:\/\/radioleinewelle.de\/#website"},"primaryImageOfPage":{"@id":"https:\/\/radioleinewelle.de\/index.php\/2025\/02\/26\/erhebung-in-den-gesellenstand-kfz-mechatroniker-in-duderstadt-freigesprochen\/#primaryimage"},"image":{"@id":"https:\/\/radioleinewelle.de\/index.php\/2025\/02\/26\/erhebung-in-den-gesellenstand-kfz-mechatroniker-in-duderstadt-freigesprochen\/#primaryimage"},"thumbnailUrl":"https:\/\/radioleinewelle.de\/wp-content\/uploads\/2025\/02\/Freisprechung-2025.jpg","datePublished":"2025-02-26T06:08:30+00:00","dateModified":"2025-02-26T06:08:31+00:00","breadcrumb":{"@id":"https:\/\/radioleinewelle.de\/index.php\/2025\/02\/26\/erhebung-in-den-gesellenstand-kfz-mechatroniker-in-duderstadt-freigesprochen\/#breadcrumb"},"inLanguage":"de","potentialAction":[{"@type":"ReadAction","target":["https:\/\/radioleinewelle.de\/index.php\/2025\/02\/26\/erhebung-in-den-gesellenstand-kfz-mechatroniker-in-duderstadt-freigesprochen\/"]}]},{"@type":"ImageObject","inLanguage":"de","@id":"https:\/\/radioleinewelle.de\/index.php\/2025\/02\/26\/erhebung-in-den-gesellenstand-kfz-mechatroniker-in-duderstadt-freigesprochen\/#primaryimage","url":"https:\/\/radioleinewelle.de\/wp-content\/uploads\/2025\/02\/Freisprechung-2025.jpg","contentUrl":"https:\/\/radioleinewelle.de\/wp-content\/uploads\/2025\/02\/Freisprechung-2025.jpg","width":1480,"height":940},{"@type":"BreadcrumbList","@id":"https:\/\/radioleinewelle.de\/index.php\/2025\/02\/26\/erhebung-in-den-gesellenstand-kfz-mechatroniker-in-duderstadt-freigesprochen\/#breadcrumb","itemListElement":[{"@type":"ListItem","position":1,"name":"Startseite","item":"https:\/\/radioleinewelle.de\/"},{"@type":"ListItem","position":2,"name":"Erhebung in den Gesellenstand &#8211; KfZ Mechatroniker in Duderstadt freigesprochen"}]},{"@type":"WebSite","@id":"https:\/\/radioleinewelle.de\/#website","url":"https:\/\/radioleinewelle.de\/","name":"Radio Leinewelle","description":"","publisher":{"@id":"https:\/\/radioleinewelle.de\/#organization"},"potentialAction":[{"@type":"SearchAction","target":{"@type":"EntryPoint","urlTemplate":"https:\/\/radioleinewelle.de\/?s={search_term_string}"},"query-input":{"@type":"PropertyValueSpecification","valueRequired":true,"valueName":"search_term_string"}}],"inLanguage":"de"},{"@type":"Organization","@id":"https:\/\/radioleinewelle.de\/#organization","name":"Radio Leinewelle","alternateName":"Mein Radio f\u00fcr S\u00fcdniedersachsen","url":"https:\/\/radioleinewelle.de\/","logo":{"@type":"ImageObject","inLanguage":"de","@id":"https:\/\/radioleinewelle.de\/#\/schema\/logo\/image\/","url":"https:\/\/radioleinewelle.de\/wp-content\/uploads\/2023\/11\/cropped-Leinewelle_Logo_weiss.png","contentUrl":"https:\/\/radioleinewelle.de\/wp-content\/uploads\/2023\/11\/cropped-Leinewelle_Logo_weiss.png","width":854,"height":260,"caption":"Radio Leinewelle"},"image":{"@id":"https:\/\/radioleinewelle.de\/#\/schema\/logo\/image\/"},"sameAs":["https:\/\/www.facebook.com\/radioleinewelle","https:\/\/x.com\/RLeinewelle","https:\/\/www.instagram.com\/radioleinewelle\/?hl=de"]},{"@type":"Person","@id":"https:\/\/radioleinewelle.de\/#\/schema\/person\/45606f348637df637192dc1b68399a63","name":"Leinewelle","image":{"@type":"ImageObject","inLanguage":"de","@id":"https:\/\/secure.gravatar.com\/avatar\/05c9a17bc973052ee5d91549bd32fb4dd0dc85b7b85ae94b2e2b4943476bbea5?s=96&d=blank&r=g","url":"https:\/\/secure.gravatar.com\/avatar\/05c9a17bc973052ee5d91549bd32fb4dd0dc85b7b85ae94b2e2b4943476bbea5?s=96&d=blank&r=g","contentUrl":"https:\/\/secure.gravatar.com\/avatar\/05c9a17bc973052ee5d91549bd32fb4dd0dc85b7b85ae94b2e2b4943476bbea5?s=96&d=blank&r=g","caption":"Leinewelle"},"sameAs":["http:\/\/localhost\/radio%20leinewelle\/wordpress","https:\/\/www.facebook.com\/radioleinewelle","https:\/\/www.instagram.com\/radioleinewelle","https:\/\/x.com\/https:\/\/twitter.com\/RLeinewelle?ref_src=twsrcgoogletwcampserptwgrauthor","https:\/\/soundcloud.com\/foerderverein-lokalradio?utm_source=clipboard&utm_medium=text&utm_campaign=social_sharing"],"url":"https:\/\/radioleinewelle.de\/index.php\/author\/leinewelle\/"}]}},"_links":{"self":[{"href":"https:\/\/radioleinewelle.de\/index.php\/wp-json\/wp\/v2\/posts\/27562","targetHints":{"allow":["GET"]}}],"collection":[{"href":"https:\/\/radioleinewelle.de\/index.php\/wp-json\/wp\/v2\/posts"}],"about":[{"href":"https:\/\/radioleinewelle.de\/index.php\/wp-json\/wp\/v2\/types\/post"}],"author":[{"embeddable":true,"href":"https:\/\/radioleinewelle.de\/index.php\/wp-json\/wp\/v2\/users\/1"}],"replies":[{"embeddable":true,"href":"https:\/\/radioleinewelle.de\/index.php\/wp-json\/wp\/v2\/comments?post=27562"}],"version-history":[{"count":2,"href":"https:\/\/radioleinewelle.de\/index.php\/wp-json\/wp\/v2\/posts\/27562\/revisions"}],"predecessor-version":[{"id":27565,"href":"https:\/\/radioleinewelle.de\/index.php\/wp-json\/wp\/v2\/posts\/27562\/revisions\/27565"}],"wp:featuredmedia":[{"embeddable":true,"href":"https:\/\/radioleinewelle.de\/index.php\/wp-json\/wp\/v2\/media\/27564"}],"wp:attachment":[{"href":"https:\/\/radioleinewelle.de\/index.php\/wp-json\/wp\/v2\/media?parent=27562"}],"wp:term":[{"taxonomy":"category","embeddable":true,"href":"https:\/\/radioleinewelle.de\/index.php\/wp-json\/wp\/v2\/categories?post=27562"},{"taxonomy":"post_tag","embeddable":true,"href":"https:\/\/radioleinewelle.de\/index.php\/wp-json\/wp\/v2\/tags?post=27562"}],"curies":[{"name":"wp","href":"https:\/\/api.w.org\/{rel}","templated":true}]}}