{"id":2759,"date":"2020-11-05T05:19:30","date_gmt":"2020-11-05T04:19:30","guid":{"rendered":"https:\/\/radioleinewelle.de\/?p=2759"},"modified":"2020-11-05T05:19:30","modified_gmt":"2020-11-05T04:19:30","slug":"deutscher-biodiversitaetspreis-2020-preisverleihung-und-experten-talk","status":"publish","type":"post","link":"https:\/\/radioleinewelle.de\/index.php\/2020\/11\/05\/deutscher-biodiversitaetspreis-2020-preisverleihung-und-experten-talk\/","title":{"rendered":"Deutscher Biodiversit\u00e4tspreis 2020 &#8211; Preisverleihung und Experten-Talk"},"content":{"rendered":"<p><span class=\"style-scope yt-formatted-string\" dir=\"auto\">Am 5. November verleiht die Sielmann Stiftung den mit 10.000 Euro dotierten Deutschen Biodiversit\u00e4tspreis 2020. In diesem Jahr findet die Preisverleihung auf Gut Herbigshagen erstmals ohne Publikum statt, daf\u00fcr kann die Veranstaltung online live mitverfolgt werden. Dabei diskutieren Preistr\u00e4ger und Experten in der Talkrunde &#8222;Wie \u00fcberwinden wir die Biodiversit\u00e4tskrise?&#8220; \u00fcber M\u00f6glichkeiten und L\u00f6sungen, um den Verlust der biologischen Vielfalt zu stoppen. Moderation: Alexander Greiner Mehr zum Schutz der biologischen Vielfalt: <\/span><a class=\"yt-simple-endpoint style-scope yt-formatted-string\" dir=\"auto\" spellcheck=\"false\" href=\"https:\/\/www.youtube.com\/redirect?q=https%3A%2F%2Fwww.sielmann-stiftung.de%2F&amp;event=video_description&amp;v=et8fyRChEKQ&amp;redir_token=QUFFLUhqbXJ1ckdXOU5mWGw1RVlKZ1dQWUVxRWZUVmFmZ3xBQ3Jtc0tsNDBsOEdSN1dVWnFtaVFNZHdUZmhjYXlnQXNTcWVzTXl4d1MwcU5pSGVtY2t4aXA0d2JYV3pNT2Q5aUhzVTN4bmw5YkNlcVdmN1RseFNYZmxvN0E0dlhVMy10ZlFpRHZQYXEtS21TdEtrQmdWSm1rdw%3D%3D\" target=\"_blank\" rel=\"nofollow noopener\">https:\/\/www.sielmann-stiftung.de\/<\/a><\/p>\n<p>Der Livestream findet sich unter:\u00a0<a href=\"https:\/\/www.youtube.com\/user\/SielmannStiftung\">https:\/\/www.youtube.com\/user\/SielmannStiftung<\/a><\/p>\n<p>Foto: \u00a9Radio Leinewelle (ue)<\/p>\n","protected":false},"excerpt":{"rendered":"<p>Am 5. November verleiht die Sielmann Stiftung den mit 10.000 Euro dotierten Deutschen Biodiversit\u00e4tspreis 2020. In diesem Jahr findet die Preisverleihung auf Gut Herbigshagen erstmals ohne Publikum statt, daf\u00fcr kann die Veranstaltung online live mitverfolgt werden. Dabei diskutieren Preistr\u00e4ger und Experten in der Talkrunde &#8222;Wie \u00fcberwinden wir die Biodiversit\u00e4tskrise?&#8220; \u00fcber M\u00f6glichkeiten und L\u00f6sungen, um den [&hellip;]<\/p>\n","protected":false},"author":1,"featured_media":0,"comment_status":"closed","ping_status":"closed","sticky":false,"template":"","format":"standard","meta":{"saved_in_kubio":false,"footnotes":""},"categories":[1,32],"tags":[],"class_list":["post-2759","post","type-post","status-publish","format-standard","hentry","category-allgemein","category-natur-umwelt"],"yoast_head":"<!-- This site is optimized with the Yoast SEO plugin v27.5 - https:\/\/yoast.com\/product\/yoast-seo-wordpress\/ -->\n<title>Deutscher Biodiversit\u00e4tspreis 2020 - Preisverleihung und Experten-Talk - Radio Leinewelle<\/title>\n<meta name=\"robots\" content=\"index, follow, max-snippet:-1, max-image-preview:large, max-video-preview:-1\" \/>\n<link rel=\"canonical\" href=\"https:\/\/radioleinewelle.de\/index.php\/2020\/11\/05\/deutscher-biodiversitaetspreis-2020-preisverleihung-und-experten-talk\/\" \/>\n<meta property=\"og:locale\" content=\"de_DE\" \/>\n<meta property=\"og:type\" content=\"article\" \/>\n<meta property=\"og:title\" content=\"Deutscher Biodiversit\u00e4tspreis 2020 - Preisverleihung und Experten-Talk - Radio Leinewelle\" \/>\n<meta property=\"og:description\" content=\"Am 5. November verleiht die Sielmann Stiftung den mit 10.000 Euro dotierten Deutschen Biodiversit\u00e4tspreis 2020. In diesem Jahr findet die Preisverleihung auf Gut Herbigshagen erstmals ohne Publikum statt, daf\u00fcr kann die Veranstaltung online live mitverfolgt werden. Dabei diskutieren Preistr\u00e4ger und Experten in der Talkrunde &#8222;Wie \u00fcberwinden wir die Biodiversit\u00e4tskrise?&#8220; \u00fcber M\u00f6glichkeiten und L\u00f6sungen, um den [&hellip;]\" \/>\n<meta property=\"og:url\" content=\"https:\/\/radioleinewelle.de\/index.php\/2020\/11\/05\/deutscher-biodiversitaetspreis-2020-preisverleihung-und-experten-talk\/\" \/>\n<meta property=\"og:site_name\" content=\"Radio Leinewelle\" \/>\n<meta property=\"article:publisher\" content=\"https:\/\/www.facebook.com\/radioleinewelle\" \/>\n<meta property=\"article:author\" content=\"https:\/\/www.facebook.com\/radioleinewelle\" \/>\n<meta property=\"article:published_time\" content=\"2020-11-05T04:19:30+00:00\" \/>\n<meta name=\"author\" content=\"Leinewelle\" \/>\n<meta name=\"twitter:card\" content=\"summary_large_image\" \/>\n<meta name=\"twitter:creator\" content=\"@https:\/\/twitter.com\/RLeinewelle?ref_src=twsrcgoogletwcampserptwgrauthor\" \/>\n<meta name=\"twitter:site\" content=\"@RLeinewelle\" \/>\n<meta name=\"twitter:label1\" content=\"Verfasst von\" \/>\n\t<meta name=\"twitter:data1\" content=\"Leinewelle\" \/>\n<script type=\"application\/ld+json\" class=\"yoast-schema-graph\">{\"@context\":\"https:\\\/\\\/schema.org\",\"@graph\":[{\"@type\":\"Article\",\"@id\":\"https:\\\/\\\/radioleinewelle.de\\\/index.php\\\/2020\\\/11\\\/05\\\/deutscher-biodiversitaetspreis-2020-preisverleihung-und-experten-talk\\\/#article\",\"isPartOf\":{\"@id\":\"https:\\\/\\\/radioleinewelle.de\\\/index.php\\\/2020\\\/11\\\/05\\\/deutscher-biodiversitaetspreis-2020-preisverleihung-und-experten-talk\\\/\"},\"author\":{\"name\":\"Leinewelle\",\"@id\":\"https:\\\/\\\/radioleinewelle.de\\\/#\\\/schema\\\/person\\\/45606f348637df637192dc1b68399a63\"},\"headline\":\"Deutscher Biodiversit\u00e4tspreis 2020 &#8211; Preisverleihung und Experten-Talk\",\"datePublished\":\"2020-11-05T04:19:30+00:00\",\"mainEntityOfPage\":{\"@id\":\"https:\\\/\\\/radioleinewelle.de\\\/index.php\\\/2020\\\/11\\\/05\\\/deutscher-biodiversitaetspreis-2020-preisverleihung-und-experten-talk\\\/\"},\"wordCount\":99,\"publisher\":{\"@id\":\"https:\\\/\\\/radioleinewelle.de\\\/#organization\"},\"articleSection\":{\"1\":\"Natur &amp; Umwelt\"},\"inLanguage\":\"de\"},{\"@type\":\"WebPage\",\"@id\":\"https:\\\/\\\/radioleinewelle.de\\\/index.php\\\/2020\\\/11\\\/05\\\/deutscher-biodiversitaetspreis-2020-preisverleihung-und-experten-talk\\\/\",\"url\":\"https:\\\/\\\/radioleinewelle.de\\\/index.php\\\/2020\\\/11\\\/05\\\/deutscher-biodiversitaetspreis-2020-preisverleihung-und-experten-talk\\\/\",\"name\":\"Deutscher Biodiversit\u00e4tspreis 2020 - Preisverleihung und Experten-Talk - Radio Leinewelle\",\"isPartOf\":{\"@id\":\"https:\\\/\\\/radioleinewelle.de\\\/#website\"},\"datePublished\":\"2020-11-05T04:19:30+00:00\",\"breadcrumb\":{\"@id\":\"https:\\\/\\\/radioleinewelle.de\\\/index.php\\\/2020\\\/11\\\/05\\\/deutscher-biodiversitaetspreis-2020-preisverleihung-und-experten-talk\\\/#breadcrumb\"},\"inLanguage\":\"de\",\"potentialAction\":[{\"@type\":\"ReadAction\",\"target\":[\"https:\\\/\\\/radioleinewelle.de\\\/index.php\\\/2020\\\/11\\\/05\\\/deutscher-biodiversitaetspreis-2020-preisverleihung-und-experten-talk\\\/\"]}]},{\"@type\":\"BreadcrumbList\",\"@id\":\"https:\\\/\\\/radioleinewelle.de\\\/index.php\\\/2020\\\/11\\\/05\\\/deutscher-biodiversitaetspreis-2020-preisverleihung-und-experten-talk\\\/#breadcrumb\",\"itemListElement\":[{\"@type\":\"ListItem\",\"position\":1,\"name\":\"Startseite\",\"item\":\"https:\\\/\\\/radioleinewelle.de\\\/\"},{\"@type\":\"ListItem\",\"position\":2,\"name\":\"Deutscher Biodiversit\u00e4tspreis 2020 &#8211; Preisverleihung und Experten-Talk\"}]},{\"@type\":\"WebSite\",\"@id\":\"https:\\\/\\\/radioleinewelle.de\\\/#website\",\"url\":\"https:\\\/\\\/radioleinewelle.de\\\/\",\"name\":\"Radio Leinewelle\",\"description\":\"\",\"publisher\":{\"@id\":\"https:\\\/\\\/radioleinewelle.de\\\/#organization\"},\"potentialAction\":[{\"@type\":\"SearchAction\",\"target\":{\"@type\":\"EntryPoint\",\"urlTemplate\":\"https:\\\/\\\/radioleinewelle.de\\\/?s={search_term_string}\"},\"query-input\":{\"@type\":\"PropertyValueSpecification\",\"valueRequired\":true,\"valueName\":\"search_term_string\"}}],\"inLanguage\":\"de\"},{\"@type\":\"Organization\",\"@id\":\"https:\\\/\\\/radioleinewelle.de\\\/#organization\",\"name\":\"Radio Leinewelle\",\"alternateName\":\"Mein Radio f\u00fcr S\u00fcdniedersachsen\",\"url\":\"https:\\\/\\\/radioleinewelle.de\\\/\",\"logo\":{\"@type\":\"ImageObject\",\"inLanguage\":\"de\",\"@id\":\"https:\\\/\\\/radioleinewelle.de\\\/#\\\/schema\\\/logo\\\/image\\\/\",\"url\":\"https:\\\/\\\/radioleinewelle.de\\\/wp-content\\\/uploads\\\/2023\\\/11\\\/cropped-Leinewelle_Logo_weiss.png\",\"contentUrl\":\"https:\\\/\\\/radioleinewelle.de\\\/wp-content\\\/uploads\\\/2023\\\/11\\\/cropped-Leinewelle_Logo_weiss.png\",\"width\":854,\"height\":260,\"caption\":\"Radio Leinewelle\"},\"image\":{\"@id\":\"https:\\\/\\\/radioleinewelle.de\\\/#\\\/schema\\\/logo\\\/image\\\/\"},\"sameAs\":[\"https:\\\/\\\/www.facebook.com\\\/radioleinewelle\",\"https:\\\/\\\/x.com\\\/RLeinewelle\",\"https:\\\/\\\/www.instagram.com\\\/radioleinewelle\\\/?hl=de\"]},{\"@type\":\"Person\",\"@id\":\"https:\\\/\\\/radioleinewelle.de\\\/#\\\/schema\\\/person\\\/45606f348637df637192dc1b68399a63\",\"name\":\"Leinewelle\",\"image\":{\"@type\":\"ImageObject\",\"inLanguage\":\"de\",\"@id\":\"https:\\\/\\\/secure.gravatar.com\\\/avatar\\\/05c9a17bc973052ee5d91549bd32fb4dd0dc85b7b85ae94b2e2b4943476bbea5?s=96&d=blank&r=g\",\"url\":\"https:\\\/\\\/secure.gravatar.com\\\/avatar\\\/05c9a17bc973052ee5d91549bd32fb4dd0dc85b7b85ae94b2e2b4943476bbea5?s=96&d=blank&r=g\",\"contentUrl\":\"https:\\\/\\\/secure.gravatar.com\\\/avatar\\\/05c9a17bc973052ee5d91549bd32fb4dd0dc85b7b85ae94b2e2b4943476bbea5?s=96&d=blank&r=g\",\"caption\":\"Leinewelle\"},\"sameAs\":[\"http:\\\/\\\/localhost\\\/radio%20leinewelle\\\/wordpress\",\"https:\\\/\\\/www.facebook.com\\\/radioleinewelle\",\"https:\\\/\\\/www.instagram.com\\\/radioleinewelle\",\"https:\\\/\\\/x.com\\\/https:\\\/\\\/twitter.com\\\/RLeinewelle?ref_src=twsrcgoogletwcampserptwgrauthor\",\"https:\\\/\\\/soundcloud.com\\\/foerderverein-lokalradio?utm_source=clipboard&utm_medium=text&utm_campaign=social_sharing\"],\"url\":\"https:\\\/\\\/radioleinewelle.de\\\/index.php\\\/author\\\/leinewelle\\\/\"}]}<\/script>\n<!-- \/ Yoast SEO plugin. -->","yoast_head_json":{"title":"Deutscher Biodiversit\u00e4tspreis 2020 - Preisverleihung und Experten-Talk - Radio Leinewelle","robots":{"index":"index","follow":"follow","max-snippet":"max-snippet:-1","max-image-preview":"max-image-preview:large","max-video-preview":"max-video-preview:-1"},"canonical":"https:\/\/radioleinewelle.de\/index.php\/2020\/11\/05\/deutscher-biodiversitaetspreis-2020-preisverleihung-und-experten-talk\/","og_locale":"de_DE","og_type":"article","og_title":"Deutscher Biodiversit\u00e4tspreis 2020 - Preisverleihung und Experten-Talk - Radio Leinewelle","og_description":"Am 5. November verleiht die Sielmann Stiftung den mit 10.000 Euro dotierten Deutschen Biodiversit\u00e4tspreis 2020. In diesem Jahr findet die Preisverleihung auf Gut Herbigshagen erstmals ohne Publikum statt, daf\u00fcr kann die Veranstaltung online live mitverfolgt werden. Dabei diskutieren Preistr\u00e4ger und Experten in der Talkrunde &#8222;Wie \u00fcberwinden wir die Biodiversit\u00e4tskrise?&#8220; \u00fcber M\u00f6glichkeiten und L\u00f6sungen, um den [&hellip;]","og_url":"https:\/\/radioleinewelle.de\/index.php\/2020\/11\/05\/deutscher-biodiversitaetspreis-2020-preisverleihung-und-experten-talk\/","og_site_name":"Radio Leinewelle","article_publisher":"https:\/\/www.facebook.com\/radioleinewelle","article_author":"https:\/\/www.facebook.com\/radioleinewelle","article_published_time":"2020-11-05T04:19:30+00:00","author":"Leinewelle","twitter_card":"summary_large_image","twitter_creator":"@https:\/\/twitter.com\/RLeinewelle?ref_src=twsrcgoogletwcampserptwgrauthor","twitter_site":"@RLeinewelle","twitter_misc":{"Verfasst von":"Leinewelle"},"schema":{"@context":"https:\/\/schema.org","@graph":[{"@type":"Article","@id":"https:\/\/radioleinewelle.de\/index.php\/2020\/11\/05\/deutscher-biodiversitaetspreis-2020-preisverleihung-und-experten-talk\/#article","isPartOf":{"@id":"https:\/\/radioleinewelle.de\/index.php\/2020\/11\/05\/deutscher-biodiversitaetspreis-2020-preisverleihung-und-experten-talk\/"},"author":{"name":"Leinewelle","@id":"https:\/\/radioleinewelle.de\/#\/schema\/person\/45606f348637df637192dc1b68399a63"},"headline":"Deutscher Biodiversit\u00e4tspreis 2020 &#8211; Preisverleihung und Experten-Talk","datePublished":"2020-11-05T04:19:30+00:00","mainEntityOfPage":{"@id":"https:\/\/radioleinewelle.de\/index.php\/2020\/11\/05\/deutscher-biodiversitaetspreis-2020-preisverleihung-und-experten-talk\/"},"wordCount":99,"publisher":{"@id":"https:\/\/radioleinewelle.de\/#organization"},"articleSection":{"1":"Natur &amp; Umwelt"},"inLanguage":"de"},{"@type":"WebPage","@id":"https:\/\/radioleinewelle.de\/index.php\/2020\/11\/05\/deutscher-biodiversitaetspreis-2020-preisverleihung-und-experten-talk\/","url":"https:\/\/radioleinewelle.de\/index.php\/2020\/11\/05\/deutscher-biodiversitaetspreis-2020-preisverleihung-und-experten-talk\/","name":"Deutscher Biodiversit\u00e4tspreis 2020 - Preisverleihung und Experten-Talk - Radio Leinewelle","isPartOf":{"@id":"https:\/\/radioleinewelle.de\/#website"},"datePublished":"2020-11-05T04:19:30+00:00","breadcrumb":{"@id":"https:\/\/radioleinewelle.de\/index.php\/2020\/11\/05\/deutscher-biodiversitaetspreis-2020-preisverleihung-und-experten-talk\/#breadcrumb"},"inLanguage":"de","potentialAction":[{"@type":"ReadAction","target":["https:\/\/radioleinewelle.de\/index.php\/2020\/11\/05\/deutscher-biodiversitaetspreis-2020-preisverleihung-und-experten-talk\/"]}]},{"@type":"BreadcrumbList","@id":"https:\/\/radioleinewelle.de\/index.php\/2020\/11\/05\/deutscher-biodiversitaetspreis-2020-preisverleihung-und-experten-talk\/#breadcrumb","itemListElement":[{"@type":"ListItem","position":1,"name":"Startseite","item":"https:\/\/radioleinewelle.de\/"},{"@type":"ListItem","position":2,"name":"Deutscher Biodiversit\u00e4tspreis 2020 &#8211; Preisverleihung und Experten-Talk"}]},{"@type":"WebSite","@id":"https:\/\/radioleinewelle.de\/#website","url":"https:\/\/radioleinewelle.de\/","name":"Radio Leinewelle","description":"","publisher":{"@id":"https:\/\/radioleinewelle.de\/#organization"},"potentialAction":[{"@type":"SearchAction","target":{"@type":"EntryPoint","urlTemplate":"https:\/\/radioleinewelle.de\/?s={search_term_string}"},"query-input":{"@type":"PropertyValueSpecification","valueRequired":true,"valueName":"search_term_string"}}],"inLanguage":"de"},{"@type":"Organization","@id":"https:\/\/radioleinewelle.de\/#organization","name":"Radio Leinewelle","alternateName":"Mein Radio f\u00fcr S\u00fcdniedersachsen","url":"https:\/\/radioleinewelle.de\/","logo":{"@type":"ImageObject","inLanguage":"de","@id":"https:\/\/radioleinewelle.de\/#\/schema\/logo\/image\/","url":"https:\/\/radioleinewelle.de\/wp-content\/uploads\/2023\/11\/cropped-Leinewelle_Logo_weiss.png","contentUrl":"https:\/\/radioleinewelle.de\/wp-content\/uploads\/2023\/11\/cropped-Leinewelle_Logo_weiss.png","width":854,"height":260,"caption":"Radio Leinewelle"},"image":{"@id":"https:\/\/radioleinewelle.de\/#\/schema\/logo\/image\/"},"sameAs":["https:\/\/www.facebook.com\/radioleinewelle","https:\/\/x.com\/RLeinewelle","https:\/\/www.instagram.com\/radioleinewelle\/?hl=de"]},{"@type":"Person","@id":"https:\/\/radioleinewelle.de\/#\/schema\/person\/45606f348637df637192dc1b68399a63","name":"Leinewelle","image":{"@type":"ImageObject","inLanguage":"de","@id":"https:\/\/secure.gravatar.com\/avatar\/05c9a17bc973052ee5d91549bd32fb4dd0dc85b7b85ae94b2e2b4943476bbea5?s=96&d=blank&r=g","url":"https:\/\/secure.gravatar.com\/avatar\/05c9a17bc973052ee5d91549bd32fb4dd0dc85b7b85ae94b2e2b4943476bbea5?s=96&d=blank&r=g","contentUrl":"https:\/\/secure.gravatar.com\/avatar\/05c9a17bc973052ee5d91549bd32fb4dd0dc85b7b85ae94b2e2b4943476bbea5?s=96&d=blank&r=g","caption":"Leinewelle"},"sameAs":["http:\/\/localhost\/radio%20leinewelle\/wordpress","https:\/\/www.facebook.com\/radioleinewelle","https:\/\/www.instagram.com\/radioleinewelle","https:\/\/x.com\/https:\/\/twitter.com\/RLeinewelle?ref_src=twsrcgoogletwcampserptwgrauthor","https:\/\/soundcloud.com\/foerderverein-lokalradio?utm_source=clipboard&utm_medium=text&utm_campaign=social_sharing"],"url":"https:\/\/radioleinewelle.de\/index.php\/author\/leinewelle\/"}]}},"_links":{"self":[{"href":"https:\/\/radioleinewelle.de\/index.php\/wp-json\/wp\/v2\/posts\/2759","targetHints":{"allow":["GET"]}}],"collection":[{"href":"https:\/\/radioleinewelle.de\/index.php\/wp-json\/wp\/v2\/posts"}],"about":[{"href":"https:\/\/radioleinewelle.de\/index.php\/wp-json\/wp\/v2\/types\/post"}],"author":[{"embeddable":true,"href":"https:\/\/radioleinewelle.de\/index.php\/wp-json\/wp\/v2\/users\/1"}],"replies":[{"embeddable":true,"href":"https:\/\/radioleinewelle.de\/index.php\/wp-json\/wp\/v2\/comments?post=2759"}],"version-history":[{"count":0,"href":"https:\/\/radioleinewelle.de\/index.php\/wp-json\/wp\/v2\/posts\/2759\/revisions"}],"wp:attachment":[{"href":"https:\/\/radioleinewelle.de\/index.php\/wp-json\/wp\/v2\/media?parent=2759"}],"wp:term":[{"taxonomy":"category","embeddable":true,"href":"https:\/\/radioleinewelle.de\/index.php\/wp-json\/wp\/v2\/categories?post=2759"},{"taxonomy":"post_tag","embeddable":true,"href":"https:\/\/radioleinewelle.de\/index.php\/wp-json\/wp\/v2\/tags?post=2759"}],"curies":[{"name":"wp","href":"https:\/\/api.w.org\/{rel}","templated":true}]}}