{"id":27613,"date":"2025-03-08T08:59:36","date_gmt":"2025-03-08T07:59:36","guid":{"rendered":"https:\/\/radioleinewelle.de\/?p=27613"},"modified":"2025-03-08T08:59:37","modified_gmt":"2025-03-08T07:59:37","slug":"veranstaltungen-am-internationalen-frauentag-in-goettingen-und-landkreis","status":"publish","type":"post","link":"https:\/\/radioleinewelle.de\/index.php\/2025\/03\/08\/veranstaltungen-am-internationalen-frauentag-in-goettingen-und-landkreis\/","title":{"rendered":"Veranstaltungen am Internationalen Frauentag in G\u00f6ttingen und Landkreis"},"content":{"rendered":"\n<p>In diesem Jahr findet der Internationale Frauentag am 08. M\u00e4rz in Stadt und Landkreis G\u00f6ttingen zum Schwerpunktthema \u201eSorgearbeit\/Care\u201c statt. Die Gleichstellungbeauftragten von Stadt und Landkreis G\u00f6ttingen haben gemeinsam mit dem G\u00f6ttinger Frauen*Forum ein buntes Programm rund um dieses Thema organisiert, denn die Gleichberechtigung im Berufsleben ist, trotz vieler Fortschritte, bei Weitem noch nicht erreicht.<\/p>\n\n\n\n<p><strong>G\u00f6ttingen:<\/strong> Am 08. M\u00e4rz findet ab 13:00 Uhr ein feministischer Aktionstag am G\u00f6ttinger G\u00e4nseliesel mit Infost\u00e4nden und Musik statt. Die Demo startet um 16:00 Uhr auf dem Albaniplatz. Beratungsstellen, B\u00fcndnisse, Netzwerke und Initiativen gehen raus f\u00fcr Gleichbehandlung und \u2013Berechtigung f\u00fcr Frauen in allen Bereichen des Lebens. Ein Frauen*Tanzabend in der Musa e.V. rundet den Weltfrauentag ab 19:00 Uhr ab.<\/p>\n\n\n\n<p><strong>Weiteres im Landkreis:<\/strong><\/p>\n\n\n\n<p><strong>Duderstadt:<\/strong> Gro\u00dfes Frauenfr\u00fchst\u00fcck 09:00\u201312:00 Uhr mit \u00dcberraschungsrednerin und Auftritt der Jazz-Dance-Gruppe des TV Jahn Duderstadt. Veranstalterin: Stadt Duderstadt \u2013 Gleichstellungsbeauftragte in Kooperation mit dem Deutschen Gewerkschaftsbund Region S\u00fcdniedersachsen-Harz Ort: Rathaus Duderstadt, B\u00fcrgersaal, Marktstra\u00dfe 66, 37115 Duderstadt<\/p>\n\n\n\n<p><strong>Hann. M\u00fcnden:<\/strong> Dancing Queens Vol. 2: Feiern, Tanzen, Zusammenkommen! &#8211; Ladies*Night 20:00-01:00 Uhr mit einer Tombola zugunsten des Frauenhauses G\u00f6ttingen. Veranstalterin: Eine Kooperation des Mehr!Generationenhauses, des Familienzentrums Hann. M\u00fcnden, des Haus der Nationen, der VHS G\u00f6ttingen-Osterode\/Gesch\u00e4ftsstelle Hann. M\u00fcnden und der Gleichstellungsbeauftragten der Stadt Hann. M\u00fcnden. Ort: Geschwister-Scholl-Haus, Am Plan 2, 34346 Hann. M\u00fcnden<\/p>\n\n\n\n<p><strong>Rosdorf<\/strong>: Frauen-Tanz-Abend 19:00\u201323:00 Uhr Anl\u00e4sslich des internationalen Frauentags findet am 8. M\u00e4rz eine Dance Night f\u00fcr Frauen* und M\u00e4dchen* ab 16 Jahre statt. Es wird g\u00fcnstige Getr\u00e4nke sowie vielf\u00e4ltige Musik geben. Veranstalterin: Gleichstellungsbeauftragte der Gemeinde Rosdorf Marlene Freyer, Familienzentrum Rosdorf, Kinder- und Jugendb\u00fcro Rosdorf sowie das Rosdorfer B\u00fcndnis f\u00fcr Vielfalt Ort: Gemeindezentrum Rosdorf, Am Plan 1<\/p>\n\n\n\n<p><br><strong>Infoblatt zum Programm des diesj\u00e4hrigen Frauentags<\/strong> <\/p>\n\n\n\n<div data-wp-interactive=\"core\/file\" class=\"wp-block-file\"><object data-wp-bind--hidden=\"!state.hasPdfPreview\" hidden class=\"wp-block-file__embed\" data=\"https:\/\/radioleinewelle.de\/wp-content\/uploads\/2025\/03\/Faltblatt_8s_2025-03-08_2_web_20250217.pdf\" type=\"application\/pdf\" style=\"width:100%;height:600px\" aria-label=\"Einbettung von Faltblatt_8s_2025-03-08_2_web_20250217.\"><\/object><a id=\"wp-block-file--media-4d3eb434-5ab5-4372-bec6-efb1dc357458\" href=\"https:\/\/radioleinewelle.de\/wp-content\/uploads\/2025\/03\/Faltblatt_8s_2025-03-08_2_web_20250217.pdf\">Faltblatt_8s_2025-03-08_2_web_20250217<\/a><a href=\"https:\/\/radioleinewelle.de\/wp-content\/uploads\/2025\/03\/Faltblatt_8s_2025-03-08_2_web_20250217.pdf\" class=\"wp-block-file__button wp-element-button\" download aria-describedby=\"wp-block-file--media-4d3eb434-5ab5-4372-bec6-efb1dc357458\">Herunterladen<\/a><\/div>\n\n\n\n<p><strong>Zur Geschichte des Internationalen Frauentags<\/strong><br>Der Internationale Frauentag entstand als Initiative sozialistischer Organisationen in der Zeit vor dem Ersten Weltkrieg im Kampf um die Gleichberechtigung, das Wahlrecht f\u00fcr Frauen sowie die Emanzipation von Arbeiterinnen. Seit 1921 findet der Tag am 08. M\u00e4rz statt. 1994 erlebte der Internationale Frauentag ein politisches Comeback. Seitdem hat es in Deutschland \u2013 so auch in G\u00f6ttingen &#8211; vermehrt Veranstaltungen zum 8. M\u00e4rz gegeben \u2013 Demonstrationen f\u00fcr Frauenrechte, Vortr\u00e4ge und Feiern, organisiert von Gewerkschaften, Frauengruppen, den kommunalen Gleichstellungsbeauftragten und anderen Initiativen. Weltfrauentage fanden unter bestimmten Leitideen wie z.B. 100 Jahre Frauenwahlrechts (2018) und Parit\u00e4t im Parlament statt.<\/p>\n\n\n\n<p><strong>Foto:<\/strong> \u00a9Radio Leinewelle (hr)<\/p>\n","protected":false},"excerpt":{"rendered":"<p>In diesem Jahr findet der Internationale Frauentag am 08. M\u00e4rz in Stadt und Landkreis G\u00f6ttingen zum Schwerpunktthema \u201eSorgearbeit\/Care\u201c statt. Die Gleichstellungbeauftragten von Stadt und Landkreis G\u00f6ttingen haben gemeinsam mit dem G\u00f6ttinger Frauen*Forum ein buntes Programm rund um dieses Thema organisiert, denn die Gleichberechtigung im Berufsleben ist, trotz vieler Fortschritte, bei Weitem noch nicht erreicht. G\u00f6ttingen: [&hellip;]<\/p>\n","protected":false},"author":1,"featured_media":5964,"comment_status":"open","ping_status":"open","sticky":false,"template":"","format":"standard","meta":{"saved_in_kubio":false,"footnotes":""},"categories":[1],"tags":[],"class_list":["post-27613","post","type-post","status-publish","format-standard","has-post-thumbnail","hentry","category-allgemein"],"yoast_head":"<!-- This site is optimized with the Yoast SEO plugin v27.4 - https:\/\/yoast.com\/product\/yoast-seo-wordpress\/ -->\n<title>Veranstaltungen am Internationalen Frauentag in G\u00f6ttingen und Landkreis - Radio Leinewelle<\/title>\n<meta name=\"robots\" content=\"index, follow, max-snippet:-1, max-image-preview:large, max-video-preview:-1\" \/>\n<link rel=\"canonical\" href=\"https:\/\/radioleinewelle.de\/index.php\/2025\/03\/08\/veranstaltungen-am-internationalen-frauentag-in-goettingen-und-landkreis\/\" \/>\n<meta property=\"og:locale\" content=\"de_DE\" \/>\n<meta property=\"og:type\" content=\"article\" \/>\n<meta property=\"og:title\" content=\"Veranstaltungen am Internationalen Frauentag in G\u00f6ttingen und Landkreis - Radio Leinewelle\" \/>\n<meta property=\"og:description\" content=\"In diesem Jahr findet der Internationale Frauentag am 08. M\u00e4rz in Stadt und Landkreis G\u00f6ttingen zum Schwerpunktthema \u201eSorgearbeit\/Care\u201c statt. Die Gleichstellungbeauftragten von Stadt und Landkreis G\u00f6ttingen haben gemeinsam mit dem G\u00f6ttinger Frauen*Forum ein buntes Programm rund um dieses Thema organisiert, denn die Gleichberechtigung im Berufsleben ist, trotz vieler Fortschritte, bei Weitem noch nicht erreicht. G\u00f6ttingen: [&hellip;]\" \/>\n<meta property=\"og:url\" content=\"https:\/\/radioleinewelle.de\/index.php\/2025\/03\/08\/veranstaltungen-am-internationalen-frauentag-in-goettingen-und-landkreis\/\" \/>\n<meta property=\"og:site_name\" content=\"Radio Leinewelle\" \/>\n<meta property=\"article:publisher\" content=\"https:\/\/www.facebook.com\/radioleinewelle\" \/>\n<meta property=\"article:author\" content=\"https:\/\/www.facebook.com\/radioleinewelle\" \/>\n<meta property=\"article:published_time\" content=\"2025-03-08T07:59:36+00:00\" \/>\n<meta property=\"article:modified_time\" content=\"2025-03-08T07:59:37+00:00\" \/>\n<meta property=\"og:image\" content=\"https:\/\/radioleinewelle.de\/wp-content\/uploads\/2021\/03\/Frauentag-Goeoetingen-2.jpg\" \/>\n\t<meta property=\"og:image:width\" content=\"960\" \/>\n\t<meta property=\"og:image:height\" content=\"640\" \/>\n\t<meta property=\"og:image:type\" content=\"image\/jpeg\" \/>\n<meta name=\"author\" content=\"Leinewelle\" \/>\n<meta name=\"twitter:card\" content=\"summary_large_image\" \/>\n<meta name=\"twitter:creator\" content=\"@https:\/\/twitter.com\/RLeinewelle?ref_src=twsrcgoogletwcampserptwgrauthor\" \/>\n<meta name=\"twitter:site\" content=\"@RLeinewelle\" \/>\n<meta name=\"twitter:label1\" content=\"Verfasst von\" \/>\n\t<meta name=\"twitter:data1\" content=\"Leinewelle\" \/>\n\t<meta name=\"twitter:label2\" content=\"Gesch\u00e4tzte Lesezeit\" \/>\n\t<meta name=\"twitter:data2\" content=\"3\u00a0Minuten\" \/>\n<script type=\"application\/ld+json\" class=\"yoast-schema-graph\">{\"@context\":\"https:\\\/\\\/schema.org\",\"@graph\":[{\"@type\":\"Article\",\"@id\":\"https:\\\/\\\/radioleinewelle.de\\\/index.php\\\/2025\\\/03\\\/08\\\/veranstaltungen-am-internationalen-frauentag-in-goettingen-und-landkreis\\\/#article\",\"isPartOf\":{\"@id\":\"https:\\\/\\\/radioleinewelle.de\\\/index.php\\\/2025\\\/03\\\/08\\\/veranstaltungen-am-internationalen-frauentag-in-goettingen-und-landkreis\\\/\"},\"author\":{\"name\":\"Leinewelle\",\"@id\":\"https:\\\/\\\/radioleinewelle.de\\\/#\\\/schema\\\/person\\\/45606f348637df637192dc1b68399a63\"},\"headline\":\"Veranstaltungen am Internationalen Frauentag in G\u00f6ttingen und Landkreis\",\"datePublished\":\"2025-03-08T07:59:36+00:00\",\"dateModified\":\"2025-03-08T07:59:37+00:00\",\"mainEntityOfPage\":{\"@id\":\"https:\\\/\\\/radioleinewelle.de\\\/index.php\\\/2025\\\/03\\\/08\\\/veranstaltungen-am-internationalen-frauentag-in-goettingen-und-landkreis\\\/\"},\"wordCount\":415,\"commentCount\":0,\"publisher\":{\"@id\":\"https:\\\/\\\/radioleinewelle.de\\\/#organization\"},\"image\":{\"@id\":\"https:\\\/\\\/radioleinewelle.de\\\/index.php\\\/2025\\\/03\\\/08\\\/veranstaltungen-am-internationalen-frauentag-in-goettingen-und-landkreis\\\/#primaryimage\"},\"thumbnailUrl\":\"https:\\\/\\\/radioleinewelle.de\\\/wp-content\\\/uploads\\\/2021\\\/03\\\/Frauentag-Goeoetingen-2.jpg\",\"inLanguage\":\"de\",\"potentialAction\":[{\"@type\":\"CommentAction\",\"name\":\"Comment\",\"target\":[\"https:\\\/\\\/radioleinewelle.de\\\/index.php\\\/2025\\\/03\\\/08\\\/veranstaltungen-am-internationalen-frauentag-in-goettingen-und-landkreis\\\/#respond\"]}]},{\"@type\":\"WebPage\",\"@id\":\"https:\\\/\\\/radioleinewelle.de\\\/index.php\\\/2025\\\/03\\\/08\\\/veranstaltungen-am-internationalen-frauentag-in-goettingen-und-landkreis\\\/\",\"url\":\"https:\\\/\\\/radioleinewelle.de\\\/index.php\\\/2025\\\/03\\\/08\\\/veranstaltungen-am-internationalen-frauentag-in-goettingen-und-landkreis\\\/\",\"name\":\"Veranstaltungen am Internationalen Frauentag in G\u00f6ttingen und Landkreis - Radio Leinewelle\",\"isPartOf\":{\"@id\":\"https:\\\/\\\/radioleinewelle.de\\\/#website\"},\"primaryImageOfPage\":{\"@id\":\"https:\\\/\\\/radioleinewelle.de\\\/index.php\\\/2025\\\/03\\\/08\\\/veranstaltungen-am-internationalen-frauentag-in-goettingen-und-landkreis\\\/#primaryimage\"},\"image\":{\"@id\":\"https:\\\/\\\/radioleinewelle.de\\\/index.php\\\/2025\\\/03\\\/08\\\/veranstaltungen-am-internationalen-frauentag-in-goettingen-und-landkreis\\\/#primaryimage\"},\"thumbnailUrl\":\"https:\\\/\\\/radioleinewelle.de\\\/wp-content\\\/uploads\\\/2021\\\/03\\\/Frauentag-Goeoetingen-2.jpg\",\"datePublished\":\"2025-03-08T07:59:36+00:00\",\"dateModified\":\"2025-03-08T07:59:37+00:00\",\"breadcrumb\":{\"@id\":\"https:\\\/\\\/radioleinewelle.de\\\/index.php\\\/2025\\\/03\\\/08\\\/veranstaltungen-am-internationalen-frauentag-in-goettingen-und-landkreis\\\/#breadcrumb\"},\"inLanguage\":\"de\",\"potentialAction\":[{\"@type\":\"ReadAction\",\"target\":[\"https:\\\/\\\/radioleinewelle.de\\\/index.php\\\/2025\\\/03\\\/08\\\/veranstaltungen-am-internationalen-frauentag-in-goettingen-und-landkreis\\\/\"]}]},{\"@type\":\"ImageObject\",\"inLanguage\":\"de\",\"@id\":\"https:\\\/\\\/radioleinewelle.de\\\/index.php\\\/2025\\\/03\\\/08\\\/veranstaltungen-am-internationalen-frauentag-in-goettingen-und-landkreis\\\/#primaryimage\",\"url\":\"https:\\\/\\\/radioleinewelle.de\\\/wp-content\\\/uploads\\\/2021\\\/03\\\/Frauentag-Goeoetingen-2.jpg\",\"contentUrl\":\"https:\\\/\\\/radioleinewelle.de\\\/wp-content\\\/uploads\\\/2021\\\/03\\\/Frauentag-Goeoetingen-2.jpg\",\"width\":960,\"height\":640},{\"@type\":\"BreadcrumbList\",\"@id\":\"https:\\\/\\\/radioleinewelle.de\\\/index.php\\\/2025\\\/03\\\/08\\\/veranstaltungen-am-internationalen-frauentag-in-goettingen-und-landkreis\\\/#breadcrumb\",\"itemListElement\":[{\"@type\":\"ListItem\",\"position\":1,\"name\":\"Startseite\",\"item\":\"https:\\\/\\\/radioleinewelle.de\\\/\"},{\"@type\":\"ListItem\",\"position\":2,\"name\":\"Veranstaltungen am Internationalen Frauentag in G\u00f6ttingen und Landkreis\"}]},{\"@type\":\"WebSite\",\"@id\":\"https:\\\/\\\/radioleinewelle.de\\\/#website\",\"url\":\"https:\\\/\\\/radioleinewelle.de\\\/\",\"name\":\"Radio Leinewelle\",\"description\":\"\",\"publisher\":{\"@id\":\"https:\\\/\\\/radioleinewelle.de\\\/#organization\"},\"potentialAction\":[{\"@type\":\"SearchAction\",\"target\":{\"@type\":\"EntryPoint\",\"urlTemplate\":\"https:\\\/\\\/radioleinewelle.de\\\/?s={search_term_string}\"},\"query-input\":{\"@type\":\"PropertyValueSpecification\",\"valueRequired\":true,\"valueName\":\"search_term_string\"}}],\"inLanguage\":\"de\"},{\"@type\":\"Organization\",\"@id\":\"https:\\\/\\\/radioleinewelle.de\\\/#organization\",\"name\":\"Radio Leinewelle\",\"alternateName\":\"Mein Radio f\u00fcr S\u00fcdniedersachsen\",\"url\":\"https:\\\/\\\/radioleinewelle.de\\\/\",\"logo\":{\"@type\":\"ImageObject\",\"inLanguage\":\"de\",\"@id\":\"https:\\\/\\\/radioleinewelle.de\\\/#\\\/schema\\\/logo\\\/image\\\/\",\"url\":\"https:\\\/\\\/radioleinewelle.de\\\/wp-content\\\/uploads\\\/2023\\\/11\\\/cropped-Leinewelle_Logo_weiss.png\",\"contentUrl\":\"https:\\\/\\\/radioleinewelle.de\\\/wp-content\\\/uploads\\\/2023\\\/11\\\/cropped-Leinewelle_Logo_weiss.png\",\"width\":854,\"height\":260,\"caption\":\"Radio Leinewelle\"},\"image\":{\"@id\":\"https:\\\/\\\/radioleinewelle.de\\\/#\\\/schema\\\/logo\\\/image\\\/\"},\"sameAs\":[\"https:\\\/\\\/www.facebook.com\\\/radioleinewelle\",\"https:\\\/\\\/x.com\\\/RLeinewelle\",\"https:\\\/\\\/www.instagram.com\\\/radioleinewelle\\\/?hl=de\"]},{\"@type\":\"Person\",\"@id\":\"https:\\\/\\\/radioleinewelle.de\\\/#\\\/schema\\\/person\\\/45606f348637df637192dc1b68399a63\",\"name\":\"Leinewelle\",\"image\":{\"@type\":\"ImageObject\",\"inLanguage\":\"de\",\"@id\":\"https:\\\/\\\/secure.gravatar.com\\\/avatar\\\/05c9a17bc973052ee5d91549bd32fb4dd0dc85b7b85ae94b2e2b4943476bbea5?s=96&d=blank&r=g\",\"url\":\"https:\\\/\\\/secure.gravatar.com\\\/avatar\\\/05c9a17bc973052ee5d91549bd32fb4dd0dc85b7b85ae94b2e2b4943476bbea5?s=96&d=blank&r=g\",\"contentUrl\":\"https:\\\/\\\/secure.gravatar.com\\\/avatar\\\/05c9a17bc973052ee5d91549bd32fb4dd0dc85b7b85ae94b2e2b4943476bbea5?s=96&d=blank&r=g\",\"caption\":\"Leinewelle\"},\"sameAs\":[\"http:\\\/\\\/localhost\\\/radio%20leinewelle\\\/wordpress\",\"https:\\\/\\\/www.facebook.com\\\/radioleinewelle\",\"https:\\\/\\\/www.instagram.com\\\/radioleinewelle\",\"https:\\\/\\\/x.com\\\/https:\\\/\\\/twitter.com\\\/RLeinewelle?ref_src=twsrcgoogletwcampserptwgrauthor\",\"https:\\\/\\\/soundcloud.com\\\/foerderverein-lokalradio?utm_source=clipboard&utm_medium=text&utm_campaign=social_sharing\"],\"url\":\"https:\\\/\\\/radioleinewelle.de\\\/index.php\\\/author\\\/leinewelle\\\/\"}]}<\/script>\n<!-- \/ Yoast SEO plugin. -->","yoast_head_json":{"title":"Veranstaltungen am Internationalen Frauentag in G\u00f6ttingen und Landkreis - Radio Leinewelle","robots":{"index":"index","follow":"follow","max-snippet":"max-snippet:-1","max-image-preview":"max-image-preview:large","max-video-preview":"max-video-preview:-1"},"canonical":"https:\/\/radioleinewelle.de\/index.php\/2025\/03\/08\/veranstaltungen-am-internationalen-frauentag-in-goettingen-und-landkreis\/","og_locale":"de_DE","og_type":"article","og_title":"Veranstaltungen am Internationalen Frauentag in G\u00f6ttingen und Landkreis - Radio Leinewelle","og_description":"In diesem Jahr findet der Internationale Frauentag am 08. M\u00e4rz in Stadt und Landkreis G\u00f6ttingen zum Schwerpunktthema \u201eSorgearbeit\/Care\u201c statt. Die Gleichstellungbeauftragten von Stadt und Landkreis G\u00f6ttingen haben gemeinsam mit dem G\u00f6ttinger Frauen*Forum ein buntes Programm rund um dieses Thema organisiert, denn die Gleichberechtigung im Berufsleben ist, trotz vieler Fortschritte, bei Weitem noch nicht erreicht. G\u00f6ttingen: [&hellip;]","og_url":"https:\/\/radioleinewelle.de\/index.php\/2025\/03\/08\/veranstaltungen-am-internationalen-frauentag-in-goettingen-und-landkreis\/","og_site_name":"Radio Leinewelle","article_publisher":"https:\/\/www.facebook.com\/radioleinewelle","article_author":"https:\/\/www.facebook.com\/radioleinewelle","article_published_time":"2025-03-08T07:59:36+00:00","article_modified_time":"2025-03-08T07:59:37+00:00","og_image":[{"width":960,"height":640,"url":"https:\/\/radioleinewelle.de\/wp-content\/uploads\/2021\/03\/Frauentag-Goeoetingen-2.jpg","type":"image\/jpeg"}],"author":"Leinewelle","twitter_card":"summary_large_image","twitter_creator":"@https:\/\/twitter.com\/RLeinewelle?ref_src=twsrcgoogletwcampserptwgrauthor","twitter_site":"@RLeinewelle","twitter_misc":{"Verfasst von":"Leinewelle","Gesch\u00e4tzte Lesezeit":"3\u00a0Minuten"},"schema":{"@context":"https:\/\/schema.org","@graph":[{"@type":"Article","@id":"https:\/\/radioleinewelle.de\/index.php\/2025\/03\/08\/veranstaltungen-am-internationalen-frauentag-in-goettingen-und-landkreis\/#article","isPartOf":{"@id":"https:\/\/radioleinewelle.de\/index.php\/2025\/03\/08\/veranstaltungen-am-internationalen-frauentag-in-goettingen-und-landkreis\/"},"author":{"name":"Leinewelle","@id":"https:\/\/radioleinewelle.de\/#\/schema\/person\/45606f348637df637192dc1b68399a63"},"headline":"Veranstaltungen am Internationalen Frauentag in G\u00f6ttingen und Landkreis","datePublished":"2025-03-08T07:59:36+00:00","dateModified":"2025-03-08T07:59:37+00:00","mainEntityOfPage":{"@id":"https:\/\/radioleinewelle.de\/index.php\/2025\/03\/08\/veranstaltungen-am-internationalen-frauentag-in-goettingen-und-landkreis\/"},"wordCount":415,"commentCount":0,"publisher":{"@id":"https:\/\/radioleinewelle.de\/#organization"},"image":{"@id":"https:\/\/radioleinewelle.de\/index.php\/2025\/03\/08\/veranstaltungen-am-internationalen-frauentag-in-goettingen-und-landkreis\/#primaryimage"},"thumbnailUrl":"https:\/\/radioleinewelle.de\/wp-content\/uploads\/2021\/03\/Frauentag-Goeoetingen-2.jpg","inLanguage":"de","potentialAction":[{"@type":"CommentAction","name":"Comment","target":["https:\/\/radioleinewelle.de\/index.php\/2025\/03\/08\/veranstaltungen-am-internationalen-frauentag-in-goettingen-und-landkreis\/#respond"]}]},{"@type":"WebPage","@id":"https:\/\/radioleinewelle.de\/index.php\/2025\/03\/08\/veranstaltungen-am-internationalen-frauentag-in-goettingen-und-landkreis\/","url":"https:\/\/radioleinewelle.de\/index.php\/2025\/03\/08\/veranstaltungen-am-internationalen-frauentag-in-goettingen-und-landkreis\/","name":"Veranstaltungen am Internationalen Frauentag in G\u00f6ttingen und Landkreis - Radio Leinewelle","isPartOf":{"@id":"https:\/\/radioleinewelle.de\/#website"},"primaryImageOfPage":{"@id":"https:\/\/radioleinewelle.de\/index.php\/2025\/03\/08\/veranstaltungen-am-internationalen-frauentag-in-goettingen-und-landkreis\/#primaryimage"},"image":{"@id":"https:\/\/radioleinewelle.de\/index.php\/2025\/03\/08\/veranstaltungen-am-internationalen-frauentag-in-goettingen-und-landkreis\/#primaryimage"},"thumbnailUrl":"https:\/\/radioleinewelle.de\/wp-content\/uploads\/2021\/03\/Frauentag-Goeoetingen-2.jpg","datePublished":"2025-03-08T07:59:36+00:00","dateModified":"2025-03-08T07:59:37+00:00","breadcrumb":{"@id":"https:\/\/radioleinewelle.de\/index.php\/2025\/03\/08\/veranstaltungen-am-internationalen-frauentag-in-goettingen-und-landkreis\/#breadcrumb"},"inLanguage":"de","potentialAction":[{"@type":"ReadAction","target":["https:\/\/radioleinewelle.de\/index.php\/2025\/03\/08\/veranstaltungen-am-internationalen-frauentag-in-goettingen-und-landkreis\/"]}]},{"@type":"ImageObject","inLanguage":"de","@id":"https:\/\/radioleinewelle.de\/index.php\/2025\/03\/08\/veranstaltungen-am-internationalen-frauentag-in-goettingen-und-landkreis\/#primaryimage","url":"https:\/\/radioleinewelle.de\/wp-content\/uploads\/2021\/03\/Frauentag-Goeoetingen-2.jpg","contentUrl":"https:\/\/radioleinewelle.de\/wp-content\/uploads\/2021\/03\/Frauentag-Goeoetingen-2.jpg","width":960,"height":640},{"@type":"BreadcrumbList","@id":"https:\/\/radioleinewelle.de\/index.php\/2025\/03\/08\/veranstaltungen-am-internationalen-frauentag-in-goettingen-und-landkreis\/#breadcrumb","itemListElement":[{"@type":"ListItem","position":1,"name":"Startseite","item":"https:\/\/radioleinewelle.de\/"},{"@type":"ListItem","position":2,"name":"Veranstaltungen am Internationalen Frauentag in G\u00f6ttingen und Landkreis"}]},{"@type":"WebSite","@id":"https:\/\/radioleinewelle.de\/#website","url":"https:\/\/radioleinewelle.de\/","name":"Radio Leinewelle","description":"","publisher":{"@id":"https:\/\/radioleinewelle.de\/#organization"},"potentialAction":[{"@type":"SearchAction","target":{"@type":"EntryPoint","urlTemplate":"https:\/\/radioleinewelle.de\/?s={search_term_string}"},"query-input":{"@type":"PropertyValueSpecification","valueRequired":true,"valueName":"search_term_string"}}],"inLanguage":"de"},{"@type":"Organization","@id":"https:\/\/radioleinewelle.de\/#organization","name":"Radio Leinewelle","alternateName":"Mein Radio f\u00fcr S\u00fcdniedersachsen","url":"https:\/\/radioleinewelle.de\/","logo":{"@type":"ImageObject","inLanguage":"de","@id":"https:\/\/radioleinewelle.de\/#\/schema\/logo\/image\/","url":"https:\/\/radioleinewelle.de\/wp-content\/uploads\/2023\/11\/cropped-Leinewelle_Logo_weiss.png","contentUrl":"https:\/\/radioleinewelle.de\/wp-content\/uploads\/2023\/11\/cropped-Leinewelle_Logo_weiss.png","width":854,"height":260,"caption":"Radio Leinewelle"},"image":{"@id":"https:\/\/radioleinewelle.de\/#\/schema\/logo\/image\/"},"sameAs":["https:\/\/www.facebook.com\/radioleinewelle","https:\/\/x.com\/RLeinewelle","https:\/\/www.instagram.com\/radioleinewelle\/?hl=de"]},{"@type":"Person","@id":"https:\/\/radioleinewelle.de\/#\/schema\/person\/45606f348637df637192dc1b68399a63","name":"Leinewelle","image":{"@type":"ImageObject","inLanguage":"de","@id":"https:\/\/secure.gravatar.com\/avatar\/05c9a17bc973052ee5d91549bd32fb4dd0dc85b7b85ae94b2e2b4943476bbea5?s=96&d=blank&r=g","url":"https:\/\/secure.gravatar.com\/avatar\/05c9a17bc973052ee5d91549bd32fb4dd0dc85b7b85ae94b2e2b4943476bbea5?s=96&d=blank&r=g","contentUrl":"https:\/\/secure.gravatar.com\/avatar\/05c9a17bc973052ee5d91549bd32fb4dd0dc85b7b85ae94b2e2b4943476bbea5?s=96&d=blank&r=g","caption":"Leinewelle"},"sameAs":["http:\/\/localhost\/radio%20leinewelle\/wordpress","https:\/\/www.facebook.com\/radioleinewelle","https:\/\/www.instagram.com\/radioleinewelle","https:\/\/x.com\/https:\/\/twitter.com\/RLeinewelle?ref_src=twsrcgoogletwcampserptwgrauthor","https:\/\/soundcloud.com\/foerderverein-lokalradio?utm_source=clipboard&utm_medium=text&utm_campaign=social_sharing"],"url":"https:\/\/radioleinewelle.de\/index.php\/author\/leinewelle\/"}]}},"_links":{"self":[{"href":"https:\/\/radioleinewelle.de\/index.php\/wp-json\/wp\/v2\/posts\/27613","targetHints":{"allow":["GET"]}}],"collection":[{"href":"https:\/\/radioleinewelle.de\/index.php\/wp-json\/wp\/v2\/posts"}],"about":[{"href":"https:\/\/radioleinewelle.de\/index.php\/wp-json\/wp\/v2\/types\/post"}],"author":[{"embeddable":true,"href":"https:\/\/radioleinewelle.de\/index.php\/wp-json\/wp\/v2\/users\/1"}],"replies":[{"embeddable":true,"href":"https:\/\/radioleinewelle.de\/index.php\/wp-json\/wp\/v2\/comments?post=27613"}],"version-history":[{"count":4,"href":"https:\/\/radioleinewelle.de\/index.php\/wp-json\/wp\/v2\/posts\/27613\/revisions"}],"predecessor-version":[{"id":27618,"href":"https:\/\/radioleinewelle.de\/index.php\/wp-json\/wp\/v2\/posts\/27613\/revisions\/27618"}],"wp:featuredmedia":[{"embeddable":true,"href":"https:\/\/radioleinewelle.de\/index.php\/wp-json\/wp\/v2\/media\/5964"}],"wp:attachment":[{"href":"https:\/\/radioleinewelle.de\/index.php\/wp-json\/wp\/v2\/media?parent=27613"}],"wp:term":[{"taxonomy":"category","embeddable":true,"href":"https:\/\/radioleinewelle.de\/index.php\/wp-json\/wp\/v2\/categories?post=27613"},{"taxonomy":"post_tag","embeddable":true,"href":"https:\/\/radioleinewelle.de\/index.php\/wp-json\/wp\/v2\/tags?post=27613"}],"curies":[{"name":"wp","href":"https:\/\/api.w.org\/{rel}","templated":true}]}}