{"id":27619,"date":"2025-03-08T09:51:43","date_gmt":"2025-03-08T08:51:43","guid":{"rendered":"https:\/\/radioleinewelle.de\/?p=27619"},"modified":"2025-03-08T09:51:45","modified_gmt":"2025-03-08T08:51:45","slug":"unser-podcast-zum-internationalen-frauentag-2025","status":"publish","type":"post","link":"https:\/\/radioleinewelle.de\/index.php\/2025\/03\/08\/unser-podcast-zum-internationalen-frauentag-2025\/","title":{"rendered":"Unser Podcast zum Internationalen Frauentag 2025"},"content":{"rendered":"\n<p>Unser Podcast zum heutigen Internationalen Frauentag. Wie ist die Sicht von jungen Frauen auf diesen Tag? Wie aktuell ist das Thema Feminismus in der jungen Generation? Dies alles im neuen Podcast von Radio Leinewelle.<\/p>\n\n\n\n<figure class=\"wp-block-embed is-type-rich is-provider-spotify wp-block-embed-spotify wp-embed-aspect-21-9 wp-has-aspect-ratio\"><div class=\"wp-block-embed__wrapper\">\n<iframe title=\"Spotify Embed: Talk zum Internationalen Frauentag 2025\" style=\"border-radius: 12px\" width=\"100%\" height=\"152\" frameborder=\"0\" allowfullscreen allow=\"autoplay; clipboard-write; encrypted-media; fullscreen; picture-in-picture\" loading=\"lazy\" src=\"https:\/\/open.spotify.com\/embed\/episode\/0se91h8lpmY3uaToiX8WQA?si=58609MXkS3WSfAYLpOJe2g&#038;utm_source=oembed\"><\/iframe>\n<\/div><\/figure>\n\n\n\n<p class=\"has-text-align-center\"><strong>Was versteht man unter Girls support Girls<\/strong>?<\/p>\n\n\n\n<p>&#8222;Girls Supports Girls\u201c ist ein Motto oder eine Bewegung, die den Zusammenhalt, die Unterst\u00fctzung und die Solidarit\u00e4t unter Frauen und M\u00e4dchen betont. Es geht darum, sich gegenseitig zu f\u00f6rdern, zu ermutigen und zu st\u00e4rken, statt in Konkurrenz zueinander zu treten. In einer Welt, in der Frauen oft mit gesellschaftlichen und kulturellen Normen konfrontiert sind, die sie gegeneinander ausspielen oder in stereotype Rollen zw\u00e4ngen, setzt \u201eGirls Supports Girls\u201c ein positives Zeichen f\u00fcr Empowerment, Zusammenarbeit und gegenseitige Hilfe.<\/p>\n\n\n\n<p>Die Idee hinter diesem Slogan ist, eine Gemeinschaft zu schaffen, in der Frauen einander nicht nur in ihren pers\u00f6nlichen Herausforderungen unterst\u00fctzen, sondern auch in ihren beruflichen und gesellschaftlichen Bestrebungen.  Frauen werden ermutigt, Netzwerke zu bilden, Erfahrungen auszutauschen und sich gegenseitig zu inspirieren.<\/p>\n\n\n\n<p>Die Bewegung findet nicht nur in sozialen Medien, sondern auch in verschiedenen sozialen, kulturellen und politischen Kontexten statt. Sie zielt darauf ab, den Druck zu verringern, dass Frauen sich st\u00e4ndig mit anderen vergleichen m\u00fcssen oder in Konkurrenz zueinander stehen sollten, und stattdessen die Vorstellung zu f\u00f6rdern, dass Zusammenarbeit und Unterst\u00fctzung der Schl\u00fcssel zu mehr Erfolg und pers\u00f6nlichem Wachstum* sind.<\/p>\n\n\n\n<p><strong>Beispiele f\u00fcr \u201eGirls Supports Girls\u201c<\/strong><br><strong>&#8211; Social-Media-Kampagnen:<\/strong> Auf Plattformen wie Instagram und TikTok gibt es zahlreiche Accounts und Hashtags, die Frauen ermutigen, einander zu unterst\u00fctzen, Erfahrungen zu teilen und sich gegenseitig zu feiern.<br><strong>&#8211; Mentoring und Networking: <\/strong>Frauen, die bereits erfolgreich in ihrer Karriere sind, bieten h\u00e4ufig Mentoring-Programme f\u00fcr j\u00fcngere Frauen oder M\u00e4dchen an, um sie in ihrem Berufsweg zu unterst\u00fctzen.<br><strong>&#8211; Community-Initiativen: <\/strong>In vielen St\u00e4dten und L\u00e4ndern gibt es Treffen, Veranstaltungen oder Workshops, die speziell darauf abzielen, Frauen in ihrem beruflichen und pers\u00f6nlichen Wachstum zu unterst\u00fctzen.<\/p>\n\n\n\n<p><\/p>\n","protected":false},"excerpt":{"rendered":"<p>Unser Podcast zum heutigen Internationalen Frauentag. Wie ist die Sicht von jungen Frauen auf diesen Tag? Wie aktuell ist das Thema Feminismus in der jungen Generation? Dies alles im neuen Podcast von Radio Leinewelle. Was versteht man unter Girls support Girls? &#8222;Girls Supports Girls\u201c ist ein Motto oder eine Bewegung, die den Zusammenhalt, die Unterst\u00fctzung [&hellip;]<\/p>\n","protected":false},"author":1,"featured_media":13208,"comment_status":"open","ping_status":"open","sticky":false,"template":"","format":"standard","meta":{"saved_in_kubio":false,"footnotes":""},"categories":[4270,53,2499],"tags":[],"class_list":["post-27619","post","type-post","status-publish","format-standard","has-post-thumbnail","hentry","category-feminismus","category-gesellschaft","category-podcast"],"yoast_head":"<!-- This site is optimized with the Yoast SEO plugin v27.4 - https:\/\/yoast.com\/product\/yoast-seo-wordpress\/ -->\n<title>Unser Podcast zum Internationalen Frauentag 2025 - Radio Leinewelle<\/title>\n<meta name=\"robots\" content=\"index, follow, max-snippet:-1, max-image-preview:large, max-video-preview:-1\" \/>\n<link rel=\"canonical\" href=\"https:\/\/radioleinewelle.de\/index.php\/2025\/03\/08\/unser-podcast-zum-internationalen-frauentag-2025\/\" \/>\n<meta property=\"og:locale\" content=\"de_DE\" \/>\n<meta property=\"og:type\" content=\"article\" \/>\n<meta property=\"og:title\" content=\"Unser Podcast zum Internationalen Frauentag 2025 - Radio Leinewelle\" \/>\n<meta property=\"og:description\" content=\"Unser Podcast zum heutigen Internationalen Frauentag. Wie ist die Sicht von jungen Frauen auf diesen Tag? Wie aktuell ist das Thema Feminismus in der jungen Generation? Dies alles im neuen Podcast von Radio Leinewelle. Was versteht man unter Girls support Girls? &#8222;Girls Supports Girls\u201c ist ein Motto oder eine Bewegung, die den Zusammenhalt, die Unterst\u00fctzung [&hellip;]\" \/>\n<meta property=\"og:url\" content=\"https:\/\/radioleinewelle.de\/index.php\/2025\/03\/08\/unser-podcast-zum-internationalen-frauentag-2025\/\" \/>\n<meta property=\"og:site_name\" content=\"Radio Leinewelle\" \/>\n<meta property=\"article:publisher\" content=\"https:\/\/www.facebook.com\/radioleinewelle\" \/>\n<meta property=\"article:author\" content=\"https:\/\/www.facebook.com\/radioleinewelle\" \/>\n<meta property=\"article:published_time\" content=\"2025-03-08T08:51:43+00:00\" \/>\n<meta property=\"article:modified_time\" content=\"2025-03-08T08:51:45+00:00\" \/>\n<meta property=\"og:image\" content=\"https:\/\/radioleinewelle.de\/wp-content\/uploads\/2022\/03\/Frauentag-2022-e1646717105370.jpeg\" \/>\n\t<meta property=\"og:image:width\" content=\"579\" \/>\n\t<meta property=\"og:image:height\" content=\"381\" \/>\n\t<meta property=\"og:image:type\" content=\"image\/jpeg\" \/>\n<meta name=\"author\" content=\"Leinewelle\" \/>\n<meta name=\"twitter:card\" content=\"summary_large_image\" \/>\n<meta name=\"twitter:creator\" content=\"@https:\/\/twitter.com\/RLeinewelle?ref_src=twsrcgoogletwcampserptwgrauthor\" \/>\n<meta name=\"twitter:site\" content=\"@RLeinewelle\" \/>\n<meta name=\"twitter:label1\" content=\"Verfasst von\" \/>\n\t<meta name=\"twitter:data1\" content=\"Leinewelle\" \/>\n\t<meta name=\"twitter:label2\" content=\"Gesch\u00e4tzte Lesezeit\" \/>\n\t<meta name=\"twitter:data2\" content=\"2\u00a0Minuten\" \/>\n<script type=\"application\/ld+json\" class=\"yoast-schema-graph\">{\"@context\":\"https:\\\/\\\/schema.org\",\"@graph\":[{\"@type\":\"Article\",\"@id\":\"https:\\\/\\\/radioleinewelle.de\\\/index.php\\\/2025\\\/03\\\/08\\\/unser-podcast-zum-internationalen-frauentag-2025\\\/#article\",\"isPartOf\":{\"@id\":\"https:\\\/\\\/radioleinewelle.de\\\/index.php\\\/2025\\\/03\\\/08\\\/unser-podcast-zum-internationalen-frauentag-2025\\\/\"},\"author\":{\"name\":\"Leinewelle\",\"@id\":\"https:\\\/\\\/radioleinewelle.de\\\/#\\\/schema\\\/person\\\/45606f348637df637192dc1b68399a63\"},\"headline\":\"Unser Podcast zum Internationalen Frauentag 2025\",\"datePublished\":\"2025-03-08T08:51:43+00:00\",\"dateModified\":\"2025-03-08T08:51:45+00:00\",\"mainEntityOfPage\":{\"@id\":\"https:\\\/\\\/radioleinewelle.de\\\/index.php\\\/2025\\\/03\\\/08\\\/unser-podcast-zum-internationalen-frauentag-2025\\\/\"},\"wordCount\":350,\"commentCount\":0,\"publisher\":{\"@id\":\"https:\\\/\\\/radioleinewelle.de\\\/#organization\"},\"image\":{\"@id\":\"https:\\\/\\\/radioleinewelle.de\\\/index.php\\\/2025\\\/03\\\/08\\\/unser-podcast-zum-internationalen-frauentag-2025\\\/#primaryimage\"},\"thumbnailUrl\":\"https:\\\/\\\/radioleinewelle.de\\\/wp-content\\\/uploads\\\/2022\\\/03\\\/Frauentag-2022-e1646717105370.jpeg\",\"articleSection\":[\"Feminismus\",\"Gesellschaft\",\"Podcast\"],\"inLanguage\":\"de\",\"potentialAction\":[{\"@type\":\"CommentAction\",\"name\":\"Comment\",\"target\":[\"https:\\\/\\\/radioleinewelle.de\\\/index.php\\\/2025\\\/03\\\/08\\\/unser-podcast-zum-internationalen-frauentag-2025\\\/#respond\"]}]},{\"@type\":\"WebPage\",\"@id\":\"https:\\\/\\\/radioleinewelle.de\\\/index.php\\\/2025\\\/03\\\/08\\\/unser-podcast-zum-internationalen-frauentag-2025\\\/\",\"url\":\"https:\\\/\\\/radioleinewelle.de\\\/index.php\\\/2025\\\/03\\\/08\\\/unser-podcast-zum-internationalen-frauentag-2025\\\/\",\"name\":\"Unser Podcast zum Internationalen Frauentag 2025 - Radio Leinewelle\",\"isPartOf\":{\"@id\":\"https:\\\/\\\/radioleinewelle.de\\\/#website\"},\"primaryImageOfPage\":{\"@id\":\"https:\\\/\\\/radioleinewelle.de\\\/index.php\\\/2025\\\/03\\\/08\\\/unser-podcast-zum-internationalen-frauentag-2025\\\/#primaryimage\"},\"image\":{\"@id\":\"https:\\\/\\\/radioleinewelle.de\\\/index.php\\\/2025\\\/03\\\/08\\\/unser-podcast-zum-internationalen-frauentag-2025\\\/#primaryimage\"},\"thumbnailUrl\":\"https:\\\/\\\/radioleinewelle.de\\\/wp-content\\\/uploads\\\/2022\\\/03\\\/Frauentag-2022-e1646717105370.jpeg\",\"datePublished\":\"2025-03-08T08:51:43+00:00\",\"dateModified\":\"2025-03-08T08:51:45+00:00\",\"breadcrumb\":{\"@id\":\"https:\\\/\\\/radioleinewelle.de\\\/index.php\\\/2025\\\/03\\\/08\\\/unser-podcast-zum-internationalen-frauentag-2025\\\/#breadcrumb\"},\"inLanguage\":\"de\",\"potentialAction\":[{\"@type\":\"ReadAction\",\"target\":[\"https:\\\/\\\/radioleinewelle.de\\\/index.php\\\/2025\\\/03\\\/08\\\/unser-podcast-zum-internationalen-frauentag-2025\\\/\"]}]},{\"@type\":\"ImageObject\",\"inLanguage\":\"de\",\"@id\":\"https:\\\/\\\/radioleinewelle.de\\\/index.php\\\/2025\\\/03\\\/08\\\/unser-podcast-zum-internationalen-frauentag-2025\\\/#primaryimage\",\"url\":\"https:\\\/\\\/radioleinewelle.de\\\/wp-content\\\/uploads\\\/2022\\\/03\\\/Frauentag-2022-e1646717105370.jpeg\",\"contentUrl\":\"https:\\\/\\\/radioleinewelle.de\\\/wp-content\\\/uploads\\\/2022\\\/03\\\/Frauentag-2022-e1646717105370.jpeg\",\"width\":579,\"height\":381},{\"@type\":\"BreadcrumbList\",\"@id\":\"https:\\\/\\\/radioleinewelle.de\\\/index.php\\\/2025\\\/03\\\/08\\\/unser-podcast-zum-internationalen-frauentag-2025\\\/#breadcrumb\",\"itemListElement\":[{\"@type\":\"ListItem\",\"position\":1,\"name\":\"Startseite\",\"item\":\"https:\\\/\\\/radioleinewelle.de\\\/\"},{\"@type\":\"ListItem\",\"position\":2,\"name\":\"Unser Podcast zum Internationalen Frauentag 2025\"}]},{\"@type\":\"WebSite\",\"@id\":\"https:\\\/\\\/radioleinewelle.de\\\/#website\",\"url\":\"https:\\\/\\\/radioleinewelle.de\\\/\",\"name\":\"Radio Leinewelle\",\"description\":\"\",\"publisher\":{\"@id\":\"https:\\\/\\\/radioleinewelle.de\\\/#organization\"},\"potentialAction\":[{\"@type\":\"SearchAction\",\"target\":{\"@type\":\"EntryPoint\",\"urlTemplate\":\"https:\\\/\\\/radioleinewelle.de\\\/?s={search_term_string}\"},\"query-input\":{\"@type\":\"PropertyValueSpecification\",\"valueRequired\":true,\"valueName\":\"search_term_string\"}}],\"inLanguage\":\"de\"},{\"@type\":\"Organization\",\"@id\":\"https:\\\/\\\/radioleinewelle.de\\\/#organization\",\"name\":\"Radio Leinewelle\",\"alternateName\":\"Mein Radio f\u00fcr S\u00fcdniedersachsen\",\"url\":\"https:\\\/\\\/radioleinewelle.de\\\/\",\"logo\":{\"@type\":\"ImageObject\",\"inLanguage\":\"de\",\"@id\":\"https:\\\/\\\/radioleinewelle.de\\\/#\\\/schema\\\/logo\\\/image\\\/\",\"url\":\"https:\\\/\\\/radioleinewelle.de\\\/wp-content\\\/uploads\\\/2023\\\/11\\\/cropped-Leinewelle_Logo_weiss.png\",\"contentUrl\":\"https:\\\/\\\/radioleinewelle.de\\\/wp-content\\\/uploads\\\/2023\\\/11\\\/cropped-Leinewelle_Logo_weiss.png\",\"width\":854,\"height\":260,\"caption\":\"Radio Leinewelle\"},\"image\":{\"@id\":\"https:\\\/\\\/radioleinewelle.de\\\/#\\\/schema\\\/logo\\\/image\\\/\"},\"sameAs\":[\"https:\\\/\\\/www.facebook.com\\\/radioleinewelle\",\"https:\\\/\\\/x.com\\\/RLeinewelle\",\"https:\\\/\\\/www.instagram.com\\\/radioleinewelle\\\/?hl=de\"]},{\"@type\":\"Person\",\"@id\":\"https:\\\/\\\/radioleinewelle.de\\\/#\\\/schema\\\/person\\\/45606f348637df637192dc1b68399a63\",\"name\":\"Leinewelle\",\"image\":{\"@type\":\"ImageObject\",\"inLanguage\":\"de\",\"@id\":\"https:\\\/\\\/secure.gravatar.com\\\/avatar\\\/05c9a17bc973052ee5d91549bd32fb4dd0dc85b7b85ae94b2e2b4943476bbea5?s=96&d=blank&r=g\",\"url\":\"https:\\\/\\\/secure.gravatar.com\\\/avatar\\\/05c9a17bc973052ee5d91549bd32fb4dd0dc85b7b85ae94b2e2b4943476bbea5?s=96&d=blank&r=g\",\"contentUrl\":\"https:\\\/\\\/secure.gravatar.com\\\/avatar\\\/05c9a17bc973052ee5d91549bd32fb4dd0dc85b7b85ae94b2e2b4943476bbea5?s=96&d=blank&r=g\",\"caption\":\"Leinewelle\"},\"sameAs\":[\"http:\\\/\\\/localhost\\\/radio%20leinewelle\\\/wordpress\",\"https:\\\/\\\/www.facebook.com\\\/radioleinewelle\",\"https:\\\/\\\/www.instagram.com\\\/radioleinewelle\",\"https:\\\/\\\/x.com\\\/https:\\\/\\\/twitter.com\\\/RLeinewelle?ref_src=twsrcgoogletwcampserptwgrauthor\",\"https:\\\/\\\/soundcloud.com\\\/foerderverein-lokalradio?utm_source=clipboard&utm_medium=text&utm_campaign=social_sharing\"],\"url\":\"https:\\\/\\\/radioleinewelle.de\\\/index.php\\\/author\\\/leinewelle\\\/\"}]}<\/script>\n<!-- \/ Yoast SEO plugin. -->","yoast_head_json":{"title":"Unser Podcast zum Internationalen Frauentag 2025 - Radio Leinewelle","robots":{"index":"index","follow":"follow","max-snippet":"max-snippet:-1","max-image-preview":"max-image-preview:large","max-video-preview":"max-video-preview:-1"},"canonical":"https:\/\/radioleinewelle.de\/index.php\/2025\/03\/08\/unser-podcast-zum-internationalen-frauentag-2025\/","og_locale":"de_DE","og_type":"article","og_title":"Unser Podcast zum Internationalen Frauentag 2025 - Radio Leinewelle","og_description":"Unser Podcast zum heutigen Internationalen Frauentag. Wie ist die Sicht von jungen Frauen auf diesen Tag? Wie aktuell ist das Thema Feminismus in der jungen Generation? Dies alles im neuen Podcast von Radio Leinewelle. Was versteht man unter Girls support Girls? &#8222;Girls Supports Girls\u201c ist ein Motto oder eine Bewegung, die den Zusammenhalt, die Unterst\u00fctzung [&hellip;]","og_url":"https:\/\/radioleinewelle.de\/index.php\/2025\/03\/08\/unser-podcast-zum-internationalen-frauentag-2025\/","og_site_name":"Radio Leinewelle","article_publisher":"https:\/\/www.facebook.com\/radioleinewelle","article_author":"https:\/\/www.facebook.com\/radioleinewelle","article_published_time":"2025-03-08T08:51:43+00:00","article_modified_time":"2025-03-08T08:51:45+00:00","og_image":[{"width":579,"height":381,"url":"https:\/\/radioleinewelle.de\/wp-content\/uploads\/2022\/03\/Frauentag-2022-e1646717105370.jpeg","type":"image\/jpeg"}],"author":"Leinewelle","twitter_card":"summary_large_image","twitter_creator":"@https:\/\/twitter.com\/RLeinewelle?ref_src=twsrcgoogletwcampserptwgrauthor","twitter_site":"@RLeinewelle","twitter_misc":{"Verfasst von":"Leinewelle","Gesch\u00e4tzte Lesezeit":"2\u00a0Minuten"},"schema":{"@context":"https:\/\/schema.org","@graph":[{"@type":"Article","@id":"https:\/\/radioleinewelle.de\/index.php\/2025\/03\/08\/unser-podcast-zum-internationalen-frauentag-2025\/#article","isPartOf":{"@id":"https:\/\/radioleinewelle.de\/index.php\/2025\/03\/08\/unser-podcast-zum-internationalen-frauentag-2025\/"},"author":{"name":"Leinewelle","@id":"https:\/\/radioleinewelle.de\/#\/schema\/person\/45606f348637df637192dc1b68399a63"},"headline":"Unser Podcast zum Internationalen Frauentag 2025","datePublished":"2025-03-08T08:51:43+00:00","dateModified":"2025-03-08T08:51:45+00:00","mainEntityOfPage":{"@id":"https:\/\/radioleinewelle.de\/index.php\/2025\/03\/08\/unser-podcast-zum-internationalen-frauentag-2025\/"},"wordCount":350,"commentCount":0,"publisher":{"@id":"https:\/\/radioleinewelle.de\/#organization"},"image":{"@id":"https:\/\/radioleinewelle.de\/index.php\/2025\/03\/08\/unser-podcast-zum-internationalen-frauentag-2025\/#primaryimage"},"thumbnailUrl":"https:\/\/radioleinewelle.de\/wp-content\/uploads\/2022\/03\/Frauentag-2022-e1646717105370.jpeg","articleSection":["Feminismus","Gesellschaft","Podcast"],"inLanguage":"de","potentialAction":[{"@type":"CommentAction","name":"Comment","target":["https:\/\/radioleinewelle.de\/index.php\/2025\/03\/08\/unser-podcast-zum-internationalen-frauentag-2025\/#respond"]}]},{"@type":"WebPage","@id":"https:\/\/radioleinewelle.de\/index.php\/2025\/03\/08\/unser-podcast-zum-internationalen-frauentag-2025\/","url":"https:\/\/radioleinewelle.de\/index.php\/2025\/03\/08\/unser-podcast-zum-internationalen-frauentag-2025\/","name":"Unser Podcast zum Internationalen Frauentag 2025 - Radio Leinewelle","isPartOf":{"@id":"https:\/\/radioleinewelle.de\/#website"},"primaryImageOfPage":{"@id":"https:\/\/radioleinewelle.de\/index.php\/2025\/03\/08\/unser-podcast-zum-internationalen-frauentag-2025\/#primaryimage"},"image":{"@id":"https:\/\/radioleinewelle.de\/index.php\/2025\/03\/08\/unser-podcast-zum-internationalen-frauentag-2025\/#primaryimage"},"thumbnailUrl":"https:\/\/radioleinewelle.de\/wp-content\/uploads\/2022\/03\/Frauentag-2022-e1646717105370.jpeg","datePublished":"2025-03-08T08:51:43+00:00","dateModified":"2025-03-08T08:51:45+00:00","breadcrumb":{"@id":"https:\/\/radioleinewelle.de\/index.php\/2025\/03\/08\/unser-podcast-zum-internationalen-frauentag-2025\/#breadcrumb"},"inLanguage":"de","potentialAction":[{"@type":"ReadAction","target":["https:\/\/radioleinewelle.de\/index.php\/2025\/03\/08\/unser-podcast-zum-internationalen-frauentag-2025\/"]}]},{"@type":"ImageObject","inLanguage":"de","@id":"https:\/\/radioleinewelle.de\/index.php\/2025\/03\/08\/unser-podcast-zum-internationalen-frauentag-2025\/#primaryimage","url":"https:\/\/radioleinewelle.de\/wp-content\/uploads\/2022\/03\/Frauentag-2022-e1646717105370.jpeg","contentUrl":"https:\/\/radioleinewelle.de\/wp-content\/uploads\/2022\/03\/Frauentag-2022-e1646717105370.jpeg","width":579,"height":381},{"@type":"BreadcrumbList","@id":"https:\/\/radioleinewelle.de\/index.php\/2025\/03\/08\/unser-podcast-zum-internationalen-frauentag-2025\/#breadcrumb","itemListElement":[{"@type":"ListItem","position":1,"name":"Startseite","item":"https:\/\/radioleinewelle.de\/"},{"@type":"ListItem","position":2,"name":"Unser Podcast zum Internationalen Frauentag 2025"}]},{"@type":"WebSite","@id":"https:\/\/radioleinewelle.de\/#website","url":"https:\/\/radioleinewelle.de\/","name":"Radio Leinewelle","description":"","publisher":{"@id":"https:\/\/radioleinewelle.de\/#organization"},"potentialAction":[{"@type":"SearchAction","target":{"@type":"EntryPoint","urlTemplate":"https:\/\/radioleinewelle.de\/?s={search_term_string}"},"query-input":{"@type":"PropertyValueSpecification","valueRequired":true,"valueName":"search_term_string"}}],"inLanguage":"de"},{"@type":"Organization","@id":"https:\/\/radioleinewelle.de\/#organization","name":"Radio Leinewelle","alternateName":"Mein Radio f\u00fcr S\u00fcdniedersachsen","url":"https:\/\/radioleinewelle.de\/","logo":{"@type":"ImageObject","inLanguage":"de","@id":"https:\/\/radioleinewelle.de\/#\/schema\/logo\/image\/","url":"https:\/\/radioleinewelle.de\/wp-content\/uploads\/2023\/11\/cropped-Leinewelle_Logo_weiss.png","contentUrl":"https:\/\/radioleinewelle.de\/wp-content\/uploads\/2023\/11\/cropped-Leinewelle_Logo_weiss.png","width":854,"height":260,"caption":"Radio Leinewelle"},"image":{"@id":"https:\/\/radioleinewelle.de\/#\/schema\/logo\/image\/"},"sameAs":["https:\/\/www.facebook.com\/radioleinewelle","https:\/\/x.com\/RLeinewelle","https:\/\/www.instagram.com\/radioleinewelle\/?hl=de"]},{"@type":"Person","@id":"https:\/\/radioleinewelle.de\/#\/schema\/person\/45606f348637df637192dc1b68399a63","name":"Leinewelle","image":{"@type":"ImageObject","inLanguage":"de","@id":"https:\/\/secure.gravatar.com\/avatar\/05c9a17bc973052ee5d91549bd32fb4dd0dc85b7b85ae94b2e2b4943476bbea5?s=96&d=blank&r=g","url":"https:\/\/secure.gravatar.com\/avatar\/05c9a17bc973052ee5d91549bd32fb4dd0dc85b7b85ae94b2e2b4943476bbea5?s=96&d=blank&r=g","contentUrl":"https:\/\/secure.gravatar.com\/avatar\/05c9a17bc973052ee5d91549bd32fb4dd0dc85b7b85ae94b2e2b4943476bbea5?s=96&d=blank&r=g","caption":"Leinewelle"},"sameAs":["http:\/\/localhost\/radio%20leinewelle\/wordpress","https:\/\/www.facebook.com\/radioleinewelle","https:\/\/www.instagram.com\/radioleinewelle","https:\/\/x.com\/https:\/\/twitter.com\/RLeinewelle?ref_src=twsrcgoogletwcampserptwgrauthor","https:\/\/soundcloud.com\/foerderverein-lokalradio?utm_source=clipboard&utm_medium=text&utm_campaign=social_sharing"],"url":"https:\/\/radioleinewelle.de\/index.php\/author\/leinewelle\/"}]}},"_links":{"self":[{"href":"https:\/\/radioleinewelle.de\/index.php\/wp-json\/wp\/v2\/posts\/27619","targetHints":{"allow":["GET"]}}],"collection":[{"href":"https:\/\/radioleinewelle.de\/index.php\/wp-json\/wp\/v2\/posts"}],"about":[{"href":"https:\/\/radioleinewelle.de\/index.php\/wp-json\/wp\/v2\/types\/post"}],"author":[{"embeddable":true,"href":"https:\/\/radioleinewelle.de\/index.php\/wp-json\/wp\/v2\/users\/1"}],"replies":[{"embeddable":true,"href":"https:\/\/radioleinewelle.de\/index.php\/wp-json\/wp\/v2\/comments?post=27619"}],"version-history":[{"count":4,"href":"https:\/\/radioleinewelle.de\/index.php\/wp-json\/wp\/v2\/posts\/27619\/revisions"}],"predecessor-version":[{"id":27623,"href":"https:\/\/radioleinewelle.de\/index.php\/wp-json\/wp\/v2\/posts\/27619\/revisions\/27623"}],"wp:featuredmedia":[{"embeddable":true,"href":"https:\/\/radioleinewelle.de\/index.php\/wp-json\/wp\/v2\/media\/13208"}],"wp:attachment":[{"href":"https:\/\/radioleinewelle.de\/index.php\/wp-json\/wp\/v2\/media?parent=27619"}],"wp:term":[{"taxonomy":"category","embeddable":true,"href":"https:\/\/radioleinewelle.de\/index.php\/wp-json\/wp\/v2\/categories?post=27619"},{"taxonomy":"post_tag","embeddable":true,"href":"https:\/\/radioleinewelle.de\/index.php\/wp-json\/wp\/v2\/tags?post=27619"}],"curies":[{"name":"wp","href":"https:\/\/api.w.org\/{rel}","templated":true}]}}